{"id":23106,"date":"2022-01-25T12:06:59","date_gmt":"2022-01-25T15:06:59","guid":{"rendered":"https:\/\/federasbackup.meltcomunicacao.com.br\/?p=23106"},"modified":"2022-01-25T12:06:59","modified_gmt":"2022-01-25T15:06:59","slug":"otorrinolaringologistas-realizam-procedimento-de-implante-coclear-na-santa-casa-montes-claros","status":"publish","type":"post","link":"https:\/\/www.federassantas.org.br\/novosite\/otorrinolaringologistas-realizam-procedimento-de-implante-coclear-na-santa-casa-montes-claros\/","title":{"rendered":"Otorrinolaringologistas realizam procedimento de implante coclear na Santa Casa Montes Claros"},"content":{"rendered":"\n<p>Voc\u00ea sabia que \u00e9 poss\u00edvel transformar a vida de pessoas que nascem com algum tipo de perda auditiva? Parece at\u00e9 milagre, n\u00e3o \u00e9 mesmo? Os m\u00e9dicos otorrinolaringologistas, Dr. Marcos Loyola Bor\u00e9m e a Dra. Manuela Athayde, realizaram cirurgia de Implante Coclear na Santa Casa Montes Claros. O procedimento busca levar esperan\u00e7a para as pessoas que tem algum problema auditivo.<\/p>\n\n\n\n<p><br>De acordo com o Dr. Marcos Loyola, o implante \u00e9 uma cirurgia que recobra a audi\u00e7\u00e3o do paciente. &#8220;O paciente muito novinho \u00e9 o ideal pra gente colocar o implante coclear, ou seja, antes dos dois anos, porque essa via vai ser estimulada&nbsp; pelo aparelho&#8221;. A Dra. Manuela complementa explicando que &#8220;\u00e9 uma tecnologia que foi desenvolvida para dar oportunidade para aquelas pessoas que n\u00e3o podem escutar e que tem surdez severa ou profunda e n\u00e3o se adaptam com outro tipo de aparelho de tecnologia para escutar para que elas possam voltar a ouvir&#8221;.&nbsp;<\/p>\n\n\n\n<p>Segundo os especialistas, o dispositivo \u00e9 colocado atrav\u00e9s da cirurgia dentro da c\u00f3clea, que \u00e9 o \u00f3rg\u00e3o da audi\u00e7\u00e3o, que ir\u00e1 estimular diretamente o nervo auditivo e promover a resposta auditiva que o paciente n\u00e3o tinha. &#8220;Tem indica\u00e7\u00e3o de qualquer idade e \u00e9 muito importante primeiro a avalia\u00e7\u00e3o do otorrino com a equipe de fonoaudiologia para poder fazer testes auditivos e avaliar realmente o grau, o tipo de perda auditiva, se o paciente \u00e9 mesmo ou n\u00e3o um candidato para realizar o procedimento&#8221;, ressalta Manuela.<\/p>\n\n\n\n<p>Ainda sobre como o procedimento \u00e9 realizado, o Dr. Marcos explica que a cirurgia pode ser unilateral ou bilateral.&nbsp; &#8220;A t\u00e9cnica \u00e9 basicamente a mesma. A \u00fanica diferen\u00e7a \u00e9 o modo de fazer a cirurgia. A cirurgia que conduzi foi feita um lado primeiro para, posteriormente, programar o segundo lado. A gente chama isso de implante coclear sequencial&#8221;. &nbsp;A Dra. Manuela ressalta que a chance de cura \u00e9 muito alta e que cada caso precisa ter seus fatores avaliados. &#8220;\u00c9 um trabalho que n\u00e3o \u00e9 s\u00f3 fazer a cirurgia. Existe um trabalho depois com a fonoaudi\u00f3loga e de terapia para que o paciente possa desenvolver essa habilidade auditiva e de fala. Todo esse processo tamb\u00e9m \u00e9 muito importante no p\u00f3s-operat\u00f3rio e influencia no resultado tamb\u00e9m. Al\u00e9m disso, o diagn\u00f3stico precoce \u00e9 muito importante e impacta diretamente nos efeitos da cirurgia.&#8221;<\/p>\n\n\n\n<p><\/p>\n\n\n\n<p>Por Ana Paula Paix\u00e3o<\/p>\n","protected":false},"excerpt":{"rendered":"<p>Voc\u00ea sabia que \u00e9 poss\u00edvel transformar a vida de pessoas que nascem com algum tipo de perda auditiva? Parece at\u00e9 milagre, n\u00e3o \u00e9 mesmo? Os m\u00e9dicos otorrinolaringologistas, Dr. Marcos Loyola Bor\u00e9m e a Dra. Manuela Athayde, realizaram cirurgia de Implante Coclear na Santa Casa Montes Claros. O procedimento busca levar esperan\u00e7a para as pessoas que [&hellip;]<\/p>\n","protected":false},"author":1,"featured_media":23107,"comment_status":"open","ping_status":"open","sticky":false,"template":"","format":"standard","meta":{"footnotes":""},"categories":[140,139],"tags":[],"class_list":["post-23106","post","type-post","status-publish","format-standard","has-post-thumbnail","hentry","category-noticias","category-noticias-filiados"],"yoast_head":"<!-- This site is optimized with the Yoast SEO plugin v26.9 - https:\/\/yoast.com\/product\/yoast-seo-wordpress\/ -->\n<title>Otorrinolaringologistas realizam procedimento de implante coclear na Santa Casa Montes Claros - Federassantas<\/title>\n<meta name=\"robots\" content=\"index, follow, max-snippet:-1, max-image-preview:large, max-video-preview:-1\" \/>\n<link rel=\"canonical\" href=\"https:\/\/www.federassantas.org.br\/novosite\/otorrinolaringologistas-realizam-procedimento-de-implante-coclear-na-santa-casa-montes-claros\/\" \/>\n<meta property=\"og:locale\" content=\"pt_BR\" \/>\n<meta property=\"og:type\" content=\"article\" \/>\n<meta property=\"og:title\" content=\"Otorrinolaringologistas realizam procedimento de implante coclear na Santa Casa Montes Claros - Federassantas\" \/>\n<meta property=\"og:description\" content=\"Voc\u00ea sabia que \u00e9 poss\u00edvel transformar a vida de pessoas que nascem com algum tipo de perda auditiva? Parece at\u00e9 milagre, n\u00e3o \u00e9 mesmo? Os m\u00e9dicos otorrinolaringologistas, Dr. Marcos Loyola Bor\u00e9m e a Dra. Manuela Athayde, realizaram cirurgia de Implante Coclear na Santa Casa Montes Claros. O procedimento busca levar esperan\u00e7a para as pessoas que [&hellip;]\" \/>\n<meta property=\"og:url\" content=\"https:\/\/www.federassantas.org.br\/novosite\/otorrinolaringologistas-realizam-procedimento-de-implante-coclear-na-santa-casa-montes-claros\/\" \/>\n<meta property=\"og:site_name\" content=\"Federassantas\" \/>\n<meta property=\"article:published_time\" content=\"2022-01-25T15:06:59+00:00\" \/>\n<meta property=\"og:image\" content=\"https:\/\/www.federassantas.org.br\/novosite\/wp-content\/uploads\/2022\/01\/WhatsApp-Image-2022-01-25-at-11.59.32.jpeg\" \/>\n\t<meta property=\"og:image:width\" content=\"1280\" \/>\n\t<meta property=\"og:image:height\" content=\"720\" \/>\n\t<meta property=\"og:image:type\" content=\"image\/jpeg\" \/>\n<meta name=\"author\" content=\"admin-federas\" \/>\n<meta name=\"twitter:card\" content=\"summary_large_image\" \/>\n<meta name=\"twitter:label1\" content=\"Escrito por\" \/>\n\t<meta name=\"twitter:data1\" content=\"admin-federas\" \/>\n\t<meta name=\"twitter:label2\" content=\"Est. tempo de leitura\" \/>\n\t<meta name=\"twitter:data2\" content=\"2 minutos\" \/>\n<script type=\"application\/ld+json\" class=\"yoast-schema-graph\">{\"@context\":\"https:\/\/schema.org\",\"@graph\":[{\"@type\":\"Article\",\"@id\":\"https:\/\/www.federassantas.org.br\/novosite\/otorrinolaringologistas-realizam-procedimento-de-implante-coclear-na-santa-casa-montes-claros\/#article\",\"isPartOf\":{\"@id\":\"https:\/\/www.federassantas.org.br\/novosite\/otorrinolaringologistas-realizam-procedimento-de-implante-coclear-na-santa-casa-montes-claros\/\"},\"author\":{\"name\":\"admin-federas\",\"@id\":\"https:\/\/www.federassantas.org.br\/novosite\/#\/schema\/person\/75fed98158349313fe56175f232f513c\"},\"headline\":\"Otorrinolaringologistas realizam procedimento de implante coclear na Santa Casa Montes Claros\",\"datePublished\":\"2022-01-25T15:06:59+00:00\",\"mainEntityOfPage\":{\"@id\":\"https:\/\/www.federassantas.org.br\/novosite\/otorrinolaringologistas-realizam-procedimento-de-implante-coclear-na-santa-casa-montes-claros\/\"},\"wordCount\":407,\"commentCount\":0,\"publisher\":{\"@id\":\"https:\/\/www.federassantas.org.br\/novosite\/#organization\"},\"image\":{\"@id\":\"https:\/\/www.federassantas.org.br\/novosite\/otorrinolaringologistas-realizam-procedimento-de-implante-coclear-na-santa-casa-montes-claros\/#primaryimage\"},\"thumbnailUrl\":\"https:\/\/www.federassantas.org.br\/novosite\/wp-content\/uploads\/2022\/01\/WhatsApp-Image-2022-01-25-at-11.59.32.jpeg\",\"articleSection\":[\"Not\u00edcias\",\"Not\u00edcias filiados\"],\"inLanguage\":\"pt-BR\",\"potentialAction\":[{\"@type\":\"CommentAction\",\"name\":\"Comment\",\"target\":[\"https:\/\/www.federassantas.org.br\/novosite\/otorrinolaringologistas-realizam-procedimento-de-implante-coclear-na-santa-casa-montes-claros\/#respond\"]}]},{\"@type\":\"WebPage\",\"@id\":\"https:\/\/www.federassantas.org.br\/novosite\/otorrinolaringologistas-realizam-procedimento-de-implante-coclear-na-santa-casa-montes-claros\/\",\"url\":\"https:\/\/www.federassantas.org.br\/novosite\/otorrinolaringologistas-realizam-procedimento-de-implante-coclear-na-santa-casa-montes-claros\/\",\"name\":\"Otorrinolaringologistas realizam procedimento de implante coclear na Santa Casa Montes Claros - Federassantas\",\"isPartOf\":{\"@id\":\"https:\/\/www.federassantas.org.br\/novosite\/#website\"},\"primaryImageOfPage\":{\"@id\":\"https:\/\/www.federassantas.org.br\/novosite\/otorrinolaringologistas-realizam-procedimento-de-implante-coclear-na-santa-casa-montes-claros\/#primaryimage\"},\"image\":{\"@id\":\"https:\/\/www.federassantas.org.br\/novosite\/otorrinolaringologistas-realizam-procedimento-de-implante-coclear-na-santa-casa-montes-claros\/#primaryimage\"},\"thumbnailUrl\":\"https:\/\/www.federassantas.org.br\/novosite\/wp-content\/uploads\/2022\/01\/WhatsApp-Image-2022-01-25-at-11.59.32.jpeg\",\"datePublished\":\"2022-01-25T15:06:59+00:00\",\"breadcrumb\":{\"@id\":\"https:\/\/www.federassantas.org.br\/novosite\/otorrinolaringologistas-realizam-procedimento-de-implante-coclear-na-santa-casa-montes-claros\/#breadcrumb\"},\"inLanguage\":\"pt-BR\",\"potentialAction\":[{\"@type\":\"ReadAction\",\"target\":[\"https:\/\/www.federassantas.org.br\/novosite\/otorrinolaringologistas-realizam-procedimento-de-implante-coclear-na-santa-casa-montes-claros\/\"]}]},{\"@type\":\"ImageObject\",\"inLanguage\":\"pt-BR\",\"@id\":\"https:\/\/www.federassantas.org.br\/novosite\/otorrinolaringologistas-realizam-procedimento-de-implante-coclear-na-santa-casa-montes-claros\/#primaryimage\",\"url\":\"https:\/\/www.federassantas.org.br\/novosite\/wp-content\/uploads\/2022\/01\/WhatsApp-Image-2022-01-25-at-11.59.32.jpeg\",\"contentUrl\":\"https:\/\/www.federassantas.org.br\/novosite\/wp-content\/uploads\/2022\/01\/WhatsApp-Image-2022-01-25-at-11.59.32.jpeg\",\"width\":1280,\"height\":720},{\"@type\":\"BreadcrumbList\",\"@id\":\"https:\/\/www.federassantas.org.br\/novosite\/otorrinolaringologistas-realizam-procedimento-de-implante-coclear-na-santa-casa-montes-claros\/#breadcrumb\",\"itemListElement\":[{\"@type\":\"ListItem\",\"position\":1,\"name\":\"In\u00edcio\",\"item\":\"https:\/\/www.federassantas.org.br\/novosite\/\"},{\"@type\":\"ListItem\",\"position\":2,\"name\":\"Otorrinolaringologistas realizam procedimento de implante coclear na Santa Casa Montes Claros\"}]},{\"@type\":\"WebSite\",\"@id\":\"https:\/\/www.federassantas.org.br\/novosite\/#website\",\"url\":\"https:\/\/www.federassantas.org.br\/novosite\/\",\"name\":\"Federassantas\",\"description\":\"Fed. das Santas Casas e Hospitais Filantr\u00f3picos de MG\",\"publisher\":{\"@id\":\"https:\/\/www.federassantas.org.br\/novosite\/#organization\"},\"potentialAction\":[{\"@type\":\"SearchAction\",\"target\":{\"@type\":\"EntryPoint\",\"urlTemplate\":\"https:\/\/www.federassantas.org.br\/novosite\/?s={search_term_string}\"},\"query-input\":{\"@type\":\"PropertyValueSpecification\",\"valueRequired\":true,\"valueName\":\"search_term_string\"}}],\"inLanguage\":\"pt-BR\"},{\"@type\":\"Organization\",\"@id\":\"https:\/\/www.federassantas.org.br\/novosite\/#organization\",\"name\":\"Federassantas\",\"url\":\"https:\/\/www.federassantas.org.br\/novosite\/\",\"logo\":{\"@type\":\"ImageObject\",\"inLanguage\":\"pt-BR\",\"@id\":\"https:\/\/www.federassantas.org.br\/novosite\/#\/schema\/logo\/image\/\",\"url\":\"https:\/\/www.federassantas.org.br\/novosite\/wp-content\/uploads\/2021\/12\/logo.png\",\"contentUrl\":\"https:\/\/www.federassantas.org.br\/novosite\/wp-content\/uploads\/2021\/12\/logo.png\",\"width\":243,\"height\":59,\"caption\":\"Federassantas\"},\"image\":{\"@id\":\"https:\/\/www.federassantas.org.br\/novosite\/#\/schema\/logo\/image\/\"}},{\"@type\":\"Person\",\"@id\":\"https:\/\/www.federassantas.org.br\/novosite\/#\/schema\/person\/75fed98158349313fe56175f232f513c\",\"name\":\"admin-federas\",\"image\":{\"@type\":\"ImageObject\",\"inLanguage\":\"pt-BR\",\"@id\":\"https:\/\/www.federassantas.org.br\/novosite\/#\/schema\/person\/image\/\",\"url\":\"https:\/\/secure.gravatar.com\/avatar\/2a02d7dda59fe8dc6b7ffd3f652e2efede5ccf0dd89dfdc8137c5517f3de8407?s=96&d=mm&r=g\",\"contentUrl\":\"https:\/\/secure.gravatar.com\/avatar\/2a02d7dda59fe8dc6b7ffd3f652e2efede5ccf0dd89dfdc8137c5517f3de8407?s=96&d=mm&r=g\",\"caption\":\"admin-federas\"},\"sameAs\":[\"https:\/\/www.federassantas.org.br\/novosite\/\"],\"url\":\"https:\/\/www.federassantas.org.br\/novosite\/author\/admin-federas\/\"}]}<\/script>\n<!-- \/ Yoast SEO plugin. -->","yoast_head_json":{"title":"Otorrinolaringologistas realizam procedimento de implante coclear na Santa Casa Montes Claros - Federassantas","robots":{"index":"index","follow":"follow","max-snippet":"max-snippet:-1","max-image-preview":"max-image-preview:large","max-video-preview":"max-video-preview:-1"},"canonical":"https:\/\/www.federassantas.org.br\/novosite\/otorrinolaringologistas-realizam-procedimento-de-implante-coclear-na-santa-casa-montes-claros\/","og_locale":"pt_BR","og_type":"article","og_title":"Otorrinolaringologistas realizam procedimento de implante coclear na Santa Casa Montes Claros - Federassantas","og_description":"Voc\u00ea sabia que \u00e9 poss\u00edvel transformar a vida de pessoas que nascem com algum tipo de perda auditiva? Parece at\u00e9 milagre, n\u00e3o \u00e9 mesmo? Os m\u00e9dicos otorrinolaringologistas, Dr. Marcos Loyola Bor\u00e9m e a Dra. Manuela Athayde, realizaram cirurgia de Implante Coclear na Santa Casa Montes Claros. O procedimento busca levar esperan\u00e7a para as pessoas que [&hellip;]","og_url":"https:\/\/www.federassantas.org.br\/novosite\/otorrinolaringologistas-realizam-procedimento-de-implante-coclear-na-santa-casa-montes-claros\/","og_site_name":"Federassantas","article_published_time":"2022-01-25T15:06:59+00:00","og_image":[{"width":1280,"height":720,"url":"https:\/\/www.federassantas.org.br\/novosite\/wp-content\/uploads\/2022\/01\/WhatsApp-Image-2022-01-25-at-11.59.32.jpeg","type":"image\/jpeg"}],"author":"admin-federas","twitter_card":"summary_large_image","twitter_misc":{"Escrito por":"admin-federas","Est. tempo de leitura":"2 minutos"},"schema":{"@context":"https:\/\/schema.org","@graph":[{"@type":"Article","@id":"https:\/\/www.federassantas.org.br\/novosite\/otorrinolaringologistas-realizam-procedimento-de-implante-coclear-na-santa-casa-montes-claros\/#article","isPartOf":{"@id":"https:\/\/www.federassantas.org.br\/novosite\/otorrinolaringologistas-realizam-procedimento-de-implante-coclear-na-santa-casa-montes-claros\/"},"author":{"name":"admin-federas","@id":"https:\/\/www.federassantas.org.br\/novosite\/#\/schema\/person\/75fed98158349313fe56175f232f513c"},"headline":"Otorrinolaringologistas realizam procedimento de implante coclear na Santa Casa Montes Claros","datePublished":"2022-01-25T15:06:59+00:00","mainEntityOfPage":{"@id":"https:\/\/www.federassantas.org.br\/novosite\/otorrinolaringologistas-realizam-procedimento-de-implante-coclear-na-santa-casa-montes-claros\/"},"wordCount":407,"commentCount":0,"publisher":{"@id":"https:\/\/www.federassantas.org.br\/novosite\/#organization"},"image":{"@id":"https:\/\/www.federassantas.org.br\/novosite\/otorrinolaringologistas-realizam-procedimento-de-implante-coclear-na-santa-casa-montes-claros\/#primaryimage"},"thumbnailUrl":"https:\/\/www.federassantas.org.br\/novosite\/wp-content\/uploads\/2022\/01\/WhatsApp-Image-2022-01-25-at-11.59.32.jpeg","articleSection":["Not\u00edcias","Not\u00edcias filiados"],"inLanguage":"pt-BR","potentialAction":[{"@type":"CommentAction","name":"Comment","target":["https:\/\/www.federassantas.org.br\/novosite\/otorrinolaringologistas-realizam-procedimento-de-implante-coclear-na-santa-casa-montes-claros\/#respond"]}]},{"@type":"WebPage","@id":"https:\/\/www.federassantas.org.br\/novosite\/otorrinolaringologistas-realizam-procedimento-de-implante-coclear-na-santa-casa-montes-claros\/","url":"https:\/\/www.federassantas.org.br\/novosite\/otorrinolaringologistas-realizam-procedimento-de-implante-coclear-na-santa-casa-montes-claros\/","name":"Otorrinolaringologistas realizam procedimento de implante coclear na Santa Casa Montes Claros - Federassantas","isPartOf":{"@id":"https:\/\/www.federassantas.org.br\/novosite\/#website"},"primaryImageOfPage":{"@id":"https:\/\/www.federassantas.org.br\/novosite\/otorrinolaringologistas-realizam-procedimento-de-implante-coclear-na-santa-casa-montes-claros\/#primaryimage"},"image":{"@id":"https:\/\/www.federassantas.org.br\/novosite\/otorrinolaringologistas-realizam-procedimento-de-implante-coclear-na-santa-casa-montes-claros\/#primaryimage"},"thumbnailUrl":"https:\/\/www.federassantas.org.br\/novosite\/wp-content\/uploads\/2022\/01\/WhatsApp-Image-2022-01-25-at-11.59.32.jpeg","datePublished":"2022-01-25T15:06:59+00:00","breadcrumb":{"@id":"https:\/\/www.federassantas.org.br\/novosite\/otorrinolaringologistas-realizam-procedimento-de-implante-coclear-na-santa-casa-montes-claros\/#breadcrumb"},"inLanguage":"pt-BR","potentialAction":[{"@type":"ReadAction","target":["https:\/\/www.federassantas.org.br\/novosite\/otorrinolaringologistas-realizam-procedimento-de-implante-coclear-na-santa-casa-montes-claros\/"]}]},{"@type":"ImageObject","inLanguage":"pt-BR","@id":"https:\/\/www.federassantas.org.br\/novosite\/otorrinolaringologistas-realizam-procedimento-de-implante-coclear-na-santa-casa-montes-claros\/#primaryimage","url":"https:\/\/www.federassantas.org.br\/novosite\/wp-content\/uploads\/2022\/01\/WhatsApp-Image-2022-01-25-at-11.59.32.jpeg","contentUrl":"https:\/\/www.federassantas.org.br\/novosite\/wp-content\/uploads\/2022\/01\/WhatsApp-Image-2022-01-25-at-11.59.32.jpeg","width":1280,"height":720},{"@type":"BreadcrumbList","@id":"https:\/\/www.federassantas.org.br\/novosite\/otorrinolaringologistas-realizam-procedimento-de-implante-coclear-na-santa-casa-montes-claros\/#breadcrumb","itemListElement":[{"@type":"ListItem","position":1,"name":"In\u00edcio","item":"https:\/\/www.federassantas.org.br\/novosite\/"},{"@type":"ListItem","position":2,"name":"Otorrinolaringologistas realizam procedimento de implante coclear na Santa Casa Montes Claros"}]},{"@type":"WebSite","@id":"https:\/\/www.federassantas.org.br\/novosite\/#website","url":"https:\/\/www.federassantas.org.br\/novosite\/","name":"Federassantas","description":"Fed. das Santas Casas e Hospitais Filantr\u00f3picos de MG","publisher":{"@id":"https:\/\/www.federassantas.org.br\/novosite\/#organization"},"potentialAction":[{"@type":"SearchAction","target":{"@type":"EntryPoint","urlTemplate":"https:\/\/www.federassantas.org.br\/novosite\/?s={search_term_string}"},"query-input":{"@type":"PropertyValueSpecification","valueRequired":true,"valueName":"search_term_string"}}],"inLanguage":"pt-BR"},{"@type":"Organization","@id":"https:\/\/www.federassantas.org.br\/novosite\/#organization","name":"Federassantas","url":"https:\/\/www.federassantas.org.br\/novosite\/","logo":{"@type":"ImageObject","inLanguage":"pt-BR","@id":"https:\/\/www.federassantas.org.br\/novosite\/#\/schema\/logo\/image\/","url":"https:\/\/www.federassantas.org.br\/novosite\/wp-content\/uploads\/2021\/12\/logo.png","contentUrl":"https:\/\/www.federassantas.org.br\/novosite\/wp-content\/uploads\/2021\/12\/logo.png","width":243,"height":59,"caption":"Federassantas"},"image":{"@id":"https:\/\/www.federassantas.org.br\/novosite\/#\/schema\/logo\/image\/"}},{"@type":"Person","@id":"https:\/\/www.federassantas.org.br\/novosite\/#\/schema\/person\/75fed98158349313fe56175f232f513c","name":"admin-federas","image":{"@type":"ImageObject","inLanguage":"pt-BR","@id":"https:\/\/www.federassantas.org.br\/novosite\/#\/schema\/person\/image\/","url":"https:\/\/secure.gravatar.com\/avatar\/2a02d7dda59fe8dc6b7ffd3f652e2efede5ccf0dd89dfdc8137c5517f3de8407?s=96&d=mm&r=g","contentUrl":"https:\/\/secure.gravatar.com\/avatar\/2a02d7dda59fe8dc6b7ffd3f652e2efede5ccf0dd89dfdc8137c5517f3de8407?s=96&d=mm&r=g","caption":"admin-federas"},"sameAs":["https:\/\/www.federassantas.org.br\/novosite\/"],"url":"https:\/\/www.federassantas.org.br\/novosite\/author\/admin-federas\/"}]}},"_links":{"self":[{"href":"https:\/\/www.federassantas.org.br\/novosite\/wp-json\/wp\/v2\/posts\/23106","targetHints":{"allow":["GET"]}}],"collection":[{"href":"https:\/\/www.federassantas.org.br\/novosite\/wp-json\/wp\/v2\/posts"}],"about":[{"href":"https:\/\/www.federassantas.org.br\/novosite\/wp-json\/wp\/v2\/types\/post"}],"author":[{"embeddable":true,"href":"https:\/\/www.federassantas.org.br\/novosite\/wp-json\/wp\/v2\/users\/1"}],"replies":[{"embeddable":true,"href":"https:\/\/www.federassantas.org.br\/novosite\/wp-json\/wp\/v2\/comments?post=23106"}],"version-history":[{"count":0,"href":"https:\/\/www.federassantas.org.br\/novosite\/wp-json\/wp\/v2\/posts\/23106\/revisions"}],"wp:featuredmedia":[{"embeddable":true,"href":"https:\/\/www.federassantas.org.br\/novosite\/wp-json\/wp\/v2\/media\/23107"}],"wp:attachment":[{"href":"https:\/\/www.federassantas.org.br\/novosite\/wp-json\/wp\/v2\/media?parent=23106"}],"wp:term":[{"taxonomy":"category","embeddable":true,"href":"https:\/\/www.federassantas.org.br\/novosite\/wp-json\/wp\/v2\/categories?post=23106"},{"taxonomy":"post_tag","embeddable":true,"href":"https:\/\/www.federassantas.org.br\/novosite\/wp-json\/wp\/v2\/tags?post=23106"}],"curies":[{"name":"wp","href":"https:\/\/api.w.org\/{rel}","templated":true}]}}