{"id":23125,"date":"2022-01-28T09:56:10","date_gmt":"2022-01-28T12:56:10","guid":{"rendered":"https:\/\/federasbackup.meltcomunicacao.com.br\/?p=23125"},"modified":"2022-01-28T09:56:10","modified_gmt":"2022-01-28T12:56:10","slug":"covid-19-brasil-bate-recorde-de-novos-casos-pelo-2o-dia-seguido","status":"publish","type":"post","link":"https:\/\/www.federassantas.org.br\/novosite\/covid-19-brasil-bate-recorde-de-novos-casos-pelo-2o-dia-seguido\/","title":{"rendered":"Covid-19: Brasil bate recorde de novos casos pelo 2\u00ba dia seguido"},"content":{"rendered":"\n<p><em>Casos em acompanhamento passam de 2 milh\u00f5es<\/em><\/p>\n\n\n\n<p>O n\u00famero de casos de covid-19 registrados em 24 horas bateu o segundo recorde seguido em dois dias. De quarta para\u00a0quinta-feira, as autoridades de sa\u00fade confirmaram 228.954 novos diagn\u00f3sticos da doen\u00e7a.\u00a0Na quarta-feira, foram notificados 224.567 casos em 24 horas. A soma de pessoas com a covid-19 desde o primeiro caso no pa\u00eds alcan\u00e7ou 24.764.838<img decoding=\"async\" src=\"https:\/\/agenciabrasil.ebc.com.br\/ebc.png?id=1439109&amp;o=node\"><img decoding=\"async\" src=\"https:\/\/agenciabrasil.ebc.com.br\/ebc.gif?id=1439109&amp;o=node\"><\/p>\n\n\n\n<p>A quantidade de casos em acompanhamento de covid-19 passou dos dois milh\u00f5es, com 2.041.596. O termo \u00e9 dado para designar casos notificados nos \u00faltimos 14 dias que n\u00e3o tiveram alta nem evolu\u00edram para morte.<\/p>\n\n\n\n<p>A quantidade de mortes causadas por complica\u00e7\u00f5es associadas \u00e0 covid-19 chegou a 625.085. Nas \u00faltimas 24 horas, foram registrados 672 \u00f3bitos pelas autoridades de sa\u00fade.\u00a0No \u00faltimo dia 26, o sistema de informa\u00e7\u00f5es contabilizava\u00a0ontem\u00a0624.413 \u00f3bitos causados pela covid-19.<\/p>\n\n\n\n<p>Ainda h\u00e1 3.146 falecimentos em investiga\u00e7\u00e3o. Os \u00f3bitos em investiga\u00e7\u00e3o ocorrem pelo fato de haver casos em que o paciente faleceu, mas a investiga\u00e7\u00e3o se a causa foi covid-19 ainda demandar exames e procedimentos posteriores.<\/p>\n\n\n\n<p>At\u00e9&nbsp;hoje, 22.098.157 pessoas se recuperaram da covid-19. O n\u00famero corresponde a 89,2% dos infectados desde o in\u00edcio da pandemia.<\/p>\n\n\n\n<p>Os dados est\u00e3o na atualiza\u00e7\u00e3o di\u00e1ria do Minist\u00e9rio da Sa\u00fade, divulgada nessa\u00a0quinta-feira (27). Nela, s\u00e3o consolidadas as informa\u00e7\u00f5es enviadas por secretarias municipais e estaduais de sa\u00fade sobre casos e mortes associados \u00e0 covid-19.<\/p>\n\n\n\n<p>Os n\u00fameros em geral s\u00e3o menores aos domingos, segundas-feiras e nos dias seguintes aos feriados em raz\u00e3o da redu\u00e7\u00e3o de equipes para a alimenta\u00e7\u00e3o dos dados. \u00c0s\u00a0ter\u00e7as-feiras e dois dias depois dos feriados, em geral h\u00e1 mais registros di\u00e1rios pelo ac\u00famulo de dados atualizado.<\/p>\n\n\n\n<h5 class=\"wp-block-heading\">Estados<\/h5>\n\n\n\n<p>Segundo o balan\u00e7o do Minist\u00e9rio da Sa\u00fade, no topo do&nbsp;<em>ranking<\/em>&nbsp;de estados com mais mortes por covid-19 registradas at\u00e9 o momento est\u00e3o S\u00e3o Paulo (157.209), Rio&nbsp;de Janeiro&nbsp;(69.776), Minas Gerais (57.093), Paran\u00e1 (41.109) e Rio Grande do Sul (36.791).<\/p>\n\n\n\n<p>J\u00e1 os estados com menos \u00f3bitos resultantes da pandemia s\u00e3o Acre (1.861), Amap\u00e1 (2.045), Roraima (2.091), Tocantins (3.989) e Sergipe (6.081).<\/p>\n\n\n\n<h5 class=\"wp-block-heading\">Vacina\u00e7\u00e3o<\/h5>\n\n\n\n<p>At\u00e9 essa\u00a0quinta-feira (27), foram aplicados 351 milh\u00f5es de doses, sendo 163,6 milh\u00f5es com a 1\u00aa dose e 151 milh\u00f5es com a 2\u00aa dose ou dose \u00fanica. Outros 36,3 milh\u00f5es j\u00e1 receberam a dose de refor\u00e7o.<\/p>\n\n\n\n<p><\/p>\n\n\n\n<p>Fonte: <a rel=\"noreferrer noopener\" href=\"https:\/\/agenciabrasil.ebc.com.br\/saude\/noticia\/2022-01\/covid-19-brasil-bate-recorde-de-novos-casos-pelo-2o-dia-seguido\" target=\"_blank\">Ag\u00eancia Brasil<\/a><br>Foto: Fernando Fraz\u00e3o\/Ag\u00eancia Brasil<\/p>\n","protected":false},"excerpt":{"rendered":"<p>Casos em acompanhamento passam de 2 milh\u00f5es O n\u00famero de casos de covid-19 registrados em 24 horas bateu o segundo recorde seguido em dois dias. De quarta para\u00a0quinta-feira, as autoridades de sa\u00fade confirmaram 228.954 novos diagn\u00f3sticos da doen\u00e7a.\u00a0Na quarta-feira, foram notificados 224.567 casos em 24 horas. A soma de pessoas com a covid-19 desde o [&hellip;]<\/p>\n","protected":false},"author":1,"featured_media":23126,"comment_status":"open","ping_status":"open","sticky":false,"template":"","format":"standard","meta":{"footnotes":""},"categories":[140],"tags":[],"class_list":["post-23125","post","type-post","status-publish","format-standard","has-post-thumbnail","hentry","category-noticias"],"yoast_head":"<!-- This site is optimized with the Yoast SEO plugin v26.9 - https:\/\/yoast.com\/product\/yoast-seo-wordpress\/ -->\n<title>Covid-19: Brasil bate recorde de novos casos pelo 2\u00ba dia seguido - Federassantas<\/title>\n<meta name=\"robots\" content=\"index, follow, max-snippet:-1, max-image-preview:large, max-video-preview:-1\" \/>\n<link rel=\"canonical\" href=\"https:\/\/www.federassantas.org.br\/novosite\/covid-19-brasil-bate-recorde-de-novos-casos-pelo-2o-dia-seguido\/\" \/>\n<meta property=\"og:locale\" content=\"pt_BR\" \/>\n<meta property=\"og:type\" content=\"article\" \/>\n<meta property=\"og:title\" content=\"Covid-19: Brasil bate recorde de novos casos pelo 2\u00ba dia seguido - Federassantas\" \/>\n<meta property=\"og:description\" content=\"Casos em acompanhamento passam de 2 milh\u00f5es O n\u00famero de casos de covid-19 registrados em 24 horas bateu o segundo recorde seguido em dois dias. De quarta para\u00a0quinta-feira, as autoridades de sa\u00fade confirmaram 228.954 novos diagn\u00f3sticos da doen\u00e7a.\u00a0Na quarta-feira, foram notificados 224.567 casos em 24 horas. A soma de pessoas com a covid-19 desde o [&hellip;]\" \/>\n<meta property=\"og:url\" content=\"https:\/\/www.federassantas.org.br\/novosite\/covid-19-brasil-bate-recorde-de-novos-casos-pelo-2o-dia-seguido\/\" \/>\n<meta property=\"og:site_name\" content=\"Federassantas\" \/>\n<meta property=\"article:published_time\" content=\"2022-01-28T12:56:10+00:00\" \/>\n<meta name=\"author\" content=\"admin-federas\" \/>\n<meta name=\"twitter:card\" content=\"summary_large_image\" \/>\n<meta name=\"twitter:label1\" content=\"Escrito por\" \/>\n\t<meta name=\"twitter:data1\" content=\"admin-federas\" \/>\n\t<meta name=\"twitter:label2\" content=\"Est. tempo de leitura\" \/>\n\t<meta name=\"twitter:data2\" content=\"2 minutos\" \/>\n<script type=\"application\/ld+json\" class=\"yoast-schema-graph\">{\"@context\":\"https:\/\/schema.org\",\"@graph\":[{\"@type\":\"Article\",\"@id\":\"https:\/\/www.federassantas.org.br\/novosite\/covid-19-brasil-bate-recorde-de-novos-casos-pelo-2o-dia-seguido\/#article\",\"isPartOf\":{\"@id\":\"https:\/\/www.federassantas.org.br\/novosite\/covid-19-brasil-bate-recorde-de-novos-casos-pelo-2o-dia-seguido\/\"},\"author\":{\"name\":\"admin-federas\",\"@id\":\"https:\/\/www.federassantas.org.br\/novosite\/#\/schema\/person\/75fed98158349313fe56175f232f513c\"},\"headline\":\"Covid-19: Brasil bate recorde de novos casos pelo 2\u00ba dia seguido\",\"datePublished\":\"2022-01-28T12:56:10+00:00\",\"mainEntityOfPage\":{\"@id\":\"https:\/\/www.federassantas.org.br\/novosite\/covid-19-brasil-bate-recorde-de-novos-casos-pelo-2o-dia-seguido\/\"},\"wordCount\":406,\"commentCount\":0,\"publisher\":{\"@id\":\"https:\/\/www.federassantas.org.br\/novosite\/#organization\"},\"image\":{\"@id\":\"https:\/\/www.federassantas.org.br\/novosite\/covid-19-brasil-bate-recorde-de-novos-casos-pelo-2o-dia-seguido\/#primaryimage\"},\"thumbnailUrl\":\"\",\"articleSection\":[\"Not\u00edcias\"],\"inLanguage\":\"pt-BR\",\"potentialAction\":[{\"@type\":\"CommentAction\",\"name\":\"Comment\",\"target\":[\"https:\/\/www.federassantas.org.br\/novosite\/covid-19-brasil-bate-recorde-de-novos-casos-pelo-2o-dia-seguido\/#respond\"]}]},{\"@type\":\"WebPage\",\"@id\":\"https:\/\/www.federassantas.org.br\/novosite\/covid-19-brasil-bate-recorde-de-novos-casos-pelo-2o-dia-seguido\/\",\"url\":\"https:\/\/www.federassantas.org.br\/novosite\/covid-19-brasil-bate-recorde-de-novos-casos-pelo-2o-dia-seguido\/\",\"name\":\"Covid-19: Brasil bate recorde de novos casos pelo 2\u00ba dia seguido - Federassantas\",\"isPartOf\":{\"@id\":\"https:\/\/www.federassantas.org.br\/novosite\/#website\"},\"primaryImageOfPage\":{\"@id\":\"https:\/\/www.federassantas.org.br\/novosite\/covid-19-brasil-bate-recorde-de-novos-casos-pelo-2o-dia-seguido\/#primaryimage\"},\"image\":{\"@id\":\"https:\/\/www.federassantas.org.br\/novosite\/covid-19-brasil-bate-recorde-de-novos-casos-pelo-2o-dia-seguido\/#primaryimage\"},\"thumbnailUrl\":\"\",\"datePublished\":\"2022-01-28T12:56:10+00:00\",\"breadcrumb\":{\"@id\":\"https:\/\/www.federassantas.org.br\/novosite\/covid-19-brasil-bate-recorde-de-novos-casos-pelo-2o-dia-seguido\/#breadcrumb\"},\"inLanguage\":\"pt-BR\",\"potentialAction\":[{\"@type\":\"ReadAction\",\"target\":[\"https:\/\/www.federassantas.org.br\/novosite\/covid-19-brasil-bate-recorde-de-novos-casos-pelo-2o-dia-seguido\/\"]}]},{\"@type\":\"ImageObject\",\"inLanguage\":\"pt-BR\",\"@id\":\"https:\/\/www.federassantas.org.br\/novosite\/covid-19-brasil-bate-recorde-de-novos-casos-pelo-2o-dia-seguido\/#primaryimage\",\"url\":\"\",\"contentUrl\":\"\"},{\"@type\":\"BreadcrumbList\",\"@id\":\"https:\/\/www.federassantas.org.br\/novosite\/covid-19-brasil-bate-recorde-de-novos-casos-pelo-2o-dia-seguido\/#breadcrumb\",\"itemListElement\":[{\"@type\":\"ListItem\",\"position\":1,\"name\":\"In\u00edcio\",\"item\":\"https:\/\/www.federassantas.org.br\/novosite\/\"},{\"@type\":\"ListItem\",\"position\":2,\"name\":\"Covid-19: Brasil bate recorde de novos casos pelo 2\u00ba dia seguido\"}]},{\"@type\":\"WebSite\",\"@id\":\"https:\/\/www.federassantas.org.br\/novosite\/#website\",\"url\":\"https:\/\/www.federassantas.org.br\/novosite\/\",\"name\":\"Federassantas\",\"description\":\"Fed. das Santas Casas e Hospitais Filantr\u00f3picos de MG\",\"publisher\":{\"@id\":\"https:\/\/www.federassantas.org.br\/novosite\/#organization\"},\"potentialAction\":[{\"@type\":\"SearchAction\",\"target\":{\"@type\":\"EntryPoint\",\"urlTemplate\":\"https:\/\/www.federassantas.org.br\/novosite\/?s={search_term_string}\"},\"query-input\":{\"@type\":\"PropertyValueSpecification\",\"valueRequired\":true,\"valueName\":\"search_term_string\"}}],\"inLanguage\":\"pt-BR\"},{\"@type\":\"Organization\",\"@id\":\"https:\/\/www.federassantas.org.br\/novosite\/#organization\",\"name\":\"Federassantas\",\"url\":\"https:\/\/www.federassantas.org.br\/novosite\/\",\"logo\":{\"@type\":\"ImageObject\",\"inLanguage\":\"pt-BR\",\"@id\":\"https:\/\/www.federassantas.org.br\/novosite\/#\/schema\/logo\/image\/\",\"url\":\"https:\/\/www.federassantas.org.br\/novosite\/wp-content\/uploads\/2021\/12\/logo.png\",\"contentUrl\":\"https:\/\/www.federassantas.org.br\/novosite\/wp-content\/uploads\/2021\/12\/logo.png\",\"width\":243,\"height\":59,\"caption\":\"Federassantas\"},\"image\":{\"@id\":\"https:\/\/www.federassantas.org.br\/novosite\/#\/schema\/logo\/image\/\"}},{\"@type\":\"Person\",\"@id\":\"https:\/\/www.federassantas.org.br\/novosite\/#\/schema\/person\/75fed98158349313fe56175f232f513c\",\"name\":\"admin-federas\",\"image\":{\"@type\":\"ImageObject\",\"inLanguage\":\"pt-BR\",\"@id\":\"https:\/\/www.federassantas.org.br\/novosite\/#\/schema\/person\/image\/\",\"url\":\"https:\/\/secure.gravatar.com\/avatar\/2a02d7dda59fe8dc6b7ffd3f652e2efede5ccf0dd89dfdc8137c5517f3de8407?s=96&d=mm&r=g\",\"contentUrl\":\"https:\/\/secure.gravatar.com\/avatar\/2a02d7dda59fe8dc6b7ffd3f652e2efede5ccf0dd89dfdc8137c5517f3de8407?s=96&d=mm&r=g\",\"caption\":\"admin-federas\"},\"sameAs\":[\"https:\/\/www.federassantas.org.br\/novosite\/\"],\"url\":\"https:\/\/www.federassantas.org.br\/novosite\/author\/admin-federas\/\"}]}<\/script>\n<!-- \/ Yoast SEO plugin. -->","yoast_head_json":{"title":"Covid-19: Brasil bate recorde de novos casos pelo 2\u00ba dia seguido - Federassantas","robots":{"index":"index","follow":"follow","max-snippet":"max-snippet:-1","max-image-preview":"max-image-preview:large","max-video-preview":"max-video-preview:-1"},"canonical":"https:\/\/www.federassantas.org.br\/novosite\/covid-19-brasil-bate-recorde-de-novos-casos-pelo-2o-dia-seguido\/","og_locale":"pt_BR","og_type":"article","og_title":"Covid-19: Brasil bate recorde de novos casos pelo 2\u00ba dia seguido - Federassantas","og_description":"Casos em acompanhamento passam de 2 milh\u00f5es O n\u00famero de casos de covid-19 registrados em 24 horas bateu o segundo recorde seguido em dois dias. De quarta para\u00a0quinta-feira, as autoridades de sa\u00fade confirmaram 228.954 novos diagn\u00f3sticos da doen\u00e7a.\u00a0Na quarta-feira, foram notificados 224.567 casos em 24 horas. A soma de pessoas com a covid-19 desde o [&hellip;]","og_url":"https:\/\/www.federassantas.org.br\/novosite\/covid-19-brasil-bate-recorde-de-novos-casos-pelo-2o-dia-seguido\/","og_site_name":"Federassantas","article_published_time":"2022-01-28T12:56:10+00:00","author":"admin-federas","twitter_card":"summary_large_image","twitter_misc":{"Escrito por":"admin-federas","Est. tempo de leitura":"2 minutos"},"schema":{"@context":"https:\/\/schema.org","@graph":[{"@type":"Article","@id":"https:\/\/www.federassantas.org.br\/novosite\/covid-19-brasil-bate-recorde-de-novos-casos-pelo-2o-dia-seguido\/#article","isPartOf":{"@id":"https:\/\/www.federassantas.org.br\/novosite\/covid-19-brasil-bate-recorde-de-novos-casos-pelo-2o-dia-seguido\/"},"author":{"name":"admin-federas","@id":"https:\/\/www.federassantas.org.br\/novosite\/#\/schema\/person\/75fed98158349313fe56175f232f513c"},"headline":"Covid-19: Brasil bate recorde de novos casos pelo 2\u00ba dia seguido","datePublished":"2022-01-28T12:56:10+00:00","mainEntityOfPage":{"@id":"https:\/\/www.federassantas.org.br\/novosite\/covid-19-brasil-bate-recorde-de-novos-casos-pelo-2o-dia-seguido\/"},"wordCount":406,"commentCount":0,"publisher":{"@id":"https:\/\/www.federassantas.org.br\/novosite\/#organization"},"image":{"@id":"https:\/\/www.federassantas.org.br\/novosite\/covid-19-brasil-bate-recorde-de-novos-casos-pelo-2o-dia-seguido\/#primaryimage"},"thumbnailUrl":"","articleSection":["Not\u00edcias"],"inLanguage":"pt-BR","potentialAction":[{"@type":"CommentAction","name":"Comment","target":["https:\/\/www.federassantas.org.br\/novosite\/covid-19-brasil-bate-recorde-de-novos-casos-pelo-2o-dia-seguido\/#respond"]}]},{"@type":"WebPage","@id":"https:\/\/www.federassantas.org.br\/novosite\/covid-19-brasil-bate-recorde-de-novos-casos-pelo-2o-dia-seguido\/","url":"https:\/\/www.federassantas.org.br\/novosite\/covid-19-brasil-bate-recorde-de-novos-casos-pelo-2o-dia-seguido\/","name":"Covid-19: Brasil bate recorde de novos casos pelo 2\u00ba dia seguido - Federassantas","isPartOf":{"@id":"https:\/\/www.federassantas.org.br\/novosite\/#website"},"primaryImageOfPage":{"@id":"https:\/\/www.federassantas.org.br\/novosite\/covid-19-brasil-bate-recorde-de-novos-casos-pelo-2o-dia-seguido\/#primaryimage"},"image":{"@id":"https:\/\/www.federassantas.org.br\/novosite\/covid-19-brasil-bate-recorde-de-novos-casos-pelo-2o-dia-seguido\/#primaryimage"},"thumbnailUrl":"","datePublished":"2022-01-28T12:56:10+00:00","breadcrumb":{"@id":"https:\/\/www.federassantas.org.br\/novosite\/covid-19-brasil-bate-recorde-de-novos-casos-pelo-2o-dia-seguido\/#breadcrumb"},"inLanguage":"pt-BR","potentialAction":[{"@type":"ReadAction","target":["https:\/\/www.federassantas.org.br\/novosite\/covid-19-brasil-bate-recorde-de-novos-casos-pelo-2o-dia-seguido\/"]}]},{"@type":"ImageObject","inLanguage":"pt-BR","@id":"https:\/\/www.federassantas.org.br\/novosite\/covid-19-brasil-bate-recorde-de-novos-casos-pelo-2o-dia-seguido\/#primaryimage","url":"","contentUrl":""},{"@type":"BreadcrumbList","@id":"https:\/\/www.federassantas.org.br\/novosite\/covid-19-brasil-bate-recorde-de-novos-casos-pelo-2o-dia-seguido\/#breadcrumb","itemListElement":[{"@type":"ListItem","position":1,"name":"In\u00edcio","item":"https:\/\/www.federassantas.org.br\/novosite\/"},{"@type":"ListItem","position":2,"name":"Covid-19: Brasil bate recorde de novos casos pelo 2\u00ba dia seguido"}]},{"@type":"WebSite","@id":"https:\/\/www.federassantas.org.br\/novosite\/#website","url":"https:\/\/www.federassantas.org.br\/novosite\/","name":"Federassantas","description":"Fed. das Santas Casas e Hospitais Filantr\u00f3picos de MG","publisher":{"@id":"https:\/\/www.federassantas.org.br\/novosite\/#organization"},"potentialAction":[{"@type":"SearchAction","target":{"@type":"EntryPoint","urlTemplate":"https:\/\/www.federassantas.org.br\/novosite\/?s={search_term_string}"},"query-input":{"@type":"PropertyValueSpecification","valueRequired":true,"valueName":"search_term_string"}}],"inLanguage":"pt-BR"},{"@type":"Organization","@id":"https:\/\/www.federassantas.org.br\/novosite\/#organization","name":"Federassantas","url":"https:\/\/www.federassantas.org.br\/novosite\/","logo":{"@type":"ImageObject","inLanguage":"pt-BR","@id":"https:\/\/www.federassantas.org.br\/novosite\/#\/schema\/logo\/image\/","url":"https:\/\/www.federassantas.org.br\/novosite\/wp-content\/uploads\/2021\/12\/logo.png","contentUrl":"https:\/\/www.federassantas.org.br\/novosite\/wp-content\/uploads\/2021\/12\/logo.png","width":243,"height":59,"caption":"Federassantas"},"image":{"@id":"https:\/\/www.federassantas.org.br\/novosite\/#\/schema\/logo\/image\/"}},{"@type":"Person","@id":"https:\/\/www.federassantas.org.br\/novosite\/#\/schema\/person\/75fed98158349313fe56175f232f513c","name":"admin-federas","image":{"@type":"ImageObject","inLanguage":"pt-BR","@id":"https:\/\/www.federassantas.org.br\/novosite\/#\/schema\/person\/image\/","url":"https:\/\/secure.gravatar.com\/avatar\/2a02d7dda59fe8dc6b7ffd3f652e2efede5ccf0dd89dfdc8137c5517f3de8407?s=96&d=mm&r=g","contentUrl":"https:\/\/secure.gravatar.com\/avatar\/2a02d7dda59fe8dc6b7ffd3f652e2efede5ccf0dd89dfdc8137c5517f3de8407?s=96&d=mm&r=g","caption":"admin-federas"},"sameAs":["https:\/\/www.federassantas.org.br\/novosite\/"],"url":"https:\/\/www.federassantas.org.br\/novosite\/author\/admin-federas\/"}]}},"_links":{"self":[{"href":"https:\/\/www.federassantas.org.br\/novosite\/wp-json\/wp\/v2\/posts\/23125","targetHints":{"allow":["GET"]}}],"collection":[{"href":"https:\/\/www.federassantas.org.br\/novosite\/wp-json\/wp\/v2\/posts"}],"about":[{"href":"https:\/\/www.federassantas.org.br\/novosite\/wp-json\/wp\/v2\/types\/post"}],"author":[{"embeddable":true,"href":"https:\/\/www.federassantas.org.br\/novosite\/wp-json\/wp\/v2\/users\/1"}],"replies":[{"embeddable":true,"href":"https:\/\/www.federassantas.org.br\/novosite\/wp-json\/wp\/v2\/comments?post=23125"}],"version-history":[{"count":0,"href":"https:\/\/www.federassantas.org.br\/novosite\/wp-json\/wp\/v2\/posts\/23125\/revisions"}],"wp:featuredmedia":[{"embeddable":true,"href":"https:\/\/www.federassantas.org.br\/novosite\/wp-json\/"}],"wp:attachment":[{"href":"https:\/\/www.federassantas.org.br\/novosite\/wp-json\/wp\/v2\/media?parent=23125"}],"wp:term":[{"taxonomy":"category","embeddable":true,"href":"https:\/\/www.federassantas.org.br\/novosite\/wp-json\/wp\/v2\/categories?post=23125"},{"taxonomy":"post_tag","embeddable":true,"href":"https:\/\/www.federassantas.org.br\/novosite\/wp-json\/wp\/v2\/tags?post=23125"}],"curies":[{"name":"wp","href":"https:\/\/api.w.org\/{rel}","templated":true}]}}