{"id":23183,"date":"2022-01-31T09:23:58","date_gmt":"2022-01-31T12:23:58","guid":{"rendered":"https:\/\/federasbackup.meltcomunicacao.com.br\/?p=23183"},"modified":"2022-01-31T09:23:58","modified_gmt":"2022-01-31T12:23:58","slug":"santa-casa-de-pocos-de-caldas-adquire-10-novos-equipamentos-para-hemodialise","status":"publish","type":"post","link":"https:\/\/www.federassantas.org.br\/novosite\/santa-casa-de-pocos-de-caldas-adquire-10-novos-equipamentos-para-hemodialise\/","title":{"rendered":"Santa Casa de Po\u00e7os de Caldas adquire 10 novos equipamentos para Hemodi\u00e1lise"},"content":{"rendered":"\n<p>J\u00e1 est\u00e3o em funcionamento no setor de Hemodi\u00e1lise da Santa Casa de Po\u00e7os 10 novos equipamentos de di\u00e1lise adquiridos pelo Hospital. Essa aquisi\u00e7\u00e3o faz parte de um ambicioso projeto de expans\u00e3o e de melhoramento do Setor, que prev\u00ea aumento de vagas, troca do tratamento de \u00e1gua e reforma na estrutura f\u00edsica.&nbsp;<\/p>\n\n\n\n<p>O m\u00e9dico nefrologista da Hemodi\u00e1lise da Santa Casa de Po\u00e7os, Dr. Marcus Vinicius Paiva Cavalcanti Moreira, destaca que esses novos equipamentos servem tanto para a hemodi\u00e1lise de cr\u00f4nicos quanto para a di\u00e1lise de urg\u00eancia dentro do Hospital.&nbsp;<\/p>\n\n\n\n<p>\u201cEstamos com m\u00e1quinas aqui muito antigas, algumas precisando j\u00e1 de substitui\u00e7\u00e3o. Al\u00e9m disso, n\u00f3s temos o projeto para expandir&nbsp; as vagas com a aquisi\u00e7\u00e3o desses equipamentos, j\u00e1 que temos uma demanda reprimida, pois somos a menor cl\u00ednica de di\u00e1lise na regi\u00e3o, sendo que somos a maior cidade do Sul de Minas\u201d, relata o m\u00e9dico nefrologista.&nbsp;<\/p>\n\n\n\n<p>\u201cEstamos muito defasados em n\u00famero de vagas e esses pacientes est\u00e3o indo para outros munic\u00edpios. Estamos deixando de receber pacientes dos munic\u00edpios da nossa microrregi\u00e3o. Com isso, pacientes de cidades vizinhas est\u00e3o tendo que andar muito mais para fazer seu tratamento, ao inv\u00e9s de serem atendidos em Po\u00e7os de Caldas\u201d, explica Dr. Marcus.<\/p>\n\n\n\n<p>O m\u00e9dico nefrologista destaca ainda que a Hemodi\u00e1lise da Santa Casa conta hoje com uma m\u00e9dia de 120 vagas&nbsp; e a meta&nbsp; \u00e9 aumentar 62 vagas nos pr\u00f3ximos meses. Segundo ele, nesse processo de expans\u00e3o, \u00e9 muito importante que se mude a troca de tratamento de \u00e1gua do Setor.&nbsp;&nbsp;&nbsp;&nbsp;&nbsp;&nbsp;&nbsp;&nbsp;&nbsp;<\/p>\n\n\n\n<p>\u201cTemos um projeto para trocar o tratamento de \u00e1gua, que \u00e9 um tratamento mais antigo, precisamos de tratamento novo. Com essa troca de tratamento de \u00e1gua n\u00f3s queremos instalar um tratamento muito mais moderno que \u00e9 uma osmose duplo passo. Essa osmose permite outros tipos de tratamento de di\u00e1lise, como a Hemodiafiltra\u00e7\u00e3o, que \u00e9 uma hemodi\u00e1lise melhorada. Com isso, apresenta\u00a0 uma melhora de qualidade de vida muito importante, diminuindo mortalidade e risco de interna\u00e7\u00e3o. Hoje esse tratamento est\u00e1 cadastrado no rol da ANS, ent\u00e3o, a maioria dos conv\u00eanios j\u00e1 aceitam e estamos lutando para o SUS come\u00e7ar autorizar esse tipo de tratamento tamb\u00e9m\u201d, completa Dr. Marcus.<\/p>\n\n\n\n<figure class=\"wp-block-image size-medium\"><img decoding=\"async\" src=\"http:\/\/federasbackup.meltcomunicacao.com.br\/wp-content\/uploads\/2022\/01\/Foto-2-1-135x300.jpg\" alt=\"\" class=\"wp-image-23184\"\/><\/figure>\n\n\n\n<p>Por Assessoria de Comunica\u00e7\u00e3o Santa Casa de Po\u00e7os de Caldas<\/p>\n","protected":false},"excerpt":{"rendered":"<p>J\u00e1 est\u00e3o em funcionamento no setor de Hemodi\u00e1lise da Santa Casa de Po\u00e7os 10 novos equipamentos de di\u00e1lise adquiridos pelo Hospital. Essa aquisi\u00e7\u00e3o faz parte de um ambicioso projeto de expans\u00e3o e de melhoramento do Setor, que prev\u00ea aumento de vagas, troca do tratamento de \u00e1gua e reforma na estrutura f\u00edsica.&nbsp; O m\u00e9dico nefrologista da [&hellip;]<\/p>\n","protected":false},"author":1,"featured_media":23186,"comment_status":"open","ping_status":"open","sticky":false,"template":"","format":"standard","meta":{"footnotes":""},"categories":[140,139],"tags":[],"class_list":["post-23183","post","type-post","status-publish","format-standard","has-post-thumbnail","hentry","category-noticias","category-noticias-filiados"],"yoast_head":"<!-- This site is optimized with the Yoast SEO plugin v26.9 - https:\/\/yoast.com\/product\/yoast-seo-wordpress\/ -->\n<title>Santa Casa de Po\u00e7os de Caldas adquire 10 novos equipamentos para Hemodi\u00e1lise - Federassantas<\/title>\n<meta name=\"robots\" content=\"index, follow, max-snippet:-1, max-image-preview:large, max-video-preview:-1\" \/>\n<link rel=\"canonical\" href=\"https:\/\/www.federassantas.org.br\/novosite\/santa-casa-de-pocos-de-caldas-adquire-10-novos-equipamentos-para-hemodialise\/\" \/>\n<meta property=\"og:locale\" content=\"pt_BR\" \/>\n<meta property=\"og:type\" content=\"article\" \/>\n<meta property=\"og:title\" content=\"Santa Casa de Po\u00e7os de Caldas adquire 10 novos equipamentos para Hemodi\u00e1lise - Federassantas\" \/>\n<meta property=\"og:description\" content=\"J\u00e1 est\u00e3o em funcionamento no setor de Hemodi\u00e1lise da Santa Casa de Po\u00e7os 10 novos equipamentos de di\u00e1lise adquiridos pelo Hospital. Essa aquisi\u00e7\u00e3o faz parte de um ambicioso projeto de expans\u00e3o e de melhoramento do Setor, que prev\u00ea aumento de vagas, troca do tratamento de \u00e1gua e reforma na estrutura f\u00edsica.&nbsp; O m\u00e9dico nefrologista da [&hellip;]\" \/>\n<meta property=\"og:url\" content=\"https:\/\/www.federassantas.org.br\/novosite\/santa-casa-de-pocos-de-caldas-adquire-10-novos-equipamentos-para-hemodialise\/\" \/>\n<meta property=\"og:site_name\" content=\"Federassantas\" \/>\n<meta property=\"article:published_time\" content=\"2022-01-31T12:23:58+00:00\" \/>\n<meta property=\"og:image\" content=\"https:\/\/www.federassantas.org.br\/novosite\/wp-content\/uploads\/2022\/01\/Foto-1-1-scaled-1.jpg\" \/>\n\t<meta property=\"og:image:width\" content=\"2560\" \/>\n\t<meta property=\"og:image:height\" content=\"1154\" \/>\n\t<meta property=\"og:image:type\" content=\"image\/jpeg\" \/>\n<meta name=\"author\" content=\"admin-federas\" \/>\n<meta name=\"twitter:card\" content=\"summary_large_image\" \/>\n<meta name=\"twitter:label1\" content=\"Escrito por\" \/>\n\t<meta name=\"twitter:data1\" content=\"admin-federas\" \/>\n\t<meta name=\"twitter:label2\" content=\"Est. tempo de leitura\" \/>\n\t<meta name=\"twitter:data2\" content=\"2 minutos\" \/>\n<script type=\"application\/ld+json\" class=\"yoast-schema-graph\">{\"@context\":\"https:\/\/schema.org\",\"@graph\":[{\"@type\":\"Article\",\"@id\":\"https:\/\/www.federassantas.org.br\/novosite\/santa-casa-de-pocos-de-caldas-adquire-10-novos-equipamentos-para-hemodialise\/#article\",\"isPartOf\":{\"@id\":\"https:\/\/www.federassantas.org.br\/novosite\/santa-casa-de-pocos-de-caldas-adquire-10-novos-equipamentos-para-hemodialise\/\"},\"author\":{\"name\":\"admin-federas\",\"@id\":\"https:\/\/www.federassantas.org.br\/novosite\/#\/schema\/person\/75fed98158349313fe56175f232f513c\"},\"headline\":\"Santa Casa de Po\u00e7os de Caldas adquire 10 novos equipamentos para Hemodi\u00e1lise\",\"datePublished\":\"2022-01-31T12:23:58+00:00\",\"mainEntityOfPage\":{\"@id\":\"https:\/\/www.federassantas.org.br\/novosite\/santa-casa-de-pocos-de-caldas-adquire-10-novos-equipamentos-para-hemodialise\/\"},\"wordCount\":428,\"commentCount\":0,\"publisher\":{\"@id\":\"https:\/\/www.federassantas.org.br\/novosite\/#organization\"},\"image\":{\"@id\":\"https:\/\/www.federassantas.org.br\/novosite\/santa-casa-de-pocos-de-caldas-adquire-10-novos-equipamentos-para-hemodialise\/#primaryimage\"},\"thumbnailUrl\":\"https:\/\/www.federassantas.org.br\/novosite\/wp-content\/uploads\/2022\/01\/Foto-1-1-scaled-1.jpg\",\"articleSection\":[\"Not\u00edcias\",\"Not\u00edcias filiados\"],\"inLanguage\":\"pt-BR\",\"potentialAction\":[{\"@type\":\"CommentAction\",\"name\":\"Comment\",\"target\":[\"https:\/\/www.federassantas.org.br\/novosite\/santa-casa-de-pocos-de-caldas-adquire-10-novos-equipamentos-para-hemodialise\/#respond\"]}]},{\"@type\":\"WebPage\",\"@id\":\"https:\/\/www.federassantas.org.br\/novosite\/santa-casa-de-pocos-de-caldas-adquire-10-novos-equipamentos-para-hemodialise\/\",\"url\":\"https:\/\/www.federassantas.org.br\/novosite\/santa-casa-de-pocos-de-caldas-adquire-10-novos-equipamentos-para-hemodialise\/\",\"name\":\"Santa Casa de Po\u00e7os de Caldas adquire 10 novos equipamentos para Hemodi\u00e1lise - Federassantas\",\"isPartOf\":{\"@id\":\"https:\/\/www.federassantas.org.br\/novosite\/#website\"},\"primaryImageOfPage\":{\"@id\":\"https:\/\/www.federassantas.org.br\/novosite\/santa-casa-de-pocos-de-caldas-adquire-10-novos-equipamentos-para-hemodialise\/#primaryimage\"},\"image\":{\"@id\":\"https:\/\/www.federassantas.org.br\/novosite\/santa-casa-de-pocos-de-caldas-adquire-10-novos-equipamentos-para-hemodialise\/#primaryimage\"},\"thumbnailUrl\":\"https:\/\/www.federassantas.org.br\/novosite\/wp-content\/uploads\/2022\/01\/Foto-1-1-scaled-1.jpg\",\"datePublished\":\"2022-01-31T12:23:58+00:00\",\"breadcrumb\":{\"@id\":\"https:\/\/www.federassantas.org.br\/novosite\/santa-casa-de-pocos-de-caldas-adquire-10-novos-equipamentos-para-hemodialise\/#breadcrumb\"},\"inLanguage\":\"pt-BR\",\"potentialAction\":[{\"@type\":\"ReadAction\",\"target\":[\"https:\/\/www.federassantas.org.br\/novosite\/santa-casa-de-pocos-de-caldas-adquire-10-novos-equipamentos-para-hemodialise\/\"]}]},{\"@type\":\"ImageObject\",\"inLanguage\":\"pt-BR\",\"@id\":\"https:\/\/www.federassantas.org.br\/novosite\/santa-casa-de-pocos-de-caldas-adquire-10-novos-equipamentos-para-hemodialise\/#primaryimage\",\"url\":\"https:\/\/www.federassantas.org.br\/novosite\/wp-content\/uploads\/2022\/01\/Foto-1-1-scaled-1.jpg\",\"contentUrl\":\"https:\/\/www.federassantas.org.br\/novosite\/wp-content\/uploads\/2022\/01\/Foto-1-1-scaled-1.jpg\",\"width\":2560,\"height\":1154},{\"@type\":\"BreadcrumbList\",\"@id\":\"https:\/\/www.federassantas.org.br\/novosite\/santa-casa-de-pocos-de-caldas-adquire-10-novos-equipamentos-para-hemodialise\/#breadcrumb\",\"itemListElement\":[{\"@type\":\"ListItem\",\"position\":1,\"name\":\"In\u00edcio\",\"item\":\"https:\/\/www.federassantas.org.br\/novosite\/\"},{\"@type\":\"ListItem\",\"position\":2,\"name\":\"Santa Casa de Po\u00e7os de Caldas adquire 10 novos equipamentos para Hemodi\u00e1lise\"}]},{\"@type\":\"WebSite\",\"@id\":\"https:\/\/www.federassantas.org.br\/novosite\/#website\",\"url\":\"https:\/\/www.federassantas.org.br\/novosite\/\",\"name\":\"Federassantas\",\"description\":\"Fed. das Santas Casas e Hospitais Filantr\u00f3picos de MG\",\"publisher\":{\"@id\":\"https:\/\/www.federassantas.org.br\/novosite\/#organization\"},\"potentialAction\":[{\"@type\":\"SearchAction\",\"target\":{\"@type\":\"EntryPoint\",\"urlTemplate\":\"https:\/\/www.federassantas.org.br\/novosite\/?s={search_term_string}\"},\"query-input\":{\"@type\":\"PropertyValueSpecification\",\"valueRequired\":true,\"valueName\":\"search_term_string\"}}],\"inLanguage\":\"pt-BR\"},{\"@type\":\"Organization\",\"@id\":\"https:\/\/www.federassantas.org.br\/novosite\/#organization\",\"name\":\"Federassantas\",\"url\":\"https:\/\/www.federassantas.org.br\/novosite\/\",\"logo\":{\"@type\":\"ImageObject\",\"inLanguage\":\"pt-BR\",\"@id\":\"https:\/\/www.federassantas.org.br\/novosite\/#\/schema\/logo\/image\/\",\"url\":\"https:\/\/www.federassantas.org.br\/novosite\/wp-content\/uploads\/2021\/12\/logo.png\",\"contentUrl\":\"https:\/\/www.federassantas.org.br\/novosite\/wp-content\/uploads\/2021\/12\/logo.png\",\"width\":243,\"height\":59,\"caption\":\"Federassantas\"},\"image\":{\"@id\":\"https:\/\/www.federassantas.org.br\/novosite\/#\/schema\/logo\/image\/\"}},{\"@type\":\"Person\",\"@id\":\"https:\/\/www.federassantas.org.br\/novosite\/#\/schema\/person\/75fed98158349313fe56175f232f513c\",\"name\":\"admin-federas\",\"image\":{\"@type\":\"ImageObject\",\"inLanguage\":\"pt-BR\",\"@id\":\"https:\/\/www.federassantas.org.br\/novosite\/#\/schema\/person\/image\/\",\"url\":\"https:\/\/secure.gravatar.com\/avatar\/2a02d7dda59fe8dc6b7ffd3f652e2efede5ccf0dd89dfdc8137c5517f3de8407?s=96&d=mm&r=g\",\"contentUrl\":\"https:\/\/secure.gravatar.com\/avatar\/2a02d7dda59fe8dc6b7ffd3f652e2efede5ccf0dd89dfdc8137c5517f3de8407?s=96&d=mm&r=g\",\"caption\":\"admin-federas\"},\"sameAs\":[\"https:\/\/www.federassantas.org.br\/novosite\/\"],\"url\":\"https:\/\/www.federassantas.org.br\/novosite\/author\/admin-federas\/\"}]}<\/script>\n<!-- \/ Yoast SEO plugin. -->","yoast_head_json":{"title":"Santa Casa de Po\u00e7os de Caldas adquire 10 novos equipamentos para Hemodi\u00e1lise - Federassantas","robots":{"index":"index","follow":"follow","max-snippet":"max-snippet:-1","max-image-preview":"max-image-preview:large","max-video-preview":"max-video-preview:-1"},"canonical":"https:\/\/www.federassantas.org.br\/novosite\/santa-casa-de-pocos-de-caldas-adquire-10-novos-equipamentos-para-hemodialise\/","og_locale":"pt_BR","og_type":"article","og_title":"Santa Casa de Po\u00e7os de Caldas adquire 10 novos equipamentos para Hemodi\u00e1lise - Federassantas","og_description":"J\u00e1 est\u00e3o em funcionamento no setor de Hemodi\u00e1lise da Santa Casa de Po\u00e7os 10 novos equipamentos de di\u00e1lise adquiridos pelo Hospital. Essa aquisi\u00e7\u00e3o faz parte de um ambicioso projeto de expans\u00e3o e de melhoramento do Setor, que prev\u00ea aumento de vagas, troca do tratamento de \u00e1gua e reforma na estrutura f\u00edsica.&nbsp; O m\u00e9dico nefrologista da [&hellip;]","og_url":"https:\/\/www.federassantas.org.br\/novosite\/santa-casa-de-pocos-de-caldas-adquire-10-novos-equipamentos-para-hemodialise\/","og_site_name":"Federassantas","article_published_time":"2022-01-31T12:23:58+00:00","og_image":[{"width":2560,"height":1154,"url":"https:\/\/www.federassantas.org.br\/novosite\/wp-content\/uploads\/2022\/01\/Foto-1-1-scaled-1.jpg","type":"image\/jpeg"}],"author":"admin-federas","twitter_card":"summary_large_image","twitter_misc":{"Escrito por":"admin-federas","Est. tempo de leitura":"2 minutos"},"schema":{"@context":"https:\/\/schema.org","@graph":[{"@type":"Article","@id":"https:\/\/www.federassantas.org.br\/novosite\/santa-casa-de-pocos-de-caldas-adquire-10-novos-equipamentos-para-hemodialise\/#article","isPartOf":{"@id":"https:\/\/www.federassantas.org.br\/novosite\/santa-casa-de-pocos-de-caldas-adquire-10-novos-equipamentos-para-hemodialise\/"},"author":{"name":"admin-federas","@id":"https:\/\/www.federassantas.org.br\/novosite\/#\/schema\/person\/75fed98158349313fe56175f232f513c"},"headline":"Santa Casa de Po\u00e7os de Caldas adquire 10 novos equipamentos para Hemodi\u00e1lise","datePublished":"2022-01-31T12:23:58+00:00","mainEntityOfPage":{"@id":"https:\/\/www.federassantas.org.br\/novosite\/santa-casa-de-pocos-de-caldas-adquire-10-novos-equipamentos-para-hemodialise\/"},"wordCount":428,"commentCount":0,"publisher":{"@id":"https:\/\/www.federassantas.org.br\/novosite\/#organization"},"image":{"@id":"https:\/\/www.federassantas.org.br\/novosite\/santa-casa-de-pocos-de-caldas-adquire-10-novos-equipamentos-para-hemodialise\/#primaryimage"},"thumbnailUrl":"https:\/\/www.federassantas.org.br\/novosite\/wp-content\/uploads\/2022\/01\/Foto-1-1-scaled-1.jpg","articleSection":["Not\u00edcias","Not\u00edcias filiados"],"inLanguage":"pt-BR","potentialAction":[{"@type":"CommentAction","name":"Comment","target":["https:\/\/www.federassantas.org.br\/novosite\/santa-casa-de-pocos-de-caldas-adquire-10-novos-equipamentos-para-hemodialise\/#respond"]}]},{"@type":"WebPage","@id":"https:\/\/www.federassantas.org.br\/novosite\/santa-casa-de-pocos-de-caldas-adquire-10-novos-equipamentos-para-hemodialise\/","url":"https:\/\/www.federassantas.org.br\/novosite\/santa-casa-de-pocos-de-caldas-adquire-10-novos-equipamentos-para-hemodialise\/","name":"Santa Casa de Po\u00e7os de Caldas adquire 10 novos equipamentos para Hemodi\u00e1lise - Federassantas","isPartOf":{"@id":"https:\/\/www.federassantas.org.br\/novosite\/#website"},"primaryImageOfPage":{"@id":"https:\/\/www.federassantas.org.br\/novosite\/santa-casa-de-pocos-de-caldas-adquire-10-novos-equipamentos-para-hemodialise\/#primaryimage"},"image":{"@id":"https:\/\/www.federassantas.org.br\/novosite\/santa-casa-de-pocos-de-caldas-adquire-10-novos-equipamentos-para-hemodialise\/#primaryimage"},"thumbnailUrl":"https:\/\/www.federassantas.org.br\/novosite\/wp-content\/uploads\/2022\/01\/Foto-1-1-scaled-1.jpg","datePublished":"2022-01-31T12:23:58+00:00","breadcrumb":{"@id":"https:\/\/www.federassantas.org.br\/novosite\/santa-casa-de-pocos-de-caldas-adquire-10-novos-equipamentos-para-hemodialise\/#breadcrumb"},"inLanguage":"pt-BR","potentialAction":[{"@type":"ReadAction","target":["https:\/\/www.federassantas.org.br\/novosite\/santa-casa-de-pocos-de-caldas-adquire-10-novos-equipamentos-para-hemodialise\/"]}]},{"@type":"ImageObject","inLanguage":"pt-BR","@id":"https:\/\/www.federassantas.org.br\/novosite\/santa-casa-de-pocos-de-caldas-adquire-10-novos-equipamentos-para-hemodialise\/#primaryimage","url":"https:\/\/www.federassantas.org.br\/novosite\/wp-content\/uploads\/2022\/01\/Foto-1-1-scaled-1.jpg","contentUrl":"https:\/\/www.federassantas.org.br\/novosite\/wp-content\/uploads\/2022\/01\/Foto-1-1-scaled-1.jpg","width":2560,"height":1154},{"@type":"BreadcrumbList","@id":"https:\/\/www.federassantas.org.br\/novosite\/santa-casa-de-pocos-de-caldas-adquire-10-novos-equipamentos-para-hemodialise\/#breadcrumb","itemListElement":[{"@type":"ListItem","position":1,"name":"In\u00edcio","item":"https:\/\/www.federassantas.org.br\/novosite\/"},{"@type":"ListItem","position":2,"name":"Santa Casa de Po\u00e7os de Caldas adquire 10 novos equipamentos para Hemodi\u00e1lise"}]},{"@type":"WebSite","@id":"https:\/\/www.federassantas.org.br\/novosite\/#website","url":"https:\/\/www.federassantas.org.br\/novosite\/","name":"Federassantas","description":"Fed. das Santas Casas e Hospitais Filantr\u00f3picos de MG","publisher":{"@id":"https:\/\/www.federassantas.org.br\/novosite\/#organization"},"potentialAction":[{"@type":"SearchAction","target":{"@type":"EntryPoint","urlTemplate":"https:\/\/www.federassantas.org.br\/novosite\/?s={search_term_string}"},"query-input":{"@type":"PropertyValueSpecification","valueRequired":true,"valueName":"search_term_string"}}],"inLanguage":"pt-BR"},{"@type":"Organization","@id":"https:\/\/www.federassantas.org.br\/novosite\/#organization","name":"Federassantas","url":"https:\/\/www.federassantas.org.br\/novosite\/","logo":{"@type":"ImageObject","inLanguage":"pt-BR","@id":"https:\/\/www.federassantas.org.br\/novosite\/#\/schema\/logo\/image\/","url":"https:\/\/www.federassantas.org.br\/novosite\/wp-content\/uploads\/2021\/12\/logo.png","contentUrl":"https:\/\/www.federassantas.org.br\/novosite\/wp-content\/uploads\/2021\/12\/logo.png","width":243,"height":59,"caption":"Federassantas"},"image":{"@id":"https:\/\/www.federassantas.org.br\/novosite\/#\/schema\/logo\/image\/"}},{"@type":"Person","@id":"https:\/\/www.federassantas.org.br\/novosite\/#\/schema\/person\/75fed98158349313fe56175f232f513c","name":"admin-federas","image":{"@type":"ImageObject","inLanguage":"pt-BR","@id":"https:\/\/www.federassantas.org.br\/novosite\/#\/schema\/person\/image\/","url":"https:\/\/secure.gravatar.com\/avatar\/2a02d7dda59fe8dc6b7ffd3f652e2efede5ccf0dd89dfdc8137c5517f3de8407?s=96&d=mm&r=g","contentUrl":"https:\/\/secure.gravatar.com\/avatar\/2a02d7dda59fe8dc6b7ffd3f652e2efede5ccf0dd89dfdc8137c5517f3de8407?s=96&d=mm&r=g","caption":"admin-federas"},"sameAs":["https:\/\/www.federassantas.org.br\/novosite\/"],"url":"https:\/\/www.federassantas.org.br\/novosite\/author\/admin-federas\/"}]}},"_links":{"self":[{"href":"https:\/\/www.federassantas.org.br\/novosite\/wp-json\/wp\/v2\/posts\/23183","targetHints":{"allow":["GET"]}}],"collection":[{"href":"https:\/\/www.federassantas.org.br\/novosite\/wp-json\/wp\/v2\/posts"}],"about":[{"href":"https:\/\/www.federassantas.org.br\/novosite\/wp-json\/wp\/v2\/types\/post"}],"author":[{"embeddable":true,"href":"https:\/\/www.federassantas.org.br\/novosite\/wp-json\/wp\/v2\/users\/1"}],"replies":[{"embeddable":true,"href":"https:\/\/www.federassantas.org.br\/novosite\/wp-json\/wp\/v2\/comments?post=23183"}],"version-history":[{"count":0,"href":"https:\/\/www.federassantas.org.br\/novosite\/wp-json\/wp\/v2\/posts\/23183\/revisions"}],"wp:featuredmedia":[{"embeddable":true,"href":"https:\/\/www.federassantas.org.br\/novosite\/wp-json\/wp\/v2\/media\/23186"}],"wp:attachment":[{"href":"https:\/\/www.federassantas.org.br\/novosite\/wp-json\/wp\/v2\/media?parent=23183"}],"wp:term":[{"taxonomy":"category","embeddable":true,"href":"https:\/\/www.federassantas.org.br\/novosite\/wp-json\/wp\/v2\/categories?post=23183"},{"taxonomy":"post_tag","embeddable":true,"href":"https:\/\/www.federassantas.org.br\/novosite\/wp-json\/wp\/v2\/tags?post=23183"}],"curies":[{"name":"wp","href":"https:\/\/api.w.org\/{rel}","templated":true}]}}