{"id":23211,"date":"2022-02-01T11:01:34","date_gmt":"2022-02-01T14:01:34","guid":{"rendered":"https:\/\/federasbackup.meltcomunicacao.com.br\/?p=23211"},"modified":"2022-02-01T11:01:34","modified_gmt":"2022-02-01T14:01:34","slug":"santa-casa-de-pocos-de-caldas-desenvolve-protocolo-de-saude-mental-para-pacientes-no-janeiro-branco","status":"publish","type":"post","link":"https:\/\/www.federassantas.org.br\/novosite\/santa-casa-de-pocos-de-caldas-desenvolve-protocolo-de-saude-mental-para-pacientes-no-janeiro-branco\/","title":{"rendered":"Santa Casa de Po\u00e7os de Caldas desenvolve protocolo de Sa\u00fade Mental para pacientes no Janeiro Branco"},"content":{"rendered":"\n<p>No dia 21 de janeiro, foi realizado um treinamento com os colaboradores da Santa Casa de Po\u00e7os de Caldas para aprenderem a utilizar o novo Protocolo de Sa\u00fade Mental, criado pela pr\u00f3pria equipe da Irmandade a\u00a0fim de observar e diagnosticar precocemente casos de pacientes que precisam de aten\u00e7\u00e3o e tratamento psicol\u00f3gico.<\/p>\n\n\n\n<p>A psic\u00f3loga da Irmandade, Am\u00e1lia&nbsp;Poloni Bruzadelli, conta que o intuito deste protocolo \u00e9 o cuidado, seguran\u00e7a e bem-estar dos pacientes da Irmandade.&nbsp;\u201cComo estamos no Janeiro Branco, como uma forma de mostrar que a Santa Casa se preocupa com os pacientes, n\u00f3s da Psicologia juntamente com o diretor t\u00e9cnico, Dr. Andr\u00e9, a equipe de enfermagem, a Diretora Assistencial Josiane Celis e com aux\u00edlio do setor da Qualidade, montamos um protocolo de Sa\u00fade Mental para todos os pacientes aqui do Hospital. \u00c9 uma avalia\u00e7\u00e3o bem espec\u00edfica feita pela equipe multidisciplinar analisando cada caso e o principal intuito \u00e9 o cuidado, seguran\u00e7a e bem-estar do paciente, observando as quest\u00f5es emocionais dele, al\u00e9m de auxiliar tamb\u00e9m a fam\u00edlia e acompanhantes deste\u201d, declara Am\u00e1lia.<\/p>\n\n\n\n<p>A psic\u00f3loga conta tamb\u00e9m sobre o treinamento realizado com os colaboradores da Irmandade. \u201cN\u00f3s fizemos um treinamento com a equipe multidisciplinar, principalmente com pessoal da enfermagem para saberem quando ser\u00e1 necess\u00e1rio ou n\u00e3o entrar com esse protocolo de Sa\u00fade Mental. N\u00f3s sabemos que, independente do diagn\u00f3stico do paciente, \u00e9 normal que ele se sinta fragilizado, muitas vezes ansioso e deprimido, e \u00e9 por casos assim que esse protocolo foi criado. Ele auxiliar\u00e1 na conduta m\u00e9dica e tamb\u00e9m nas quest\u00f5es emocionais que podem j\u00e1 vir acontecendo h\u00e1 algum tempo e que uma interna\u00e7\u00e3o isso tudo pode acabar se aflorando\u201d, acrescenta a psic\u00f3loga.<\/p>\n\n\n\n<p>O novo Diretor T\u00e9cnico da Santa Casa, Dr. Andr\u00e9 Reis, que assumiu o cargo no in\u00edcio de 2022, foi o idealizador deste protocolo e explica um pouco mais sobre como funcionar\u00e1. \u201cEste acompanhamento na literatura m\u00e9dica j\u00e1 \u00e9 uma coisa consagrada e em grandes hospitais tamb\u00e9m. Existe um time de resposta r\u00e1pida que \u00e9 formado principalmente por enfermeiras e pelo grupo de psic\u00f3logos do hospital que, atrav\u00e9s de instrumentos simples, como pequenos question\u00e1rios a beira de leito ou observa\u00e7\u00e3o de determinadas altera\u00e7\u00f5es na personalidade do paciente, eles podem chegar a intervir de uma maneira mais precoce e essa interven\u00e7\u00e3o ajuda a instituir um tratamento adequado, seja ele medicamentoso ou seja ele apenas de orienta\u00e7\u00e3o psicol\u00f3gico, evitando um desfecho negativo para o doente no que diz respeito \u00e0 sa\u00fade mental dele. Portanto, a equipe est\u00e1 acompanhando o paciente e, caso identifique algo, lan\u00e7ar\u00e1 esse aviso para o grupo de psic\u00f3logos que ir\u00e1 avali\u00e1-lo. Se o psic\u00f3logo entender que esse paciente precisa de um atendimento m\u00e9dico, a\u00ed o m\u00e9dico ser\u00e1 acionado\u2019\u2019 finaliza o doutor.<\/p>\n\n\n\n<figure class=\"wp-block-image size-medium\"><img fetchpriority=\"high\" decoding=\"async\" width=\"300\" height=\"195\" src=\"http:\/\/federasbackup.meltcomunicacao.com.br\/wp-content\/uploads\/2022\/02\/photo5170567354080406026-300x195.jpg\" alt=\"\" class=\"wp-image-23212\" srcset=\"https:\/\/www.federassantas.org.br\/novosite\/wp-content\/uploads\/2022\/02\/photo5170567354080406026-300x195.jpg 300w, https:\/\/www.federassantas.org.br\/novosite\/wp-content\/uploads\/2022\/02\/photo5170567354080406026-1024x666.jpg 1024w, https:\/\/www.federassantas.org.br\/novosite\/wp-content\/uploads\/2022\/02\/photo5170567354080406026-768x499.jpg 768w, https:\/\/www.federassantas.org.br\/novosite\/wp-content\/uploads\/2022\/02\/photo5170567354080406026.jpg 1280w\" sizes=\"(max-width: 300px) 100vw, 300px\" \/><figcaption>A psic\u00f3loga\u00a0Am\u00e1lia\u00a0Poloni Bruzadelli comandando o treinamento sobre o novo Protocolo de Sa\u00fade Mental com os colaboradores da Santa Casa<\/figcaption><\/figure>\n\n\n\n<p>Por: Assessoria\u00a0de Comunica\u00e7\u00e3o da Santa Casa de Po\u00e7os de Caldas<\/p>\n","protected":false},"excerpt":{"rendered":"<p>No dia 21 de janeiro, foi realizado um treinamento com os colaboradores da Santa Casa de Po\u00e7os de Caldas para aprenderem a utilizar o novo Protocolo de Sa\u00fade Mental, criado pela pr\u00f3pria equipe da Irmandade a\u00a0fim de observar e diagnosticar precocemente casos de pacientes que precisam de aten\u00e7\u00e3o e tratamento psicol\u00f3gico. A psic\u00f3loga da Irmandade, [&hellip;]<\/p>\n","protected":false},"author":1,"featured_media":23213,"comment_status":"open","ping_status":"open","sticky":false,"template":"","format":"standard","meta":{"footnotes":""},"categories":[140,139],"tags":[],"class_list":["post-23211","post","type-post","status-publish","format-standard","has-post-thumbnail","hentry","category-noticias","category-noticias-filiados"],"yoast_head":"<!-- This site is optimized with the Yoast SEO plugin v26.9 - https:\/\/yoast.com\/product\/yoast-seo-wordpress\/ -->\n<title>Santa Casa de Po\u00e7os de Caldas desenvolve protocolo de Sa\u00fade Mental para pacientes no Janeiro Branco - Federassantas<\/title>\n<meta name=\"robots\" content=\"index, follow, max-snippet:-1, max-image-preview:large, max-video-preview:-1\" \/>\n<link rel=\"canonical\" href=\"https:\/\/www.federassantas.org.br\/novosite\/santa-casa-de-pocos-de-caldas-desenvolve-protocolo-de-saude-mental-para-pacientes-no-janeiro-branco\/\" \/>\n<meta property=\"og:locale\" content=\"pt_BR\" \/>\n<meta property=\"og:type\" content=\"article\" \/>\n<meta property=\"og:title\" content=\"Santa Casa de Po\u00e7os de Caldas desenvolve protocolo de Sa\u00fade Mental para pacientes no Janeiro Branco - Federassantas\" \/>\n<meta property=\"og:description\" content=\"No dia 21 de janeiro, foi realizado um treinamento com os colaboradores da Santa Casa de Po\u00e7os de Caldas para aprenderem a utilizar o novo Protocolo de Sa\u00fade Mental, criado pela pr\u00f3pria equipe da Irmandade a\u00a0fim de observar e diagnosticar precocemente casos de pacientes que precisam de aten\u00e7\u00e3o e tratamento psicol\u00f3gico. A psic\u00f3loga da Irmandade, [&hellip;]\" \/>\n<meta property=\"og:url\" content=\"https:\/\/www.federassantas.org.br\/novosite\/santa-casa-de-pocos-de-caldas-desenvolve-protocolo-de-saude-mental-para-pacientes-no-janeiro-branco\/\" \/>\n<meta property=\"og:site_name\" content=\"Federassantas\" \/>\n<meta property=\"article:published_time\" content=\"2022-02-01T14:01:34+00:00\" \/>\n<meta property=\"og:image\" content=\"https:\/\/www.federassantas.org.br\/novosite\/wp-content\/uploads\/2022\/02\/photo5170567354080406025.jpg\" \/>\n\t<meta property=\"og:image:width\" content=\"1280\" \/>\n\t<meta property=\"og:image:height\" content=\"894\" \/>\n\t<meta property=\"og:image:type\" content=\"image\/jpeg\" \/>\n<meta name=\"author\" content=\"admin-federas\" \/>\n<meta name=\"twitter:card\" content=\"summary_large_image\" \/>\n<meta name=\"twitter:label1\" content=\"Escrito por\" \/>\n\t<meta name=\"twitter:data1\" content=\"admin-federas\" \/>\n\t<meta name=\"twitter:label2\" content=\"Est. tempo de leitura\" \/>\n\t<meta name=\"twitter:data2\" content=\"3 minutos\" \/>\n<script type=\"application\/ld+json\" class=\"yoast-schema-graph\">{\"@context\":\"https:\/\/schema.org\",\"@graph\":[{\"@type\":\"Article\",\"@id\":\"https:\/\/www.federassantas.org.br\/novosite\/santa-casa-de-pocos-de-caldas-desenvolve-protocolo-de-saude-mental-para-pacientes-no-janeiro-branco\/#article\",\"isPartOf\":{\"@id\":\"https:\/\/www.federassantas.org.br\/novosite\/santa-casa-de-pocos-de-caldas-desenvolve-protocolo-de-saude-mental-para-pacientes-no-janeiro-branco\/\"},\"author\":{\"name\":\"admin-federas\",\"@id\":\"https:\/\/www.federassantas.org.br\/novosite\/#\/schema\/person\/75fed98158349313fe56175f232f513c\"},\"headline\":\"Santa Casa de Po\u00e7os de Caldas desenvolve protocolo de Sa\u00fade Mental para pacientes no Janeiro Branco\",\"datePublished\":\"2022-02-01T14:01:34+00:00\",\"mainEntityOfPage\":{\"@id\":\"https:\/\/www.federassantas.org.br\/novosite\/santa-casa-de-pocos-de-caldas-desenvolve-protocolo-de-saude-mental-para-pacientes-no-janeiro-branco\/\"},\"wordCount\":546,\"commentCount\":0,\"publisher\":{\"@id\":\"https:\/\/www.federassantas.org.br\/novosite\/#organization\"},\"image\":{\"@id\":\"https:\/\/www.federassantas.org.br\/novosite\/santa-casa-de-pocos-de-caldas-desenvolve-protocolo-de-saude-mental-para-pacientes-no-janeiro-branco\/#primaryimage\"},\"thumbnailUrl\":\"https:\/\/www.federassantas.org.br\/novosite\/wp-content\/uploads\/2022\/02\/photo5170567354080406025.jpg\",\"articleSection\":[\"Not\u00edcias\",\"Not\u00edcias filiados\"],\"inLanguage\":\"pt-BR\",\"potentialAction\":[{\"@type\":\"CommentAction\",\"name\":\"Comment\",\"target\":[\"https:\/\/www.federassantas.org.br\/novosite\/santa-casa-de-pocos-de-caldas-desenvolve-protocolo-de-saude-mental-para-pacientes-no-janeiro-branco\/#respond\"]}]},{\"@type\":\"WebPage\",\"@id\":\"https:\/\/www.federassantas.org.br\/novosite\/santa-casa-de-pocos-de-caldas-desenvolve-protocolo-de-saude-mental-para-pacientes-no-janeiro-branco\/\",\"url\":\"https:\/\/www.federassantas.org.br\/novosite\/santa-casa-de-pocos-de-caldas-desenvolve-protocolo-de-saude-mental-para-pacientes-no-janeiro-branco\/\",\"name\":\"Santa Casa de Po\u00e7os de Caldas desenvolve protocolo de Sa\u00fade Mental para pacientes no Janeiro Branco - Federassantas\",\"isPartOf\":{\"@id\":\"https:\/\/www.federassantas.org.br\/novosite\/#website\"},\"primaryImageOfPage\":{\"@id\":\"https:\/\/www.federassantas.org.br\/novosite\/santa-casa-de-pocos-de-caldas-desenvolve-protocolo-de-saude-mental-para-pacientes-no-janeiro-branco\/#primaryimage\"},\"image\":{\"@id\":\"https:\/\/www.federassantas.org.br\/novosite\/santa-casa-de-pocos-de-caldas-desenvolve-protocolo-de-saude-mental-para-pacientes-no-janeiro-branco\/#primaryimage\"},\"thumbnailUrl\":\"https:\/\/www.federassantas.org.br\/novosite\/wp-content\/uploads\/2022\/02\/photo5170567354080406025.jpg\",\"datePublished\":\"2022-02-01T14:01:34+00:00\",\"breadcrumb\":{\"@id\":\"https:\/\/www.federassantas.org.br\/novosite\/santa-casa-de-pocos-de-caldas-desenvolve-protocolo-de-saude-mental-para-pacientes-no-janeiro-branco\/#breadcrumb\"},\"inLanguage\":\"pt-BR\",\"potentialAction\":[{\"@type\":\"ReadAction\",\"target\":[\"https:\/\/www.federassantas.org.br\/novosite\/santa-casa-de-pocos-de-caldas-desenvolve-protocolo-de-saude-mental-para-pacientes-no-janeiro-branco\/\"]}]},{\"@type\":\"ImageObject\",\"inLanguage\":\"pt-BR\",\"@id\":\"https:\/\/www.federassantas.org.br\/novosite\/santa-casa-de-pocos-de-caldas-desenvolve-protocolo-de-saude-mental-para-pacientes-no-janeiro-branco\/#primaryimage\",\"url\":\"https:\/\/www.federassantas.org.br\/novosite\/wp-content\/uploads\/2022\/02\/photo5170567354080406025.jpg\",\"contentUrl\":\"https:\/\/www.federassantas.org.br\/novosite\/wp-content\/uploads\/2022\/02\/photo5170567354080406025.jpg\",\"width\":1280,\"height\":894},{\"@type\":\"BreadcrumbList\",\"@id\":\"https:\/\/www.federassantas.org.br\/novosite\/santa-casa-de-pocos-de-caldas-desenvolve-protocolo-de-saude-mental-para-pacientes-no-janeiro-branco\/#breadcrumb\",\"itemListElement\":[{\"@type\":\"ListItem\",\"position\":1,\"name\":\"In\u00edcio\",\"item\":\"https:\/\/www.federassantas.org.br\/novosite\/\"},{\"@type\":\"ListItem\",\"position\":2,\"name\":\"Santa Casa de Po\u00e7os de Caldas desenvolve protocolo de Sa\u00fade Mental para pacientes no Janeiro Branco\"}]},{\"@type\":\"WebSite\",\"@id\":\"https:\/\/www.federassantas.org.br\/novosite\/#website\",\"url\":\"https:\/\/www.federassantas.org.br\/novosite\/\",\"name\":\"Federassantas\",\"description\":\"Fed. das Santas Casas e Hospitais Filantr\u00f3picos de MG\",\"publisher\":{\"@id\":\"https:\/\/www.federassantas.org.br\/novosite\/#organization\"},\"potentialAction\":[{\"@type\":\"SearchAction\",\"target\":{\"@type\":\"EntryPoint\",\"urlTemplate\":\"https:\/\/www.federassantas.org.br\/novosite\/?s={search_term_string}\"},\"query-input\":{\"@type\":\"PropertyValueSpecification\",\"valueRequired\":true,\"valueName\":\"search_term_string\"}}],\"inLanguage\":\"pt-BR\"},{\"@type\":\"Organization\",\"@id\":\"https:\/\/www.federassantas.org.br\/novosite\/#organization\",\"name\":\"Federassantas\",\"url\":\"https:\/\/www.federassantas.org.br\/novosite\/\",\"logo\":{\"@type\":\"ImageObject\",\"inLanguage\":\"pt-BR\",\"@id\":\"https:\/\/www.federassantas.org.br\/novosite\/#\/schema\/logo\/image\/\",\"url\":\"https:\/\/www.federassantas.org.br\/novosite\/wp-content\/uploads\/2021\/12\/logo.png\",\"contentUrl\":\"https:\/\/www.federassantas.org.br\/novosite\/wp-content\/uploads\/2021\/12\/logo.png\",\"width\":243,\"height\":59,\"caption\":\"Federassantas\"},\"image\":{\"@id\":\"https:\/\/www.federassantas.org.br\/novosite\/#\/schema\/logo\/image\/\"}},{\"@type\":\"Person\",\"@id\":\"https:\/\/www.federassantas.org.br\/novosite\/#\/schema\/person\/75fed98158349313fe56175f232f513c\",\"name\":\"admin-federas\",\"image\":{\"@type\":\"ImageObject\",\"inLanguage\":\"pt-BR\",\"@id\":\"https:\/\/www.federassantas.org.br\/novosite\/#\/schema\/person\/image\/\",\"url\":\"https:\/\/secure.gravatar.com\/avatar\/2a02d7dda59fe8dc6b7ffd3f652e2efede5ccf0dd89dfdc8137c5517f3de8407?s=96&d=mm&r=g\",\"contentUrl\":\"https:\/\/secure.gravatar.com\/avatar\/2a02d7dda59fe8dc6b7ffd3f652e2efede5ccf0dd89dfdc8137c5517f3de8407?s=96&d=mm&r=g\",\"caption\":\"admin-federas\"},\"sameAs\":[\"https:\/\/www.federassantas.org.br\/novosite\/\"],\"url\":\"https:\/\/www.federassantas.org.br\/novosite\/author\/admin-federas\/\"}]}<\/script>\n<!-- \/ Yoast SEO plugin. -->","yoast_head_json":{"title":"Santa Casa de Po\u00e7os de Caldas desenvolve protocolo de Sa\u00fade Mental para pacientes no Janeiro Branco - Federassantas","robots":{"index":"index","follow":"follow","max-snippet":"max-snippet:-1","max-image-preview":"max-image-preview:large","max-video-preview":"max-video-preview:-1"},"canonical":"https:\/\/www.federassantas.org.br\/novosite\/santa-casa-de-pocos-de-caldas-desenvolve-protocolo-de-saude-mental-para-pacientes-no-janeiro-branco\/","og_locale":"pt_BR","og_type":"article","og_title":"Santa Casa de Po\u00e7os de Caldas desenvolve protocolo de Sa\u00fade Mental para pacientes no Janeiro Branco - Federassantas","og_description":"No dia 21 de janeiro, foi realizado um treinamento com os colaboradores da Santa Casa de Po\u00e7os de Caldas para aprenderem a utilizar o novo Protocolo de Sa\u00fade Mental, criado pela pr\u00f3pria equipe da Irmandade a\u00a0fim de observar e diagnosticar precocemente casos de pacientes que precisam de aten\u00e7\u00e3o e tratamento psicol\u00f3gico. A psic\u00f3loga da Irmandade, [&hellip;]","og_url":"https:\/\/www.federassantas.org.br\/novosite\/santa-casa-de-pocos-de-caldas-desenvolve-protocolo-de-saude-mental-para-pacientes-no-janeiro-branco\/","og_site_name":"Federassantas","article_published_time":"2022-02-01T14:01:34+00:00","og_image":[{"width":1280,"height":894,"url":"https:\/\/www.federassantas.org.br\/novosite\/wp-content\/uploads\/2022\/02\/photo5170567354080406025.jpg","type":"image\/jpeg"}],"author":"admin-federas","twitter_card":"summary_large_image","twitter_misc":{"Escrito por":"admin-federas","Est. tempo de leitura":"3 minutos"},"schema":{"@context":"https:\/\/schema.org","@graph":[{"@type":"Article","@id":"https:\/\/www.federassantas.org.br\/novosite\/santa-casa-de-pocos-de-caldas-desenvolve-protocolo-de-saude-mental-para-pacientes-no-janeiro-branco\/#article","isPartOf":{"@id":"https:\/\/www.federassantas.org.br\/novosite\/santa-casa-de-pocos-de-caldas-desenvolve-protocolo-de-saude-mental-para-pacientes-no-janeiro-branco\/"},"author":{"name":"admin-federas","@id":"https:\/\/www.federassantas.org.br\/novosite\/#\/schema\/person\/75fed98158349313fe56175f232f513c"},"headline":"Santa Casa de Po\u00e7os de Caldas desenvolve protocolo de Sa\u00fade Mental para pacientes no Janeiro Branco","datePublished":"2022-02-01T14:01:34+00:00","mainEntityOfPage":{"@id":"https:\/\/www.federassantas.org.br\/novosite\/santa-casa-de-pocos-de-caldas-desenvolve-protocolo-de-saude-mental-para-pacientes-no-janeiro-branco\/"},"wordCount":546,"commentCount":0,"publisher":{"@id":"https:\/\/www.federassantas.org.br\/novosite\/#organization"},"image":{"@id":"https:\/\/www.federassantas.org.br\/novosite\/santa-casa-de-pocos-de-caldas-desenvolve-protocolo-de-saude-mental-para-pacientes-no-janeiro-branco\/#primaryimage"},"thumbnailUrl":"https:\/\/www.federassantas.org.br\/novosite\/wp-content\/uploads\/2022\/02\/photo5170567354080406025.jpg","articleSection":["Not\u00edcias","Not\u00edcias filiados"],"inLanguage":"pt-BR","potentialAction":[{"@type":"CommentAction","name":"Comment","target":["https:\/\/www.federassantas.org.br\/novosite\/santa-casa-de-pocos-de-caldas-desenvolve-protocolo-de-saude-mental-para-pacientes-no-janeiro-branco\/#respond"]}]},{"@type":"WebPage","@id":"https:\/\/www.federassantas.org.br\/novosite\/santa-casa-de-pocos-de-caldas-desenvolve-protocolo-de-saude-mental-para-pacientes-no-janeiro-branco\/","url":"https:\/\/www.federassantas.org.br\/novosite\/santa-casa-de-pocos-de-caldas-desenvolve-protocolo-de-saude-mental-para-pacientes-no-janeiro-branco\/","name":"Santa Casa de Po\u00e7os de Caldas desenvolve protocolo de Sa\u00fade Mental para pacientes no Janeiro Branco - Federassantas","isPartOf":{"@id":"https:\/\/www.federassantas.org.br\/novosite\/#website"},"primaryImageOfPage":{"@id":"https:\/\/www.federassantas.org.br\/novosite\/santa-casa-de-pocos-de-caldas-desenvolve-protocolo-de-saude-mental-para-pacientes-no-janeiro-branco\/#primaryimage"},"image":{"@id":"https:\/\/www.federassantas.org.br\/novosite\/santa-casa-de-pocos-de-caldas-desenvolve-protocolo-de-saude-mental-para-pacientes-no-janeiro-branco\/#primaryimage"},"thumbnailUrl":"https:\/\/www.federassantas.org.br\/novosite\/wp-content\/uploads\/2022\/02\/photo5170567354080406025.jpg","datePublished":"2022-02-01T14:01:34+00:00","breadcrumb":{"@id":"https:\/\/www.federassantas.org.br\/novosite\/santa-casa-de-pocos-de-caldas-desenvolve-protocolo-de-saude-mental-para-pacientes-no-janeiro-branco\/#breadcrumb"},"inLanguage":"pt-BR","potentialAction":[{"@type":"ReadAction","target":["https:\/\/www.federassantas.org.br\/novosite\/santa-casa-de-pocos-de-caldas-desenvolve-protocolo-de-saude-mental-para-pacientes-no-janeiro-branco\/"]}]},{"@type":"ImageObject","inLanguage":"pt-BR","@id":"https:\/\/www.federassantas.org.br\/novosite\/santa-casa-de-pocos-de-caldas-desenvolve-protocolo-de-saude-mental-para-pacientes-no-janeiro-branco\/#primaryimage","url":"https:\/\/www.federassantas.org.br\/novosite\/wp-content\/uploads\/2022\/02\/photo5170567354080406025.jpg","contentUrl":"https:\/\/www.federassantas.org.br\/novosite\/wp-content\/uploads\/2022\/02\/photo5170567354080406025.jpg","width":1280,"height":894},{"@type":"BreadcrumbList","@id":"https:\/\/www.federassantas.org.br\/novosite\/santa-casa-de-pocos-de-caldas-desenvolve-protocolo-de-saude-mental-para-pacientes-no-janeiro-branco\/#breadcrumb","itemListElement":[{"@type":"ListItem","position":1,"name":"In\u00edcio","item":"https:\/\/www.federassantas.org.br\/novosite\/"},{"@type":"ListItem","position":2,"name":"Santa Casa de Po\u00e7os de Caldas desenvolve protocolo de Sa\u00fade Mental para pacientes no Janeiro Branco"}]},{"@type":"WebSite","@id":"https:\/\/www.federassantas.org.br\/novosite\/#website","url":"https:\/\/www.federassantas.org.br\/novosite\/","name":"Federassantas","description":"Fed. das Santas Casas e Hospitais Filantr\u00f3picos de MG","publisher":{"@id":"https:\/\/www.federassantas.org.br\/novosite\/#organization"},"potentialAction":[{"@type":"SearchAction","target":{"@type":"EntryPoint","urlTemplate":"https:\/\/www.federassantas.org.br\/novosite\/?s={search_term_string}"},"query-input":{"@type":"PropertyValueSpecification","valueRequired":true,"valueName":"search_term_string"}}],"inLanguage":"pt-BR"},{"@type":"Organization","@id":"https:\/\/www.federassantas.org.br\/novosite\/#organization","name":"Federassantas","url":"https:\/\/www.federassantas.org.br\/novosite\/","logo":{"@type":"ImageObject","inLanguage":"pt-BR","@id":"https:\/\/www.federassantas.org.br\/novosite\/#\/schema\/logo\/image\/","url":"https:\/\/www.federassantas.org.br\/novosite\/wp-content\/uploads\/2021\/12\/logo.png","contentUrl":"https:\/\/www.federassantas.org.br\/novosite\/wp-content\/uploads\/2021\/12\/logo.png","width":243,"height":59,"caption":"Federassantas"},"image":{"@id":"https:\/\/www.federassantas.org.br\/novosite\/#\/schema\/logo\/image\/"}},{"@type":"Person","@id":"https:\/\/www.federassantas.org.br\/novosite\/#\/schema\/person\/75fed98158349313fe56175f232f513c","name":"admin-federas","image":{"@type":"ImageObject","inLanguage":"pt-BR","@id":"https:\/\/www.federassantas.org.br\/novosite\/#\/schema\/person\/image\/","url":"https:\/\/secure.gravatar.com\/avatar\/2a02d7dda59fe8dc6b7ffd3f652e2efede5ccf0dd89dfdc8137c5517f3de8407?s=96&d=mm&r=g","contentUrl":"https:\/\/secure.gravatar.com\/avatar\/2a02d7dda59fe8dc6b7ffd3f652e2efede5ccf0dd89dfdc8137c5517f3de8407?s=96&d=mm&r=g","caption":"admin-federas"},"sameAs":["https:\/\/www.federassantas.org.br\/novosite\/"],"url":"https:\/\/www.federassantas.org.br\/novosite\/author\/admin-federas\/"}]}},"_links":{"self":[{"href":"https:\/\/www.federassantas.org.br\/novosite\/wp-json\/wp\/v2\/posts\/23211","targetHints":{"allow":["GET"]}}],"collection":[{"href":"https:\/\/www.federassantas.org.br\/novosite\/wp-json\/wp\/v2\/posts"}],"about":[{"href":"https:\/\/www.federassantas.org.br\/novosite\/wp-json\/wp\/v2\/types\/post"}],"author":[{"embeddable":true,"href":"https:\/\/www.federassantas.org.br\/novosite\/wp-json\/wp\/v2\/users\/1"}],"replies":[{"embeddable":true,"href":"https:\/\/www.federassantas.org.br\/novosite\/wp-json\/wp\/v2\/comments?post=23211"}],"version-history":[{"count":0,"href":"https:\/\/www.federassantas.org.br\/novosite\/wp-json\/wp\/v2\/posts\/23211\/revisions"}],"wp:featuredmedia":[{"embeddable":true,"href":"https:\/\/www.federassantas.org.br\/novosite\/wp-json\/wp\/v2\/media\/23213"}],"wp:attachment":[{"href":"https:\/\/www.federassantas.org.br\/novosite\/wp-json\/wp\/v2\/media?parent=23211"}],"wp:term":[{"taxonomy":"category","embeddable":true,"href":"https:\/\/www.federassantas.org.br\/novosite\/wp-json\/wp\/v2\/categories?post=23211"},{"taxonomy":"post_tag","embeddable":true,"href":"https:\/\/www.federassantas.org.br\/novosite\/wp-json\/wp\/v2\/tags?post=23211"}],"curies":[{"name":"wp","href":"https:\/\/api.w.org\/{rel}","templated":true}]}}