{"id":23218,"date":"2022-02-01T15:01:13","date_gmt":"2022-02-01T18:01:13","guid":{"rendered":"https:\/\/federasbackup.meltcomunicacao.com.br\/?p=23218"},"modified":"2022-02-01T15:01:13","modified_gmt":"2022-02-01T18:01:13","slug":"agora-somos-clinica-de-transicao-paulo-de-tarso","status":"publish","type":"post","link":"https:\/\/www.federassantas.org.br\/novosite\/agora-somos-clinica-de-transicao-paulo-de-tarso\/","title":{"rendered":"Hospital de Transi\u00e7\u00e3o Paulo de Tarso agora \u00e9 Cl\u00ednica"},"content":{"rendered":"\n<p><em>A mudan\u00e7a de marca deixar\u00e1 mais claro para pacientes, familiares e parceiros o que fazer quando \u00e9 necess\u00e1rio sair do hospital geral, mas ainda n\u00e3o se est\u00e1 totalmente preparado para o retorno ao lar.<\/em><\/p>\n\n\n\n<p>A Rede Paulo de Tarso n\u00e3o para de evoluir e 2022 come\u00e7ou com mudan\u00e7as estrat\u00e9gicas na institui\u00e7\u00e3o: o hospital passa a se chamar Cl\u00ednica de Transi\u00e7\u00e3o Paulo de Tarso. O novo posicionamento de Comunica\u00e7\u00e3o e Marketing foi pensado para fazer com que mais pessoas conhe\u00e7am os Cuidados Continuados Integrados que s\u00f3 a institui\u00e7\u00e3o oferece em Minas Gerais.<\/p>\n\n\n\n<p>A mudan\u00e7a de nomenclatura visa tirar a vis\u00e3o de competi\u00e7\u00e3o entre hospitais, favorecendo a fala de desospitaliza\u00e7\u00e3o enquanto estrat\u00e9gia de transi\u00e7\u00e3o. Neste modelo de cl\u00ednica, a abordagem \u00e9 pautada na promo\u00e7\u00e3o e preserva\u00e7\u00e3o das funcionalidades e da qualidade de vida dos clientes. Oferece terapias de elevado contato humano e tecnologia leve para pessoas com perda de autonomia e decl\u00ednio funcional, que demandam atendimentos em Reabilita\u00e7\u00e3o, Cuidados Cr\u00f4nicos e Cuidados Paliativos. A seguran\u00e7a e ambi\u00eancia s\u00e3o elementos que destacam e diferenciam uma unidade de transi\u00e7\u00e3o de um hospital geral.<\/p>\n\n\n\n<p>A Superintendente T\u00e9cnica da Rede Paulo de Tarso, Ana Carolina de Souza, destaca que o modelo de interna\u00e7\u00e3o para transi\u00e7\u00e3o de cuidados (\u00fanico no Estado) se difere do modelo hospitalar tradicional: \u201cNossa miss\u00e3o, valores, ess\u00eancia, qualidade, seguran\u00e7a e cuidado centrado no cliente n\u00e3o mudaram. Continuamos engajados na efetiva transi\u00e7\u00e3o de cuidados na modalidade de interna\u00e7\u00e3o, sendo a ponte entre o hospital geral e o lar. Preparamos o paciente que passou por mudan\u00e7as no seu estado funcional ou de sa\u00fade e seus familiares para esse novo momento da vida\u201d.<\/p>\n\n\n\n<p>De acordo com o Diretor T\u00e9cnico da Rede Paulo de Tarso, Dr. Vin\u00edcius Lisboa, essa mudan\u00e7a de marca melhora o entendimento sobre a transi\u00e7\u00e3o de cuidados: \u201cOferecemos um plano de cuidados personalizado para garantir a recupera\u00e7\u00e3o adequada, no momento em que o paciente precisa de suportes integrados. Com apoio da equipe transdisciplinar, realizamos a retirada de dispositivos como traqueostomia, gastrostomia e ventila\u00e7\u00e3o mec\u00e2nica, permitindo que eles redescubram os prazeres nas coisas simples da vida\u201d.<\/p>\n\n\n\n<p><strong>Sobre a Cl\u00ednica de Transi\u00e7\u00e3o Paulo de Tarso<\/strong><\/p>\n\n\n\n<p>A ess\u00eancia da institui\u00e7\u00e3o continuar\u00e1 a mesma, que \u00e9 oferecer o verdadeiro cuidar que transforma vidas. \u00c9 a ponte entre o hospital e o lar, visando a reabilita\u00e7\u00e3o e a readapta\u00e7\u00e3o, garantindo qualidade de vida e maior autonomia para quem esteve ou est\u00e1 internado por algum tempo e j\u00e1 passou pela fase aguda da doen\u00e7a, mas ainda precisa de cuidados de alta intensidade.<\/p>\n\n\n\n<p>J\u00e1 transformaram a vida de Dona Regina e de milhares de pacientes, que voltaram a respirar e se alimentar livremente, conversar, caminhar, dirigir, cozinhar, trabalhar e cuidar de quem eles amam. Conhe\u00e7a a hist\u00f3ria da Dona Regina: <a href=\"https:\/\/youtu.be\/s3LjSlWOzwQ\">https:\/\/youtu.be\/s3LjSlWOzwQ<\/a><\/p>\n\n\n\n<p>Quer saber mais sobre os servi\u00e7os? Ligue para (31) 3191-4179 ou mande uma mensagem de WhatsApp para (31) 97365-4363.<\/p>\n\n\n\n<p>Acesse tamb\u00e9m o hotsite:\u00a0 <a href=\"https:\/\/cuidadosespecializados.redepaulodetarso.com.br\/\">https:\/\/cuidadosespecializados.redepaulodetarso.com.br\/<\/a><\/p>\n\n\n\n<p><\/p>\n\n\n\n<p>Por: Comunica\u00e7\u00e3o Cl\u00ednica Paulo de Tarso<br>Foto: Gabriel Ara\u00fajo<\/p>\n","protected":false},"excerpt":{"rendered":"<p>A mudan\u00e7a de marca deixar\u00e1 mais claro para pacientes, familiares e parceiros o que fazer quando \u00e9 necess\u00e1rio sair do hospital geral, mas ainda n\u00e3o se est\u00e1 totalmente preparado para o retorno ao lar. A Rede Paulo de Tarso n\u00e3o para de evoluir e 2022 come\u00e7ou com mudan\u00e7as estrat\u00e9gicas na institui\u00e7\u00e3o: o hospital passa a [&hellip;]<\/p>\n","protected":false},"author":1,"featured_media":23219,"comment_status":"open","ping_status":"open","sticky":false,"template":"","format":"standard","meta":{"footnotes":""},"categories":[140,139],"tags":[],"class_list":["post-23218","post","type-post","status-publish","format-standard","has-post-thumbnail","hentry","category-noticias","category-noticias-filiados"],"yoast_head":"<!-- This site is optimized with the Yoast SEO plugin v26.9 - https:\/\/yoast.com\/product\/yoast-seo-wordpress\/ -->\n<title>Hospital de Transi\u00e7\u00e3o Paulo de Tarso agora \u00e9 Cl\u00ednica - Federassantas<\/title>\n<meta name=\"robots\" content=\"index, follow, max-snippet:-1, max-image-preview:large, max-video-preview:-1\" \/>\n<link rel=\"canonical\" href=\"https:\/\/www.federassantas.org.br\/novosite\/agora-somos-clinica-de-transicao-paulo-de-tarso\/\" \/>\n<meta property=\"og:locale\" content=\"pt_BR\" \/>\n<meta property=\"og:type\" content=\"article\" \/>\n<meta property=\"og:title\" content=\"Hospital de Transi\u00e7\u00e3o Paulo de Tarso agora \u00e9 Cl\u00ednica - Federassantas\" \/>\n<meta property=\"og:description\" content=\"A mudan\u00e7a de marca deixar\u00e1 mais claro para pacientes, familiares e parceiros o que fazer quando \u00e9 necess\u00e1rio sair do hospital geral, mas ainda n\u00e3o se est\u00e1 totalmente preparado para o retorno ao lar. A Rede Paulo de Tarso n\u00e3o para de evoluir e 2022 come\u00e7ou com mudan\u00e7as estrat\u00e9gicas na institui\u00e7\u00e3o: o hospital passa a [&hellip;]\" \/>\n<meta property=\"og:url\" content=\"https:\/\/www.federassantas.org.br\/novosite\/agora-somos-clinica-de-transicao-paulo-de-tarso\/\" \/>\n<meta property=\"og:site_name\" content=\"Federassantas\" \/>\n<meta property=\"article:published_time\" content=\"2022-02-01T18:01:13+00:00\" \/>\n<meta property=\"og:image\" content=\"https:\/\/www.federassantas.org.br\/novosite\/wp-content\/uploads\/2022\/02\/16GabrielAraujo_F2A1125.jpg\" \/>\n\t<meta property=\"og:image:width\" content=\"1200\" \/>\n\t<meta property=\"og:image:height\" content=\"800\" \/>\n\t<meta property=\"og:image:type\" content=\"image\/jpeg\" \/>\n<meta name=\"author\" content=\"admin-federas\" \/>\n<meta name=\"twitter:card\" content=\"summary_large_image\" \/>\n<meta name=\"twitter:label1\" content=\"Escrito por\" \/>\n\t<meta name=\"twitter:data1\" content=\"admin-federas\" \/>\n\t<meta name=\"twitter:label2\" content=\"Est. tempo de leitura\" \/>\n\t<meta name=\"twitter:data2\" content=\"3 minutos\" \/>\n<script type=\"application\/ld+json\" class=\"yoast-schema-graph\">{\"@context\":\"https:\/\/schema.org\",\"@graph\":[{\"@type\":\"Article\",\"@id\":\"https:\/\/www.federassantas.org.br\/novosite\/agora-somos-clinica-de-transicao-paulo-de-tarso\/#article\",\"isPartOf\":{\"@id\":\"https:\/\/www.federassantas.org.br\/novosite\/agora-somos-clinica-de-transicao-paulo-de-tarso\/\"},\"author\":{\"name\":\"admin-federas\",\"@id\":\"https:\/\/www.federassantas.org.br\/novosite\/#\/schema\/person\/75fed98158349313fe56175f232f513c\"},\"headline\":\"Hospital de Transi\u00e7\u00e3o Paulo de Tarso agora \u00e9 Cl\u00ednica\",\"datePublished\":\"2022-02-01T18:01:13+00:00\",\"mainEntityOfPage\":{\"@id\":\"https:\/\/www.federassantas.org.br\/novosite\/agora-somos-clinica-de-transicao-paulo-de-tarso\/\"},\"wordCount\":554,\"commentCount\":0,\"publisher\":{\"@id\":\"https:\/\/www.federassantas.org.br\/novosite\/#organization\"},\"image\":{\"@id\":\"https:\/\/www.federassantas.org.br\/novosite\/agora-somos-clinica-de-transicao-paulo-de-tarso\/#primaryimage\"},\"thumbnailUrl\":\"https:\/\/www.federassantas.org.br\/novosite\/wp-content\/uploads\/2022\/02\/16GabrielAraujo_F2A1125.jpg\",\"articleSection\":[\"Not\u00edcias\",\"Not\u00edcias filiados\"],\"inLanguage\":\"pt-BR\",\"potentialAction\":[{\"@type\":\"CommentAction\",\"name\":\"Comment\",\"target\":[\"https:\/\/www.federassantas.org.br\/novosite\/agora-somos-clinica-de-transicao-paulo-de-tarso\/#respond\"]}]},{\"@type\":\"WebPage\",\"@id\":\"https:\/\/www.federassantas.org.br\/novosite\/agora-somos-clinica-de-transicao-paulo-de-tarso\/\",\"url\":\"https:\/\/www.federassantas.org.br\/novosite\/agora-somos-clinica-de-transicao-paulo-de-tarso\/\",\"name\":\"Hospital de Transi\u00e7\u00e3o Paulo de Tarso agora \u00e9 Cl\u00ednica - Federassantas\",\"isPartOf\":{\"@id\":\"https:\/\/www.federassantas.org.br\/novosite\/#website\"},\"primaryImageOfPage\":{\"@id\":\"https:\/\/www.federassantas.org.br\/novosite\/agora-somos-clinica-de-transicao-paulo-de-tarso\/#primaryimage\"},\"image\":{\"@id\":\"https:\/\/www.federassantas.org.br\/novosite\/agora-somos-clinica-de-transicao-paulo-de-tarso\/#primaryimage\"},\"thumbnailUrl\":\"https:\/\/www.federassantas.org.br\/novosite\/wp-content\/uploads\/2022\/02\/16GabrielAraujo_F2A1125.jpg\",\"datePublished\":\"2022-02-01T18:01:13+00:00\",\"breadcrumb\":{\"@id\":\"https:\/\/www.federassantas.org.br\/novosite\/agora-somos-clinica-de-transicao-paulo-de-tarso\/#breadcrumb\"},\"inLanguage\":\"pt-BR\",\"potentialAction\":[{\"@type\":\"ReadAction\",\"target\":[\"https:\/\/www.federassantas.org.br\/novosite\/agora-somos-clinica-de-transicao-paulo-de-tarso\/\"]}]},{\"@type\":\"ImageObject\",\"inLanguage\":\"pt-BR\",\"@id\":\"https:\/\/www.federassantas.org.br\/novosite\/agora-somos-clinica-de-transicao-paulo-de-tarso\/#primaryimage\",\"url\":\"https:\/\/www.federassantas.org.br\/novosite\/wp-content\/uploads\/2022\/02\/16GabrielAraujo_F2A1125.jpg\",\"contentUrl\":\"https:\/\/www.federassantas.org.br\/novosite\/wp-content\/uploads\/2022\/02\/16GabrielAraujo_F2A1125.jpg\",\"width\":1200,\"height\":800},{\"@type\":\"BreadcrumbList\",\"@id\":\"https:\/\/www.federassantas.org.br\/novosite\/agora-somos-clinica-de-transicao-paulo-de-tarso\/#breadcrumb\",\"itemListElement\":[{\"@type\":\"ListItem\",\"position\":1,\"name\":\"In\u00edcio\",\"item\":\"https:\/\/www.federassantas.org.br\/novosite\/\"},{\"@type\":\"ListItem\",\"position\":2,\"name\":\"Hospital de Transi\u00e7\u00e3o Paulo de Tarso agora \u00e9 Cl\u00ednica\"}]},{\"@type\":\"WebSite\",\"@id\":\"https:\/\/www.federassantas.org.br\/novosite\/#website\",\"url\":\"https:\/\/www.federassantas.org.br\/novosite\/\",\"name\":\"Federassantas\",\"description\":\"Fed. das Santas Casas e Hospitais Filantr\u00f3picos de MG\",\"publisher\":{\"@id\":\"https:\/\/www.federassantas.org.br\/novosite\/#organization\"},\"potentialAction\":[{\"@type\":\"SearchAction\",\"target\":{\"@type\":\"EntryPoint\",\"urlTemplate\":\"https:\/\/www.federassantas.org.br\/novosite\/?s={search_term_string}\"},\"query-input\":{\"@type\":\"PropertyValueSpecification\",\"valueRequired\":true,\"valueName\":\"search_term_string\"}}],\"inLanguage\":\"pt-BR\"},{\"@type\":\"Organization\",\"@id\":\"https:\/\/www.federassantas.org.br\/novosite\/#organization\",\"name\":\"Federassantas\",\"url\":\"https:\/\/www.federassantas.org.br\/novosite\/\",\"logo\":{\"@type\":\"ImageObject\",\"inLanguage\":\"pt-BR\",\"@id\":\"https:\/\/www.federassantas.org.br\/novosite\/#\/schema\/logo\/image\/\",\"url\":\"https:\/\/www.federassantas.org.br\/novosite\/wp-content\/uploads\/2021\/12\/logo.png\",\"contentUrl\":\"https:\/\/www.federassantas.org.br\/novosite\/wp-content\/uploads\/2021\/12\/logo.png\",\"width\":243,\"height\":59,\"caption\":\"Federassantas\"},\"image\":{\"@id\":\"https:\/\/www.federassantas.org.br\/novosite\/#\/schema\/logo\/image\/\"}},{\"@type\":\"Person\",\"@id\":\"https:\/\/www.federassantas.org.br\/novosite\/#\/schema\/person\/75fed98158349313fe56175f232f513c\",\"name\":\"admin-federas\",\"image\":{\"@type\":\"ImageObject\",\"inLanguage\":\"pt-BR\",\"@id\":\"https:\/\/www.federassantas.org.br\/novosite\/#\/schema\/person\/image\/\",\"url\":\"https:\/\/secure.gravatar.com\/avatar\/2a02d7dda59fe8dc6b7ffd3f652e2efede5ccf0dd89dfdc8137c5517f3de8407?s=96&d=mm&r=g\",\"contentUrl\":\"https:\/\/secure.gravatar.com\/avatar\/2a02d7dda59fe8dc6b7ffd3f652e2efede5ccf0dd89dfdc8137c5517f3de8407?s=96&d=mm&r=g\",\"caption\":\"admin-federas\"},\"sameAs\":[\"https:\/\/www.federassantas.org.br\/novosite\/\"],\"url\":\"https:\/\/www.federassantas.org.br\/novosite\/author\/admin-federas\/\"}]}<\/script>\n<!-- \/ Yoast SEO plugin. -->","yoast_head_json":{"title":"Hospital de Transi\u00e7\u00e3o Paulo de Tarso agora \u00e9 Cl\u00ednica - Federassantas","robots":{"index":"index","follow":"follow","max-snippet":"max-snippet:-1","max-image-preview":"max-image-preview:large","max-video-preview":"max-video-preview:-1"},"canonical":"https:\/\/www.federassantas.org.br\/novosite\/agora-somos-clinica-de-transicao-paulo-de-tarso\/","og_locale":"pt_BR","og_type":"article","og_title":"Hospital de Transi\u00e7\u00e3o Paulo de Tarso agora \u00e9 Cl\u00ednica - Federassantas","og_description":"A mudan\u00e7a de marca deixar\u00e1 mais claro para pacientes, familiares e parceiros o que fazer quando \u00e9 necess\u00e1rio sair do hospital geral, mas ainda n\u00e3o se est\u00e1 totalmente preparado para o retorno ao lar. A Rede Paulo de Tarso n\u00e3o para de evoluir e 2022 come\u00e7ou com mudan\u00e7as estrat\u00e9gicas na institui\u00e7\u00e3o: o hospital passa a [&hellip;]","og_url":"https:\/\/www.federassantas.org.br\/novosite\/agora-somos-clinica-de-transicao-paulo-de-tarso\/","og_site_name":"Federassantas","article_published_time":"2022-02-01T18:01:13+00:00","og_image":[{"width":1200,"height":800,"url":"https:\/\/www.federassantas.org.br\/novosite\/wp-content\/uploads\/2022\/02\/16GabrielAraujo_F2A1125.jpg","type":"image\/jpeg"}],"author":"admin-federas","twitter_card":"summary_large_image","twitter_misc":{"Escrito por":"admin-federas","Est. tempo de leitura":"3 minutos"},"schema":{"@context":"https:\/\/schema.org","@graph":[{"@type":"Article","@id":"https:\/\/www.federassantas.org.br\/novosite\/agora-somos-clinica-de-transicao-paulo-de-tarso\/#article","isPartOf":{"@id":"https:\/\/www.federassantas.org.br\/novosite\/agora-somos-clinica-de-transicao-paulo-de-tarso\/"},"author":{"name":"admin-federas","@id":"https:\/\/www.federassantas.org.br\/novosite\/#\/schema\/person\/75fed98158349313fe56175f232f513c"},"headline":"Hospital de Transi\u00e7\u00e3o Paulo de Tarso agora \u00e9 Cl\u00ednica","datePublished":"2022-02-01T18:01:13+00:00","mainEntityOfPage":{"@id":"https:\/\/www.federassantas.org.br\/novosite\/agora-somos-clinica-de-transicao-paulo-de-tarso\/"},"wordCount":554,"commentCount":0,"publisher":{"@id":"https:\/\/www.federassantas.org.br\/novosite\/#organization"},"image":{"@id":"https:\/\/www.federassantas.org.br\/novosite\/agora-somos-clinica-de-transicao-paulo-de-tarso\/#primaryimage"},"thumbnailUrl":"https:\/\/www.federassantas.org.br\/novosite\/wp-content\/uploads\/2022\/02\/16GabrielAraujo_F2A1125.jpg","articleSection":["Not\u00edcias","Not\u00edcias filiados"],"inLanguage":"pt-BR","potentialAction":[{"@type":"CommentAction","name":"Comment","target":["https:\/\/www.federassantas.org.br\/novosite\/agora-somos-clinica-de-transicao-paulo-de-tarso\/#respond"]}]},{"@type":"WebPage","@id":"https:\/\/www.federassantas.org.br\/novosite\/agora-somos-clinica-de-transicao-paulo-de-tarso\/","url":"https:\/\/www.federassantas.org.br\/novosite\/agora-somos-clinica-de-transicao-paulo-de-tarso\/","name":"Hospital de Transi\u00e7\u00e3o Paulo de Tarso agora \u00e9 Cl\u00ednica - Federassantas","isPartOf":{"@id":"https:\/\/www.federassantas.org.br\/novosite\/#website"},"primaryImageOfPage":{"@id":"https:\/\/www.federassantas.org.br\/novosite\/agora-somos-clinica-de-transicao-paulo-de-tarso\/#primaryimage"},"image":{"@id":"https:\/\/www.federassantas.org.br\/novosite\/agora-somos-clinica-de-transicao-paulo-de-tarso\/#primaryimage"},"thumbnailUrl":"https:\/\/www.federassantas.org.br\/novosite\/wp-content\/uploads\/2022\/02\/16GabrielAraujo_F2A1125.jpg","datePublished":"2022-02-01T18:01:13+00:00","breadcrumb":{"@id":"https:\/\/www.federassantas.org.br\/novosite\/agora-somos-clinica-de-transicao-paulo-de-tarso\/#breadcrumb"},"inLanguage":"pt-BR","potentialAction":[{"@type":"ReadAction","target":["https:\/\/www.federassantas.org.br\/novosite\/agora-somos-clinica-de-transicao-paulo-de-tarso\/"]}]},{"@type":"ImageObject","inLanguage":"pt-BR","@id":"https:\/\/www.federassantas.org.br\/novosite\/agora-somos-clinica-de-transicao-paulo-de-tarso\/#primaryimage","url":"https:\/\/www.federassantas.org.br\/novosite\/wp-content\/uploads\/2022\/02\/16GabrielAraujo_F2A1125.jpg","contentUrl":"https:\/\/www.federassantas.org.br\/novosite\/wp-content\/uploads\/2022\/02\/16GabrielAraujo_F2A1125.jpg","width":1200,"height":800},{"@type":"BreadcrumbList","@id":"https:\/\/www.federassantas.org.br\/novosite\/agora-somos-clinica-de-transicao-paulo-de-tarso\/#breadcrumb","itemListElement":[{"@type":"ListItem","position":1,"name":"In\u00edcio","item":"https:\/\/www.federassantas.org.br\/novosite\/"},{"@type":"ListItem","position":2,"name":"Hospital de Transi\u00e7\u00e3o Paulo de Tarso agora \u00e9 Cl\u00ednica"}]},{"@type":"WebSite","@id":"https:\/\/www.federassantas.org.br\/novosite\/#website","url":"https:\/\/www.federassantas.org.br\/novosite\/","name":"Federassantas","description":"Fed. das Santas Casas e Hospitais Filantr\u00f3picos de MG","publisher":{"@id":"https:\/\/www.federassantas.org.br\/novosite\/#organization"},"potentialAction":[{"@type":"SearchAction","target":{"@type":"EntryPoint","urlTemplate":"https:\/\/www.federassantas.org.br\/novosite\/?s={search_term_string}"},"query-input":{"@type":"PropertyValueSpecification","valueRequired":true,"valueName":"search_term_string"}}],"inLanguage":"pt-BR"},{"@type":"Organization","@id":"https:\/\/www.federassantas.org.br\/novosite\/#organization","name":"Federassantas","url":"https:\/\/www.federassantas.org.br\/novosite\/","logo":{"@type":"ImageObject","inLanguage":"pt-BR","@id":"https:\/\/www.federassantas.org.br\/novosite\/#\/schema\/logo\/image\/","url":"https:\/\/www.federassantas.org.br\/novosite\/wp-content\/uploads\/2021\/12\/logo.png","contentUrl":"https:\/\/www.federassantas.org.br\/novosite\/wp-content\/uploads\/2021\/12\/logo.png","width":243,"height":59,"caption":"Federassantas"},"image":{"@id":"https:\/\/www.federassantas.org.br\/novosite\/#\/schema\/logo\/image\/"}},{"@type":"Person","@id":"https:\/\/www.federassantas.org.br\/novosite\/#\/schema\/person\/75fed98158349313fe56175f232f513c","name":"admin-federas","image":{"@type":"ImageObject","inLanguage":"pt-BR","@id":"https:\/\/www.federassantas.org.br\/novosite\/#\/schema\/person\/image\/","url":"https:\/\/secure.gravatar.com\/avatar\/2a02d7dda59fe8dc6b7ffd3f652e2efede5ccf0dd89dfdc8137c5517f3de8407?s=96&d=mm&r=g","contentUrl":"https:\/\/secure.gravatar.com\/avatar\/2a02d7dda59fe8dc6b7ffd3f652e2efede5ccf0dd89dfdc8137c5517f3de8407?s=96&d=mm&r=g","caption":"admin-federas"},"sameAs":["https:\/\/www.federassantas.org.br\/novosite\/"],"url":"https:\/\/www.federassantas.org.br\/novosite\/author\/admin-federas\/"}]}},"_links":{"self":[{"href":"https:\/\/www.federassantas.org.br\/novosite\/wp-json\/wp\/v2\/posts\/23218","targetHints":{"allow":["GET"]}}],"collection":[{"href":"https:\/\/www.federassantas.org.br\/novosite\/wp-json\/wp\/v2\/posts"}],"about":[{"href":"https:\/\/www.federassantas.org.br\/novosite\/wp-json\/wp\/v2\/types\/post"}],"author":[{"embeddable":true,"href":"https:\/\/www.federassantas.org.br\/novosite\/wp-json\/wp\/v2\/users\/1"}],"replies":[{"embeddable":true,"href":"https:\/\/www.federassantas.org.br\/novosite\/wp-json\/wp\/v2\/comments?post=23218"}],"version-history":[{"count":0,"href":"https:\/\/www.federassantas.org.br\/novosite\/wp-json\/wp\/v2\/posts\/23218\/revisions"}],"wp:featuredmedia":[{"embeddable":true,"href":"https:\/\/www.federassantas.org.br\/novosite\/wp-json\/wp\/v2\/media\/23219"}],"wp:attachment":[{"href":"https:\/\/www.federassantas.org.br\/novosite\/wp-json\/wp\/v2\/media?parent=23218"}],"wp:term":[{"taxonomy":"category","embeddable":true,"href":"https:\/\/www.federassantas.org.br\/novosite\/wp-json\/wp\/v2\/categories?post=23218"},{"taxonomy":"post_tag","embeddable":true,"href":"https:\/\/www.federassantas.org.br\/novosite\/wp-json\/wp\/v2\/tags?post=23218"}],"curies":[{"name":"wp","href":"https:\/\/api.w.org\/{rel}","templated":true}]}}