{"id":23227,"date":"2022-02-02T08:49:45","date_gmt":"2022-02-02T11:49:45","guid":{"rendered":"https:\/\/federasbackup.meltcomunicacao.com.br\/?p=23227"},"modified":"2022-02-02T08:49:45","modified_gmt":"2022-02-02T11:49:45","slug":"santa-casa-de-pocos-de-caldas-solicita-teste-de-covid-um-dia-antes-das-cirurgias-eletivas","status":"publish","type":"post","link":"https:\/\/www.federassantas.org.br\/novosite\/santa-casa-de-pocos-de-caldas-solicita-teste-de-covid-um-dia-antes-das-cirurgias-eletivas\/","title":{"rendered":"Santa Casa de Po\u00e7os de Caldas solicita teste de covid um dia antes das cirurgias eletivas"},"content":{"rendered":"\n<p>Levando em considera\u00e7\u00e3o o atual momento que vivemos na pandemia de covid-19, a Santa Casa de Po\u00e7os de Caldas est\u00e1 solicitando para&nbsp; os pacientes que ir\u00e3o fazer qualquer tipo de cirurgia eletiva no Hospital que realizem o teste de covid no dia anterior \u00e0 cirurgia.&nbsp;<\/p>\n\n\n\n<p>No caso do teste dar positivo para covid, se tratando de uma cirurgia que n\u00e3o \u00e9 de urg\u00eancia, o procedimento ser\u00e1 remarcado, visando a seguran\u00e7a de todos, tanto os pacientes quanto os colaboradores do Hospital.&nbsp;&nbsp;&nbsp;<\/p>\n\n\n\n<p>O m\u00e9dico infectologista da Santa Casa, Dr. M\u00e1rio Krugner, explica que a Irmandade precisa trabalhar com seguran\u00e7a, principalmente para o paciente. Segundo ele, quando a cirurgia deixa de ser&nbsp; eletiva e passa a ser uma cirurgia de urg\u00eancia, o teste \u00e9 feito tamb\u00e9m, para o Hospital separar as pessoas com covid das sem covid.&nbsp;<\/p>\n\n\n\n<p>\u201cNo cen\u00e1rio que a gente est\u00e1 vivendo, com muitos casos de covid, um dos pilares da cirurgia eletiva segura \u00e9 que as pessoas n\u00e3o fa\u00e7am essa cirurgia com qualquer infec\u00e7\u00e3o. Por exemplo, qualquer cirurgia que vai ser feita e a pessoa tem infec\u00e7\u00e3o urin\u00e1ria, primeiro se trata essa infec\u00e7\u00e3o urin\u00e1ria e depois parte-se, com mais seguran\u00e7a, para essa cirurgia eletiva. E com o covid e com o influenza \u00e9 a mesma coisa\u201d, explica Dr. M\u00e1rio.&nbsp;<\/p>\n\n\n\n<p><strong>Partos Ces\u00e1reas<\/strong><\/p>\n\n\n\n<p>Por se tratar de um cirurgia eletiva, em caso parto ces\u00e1rea agendado previamente, que n\u00e3o for de urg\u00eancia, a gestante tamb\u00e9m precisar\u00e1 apresentar o teste de covid realizado com um dia de anteced\u00eancia.&nbsp;<\/p>\n\n\n\n<p>\u201cSabemos que o v\u00edrus covid-19 tem uma alta transmissibilidade, o que gera algumas complica\u00e7\u00f5es quando ele acontece na gesta\u00e7\u00e3o. Portanto, o ideal \u00e9 a gente se certificar que a gestante est\u00e1 ou n\u00e3o contaminada, evitando assim uma contamina\u00e7\u00e3o de todo o Setor.&nbsp; Quando for uma ces\u00e1rea eletiva, ou seja, uma ces\u00e1rea agendada, sem ser urg\u00eancia, essa gestante dever\u00e1 testar um dia antes. Ela ir\u00e1 se dirigir ao Hospital de Campanha, onde a gestante tem prioridade, vai passar na frente, n\u00e3o vai ficar na fila e n\u00e3o vai ter uma exposi\u00e7\u00e3o maior ao v\u00edrus\u201d, explica a m\u00e9dica obstetra da Maternidade da Santa Casa, Dra. Cinthia Mendes de Souza Germano.<\/p>\n\n\n\n<p>Dra.Cinthia explica ainda que, se o teste der positivo e a paciente estiver com uma ces\u00e1rea agendada,&nbsp; em uma situa\u00e7\u00e3o em que por causa do tempo de gesta\u00e7\u00e3o ainda d\u00e1 para esperar, a ces\u00e1rea ser\u00e1 remarcada. .&nbsp;<\/p>\n\n\n\n<p>\u201cCaso n\u00e3o d\u00ea para remanejar, a ces\u00e1rea ser\u00e1 feita mesmo em vig\u00eancia da infec\u00e7\u00e3o, por\u00e9m com uma programa\u00e7\u00e3o diferente. Em procedimentos que n\u00e3o s\u00e3o eletivos, se a pessoa entrar em trabalho de parto, n\u00e3o precisamos do teste previamente, mas se a paciente chegar aqui e tiver qualquer sintoma gripal que possa sugerir uma infec\u00e7\u00e3o de covid, faremos o teste aqui mesmo no setor e isso n\u00e3o vai impedir a interna\u00e7\u00e3o\u201d, completa a m\u00e9dica obstetra.<\/p>\n\n\n\n<p><\/p>\n\n\n\n<p>Por: Assessoria de Comunica\u00e7\u00e3o Santa Casa de Po\u00e7os de Caldas<\/p>\n","protected":false},"excerpt":{"rendered":"<p>Levando em considera\u00e7\u00e3o o atual momento que vivemos na pandemia de covid-19, a Santa Casa de Po\u00e7os de Caldas est\u00e1 solicitando para&nbsp; os pacientes que ir\u00e3o fazer qualquer tipo de cirurgia eletiva no Hospital que realizem o teste de covid no dia anterior \u00e0 cirurgia.&nbsp; No caso do teste dar positivo para covid, se tratando [&hellip;]<\/p>\n","protected":false},"author":1,"featured_media":23228,"comment_status":"open","ping_status":"open","sticky":false,"template":"","format":"standard","meta":{"footnotes":""},"categories":[140,139],"tags":[],"class_list":["post-23227","post","type-post","status-publish","format-standard","has-post-thumbnail","hentry","category-noticias","category-noticias-filiados"],"yoast_head":"<!-- This site is optimized with the Yoast SEO plugin v26.9 - https:\/\/yoast.com\/product\/yoast-seo-wordpress\/ -->\n<title>Santa Casa de Po\u00e7os de Caldas solicita teste de covid um dia antes das cirurgias eletivas - Federassantas<\/title>\n<meta name=\"robots\" content=\"index, follow, max-snippet:-1, max-image-preview:large, max-video-preview:-1\" \/>\n<link rel=\"canonical\" href=\"https:\/\/www.federassantas.org.br\/novosite\/santa-casa-de-pocos-de-caldas-solicita-teste-de-covid-um-dia-antes-das-cirurgias-eletivas\/\" \/>\n<meta property=\"og:locale\" content=\"pt_BR\" \/>\n<meta property=\"og:type\" content=\"article\" \/>\n<meta property=\"og:title\" content=\"Santa Casa de Po\u00e7os de Caldas solicita teste de covid um dia antes das cirurgias eletivas - Federassantas\" \/>\n<meta property=\"og:description\" content=\"Levando em considera\u00e7\u00e3o o atual momento que vivemos na pandemia de covid-19, a Santa Casa de Po\u00e7os de Caldas est\u00e1 solicitando para&nbsp; os pacientes que ir\u00e3o fazer qualquer tipo de cirurgia eletiva no Hospital que realizem o teste de covid no dia anterior \u00e0 cirurgia.&nbsp; No caso do teste dar positivo para covid, se tratando [&hellip;]\" \/>\n<meta property=\"og:url\" content=\"https:\/\/www.federassantas.org.br\/novosite\/santa-casa-de-pocos-de-caldas-solicita-teste-de-covid-um-dia-antes-das-cirurgias-eletivas\/\" \/>\n<meta property=\"og:site_name\" content=\"Federassantas\" \/>\n<meta property=\"article:published_time\" content=\"2022-02-02T11:49:45+00:00\" \/>\n<meta property=\"og:image\" content=\"https:\/\/www.federassantas.org.br\/novosite\/wp-content\/uploads\/2022\/02\/Santa-Casa-scaled-1.jpg\" \/>\n\t<meta property=\"og:image:width\" content=\"2560\" \/>\n\t<meta property=\"og:image:height\" content=\"1211\" \/>\n\t<meta property=\"og:image:type\" content=\"image\/jpeg\" \/>\n<meta name=\"author\" content=\"admin-federas\" \/>\n<meta name=\"twitter:card\" content=\"summary_large_image\" \/>\n<meta name=\"twitter:label1\" content=\"Escrito por\" \/>\n\t<meta name=\"twitter:data1\" content=\"admin-federas\" \/>\n\t<meta name=\"twitter:label2\" content=\"Est. tempo de leitura\" \/>\n\t<meta name=\"twitter:data2\" content=\"3 minutos\" \/>\n<script type=\"application\/ld+json\" class=\"yoast-schema-graph\">{\"@context\":\"https:\/\/schema.org\",\"@graph\":[{\"@type\":\"Article\",\"@id\":\"https:\/\/www.federassantas.org.br\/novosite\/santa-casa-de-pocos-de-caldas-solicita-teste-de-covid-um-dia-antes-das-cirurgias-eletivas\/#article\",\"isPartOf\":{\"@id\":\"https:\/\/www.federassantas.org.br\/novosite\/santa-casa-de-pocos-de-caldas-solicita-teste-de-covid-um-dia-antes-das-cirurgias-eletivas\/\"},\"author\":{\"name\":\"admin-federas\",\"@id\":\"https:\/\/www.federassantas.org.br\/novosite\/#\/schema\/person\/75fed98158349313fe56175f232f513c\"},\"headline\":\"Santa Casa de Po\u00e7os de Caldas solicita teste de covid um dia antes das cirurgias eletivas\",\"datePublished\":\"2022-02-02T11:49:45+00:00\",\"mainEntityOfPage\":{\"@id\":\"https:\/\/www.federassantas.org.br\/novosite\/santa-casa-de-pocos-de-caldas-solicita-teste-de-covid-um-dia-antes-das-cirurgias-eletivas\/\"},\"wordCount\":555,\"commentCount\":0,\"publisher\":{\"@id\":\"https:\/\/www.federassantas.org.br\/novosite\/#organization\"},\"image\":{\"@id\":\"https:\/\/www.federassantas.org.br\/novosite\/santa-casa-de-pocos-de-caldas-solicita-teste-de-covid-um-dia-antes-das-cirurgias-eletivas\/#primaryimage\"},\"thumbnailUrl\":\"https:\/\/www.federassantas.org.br\/novosite\/wp-content\/uploads\/2022\/02\/Santa-Casa-scaled-1.jpg\",\"articleSection\":[\"Not\u00edcias\",\"Not\u00edcias filiados\"],\"inLanguage\":\"pt-BR\",\"potentialAction\":[{\"@type\":\"CommentAction\",\"name\":\"Comment\",\"target\":[\"https:\/\/www.federassantas.org.br\/novosite\/santa-casa-de-pocos-de-caldas-solicita-teste-de-covid-um-dia-antes-das-cirurgias-eletivas\/#respond\"]}]},{\"@type\":\"WebPage\",\"@id\":\"https:\/\/www.federassantas.org.br\/novosite\/santa-casa-de-pocos-de-caldas-solicita-teste-de-covid-um-dia-antes-das-cirurgias-eletivas\/\",\"url\":\"https:\/\/www.federassantas.org.br\/novosite\/santa-casa-de-pocos-de-caldas-solicita-teste-de-covid-um-dia-antes-das-cirurgias-eletivas\/\",\"name\":\"Santa Casa de Po\u00e7os de Caldas solicita teste de covid um dia antes das cirurgias eletivas - Federassantas\",\"isPartOf\":{\"@id\":\"https:\/\/www.federassantas.org.br\/novosite\/#website\"},\"primaryImageOfPage\":{\"@id\":\"https:\/\/www.federassantas.org.br\/novosite\/santa-casa-de-pocos-de-caldas-solicita-teste-de-covid-um-dia-antes-das-cirurgias-eletivas\/#primaryimage\"},\"image\":{\"@id\":\"https:\/\/www.federassantas.org.br\/novosite\/santa-casa-de-pocos-de-caldas-solicita-teste-de-covid-um-dia-antes-das-cirurgias-eletivas\/#primaryimage\"},\"thumbnailUrl\":\"https:\/\/www.federassantas.org.br\/novosite\/wp-content\/uploads\/2022\/02\/Santa-Casa-scaled-1.jpg\",\"datePublished\":\"2022-02-02T11:49:45+00:00\",\"breadcrumb\":{\"@id\":\"https:\/\/www.federassantas.org.br\/novosite\/santa-casa-de-pocos-de-caldas-solicita-teste-de-covid-um-dia-antes-das-cirurgias-eletivas\/#breadcrumb\"},\"inLanguage\":\"pt-BR\",\"potentialAction\":[{\"@type\":\"ReadAction\",\"target\":[\"https:\/\/www.federassantas.org.br\/novosite\/santa-casa-de-pocos-de-caldas-solicita-teste-de-covid-um-dia-antes-das-cirurgias-eletivas\/\"]}]},{\"@type\":\"ImageObject\",\"inLanguage\":\"pt-BR\",\"@id\":\"https:\/\/www.federassantas.org.br\/novosite\/santa-casa-de-pocos-de-caldas-solicita-teste-de-covid-um-dia-antes-das-cirurgias-eletivas\/#primaryimage\",\"url\":\"https:\/\/www.federassantas.org.br\/novosite\/wp-content\/uploads\/2022\/02\/Santa-Casa-scaled-1.jpg\",\"contentUrl\":\"https:\/\/www.federassantas.org.br\/novosite\/wp-content\/uploads\/2022\/02\/Santa-Casa-scaled-1.jpg\",\"width\":2560,\"height\":1211},{\"@type\":\"BreadcrumbList\",\"@id\":\"https:\/\/www.federassantas.org.br\/novosite\/santa-casa-de-pocos-de-caldas-solicita-teste-de-covid-um-dia-antes-das-cirurgias-eletivas\/#breadcrumb\",\"itemListElement\":[{\"@type\":\"ListItem\",\"position\":1,\"name\":\"In\u00edcio\",\"item\":\"https:\/\/www.federassantas.org.br\/novosite\/\"},{\"@type\":\"ListItem\",\"position\":2,\"name\":\"Santa Casa de Po\u00e7os de Caldas solicita teste de covid um dia antes das cirurgias eletivas\"}]},{\"@type\":\"WebSite\",\"@id\":\"https:\/\/www.federassantas.org.br\/novosite\/#website\",\"url\":\"https:\/\/www.federassantas.org.br\/novosite\/\",\"name\":\"Federassantas\",\"description\":\"Fed. das Santas Casas e Hospitais Filantr\u00f3picos de MG\",\"publisher\":{\"@id\":\"https:\/\/www.federassantas.org.br\/novosite\/#organization\"},\"potentialAction\":[{\"@type\":\"SearchAction\",\"target\":{\"@type\":\"EntryPoint\",\"urlTemplate\":\"https:\/\/www.federassantas.org.br\/novosite\/?s={search_term_string}\"},\"query-input\":{\"@type\":\"PropertyValueSpecification\",\"valueRequired\":true,\"valueName\":\"search_term_string\"}}],\"inLanguage\":\"pt-BR\"},{\"@type\":\"Organization\",\"@id\":\"https:\/\/www.federassantas.org.br\/novosite\/#organization\",\"name\":\"Federassantas\",\"url\":\"https:\/\/www.federassantas.org.br\/novosite\/\",\"logo\":{\"@type\":\"ImageObject\",\"inLanguage\":\"pt-BR\",\"@id\":\"https:\/\/www.federassantas.org.br\/novosite\/#\/schema\/logo\/image\/\",\"url\":\"https:\/\/www.federassantas.org.br\/novosite\/wp-content\/uploads\/2021\/12\/logo.png\",\"contentUrl\":\"https:\/\/www.federassantas.org.br\/novosite\/wp-content\/uploads\/2021\/12\/logo.png\",\"width\":243,\"height\":59,\"caption\":\"Federassantas\"},\"image\":{\"@id\":\"https:\/\/www.federassantas.org.br\/novosite\/#\/schema\/logo\/image\/\"}},{\"@type\":\"Person\",\"@id\":\"https:\/\/www.federassantas.org.br\/novosite\/#\/schema\/person\/75fed98158349313fe56175f232f513c\",\"name\":\"admin-federas\",\"image\":{\"@type\":\"ImageObject\",\"inLanguage\":\"pt-BR\",\"@id\":\"https:\/\/www.federassantas.org.br\/novosite\/#\/schema\/person\/image\/\",\"url\":\"https:\/\/secure.gravatar.com\/avatar\/2a02d7dda59fe8dc6b7ffd3f652e2efede5ccf0dd89dfdc8137c5517f3de8407?s=96&d=mm&r=g\",\"contentUrl\":\"https:\/\/secure.gravatar.com\/avatar\/2a02d7dda59fe8dc6b7ffd3f652e2efede5ccf0dd89dfdc8137c5517f3de8407?s=96&d=mm&r=g\",\"caption\":\"admin-federas\"},\"sameAs\":[\"https:\/\/www.federassantas.org.br\/novosite\/\"],\"url\":\"https:\/\/www.federassantas.org.br\/novosite\/author\/admin-federas\/\"}]}<\/script>\n<!-- \/ Yoast SEO plugin. -->","yoast_head_json":{"title":"Santa Casa de Po\u00e7os de Caldas solicita teste de covid um dia antes das cirurgias eletivas - Federassantas","robots":{"index":"index","follow":"follow","max-snippet":"max-snippet:-1","max-image-preview":"max-image-preview:large","max-video-preview":"max-video-preview:-1"},"canonical":"https:\/\/www.federassantas.org.br\/novosite\/santa-casa-de-pocos-de-caldas-solicita-teste-de-covid-um-dia-antes-das-cirurgias-eletivas\/","og_locale":"pt_BR","og_type":"article","og_title":"Santa Casa de Po\u00e7os de Caldas solicita teste de covid um dia antes das cirurgias eletivas - Federassantas","og_description":"Levando em considera\u00e7\u00e3o o atual momento que vivemos na pandemia de covid-19, a Santa Casa de Po\u00e7os de Caldas est\u00e1 solicitando para&nbsp; os pacientes que ir\u00e3o fazer qualquer tipo de cirurgia eletiva no Hospital que realizem o teste de covid no dia anterior \u00e0 cirurgia.&nbsp; No caso do teste dar positivo para covid, se tratando [&hellip;]","og_url":"https:\/\/www.federassantas.org.br\/novosite\/santa-casa-de-pocos-de-caldas-solicita-teste-de-covid-um-dia-antes-das-cirurgias-eletivas\/","og_site_name":"Federassantas","article_published_time":"2022-02-02T11:49:45+00:00","og_image":[{"width":2560,"height":1211,"url":"https:\/\/www.federassantas.org.br\/novosite\/wp-content\/uploads\/2022\/02\/Santa-Casa-scaled-1.jpg","type":"image\/jpeg"}],"author":"admin-federas","twitter_card":"summary_large_image","twitter_misc":{"Escrito por":"admin-federas","Est. tempo de leitura":"3 minutos"},"schema":{"@context":"https:\/\/schema.org","@graph":[{"@type":"Article","@id":"https:\/\/www.federassantas.org.br\/novosite\/santa-casa-de-pocos-de-caldas-solicita-teste-de-covid-um-dia-antes-das-cirurgias-eletivas\/#article","isPartOf":{"@id":"https:\/\/www.federassantas.org.br\/novosite\/santa-casa-de-pocos-de-caldas-solicita-teste-de-covid-um-dia-antes-das-cirurgias-eletivas\/"},"author":{"name":"admin-federas","@id":"https:\/\/www.federassantas.org.br\/novosite\/#\/schema\/person\/75fed98158349313fe56175f232f513c"},"headline":"Santa Casa de Po\u00e7os de Caldas solicita teste de covid um dia antes das cirurgias eletivas","datePublished":"2022-02-02T11:49:45+00:00","mainEntityOfPage":{"@id":"https:\/\/www.federassantas.org.br\/novosite\/santa-casa-de-pocos-de-caldas-solicita-teste-de-covid-um-dia-antes-das-cirurgias-eletivas\/"},"wordCount":555,"commentCount":0,"publisher":{"@id":"https:\/\/www.federassantas.org.br\/novosite\/#organization"},"image":{"@id":"https:\/\/www.federassantas.org.br\/novosite\/santa-casa-de-pocos-de-caldas-solicita-teste-de-covid-um-dia-antes-das-cirurgias-eletivas\/#primaryimage"},"thumbnailUrl":"https:\/\/www.federassantas.org.br\/novosite\/wp-content\/uploads\/2022\/02\/Santa-Casa-scaled-1.jpg","articleSection":["Not\u00edcias","Not\u00edcias filiados"],"inLanguage":"pt-BR","potentialAction":[{"@type":"CommentAction","name":"Comment","target":["https:\/\/www.federassantas.org.br\/novosite\/santa-casa-de-pocos-de-caldas-solicita-teste-de-covid-um-dia-antes-das-cirurgias-eletivas\/#respond"]}]},{"@type":"WebPage","@id":"https:\/\/www.federassantas.org.br\/novosite\/santa-casa-de-pocos-de-caldas-solicita-teste-de-covid-um-dia-antes-das-cirurgias-eletivas\/","url":"https:\/\/www.federassantas.org.br\/novosite\/santa-casa-de-pocos-de-caldas-solicita-teste-de-covid-um-dia-antes-das-cirurgias-eletivas\/","name":"Santa Casa de Po\u00e7os de Caldas solicita teste de covid um dia antes das cirurgias eletivas - Federassantas","isPartOf":{"@id":"https:\/\/www.federassantas.org.br\/novosite\/#website"},"primaryImageOfPage":{"@id":"https:\/\/www.federassantas.org.br\/novosite\/santa-casa-de-pocos-de-caldas-solicita-teste-de-covid-um-dia-antes-das-cirurgias-eletivas\/#primaryimage"},"image":{"@id":"https:\/\/www.federassantas.org.br\/novosite\/santa-casa-de-pocos-de-caldas-solicita-teste-de-covid-um-dia-antes-das-cirurgias-eletivas\/#primaryimage"},"thumbnailUrl":"https:\/\/www.federassantas.org.br\/novosite\/wp-content\/uploads\/2022\/02\/Santa-Casa-scaled-1.jpg","datePublished":"2022-02-02T11:49:45+00:00","breadcrumb":{"@id":"https:\/\/www.federassantas.org.br\/novosite\/santa-casa-de-pocos-de-caldas-solicita-teste-de-covid-um-dia-antes-das-cirurgias-eletivas\/#breadcrumb"},"inLanguage":"pt-BR","potentialAction":[{"@type":"ReadAction","target":["https:\/\/www.federassantas.org.br\/novosite\/santa-casa-de-pocos-de-caldas-solicita-teste-de-covid-um-dia-antes-das-cirurgias-eletivas\/"]}]},{"@type":"ImageObject","inLanguage":"pt-BR","@id":"https:\/\/www.federassantas.org.br\/novosite\/santa-casa-de-pocos-de-caldas-solicita-teste-de-covid-um-dia-antes-das-cirurgias-eletivas\/#primaryimage","url":"https:\/\/www.federassantas.org.br\/novosite\/wp-content\/uploads\/2022\/02\/Santa-Casa-scaled-1.jpg","contentUrl":"https:\/\/www.federassantas.org.br\/novosite\/wp-content\/uploads\/2022\/02\/Santa-Casa-scaled-1.jpg","width":2560,"height":1211},{"@type":"BreadcrumbList","@id":"https:\/\/www.federassantas.org.br\/novosite\/santa-casa-de-pocos-de-caldas-solicita-teste-de-covid-um-dia-antes-das-cirurgias-eletivas\/#breadcrumb","itemListElement":[{"@type":"ListItem","position":1,"name":"In\u00edcio","item":"https:\/\/www.federassantas.org.br\/novosite\/"},{"@type":"ListItem","position":2,"name":"Santa Casa de Po\u00e7os de Caldas solicita teste de covid um dia antes das cirurgias eletivas"}]},{"@type":"WebSite","@id":"https:\/\/www.federassantas.org.br\/novosite\/#website","url":"https:\/\/www.federassantas.org.br\/novosite\/","name":"Federassantas","description":"Fed. das Santas Casas e Hospitais Filantr\u00f3picos de MG","publisher":{"@id":"https:\/\/www.federassantas.org.br\/novosite\/#organization"},"potentialAction":[{"@type":"SearchAction","target":{"@type":"EntryPoint","urlTemplate":"https:\/\/www.federassantas.org.br\/novosite\/?s={search_term_string}"},"query-input":{"@type":"PropertyValueSpecification","valueRequired":true,"valueName":"search_term_string"}}],"inLanguage":"pt-BR"},{"@type":"Organization","@id":"https:\/\/www.federassantas.org.br\/novosite\/#organization","name":"Federassantas","url":"https:\/\/www.federassantas.org.br\/novosite\/","logo":{"@type":"ImageObject","inLanguage":"pt-BR","@id":"https:\/\/www.federassantas.org.br\/novosite\/#\/schema\/logo\/image\/","url":"https:\/\/www.federassantas.org.br\/novosite\/wp-content\/uploads\/2021\/12\/logo.png","contentUrl":"https:\/\/www.federassantas.org.br\/novosite\/wp-content\/uploads\/2021\/12\/logo.png","width":243,"height":59,"caption":"Federassantas"},"image":{"@id":"https:\/\/www.federassantas.org.br\/novosite\/#\/schema\/logo\/image\/"}},{"@type":"Person","@id":"https:\/\/www.federassantas.org.br\/novosite\/#\/schema\/person\/75fed98158349313fe56175f232f513c","name":"admin-federas","image":{"@type":"ImageObject","inLanguage":"pt-BR","@id":"https:\/\/www.federassantas.org.br\/novosite\/#\/schema\/person\/image\/","url":"https:\/\/secure.gravatar.com\/avatar\/2a02d7dda59fe8dc6b7ffd3f652e2efede5ccf0dd89dfdc8137c5517f3de8407?s=96&d=mm&r=g","contentUrl":"https:\/\/secure.gravatar.com\/avatar\/2a02d7dda59fe8dc6b7ffd3f652e2efede5ccf0dd89dfdc8137c5517f3de8407?s=96&d=mm&r=g","caption":"admin-federas"},"sameAs":["https:\/\/www.federassantas.org.br\/novosite\/"],"url":"https:\/\/www.federassantas.org.br\/novosite\/author\/admin-federas\/"}]}},"_links":{"self":[{"href":"https:\/\/www.federassantas.org.br\/novosite\/wp-json\/wp\/v2\/posts\/23227","targetHints":{"allow":["GET"]}}],"collection":[{"href":"https:\/\/www.federassantas.org.br\/novosite\/wp-json\/wp\/v2\/posts"}],"about":[{"href":"https:\/\/www.federassantas.org.br\/novosite\/wp-json\/wp\/v2\/types\/post"}],"author":[{"embeddable":true,"href":"https:\/\/www.federassantas.org.br\/novosite\/wp-json\/wp\/v2\/users\/1"}],"replies":[{"embeddable":true,"href":"https:\/\/www.federassantas.org.br\/novosite\/wp-json\/wp\/v2\/comments?post=23227"}],"version-history":[{"count":0,"href":"https:\/\/www.federassantas.org.br\/novosite\/wp-json\/wp\/v2\/posts\/23227\/revisions"}],"wp:featuredmedia":[{"embeddable":true,"href":"https:\/\/www.federassantas.org.br\/novosite\/wp-json\/wp\/v2\/media\/23228"}],"wp:attachment":[{"href":"https:\/\/www.federassantas.org.br\/novosite\/wp-json\/wp\/v2\/media?parent=23227"}],"wp:term":[{"taxonomy":"category","embeddable":true,"href":"https:\/\/www.federassantas.org.br\/novosite\/wp-json\/wp\/v2\/categories?post=23227"},{"taxonomy":"post_tag","embeddable":true,"href":"https:\/\/www.federassantas.org.br\/novosite\/wp-json\/wp\/v2\/tags?post=23227"}],"curies":[{"name":"wp","href":"https:\/\/api.w.org\/{rel}","templated":true}]}}