{"id":23238,"date":"2022-02-03T09:30:17","date_gmt":"2022-02-03T12:30:17","guid":{"rendered":"https:\/\/federasbackup.meltcomunicacao.com.br\/?p=23238"},"modified":"2022-02-03T09:30:17","modified_gmt":"2022-02-03T12:30:17","slug":"conselho-de-saude-adere-a-campanha-de-sensibilizacao-sobre-hanseniase","status":"publish","type":"post","link":"https:\/\/www.federassantas.org.br\/novosite\/conselho-de-saude-adere-a-campanha-de-sensibilizacao-sobre-hanseniase\/","title":{"rendered":"Conselho de Sa\u00fade adere a campanha de sensibiliza\u00e7\u00e3o sobre hansen\u00edase"},"content":{"rendered":"\n<p><em>Doen\u00e7a atinge pele e nervos e gera redu\u00e7\u00e3o da for\u00e7a muscular<\/em><\/p>\n\n\n\n<p>O Conselho Nacional de Sa\u00fade (CNS) e o Movimento de Reintegra\u00e7\u00e3o de Pessoas Afligidas pela Hansen\u00edase (Morhan) assinaram a ades\u00e3o \u00e0 campanha \u201cN\u00e3o esque\u00e7a da Hansen\u00edase\u201d. A iniciativa tem como objetivos sensibilizar a sociedade sobre essa doen\u00e7a e promover a\u00e7\u00f5es de preven\u00e7\u00e3o e combate a sua dissemina\u00e7\u00e3o.<img decoding=\"async\" src=\"https:\/\/agenciabrasil.ebc.com.br\/ebc.png?id=1440020&amp;o=node\"><img decoding=\"async\" src=\"https:\/\/agenciabrasil.ebc.com.br\/ebc.gif?id=1440020&amp;o=node\"> A campanha \u00e9 uma iniciativa da Organiza\u00e7\u00e3o Mundial da Sa\u00fade (OMS), por meio de seu embaixador da Boa Vontade, Yohei Sasakawa. No Brasil, ela \u00e9 implementada pelo Morhan. <\/p>\n\n\n\n<p>A hansen\u00edase \u00e9 uma doen\u00e7a infecciosa causada por um bacilo chamado\u00a0<em>Mycobacterium leprae<\/em>. Ela atinge pele e nervos, gera redu\u00e7\u00e3o da for\u00e7a muscular e produz manchas, sensa\u00e7\u00f5es como formigamento, dorm\u00eancias e outras formas de perda de sensibilidade. A doen\u00e7a sempre foi cercada de\u00a0preconceito e foi chamada, durante muito tempo, de \u201clepra\u201d. Conscientizar a popula\u00e7\u00e3o sobre esse termo pejorativo \u00e9\u00a0um dos intuitos da campanha, al\u00e9m de desmascarar mitos sobre como ela \u00e9 transmitida.<\/p>\n\n\n\n<p>\u201cNosso pa\u00eds, a cada ano, mais de 30 mil novos casos s\u00e3o diagnosticados, inclusive em crian\u00e7as e pacientes que chegam com sequelas irrevers\u00edveis. Tem muita&nbsp;quest\u00e3o de preconceito, mitos, lendas, desconhecimento, um forte estigma\u201d, disse&nbsp;o presidente do Conselho Nacional de Sa\u00fade, Fernando Pigatto.<\/p>\n\n\n\n<p>A campanha busca esclarecer a popula\u00e7\u00e3o de que essa doen\u00e7a tem tratamento e cura. Segundo a Biblioteca Virtual em Sa\u00fade do Minist\u00e9rio da Sa\u00fade, o tratamento \u00e9 oferecido pelo Sistema \u00danico de Sa\u00fade, de forma gratuita. O procedimento \u00e9 via oral, com aplica\u00e7\u00e3o de rem\u00e9dios diferentes em um m\u00e9todo chamado poliquimioterapia.<\/p>\n\n\n\n<h5 class=\"wp-block-heading\">Cen\u00e1rio no Brasil<\/h5>\n\n\n\n<p>Durante a pandemia, foi identificada uma queda nos registros de novos casos. Enquanto em 2019 foram confirmados 27.684 novos diagn\u00f3sticos de hansen\u00edase, em 2020 o n\u00famero foi de 17.979.<\/p>\n\n\n\n<p>Segundo boletim epidemiol\u00f3gico sobre a hansen\u00edase no Brasil, divulgado pelo minist\u00e9rio&nbsp;na semana passada, os quase 18 mil novos casos no Brasil em 2020 representam 93,6% dos novos diagn\u00f3sticos registrados&nbsp;nas Am\u00e9ricas. Brasil, \u00cdndia e Indon\u00e9sia foram respons\u00e1veis, sozinhos, por 74% dos 127.396 novos casos em todo o mundo.<\/p>\n\n\n\n<p>Quanto ao perfil sociodemogr\u00e1fico, nos \u00faltimos anos (2016-2020), a doen\u00e7a foi mais prevalente em homens (55%) do que em mulheres (44%); em pardos (58,9%) do que brancos (24%) e pretos (12%) e na faixa de pessoas com ensino fundamental incompleto (40,9%) do que entre os com ensino m\u00e9dio e ensino superior completo (15%).<\/p>\n\n\n\n<p>As regi\u00f5es com as taxas mais altas de infec\u00e7\u00e3o (por 100 mil habitantes) nos \u00faltimos anos foram o Centro-Oeste, Norte e Nordeste. Em 2020, os estados com os maiores \u00edndices foram Mato Grosso (71,4%), Tocantins (53,9%) e Maranh\u00e3o (28%).<\/p>\n\n\n\n<p><\/p>\n\n\n\n<p>Fonte: <a rel=\"noreferrer noopener\" href=\"https:\/\/agenciabrasil.ebc.com.br\/saude\/noticia\/2022-02\/conselho-de-saude-adere-campanha-de-sensibilizacao-sobre-hanseniase\" target=\"_blank\">Ag\u00eancia Brasil<\/a><br>Foto: SMS de Mesquita\/RJ<\/p>\n","protected":false},"excerpt":{"rendered":"<p>Doen\u00e7a atinge pele e nervos e gera redu\u00e7\u00e3o da for\u00e7a muscular O Conselho Nacional de Sa\u00fade (CNS) e o Movimento de Reintegra\u00e7\u00e3o de Pessoas Afligidas pela Hansen\u00edase (Morhan) assinaram a ades\u00e3o \u00e0 campanha \u201cN\u00e3o esque\u00e7a da Hansen\u00edase\u201d. A iniciativa tem como objetivos sensibilizar a sociedade sobre essa doen\u00e7a e promover a\u00e7\u00f5es de preven\u00e7\u00e3o e combate [&hellip;]<\/p>\n","protected":false},"author":1,"featured_media":23239,"comment_status":"open","ping_status":"open","sticky":false,"template":"","format":"standard","meta":{"footnotes":""},"categories":[140],"tags":[],"class_list":["post-23238","post","type-post","status-publish","format-standard","has-post-thumbnail","hentry","category-noticias"],"yoast_head":"<!-- This site is optimized with the Yoast SEO plugin v26.9 - https:\/\/yoast.com\/product\/yoast-seo-wordpress\/ -->\n<title>Conselho de Sa\u00fade adere a campanha de sensibiliza\u00e7\u00e3o sobre hansen\u00edase - Federassantas<\/title>\n<meta name=\"robots\" content=\"index, follow, max-snippet:-1, max-image-preview:large, max-video-preview:-1\" \/>\n<link rel=\"canonical\" href=\"https:\/\/www.federassantas.org.br\/novosite\/conselho-de-saude-adere-a-campanha-de-sensibilizacao-sobre-hanseniase\/\" \/>\n<meta property=\"og:locale\" content=\"pt_BR\" \/>\n<meta property=\"og:type\" content=\"article\" \/>\n<meta property=\"og:title\" content=\"Conselho de Sa\u00fade adere a campanha de sensibiliza\u00e7\u00e3o sobre hansen\u00edase - Federassantas\" \/>\n<meta property=\"og:description\" content=\"Doen\u00e7a atinge pele e nervos e gera redu\u00e7\u00e3o da for\u00e7a muscular O Conselho Nacional de Sa\u00fade (CNS) e o Movimento de Reintegra\u00e7\u00e3o de Pessoas Afligidas pela Hansen\u00edase (Morhan) assinaram a ades\u00e3o \u00e0 campanha \u201cN\u00e3o esque\u00e7a da Hansen\u00edase\u201d. A iniciativa tem como objetivos sensibilizar a sociedade sobre essa doen\u00e7a e promover a\u00e7\u00f5es de preven\u00e7\u00e3o e combate [&hellip;]\" \/>\n<meta property=\"og:url\" content=\"https:\/\/www.federassantas.org.br\/novosite\/conselho-de-saude-adere-a-campanha-de-sensibilizacao-sobre-hanseniase\/\" \/>\n<meta property=\"og:site_name\" content=\"Federassantas\" \/>\n<meta property=\"article:published_time\" content=\"2022-02-03T12:30:17+00:00\" \/>\n<meta name=\"author\" content=\"admin-federas\" \/>\n<meta name=\"twitter:card\" content=\"summary_large_image\" \/>\n<meta name=\"twitter:label1\" content=\"Escrito por\" \/>\n\t<meta name=\"twitter:data1\" content=\"admin-federas\" \/>\n\t<meta name=\"twitter:label2\" content=\"Est. tempo de leitura\" \/>\n\t<meta name=\"twitter:data2\" content=\"2 minutos\" \/>\n<script type=\"application\/ld+json\" class=\"yoast-schema-graph\">{\"@context\":\"https:\/\/schema.org\",\"@graph\":[{\"@type\":\"Article\",\"@id\":\"https:\/\/www.federassantas.org.br\/novosite\/conselho-de-saude-adere-a-campanha-de-sensibilizacao-sobre-hanseniase\/#article\",\"isPartOf\":{\"@id\":\"https:\/\/www.federassantas.org.br\/novosite\/conselho-de-saude-adere-a-campanha-de-sensibilizacao-sobre-hanseniase\/\"},\"author\":{\"name\":\"admin-federas\",\"@id\":\"https:\/\/www.federassantas.org.br\/novosite\/#\/schema\/person\/75fed98158349313fe56175f232f513c\"},\"headline\":\"Conselho de Sa\u00fade adere a campanha de sensibiliza\u00e7\u00e3o sobre hansen\u00edase\",\"datePublished\":\"2022-02-03T12:30:17+00:00\",\"mainEntityOfPage\":{\"@id\":\"https:\/\/www.federassantas.org.br\/novosite\/conselho-de-saude-adere-a-campanha-de-sensibilizacao-sobre-hanseniase\/\"},\"wordCount\":481,\"commentCount\":0,\"publisher\":{\"@id\":\"https:\/\/www.federassantas.org.br\/novosite\/#organization\"},\"image\":{\"@id\":\"https:\/\/www.federassantas.org.br\/novosite\/conselho-de-saude-adere-a-campanha-de-sensibilizacao-sobre-hanseniase\/#primaryimage\"},\"thumbnailUrl\":\"\",\"articleSection\":[\"Not\u00edcias\"],\"inLanguage\":\"pt-BR\",\"potentialAction\":[{\"@type\":\"CommentAction\",\"name\":\"Comment\",\"target\":[\"https:\/\/www.federassantas.org.br\/novosite\/conselho-de-saude-adere-a-campanha-de-sensibilizacao-sobre-hanseniase\/#respond\"]}]},{\"@type\":\"WebPage\",\"@id\":\"https:\/\/www.federassantas.org.br\/novosite\/conselho-de-saude-adere-a-campanha-de-sensibilizacao-sobre-hanseniase\/\",\"url\":\"https:\/\/www.federassantas.org.br\/novosite\/conselho-de-saude-adere-a-campanha-de-sensibilizacao-sobre-hanseniase\/\",\"name\":\"Conselho de Sa\u00fade adere a campanha de sensibiliza\u00e7\u00e3o sobre hansen\u00edase - Federassantas\",\"isPartOf\":{\"@id\":\"https:\/\/www.federassantas.org.br\/novosite\/#website\"},\"primaryImageOfPage\":{\"@id\":\"https:\/\/www.federassantas.org.br\/novosite\/conselho-de-saude-adere-a-campanha-de-sensibilizacao-sobre-hanseniase\/#primaryimage\"},\"image\":{\"@id\":\"https:\/\/www.federassantas.org.br\/novosite\/conselho-de-saude-adere-a-campanha-de-sensibilizacao-sobre-hanseniase\/#primaryimage\"},\"thumbnailUrl\":\"\",\"datePublished\":\"2022-02-03T12:30:17+00:00\",\"breadcrumb\":{\"@id\":\"https:\/\/www.federassantas.org.br\/novosite\/conselho-de-saude-adere-a-campanha-de-sensibilizacao-sobre-hanseniase\/#breadcrumb\"},\"inLanguage\":\"pt-BR\",\"potentialAction\":[{\"@type\":\"ReadAction\",\"target\":[\"https:\/\/www.federassantas.org.br\/novosite\/conselho-de-saude-adere-a-campanha-de-sensibilizacao-sobre-hanseniase\/\"]}]},{\"@type\":\"ImageObject\",\"inLanguage\":\"pt-BR\",\"@id\":\"https:\/\/www.federassantas.org.br\/novosite\/conselho-de-saude-adere-a-campanha-de-sensibilizacao-sobre-hanseniase\/#primaryimage\",\"url\":\"\",\"contentUrl\":\"\"},{\"@type\":\"BreadcrumbList\",\"@id\":\"https:\/\/www.federassantas.org.br\/novosite\/conselho-de-saude-adere-a-campanha-de-sensibilizacao-sobre-hanseniase\/#breadcrumb\",\"itemListElement\":[{\"@type\":\"ListItem\",\"position\":1,\"name\":\"In\u00edcio\",\"item\":\"https:\/\/www.federassantas.org.br\/novosite\/\"},{\"@type\":\"ListItem\",\"position\":2,\"name\":\"Conselho de Sa\u00fade adere a campanha de sensibiliza\u00e7\u00e3o sobre hansen\u00edase\"}]},{\"@type\":\"WebSite\",\"@id\":\"https:\/\/www.federassantas.org.br\/novosite\/#website\",\"url\":\"https:\/\/www.federassantas.org.br\/novosite\/\",\"name\":\"Federassantas\",\"description\":\"Fed. das Santas Casas e Hospitais Filantr\u00f3picos de MG\",\"publisher\":{\"@id\":\"https:\/\/www.federassantas.org.br\/novosite\/#organization\"},\"potentialAction\":[{\"@type\":\"SearchAction\",\"target\":{\"@type\":\"EntryPoint\",\"urlTemplate\":\"https:\/\/www.federassantas.org.br\/novosite\/?s={search_term_string}\"},\"query-input\":{\"@type\":\"PropertyValueSpecification\",\"valueRequired\":true,\"valueName\":\"search_term_string\"}}],\"inLanguage\":\"pt-BR\"},{\"@type\":\"Organization\",\"@id\":\"https:\/\/www.federassantas.org.br\/novosite\/#organization\",\"name\":\"Federassantas\",\"url\":\"https:\/\/www.federassantas.org.br\/novosite\/\",\"logo\":{\"@type\":\"ImageObject\",\"inLanguage\":\"pt-BR\",\"@id\":\"https:\/\/www.federassantas.org.br\/novosite\/#\/schema\/logo\/image\/\",\"url\":\"https:\/\/www.federassantas.org.br\/novosite\/wp-content\/uploads\/2021\/12\/logo.png\",\"contentUrl\":\"https:\/\/www.federassantas.org.br\/novosite\/wp-content\/uploads\/2021\/12\/logo.png\",\"width\":243,\"height\":59,\"caption\":\"Federassantas\"},\"image\":{\"@id\":\"https:\/\/www.federassantas.org.br\/novosite\/#\/schema\/logo\/image\/\"}},{\"@type\":\"Person\",\"@id\":\"https:\/\/www.federassantas.org.br\/novosite\/#\/schema\/person\/75fed98158349313fe56175f232f513c\",\"name\":\"admin-federas\",\"image\":{\"@type\":\"ImageObject\",\"inLanguage\":\"pt-BR\",\"@id\":\"https:\/\/www.federassantas.org.br\/novosite\/#\/schema\/person\/image\/\",\"url\":\"https:\/\/secure.gravatar.com\/avatar\/2a02d7dda59fe8dc6b7ffd3f652e2efede5ccf0dd89dfdc8137c5517f3de8407?s=96&d=mm&r=g\",\"contentUrl\":\"https:\/\/secure.gravatar.com\/avatar\/2a02d7dda59fe8dc6b7ffd3f652e2efede5ccf0dd89dfdc8137c5517f3de8407?s=96&d=mm&r=g\",\"caption\":\"admin-federas\"},\"sameAs\":[\"https:\/\/www.federassantas.org.br\/novosite\/\"],\"url\":\"https:\/\/www.federassantas.org.br\/novosite\/author\/admin-federas\/\"}]}<\/script>\n<!-- \/ Yoast SEO plugin. -->","yoast_head_json":{"title":"Conselho de Sa\u00fade adere a campanha de sensibiliza\u00e7\u00e3o sobre hansen\u00edase - Federassantas","robots":{"index":"index","follow":"follow","max-snippet":"max-snippet:-1","max-image-preview":"max-image-preview:large","max-video-preview":"max-video-preview:-1"},"canonical":"https:\/\/www.federassantas.org.br\/novosite\/conselho-de-saude-adere-a-campanha-de-sensibilizacao-sobre-hanseniase\/","og_locale":"pt_BR","og_type":"article","og_title":"Conselho de Sa\u00fade adere a campanha de sensibiliza\u00e7\u00e3o sobre hansen\u00edase - Federassantas","og_description":"Doen\u00e7a atinge pele e nervos e gera redu\u00e7\u00e3o da for\u00e7a muscular O Conselho Nacional de Sa\u00fade (CNS) e o Movimento de Reintegra\u00e7\u00e3o de Pessoas Afligidas pela Hansen\u00edase (Morhan) assinaram a ades\u00e3o \u00e0 campanha \u201cN\u00e3o esque\u00e7a da Hansen\u00edase\u201d. A iniciativa tem como objetivos sensibilizar a sociedade sobre essa doen\u00e7a e promover a\u00e7\u00f5es de preven\u00e7\u00e3o e combate [&hellip;]","og_url":"https:\/\/www.federassantas.org.br\/novosite\/conselho-de-saude-adere-a-campanha-de-sensibilizacao-sobre-hanseniase\/","og_site_name":"Federassantas","article_published_time":"2022-02-03T12:30:17+00:00","author":"admin-federas","twitter_card":"summary_large_image","twitter_misc":{"Escrito por":"admin-federas","Est. tempo de leitura":"2 minutos"},"schema":{"@context":"https:\/\/schema.org","@graph":[{"@type":"Article","@id":"https:\/\/www.federassantas.org.br\/novosite\/conselho-de-saude-adere-a-campanha-de-sensibilizacao-sobre-hanseniase\/#article","isPartOf":{"@id":"https:\/\/www.federassantas.org.br\/novosite\/conselho-de-saude-adere-a-campanha-de-sensibilizacao-sobre-hanseniase\/"},"author":{"name":"admin-federas","@id":"https:\/\/www.federassantas.org.br\/novosite\/#\/schema\/person\/75fed98158349313fe56175f232f513c"},"headline":"Conselho de Sa\u00fade adere a campanha de sensibiliza\u00e7\u00e3o sobre hansen\u00edase","datePublished":"2022-02-03T12:30:17+00:00","mainEntityOfPage":{"@id":"https:\/\/www.federassantas.org.br\/novosite\/conselho-de-saude-adere-a-campanha-de-sensibilizacao-sobre-hanseniase\/"},"wordCount":481,"commentCount":0,"publisher":{"@id":"https:\/\/www.federassantas.org.br\/novosite\/#organization"},"image":{"@id":"https:\/\/www.federassantas.org.br\/novosite\/conselho-de-saude-adere-a-campanha-de-sensibilizacao-sobre-hanseniase\/#primaryimage"},"thumbnailUrl":"","articleSection":["Not\u00edcias"],"inLanguage":"pt-BR","potentialAction":[{"@type":"CommentAction","name":"Comment","target":["https:\/\/www.federassantas.org.br\/novosite\/conselho-de-saude-adere-a-campanha-de-sensibilizacao-sobre-hanseniase\/#respond"]}]},{"@type":"WebPage","@id":"https:\/\/www.federassantas.org.br\/novosite\/conselho-de-saude-adere-a-campanha-de-sensibilizacao-sobre-hanseniase\/","url":"https:\/\/www.federassantas.org.br\/novosite\/conselho-de-saude-adere-a-campanha-de-sensibilizacao-sobre-hanseniase\/","name":"Conselho de Sa\u00fade adere a campanha de sensibiliza\u00e7\u00e3o sobre hansen\u00edase - Federassantas","isPartOf":{"@id":"https:\/\/www.federassantas.org.br\/novosite\/#website"},"primaryImageOfPage":{"@id":"https:\/\/www.federassantas.org.br\/novosite\/conselho-de-saude-adere-a-campanha-de-sensibilizacao-sobre-hanseniase\/#primaryimage"},"image":{"@id":"https:\/\/www.federassantas.org.br\/novosite\/conselho-de-saude-adere-a-campanha-de-sensibilizacao-sobre-hanseniase\/#primaryimage"},"thumbnailUrl":"","datePublished":"2022-02-03T12:30:17+00:00","breadcrumb":{"@id":"https:\/\/www.federassantas.org.br\/novosite\/conselho-de-saude-adere-a-campanha-de-sensibilizacao-sobre-hanseniase\/#breadcrumb"},"inLanguage":"pt-BR","potentialAction":[{"@type":"ReadAction","target":["https:\/\/www.federassantas.org.br\/novosite\/conselho-de-saude-adere-a-campanha-de-sensibilizacao-sobre-hanseniase\/"]}]},{"@type":"ImageObject","inLanguage":"pt-BR","@id":"https:\/\/www.federassantas.org.br\/novosite\/conselho-de-saude-adere-a-campanha-de-sensibilizacao-sobre-hanseniase\/#primaryimage","url":"","contentUrl":""},{"@type":"BreadcrumbList","@id":"https:\/\/www.federassantas.org.br\/novosite\/conselho-de-saude-adere-a-campanha-de-sensibilizacao-sobre-hanseniase\/#breadcrumb","itemListElement":[{"@type":"ListItem","position":1,"name":"In\u00edcio","item":"https:\/\/www.federassantas.org.br\/novosite\/"},{"@type":"ListItem","position":2,"name":"Conselho de Sa\u00fade adere a campanha de sensibiliza\u00e7\u00e3o sobre hansen\u00edase"}]},{"@type":"WebSite","@id":"https:\/\/www.federassantas.org.br\/novosite\/#website","url":"https:\/\/www.federassantas.org.br\/novosite\/","name":"Federassantas","description":"Fed. das Santas Casas e Hospitais Filantr\u00f3picos de MG","publisher":{"@id":"https:\/\/www.federassantas.org.br\/novosite\/#organization"},"potentialAction":[{"@type":"SearchAction","target":{"@type":"EntryPoint","urlTemplate":"https:\/\/www.federassantas.org.br\/novosite\/?s={search_term_string}"},"query-input":{"@type":"PropertyValueSpecification","valueRequired":true,"valueName":"search_term_string"}}],"inLanguage":"pt-BR"},{"@type":"Organization","@id":"https:\/\/www.federassantas.org.br\/novosite\/#organization","name":"Federassantas","url":"https:\/\/www.federassantas.org.br\/novosite\/","logo":{"@type":"ImageObject","inLanguage":"pt-BR","@id":"https:\/\/www.federassantas.org.br\/novosite\/#\/schema\/logo\/image\/","url":"https:\/\/www.federassantas.org.br\/novosite\/wp-content\/uploads\/2021\/12\/logo.png","contentUrl":"https:\/\/www.federassantas.org.br\/novosite\/wp-content\/uploads\/2021\/12\/logo.png","width":243,"height":59,"caption":"Federassantas"},"image":{"@id":"https:\/\/www.federassantas.org.br\/novosite\/#\/schema\/logo\/image\/"}},{"@type":"Person","@id":"https:\/\/www.federassantas.org.br\/novosite\/#\/schema\/person\/75fed98158349313fe56175f232f513c","name":"admin-federas","image":{"@type":"ImageObject","inLanguage":"pt-BR","@id":"https:\/\/www.federassantas.org.br\/novosite\/#\/schema\/person\/image\/","url":"https:\/\/secure.gravatar.com\/avatar\/2a02d7dda59fe8dc6b7ffd3f652e2efede5ccf0dd89dfdc8137c5517f3de8407?s=96&d=mm&r=g","contentUrl":"https:\/\/secure.gravatar.com\/avatar\/2a02d7dda59fe8dc6b7ffd3f652e2efede5ccf0dd89dfdc8137c5517f3de8407?s=96&d=mm&r=g","caption":"admin-federas"},"sameAs":["https:\/\/www.federassantas.org.br\/novosite\/"],"url":"https:\/\/www.federassantas.org.br\/novosite\/author\/admin-federas\/"}]}},"_links":{"self":[{"href":"https:\/\/www.federassantas.org.br\/novosite\/wp-json\/wp\/v2\/posts\/23238","targetHints":{"allow":["GET"]}}],"collection":[{"href":"https:\/\/www.federassantas.org.br\/novosite\/wp-json\/wp\/v2\/posts"}],"about":[{"href":"https:\/\/www.federassantas.org.br\/novosite\/wp-json\/wp\/v2\/types\/post"}],"author":[{"embeddable":true,"href":"https:\/\/www.federassantas.org.br\/novosite\/wp-json\/wp\/v2\/users\/1"}],"replies":[{"embeddable":true,"href":"https:\/\/www.federassantas.org.br\/novosite\/wp-json\/wp\/v2\/comments?post=23238"}],"version-history":[{"count":0,"href":"https:\/\/www.federassantas.org.br\/novosite\/wp-json\/wp\/v2\/posts\/23238\/revisions"}],"wp:featuredmedia":[{"embeddable":true,"href":"https:\/\/www.federassantas.org.br\/novosite\/wp-json\/"}],"wp:attachment":[{"href":"https:\/\/www.federassantas.org.br\/novosite\/wp-json\/wp\/v2\/media?parent=23238"}],"wp:term":[{"taxonomy":"category","embeddable":true,"href":"https:\/\/www.federassantas.org.br\/novosite\/wp-json\/wp\/v2\/categories?post=23238"},{"taxonomy":"post_tag","embeddable":true,"href":"https:\/\/www.federassantas.org.br\/novosite\/wp-json\/wp\/v2\/tags?post=23238"}],"curies":[{"name":"wp","href":"https:\/\/api.w.org\/{rel}","templated":true}]}}