{"id":23241,"date":"2022-02-03T09:36:42","date_gmt":"2022-02-03T12:36:42","guid":{"rendered":"https:\/\/federasbackup.meltcomunicacao.com.br\/?p=23241"},"modified":"2022-02-03T09:36:42","modified_gmt":"2022-02-03T12:36:42","slug":"ministerio-lanca-linha-de-cuidado-sobre-doenca-renal-cronica-em-adulto","status":"publish","type":"post","link":"https:\/\/www.federassantas.org.br\/novosite\/ministerio-lanca-linha-de-cuidado-sobre-doenca-renal-cronica-em-adulto\/","title":{"rendered":"Minist\u00e9rio lan\u00e7a Linha de Cuidado sobre doen\u00e7a renal cr\u00f4nica em adulto"},"content":{"rendered":"\n<p><em>Enfermidade prejudica os rins e afeta 1,5% da popula\u00e7\u00e3o brasileira<\/em><\/p>\n\n\n\n<p>O Minist\u00e9rio da Sa\u00fade disponibilizou, na internet, um conjunto de informa\u00e7\u00f5es para ajudar profissionais de sa\u00fade, gestores p\u00fablicos e a popula\u00e7\u00e3o a identificar e tratar a doen\u00e7a renal cr\u00f4nica em adultos. A enfermidade, que afeta cerca de 1,5% da popula\u00e7\u00e3o brasileira, prejudica o funcionamento adequado dos rins dos pacientes.<br><br>O material est\u00e1 dispon\u00edvel na plataforma&nbsp;<a href=\"https:\/\/linhasdecuidado.saude.gov.br\/portal\/todas-linhas\" target=\"_blank\" rel=\"noreferrer noopener\">Linhas de Cuidado<\/a>, ferramenta interativa criada pela Secretaria Nacional de Aten\u00e7\u00e3o Prim\u00e1ria \u00e0 Sa\u00fade, que j\u00e1 reunia orienta\u00e7\u00f5es sobre oito temas em sa\u00fade: acidente vascular cerebral (AVC); hipertens\u00e3o arterial sist\u00eamica; HIV\/aids e obesidade (todos em adultos), al\u00e9m do transtorno do espectro autista (TEA) em crian\u00e7as e do diabetes mellitus tipo 2, hepatites virais e tabagismo em qualquer idade. Mais 17 temas est\u00e3o em desenvolvimento.<img decoding=\"async\" src=\"https:\/\/agenciabrasil.ebc.com.br\/ebc.png?id=1439978&amp;o=node\"><img decoding=\"async\" src=\"https:\/\/agenciabrasil.ebc.com.br\/ebc.gif?id=1439978&amp;o=node\"><\/p>\n\n\n\n<p>Segundo o Minist\u00e9rio da Sa\u00fade, a plataforma Linhas de Cuidado estabelece o percurso assistencial adequado para os usu\u00e1rios do Sistema \u00danico de Sa\u00fade (SUS) nos diferentes n\u00edveis de aten\u00e7\u00e3o. No portal, \u00e9 poss\u00edvel consultar protocolos, diretrizes e normas t\u00e9cnicas estabelecidos pelo minist\u00e9rio e pelas secretarias estaduais e municipais de Sa\u00fade relacionadas aos temas j\u00e1 dispon\u00edveis.<br><br>Ainda de acordo com a pasta, as linhas de cuidado n\u00e3o s\u00f3 ajudam a popula\u00e7\u00e3o a saber quais servi\u00e7os p\u00fablicos deve procurar e os cuidados recomendados para cada caso e etapa do tratamento, como tamb\u00e9m pode auxiliar os profissionais de sa\u00fade a elaborar estrat\u00e9gias de preven\u00e7\u00e3o, rastreio e aten\u00e7\u00e3o aos pacientes. Al\u00e9m disso, os gestores p\u00fablicos podem usar a ferramenta para obter informa\u00e7\u00f5es que ajudem a organizar e sistematizar os servi\u00e7os de sa\u00fade.<\/p>\n\n\n\n<h5 class=\"wp-block-heading\">Diagn\u00f3stico<\/h5>\n\n\n\n<p>Segundo o Minist\u00e9rio da Sa\u00fade, entre os fatores de risco para desenvolvimento da doen\u00e7a renal cr\u00f4nica est\u00e3o a hipertens\u00e3o (33%), o diabetes (30%), as glomerulonefrites (9%) e a doen\u00e7a renal polic\u00edstica (4%).<br><br>O SUS financia cerca de 90% dos tratamentos de pacientes que se submetem \u00e0 terapia renal substitutiva (TRS), procedimento que compreende tanto a di\u00e1lise (hemodi\u00e1lise e di\u00e1lise peritoneal) quanto o transplante renal.<br><br>A rede de sa\u00fade p\u00fablica tamb\u00e9m promove a\u00e7\u00f5es para tentar identificar, j\u00e1 na aten\u00e7\u00e3o prim\u00e1ria, pessoas com risco de desenvolver a doen\u00e7a renal cr\u00f4nica. Nesse sentido, al\u00e9m do controle e tratamento dos fatores de risco como forma de preven\u00e7\u00e3o, \u00e9 importante a popula\u00e7\u00e3o ter acesso a formas de obter um diagn\u00f3stico precoce.<br><br>\u201cA detec\u00e7\u00e3o precoce reduz a progress\u00e3o da les\u00e3o [dos rins] e facilita a recupera\u00e7\u00e3o dos pacientes. Por isso, a aten\u00e7\u00e3o prim\u00e1ria \u00e9 t\u00e3o importante nesse processo\u201d, avalia o secret\u00e1rio de Aten\u00e7\u00e3o Prim\u00e1ria do Minist\u00e9rio da Sa\u00fade, Raphael C\u00e2mara, em nota.<\/p>\n\n\n\n<p><\/p>\n\n\n\n<p>Fonte: <a rel=\"noreferrer noopener\" href=\"https:\/\/agenciabrasil.ebc.com.br\/saude\/noticia\/2022-02\/ministerio-lanca-linha-de-cuidado-sobre-doenca-renal-cronica-em-adulto\" target=\"_blank\">Ag\u00eancia Brasil<\/a><br>Foto: Marcello Casal JR\/Ag\u00eancia Brasil<\/p>\n","protected":false},"excerpt":{"rendered":"<p>Enfermidade prejudica os rins e afeta 1,5% da popula\u00e7\u00e3o brasileira O Minist\u00e9rio da Sa\u00fade disponibilizou, na internet, um conjunto de informa\u00e7\u00f5es para ajudar profissionais de sa\u00fade, gestores p\u00fablicos e a popula\u00e7\u00e3o a identificar e tratar a doen\u00e7a renal cr\u00f4nica em adultos. A enfermidade, que afeta cerca de 1,5% da popula\u00e7\u00e3o brasileira, prejudica o funcionamento adequado [&hellip;]<\/p>\n","protected":false},"author":1,"featured_media":23242,"comment_status":"open","ping_status":"open","sticky":false,"template":"","format":"standard","meta":{"footnotes":""},"categories":[140],"tags":[],"class_list":["post-23241","post","type-post","status-publish","format-standard","has-post-thumbnail","hentry","category-noticias"],"yoast_head":"<!-- This site is optimized with the Yoast SEO plugin v26.9 - https:\/\/yoast.com\/product\/yoast-seo-wordpress\/ -->\n<title>Minist\u00e9rio lan\u00e7a Linha de Cuidado sobre doen\u00e7a renal cr\u00f4nica em adulto - Federassantas<\/title>\n<meta name=\"robots\" content=\"index, follow, max-snippet:-1, max-image-preview:large, max-video-preview:-1\" \/>\n<link rel=\"canonical\" href=\"https:\/\/www.federassantas.org.br\/novosite\/ministerio-lanca-linha-de-cuidado-sobre-doenca-renal-cronica-em-adulto\/\" \/>\n<meta property=\"og:locale\" content=\"pt_BR\" \/>\n<meta property=\"og:type\" content=\"article\" \/>\n<meta property=\"og:title\" content=\"Minist\u00e9rio lan\u00e7a Linha de Cuidado sobre doen\u00e7a renal cr\u00f4nica em adulto - Federassantas\" \/>\n<meta property=\"og:description\" content=\"Enfermidade prejudica os rins e afeta 1,5% da popula\u00e7\u00e3o brasileira O Minist\u00e9rio da Sa\u00fade disponibilizou, na internet, um conjunto de informa\u00e7\u00f5es para ajudar profissionais de sa\u00fade, gestores p\u00fablicos e a popula\u00e7\u00e3o a identificar e tratar a doen\u00e7a renal cr\u00f4nica em adultos. A enfermidade, que afeta cerca de 1,5% da popula\u00e7\u00e3o brasileira, prejudica o funcionamento adequado [&hellip;]\" \/>\n<meta property=\"og:url\" content=\"https:\/\/www.federassantas.org.br\/novosite\/ministerio-lanca-linha-de-cuidado-sobre-doenca-renal-cronica-em-adulto\/\" \/>\n<meta property=\"og:site_name\" content=\"Federassantas\" \/>\n<meta property=\"article:published_time\" content=\"2022-02-03T12:36:42+00:00\" \/>\n<meta name=\"author\" content=\"admin-federas\" \/>\n<meta name=\"twitter:card\" content=\"summary_large_image\" \/>\n<meta name=\"twitter:label1\" content=\"Escrito por\" \/>\n\t<meta name=\"twitter:data1\" content=\"admin-federas\" \/>\n\t<meta name=\"twitter:label2\" content=\"Est. tempo de leitura\" \/>\n\t<meta name=\"twitter:data2\" content=\"2 minutos\" \/>\n<script type=\"application\/ld+json\" class=\"yoast-schema-graph\">{\"@context\":\"https:\/\/schema.org\",\"@graph\":[{\"@type\":\"Article\",\"@id\":\"https:\/\/www.federassantas.org.br\/novosite\/ministerio-lanca-linha-de-cuidado-sobre-doenca-renal-cronica-em-adulto\/#article\",\"isPartOf\":{\"@id\":\"https:\/\/www.federassantas.org.br\/novosite\/ministerio-lanca-linha-de-cuidado-sobre-doenca-renal-cronica-em-adulto\/\"},\"author\":{\"name\":\"admin-federas\",\"@id\":\"https:\/\/www.federassantas.org.br\/novosite\/#\/schema\/person\/75fed98158349313fe56175f232f513c\"},\"headline\":\"Minist\u00e9rio lan\u00e7a Linha de Cuidado sobre doen\u00e7a renal cr\u00f4nica em adulto\",\"datePublished\":\"2022-02-03T12:36:42+00:00\",\"mainEntityOfPage\":{\"@id\":\"https:\/\/www.federassantas.org.br\/novosite\/ministerio-lanca-linha-de-cuidado-sobre-doenca-renal-cronica-em-adulto\/\"},\"wordCount\":511,\"commentCount\":0,\"publisher\":{\"@id\":\"https:\/\/www.federassantas.org.br\/novosite\/#organization\"},\"image\":{\"@id\":\"https:\/\/www.federassantas.org.br\/novosite\/ministerio-lanca-linha-de-cuidado-sobre-doenca-renal-cronica-em-adulto\/#primaryimage\"},\"thumbnailUrl\":\"\",\"articleSection\":[\"Not\u00edcias\"],\"inLanguage\":\"pt-BR\",\"potentialAction\":[{\"@type\":\"CommentAction\",\"name\":\"Comment\",\"target\":[\"https:\/\/www.federassantas.org.br\/novosite\/ministerio-lanca-linha-de-cuidado-sobre-doenca-renal-cronica-em-adulto\/#respond\"]}]},{\"@type\":\"WebPage\",\"@id\":\"https:\/\/www.federassantas.org.br\/novosite\/ministerio-lanca-linha-de-cuidado-sobre-doenca-renal-cronica-em-adulto\/\",\"url\":\"https:\/\/www.federassantas.org.br\/novosite\/ministerio-lanca-linha-de-cuidado-sobre-doenca-renal-cronica-em-adulto\/\",\"name\":\"Minist\u00e9rio lan\u00e7a Linha de Cuidado sobre doen\u00e7a renal cr\u00f4nica em adulto - Federassantas\",\"isPartOf\":{\"@id\":\"https:\/\/www.federassantas.org.br\/novosite\/#website\"},\"primaryImageOfPage\":{\"@id\":\"https:\/\/www.federassantas.org.br\/novosite\/ministerio-lanca-linha-de-cuidado-sobre-doenca-renal-cronica-em-adulto\/#primaryimage\"},\"image\":{\"@id\":\"https:\/\/www.federassantas.org.br\/novosite\/ministerio-lanca-linha-de-cuidado-sobre-doenca-renal-cronica-em-adulto\/#primaryimage\"},\"thumbnailUrl\":\"\",\"datePublished\":\"2022-02-03T12:36:42+00:00\",\"breadcrumb\":{\"@id\":\"https:\/\/www.federassantas.org.br\/novosite\/ministerio-lanca-linha-de-cuidado-sobre-doenca-renal-cronica-em-adulto\/#breadcrumb\"},\"inLanguage\":\"pt-BR\",\"potentialAction\":[{\"@type\":\"ReadAction\",\"target\":[\"https:\/\/www.federassantas.org.br\/novosite\/ministerio-lanca-linha-de-cuidado-sobre-doenca-renal-cronica-em-adulto\/\"]}]},{\"@type\":\"ImageObject\",\"inLanguage\":\"pt-BR\",\"@id\":\"https:\/\/www.federassantas.org.br\/novosite\/ministerio-lanca-linha-de-cuidado-sobre-doenca-renal-cronica-em-adulto\/#primaryimage\",\"url\":\"\",\"contentUrl\":\"\"},{\"@type\":\"BreadcrumbList\",\"@id\":\"https:\/\/www.federassantas.org.br\/novosite\/ministerio-lanca-linha-de-cuidado-sobre-doenca-renal-cronica-em-adulto\/#breadcrumb\",\"itemListElement\":[{\"@type\":\"ListItem\",\"position\":1,\"name\":\"In\u00edcio\",\"item\":\"https:\/\/www.federassantas.org.br\/novosite\/\"},{\"@type\":\"ListItem\",\"position\":2,\"name\":\"Minist\u00e9rio lan\u00e7a Linha de Cuidado sobre doen\u00e7a renal cr\u00f4nica em adulto\"}]},{\"@type\":\"WebSite\",\"@id\":\"https:\/\/www.federassantas.org.br\/novosite\/#website\",\"url\":\"https:\/\/www.federassantas.org.br\/novosite\/\",\"name\":\"Federassantas\",\"description\":\"Fed. das Santas Casas e Hospitais Filantr\u00f3picos de MG\",\"publisher\":{\"@id\":\"https:\/\/www.federassantas.org.br\/novosite\/#organization\"},\"potentialAction\":[{\"@type\":\"SearchAction\",\"target\":{\"@type\":\"EntryPoint\",\"urlTemplate\":\"https:\/\/www.federassantas.org.br\/novosite\/?s={search_term_string}\"},\"query-input\":{\"@type\":\"PropertyValueSpecification\",\"valueRequired\":true,\"valueName\":\"search_term_string\"}}],\"inLanguage\":\"pt-BR\"},{\"@type\":\"Organization\",\"@id\":\"https:\/\/www.federassantas.org.br\/novosite\/#organization\",\"name\":\"Federassantas\",\"url\":\"https:\/\/www.federassantas.org.br\/novosite\/\",\"logo\":{\"@type\":\"ImageObject\",\"inLanguage\":\"pt-BR\",\"@id\":\"https:\/\/www.federassantas.org.br\/novosite\/#\/schema\/logo\/image\/\",\"url\":\"https:\/\/www.federassantas.org.br\/novosite\/wp-content\/uploads\/2021\/12\/logo.png\",\"contentUrl\":\"https:\/\/www.federassantas.org.br\/novosite\/wp-content\/uploads\/2021\/12\/logo.png\",\"width\":243,\"height\":59,\"caption\":\"Federassantas\"},\"image\":{\"@id\":\"https:\/\/www.federassantas.org.br\/novosite\/#\/schema\/logo\/image\/\"}},{\"@type\":\"Person\",\"@id\":\"https:\/\/www.federassantas.org.br\/novosite\/#\/schema\/person\/75fed98158349313fe56175f232f513c\",\"name\":\"admin-federas\",\"image\":{\"@type\":\"ImageObject\",\"inLanguage\":\"pt-BR\",\"@id\":\"https:\/\/www.federassantas.org.br\/novosite\/#\/schema\/person\/image\/\",\"url\":\"https:\/\/secure.gravatar.com\/avatar\/2a02d7dda59fe8dc6b7ffd3f652e2efede5ccf0dd89dfdc8137c5517f3de8407?s=96&d=mm&r=g\",\"contentUrl\":\"https:\/\/secure.gravatar.com\/avatar\/2a02d7dda59fe8dc6b7ffd3f652e2efede5ccf0dd89dfdc8137c5517f3de8407?s=96&d=mm&r=g\",\"caption\":\"admin-federas\"},\"sameAs\":[\"https:\/\/www.federassantas.org.br\/novosite\/\"],\"url\":\"https:\/\/www.federassantas.org.br\/novosite\/author\/admin-federas\/\"}]}<\/script>\n<!-- \/ Yoast SEO plugin. -->","yoast_head_json":{"title":"Minist\u00e9rio lan\u00e7a Linha de Cuidado sobre doen\u00e7a renal cr\u00f4nica em adulto - Federassantas","robots":{"index":"index","follow":"follow","max-snippet":"max-snippet:-1","max-image-preview":"max-image-preview:large","max-video-preview":"max-video-preview:-1"},"canonical":"https:\/\/www.federassantas.org.br\/novosite\/ministerio-lanca-linha-de-cuidado-sobre-doenca-renal-cronica-em-adulto\/","og_locale":"pt_BR","og_type":"article","og_title":"Minist\u00e9rio lan\u00e7a Linha de Cuidado sobre doen\u00e7a renal cr\u00f4nica em adulto - Federassantas","og_description":"Enfermidade prejudica os rins e afeta 1,5% da popula\u00e7\u00e3o brasileira O Minist\u00e9rio da Sa\u00fade disponibilizou, na internet, um conjunto de informa\u00e7\u00f5es para ajudar profissionais de sa\u00fade, gestores p\u00fablicos e a popula\u00e7\u00e3o a identificar e tratar a doen\u00e7a renal cr\u00f4nica em adultos. A enfermidade, que afeta cerca de 1,5% da popula\u00e7\u00e3o brasileira, prejudica o funcionamento adequado [&hellip;]","og_url":"https:\/\/www.federassantas.org.br\/novosite\/ministerio-lanca-linha-de-cuidado-sobre-doenca-renal-cronica-em-adulto\/","og_site_name":"Federassantas","article_published_time":"2022-02-03T12:36:42+00:00","author":"admin-federas","twitter_card":"summary_large_image","twitter_misc":{"Escrito por":"admin-federas","Est. tempo de leitura":"2 minutos"},"schema":{"@context":"https:\/\/schema.org","@graph":[{"@type":"Article","@id":"https:\/\/www.federassantas.org.br\/novosite\/ministerio-lanca-linha-de-cuidado-sobre-doenca-renal-cronica-em-adulto\/#article","isPartOf":{"@id":"https:\/\/www.federassantas.org.br\/novosite\/ministerio-lanca-linha-de-cuidado-sobre-doenca-renal-cronica-em-adulto\/"},"author":{"name":"admin-federas","@id":"https:\/\/www.federassantas.org.br\/novosite\/#\/schema\/person\/75fed98158349313fe56175f232f513c"},"headline":"Minist\u00e9rio lan\u00e7a Linha de Cuidado sobre doen\u00e7a renal cr\u00f4nica em adulto","datePublished":"2022-02-03T12:36:42+00:00","mainEntityOfPage":{"@id":"https:\/\/www.federassantas.org.br\/novosite\/ministerio-lanca-linha-de-cuidado-sobre-doenca-renal-cronica-em-adulto\/"},"wordCount":511,"commentCount":0,"publisher":{"@id":"https:\/\/www.federassantas.org.br\/novosite\/#organization"},"image":{"@id":"https:\/\/www.federassantas.org.br\/novosite\/ministerio-lanca-linha-de-cuidado-sobre-doenca-renal-cronica-em-adulto\/#primaryimage"},"thumbnailUrl":"","articleSection":["Not\u00edcias"],"inLanguage":"pt-BR","potentialAction":[{"@type":"CommentAction","name":"Comment","target":["https:\/\/www.federassantas.org.br\/novosite\/ministerio-lanca-linha-de-cuidado-sobre-doenca-renal-cronica-em-adulto\/#respond"]}]},{"@type":"WebPage","@id":"https:\/\/www.federassantas.org.br\/novosite\/ministerio-lanca-linha-de-cuidado-sobre-doenca-renal-cronica-em-adulto\/","url":"https:\/\/www.federassantas.org.br\/novosite\/ministerio-lanca-linha-de-cuidado-sobre-doenca-renal-cronica-em-adulto\/","name":"Minist\u00e9rio lan\u00e7a Linha de Cuidado sobre doen\u00e7a renal cr\u00f4nica em adulto - Federassantas","isPartOf":{"@id":"https:\/\/www.federassantas.org.br\/novosite\/#website"},"primaryImageOfPage":{"@id":"https:\/\/www.federassantas.org.br\/novosite\/ministerio-lanca-linha-de-cuidado-sobre-doenca-renal-cronica-em-adulto\/#primaryimage"},"image":{"@id":"https:\/\/www.federassantas.org.br\/novosite\/ministerio-lanca-linha-de-cuidado-sobre-doenca-renal-cronica-em-adulto\/#primaryimage"},"thumbnailUrl":"","datePublished":"2022-02-03T12:36:42+00:00","breadcrumb":{"@id":"https:\/\/www.federassantas.org.br\/novosite\/ministerio-lanca-linha-de-cuidado-sobre-doenca-renal-cronica-em-adulto\/#breadcrumb"},"inLanguage":"pt-BR","potentialAction":[{"@type":"ReadAction","target":["https:\/\/www.federassantas.org.br\/novosite\/ministerio-lanca-linha-de-cuidado-sobre-doenca-renal-cronica-em-adulto\/"]}]},{"@type":"ImageObject","inLanguage":"pt-BR","@id":"https:\/\/www.federassantas.org.br\/novosite\/ministerio-lanca-linha-de-cuidado-sobre-doenca-renal-cronica-em-adulto\/#primaryimage","url":"","contentUrl":""},{"@type":"BreadcrumbList","@id":"https:\/\/www.federassantas.org.br\/novosite\/ministerio-lanca-linha-de-cuidado-sobre-doenca-renal-cronica-em-adulto\/#breadcrumb","itemListElement":[{"@type":"ListItem","position":1,"name":"In\u00edcio","item":"https:\/\/www.federassantas.org.br\/novosite\/"},{"@type":"ListItem","position":2,"name":"Minist\u00e9rio lan\u00e7a Linha de Cuidado sobre doen\u00e7a renal cr\u00f4nica em adulto"}]},{"@type":"WebSite","@id":"https:\/\/www.federassantas.org.br\/novosite\/#website","url":"https:\/\/www.federassantas.org.br\/novosite\/","name":"Federassantas","description":"Fed. das Santas Casas e Hospitais Filantr\u00f3picos de MG","publisher":{"@id":"https:\/\/www.federassantas.org.br\/novosite\/#organization"},"potentialAction":[{"@type":"SearchAction","target":{"@type":"EntryPoint","urlTemplate":"https:\/\/www.federassantas.org.br\/novosite\/?s={search_term_string}"},"query-input":{"@type":"PropertyValueSpecification","valueRequired":true,"valueName":"search_term_string"}}],"inLanguage":"pt-BR"},{"@type":"Organization","@id":"https:\/\/www.federassantas.org.br\/novosite\/#organization","name":"Federassantas","url":"https:\/\/www.federassantas.org.br\/novosite\/","logo":{"@type":"ImageObject","inLanguage":"pt-BR","@id":"https:\/\/www.federassantas.org.br\/novosite\/#\/schema\/logo\/image\/","url":"https:\/\/www.federassantas.org.br\/novosite\/wp-content\/uploads\/2021\/12\/logo.png","contentUrl":"https:\/\/www.federassantas.org.br\/novosite\/wp-content\/uploads\/2021\/12\/logo.png","width":243,"height":59,"caption":"Federassantas"},"image":{"@id":"https:\/\/www.federassantas.org.br\/novosite\/#\/schema\/logo\/image\/"}},{"@type":"Person","@id":"https:\/\/www.federassantas.org.br\/novosite\/#\/schema\/person\/75fed98158349313fe56175f232f513c","name":"admin-federas","image":{"@type":"ImageObject","inLanguage":"pt-BR","@id":"https:\/\/www.federassantas.org.br\/novosite\/#\/schema\/person\/image\/","url":"https:\/\/secure.gravatar.com\/avatar\/2a02d7dda59fe8dc6b7ffd3f652e2efede5ccf0dd89dfdc8137c5517f3de8407?s=96&d=mm&r=g","contentUrl":"https:\/\/secure.gravatar.com\/avatar\/2a02d7dda59fe8dc6b7ffd3f652e2efede5ccf0dd89dfdc8137c5517f3de8407?s=96&d=mm&r=g","caption":"admin-federas"},"sameAs":["https:\/\/www.federassantas.org.br\/novosite\/"],"url":"https:\/\/www.federassantas.org.br\/novosite\/author\/admin-federas\/"}]}},"_links":{"self":[{"href":"https:\/\/www.federassantas.org.br\/novosite\/wp-json\/wp\/v2\/posts\/23241","targetHints":{"allow":["GET"]}}],"collection":[{"href":"https:\/\/www.federassantas.org.br\/novosite\/wp-json\/wp\/v2\/posts"}],"about":[{"href":"https:\/\/www.federassantas.org.br\/novosite\/wp-json\/wp\/v2\/types\/post"}],"author":[{"embeddable":true,"href":"https:\/\/www.federassantas.org.br\/novosite\/wp-json\/wp\/v2\/users\/1"}],"replies":[{"embeddable":true,"href":"https:\/\/www.federassantas.org.br\/novosite\/wp-json\/wp\/v2\/comments?post=23241"}],"version-history":[{"count":0,"href":"https:\/\/www.federassantas.org.br\/novosite\/wp-json\/wp\/v2\/posts\/23241\/revisions"}],"wp:featuredmedia":[{"embeddable":true,"href":"https:\/\/www.federassantas.org.br\/novosite\/wp-json\/"}],"wp:attachment":[{"href":"https:\/\/www.federassantas.org.br\/novosite\/wp-json\/wp\/v2\/media?parent=23241"}],"wp:term":[{"taxonomy":"category","embeddable":true,"href":"https:\/\/www.federassantas.org.br\/novosite\/wp-json\/wp\/v2\/categories?post=23241"},{"taxonomy":"post_tag","embeddable":true,"href":"https:\/\/www.federassantas.org.br\/novosite\/wp-json\/wp\/v2\/tags?post=23241"}],"curies":[{"name":"wp","href":"https:\/\/api.w.org\/{rel}","templated":true}]}}