{"id":23244,"date":"2022-02-03T09:52:40","date_gmt":"2022-02-03T12:52:40","guid":{"rendered":"https:\/\/federasbackup.meltcomunicacao.com.br\/?p=23244"},"modified":"2022-02-03T09:52:40","modified_gmt":"2022-02-03T12:52:40","slug":"especialista-em-medicina-fetal-retorna-a-santa-casa-de-pocos-de-caldas-para-mais-dois-procedimentos","status":"publish","type":"post","link":"https:\/\/www.federassantas.org.br\/novosite\/especialista-em-medicina-fetal-retorna-a-santa-casa-de-pocos-de-caldas-para-mais-dois-procedimentos\/","title":{"rendered":"Especialista em Medicina Fetal retorna a Santa Casa de Po\u00e7os de Caldas para mais dois procedimentos"},"content":{"rendered":"\n<p>No fim de janeiro, a Santa Casa de Po\u00e7os de Caldas recebeu o Dr. Maur\u00edcio Saito, m\u00e9dico especialista em Medicina Fetal, para realizar mais um procedimento, agora em duas pacientes com problemas de redu\u00e7\u00e3o de l\u00edquido amni\u00f3tico na gesta\u00e7\u00e3o. O especialista, que veio de S\u00e3o Paulo exclusivamente para atend\u00ea-las, j\u00e1 esteve no m\u00eas de dezembro de 2021 na Irmandade para realizar uma transfus\u00e3o intrauterina em uma paciente cujo tipo sangu\u00edneo era incompat\u00edvel com o beb\u00ea, liberando anticorpos que destroem as hem\u00e1cias do beb\u00ea, podendo lev\u00e1-lo a anemia fetal.<\/p>\n\n\n\n<p>\u201cHoje n\u00f3s viemos fazer dois procedimentos aqui na Santa Casa que s\u00e3o gesta\u00e7\u00f5es que tem como problema a redu\u00e7\u00e3o de l\u00edquido amni\u00f3tico. A redu\u00e7\u00e3o de l\u00edquido leva ao hipodesenvolvimento dos ossos dos membros, porque os membros ficam o tempo todo presos, os beb\u00eas n\u00e3o conseguem se movimentar e a articula\u00e7\u00e3o e musculatura n\u00e3o se desenvolvem. E de uma forma mais grave ainda, leva hipoplasia do pulm\u00e3o, ou seja, como voc\u00ea n\u00e3o tem um espa\u00e7o, a caixa tor\u00e1xica fica comprimida, isso impede o desenvolvimento do pulm\u00e3o. Ent\u00e3o, a restitui\u00e7\u00e3o de l\u00edquido atrav\u00e9s da pun\u00e7\u00e3o e a inje\u00e7\u00e3o de soro ajuda na forma\u00e7\u00e3o da cavidade amni\u00f3tica, permitindo o desenvolvimento dos membros e a respira\u00e7\u00e3o do pulm\u00e3o. Isso vai melhorar pelo menos esses dois sistemas\u201d, explica Dr. Saito.&nbsp;<\/p>\n\n\n\n<p>\u201cGeralmente as causas dessa redu\u00e7\u00e3o de l\u00edquido podem ser ruptura de bolsa, quando a bolsa rompe e a paciente perde o l\u00edquido, ou eventualmente por uma m\u00e1 forma\u00e7\u00e3o. As malforma\u00e7\u00f5es geralmente urin\u00e1rias levam \u00e0 redu\u00e7\u00e3o de l\u00edquido, ent\u00e3o n\u00f3s utilizamos esse procedimento para repor o l\u00edquido, inclusive o l\u00edquido permite que a gente consiga identificar melhor a parte estrutural do beb\u00ea\u201d, detalha o especialista.<\/p>\n\n\n\n<p>A m\u00e9dica obstetra da Santa Casa, Dra. Patricia Menossi Baldacci, ajudou na realiza\u00e7\u00e3o do procedimento e conta o qu\u00e3o gratificante \u00e9 ter o m\u00e9dico na Irmandade. \u201c\u00c9 uma honra ter o Saito aqui na Santa Casa. Eu conhe\u00e7o ele desde a \u00e9poca da faculdade, quando foi meu professor. Ele vir de S\u00e3o Paulo para realizar este procedimento \u00e9 uma esperan\u00e7a para estas m\u00e3es. O Hospital n\u00e3o tem como agradecer o Saito por vir aqui para dar essa ajuda para as m\u00e3e e se Deus quiser ele vai vir nos visitar v\u00e1rias vezes. Ser\u00e1 sempre muito bem recebido\u201d, afirma a doutora.<\/p>\n\n\n\n<p>A gestante Michaelle Aparecida Bueno da Silva, uma das pacientes, agradece a toda a equipe que ajudou na realiza\u00e7\u00e3o deste procedimento t\u00e3o importante para a forma\u00e7\u00e3o de seu beb\u00ea. \u201cEu n\u00e3o tenho palavras para descrever a minha alegria. S\u00f3 tenho a agradecer ao Dr. Saito, a Dra. Patr\u00edcia e a equipe. O procedimento foi super tranquilo, s\u00f3 dolorido na hora mas super tranquilo, n\u00e3o teve dor nem nada\u201d, relata a futura mam\u00e3e que agora poder\u00e1 seguir a gesta\u00e7\u00e3o com mais tranquilidade.<\/p>\n\n\n\n<p><\/p>\n\n\n\n<figure class=\"wp-block-gallery columns-3 is-cropped wp-block-gallery-1 is-layout-flex wp-block-gallery-is-layout-flex\"><ul class=\"blocks-gallery-grid\"><li class=\"blocks-gallery-item\"><figure><img decoding=\"async\" src=\"http:\/\/federasbackup.meltcomunicacao.com.br\/wp-content\/uploads\/2022\/02\/Foto-2-1-300x159.jpg\" alt=\"\" data-id=\"23249\" data-link=\"https:\/\/federasbackup.meltcomunicacao.com.br\/?attachment_id=23249\" class=\"wp-image-23249\"\/><\/figure><\/li><li class=\"blocks-gallery-item\"><figure><img decoding=\"async\" src=\"http:\/\/federasbackup.meltcomunicacao.com.br\/wp-content\/uploads\/2022\/02\/Foto-3-300x155.jpg\" alt=\"\" data-id=\"23248\" data-link=\"https:\/\/federasbackup.meltcomunicacao.com.br\/?attachment_id=23248\" class=\"wp-image-23248\"\/><\/figure><\/li><li class=\"blocks-gallery-item\"><figure><img decoding=\"async\" src=\"http:\/\/federasbackup.meltcomunicacao.com.br\/wp-content\/uploads\/2022\/02\/Foto-1-1-300x170.jpg\" alt=\"\" data-id=\"23250\" data-link=\"https:\/\/federasbackup.meltcomunicacao.com.br\/?attachment_id=23250\" class=\"wp-image-23250\"\/><\/figure><\/li><\/ul><figcaption class=\"blocks-gallery-caption\">Dr. Maur\u00edcio Saito, especialista em Medicina Fetal, e a Dr.\u00a0Patricia Menossi Baldacci realizam\u00a0dois procedimentos\u00a0em gestantes com problemas de redu\u00e7\u00e3o de l\u00edquido amni\u00f3tico<\/figcaption><\/figure>\n\n\n\n<p>Por: Assessoria de Comunica\u00e7\u00e3o Santa Casa de Po\u00e7os de Caldas<\/p>\n","protected":false},"excerpt":{"rendered":"<p>No fim de janeiro, a Santa Casa de Po\u00e7os de Caldas recebeu o Dr. Maur\u00edcio Saito, m\u00e9dico especialista em Medicina Fetal, para realizar mais um procedimento, agora em duas pacientes com problemas de redu\u00e7\u00e3o de l\u00edquido amni\u00f3tico na gesta\u00e7\u00e3o. O especialista, que veio de S\u00e3o Paulo exclusivamente para atend\u00ea-las, j\u00e1 esteve no m\u00eas de dezembro [&hellip;]<\/p>\n","protected":false},"author":1,"featured_media":23249,"comment_status":"open","ping_status":"open","sticky":false,"template":"","format":"standard","meta":{"footnotes":""},"categories":[140,139],"tags":[],"class_list":["post-23244","post","type-post","status-publish","format-standard","has-post-thumbnail","hentry","category-noticias","category-noticias-filiados"],"yoast_head":"<!-- This site is optimized with the Yoast SEO plugin v26.9 - https:\/\/yoast.com\/product\/yoast-seo-wordpress\/ -->\n<title>Especialista em Medicina Fetal retorna a Santa Casa de Po\u00e7os de Caldas para mais dois procedimentos - Federassantas<\/title>\n<meta name=\"robots\" content=\"index, follow, max-snippet:-1, max-image-preview:large, max-video-preview:-1\" \/>\n<link rel=\"canonical\" href=\"https:\/\/www.federassantas.org.br\/novosite\/especialista-em-medicina-fetal-retorna-a-santa-casa-de-pocos-de-caldas-para-mais-dois-procedimentos\/\" \/>\n<meta property=\"og:locale\" content=\"pt_BR\" \/>\n<meta property=\"og:type\" content=\"article\" \/>\n<meta property=\"og:title\" content=\"Especialista em Medicina Fetal retorna a Santa Casa de Po\u00e7os de Caldas para mais dois procedimentos - Federassantas\" \/>\n<meta property=\"og:description\" content=\"No fim de janeiro, a Santa Casa de Po\u00e7os de Caldas recebeu o Dr. Maur\u00edcio Saito, m\u00e9dico especialista em Medicina Fetal, para realizar mais um procedimento, agora em duas pacientes com problemas de redu\u00e7\u00e3o de l\u00edquido amni\u00f3tico na gesta\u00e7\u00e3o. O especialista, que veio de S\u00e3o Paulo exclusivamente para atend\u00ea-las, j\u00e1 esteve no m\u00eas de dezembro [&hellip;]\" \/>\n<meta property=\"og:url\" content=\"https:\/\/www.federassantas.org.br\/novosite\/especialista-em-medicina-fetal-retorna-a-santa-casa-de-pocos-de-caldas-para-mais-dois-procedimentos\/\" \/>\n<meta property=\"og:site_name\" content=\"Federassantas\" \/>\n<meta property=\"article:published_time\" content=\"2022-02-03T12:52:40+00:00\" \/>\n<meta property=\"og:image\" content=\"https:\/\/www.federassantas.org.br\/novosite\/wp-content\/uploads\/2022\/02\/Foto-2-1-scaled-1.jpg\" \/>\n\t<meta property=\"og:image:width\" content=\"2560\" \/>\n\t<meta property=\"og:image:height\" content=\"1359\" \/>\n\t<meta property=\"og:image:type\" content=\"image\/jpeg\" \/>\n<meta name=\"author\" content=\"admin-federas\" \/>\n<meta name=\"twitter:card\" content=\"summary_large_image\" \/>\n<meta name=\"twitter:label1\" content=\"Escrito por\" \/>\n\t<meta name=\"twitter:data1\" content=\"admin-federas\" \/>\n\t<meta name=\"twitter:label2\" content=\"Est. tempo de leitura\" \/>\n\t<meta name=\"twitter:data2\" content=\"3 minutos\" \/>\n<script type=\"application\/ld+json\" class=\"yoast-schema-graph\">{\"@context\":\"https:\/\/schema.org\",\"@graph\":[{\"@type\":\"Article\",\"@id\":\"https:\/\/www.federassantas.org.br\/novosite\/especialista-em-medicina-fetal-retorna-a-santa-casa-de-pocos-de-caldas-para-mais-dois-procedimentos\/#article\",\"isPartOf\":{\"@id\":\"https:\/\/www.federassantas.org.br\/novosite\/especialista-em-medicina-fetal-retorna-a-santa-casa-de-pocos-de-caldas-para-mais-dois-procedimentos\/\"},\"author\":{\"name\":\"admin-federas\",\"@id\":\"https:\/\/www.federassantas.org.br\/novosite\/#\/schema\/person\/75fed98158349313fe56175f232f513c\"},\"headline\":\"Especialista em Medicina Fetal retorna a Santa Casa de Po\u00e7os de Caldas para mais dois procedimentos\",\"datePublished\":\"2022-02-03T12:52:40+00:00\",\"mainEntityOfPage\":{\"@id\":\"https:\/\/www.federassantas.org.br\/novosite\/especialista-em-medicina-fetal-retorna-a-santa-casa-de-pocos-de-caldas-para-mais-dois-procedimentos\/\"},\"wordCount\":585,\"commentCount\":0,\"publisher\":{\"@id\":\"https:\/\/www.federassantas.org.br\/novosite\/#organization\"},\"image\":{\"@id\":\"https:\/\/www.federassantas.org.br\/novosite\/especialista-em-medicina-fetal-retorna-a-santa-casa-de-pocos-de-caldas-para-mais-dois-procedimentos\/#primaryimage\"},\"thumbnailUrl\":\"https:\/\/www.federassantas.org.br\/novosite\/wp-content\/uploads\/2022\/02\/Foto-2-1-scaled-1.jpg\",\"articleSection\":[\"Not\u00edcias\",\"Not\u00edcias filiados\"],\"inLanguage\":\"pt-BR\",\"potentialAction\":[{\"@type\":\"CommentAction\",\"name\":\"Comment\",\"target\":[\"https:\/\/www.federassantas.org.br\/novosite\/especialista-em-medicina-fetal-retorna-a-santa-casa-de-pocos-de-caldas-para-mais-dois-procedimentos\/#respond\"]}]},{\"@type\":\"WebPage\",\"@id\":\"https:\/\/www.federassantas.org.br\/novosite\/especialista-em-medicina-fetal-retorna-a-santa-casa-de-pocos-de-caldas-para-mais-dois-procedimentos\/\",\"url\":\"https:\/\/www.federassantas.org.br\/novosite\/especialista-em-medicina-fetal-retorna-a-santa-casa-de-pocos-de-caldas-para-mais-dois-procedimentos\/\",\"name\":\"Especialista em Medicina Fetal retorna a Santa Casa de Po\u00e7os de Caldas para mais dois procedimentos - Federassantas\",\"isPartOf\":{\"@id\":\"https:\/\/www.federassantas.org.br\/novosite\/#website\"},\"primaryImageOfPage\":{\"@id\":\"https:\/\/www.federassantas.org.br\/novosite\/especialista-em-medicina-fetal-retorna-a-santa-casa-de-pocos-de-caldas-para-mais-dois-procedimentos\/#primaryimage\"},\"image\":{\"@id\":\"https:\/\/www.federassantas.org.br\/novosite\/especialista-em-medicina-fetal-retorna-a-santa-casa-de-pocos-de-caldas-para-mais-dois-procedimentos\/#primaryimage\"},\"thumbnailUrl\":\"https:\/\/www.federassantas.org.br\/novosite\/wp-content\/uploads\/2022\/02\/Foto-2-1-scaled-1.jpg\",\"datePublished\":\"2022-02-03T12:52:40+00:00\",\"breadcrumb\":{\"@id\":\"https:\/\/www.federassantas.org.br\/novosite\/especialista-em-medicina-fetal-retorna-a-santa-casa-de-pocos-de-caldas-para-mais-dois-procedimentos\/#breadcrumb\"},\"inLanguage\":\"pt-BR\",\"potentialAction\":[{\"@type\":\"ReadAction\",\"target\":[\"https:\/\/www.federassantas.org.br\/novosite\/especialista-em-medicina-fetal-retorna-a-santa-casa-de-pocos-de-caldas-para-mais-dois-procedimentos\/\"]}]},{\"@type\":\"ImageObject\",\"inLanguage\":\"pt-BR\",\"@id\":\"https:\/\/www.federassantas.org.br\/novosite\/especialista-em-medicina-fetal-retorna-a-santa-casa-de-pocos-de-caldas-para-mais-dois-procedimentos\/#primaryimage\",\"url\":\"https:\/\/www.federassantas.org.br\/novosite\/wp-content\/uploads\/2022\/02\/Foto-2-1-scaled-1.jpg\",\"contentUrl\":\"https:\/\/www.federassantas.org.br\/novosite\/wp-content\/uploads\/2022\/02\/Foto-2-1-scaled-1.jpg\",\"width\":2560,\"height\":1359},{\"@type\":\"BreadcrumbList\",\"@id\":\"https:\/\/www.federassantas.org.br\/novosite\/especialista-em-medicina-fetal-retorna-a-santa-casa-de-pocos-de-caldas-para-mais-dois-procedimentos\/#breadcrumb\",\"itemListElement\":[{\"@type\":\"ListItem\",\"position\":1,\"name\":\"In\u00edcio\",\"item\":\"https:\/\/www.federassantas.org.br\/novosite\/\"},{\"@type\":\"ListItem\",\"position\":2,\"name\":\"Especialista em Medicina Fetal retorna a Santa Casa de Po\u00e7os de Caldas para mais dois procedimentos\"}]},{\"@type\":\"WebSite\",\"@id\":\"https:\/\/www.federassantas.org.br\/novosite\/#website\",\"url\":\"https:\/\/www.federassantas.org.br\/novosite\/\",\"name\":\"Federassantas\",\"description\":\"Fed. das Santas Casas e Hospitais Filantr\u00f3picos de MG\",\"publisher\":{\"@id\":\"https:\/\/www.federassantas.org.br\/novosite\/#organization\"},\"potentialAction\":[{\"@type\":\"SearchAction\",\"target\":{\"@type\":\"EntryPoint\",\"urlTemplate\":\"https:\/\/www.federassantas.org.br\/novosite\/?s={search_term_string}\"},\"query-input\":{\"@type\":\"PropertyValueSpecification\",\"valueRequired\":true,\"valueName\":\"search_term_string\"}}],\"inLanguage\":\"pt-BR\"},{\"@type\":\"Organization\",\"@id\":\"https:\/\/www.federassantas.org.br\/novosite\/#organization\",\"name\":\"Federassantas\",\"url\":\"https:\/\/www.federassantas.org.br\/novosite\/\",\"logo\":{\"@type\":\"ImageObject\",\"inLanguage\":\"pt-BR\",\"@id\":\"https:\/\/www.federassantas.org.br\/novosite\/#\/schema\/logo\/image\/\",\"url\":\"https:\/\/www.federassantas.org.br\/novosite\/wp-content\/uploads\/2021\/12\/logo.png\",\"contentUrl\":\"https:\/\/www.federassantas.org.br\/novosite\/wp-content\/uploads\/2021\/12\/logo.png\",\"width\":243,\"height\":59,\"caption\":\"Federassantas\"},\"image\":{\"@id\":\"https:\/\/www.federassantas.org.br\/novosite\/#\/schema\/logo\/image\/\"}},{\"@type\":\"Person\",\"@id\":\"https:\/\/www.federassantas.org.br\/novosite\/#\/schema\/person\/75fed98158349313fe56175f232f513c\",\"name\":\"admin-federas\",\"image\":{\"@type\":\"ImageObject\",\"inLanguage\":\"pt-BR\",\"@id\":\"https:\/\/www.federassantas.org.br\/novosite\/#\/schema\/person\/image\/\",\"url\":\"https:\/\/secure.gravatar.com\/avatar\/2a02d7dda59fe8dc6b7ffd3f652e2efede5ccf0dd89dfdc8137c5517f3de8407?s=96&d=mm&r=g\",\"contentUrl\":\"https:\/\/secure.gravatar.com\/avatar\/2a02d7dda59fe8dc6b7ffd3f652e2efede5ccf0dd89dfdc8137c5517f3de8407?s=96&d=mm&r=g\",\"caption\":\"admin-federas\"},\"sameAs\":[\"https:\/\/www.federassantas.org.br\/novosite\/\"],\"url\":\"https:\/\/www.federassantas.org.br\/novosite\/author\/admin-federas\/\"}]}<\/script>\n<!-- \/ Yoast SEO plugin. -->","yoast_head_json":{"title":"Especialista em Medicina Fetal retorna a Santa Casa de Po\u00e7os de Caldas para mais dois procedimentos - Federassantas","robots":{"index":"index","follow":"follow","max-snippet":"max-snippet:-1","max-image-preview":"max-image-preview:large","max-video-preview":"max-video-preview:-1"},"canonical":"https:\/\/www.federassantas.org.br\/novosite\/especialista-em-medicina-fetal-retorna-a-santa-casa-de-pocos-de-caldas-para-mais-dois-procedimentos\/","og_locale":"pt_BR","og_type":"article","og_title":"Especialista em Medicina Fetal retorna a Santa Casa de Po\u00e7os de Caldas para mais dois procedimentos - Federassantas","og_description":"No fim de janeiro, a Santa Casa de Po\u00e7os de Caldas recebeu o Dr. Maur\u00edcio Saito, m\u00e9dico especialista em Medicina Fetal, para realizar mais um procedimento, agora em duas pacientes com problemas de redu\u00e7\u00e3o de l\u00edquido amni\u00f3tico na gesta\u00e7\u00e3o. O especialista, que veio de S\u00e3o Paulo exclusivamente para atend\u00ea-las, j\u00e1 esteve no m\u00eas de dezembro [&hellip;]","og_url":"https:\/\/www.federassantas.org.br\/novosite\/especialista-em-medicina-fetal-retorna-a-santa-casa-de-pocos-de-caldas-para-mais-dois-procedimentos\/","og_site_name":"Federassantas","article_published_time":"2022-02-03T12:52:40+00:00","og_image":[{"width":2560,"height":1359,"url":"https:\/\/www.federassantas.org.br\/novosite\/wp-content\/uploads\/2022\/02\/Foto-2-1-scaled-1.jpg","type":"image\/jpeg"}],"author":"admin-federas","twitter_card":"summary_large_image","twitter_misc":{"Escrito por":"admin-federas","Est. tempo de leitura":"3 minutos"},"schema":{"@context":"https:\/\/schema.org","@graph":[{"@type":"Article","@id":"https:\/\/www.federassantas.org.br\/novosite\/especialista-em-medicina-fetal-retorna-a-santa-casa-de-pocos-de-caldas-para-mais-dois-procedimentos\/#article","isPartOf":{"@id":"https:\/\/www.federassantas.org.br\/novosite\/especialista-em-medicina-fetal-retorna-a-santa-casa-de-pocos-de-caldas-para-mais-dois-procedimentos\/"},"author":{"name":"admin-federas","@id":"https:\/\/www.federassantas.org.br\/novosite\/#\/schema\/person\/75fed98158349313fe56175f232f513c"},"headline":"Especialista em Medicina Fetal retorna a Santa Casa de Po\u00e7os de Caldas para mais dois procedimentos","datePublished":"2022-02-03T12:52:40+00:00","mainEntityOfPage":{"@id":"https:\/\/www.federassantas.org.br\/novosite\/especialista-em-medicina-fetal-retorna-a-santa-casa-de-pocos-de-caldas-para-mais-dois-procedimentos\/"},"wordCount":585,"commentCount":0,"publisher":{"@id":"https:\/\/www.federassantas.org.br\/novosite\/#organization"},"image":{"@id":"https:\/\/www.federassantas.org.br\/novosite\/especialista-em-medicina-fetal-retorna-a-santa-casa-de-pocos-de-caldas-para-mais-dois-procedimentos\/#primaryimage"},"thumbnailUrl":"https:\/\/www.federassantas.org.br\/novosite\/wp-content\/uploads\/2022\/02\/Foto-2-1-scaled-1.jpg","articleSection":["Not\u00edcias","Not\u00edcias filiados"],"inLanguage":"pt-BR","potentialAction":[{"@type":"CommentAction","name":"Comment","target":["https:\/\/www.federassantas.org.br\/novosite\/especialista-em-medicina-fetal-retorna-a-santa-casa-de-pocos-de-caldas-para-mais-dois-procedimentos\/#respond"]}]},{"@type":"WebPage","@id":"https:\/\/www.federassantas.org.br\/novosite\/especialista-em-medicina-fetal-retorna-a-santa-casa-de-pocos-de-caldas-para-mais-dois-procedimentos\/","url":"https:\/\/www.federassantas.org.br\/novosite\/especialista-em-medicina-fetal-retorna-a-santa-casa-de-pocos-de-caldas-para-mais-dois-procedimentos\/","name":"Especialista em Medicina Fetal retorna a Santa Casa de Po\u00e7os de Caldas para mais dois procedimentos - Federassantas","isPartOf":{"@id":"https:\/\/www.federassantas.org.br\/novosite\/#website"},"primaryImageOfPage":{"@id":"https:\/\/www.federassantas.org.br\/novosite\/especialista-em-medicina-fetal-retorna-a-santa-casa-de-pocos-de-caldas-para-mais-dois-procedimentos\/#primaryimage"},"image":{"@id":"https:\/\/www.federassantas.org.br\/novosite\/especialista-em-medicina-fetal-retorna-a-santa-casa-de-pocos-de-caldas-para-mais-dois-procedimentos\/#primaryimage"},"thumbnailUrl":"https:\/\/www.federassantas.org.br\/novosite\/wp-content\/uploads\/2022\/02\/Foto-2-1-scaled-1.jpg","datePublished":"2022-02-03T12:52:40+00:00","breadcrumb":{"@id":"https:\/\/www.federassantas.org.br\/novosite\/especialista-em-medicina-fetal-retorna-a-santa-casa-de-pocos-de-caldas-para-mais-dois-procedimentos\/#breadcrumb"},"inLanguage":"pt-BR","potentialAction":[{"@type":"ReadAction","target":["https:\/\/www.federassantas.org.br\/novosite\/especialista-em-medicina-fetal-retorna-a-santa-casa-de-pocos-de-caldas-para-mais-dois-procedimentos\/"]}]},{"@type":"ImageObject","inLanguage":"pt-BR","@id":"https:\/\/www.federassantas.org.br\/novosite\/especialista-em-medicina-fetal-retorna-a-santa-casa-de-pocos-de-caldas-para-mais-dois-procedimentos\/#primaryimage","url":"https:\/\/www.federassantas.org.br\/novosite\/wp-content\/uploads\/2022\/02\/Foto-2-1-scaled-1.jpg","contentUrl":"https:\/\/www.federassantas.org.br\/novosite\/wp-content\/uploads\/2022\/02\/Foto-2-1-scaled-1.jpg","width":2560,"height":1359},{"@type":"BreadcrumbList","@id":"https:\/\/www.federassantas.org.br\/novosite\/especialista-em-medicina-fetal-retorna-a-santa-casa-de-pocos-de-caldas-para-mais-dois-procedimentos\/#breadcrumb","itemListElement":[{"@type":"ListItem","position":1,"name":"In\u00edcio","item":"https:\/\/www.federassantas.org.br\/novosite\/"},{"@type":"ListItem","position":2,"name":"Especialista em Medicina Fetal retorna a Santa Casa de Po\u00e7os de Caldas para mais dois procedimentos"}]},{"@type":"WebSite","@id":"https:\/\/www.federassantas.org.br\/novosite\/#website","url":"https:\/\/www.federassantas.org.br\/novosite\/","name":"Federassantas","description":"Fed. das Santas Casas e Hospitais Filantr\u00f3picos de MG","publisher":{"@id":"https:\/\/www.federassantas.org.br\/novosite\/#organization"},"potentialAction":[{"@type":"SearchAction","target":{"@type":"EntryPoint","urlTemplate":"https:\/\/www.federassantas.org.br\/novosite\/?s={search_term_string}"},"query-input":{"@type":"PropertyValueSpecification","valueRequired":true,"valueName":"search_term_string"}}],"inLanguage":"pt-BR"},{"@type":"Organization","@id":"https:\/\/www.federassantas.org.br\/novosite\/#organization","name":"Federassantas","url":"https:\/\/www.federassantas.org.br\/novosite\/","logo":{"@type":"ImageObject","inLanguage":"pt-BR","@id":"https:\/\/www.federassantas.org.br\/novosite\/#\/schema\/logo\/image\/","url":"https:\/\/www.federassantas.org.br\/novosite\/wp-content\/uploads\/2021\/12\/logo.png","contentUrl":"https:\/\/www.federassantas.org.br\/novosite\/wp-content\/uploads\/2021\/12\/logo.png","width":243,"height":59,"caption":"Federassantas"},"image":{"@id":"https:\/\/www.federassantas.org.br\/novosite\/#\/schema\/logo\/image\/"}},{"@type":"Person","@id":"https:\/\/www.federassantas.org.br\/novosite\/#\/schema\/person\/75fed98158349313fe56175f232f513c","name":"admin-federas","image":{"@type":"ImageObject","inLanguage":"pt-BR","@id":"https:\/\/www.federassantas.org.br\/novosite\/#\/schema\/person\/image\/","url":"https:\/\/secure.gravatar.com\/avatar\/2a02d7dda59fe8dc6b7ffd3f652e2efede5ccf0dd89dfdc8137c5517f3de8407?s=96&d=mm&r=g","contentUrl":"https:\/\/secure.gravatar.com\/avatar\/2a02d7dda59fe8dc6b7ffd3f652e2efede5ccf0dd89dfdc8137c5517f3de8407?s=96&d=mm&r=g","caption":"admin-federas"},"sameAs":["https:\/\/www.federassantas.org.br\/novosite\/"],"url":"https:\/\/www.federassantas.org.br\/novosite\/author\/admin-federas\/"}]}},"_links":{"self":[{"href":"https:\/\/www.federassantas.org.br\/novosite\/wp-json\/wp\/v2\/posts\/23244","targetHints":{"allow":["GET"]}}],"collection":[{"href":"https:\/\/www.federassantas.org.br\/novosite\/wp-json\/wp\/v2\/posts"}],"about":[{"href":"https:\/\/www.federassantas.org.br\/novosite\/wp-json\/wp\/v2\/types\/post"}],"author":[{"embeddable":true,"href":"https:\/\/www.federassantas.org.br\/novosite\/wp-json\/wp\/v2\/users\/1"}],"replies":[{"embeddable":true,"href":"https:\/\/www.federassantas.org.br\/novosite\/wp-json\/wp\/v2\/comments?post=23244"}],"version-history":[{"count":0,"href":"https:\/\/www.federassantas.org.br\/novosite\/wp-json\/wp\/v2\/posts\/23244\/revisions"}],"wp:featuredmedia":[{"embeddable":true,"href":"https:\/\/www.federassantas.org.br\/novosite\/wp-json\/wp\/v2\/media\/23249"}],"wp:attachment":[{"href":"https:\/\/www.federassantas.org.br\/novosite\/wp-json\/wp\/v2\/media?parent=23244"}],"wp:term":[{"taxonomy":"category","embeddable":true,"href":"https:\/\/www.federassantas.org.br\/novosite\/wp-json\/wp\/v2\/categories?post=23244"},{"taxonomy":"post_tag","embeddable":true,"href":"https:\/\/www.federassantas.org.br\/novosite\/wp-json\/wp\/v2\/tags?post=23244"}],"curies":[{"name":"wp","href":"https:\/\/api.w.org\/{rel}","templated":true}]}}