{"id":23279,"date":"2022-02-04T09:07:17","date_gmt":"2022-02-04T12:07:17","guid":{"rendered":"https:\/\/federasbackup.meltcomunicacao.com.br\/?p=23279"},"modified":"2022-02-04T09:07:17","modified_gmt":"2022-02-04T12:07:17","slug":"desinformacao-e-maior-entrave-para-controle-do-cancer-do-colo-do-utero","status":"publish","type":"post","link":"https:\/\/www.federassantas.org.br\/novosite\/desinformacao-e-maior-entrave-para-controle-do-cancer-do-colo-do-utero\/","title":{"rendered":"Desinforma\u00e7\u00e3o \u00e9 maior entrave para controle do c\u00e2ncer do colo do \u00fatero"},"content":{"rendered":"\n<p><em>Desconhecimento atinge tanto pais quanto meninos e meninas<\/em><\/p>\n\n\n\n<p>A desinforma\u00e7\u00e3o, envolvendo muitos mitos e&nbsp;<em>fake news<\/em>&nbsp;(not\u00edcias falsas), \u00e9 a principal barreira para o controle do c\u00e2ncer do colo do \u00fatero no Brasil segundo estudo divulgado hoje (3) pela Funda\u00e7\u00e3o do C\u00e2ncer, dentro da campanha da Uni\u00e3o Internacional para o Controle do C\u00e2ncer (UICC) alusiva ao Dia Mundial do C\u00e2ncer, que se comemora amanh\u00e3 (4). A pesquisa in\u00e9dita Conhecimento e Pr\u00e1ticas da Popula\u00e7\u00e3o sobre Preven\u00e7\u00e3o do C\u00e2ncer do Colo do \u00datero tomou por base estudos publicados entre 2003 e 2020 na literatura cient\u00edfica nacional e internacional.<img decoding=\"async\" src=\"https:\/\/agenciabrasil.ebc.com.br\/ebc.png?id=1440338&amp;o=node\"><img decoding=\"async\" src=\"https:\/\/agenciabrasil.ebc.com.br\/ebc.gif?id=1440338&amp;o=node\"><\/p>\n\n\n\n<p>O objetivo foi identificar as barreiras e as lacunas existentes sobre a vacina\u00e7\u00e3o contra o v\u00edrus HPV (sigla em ingl\u00eas para&nbsp;<em>Papilomav\u00edrus humano<\/em>) e o rastreamento para o c\u00e2ncer do colo do \u00fatero, respons\u00e1vel pela morte de mais de 6 mil mulheres por ano no Brasil. A Organiza\u00e7\u00e3o Mundial da Sa\u00fade (OMS) quer atingir, at\u00e9 2030, metas que visem erradicar o c\u00e2ncer de colo do \u00fatero, causa de morte de mais de 331 mil mulheres por ano, em todo o mundo.<\/p>\n\n\n\n<p>O m\u00e9dico epidemiologista Alfredo Scaff, consultor da Funda\u00e7\u00e3o do C\u00e2ncer, disse que o c\u00e2ncer do colo do \u00fatero \u00e9 evit\u00e1vel porque as pessoas j\u00e1 disp\u00f5em de uma vacina contra o v\u00edrus HPV, que causa a doen\u00e7a. O levantamento vem contribuir, segundo ele, para diminuir os buracos existentes entre os cuidados dispon\u00edveis para o controle desse c\u00e2ncer no mundo e no Brasil, devido \u00e0 constata\u00e7\u00e3o de um distanciamento muito grande entre o acesso e a oportunidade do tratamento da doen\u00e7a entre pessoas, dependendo da regi\u00e3o onde moram, se t\u00eam ou n\u00e3o plano de sa\u00fade ou acesso ao Sistema \u00danico de Sa\u00fade (SUS).<\/p>\n\n\n\n<p>\u201cEsse c\u00e2ncer \u00e9 uma das maiores iniquidades que n\u00f3s temos na oncologia hoje. \u00c9 no mundo inteiro mas, no Brasil, isso \u00e9 muito evidente. O c\u00e2ncer do colo do \u00fatero \u00e9 o primeiro c\u00e2ncer que tem uma vacina\u201d, disse Scaff, que acrescentou que 99% dos c\u00e2nceres do colo do \u00fatero s\u00e3o causados pelo v\u00edrus chamado HPV, que tem uma vacina. \u201cTem que vacinar\u201d.&nbsp;<\/p>\n\n\n\n<p>Scaff estima que, em uma gera\u00e7\u00e3o, pode-se controlar esse tipo de c\u00e2ncer. Ele reconheceu, entretanto, que existem problemas para se alcan\u00e7ar uma imuniza\u00e7\u00e3o completa da popula\u00e7\u00e3o-alvo, que s\u00e3o meninas entre 9 e 14 anos de idade e meninos de 11 a 14 anos.<\/p>\n\n\n\n<h5 class=\"wp-block-heading\">Conhecimento<\/h5>\n\n\n\n<p>A m\u00e9dica Fl\u00e1via Miranda Corr\u00eaa, doutora em sa\u00fade coletiva, pesquisadora da Funda\u00e7\u00e3o do C\u00e2ncer e respons\u00e1vel pela pesquisa, esclareceu que a primeira parte do levantamento, divulgado hoje, se refere ao conhecimento e pr\u00e1ticas da popula\u00e7\u00e3o sobre a preven\u00e7\u00e3o do c\u00e2ncer do colo do \u00fatero, tendo como p\u00fablico-alvo 7.712 crian\u00e7as e adolescentes entre 10 e 19 anos; 3.335 pais e respons\u00e1veis entre 18 e 82 anos; e 54.617 mulheres na faixa et\u00e1ria de 14 a 83 anos.&nbsp;<\/p>\n\n\n\n<p>A segunda parte, envolvendo o conhecimento e pr\u00e1ticas dos profissionais de sa\u00fade sobre preven\u00e7\u00e3o e rastreamento, dever\u00e1 ser liberada no final do pr\u00f3ximo m\u00eas. Serviram de base \u00e0 pesquisa 68 estudos, sendo 16 sobre vacina\u00e7\u00e3o e 52 sobre rastreamento da doen\u00e7a.<\/p>\n\n\n\n<h5 class=\"wp-block-heading\">Resultados<\/h5>\n\n\n\n<p>Os primeiros resultados em rela\u00e7\u00e3o \u00e0s barreiras sobre a vacina\u00e7\u00e3o contra o HPV entre crian\u00e7as e adolescentes mostram que entre 26% e 37% dos consultados n\u00e3o sabiam que a vacina previne contra o c\u00e2ncer do colo do \u00fatero; entre 53% e 76% ignoravam que a vacina diminui a incid\u00eancia de verrugas nos \u00f3rg\u00e3os genitais. Flavia afirmou que isso demonstra que a maioria das crian\u00e7as e dos jovens ignora para que serve a vacina.&nbsp;<\/p>\n\n\n\n<p>Entre os entrevistados, 82% acharam que a vacina protege contra infec\u00e7\u00f5es sexualmente transmiss\u00edveis (ISTs). \u201cEsse \u00e9 um problema muito importante, porque a gente sabe que n\u00e3o \u00e9 verdade. A vacina \u00e9 espec\u00edfica para o HPV e pode dar uma sensa\u00e7\u00e3o de falsa prote\u00e7\u00e3o. Esse desconhecimento tem que ser desconstru\u00eddo\u201d, apontou a m\u00e9dica.<\/p>\n\n\n\n<p>Al\u00e9m disso, entre 36% e 57% das crian\u00e7as e adolescentes ouvidos acham que a vacina pode ser prejudicial \u00e0 sa\u00fade. Fl\u00e1via contra-argumentou que a vacina \u00e9 segura, est\u00e1 no mercado desde 2006 e h\u00e1 um monitoramento constante. A m\u00e9dica considerou que essa ideia apurada \u00e9 err\u00f4nea e pode ser um impeditivo muito grande para a vacina\u00e7\u00e3o.&nbsp;<\/p>\n\n\n\n<p>Entre 35% e 47% acreditam que a vacina pode incentivar a inicia\u00e7\u00e3o sexual precoce. \u201cN\u00e3o \u00e9 verdade. Inclusive no contexto do Brasil, n\u00f3s sabemos que n\u00e3o induz a uma atividade sexual mais precoce\u201d. Entre 32% e 50% n\u00e3o sabiam o n\u00famero correto de doses. A vacina contra HPV \u00e9 tomada em duas doses, no intervalo de seis meses, informou a pesquisadora da Funda\u00e7\u00e3o do C\u00e2ncer.<\/p>\n\n\n\n<h5 class=\"wp-block-heading\">Pais e respons\u00e1veis<\/h5>\n\n\n\n<p>O desconhecimento continua entre os pais e respons\u00e1veis: 17% n\u00e3o sabiam que a vacina previne c\u00e2ncer do colo do \u00fatero; 33% n\u00e3o tinham ideia sobre a preven\u00e7\u00e3o de verrugas anais e genitais; 74% imaginavam que a vacina\u00e7\u00e3o previne outras doen\u00e7as sexualmente transmiss\u00edveis (DSTs); 20% achavam que o imunizante pode ser prejudicial \u00e0 sa\u00fade; entre 34% e 61% n\u00e3o conheciam a popula\u00e7\u00e3o-alvo que deve ser imunizada contra o HPV; e 22% acreditavam que a vacina pode incentivar a inicia\u00e7\u00e3o sexual precoce dos filhos.&nbsp;<\/p>\n\n\n\n<p>Fl\u00e1via Corr\u00eaa disse que a vacina \u00e9 cada vez mais eficaz quando usada em quem n\u00e3o tem atividade sexual ainda. Ela esclareceu que a vacina tem a fun\u00e7\u00e3o espec\u00edfica de evitar os danos do HPV, como verrugas, les\u00f5es precursoras e o pr\u00f3prio c\u00e2ncer de colo do \u00fatero. Advertiu que doen\u00e7as como s\u00edfilis, cont\u00e1gio por HIV (Aids) e demais DSTs n\u00e3o s\u00e3o contempladas nessa imuniza\u00e7\u00e3o.<\/p>\n\n\n\n<h5 class=\"wp-block-heading\">Rastreamento<\/h5>\n\n\n\n<p>Os estudos para identificar se as mulheres conheciam os exames preventivos de rastreamento do c\u00e2ncer do colo do \u00fatero (Papanicolau) constataram conhecimentos e pr\u00e1ticas inadequadas entre 40% e 71% do p\u00fablico consultado, respectivamente. Os motivos apontados pelas mulheres que nunca realizaram o exame preventivo foram: \u201cn\u00e3o achavam necess\u00e1rio\u201d (45%), \u201cn\u00e3o foram orientadas\u201d (15%), \u201ctinham vergonha\u201d (13%) e \u201cnunca tiveram atividade sexual\u201d (8,8%).<\/p>\n\n\n\n<p>A conclus\u00e3o da pesquisa da Funda\u00e7\u00e3o do C\u00e2ncer \u00e9 que o conhecimento deficiente e pr\u00e1ticas equivocadas sobre a vacina\u00e7\u00e3o contra HPV e o rastreamento do c\u00e2ncer do colo do \u00fatero est\u00e3o associados \u00e0 baixa renda, menor escolaridade, cor da pele parda ou negra, resid\u00eancia em \u00e1reas urbanas pobres e rurais, o que refor\u00e7a a import\u00e2ncia da luta contra a iniquidade.&nbsp;<\/p>\n\n\n\n<p>\u00c9 preciso ainda esclarecer a popula\u00e7\u00e3o quanto a problemas relacionados a falsas informa\u00e7\u00f5es e fake news divulgadas pela internet sobretudo, que facilitam pr\u00e1ticas equivocadas. A Funda\u00e7\u00e3o do C\u00e2ncer pretende atuar para passar informa\u00e7\u00f5es corretas e de qualidade para toda a popula\u00e7\u00e3o.<\/p>\n\n\n\n<h5 class=\"wp-block-heading\">Vacina\u00e7\u00e3o gratuita<\/h5>\n\n\n\n<p>Alfredo Scaff destacou que o Brasil \u00e9 um dos poucos pa\u00edses do mundo em que a vacina\u00e7\u00e3o contra o HPV \u00e9 universal, p\u00fablica e gratuita pelo SUS, integrando o Programa Nacional de Imuniza\u00e7\u00e3o (PNI). O problema, reiterou, \u00e9 a falta de informa\u00e7\u00e3o para a vacina\u00e7\u00e3o. A imuniza\u00e7\u00e3o contra o HPV \u00e9 menor entre meninos do que entre as meninas. Em 2020, 55% das meninas brasileiras de 9 a 14 anos tomaram as duas doses da vacina. Entre os meninos de 11 a 14 anos, a taxa dos que completaram o ciclo vacinal foi 36,4%.<\/p>\n\n\n\n<p>Al\u00e9m de a vacina para meninos ter sido iniciada dois anos depois que a das meninas, a m\u00e9dica Fl\u00e1via Corr\u00eaa explicou que h\u00e1 desconhecimento de que a vacina \u00e9 importante para os garotos n\u00e3o s\u00f3 para que eles n\u00e3o transmitam o HPV para as meninas mas, tamb\u00e9m, para proteg\u00ea-los de doen\u00e7as relacionadas ao v\u00edrus HPV, como c\u00e2ncer de p\u00eanis, c\u00e2ncer anal e de orofaringe (parte da garganta localizada atr\u00e1s da boca).<\/p>\n\n\n\n<p>No dia 4 de mar\u00e7o, no Dia Internacional de Conscientiza\u00e7\u00e3o sobre o HPV, a Funda\u00e7\u00e3o do C\u00e2ncer mobilizar\u00e1 a popula\u00e7\u00e3o sobre o tema, com postagens em suas redes sociais. Em 26 de mar\u00e7o, Dia Mundial da Preven\u00e7\u00e3o do C\u00e2ncer de Colo do \u00datero, a entidade abrir\u00e1 inscri\u00e7\u00f5es para um curso voltado aos profissionais de sa\u00fade, com foco na aten\u00e7\u00e3o prim\u00e1ria, cujo in\u00edcio est\u00e1 previsto para abril.<\/p>\n\n\n\n<p><\/p>\n\n\n\n<p>Fonte: <a href=\"https:\/\/agenciabrasil.ebc.com.br\/saude\/noticia\/2022-02\/desinformacao-e-maior-entrave-para-controle-do-cancer-do-colo-do-utero\" target=\"_blank\" rel=\"noreferrer noopener\">Ag\u00eancia Brasil<\/a><br>Foto: Marcelo Camargo\/Ag\u00eancia Brasil<\/p>\n","protected":false},"excerpt":{"rendered":"<p>Desconhecimento atinge tanto pais quanto meninos e meninas A desinforma\u00e7\u00e3o, envolvendo muitos mitos e&nbsp;fake news&nbsp;(not\u00edcias falsas), \u00e9 a principal barreira para o controle do c\u00e2ncer do colo do \u00fatero no Brasil segundo estudo divulgado hoje (3) pela Funda\u00e7\u00e3o do C\u00e2ncer, dentro da campanha da Uni\u00e3o Internacional para o Controle do C\u00e2ncer (UICC) alusiva ao Dia [&hellip;]<\/p>\n","protected":false},"author":1,"featured_media":23280,"comment_status":"open","ping_status":"open","sticky":false,"template":"","format":"standard","meta":{"footnotes":""},"categories":[140],"tags":[],"class_list":["post-23279","post","type-post","status-publish","format-standard","has-post-thumbnail","hentry","category-noticias"],"yoast_head":"<!-- This site is optimized with the Yoast SEO plugin v26.9 - https:\/\/yoast.com\/product\/yoast-seo-wordpress\/ -->\n<title>Desinforma\u00e7\u00e3o \u00e9 maior entrave para controle do c\u00e2ncer do colo do \u00fatero - Federassantas<\/title>\n<meta name=\"robots\" content=\"index, follow, max-snippet:-1, max-image-preview:large, max-video-preview:-1\" \/>\n<link rel=\"canonical\" href=\"https:\/\/www.federassantas.org.br\/novosite\/desinformacao-e-maior-entrave-para-controle-do-cancer-do-colo-do-utero\/\" \/>\n<meta property=\"og:locale\" content=\"pt_BR\" \/>\n<meta property=\"og:type\" content=\"article\" \/>\n<meta property=\"og:title\" content=\"Desinforma\u00e7\u00e3o \u00e9 maior entrave para controle do c\u00e2ncer do colo do \u00fatero - Federassantas\" \/>\n<meta property=\"og:description\" content=\"Desconhecimento atinge tanto pais quanto meninos e meninas A desinforma\u00e7\u00e3o, envolvendo muitos mitos e&nbsp;fake news&nbsp;(not\u00edcias falsas), \u00e9 a principal barreira para o controle do c\u00e2ncer do colo do \u00fatero no Brasil segundo estudo divulgado hoje (3) pela Funda\u00e7\u00e3o do C\u00e2ncer, dentro da campanha da Uni\u00e3o Internacional para o Controle do C\u00e2ncer (UICC) alusiva ao Dia [&hellip;]\" \/>\n<meta property=\"og:url\" content=\"https:\/\/www.federassantas.org.br\/novosite\/desinformacao-e-maior-entrave-para-controle-do-cancer-do-colo-do-utero\/\" \/>\n<meta property=\"og:site_name\" content=\"Federassantas\" \/>\n<meta property=\"article:published_time\" content=\"2022-02-04T12:07:17+00:00\" \/>\n<meta name=\"author\" content=\"admin-federas\" \/>\n<meta name=\"twitter:card\" content=\"summary_large_image\" \/>\n<meta name=\"twitter:label1\" content=\"Escrito por\" \/>\n\t<meta name=\"twitter:data1\" content=\"admin-federas\" \/>\n\t<meta name=\"twitter:label2\" content=\"Est. tempo de leitura\" \/>\n\t<meta name=\"twitter:data2\" content=\"7 minutos\" \/>\n<script type=\"application\/ld+json\" class=\"yoast-schema-graph\">{\"@context\":\"https:\/\/schema.org\",\"@graph\":[{\"@type\":\"Article\",\"@id\":\"https:\/\/www.federassantas.org.br\/novosite\/desinformacao-e-maior-entrave-para-controle-do-cancer-do-colo-do-utero\/#article\",\"isPartOf\":{\"@id\":\"https:\/\/www.federassantas.org.br\/novosite\/desinformacao-e-maior-entrave-para-controle-do-cancer-do-colo-do-utero\/\"},\"author\":{\"name\":\"admin-federas\",\"@id\":\"https:\/\/www.federassantas.org.br\/novosite\/#\/schema\/person\/75fed98158349313fe56175f232f513c\"},\"headline\":\"Desinforma\u00e7\u00e3o \u00e9 maior entrave para controle do c\u00e2ncer do colo do \u00fatero\",\"datePublished\":\"2022-02-04T12:07:17+00:00\",\"mainEntityOfPage\":{\"@id\":\"https:\/\/www.federassantas.org.br\/novosite\/desinformacao-e-maior-entrave-para-controle-do-cancer-do-colo-do-utero\/\"},\"wordCount\":1434,\"commentCount\":0,\"publisher\":{\"@id\":\"https:\/\/www.federassantas.org.br\/novosite\/#organization\"},\"image\":{\"@id\":\"https:\/\/www.federassantas.org.br\/novosite\/desinformacao-e-maior-entrave-para-controle-do-cancer-do-colo-do-utero\/#primaryimage\"},\"thumbnailUrl\":\"\",\"articleSection\":[\"Not\u00edcias\"],\"inLanguage\":\"pt-BR\",\"potentialAction\":[{\"@type\":\"CommentAction\",\"name\":\"Comment\",\"target\":[\"https:\/\/www.federassantas.org.br\/novosite\/desinformacao-e-maior-entrave-para-controle-do-cancer-do-colo-do-utero\/#respond\"]}]},{\"@type\":\"WebPage\",\"@id\":\"https:\/\/www.federassantas.org.br\/novosite\/desinformacao-e-maior-entrave-para-controle-do-cancer-do-colo-do-utero\/\",\"url\":\"https:\/\/www.federassantas.org.br\/novosite\/desinformacao-e-maior-entrave-para-controle-do-cancer-do-colo-do-utero\/\",\"name\":\"Desinforma\u00e7\u00e3o \u00e9 maior entrave para controle do c\u00e2ncer do colo do \u00fatero - Federassantas\",\"isPartOf\":{\"@id\":\"https:\/\/www.federassantas.org.br\/novosite\/#website\"},\"primaryImageOfPage\":{\"@id\":\"https:\/\/www.federassantas.org.br\/novosite\/desinformacao-e-maior-entrave-para-controle-do-cancer-do-colo-do-utero\/#primaryimage\"},\"image\":{\"@id\":\"https:\/\/www.federassantas.org.br\/novosite\/desinformacao-e-maior-entrave-para-controle-do-cancer-do-colo-do-utero\/#primaryimage\"},\"thumbnailUrl\":\"\",\"datePublished\":\"2022-02-04T12:07:17+00:00\",\"breadcrumb\":{\"@id\":\"https:\/\/www.federassantas.org.br\/novosite\/desinformacao-e-maior-entrave-para-controle-do-cancer-do-colo-do-utero\/#breadcrumb\"},\"inLanguage\":\"pt-BR\",\"potentialAction\":[{\"@type\":\"ReadAction\",\"target\":[\"https:\/\/www.federassantas.org.br\/novosite\/desinformacao-e-maior-entrave-para-controle-do-cancer-do-colo-do-utero\/\"]}]},{\"@type\":\"ImageObject\",\"inLanguage\":\"pt-BR\",\"@id\":\"https:\/\/www.federassantas.org.br\/novosite\/desinformacao-e-maior-entrave-para-controle-do-cancer-do-colo-do-utero\/#primaryimage\",\"url\":\"\",\"contentUrl\":\"\"},{\"@type\":\"BreadcrumbList\",\"@id\":\"https:\/\/www.federassantas.org.br\/novosite\/desinformacao-e-maior-entrave-para-controle-do-cancer-do-colo-do-utero\/#breadcrumb\",\"itemListElement\":[{\"@type\":\"ListItem\",\"position\":1,\"name\":\"In\u00edcio\",\"item\":\"https:\/\/www.federassantas.org.br\/novosite\/\"},{\"@type\":\"ListItem\",\"position\":2,\"name\":\"Desinforma\u00e7\u00e3o \u00e9 maior entrave para controle do c\u00e2ncer do colo do \u00fatero\"}]},{\"@type\":\"WebSite\",\"@id\":\"https:\/\/www.federassantas.org.br\/novosite\/#website\",\"url\":\"https:\/\/www.federassantas.org.br\/novosite\/\",\"name\":\"Federassantas\",\"description\":\"Fed. das Santas Casas e Hospitais Filantr\u00f3picos de MG\",\"publisher\":{\"@id\":\"https:\/\/www.federassantas.org.br\/novosite\/#organization\"},\"potentialAction\":[{\"@type\":\"SearchAction\",\"target\":{\"@type\":\"EntryPoint\",\"urlTemplate\":\"https:\/\/www.federassantas.org.br\/novosite\/?s={search_term_string}\"},\"query-input\":{\"@type\":\"PropertyValueSpecification\",\"valueRequired\":true,\"valueName\":\"search_term_string\"}}],\"inLanguage\":\"pt-BR\"},{\"@type\":\"Organization\",\"@id\":\"https:\/\/www.federassantas.org.br\/novosite\/#organization\",\"name\":\"Federassantas\",\"url\":\"https:\/\/www.federassantas.org.br\/novosite\/\",\"logo\":{\"@type\":\"ImageObject\",\"inLanguage\":\"pt-BR\",\"@id\":\"https:\/\/www.federassantas.org.br\/novosite\/#\/schema\/logo\/image\/\",\"url\":\"https:\/\/www.federassantas.org.br\/novosite\/wp-content\/uploads\/2021\/12\/logo.png\",\"contentUrl\":\"https:\/\/www.federassantas.org.br\/novosite\/wp-content\/uploads\/2021\/12\/logo.png\",\"width\":243,\"height\":59,\"caption\":\"Federassantas\"},\"image\":{\"@id\":\"https:\/\/www.federassantas.org.br\/novosite\/#\/schema\/logo\/image\/\"}},{\"@type\":\"Person\",\"@id\":\"https:\/\/www.federassantas.org.br\/novosite\/#\/schema\/person\/75fed98158349313fe56175f232f513c\",\"name\":\"admin-federas\",\"image\":{\"@type\":\"ImageObject\",\"inLanguage\":\"pt-BR\",\"@id\":\"https:\/\/www.federassantas.org.br\/novosite\/#\/schema\/person\/image\/\",\"url\":\"https:\/\/secure.gravatar.com\/avatar\/2a02d7dda59fe8dc6b7ffd3f652e2efede5ccf0dd89dfdc8137c5517f3de8407?s=96&d=mm&r=g\",\"contentUrl\":\"https:\/\/secure.gravatar.com\/avatar\/2a02d7dda59fe8dc6b7ffd3f652e2efede5ccf0dd89dfdc8137c5517f3de8407?s=96&d=mm&r=g\",\"caption\":\"admin-federas\"},\"sameAs\":[\"https:\/\/www.federassantas.org.br\/novosite\/\"],\"url\":\"https:\/\/www.federassantas.org.br\/novosite\/author\/admin-federas\/\"}]}<\/script>\n<!-- \/ Yoast SEO plugin. -->","yoast_head_json":{"title":"Desinforma\u00e7\u00e3o \u00e9 maior entrave para controle do c\u00e2ncer do colo do \u00fatero - Federassantas","robots":{"index":"index","follow":"follow","max-snippet":"max-snippet:-1","max-image-preview":"max-image-preview:large","max-video-preview":"max-video-preview:-1"},"canonical":"https:\/\/www.federassantas.org.br\/novosite\/desinformacao-e-maior-entrave-para-controle-do-cancer-do-colo-do-utero\/","og_locale":"pt_BR","og_type":"article","og_title":"Desinforma\u00e7\u00e3o \u00e9 maior entrave para controle do c\u00e2ncer do colo do \u00fatero - Federassantas","og_description":"Desconhecimento atinge tanto pais quanto meninos e meninas A desinforma\u00e7\u00e3o, envolvendo muitos mitos e&nbsp;fake news&nbsp;(not\u00edcias falsas), \u00e9 a principal barreira para o controle do c\u00e2ncer do colo do \u00fatero no Brasil segundo estudo divulgado hoje (3) pela Funda\u00e7\u00e3o do C\u00e2ncer, dentro da campanha da Uni\u00e3o Internacional para o Controle do C\u00e2ncer (UICC) alusiva ao Dia [&hellip;]","og_url":"https:\/\/www.federassantas.org.br\/novosite\/desinformacao-e-maior-entrave-para-controle-do-cancer-do-colo-do-utero\/","og_site_name":"Federassantas","article_published_time":"2022-02-04T12:07:17+00:00","author":"admin-federas","twitter_card":"summary_large_image","twitter_misc":{"Escrito por":"admin-federas","Est. tempo de leitura":"7 minutos"},"schema":{"@context":"https:\/\/schema.org","@graph":[{"@type":"Article","@id":"https:\/\/www.federassantas.org.br\/novosite\/desinformacao-e-maior-entrave-para-controle-do-cancer-do-colo-do-utero\/#article","isPartOf":{"@id":"https:\/\/www.federassantas.org.br\/novosite\/desinformacao-e-maior-entrave-para-controle-do-cancer-do-colo-do-utero\/"},"author":{"name":"admin-federas","@id":"https:\/\/www.federassantas.org.br\/novosite\/#\/schema\/person\/75fed98158349313fe56175f232f513c"},"headline":"Desinforma\u00e7\u00e3o \u00e9 maior entrave para controle do c\u00e2ncer do colo do \u00fatero","datePublished":"2022-02-04T12:07:17+00:00","mainEntityOfPage":{"@id":"https:\/\/www.federassantas.org.br\/novosite\/desinformacao-e-maior-entrave-para-controle-do-cancer-do-colo-do-utero\/"},"wordCount":1434,"commentCount":0,"publisher":{"@id":"https:\/\/www.federassantas.org.br\/novosite\/#organization"},"image":{"@id":"https:\/\/www.federassantas.org.br\/novosite\/desinformacao-e-maior-entrave-para-controle-do-cancer-do-colo-do-utero\/#primaryimage"},"thumbnailUrl":"","articleSection":["Not\u00edcias"],"inLanguage":"pt-BR","potentialAction":[{"@type":"CommentAction","name":"Comment","target":["https:\/\/www.federassantas.org.br\/novosite\/desinformacao-e-maior-entrave-para-controle-do-cancer-do-colo-do-utero\/#respond"]}]},{"@type":"WebPage","@id":"https:\/\/www.federassantas.org.br\/novosite\/desinformacao-e-maior-entrave-para-controle-do-cancer-do-colo-do-utero\/","url":"https:\/\/www.federassantas.org.br\/novosite\/desinformacao-e-maior-entrave-para-controle-do-cancer-do-colo-do-utero\/","name":"Desinforma\u00e7\u00e3o \u00e9 maior entrave para controle do c\u00e2ncer do colo do \u00fatero - Federassantas","isPartOf":{"@id":"https:\/\/www.federassantas.org.br\/novosite\/#website"},"primaryImageOfPage":{"@id":"https:\/\/www.federassantas.org.br\/novosite\/desinformacao-e-maior-entrave-para-controle-do-cancer-do-colo-do-utero\/#primaryimage"},"image":{"@id":"https:\/\/www.federassantas.org.br\/novosite\/desinformacao-e-maior-entrave-para-controle-do-cancer-do-colo-do-utero\/#primaryimage"},"thumbnailUrl":"","datePublished":"2022-02-04T12:07:17+00:00","breadcrumb":{"@id":"https:\/\/www.federassantas.org.br\/novosite\/desinformacao-e-maior-entrave-para-controle-do-cancer-do-colo-do-utero\/#breadcrumb"},"inLanguage":"pt-BR","potentialAction":[{"@type":"ReadAction","target":["https:\/\/www.federassantas.org.br\/novosite\/desinformacao-e-maior-entrave-para-controle-do-cancer-do-colo-do-utero\/"]}]},{"@type":"ImageObject","inLanguage":"pt-BR","@id":"https:\/\/www.federassantas.org.br\/novosite\/desinformacao-e-maior-entrave-para-controle-do-cancer-do-colo-do-utero\/#primaryimage","url":"","contentUrl":""},{"@type":"BreadcrumbList","@id":"https:\/\/www.federassantas.org.br\/novosite\/desinformacao-e-maior-entrave-para-controle-do-cancer-do-colo-do-utero\/#breadcrumb","itemListElement":[{"@type":"ListItem","position":1,"name":"In\u00edcio","item":"https:\/\/www.federassantas.org.br\/novosite\/"},{"@type":"ListItem","position":2,"name":"Desinforma\u00e7\u00e3o \u00e9 maior entrave para controle do c\u00e2ncer do colo do \u00fatero"}]},{"@type":"WebSite","@id":"https:\/\/www.federassantas.org.br\/novosite\/#website","url":"https:\/\/www.federassantas.org.br\/novosite\/","name":"Federassantas","description":"Fed. das Santas Casas e Hospitais Filantr\u00f3picos de MG","publisher":{"@id":"https:\/\/www.federassantas.org.br\/novosite\/#organization"},"potentialAction":[{"@type":"SearchAction","target":{"@type":"EntryPoint","urlTemplate":"https:\/\/www.federassantas.org.br\/novosite\/?s={search_term_string}"},"query-input":{"@type":"PropertyValueSpecification","valueRequired":true,"valueName":"search_term_string"}}],"inLanguage":"pt-BR"},{"@type":"Organization","@id":"https:\/\/www.federassantas.org.br\/novosite\/#organization","name":"Federassantas","url":"https:\/\/www.federassantas.org.br\/novosite\/","logo":{"@type":"ImageObject","inLanguage":"pt-BR","@id":"https:\/\/www.federassantas.org.br\/novosite\/#\/schema\/logo\/image\/","url":"https:\/\/www.federassantas.org.br\/novosite\/wp-content\/uploads\/2021\/12\/logo.png","contentUrl":"https:\/\/www.federassantas.org.br\/novosite\/wp-content\/uploads\/2021\/12\/logo.png","width":243,"height":59,"caption":"Federassantas"},"image":{"@id":"https:\/\/www.federassantas.org.br\/novosite\/#\/schema\/logo\/image\/"}},{"@type":"Person","@id":"https:\/\/www.federassantas.org.br\/novosite\/#\/schema\/person\/75fed98158349313fe56175f232f513c","name":"admin-federas","image":{"@type":"ImageObject","inLanguage":"pt-BR","@id":"https:\/\/www.federassantas.org.br\/novosite\/#\/schema\/person\/image\/","url":"https:\/\/secure.gravatar.com\/avatar\/2a02d7dda59fe8dc6b7ffd3f652e2efede5ccf0dd89dfdc8137c5517f3de8407?s=96&d=mm&r=g","contentUrl":"https:\/\/secure.gravatar.com\/avatar\/2a02d7dda59fe8dc6b7ffd3f652e2efede5ccf0dd89dfdc8137c5517f3de8407?s=96&d=mm&r=g","caption":"admin-federas"},"sameAs":["https:\/\/www.federassantas.org.br\/novosite\/"],"url":"https:\/\/www.federassantas.org.br\/novosite\/author\/admin-federas\/"}]}},"_links":{"self":[{"href":"https:\/\/www.federassantas.org.br\/novosite\/wp-json\/wp\/v2\/posts\/23279","targetHints":{"allow":["GET"]}}],"collection":[{"href":"https:\/\/www.federassantas.org.br\/novosite\/wp-json\/wp\/v2\/posts"}],"about":[{"href":"https:\/\/www.federassantas.org.br\/novosite\/wp-json\/wp\/v2\/types\/post"}],"author":[{"embeddable":true,"href":"https:\/\/www.federassantas.org.br\/novosite\/wp-json\/wp\/v2\/users\/1"}],"replies":[{"embeddable":true,"href":"https:\/\/www.federassantas.org.br\/novosite\/wp-json\/wp\/v2\/comments?post=23279"}],"version-history":[{"count":0,"href":"https:\/\/www.federassantas.org.br\/novosite\/wp-json\/wp\/v2\/posts\/23279\/revisions"}],"wp:featuredmedia":[{"embeddable":true,"href":"https:\/\/www.federassantas.org.br\/novosite\/wp-json\/"}],"wp:attachment":[{"href":"https:\/\/www.federassantas.org.br\/novosite\/wp-json\/wp\/v2\/media?parent=23279"}],"wp:term":[{"taxonomy":"category","embeddable":true,"href":"https:\/\/www.federassantas.org.br\/novosite\/wp-json\/wp\/v2\/categories?post=23279"},{"taxonomy":"post_tag","embeddable":true,"href":"https:\/\/www.federassantas.org.br\/novosite\/wp-json\/wp\/v2\/tags?post=23279"}],"curies":[{"name":"wp","href":"https:\/\/api.w.org\/{rel}","templated":true}]}}