{"id":23287,"date":"2022-02-07T10:57:22","date_gmt":"2022-02-07T13:57:22","guid":{"rendered":"https:\/\/federasbackup.meltcomunicacao.com.br\/?p=23287"},"modified":"2022-02-07T10:57:22","modified_gmt":"2022-02-07T13:57:22","slug":"superintendente-da-santa-casa-de-pocos-de-caldas-alerta-sobre-variante-omicron","status":"publish","type":"post","link":"https:\/\/www.federassantas.org.br\/novosite\/superintendente-da-santa-casa-de-pocos-de-caldas-alerta-sobre-variante-omicron\/","title":{"rendered":"Superintendente da Santa Casa de Po\u00e7os de Caldas alerta sobre variante \u00d4micron"},"content":{"rendered":"\n<p>Diante do aumento expressivo de leitos ocupados por pacientes com covid-19 na Santa Casa de Po\u00e7os de Caldas, que na \u00faltima sexta-feira, 04, conta com 16 pacientes internados com a doen\u00e7a, sendo 8 em leitos cl\u00ednicos e 8 em CTI, o Superintendente da Irmandade, Ricardo S\u00e1, veio a p\u00fablico alertar sobre a alta taxa de contamina\u00e7\u00e3o da variante \u00d4micron e o impacto que o Hospital sofreu com os crescentes casos no Munic\u00edpio, enfatizando ainda a necessidade do uso de m\u00e1scara de prote\u00e7\u00e3o, de manter o distanciamento social evitando aglomera\u00e7\u00f5es e, a todos que ainda n\u00e3o se imunizaram contra o v\u00edrus, que se vacinem.<\/p>\n\n\n\n<p>\u201cEssa nova variante do coronav\u00edrus, a chamada \u00d4micron, aparentemente pode ser uma virose menos impactante a sa\u00fade das pessoas, entretanto, \u00e9 altamente contaminante e eu venho aqui a p\u00fablico alertar a todos voc\u00eas porque, o Hospital da Santa Casa come\u00e7a a ter um alto impacto de interna\u00e7\u00f5es, atualmente com 16 pacientes internados por covid-19, sendo 8 em Ala e 8 em CTI. N\u00f3s come\u00e7amos a ter um aumento crescente na ocupa\u00e7\u00e3o de leitos da Santa Casa e tenho certeza que deve estar acontecendo tamb\u00e9m com os demais hospitais da nossa cidade. Portanto, eu venho aqui pedir \u00e0 popula\u00e7\u00e3o que tome muito cuidado com suas manifesta\u00e7\u00f5es em p\u00fablico, com a utiliza\u00e7\u00e3o da m\u00e1scara e aqueles que n\u00e3o se vacinaram, se vacinem, \u00e9 muito importante&#8221;, pede Ricardo S\u00e1.<\/p>\n\n\n\n<p>&#8220;Alerto que a Secretaria de Sa\u00fade Municipal, atrav\u00e9s do nosso Secret\u00e1rio de Sa\u00fade, Dr. Carlos Mosconi, tem feito um excelente trabalho fazendo uma \u00f3tima articula\u00e7\u00e3o com os hospitais na obten\u00e7\u00e3o de vagas de leitos para a popula\u00e7\u00e3o em geral. Entretanto, temos que tomar cuidado para que n\u00e3o aconte\u00e7a dessa vez o que aconteceu um ano atr\u00e1s de ficarmos t\u00e3o lotados que n\u00e3o havia vaga em n\u00famero suficiente para todos os pacientes doentes. Por isso, pedimos muito a voc\u00eas todos para que voc\u00eas tomem muito cuidado. N\u00e3o acham que seja uma virose simples ou que por mais simples que ela possa ser, e n\u00e3o temos confirma\u00e7\u00e3o cient\u00edfica ainda sobre isso, mas sabemos que ela \u00e9 muito contaminante, ent\u00e3o, por favor, restringiram-se \u00e0s quest\u00f5es sociais, fa\u00e7am o uso da m\u00e1scara, higienize suas m\u00e3os, evitem locais de grandes grandes aglomera\u00e7\u00f5es e reuni\u00f5es familiares a bem de voc\u00eas pr\u00f3prios e da sa\u00fade p\u00fablica local da cidade de Po\u00e7os de Caldas\u201d, completa o superintendente da Santa Casa.<\/p>\n\n\n\n<p><\/p>\n\n\n\n<p>Por: Assessoria de Comunica\u00e7\u00e3o Santa Casa de Po\u00e7os de Caldas<\/p>\n","protected":false},"excerpt":{"rendered":"<p>Diante do aumento expressivo de leitos ocupados por pacientes com covid-19 na Santa Casa de Po\u00e7os de Caldas, que na \u00faltima sexta-feira, 04, conta com 16 pacientes internados com a doen\u00e7a, sendo 8 em leitos cl\u00ednicos e 8 em CTI, o Superintendente da Irmandade, Ricardo S\u00e1, veio a p\u00fablico alertar sobre a alta taxa de [&hellip;]<\/p>\n","protected":false},"author":1,"featured_media":23288,"comment_status":"open","ping_status":"open","sticky":false,"template":"","format":"standard","meta":{"footnotes":""},"categories":[140,139],"tags":[],"class_list":["post-23287","post","type-post","status-publish","format-standard","has-post-thumbnail","hentry","category-noticias","category-noticias-filiados"],"yoast_head":"<!-- This site is optimized with the Yoast SEO plugin v26.9 - https:\/\/yoast.com\/product\/yoast-seo-wordpress\/ -->\n<title>Superintendente da Santa Casa de Po\u00e7os de Caldas alerta sobre variante \u00d4micron - Federassantas<\/title>\n<meta name=\"robots\" content=\"index, follow, max-snippet:-1, max-image-preview:large, max-video-preview:-1\" \/>\n<link rel=\"canonical\" href=\"https:\/\/www.federassantas.org.br\/novosite\/superintendente-da-santa-casa-de-pocos-de-caldas-alerta-sobre-variante-omicron\/\" \/>\n<meta property=\"og:locale\" content=\"pt_BR\" \/>\n<meta property=\"og:type\" content=\"article\" \/>\n<meta property=\"og:title\" content=\"Superintendente da Santa Casa de Po\u00e7os de Caldas alerta sobre variante \u00d4micron - Federassantas\" \/>\n<meta property=\"og:description\" content=\"Diante do aumento expressivo de leitos ocupados por pacientes com covid-19 na Santa Casa de Po\u00e7os de Caldas, que na \u00faltima sexta-feira, 04, conta com 16 pacientes internados com a doen\u00e7a, sendo 8 em leitos cl\u00ednicos e 8 em CTI, o Superintendente da Irmandade, Ricardo S\u00e1, veio a p\u00fablico alertar sobre a alta taxa de [&hellip;]\" \/>\n<meta property=\"og:url\" content=\"https:\/\/www.federassantas.org.br\/novosite\/superintendente-da-santa-casa-de-pocos-de-caldas-alerta-sobre-variante-omicron\/\" \/>\n<meta property=\"og:site_name\" content=\"Federassantas\" \/>\n<meta property=\"article:published_time\" content=\"2022-02-07T13:57:22+00:00\" \/>\n<meta property=\"og:image\" content=\"https:\/\/www.federassantas.org.br\/novosite\/wp-content\/uploads\/2022\/02\/Ricardo-Sa-scaled-1.jpg\" \/>\n\t<meta property=\"og:image:width\" content=\"2560\" \/>\n\t<meta property=\"og:image:height\" content=\"1521\" \/>\n\t<meta property=\"og:image:type\" content=\"image\/jpeg\" \/>\n<meta name=\"author\" content=\"admin-federas\" \/>\n<meta name=\"twitter:card\" content=\"summary_large_image\" \/>\n<meta name=\"twitter:label1\" content=\"Escrito por\" \/>\n\t<meta name=\"twitter:data1\" content=\"admin-federas\" \/>\n\t<meta name=\"twitter:label2\" content=\"Est. tempo de leitura\" \/>\n\t<meta name=\"twitter:data2\" content=\"2 minutos\" \/>\n<script type=\"application\/ld+json\" class=\"yoast-schema-graph\">{\"@context\":\"https:\/\/schema.org\",\"@graph\":[{\"@type\":\"Article\",\"@id\":\"https:\/\/www.federassantas.org.br\/novosite\/superintendente-da-santa-casa-de-pocos-de-caldas-alerta-sobre-variante-omicron\/#article\",\"isPartOf\":{\"@id\":\"https:\/\/www.federassantas.org.br\/novosite\/superintendente-da-santa-casa-de-pocos-de-caldas-alerta-sobre-variante-omicron\/\"},\"author\":{\"name\":\"admin-federas\",\"@id\":\"https:\/\/www.federassantas.org.br\/novosite\/#\/schema\/person\/75fed98158349313fe56175f232f513c\"},\"headline\":\"Superintendente da Santa Casa de Po\u00e7os de Caldas alerta sobre variante \u00d4micron\",\"datePublished\":\"2022-02-07T13:57:22+00:00\",\"mainEntityOfPage\":{\"@id\":\"https:\/\/www.federassantas.org.br\/novosite\/superintendente-da-santa-casa-de-pocos-de-caldas-alerta-sobre-variante-omicron\/\"},\"wordCount\":463,\"commentCount\":0,\"publisher\":{\"@id\":\"https:\/\/www.federassantas.org.br\/novosite\/#organization\"},\"image\":{\"@id\":\"https:\/\/www.federassantas.org.br\/novosite\/superintendente-da-santa-casa-de-pocos-de-caldas-alerta-sobre-variante-omicron\/#primaryimage\"},\"thumbnailUrl\":\"https:\/\/www.federassantas.org.br\/novosite\/wp-content\/uploads\/2022\/02\/Ricardo-Sa-scaled-1.jpg\",\"articleSection\":[\"Not\u00edcias\",\"Not\u00edcias filiados\"],\"inLanguage\":\"pt-BR\",\"potentialAction\":[{\"@type\":\"CommentAction\",\"name\":\"Comment\",\"target\":[\"https:\/\/www.federassantas.org.br\/novosite\/superintendente-da-santa-casa-de-pocos-de-caldas-alerta-sobre-variante-omicron\/#respond\"]}]},{\"@type\":\"WebPage\",\"@id\":\"https:\/\/www.federassantas.org.br\/novosite\/superintendente-da-santa-casa-de-pocos-de-caldas-alerta-sobre-variante-omicron\/\",\"url\":\"https:\/\/www.federassantas.org.br\/novosite\/superintendente-da-santa-casa-de-pocos-de-caldas-alerta-sobre-variante-omicron\/\",\"name\":\"Superintendente da Santa Casa de Po\u00e7os de Caldas alerta sobre variante \u00d4micron - Federassantas\",\"isPartOf\":{\"@id\":\"https:\/\/www.federassantas.org.br\/novosite\/#website\"},\"primaryImageOfPage\":{\"@id\":\"https:\/\/www.federassantas.org.br\/novosite\/superintendente-da-santa-casa-de-pocos-de-caldas-alerta-sobre-variante-omicron\/#primaryimage\"},\"image\":{\"@id\":\"https:\/\/www.federassantas.org.br\/novosite\/superintendente-da-santa-casa-de-pocos-de-caldas-alerta-sobre-variante-omicron\/#primaryimage\"},\"thumbnailUrl\":\"https:\/\/www.federassantas.org.br\/novosite\/wp-content\/uploads\/2022\/02\/Ricardo-Sa-scaled-1.jpg\",\"datePublished\":\"2022-02-07T13:57:22+00:00\",\"breadcrumb\":{\"@id\":\"https:\/\/www.federassantas.org.br\/novosite\/superintendente-da-santa-casa-de-pocos-de-caldas-alerta-sobre-variante-omicron\/#breadcrumb\"},\"inLanguage\":\"pt-BR\",\"potentialAction\":[{\"@type\":\"ReadAction\",\"target\":[\"https:\/\/www.federassantas.org.br\/novosite\/superintendente-da-santa-casa-de-pocos-de-caldas-alerta-sobre-variante-omicron\/\"]}]},{\"@type\":\"ImageObject\",\"inLanguage\":\"pt-BR\",\"@id\":\"https:\/\/www.federassantas.org.br\/novosite\/superintendente-da-santa-casa-de-pocos-de-caldas-alerta-sobre-variante-omicron\/#primaryimage\",\"url\":\"https:\/\/www.federassantas.org.br\/novosite\/wp-content\/uploads\/2022\/02\/Ricardo-Sa-scaled-1.jpg\",\"contentUrl\":\"https:\/\/www.federassantas.org.br\/novosite\/wp-content\/uploads\/2022\/02\/Ricardo-Sa-scaled-1.jpg\",\"width\":2560,\"height\":1521},{\"@type\":\"BreadcrumbList\",\"@id\":\"https:\/\/www.federassantas.org.br\/novosite\/superintendente-da-santa-casa-de-pocos-de-caldas-alerta-sobre-variante-omicron\/#breadcrumb\",\"itemListElement\":[{\"@type\":\"ListItem\",\"position\":1,\"name\":\"In\u00edcio\",\"item\":\"https:\/\/www.federassantas.org.br\/novosite\/\"},{\"@type\":\"ListItem\",\"position\":2,\"name\":\"Superintendente da Santa Casa de Po\u00e7os de Caldas alerta sobre variante \u00d4micron\"}]},{\"@type\":\"WebSite\",\"@id\":\"https:\/\/www.federassantas.org.br\/novosite\/#website\",\"url\":\"https:\/\/www.federassantas.org.br\/novosite\/\",\"name\":\"Federassantas\",\"description\":\"Fed. das Santas Casas e Hospitais Filantr\u00f3picos de MG\",\"publisher\":{\"@id\":\"https:\/\/www.federassantas.org.br\/novosite\/#organization\"},\"potentialAction\":[{\"@type\":\"SearchAction\",\"target\":{\"@type\":\"EntryPoint\",\"urlTemplate\":\"https:\/\/www.federassantas.org.br\/novosite\/?s={search_term_string}\"},\"query-input\":{\"@type\":\"PropertyValueSpecification\",\"valueRequired\":true,\"valueName\":\"search_term_string\"}}],\"inLanguage\":\"pt-BR\"},{\"@type\":\"Organization\",\"@id\":\"https:\/\/www.federassantas.org.br\/novosite\/#organization\",\"name\":\"Federassantas\",\"url\":\"https:\/\/www.federassantas.org.br\/novosite\/\",\"logo\":{\"@type\":\"ImageObject\",\"inLanguage\":\"pt-BR\",\"@id\":\"https:\/\/www.federassantas.org.br\/novosite\/#\/schema\/logo\/image\/\",\"url\":\"https:\/\/www.federassantas.org.br\/novosite\/wp-content\/uploads\/2021\/12\/logo.png\",\"contentUrl\":\"https:\/\/www.federassantas.org.br\/novosite\/wp-content\/uploads\/2021\/12\/logo.png\",\"width\":243,\"height\":59,\"caption\":\"Federassantas\"},\"image\":{\"@id\":\"https:\/\/www.federassantas.org.br\/novosite\/#\/schema\/logo\/image\/\"}},{\"@type\":\"Person\",\"@id\":\"https:\/\/www.federassantas.org.br\/novosite\/#\/schema\/person\/75fed98158349313fe56175f232f513c\",\"name\":\"admin-federas\",\"image\":{\"@type\":\"ImageObject\",\"inLanguage\":\"pt-BR\",\"@id\":\"https:\/\/www.federassantas.org.br\/novosite\/#\/schema\/person\/image\/\",\"url\":\"https:\/\/secure.gravatar.com\/avatar\/2a02d7dda59fe8dc6b7ffd3f652e2efede5ccf0dd89dfdc8137c5517f3de8407?s=96&d=mm&r=g\",\"contentUrl\":\"https:\/\/secure.gravatar.com\/avatar\/2a02d7dda59fe8dc6b7ffd3f652e2efede5ccf0dd89dfdc8137c5517f3de8407?s=96&d=mm&r=g\",\"caption\":\"admin-federas\"},\"sameAs\":[\"https:\/\/www.federassantas.org.br\/novosite\/\"],\"url\":\"https:\/\/www.federassantas.org.br\/novosite\/author\/admin-federas\/\"}]}<\/script>\n<!-- \/ Yoast SEO plugin. -->","yoast_head_json":{"title":"Superintendente da Santa Casa de Po\u00e7os de Caldas alerta sobre variante \u00d4micron - Federassantas","robots":{"index":"index","follow":"follow","max-snippet":"max-snippet:-1","max-image-preview":"max-image-preview:large","max-video-preview":"max-video-preview:-1"},"canonical":"https:\/\/www.federassantas.org.br\/novosite\/superintendente-da-santa-casa-de-pocos-de-caldas-alerta-sobre-variante-omicron\/","og_locale":"pt_BR","og_type":"article","og_title":"Superintendente da Santa Casa de Po\u00e7os de Caldas alerta sobre variante \u00d4micron - Federassantas","og_description":"Diante do aumento expressivo de leitos ocupados por pacientes com covid-19 na Santa Casa de Po\u00e7os de Caldas, que na \u00faltima sexta-feira, 04, conta com 16 pacientes internados com a doen\u00e7a, sendo 8 em leitos cl\u00ednicos e 8 em CTI, o Superintendente da Irmandade, Ricardo S\u00e1, veio a p\u00fablico alertar sobre a alta taxa de [&hellip;]","og_url":"https:\/\/www.federassantas.org.br\/novosite\/superintendente-da-santa-casa-de-pocos-de-caldas-alerta-sobre-variante-omicron\/","og_site_name":"Federassantas","article_published_time":"2022-02-07T13:57:22+00:00","og_image":[{"width":2560,"height":1521,"url":"https:\/\/www.federassantas.org.br\/novosite\/wp-content\/uploads\/2022\/02\/Ricardo-Sa-scaled-1.jpg","type":"image\/jpeg"}],"author":"admin-federas","twitter_card":"summary_large_image","twitter_misc":{"Escrito por":"admin-federas","Est. tempo de leitura":"2 minutos"},"schema":{"@context":"https:\/\/schema.org","@graph":[{"@type":"Article","@id":"https:\/\/www.federassantas.org.br\/novosite\/superintendente-da-santa-casa-de-pocos-de-caldas-alerta-sobre-variante-omicron\/#article","isPartOf":{"@id":"https:\/\/www.federassantas.org.br\/novosite\/superintendente-da-santa-casa-de-pocos-de-caldas-alerta-sobre-variante-omicron\/"},"author":{"name":"admin-federas","@id":"https:\/\/www.federassantas.org.br\/novosite\/#\/schema\/person\/75fed98158349313fe56175f232f513c"},"headline":"Superintendente da Santa Casa de Po\u00e7os de Caldas alerta sobre variante \u00d4micron","datePublished":"2022-02-07T13:57:22+00:00","mainEntityOfPage":{"@id":"https:\/\/www.federassantas.org.br\/novosite\/superintendente-da-santa-casa-de-pocos-de-caldas-alerta-sobre-variante-omicron\/"},"wordCount":463,"commentCount":0,"publisher":{"@id":"https:\/\/www.federassantas.org.br\/novosite\/#organization"},"image":{"@id":"https:\/\/www.federassantas.org.br\/novosite\/superintendente-da-santa-casa-de-pocos-de-caldas-alerta-sobre-variante-omicron\/#primaryimage"},"thumbnailUrl":"https:\/\/www.federassantas.org.br\/novosite\/wp-content\/uploads\/2022\/02\/Ricardo-Sa-scaled-1.jpg","articleSection":["Not\u00edcias","Not\u00edcias filiados"],"inLanguage":"pt-BR","potentialAction":[{"@type":"CommentAction","name":"Comment","target":["https:\/\/www.federassantas.org.br\/novosite\/superintendente-da-santa-casa-de-pocos-de-caldas-alerta-sobre-variante-omicron\/#respond"]}]},{"@type":"WebPage","@id":"https:\/\/www.federassantas.org.br\/novosite\/superintendente-da-santa-casa-de-pocos-de-caldas-alerta-sobre-variante-omicron\/","url":"https:\/\/www.federassantas.org.br\/novosite\/superintendente-da-santa-casa-de-pocos-de-caldas-alerta-sobre-variante-omicron\/","name":"Superintendente da Santa Casa de Po\u00e7os de Caldas alerta sobre variante \u00d4micron - Federassantas","isPartOf":{"@id":"https:\/\/www.federassantas.org.br\/novosite\/#website"},"primaryImageOfPage":{"@id":"https:\/\/www.federassantas.org.br\/novosite\/superintendente-da-santa-casa-de-pocos-de-caldas-alerta-sobre-variante-omicron\/#primaryimage"},"image":{"@id":"https:\/\/www.federassantas.org.br\/novosite\/superintendente-da-santa-casa-de-pocos-de-caldas-alerta-sobre-variante-omicron\/#primaryimage"},"thumbnailUrl":"https:\/\/www.federassantas.org.br\/novosite\/wp-content\/uploads\/2022\/02\/Ricardo-Sa-scaled-1.jpg","datePublished":"2022-02-07T13:57:22+00:00","breadcrumb":{"@id":"https:\/\/www.federassantas.org.br\/novosite\/superintendente-da-santa-casa-de-pocos-de-caldas-alerta-sobre-variante-omicron\/#breadcrumb"},"inLanguage":"pt-BR","potentialAction":[{"@type":"ReadAction","target":["https:\/\/www.federassantas.org.br\/novosite\/superintendente-da-santa-casa-de-pocos-de-caldas-alerta-sobre-variante-omicron\/"]}]},{"@type":"ImageObject","inLanguage":"pt-BR","@id":"https:\/\/www.federassantas.org.br\/novosite\/superintendente-da-santa-casa-de-pocos-de-caldas-alerta-sobre-variante-omicron\/#primaryimage","url":"https:\/\/www.federassantas.org.br\/novosite\/wp-content\/uploads\/2022\/02\/Ricardo-Sa-scaled-1.jpg","contentUrl":"https:\/\/www.federassantas.org.br\/novosite\/wp-content\/uploads\/2022\/02\/Ricardo-Sa-scaled-1.jpg","width":2560,"height":1521},{"@type":"BreadcrumbList","@id":"https:\/\/www.federassantas.org.br\/novosite\/superintendente-da-santa-casa-de-pocos-de-caldas-alerta-sobre-variante-omicron\/#breadcrumb","itemListElement":[{"@type":"ListItem","position":1,"name":"In\u00edcio","item":"https:\/\/www.federassantas.org.br\/novosite\/"},{"@type":"ListItem","position":2,"name":"Superintendente da Santa Casa de Po\u00e7os de Caldas alerta sobre variante \u00d4micron"}]},{"@type":"WebSite","@id":"https:\/\/www.federassantas.org.br\/novosite\/#website","url":"https:\/\/www.federassantas.org.br\/novosite\/","name":"Federassantas","description":"Fed. das Santas Casas e Hospitais Filantr\u00f3picos de MG","publisher":{"@id":"https:\/\/www.federassantas.org.br\/novosite\/#organization"},"potentialAction":[{"@type":"SearchAction","target":{"@type":"EntryPoint","urlTemplate":"https:\/\/www.federassantas.org.br\/novosite\/?s={search_term_string}"},"query-input":{"@type":"PropertyValueSpecification","valueRequired":true,"valueName":"search_term_string"}}],"inLanguage":"pt-BR"},{"@type":"Organization","@id":"https:\/\/www.federassantas.org.br\/novosite\/#organization","name":"Federassantas","url":"https:\/\/www.federassantas.org.br\/novosite\/","logo":{"@type":"ImageObject","inLanguage":"pt-BR","@id":"https:\/\/www.federassantas.org.br\/novosite\/#\/schema\/logo\/image\/","url":"https:\/\/www.federassantas.org.br\/novosite\/wp-content\/uploads\/2021\/12\/logo.png","contentUrl":"https:\/\/www.federassantas.org.br\/novosite\/wp-content\/uploads\/2021\/12\/logo.png","width":243,"height":59,"caption":"Federassantas"},"image":{"@id":"https:\/\/www.federassantas.org.br\/novosite\/#\/schema\/logo\/image\/"}},{"@type":"Person","@id":"https:\/\/www.federassantas.org.br\/novosite\/#\/schema\/person\/75fed98158349313fe56175f232f513c","name":"admin-federas","image":{"@type":"ImageObject","inLanguage":"pt-BR","@id":"https:\/\/www.federassantas.org.br\/novosite\/#\/schema\/person\/image\/","url":"https:\/\/secure.gravatar.com\/avatar\/2a02d7dda59fe8dc6b7ffd3f652e2efede5ccf0dd89dfdc8137c5517f3de8407?s=96&d=mm&r=g","contentUrl":"https:\/\/secure.gravatar.com\/avatar\/2a02d7dda59fe8dc6b7ffd3f652e2efede5ccf0dd89dfdc8137c5517f3de8407?s=96&d=mm&r=g","caption":"admin-federas"},"sameAs":["https:\/\/www.federassantas.org.br\/novosite\/"],"url":"https:\/\/www.federassantas.org.br\/novosite\/author\/admin-federas\/"}]}},"_links":{"self":[{"href":"https:\/\/www.federassantas.org.br\/novosite\/wp-json\/wp\/v2\/posts\/23287","targetHints":{"allow":["GET"]}}],"collection":[{"href":"https:\/\/www.federassantas.org.br\/novosite\/wp-json\/wp\/v2\/posts"}],"about":[{"href":"https:\/\/www.federassantas.org.br\/novosite\/wp-json\/wp\/v2\/types\/post"}],"author":[{"embeddable":true,"href":"https:\/\/www.federassantas.org.br\/novosite\/wp-json\/wp\/v2\/users\/1"}],"replies":[{"embeddable":true,"href":"https:\/\/www.federassantas.org.br\/novosite\/wp-json\/wp\/v2\/comments?post=23287"}],"version-history":[{"count":0,"href":"https:\/\/www.federassantas.org.br\/novosite\/wp-json\/wp\/v2\/posts\/23287\/revisions"}],"wp:featuredmedia":[{"embeddable":true,"href":"https:\/\/www.federassantas.org.br\/novosite\/wp-json\/wp\/v2\/media\/23288"}],"wp:attachment":[{"href":"https:\/\/www.federassantas.org.br\/novosite\/wp-json\/wp\/v2\/media?parent=23287"}],"wp:term":[{"taxonomy":"category","embeddable":true,"href":"https:\/\/www.federassantas.org.br\/novosite\/wp-json\/wp\/v2\/categories?post=23287"},{"taxonomy":"post_tag","embeddable":true,"href":"https:\/\/www.federassantas.org.br\/novosite\/wp-json\/wp\/v2\/tags?post=23287"}],"curies":[{"name":"wp","href":"https:\/\/api.w.org\/{rel}","templated":true}]}}