{"id":23290,"date":"2022-02-07T11:06:53","date_gmt":"2022-02-07T14:06:53","guid":{"rendered":"https:\/\/federasbackup.meltcomunicacao.com.br\/?p=23290"},"modified":"2022-02-07T11:06:53","modified_gmt":"2022-02-07T14:06:53","slug":"instituto-mario-penna-entra-em-campo-em-apoio-ao-dia-mundial-contra-o-cancer","status":"publish","type":"post","link":"https:\/\/www.federassantas.org.br\/novosite\/instituto-mario-penna-entra-em-campo-em-apoio-ao-dia-mundial-contra-o-cancer\/","title":{"rendered":"Instituto M\u00e1rio Penna entra em campo em apoio ao Dia Mundial Contra o C\u00e2ncer"},"content":{"rendered":"\n<p>O Instituto M\u00e1rio Penna vem levando a sua mensagem da import\u00e2ncia da solidariedade tamb\u00e9m para os campos durante o Campeonato Mineiro. Em uma parceria com a Federa\u00e7\u00e3o Mineira de Futebol, o Instituto ter\u00e1 placas interativas nos gramados refor\u00e7ando a miss\u00e3o como institui\u00e7\u00e3o filantr\u00f3pica.<\/p>\n\n\n\n<p>O Dia Mundial de Combate ao C\u00e2ncer foi no dia 4 de fevereiro e teve todo o apoio do M\u00e1rio Penna. O objetivo \u00e9 despertar as pessoas para que a realidade de milh\u00f5es de mortes causadas pelo c\u00e2ncer possa ser transformada com a preven\u00e7\u00e3o. \u201cO c\u00e2ncer \u00e9 a segunda causa de morte em todo o mundo. Juntos, vamos mudar isso\u201d. Com essa afirma\u00e7\u00e3o, o M\u00e1rio Penna te convida a juntar-se a essa campanha.<\/p>\n\n\n\n<p>Nesse domingo, dia 6 de fevereiro, durante a partida no Mineir\u00e3o de Atl\u00e9tico Mineiro x CAP (Clube Atl\u00e9tico Patrocinense), o Dia Mundial de Combate ao C\u00e2ncer tamb\u00e9m esteve presente nos gramados. No in\u00edcio da partida, os jogadores entraram com uma faixa refor\u00e7ando a import\u00e2ncia da campanha. Al\u00e9m disso, um v\u00eddeo do M\u00e1rio Penna sobre a data que tem alerta mundial foi transmitido durante toda a partida em tel\u00f5es do est\u00e1dio.<\/p>\n\n\n\n<p>\u201cO Instituto M\u00e1rio Penna refor\u00e7a sua miss\u00e3o com a sociedade em sempre buscar alternativas que propiciem o bem-estar daqueles que cuidamos. \u00c9 muito mais que um dever como unidade filantr\u00f3pica de sa\u00fade. \u00c9 o que que nos motiva e refor\u00e7a o nosso legado. Agradecemos o apoio da Federa\u00e7\u00e3o Mineira de Futebol. \u00c9 uma oportunidade maravilhosa de levar aos campos um pouquinho da nossa importante hist\u00f3ria nas vidas dos mineiros\u201d; refor\u00e7a Marco Ant\u00f4nio Viana Leite, Diretor-Presidente do Instituto M\u00e1rio Penna.<\/p>\n\n\n\n<h5 class=\"wp-block-heading\">O Instituto M\u00e1rio Penna<\/h5>\n\n\n\n<p>O Instituto M\u00e1rio Penna \u00e9 composto pelos Hospitais M\u00e1rio Penna e&nbsp;<a href=\"https:\/\/mariopenna.org.br\/hospital-luxemburgo\/\">Luxemburgo<\/a>,&nbsp;<a href=\"https:\/\/mariopenna.org.br\/casa-de-apoio-beatriz-ferraz\/\">Casa de Apoio Beatriz Ferraz<\/a>,&nbsp;<a href=\"https:\/\/mariopenna.org.br\/nucleo-de-ensino-e-pesquisa\/\">Instituto M\u00e1rio Penna de Ensino, Pesquisa e Inova\u00e7\u00e3o<\/a>&nbsp;e N\u00facleo de Especialidades Oncol\u00f3gicas (NEO). A institui\u00e7\u00e3o realiza mais de 305 mil atendimentos por ano, sendo provenientes de mais de 600 munic\u00edpios de Minas Gerais.<\/p>\n\n\n\n<p>Classificado pelo Minist\u00e9rio da Sa\u00fade como Centro de Assist\u00eancia de Alta Complexidade Oncol\u00f3gica (CACON), em 2021 o Instituto realizou 40 mil sess\u00f5es de radioterapia, 32.991 sess\u00f5es de quimioterapia, 33 transplantes de medula \u00f3ssea e quase 13 mil cirurgias.<\/p>\n\n\n\n<p>Quem quiser ajudar com doa\u00e7\u00f5es, basta entrar em contato pelo 0800 039 1441 ou acessar mariopenna.org.br.<\/p>\n\n\n\n<p><\/p>\n\n\n\n<p>Por: <a href=\"https:\/\/mariopenna.org.br\/instituto-mario-penna-entra-em-campo-em-apoio-ao-dia-mundial-contra-o-cancer\/\" target=\"_blank\" rel=\"noreferrer noopener\">Comunica\u00e7\u00e3o IMP<\/a><\/p>\n","protected":false},"excerpt":{"rendered":"<p>O Instituto M\u00e1rio Penna vem levando a sua mensagem da import\u00e2ncia da solidariedade tamb\u00e9m para os campos durante o Campeonato Mineiro. Em uma parceria com a Federa\u00e7\u00e3o Mineira de Futebol, o Instituto ter\u00e1 placas interativas nos gramados refor\u00e7ando a miss\u00e3o como institui\u00e7\u00e3o filantr\u00f3pica. O Dia Mundial de Combate ao C\u00e2ncer foi no dia 4 de [&hellip;]<\/p>\n","protected":false},"author":1,"featured_media":23291,"comment_status":"open","ping_status":"open","sticky":false,"template":"","format":"standard","meta":{"footnotes":""},"categories":[140,139],"tags":[],"class_list":["post-23290","post","type-post","status-publish","format-standard","has-post-thumbnail","hentry","category-noticias","category-noticias-filiados"],"yoast_head":"<!-- This site is optimized with the Yoast SEO plugin v26.9 - https:\/\/yoast.com\/product\/yoast-seo-wordpress\/ -->\n<title>Instituto M\u00e1rio Penna entra em campo em apoio ao Dia Mundial Contra o C\u00e2ncer - Federassantas<\/title>\n<meta name=\"robots\" content=\"index, follow, max-snippet:-1, max-image-preview:large, max-video-preview:-1\" \/>\n<link rel=\"canonical\" href=\"https:\/\/www.federassantas.org.br\/novosite\/instituto-mario-penna-entra-em-campo-em-apoio-ao-dia-mundial-contra-o-cancer\/\" \/>\n<meta property=\"og:locale\" content=\"pt_BR\" \/>\n<meta property=\"og:type\" content=\"article\" \/>\n<meta property=\"og:title\" content=\"Instituto M\u00e1rio Penna entra em campo em apoio ao Dia Mundial Contra o C\u00e2ncer - Federassantas\" \/>\n<meta property=\"og:description\" content=\"O Instituto M\u00e1rio Penna vem levando a sua mensagem da import\u00e2ncia da solidariedade tamb\u00e9m para os campos durante o Campeonato Mineiro. Em uma parceria com a Federa\u00e7\u00e3o Mineira de Futebol, o Instituto ter\u00e1 placas interativas nos gramados refor\u00e7ando a miss\u00e3o como institui\u00e7\u00e3o filantr\u00f3pica. O Dia Mundial de Combate ao C\u00e2ncer foi no dia 4 de [&hellip;]\" \/>\n<meta property=\"og:url\" content=\"https:\/\/www.federassantas.org.br\/novosite\/instituto-mario-penna-entra-em-campo-em-apoio-ao-dia-mundial-contra-o-cancer\/\" \/>\n<meta property=\"og:site_name\" content=\"Federassantas\" \/>\n<meta property=\"article:published_time\" content=\"2022-02-07T14:06:53+00:00\" \/>\n<meta property=\"og:image\" content=\"https:\/\/www.federassantas.org.br\/novosite\/wp-content\/uploads\/2022\/02\/campo-2-scaled-1.jpg\" \/>\n\t<meta property=\"og:image:width\" content=\"2560\" \/>\n\t<meta property=\"og:image:height\" content=\"2008\" \/>\n\t<meta property=\"og:image:type\" content=\"image\/jpeg\" \/>\n<meta name=\"author\" content=\"admin-federas\" \/>\n<meta name=\"twitter:card\" content=\"summary_large_image\" \/>\n<meta name=\"twitter:label1\" content=\"Escrito por\" \/>\n\t<meta name=\"twitter:data1\" content=\"admin-federas\" \/>\n\t<meta name=\"twitter:label2\" content=\"Est. tempo de leitura\" \/>\n\t<meta name=\"twitter:data2\" content=\"2 minutos\" \/>\n<script type=\"application\/ld+json\" class=\"yoast-schema-graph\">{\"@context\":\"https:\/\/schema.org\",\"@graph\":[{\"@type\":\"Article\",\"@id\":\"https:\/\/www.federassantas.org.br\/novosite\/instituto-mario-penna-entra-em-campo-em-apoio-ao-dia-mundial-contra-o-cancer\/#article\",\"isPartOf\":{\"@id\":\"https:\/\/www.federassantas.org.br\/novosite\/instituto-mario-penna-entra-em-campo-em-apoio-ao-dia-mundial-contra-o-cancer\/\"},\"author\":{\"name\":\"admin-federas\",\"@id\":\"https:\/\/www.federassantas.org.br\/novosite\/#\/schema\/person\/75fed98158349313fe56175f232f513c\"},\"headline\":\"Instituto M\u00e1rio Penna entra em campo em apoio ao Dia Mundial Contra o C\u00e2ncer\",\"datePublished\":\"2022-02-07T14:06:53+00:00\",\"mainEntityOfPage\":{\"@id\":\"https:\/\/www.federassantas.org.br\/novosite\/instituto-mario-penna-entra-em-campo-em-apoio-ao-dia-mundial-contra-o-cancer\/\"},\"wordCount\":438,\"commentCount\":0,\"publisher\":{\"@id\":\"https:\/\/www.federassantas.org.br\/novosite\/#organization\"},\"image\":{\"@id\":\"https:\/\/www.federassantas.org.br\/novosite\/instituto-mario-penna-entra-em-campo-em-apoio-ao-dia-mundial-contra-o-cancer\/#primaryimage\"},\"thumbnailUrl\":\"https:\/\/www.federassantas.org.br\/novosite\/wp-content\/uploads\/2022\/02\/campo-2-scaled-1.jpg\",\"articleSection\":[\"Not\u00edcias\",\"Not\u00edcias filiados\"],\"inLanguage\":\"pt-BR\",\"potentialAction\":[{\"@type\":\"CommentAction\",\"name\":\"Comment\",\"target\":[\"https:\/\/www.federassantas.org.br\/novosite\/instituto-mario-penna-entra-em-campo-em-apoio-ao-dia-mundial-contra-o-cancer\/#respond\"]}]},{\"@type\":\"WebPage\",\"@id\":\"https:\/\/www.federassantas.org.br\/novosite\/instituto-mario-penna-entra-em-campo-em-apoio-ao-dia-mundial-contra-o-cancer\/\",\"url\":\"https:\/\/www.federassantas.org.br\/novosite\/instituto-mario-penna-entra-em-campo-em-apoio-ao-dia-mundial-contra-o-cancer\/\",\"name\":\"Instituto M\u00e1rio Penna entra em campo em apoio ao Dia Mundial Contra o C\u00e2ncer - Federassantas\",\"isPartOf\":{\"@id\":\"https:\/\/www.federassantas.org.br\/novosite\/#website\"},\"primaryImageOfPage\":{\"@id\":\"https:\/\/www.federassantas.org.br\/novosite\/instituto-mario-penna-entra-em-campo-em-apoio-ao-dia-mundial-contra-o-cancer\/#primaryimage\"},\"image\":{\"@id\":\"https:\/\/www.federassantas.org.br\/novosite\/instituto-mario-penna-entra-em-campo-em-apoio-ao-dia-mundial-contra-o-cancer\/#primaryimage\"},\"thumbnailUrl\":\"https:\/\/www.federassantas.org.br\/novosite\/wp-content\/uploads\/2022\/02\/campo-2-scaled-1.jpg\",\"datePublished\":\"2022-02-07T14:06:53+00:00\",\"breadcrumb\":{\"@id\":\"https:\/\/www.federassantas.org.br\/novosite\/instituto-mario-penna-entra-em-campo-em-apoio-ao-dia-mundial-contra-o-cancer\/#breadcrumb\"},\"inLanguage\":\"pt-BR\",\"potentialAction\":[{\"@type\":\"ReadAction\",\"target\":[\"https:\/\/www.federassantas.org.br\/novosite\/instituto-mario-penna-entra-em-campo-em-apoio-ao-dia-mundial-contra-o-cancer\/\"]}]},{\"@type\":\"ImageObject\",\"inLanguage\":\"pt-BR\",\"@id\":\"https:\/\/www.federassantas.org.br\/novosite\/instituto-mario-penna-entra-em-campo-em-apoio-ao-dia-mundial-contra-o-cancer\/#primaryimage\",\"url\":\"https:\/\/www.federassantas.org.br\/novosite\/wp-content\/uploads\/2022\/02\/campo-2-scaled-1.jpg\",\"contentUrl\":\"https:\/\/www.federassantas.org.br\/novosite\/wp-content\/uploads\/2022\/02\/campo-2-scaled-1.jpg\",\"width\":2560,\"height\":2008},{\"@type\":\"BreadcrumbList\",\"@id\":\"https:\/\/www.federassantas.org.br\/novosite\/instituto-mario-penna-entra-em-campo-em-apoio-ao-dia-mundial-contra-o-cancer\/#breadcrumb\",\"itemListElement\":[{\"@type\":\"ListItem\",\"position\":1,\"name\":\"In\u00edcio\",\"item\":\"https:\/\/www.federassantas.org.br\/novosite\/\"},{\"@type\":\"ListItem\",\"position\":2,\"name\":\"Instituto M\u00e1rio Penna entra em campo em apoio ao Dia Mundial Contra o C\u00e2ncer\"}]},{\"@type\":\"WebSite\",\"@id\":\"https:\/\/www.federassantas.org.br\/novosite\/#website\",\"url\":\"https:\/\/www.federassantas.org.br\/novosite\/\",\"name\":\"Federassantas\",\"description\":\"Fed. das Santas Casas e Hospitais Filantr\u00f3picos de MG\",\"publisher\":{\"@id\":\"https:\/\/www.federassantas.org.br\/novosite\/#organization\"},\"potentialAction\":[{\"@type\":\"SearchAction\",\"target\":{\"@type\":\"EntryPoint\",\"urlTemplate\":\"https:\/\/www.federassantas.org.br\/novosite\/?s={search_term_string}\"},\"query-input\":{\"@type\":\"PropertyValueSpecification\",\"valueRequired\":true,\"valueName\":\"search_term_string\"}}],\"inLanguage\":\"pt-BR\"},{\"@type\":\"Organization\",\"@id\":\"https:\/\/www.federassantas.org.br\/novosite\/#organization\",\"name\":\"Federassantas\",\"url\":\"https:\/\/www.federassantas.org.br\/novosite\/\",\"logo\":{\"@type\":\"ImageObject\",\"inLanguage\":\"pt-BR\",\"@id\":\"https:\/\/www.federassantas.org.br\/novosite\/#\/schema\/logo\/image\/\",\"url\":\"https:\/\/www.federassantas.org.br\/novosite\/wp-content\/uploads\/2021\/12\/logo.png\",\"contentUrl\":\"https:\/\/www.federassantas.org.br\/novosite\/wp-content\/uploads\/2021\/12\/logo.png\",\"width\":243,\"height\":59,\"caption\":\"Federassantas\"},\"image\":{\"@id\":\"https:\/\/www.federassantas.org.br\/novosite\/#\/schema\/logo\/image\/\"}},{\"@type\":\"Person\",\"@id\":\"https:\/\/www.federassantas.org.br\/novosite\/#\/schema\/person\/75fed98158349313fe56175f232f513c\",\"name\":\"admin-federas\",\"image\":{\"@type\":\"ImageObject\",\"inLanguage\":\"pt-BR\",\"@id\":\"https:\/\/www.federassantas.org.br\/novosite\/#\/schema\/person\/image\/\",\"url\":\"https:\/\/secure.gravatar.com\/avatar\/2a02d7dda59fe8dc6b7ffd3f652e2efede5ccf0dd89dfdc8137c5517f3de8407?s=96&d=mm&r=g\",\"contentUrl\":\"https:\/\/secure.gravatar.com\/avatar\/2a02d7dda59fe8dc6b7ffd3f652e2efede5ccf0dd89dfdc8137c5517f3de8407?s=96&d=mm&r=g\",\"caption\":\"admin-federas\"},\"sameAs\":[\"https:\/\/www.federassantas.org.br\/novosite\/\"],\"url\":\"https:\/\/www.federassantas.org.br\/novosite\/author\/admin-federas\/\"}]}<\/script>\n<!-- \/ Yoast SEO plugin. -->","yoast_head_json":{"title":"Instituto M\u00e1rio Penna entra em campo em apoio ao Dia Mundial Contra o C\u00e2ncer - Federassantas","robots":{"index":"index","follow":"follow","max-snippet":"max-snippet:-1","max-image-preview":"max-image-preview:large","max-video-preview":"max-video-preview:-1"},"canonical":"https:\/\/www.federassantas.org.br\/novosite\/instituto-mario-penna-entra-em-campo-em-apoio-ao-dia-mundial-contra-o-cancer\/","og_locale":"pt_BR","og_type":"article","og_title":"Instituto M\u00e1rio Penna entra em campo em apoio ao Dia Mundial Contra o C\u00e2ncer - Federassantas","og_description":"O Instituto M\u00e1rio Penna vem levando a sua mensagem da import\u00e2ncia da solidariedade tamb\u00e9m para os campos durante o Campeonato Mineiro. Em uma parceria com a Federa\u00e7\u00e3o Mineira de Futebol, o Instituto ter\u00e1 placas interativas nos gramados refor\u00e7ando a miss\u00e3o como institui\u00e7\u00e3o filantr\u00f3pica. O Dia Mundial de Combate ao C\u00e2ncer foi no dia 4 de [&hellip;]","og_url":"https:\/\/www.federassantas.org.br\/novosite\/instituto-mario-penna-entra-em-campo-em-apoio-ao-dia-mundial-contra-o-cancer\/","og_site_name":"Federassantas","article_published_time":"2022-02-07T14:06:53+00:00","og_image":[{"width":2560,"height":2008,"url":"https:\/\/www.federassantas.org.br\/novosite\/wp-content\/uploads\/2022\/02\/campo-2-scaled-1.jpg","type":"image\/jpeg"}],"author":"admin-federas","twitter_card":"summary_large_image","twitter_misc":{"Escrito por":"admin-federas","Est. tempo de leitura":"2 minutos"},"schema":{"@context":"https:\/\/schema.org","@graph":[{"@type":"Article","@id":"https:\/\/www.federassantas.org.br\/novosite\/instituto-mario-penna-entra-em-campo-em-apoio-ao-dia-mundial-contra-o-cancer\/#article","isPartOf":{"@id":"https:\/\/www.federassantas.org.br\/novosite\/instituto-mario-penna-entra-em-campo-em-apoio-ao-dia-mundial-contra-o-cancer\/"},"author":{"name":"admin-federas","@id":"https:\/\/www.federassantas.org.br\/novosite\/#\/schema\/person\/75fed98158349313fe56175f232f513c"},"headline":"Instituto M\u00e1rio Penna entra em campo em apoio ao Dia Mundial Contra o C\u00e2ncer","datePublished":"2022-02-07T14:06:53+00:00","mainEntityOfPage":{"@id":"https:\/\/www.federassantas.org.br\/novosite\/instituto-mario-penna-entra-em-campo-em-apoio-ao-dia-mundial-contra-o-cancer\/"},"wordCount":438,"commentCount":0,"publisher":{"@id":"https:\/\/www.federassantas.org.br\/novosite\/#organization"},"image":{"@id":"https:\/\/www.federassantas.org.br\/novosite\/instituto-mario-penna-entra-em-campo-em-apoio-ao-dia-mundial-contra-o-cancer\/#primaryimage"},"thumbnailUrl":"https:\/\/www.federassantas.org.br\/novosite\/wp-content\/uploads\/2022\/02\/campo-2-scaled-1.jpg","articleSection":["Not\u00edcias","Not\u00edcias filiados"],"inLanguage":"pt-BR","potentialAction":[{"@type":"CommentAction","name":"Comment","target":["https:\/\/www.federassantas.org.br\/novosite\/instituto-mario-penna-entra-em-campo-em-apoio-ao-dia-mundial-contra-o-cancer\/#respond"]}]},{"@type":"WebPage","@id":"https:\/\/www.federassantas.org.br\/novosite\/instituto-mario-penna-entra-em-campo-em-apoio-ao-dia-mundial-contra-o-cancer\/","url":"https:\/\/www.federassantas.org.br\/novosite\/instituto-mario-penna-entra-em-campo-em-apoio-ao-dia-mundial-contra-o-cancer\/","name":"Instituto M\u00e1rio Penna entra em campo em apoio ao Dia Mundial Contra o C\u00e2ncer - Federassantas","isPartOf":{"@id":"https:\/\/www.federassantas.org.br\/novosite\/#website"},"primaryImageOfPage":{"@id":"https:\/\/www.federassantas.org.br\/novosite\/instituto-mario-penna-entra-em-campo-em-apoio-ao-dia-mundial-contra-o-cancer\/#primaryimage"},"image":{"@id":"https:\/\/www.federassantas.org.br\/novosite\/instituto-mario-penna-entra-em-campo-em-apoio-ao-dia-mundial-contra-o-cancer\/#primaryimage"},"thumbnailUrl":"https:\/\/www.federassantas.org.br\/novosite\/wp-content\/uploads\/2022\/02\/campo-2-scaled-1.jpg","datePublished":"2022-02-07T14:06:53+00:00","breadcrumb":{"@id":"https:\/\/www.federassantas.org.br\/novosite\/instituto-mario-penna-entra-em-campo-em-apoio-ao-dia-mundial-contra-o-cancer\/#breadcrumb"},"inLanguage":"pt-BR","potentialAction":[{"@type":"ReadAction","target":["https:\/\/www.federassantas.org.br\/novosite\/instituto-mario-penna-entra-em-campo-em-apoio-ao-dia-mundial-contra-o-cancer\/"]}]},{"@type":"ImageObject","inLanguage":"pt-BR","@id":"https:\/\/www.federassantas.org.br\/novosite\/instituto-mario-penna-entra-em-campo-em-apoio-ao-dia-mundial-contra-o-cancer\/#primaryimage","url":"https:\/\/www.federassantas.org.br\/novosite\/wp-content\/uploads\/2022\/02\/campo-2-scaled-1.jpg","contentUrl":"https:\/\/www.federassantas.org.br\/novosite\/wp-content\/uploads\/2022\/02\/campo-2-scaled-1.jpg","width":2560,"height":2008},{"@type":"BreadcrumbList","@id":"https:\/\/www.federassantas.org.br\/novosite\/instituto-mario-penna-entra-em-campo-em-apoio-ao-dia-mundial-contra-o-cancer\/#breadcrumb","itemListElement":[{"@type":"ListItem","position":1,"name":"In\u00edcio","item":"https:\/\/www.federassantas.org.br\/novosite\/"},{"@type":"ListItem","position":2,"name":"Instituto M\u00e1rio Penna entra em campo em apoio ao Dia Mundial Contra o C\u00e2ncer"}]},{"@type":"WebSite","@id":"https:\/\/www.federassantas.org.br\/novosite\/#website","url":"https:\/\/www.federassantas.org.br\/novosite\/","name":"Federassantas","description":"Fed. das Santas Casas e Hospitais Filantr\u00f3picos de MG","publisher":{"@id":"https:\/\/www.federassantas.org.br\/novosite\/#organization"},"potentialAction":[{"@type":"SearchAction","target":{"@type":"EntryPoint","urlTemplate":"https:\/\/www.federassantas.org.br\/novosite\/?s={search_term_string}"},"query-input":{"@type":"PropertyValueSpecification","valueRequired":true,"valueName":"search_term_string"}}],"inLanguage":"pt-BR"},{"@type":"Organization","@id":"https:\/\/www.federassantas.org.br\/novosite\/#organization","name":"Federassantas","url":"https:\/\/www.federassantas.org.br\/novosite\/","logo":{"@type":"ImageObject","inLanguage":"pt-BR","@id":"https:\/\/www.federassantas.org.br\/novosite\/#\/schema\/logo\/image\/","url":"https:\/\/www.federassantas.org.br\/novosite\/wp-content\/uploads\/2021\/12\/logo.png","contentUrl":"https:\/\/www.federassantas.org.br\/novosite\/wp-content\/uploads\/2021\/12\/logo.png","width":243,"height":59,"caption":"Federassantas"},"image":{"@id":"https:\/\/www.federassantas.org.br\/novosite\/#\/schema\/logo\/image\/"}},{"@type":"Person","@id":"https:\/\/www.federassantas.org.br\/novosite\/#\/schema\/person\/75fed98158349313fe56175f232f513c","name":"admin-federas","image":{"@type":"ImageObject","inLanguage":"pt-BR","@id":"https:\/\/www.federassantas.org.br\/novosite\/#\/schema\/person\/image\/","url":"https:\/\/secure.gravatar.com\/avatar\/2a02d7dda59fe8dc6b7ffd3f652e2efede5ccf0dd89dfdc8137c5517f3de8407?s=96&d=mm&r=g","contentUrl":"https:\/\/secure.gravatar.com\/avatar\/2a02d7dda59fe8dc6b7ffd3f652e2efede5ccf0dd89dfdc8137c5517f3de8407?s=96&d=mm&r=g","caption":"admin-federas"},"sameAs":["https:\/\/www.federassantas.org.br\/novosite\/"],"url":"https:\/\/www.federassantas.org.br\/novosite\/author\/admin-federas\/"}]}},"_links":{"self":[{"href":"https:\/\/www.federassantas.org.br\/novosite\/wp-json\/wp\/v2\/posts\/23290","targetHints":{"allow":["GET"]}}],"collection":[{"href":"https:\/\/www.federassantas.org.br\/novosite\/wp-json\/wp\/v2\/posts"}],"about":[{"href":"https:\/\/www.federassantas.org.br\/novosite\/wp-json\/wp\/v2\/types\/post"}],"author":[{"embeddable":true,"href":"https:\/\/www.federassantas.org.br\/novosite\/wp-json\/wp\/v2\/users\/1"}],"replies":[{"embeddable":true,"href":"https:\/\/www.federassantas.org.br\/novosite\/wp-json\/wp\/v2\/comments?post=23290"}],"version-history":[{"count":0,"href":"https:\/\/www.federassantas.org.br\/novosite\/wp-json\/wp\/v2\/posts\/23290\/revisions"}],"wp:featuredmedia":[{"embeddable":true,"href":"https:\/\/www.federassantas.org.br\/novosite\/wp-json\/wp\/v2\/media\/23291"}],"wp:attachment":[{"href":"https:\/\/www.federassantas.org.br\/novosite\/wp-json\/wp\/v2\/media?parent=23290"}],"wp:term":[{"taxonomy":"category","embeddable":true,"href":"https:\/\/www.federassantas.org.br\/novosite\/wp-json\/wp\/v2\/categories?post=23290"},{"taxonomy":"post_tag","embeddable":true,"href":"https:\/\/www.federassantas.org.br\/novosite\/wp-json\/wp\/v2\/tags?post=23290"}],"curies":[{"name":"wp","href":"https:\/\/api.w.org\/{rel}","templated":true}]}}