{"id":23293,"date":"2022-02-07T11:10:26","date_gmt":"2022-02-07T14:10:26","guid":{"rendered":"https:\/\/federasbackup.meltcomunicacao.com.br\/?p=23293"},"modified":"2022-02-07T11:10:26","modified_gmt":"2022-02-07T14:10:26","slug":"santa-casa-de-passos-anuncia-novo-ambulatorio-oncologico-na-cidade-da-saude-e-do-saber","status":"publish","type":"post","link":"https:\/\/www.federassantas.org.br\/novosite\/santa-casa-de-passos-anuncia-novo-ambulatorio-oncologico-na-cidade-da-saude-e-do-saber\/","title":{"rendered":"Santa Casa de Passos anuncia novo ambulat\u00f3rio oncol\u00f3gico na Cidade da Sa\u00fade e do Saber"},"content":{"rendered":"\n<p><em>A unidade de sa\u00fade ir\u00e1 expandir o acesso ao atendimento do Hospital Regional do C\u00e2ncer de Passos, que desde a sua inaugura\u00e7\u00e3o em 2009 j\u00e1 realizou mais de 1 milh\u00e3o de atendimentos<\/em><\/p>\n\n\n\n<p>Ap\u00f3s a inaugura\u00e7\u00e3o de sua 1\u00aa fase em novembro de 2021, o projeto da Cidade da Sa\u00fade e do Saber da Santa Casa de Passos se prepara para receber uma de suas ocupa\u00e7\u00f5es: o ambulat\u00f3rio de atendimento para pacientes oncol\u00f3gicos. Considerada \u201ca cidade das oportunidades\u201d, o projeto inovador localizado em Passos (MG) ser\u00e1 um polo tecnol\u00f3gico, com alto potencial de investimento que transformar\u00e1 a realidade socioecon\u00f4mica do Sul de Minas Gerais.\u00a0A Cidade da Sa\u00fade e do Saber contar\u00e1 ainda com um Centro Comercial e Residencial, Centro de Inova\u00e7\u00e3o e um completo Centro de Aten\u00e7\u00e3o \u00e0 Sa\u00fade.\u00a0O Hospital Regional do C\u00e2ncer de Passos &#8211; HRC, unidade oncol\u00f3gica da Santa Casa, atende hoje mais de 60 munic\u00edpios e realiza em m\u00e9dia 38 mil atendimentos ambulatoriais por ano.\u00a0\u00a0<\/p>\n\n\n\n<p>O Superintendente Geral da Santa Casa de Passos, Daniel Porto Soares, explica a decis\u00e3o de expandir os atendimentos do HRC. \u201cHoje um de nossos maiores desafios \u00e9 a amplia\u00e7\u00e3o do ambulat\u00f3rio oncol\u00f3gico, que apesar de j\u00e1 ter passado por uma amplia\u00e7\u00e3o, sua capacidade lamentavelmente se esgotou com cerca de 10 casos novos de pacientes oncol\u00f3gicos por dia que estamos recebendo\u201d, diz.\u00a0Al\u00e9m disso, o Superintendente explica que a amplia\u00e7\u00e3o da unidade ambulatorial proporcionar\u00e1 a inser\u00e7\u00e3o de novas especialidades m\u00e9dicas e de novos equipamentos.\u00a0Segundo Dr. Vivaldo Soares Neto, Provedor da Santa Casa de Passos, \u201ca diretoria definiu a constru\u00e7\u00e3o da unidade ambulatorial como uma das prioridades de expans\u00e3o da institui\u00e7\u00e3o e o seu projeto deve ser finalizado nos pr\u00f3ximos tr\u00eas meses.\u201d<\/p>\n\n\n\n<figure class=\"wp-block-gallery columns-3 is-cropped wp-block-gallery-1 is-layout-flex wp-block-gallery-is-layout-flex\"><ul class=\"blocks-gallery-grid\"><li class=\"blocks-gallery-item\"><figure><img fetchpriority=\"high\" decoding=\"async\" width=\"1024\" height=\"575\" src=\"http:\/\/federasbackup.meltcomunicacao.com.br\/wp-content\/uploads\/2022\/02\/WhatsApp-Image-2022-02-07-at-10.49.36-1024x575.jpeg\" alt=\"\" data-id=\"23294\" data-full-url=\"http:\/\/federasbackup.meltcomunicacao.com.br\/wp-content\/uploads\/2022\/02\/WhatsApp-Image-2022-02-07-at-10.49.36.jpeg\" data-link=\"https:\/\/federasbackup.meltcomunicacao.com.br\/?attachment_id=23294\" class=\"wp-image-23294\" srcset=\"https:\/\/www.federassantas.org.br\/novosite\/wp-content\/uploads\/2022\/02\/WhatsApp-Image-2022-02-07-at-10.49.36-1024x575.jpeg 1024w, https:\/\/www.federassantas.org.br\/novosite\/wp-content\/uploads\/2022\/02\/WhatsApp-Image-2022-02-07-at-10.49.36-300x169.jpeg 300w, https:\/\/www.federassantas.org.br\/novosite\/wp-content\/uploads\/2022\/02\/WhatsApp-Image-2022-02-07-at-10.49.36-768x431.jpeg 768w, https:\/\/www.federassantas.org.br\/novosite\/wp-content\/uploads\/2022\/02\/WhatsApp-Image-2022-02-07-at-10.49.36.jpeg 1280w\" sizes=\"(max-width: 1024px) 100vw, 1024px\" \/><\/figure><\/li><li class=\"blocks-gallery-item\"><figure><img decoding=\"async\" width=\"1024\" height=\"576\" src=\"http:\/\/federasbackup.meltcomunicacao.com.br\/wp-content\/uploads\/2022\/02\/WhatsApp-Image-2022-02-07-at-10.49.38-1024x576.jpeg\" alt=\"\" data-id=\"23296\" data-full-url=\"http:\/\/federasbackup.meltcomunicacao.com.br\/wp-content\/uploads\/2022\/02\/WhatsApp-Image-2022-02-07-at-10.49.38.jpeg\" data-link=\"https:\/\/federasbackup.meltcomunicacao.com.br\/?attachment_id=23296\" class=\"wp-image-23296\" srcset=\"https:\/\/www.federassantas.org.br\/novosite\/wp-content\/uploads\/2022\/02\/WhatsApp-Image-2022-02-07-at-10.49.38-1024x576.jpeg 1024w, https:\/\/www.federassantas.org.br\/novosite\/wp-content\/uploads\/2022\/02\/WhatsApp-Image-2022-02-07-at-10.49.38-300x169.jpeg 300w, https:\/\/www.federassantas.org.br\/novosite\/wp-content\/uploads\/2022\/02\/WhatsApp-Image-2022-02-07-at-10.49.38-768x432.jpeg 768w, https:\/\/www.federassantas.org.br\/novosite\/wp-content\/uploads\/2022\/02\/WhatsApp-Image-2022-02-07-at-10.49.38.jpeg 1280w\" sizes=\"(max-width: 1024px) 100vw, 1024px\" \/><\/figure><\/li><li class=\"blocks-gallery-item\"><figure><img decoding=\"async\" width=\"1024\" height=\"575\" src=\"http:\/\/federasbackup.meltcomunicacao.com.br\/wp-content\/uploads\/2022\/02\/WhatsApp-Image-2022-02-07-at-10.49.37-1024x575.jpeg\" alt=\"\" data-id=\"23297\" data-full-url=\"http:\/\/federasbackup.meltcomunicacao.com.br\/wp-content\/uploads\/2022\/02\/WhatsApp-Image-2022-02-07-at-10.49.37.jpeg\" data-link=\"https:\/\/federasbackup.meltcomunicacao.com.br\/?attachment_id=23297\" class=\"wp-image-23297\" srcset=\"https:\/\/www.federassantas.org.br\/novosite\/wp-content\/uploads\/2022\/02\/WhatsApp-Image-2022-02-07-at-10.49.37-1024x575.jpeg 1024w, https:\/\/www.federassantas.org.br\/novosite\/wp-content\/uploads\/2022\/02\/WhatsApp-Image-2022-02-07-at-10.49.37-300x169.jpeg 300w, https:\/\/www.federassantas.org.br\/novosite\/wp-content\/uploads\/2022\/02\/WhatsApp-Image-2022-02-07-at-10.49.37-768x431.jpeg 768w, https:\/\/www.federassantas.org.br\/novosite\/wp-content\/uploads\/2022\/02\/WhatsApp-Image-2022-02-07-at-10.49.37.jpeg 1280w\" sizes=\"(max-width: 1024px) 100vw, 1024px\" \/><\/figure><\/li><\/ul><\/figure>\n\n\n\n<p>Por: Comunica\u00e7\u00e3o Santa Casa de Passos<\/p>\n","protected":false},"excerpt":{"rendered":"<p>A unidade de sa\u00fade ir\u00e1 expandir o acesso ao atendimento do Hospital Regional do C\u00e2ncer de Passos, que desde a sua inaugura\u00e7\u00e3o em 2009 j\u00e1 realizou mais de 1 milh\u00e3o de atendimentos Ap\u00f3s a inaugura\u00e7\u00e3o de sua 1\u00aa fase em novembro de 2021, o projeto da Cidade da Sa\u00fade e do Saber da Santa Casa [&hellip;]<\/p>\n","protected":false},"author":1,"featured_media":23295,"comment_status":"open","ping_status":"open","sticky":false,"template":"","format":"standard","meta":{"footnotes":""},"categories":[140,139],"tags":[],"class_list":["post-23293","post","type-post","status-publish","format-standard","has-post-thumbnail","hentry","category-noticias","category-noticias-filiados"],"yoast_head":"<!-- This site is optimized with the Yoast SEO plugin v26.9 - https:\/\/yoast.com\/product\/yoast-seo-wordpress\/ -->\n<title>Santa Casa de Passos anuncia novo ambulat\u00f3rio oncol\u00f3gico na Cidade da Sa\u00fade e do Saber - Federassantas<\/title>\n<meta name=\"robots\" content=\"index, follow, max-snippet:-1, max-image-preview:large, max-video-preview:-1\" \/>\n<link rel=\"canonical\" href=\"https:\/\/www.federassantas.org.br\/novosite\/santa-casa-de-passos-anuncia-novo-ambulatorio-oncologico-na-cidade-da-saude-e-do-saber\/\" \/>\n<meta property=\"og:locale\" content=\"pt_BR\" \/>\n<meta property=\"og:type\" content=\"article\" \/>\n<meta property=\"og:title\" content=\"Santa Casa de Passos anuncia novo ambulat\u00f3rio oncol\u00f3gico na Cidade da Sa\u00fade e do Saber - Federassantas\" \/>\n<meta property=\"og:description\" content=\"A unidade de sa\u00fade ir\u00e1 expandir o acesso ao atendimento do Hospital Regional do C\u00e2ncer de Passos, que desde a sua inaugura\u00e7\u00e3o em 2009 j\u00e1 realizou mais de 1 milh\u00e3o de atendimentos Ap\u00f3s a inaugura\u00e7\u00e3o de sua 1\u00aa fase em novembro de 2021, o projeto da Cidade da Sa\u00fade e do Saber da Santa Casa [&hellip;]\" \/>\n<meta property=\"og:url\" content=\"https:\/\/www.federassantas.org.br\/novosite\/santa-casa-de-passos-anuncia-novo-ambulatorio-oncologico-na-cidade-da-saude-e-do-saber\/\" \/>\n<meta property=\"og:site_name\" content=\"Federassantas\" \/>\n<meta property=\"article:published_time\" content=\"2022-02-07T14:10:26+00:00\" \/>\n<meta property=\"og:image\" content=\"https:\/\/www.federassantas.org.br\/novosite\/wp-content\/uploads\/2022\/02\/WhatsApp-Image-2022-02-07-at-10.49.35.jpeg\" \/>\n\t<meta property=\"og:image:width\" content=\"1280\" \/>\n\t<meta property=\"og:image:height\" content=\"719\" \/>\n\t<meta property=\"og:image:type\" content=\"image\/jpeg\" \/>\n<meta name=\"author\" content=\"admin-federas\" \/>\n<meta name=\"twitter:card\" content=\"summary_large_image\" \/>\n<meta name=\"twitter:label1\" content=\"Escrito por\" \/>\n\t<meta name=\"twitter:data1\" content=\"admin-federas\" \/>\n\t<meta name=\"twitter:label2\" content=\"Est. tempo de leitura\" \/>\n\t<meta name=\"twitter:data2\" content=\"2 minutos\" \/>\n<script type=\"application\/ld+json\" class=\"yoast-schema-graph\">{\"@context\":\"https:\/\/schema.org\",\"@graph\":[{\"@type\":\"Article\",\"@id\":\"https:\/\/www.federassantas.org.br\/novosite\/santa-casa-de-passos-anuncia-novo-ambulatorio-oncologico-na-cidade-da-saude-e-do-saber\/#article\",\"isPartOf\":{\"@id\":\"https:\/\/www.federassantas.org.br\/novosite\/santa-casa-de-passos-anuncia-novo-ambulatorio-oncologico-na-cidade-da-saude-e-do-saber\/\"},\"author\":{\"name\":\"admin-federas\",\"@id\":\"https:\/\/www.federassantas.org.br\/novosite\/#\/schema\/person\/75fed98158349313fe56175f232f513c\"},\"headline\":\"Santa Casa de Passos anuncia novo ambulat\u00f3rio oncol\u00f3gico na Cidade da Sa\u00fade e do Saber\",\"datePublished\":\"2022-02-07T14:10:26+00:00\",\"mainEntityOfPage\":{\"@id\":\"https:\/\/www.federassantas.org.br\/novosite\/santa-casa-de-passos-anuncia-novo-ambulatorio-oncologico-na-cidade-da-saude-e-do-saber\/\"},\"wordCount\":331,\"commentCount\":0,\"publisher\":{\"@id\":\"https:\/\/www.federassantas.org.br\/novosite\/#organization\"},\"image\":{\"@id\":\"https:\/\/www.federassantas.org.br\/novosite\/santa-casa-de-passos-anuncia-novo-ambulatorio-oncologico-na-cidade-da-saude-e-do-saber\/#primaryimage\"},\"thumbnailUrl\":\"https:\/\/www.federassantas.org.br\/novosite\/wp-content\/uploads\/2022\/02\/WhatsApp-Image-2022-02-07-at-10.49.35.jpeg\",\"articleSection\":[\"Not\u00edcias\",\"Not\u00edcias filiados\"],\"inLanguage\":\"pt-BR\",\"potentialAction\":[{\"@type\":\"CommentAction\",\"name\":\"Comment\",\"target\":[\"https:\/\/www.federassantas.org.br\/novosite\/santa-casa-de-passos-anuncia-novo-ambulatorio-oncologico-na-cidade-da-saude-e-do-saber\/#respond\"]}]},{\"@type\":\"WebPage\",\"@id\":\"https:\/\/www.federassantas.org.br\/novosite\/santa-casa-de-passos-anuncia-novo-ambulatorio-oncologico-na-cidade-da-saude-e-do-saber\/\",\"url\":\"https:\/\/www.federassantas.org.br\/novosite\/santa-casa-de-passos-anuncia-novo-ambulatorio-oncologico-na-cidade-da-saude-e-do-saber\/\",\"name\":\"Santa Casa de Passos anuncia novo ambulat\u00f3rio oncol\u00f3gico na Cidade da Sa\u00fade e do Saber - Federassantas\",\"isPartOf\":{\"@id\":\"https:\/\/www.federassantas.org.br\/novosite\/#website\"},\"primaryImageOfPage\":{\"@id\":\"https:\/\/www.federassantas.org.br\/novosite\/santa-casa-de-passos-anuncia-novo-ambulatorio-oncologico-na-cidade-da-saude-e-do-saber\/#primaryimage\"},\"image\":{\"@id\":\"https:\/\/www.federassantas.org.br\/novosite\/santa-casa-de-passos-anuncia-novo-ambulatorio-oncologico-na-cidade-da-saude-e-do-saber\/#primaryimage\"},\"thumbnailUrl\":\"https:\/\/www.federassantas.org.br\/novosite\/wp-content\/uploads\/2022\/02\/WhatsApp-Image-2022-02-07-at-10.49.35.jpeg\",\"datePublished\":\"2022-02-07T14:10:26+00:00\",\"breadcrumb\":{\"@id\":\"https:\/\/www.federassantas.org.br\/novosite\/santa-casa-de-passos-anuncia-novo-ambulatorio-oncologico-na-cidade-da-saude-e-do-saber\/#breadcrumb\"},\"inLanguage\":\"pt-BR\",\"potentialAction\":[{\"@type\":\"ReadAction\",\"target\":[\"https:\/\/www.federassantas.org.br\/novosite\/santa-casa-de-passos-anuncia-novo-ambulatorio-oncologico-na-cidade-da-saude-e-do-saber\/\"]}]},{\"@type\":\"ImageObject\",\"inLanguage\":\"pt-BR\",\"@id\":\"https:\/\/www.federassantas.org.br\/novosite\/santa-casa-de-passos-anuncia-novo-ambulatorio-oncologico-na-cidade-da-saude-e-do-saber\/#primaryimage\",\"url\":\"https:\/\/www.federassantas.org.br\/novosite\/wp-content\/uploads\/2022\/02\/WhatsApp-Image-2022-02-07-at-10.49.35.jpeg\",\"contentUrl\":\"https:\/\/www.federassantas.org.br\/novosite\/wp-content\/uploads\/2022\/02\/WhatsApp-Image-2022-02-07-at-10.49.35.jpeg\",\"width\":1280,\"height\":719},{\"@type\":\"BreadcrumbList\",\"@id\":\"https:\/\/www.federassantas.org.br\/novosite\/santa-casa-de-passos-anuncia-novo-ambulatorio-oncologico-na-cidade-da-saude-e-do-saber\/#breadcrumb\",\"itemListElement\":[{\"@type\":\"ListItem\",\"position\":1,\"name\":\"In\u00edcio\",\"item\":\"https:\/\/www.federassantas.org.br\/novosite\/\"},{\"@type\":\"ListItem\",\"position\":2,\"name\":\"Santa Casa de Passos anuncia novo ambulat\u00f3rio oncol\u00f3gico na Cidade da Sa\u00fade e do Saber\"}]},{\"@type\":\"WebSite\",\"@id\":\"https:\/\/www.federassantas.org.br\/novosite\/#website\",\"url\":\"https:\/\/www.federassantas.org.br\/novosite\/\",\"name\":\"Federassantas\",\"description\":\"Fed. das Santas Casas e Hospitais Filantr\u00f3picos de MG\",\"publisher\":{\"@id\":\"https:\/\/www.federassantas.org.br\/novosite\/#organization\"},\"potentialAction\":[{\"@type\":\"SearchAction\",\"target\":{\"@type\":\"EntryPoint\",\"urlTemplate\":\"https:\/\/www.federassantas.org.br\/novosite\/?s={search_term_string}\"},\"query-input\":{\"@type\":\"PropertyValueSpecification\",\"valueRequired\":true,\"valueName\":\"search_term_string\"}}],\"inLanguage\":\"pt-BR\"},{\"@type\":\"Organization\",\"@id\":\"https:\/\/www.federassantas.org.br\/novosite\/#organization\",\"name\":\"Federassantas\",\"url\":\"https:\/\/www.federassantas.org.br\/novosite\/\",\"logo\":{\"@type\":\"ImageObject\",\"inLanguage\":\"pt-BR\",\"@id\":\"https:\/\/www.federassantas.org.br\/novosite\/#\/schema\/logo\/image\/\",\"url\":\"https:\/\/www.federassantas.org.br\/novosite\/wp-content\/uploads\/2021\/12\/logo.png\",\"contentUrl\":\"https:\/\/www.federassantas.org.br\/novosite\/wp-content\/uploads\/2021\/12\/logo.png\",\"width\":243,\"height\":59,\"caption\":\"Federassantas\"},\"image\":{\"@id\":\"https:\/\/www.federassantas.org.br\/novosite\/#\/schema\/logo\/image\/\"}},{\"@type\":\"Person\",\"@id\":\"https:\/\/www.federassantas.org.br\/novosite\/#\/schema\/person\/75fed98158349313fe56175f232f513c\",\"name\":\"admin-federas\",\"image\":{\"@type\":\"ImageObject\",\"inLanguage\":\"pt-BR\",\"@id\":\"https:\/\/www.federassantas.org.br\/novosite\/#\/schema\/person\/image\/\",\"url\":\"https:\/\/secure.gravatar.com\/avatar\/2a02d7dda59fe8dc6b7ffd3f652e2efede5ccf0dd89dfdc8137c5517f3de8407?s=96&d=mm&r=g\",\"contentUrl\":\"https:\/\/secure.gravatar.com\/avatar\/2a02d7dda59fe8dc6b7ffd3f652e2efede5ccf0dd89dfdc8137c5517f3de8407?s=96&d=mm&r=g\",\"caption\":\"admin-federas\"},\"sameAs\":[\"https:\/\/www.federassantas.org.br\/novosite\/\"],\"url\":\"https:\/\/www.federassantas.org.br\/novosite\/author\/admin-federas\/\"}]}<\/script>\n<!-- \/ Yoast SEO plugin. -->","yoast_head_json":{"title":"Santa Casa de Passos anuncia novo ambulat\u00f3rio oncol\u00f3gico na Cidade da Sa\u00fade e do Saber - Federassantas","robots":{"index":"index","follow":"follow","max-snippet":"max-snippet:-1","max-image-preview":"max-image-preview:large","max-video-preview":"max-video-preview:-1"},"canonical":"https:\/\/www.federassantas.org.br\/novosite\/santa-casa-de-passos-anuncia-novo-ambulatorio-oncologico-na-cidade-da-saude-e-do-saber\/","og_locale":"pt_BR","og_type":"article","og_title":"Santa Casa de Passos anuncia novo ambulat\u00f3rio oncol\u00f3gico na Cidade da Sa\u00fade e do Saber - Federassantas","og_description":"A unidade de sa\u00fade ir\u00e1 expandir o acesso ao atendimento do Hospital Regional do C\u00e2ncer de Passos, que desde a sua inaugura\u00e7\u00e3o em 2009 j\u00e1 realizou mais de 1 milh\u00e3o de atendimentos Ap\u00f3s a inaugura\u00e7\u00e3o de sua 1\u00aa fase em novembro de 2021, o projeto da Cidade da Sa\u00fade e do Saber da Santa Casa [&hellip;]","og_url":"https:\/\/www.federassantas.org.br\/novosite\/santa-casa-de-passos-anuncia-novo-ambulatorio-oncologico-na-cidade-da-saude-e-do-saber\/","og_site_name":"Federassantas","article_published_time":"2022-02-07T14:10:26+00:00","og_image":[{"width":1280,"height":719,"url":"https:\/\/www.federassantas.org.br\/novosite\/wp-content\/uploads\/2022\/02\/WhatsApp-Image-2022-02-07-at-10.49.35.jpeg","type":"image\/jpeg"}],"author":"admin-federas","twitter_card":"summary_large_image","twitter_misc":{"Escrito por":"admin-federas","Est. tempo de leitura":"2 minutos"},"schema":{"@context":"https:\/\/schema.org","@graph":[{"@type":"Article","@id":"https:\/\/www.federassantas.org.br\/novosite\/santa-casa-de-passos-anuncia-novo-ambulatorio-oncologico-na-cidade-da-saude-e-do-saber\/#article","isPartOf":{"@id":"https:\/\/www.federassantas.org.br\/novosite\/santa-casa-de-passos-anuncia-novo-ambulatorio-oncologico-na-cidade-da-saude-e-do-saber\/"},"author":{"name":"admin-federas","@id":"https:\/\/www.federassantas.org.br\/novosite\/#\/schema\/person\/75fed98158349313fe56175f232f513c"},"headline":"Santa Casa de Passos anuncia novo ambulat\u00f3rio oncol\u00f3gico na Cidade da Sa\u00fade e do Saber","datePublished":"2022-02-07T14:10:26+00:00","mainEntityOfPage":{"@id":"https:\/\/www.federassantas.org.br\/novosite\/santa-casa-de-passos-anuncia-novo-ambulatorio-oncologico-na-cidade-da-saude-e-do-saber\/"},"wordCount":331,"commentCount":0,"publisher":{"@id":"https:\/\/www.federassantas.org.br\/novosite\/#organization"},"image":{"@id":"https:\/\/www.federassantas.org.br\/novosite\/santa-casa-de-passos-anuncia-novo-ambulatorio-oncologico-na-cidade-da-saude-e-do-saber\/#primaryimage"},"thumbnailUrl":"https:\/\/www.federassantas.org.br\/novosite\/wp-content\/uploads\/2022\/02\/WhatsApp-Image-2022-02-07-at-10.49.35.jpeg","articleSection":["Not\u00edcias","Not\u00edcias filiados"],"inLanguage":"pt-BR","potentialAction":[{"@type":"CommentAction","name":"Comment","target":["https:\/\/www.federassantas.org.br\/novosite\/santa-casa-de-passos-anuncia-novo-ambulatorio-oncologico-na-cidade-da-saude-e-do-saber\/#respond"]}]},{"@type":"WebPage","@id":"https:\/\/www.federassantas.org.br\/novosite\/santa-casa-de-passos-anuncia-novo-ambulatorio-oncologico-na-cidade-da-saude-e-do-saber\/","url":"https:\/\/www.federassantas.org.br\/novosite\/santa-casa-de-passos-anuncia-novo-ambulatorio-oncologico-na-cidade-da-saude-e-do-saber\/","name":"Santa Casa de Passos anuncia novo ambulat\u00f3rio oncol\u00f3gico na Cidade da Sa\u00fade e do Saber - Federassantas","isPartOf":{"@id":"https:\/\/www.federassantas.org.br\/novosite\/#website"},"primaryImageOfPage":{"@id":"https:\/\/www.federassantas.org.br\/novosite\/santa-casa-de-passos-anuncia-novo-ambulatorio-oncologico-na-cidade-da-saude-e-do-saber\/#primaryimage"},"image":{"@id":"https:\/\/www.federassantas.org.br\/novosite\/santa-casa-de-passos-anuncia-novo-ambulatorio-oncologico-na-cidade-da-saude-e-do-saber\/#primaryimage"},"thumbnailUrl":"https:\/\/www.federassantas.org.br\/novosite\/wp-content\/uploads\/2022\/02\/WhatsApp-Image-2022-02-07-at-10.49.35.jpeg","datePublished":"2022-02-07T14:10:26+00:00","breadcrumb":{"@id":"https:\/\/www.federassantas.org.br\/novosite\/santa-casa-de-passos-anuncia-novo-ambulatorio-oncologico-na-cidade-da-saude-e-do-saber\/#breadcrumb"},"inLanguage":"pt-BR","potentialAction":[{"@type":"ReadAction","target":["https:\/\/www.federassantas.org.br\/novosite\/santa-casa-de-passos-anuncia-novo-ambulatorio-oncologico-na-cidade-da-saude-e-do-saber\/"]}]},{"@type":"ImageObject","inLanguage":"pt-BR","@id":"https:\/\/www.federassantas.org.br\/novosite\/santa-casa-de-passos-anuncia-novo-ambulatorio-oncologico-na-cidade-da-saude-e-do-saber\/#primaryimage","url":"https:\/\/www.federassantas.org.br\/novosite\/wp-content\/uploads\/2022\/02\/WhatsApp-Image-2022-02-07-at-10.49.35.jpeg","contentUrl":"https:\/\/www.federassantas.org.br\/novosite\/wp-content\/uploads\/2022\/02\/WhatsApp-Image-2022-02-07-at-10.49.35.jpeg","width":1280,"height":719},{"@type":"BreadcrumbList","@id":"https:\/\/www.federassantas.org.br\/novosite\/santa-casa-de-passos-anuncia-novo-ambulatorio-oncologico-na-cidade-da-saude-e-do-saber\/#breadcrumb","itemListElement":[{"@type":"ListItem","position":1,"name":"In\u00edcio","item":"https:\/\/www.federassantas.org.br\/novosite\/"},{"@type":"ListItem","position":2,"name":"Santa Casa de Passos anuncia novo ambulat\u00f3rio oncol\u00f3gico na Cidade da Sa\u00fade e do Saber"}]},{"@type":"WebSite","@id":"https:\/\/www.federassantas.org.br\/novosite\/#website","url":"https:\/\/www.federassantas.org.br\/novosite\/","name":"Federassantas","description":"Fed. das Santas Casas e Hospitais Filantr\u00f3picos de MG","publisher":{"@id":"https:\/\/www.federassantas.org.br\/novosite\/#organization"},"potentialAction":[{"@type":"SearchAction","target":{"@type":"EntryPoint","urlTemplate":"https:\/\/www.federassantas.org.br\/novosite\/?s={search_term_string}"},"query-input":{"@type":"PropertyValueSpecification","valueRequired":true,"valueName":"search_term_string"}}],"inLanguage":"pt-BR"},{"@type":"Organization","@id":"https:\/\/www.federassantas.org.br\/novosite\/#organization","name":"Federassantas","url":"https:\/\/www.federassantas.org.br\/novosite\/","logo":{"@type":"ImageObject","inLanguage":"pt-BR","@id":"https:\/\/www.federassantas.org.br\/novosite\/#\/schema\/logo\/image\/","url":"https:\/\/www.federassantas.org.br\/novosite\/wp-content\/uploads\/2021\/12\/logo.png","contentUrl":"https:\/\/www.federassantas.org.br\/novosite\/wp-content\/uploads\/2021\/12\/logo.png","width":243,"height":59,"caption":"Federassantas"},"image":{"@id":"https:\/\/www.federassantas.org.br\/novosite\/#\/schema\/logo\/image\/"}},{"@type":"Person","@id":"https:\/\/www.federassantas.org.br\/novosite\/#\/schema\/person\/75fed98158349313fe56175f232f513c","name":"admin-federas","image":{"@type":"ImageObject","inLanguage":"pt-BR","@id":"https:\/\/www.federassantas.org.br\/novosite\/#\/schema\/person\/image\/","url":"https:\/\/secure.gravatar.com\/avatar\/2a02d7dda59fe8dc6b7ffd3f652e2efede5ccf0dd89dfdc8137c5517f3de8407?s=96&d=mm&r=g","contentUrl":"https:\/\/secure.gravatar.com\/avatar\/2a02d7dda59fe8dc6b7ffd3f652e2efede5ccf0dd89dfdc8137c5517f3de8407?s=96&d=mm&r=g","caption":"admin-federas"},"sameAs":["https:\/\/www.federassantas.org.br\/novosite\/"],"url":"https:\/\/www.federassantas.org.br\/novosite\/author\/admin-federas\/"}]}},"_links":{"self":[{"href":"https:\/\/www.federassantas.org.br\/novosite\/wp-json\/wp\/v2\/posts\/23293","targetHints":{"allow":["GET"]}}],"collection":[{"href":"https:\/\/www.federassantas.org.br\/novosite\/wp-json\/wp\/v2\/posts"}],"about":[{"href":"https:\/\/www.federassantas.org.br\/novosite\/wp-json\/wp\/v2\/types\/post"}],"author":[{"embeddable":true,"href":"https:\/\/www.federassantas.org.br\/novosite\/wp-json\/wp\/v2\/users\/1"}],"replies":[{"embeddable":true,"href":"https:\/\/www.federassantas.org.br\/novosite\/wp-json\/wp\/v2\/comments?post=23293"}],"version-history":[{"count":0,"href":"https:\/\/www.federassantas.org.br\/novosite\/wp-json\/wp\/v2\/posts\/23293\/revisions"}],"wp:featuredmedia":[{"embeddable":true,"href":"https:\/\/www.federassantas.org.br\/novosite\/wp-json\/wp\/v2\/media\/23295"}],"wp:attachment":[{"href":"https:\/\/www.federassantas.org.br\/novosite\/wp-json\/wp\/v2\/media?parent=23293"}],"wp:term":[{"taxonomy":"category","embeddable":true,"href":"https:\/\/www.federassantas.org.br\/novosite\/wp-json\/wp\/v2\/categories?post=23293"},{"taxonomy":"post_tag","embeddable":true,"href":"https:\/\/www.federassantas.org.br\/novosite\/wp-json\/wp\/v2\/tags?post=23293"}],"curies":[{"name":"wp","href":"https:\/\/api.w.org\/{rel}","templated":true}]}}