{"id":23300,"date":"2022-02-08T09:20:25","date_gmt":"2022-02-08T12:20:25","guid":{"rendered":"https:\/\/federasbackup.meltcomunicacao.com.br\/?p=23300"},"modified":"2022-02-08T09:20:25","modified_gmt":"2022-02-08T12:20:25","slug":"onze-criancas-morreram-de-covid-19-em-minas-gerais-neste-ano-diz-governo","status":"publish","type":"post","link":"https:\/\/www.federassantas.org.br\/novosite\/onze-criancas-morreram-de-covid-19-em-minas-gerais-neste-ano-diz-governo\/","title":{"rendered":"Onze crian\u00e7as morreram de Covid-19 em Minas Gerais neste ano, diz governo"},"content":{"rendered":"\n<p><em>A maioria n\u00e3o tinha comorbidades. Entre elas est\u00e1 um beb\u00ea de Belo Horizonte.<\/em><\/p>\n\n\n\n<p>Onze crian\u00e7as j\u00e1 morreram com Covid-19 em Minas Gerais neste ano. Destas, seis eram beb\u00eas. Os dados s\u00e3o da Secretaria de Estado de Sa\u00fade (SES) e mostram que a maioria n\u00e3o tinha comorbidades. Entre as v\u00edtimas est\u00e1\u00a0<a href=\"https:\/\/g1.globo.com\/mg\/minas-gerais\/noticia\/2022\/02\/05\/belo-horizonte-confirma-morte-de-bebe-menor-de-1-ano-por-covid-19.ghtml\">um menino com menos de um ano, sem comorbidades<\/a>, que morava em Belo Horizonte. Ele foi internado no dia 11 de janeiro de 2022 e morreu 20 dias depois.<\/p>\n\n\n\n<p>Tamb\u00e9m h\u00e1 \u00f3bitos registrados nas cidades de Al\u00e9m Para\u00edba, Bert\u00f3polis, Extrema, Ipaba, Ipanema, Manhua\u00e7u, Pouso Alegre, Resplendor, Ribeir\u00e3o das Neves e Sete Lagoas. As 11 crian\u00e7as chegaram a ficar internadas, sendo oito em leitos de Unidade de Terapia Intensiva (UTI). Sete eram meninas e quatro, meninos. As idades v\u00e3o de 0 a 10 anos.<\/p>\n\n\n\n<p>De todas as v\u00edtimas, 73% n\u00e3o tinham comorbidades.<\/p>\n\n\n\n<p><\/p>\n\n\n\n<p>Por <a href=\"https:\/\/g1.globo.com\/mg\/minas-gerais\/noticia\/2022\/02\/07\/onze-criancas-morreram-de-covid-19-em-minas-gerais-neste-ano-diz-governo.ghtml\" target=\"_blank\" rel=\"noreferrer noopener\">Por Tha\u00eds Leoc\u00e1dio, TV Globo<\/a><\/p>\n","protected":false},"excerpt":{"rendered":"<p>A maioria n\u00e3o tinha comorbidades. Entre elas est\u00e1 um beb\u00ea de Belo Horizonte. Onze crian\u00e7as j\u00e1 morreram com Covid-19 em Minas Gerais neste ano. Destas, seis eram beb\u00eas. Os dados s\u00e3o da Secretaria de Estado de Sa\u00fade (SES) e mostram que a maioria n\u00e3o tinha comorbidades. Entre as v\u00edtimas est\u00e1\u00a0um menino com menos de um [&hellip;]<\/p>\n","protected":false},"author":1,"featured_media":23301,"comment_status":"open","ping_status":"open","sticky":false,"template":"","format":"standard","meta":{"footnotes":""},"categories":[140],"tags":[],"class_list":["post-23300","post","type-post","status-publish","format-standard","has-post-thumbnail","hentry","category-noticias"],"yoast_head":"<!-- This site is optimized with the Yoast SEO plugin v26.9 - https:\/\/yoast.com\/product\/yoast-seo-wordpress\/ -->\n<title>Onze crian\u00e7as morreram de Covid-19 em Minas Gerais neste ano, diz governo - Federassantas<\/title>\n<meta name=\"robots\" content=\"index, follow, max-snippet:-1, max-image-preview:large, max-video-preview:-1\" \/>\n<link rel=\"canonical\" href=\"https:\/\/www.federassantas.org.br\/novosite\/onze-criancas-morreram-de-covid-19-em-minas-gerais-neste-ano-diz-governo\/\" \/>\n<meta property=\"og:locale\" content=\"pt_BR\" \/>\n<meta property=\"og:type\" content=\"article\" \/>\n<meta property=\"og:title\" content=\"Onze crian\u00e7as morreram de Covid-19 em Minas Gerais neste ano, diz governo - Federassantas\" \/>\n<meta property=\"og:description\" content=\"A maioria n\u00e3o tinha comorbidades. Entre elas est\u00e1 um beb\u00ea de Belo Horizonte. Onze crian\u00e7as j\u00e1 morreram com Covid-19 em Minas Gerais neste ano. Destas, seis eram beb\u00eas. Os dados s\u00e3o da Secretaria de Estado de Sa\u00fade (SES) e mostram que a maioria n\u00e3o tinha comorbidades. Entre as v\u00edtimas est\u00e1\u00a0um menino com menos de um [&hellip;]\" \/>\n<meta property=\"og:url\" content=\"https:\/\/www.federassantas.org.br\/novosite\/onze-criancas-morreram-de-covid-19-em-minas-gerais-neste-ano-diz-governo\/\" \/>\n<meta property=\"og:site_name\" content=\"Federassantas\" \/>\n<meta property=\"article:published_time\" content=\"2022-02-08T12:20:25+00:00\" \/>\n<meta name=\"author\" content=\"admin-federas\" \/>\n<meta name=\"twitter:card\" content=\"summary_large_image\" \/>\n<meta name=\"twitter:label1\" content=\"Escrito por\" \/>\n\t<meta name=\"twitter:data1\" content=\"admin-federas\" \/>\n\t<meta name=\"twitter:label2\" content=\"Est. tempo de leitura\" \/>\n\t<meta name=\"twitter:data2\" content=\"1 minuto\" \/>\n<script type=\"application\/ld+json\" class=\"yoast-schema-graph\">{\"@context\":\"https:\/\/schema.org\",\"@graph\":[{\"@type\":\"Article\",\"@id\":\"https:\/\/www.federassantas.org.br\/novosite\/onze-criancas-morreram-de-covid-19-em-minas-gerais-neste-ano-diz-governo\/#article\",\"isPartOf\":{\"@id\":\"https:\/\/www.federassantas.org.br\/novosite\/onze-criancas-morreram-de-covid-19-em-minas-gerais-neste-ano-diz-governo\/\"},\"author\":{\"name\":\"admin-federas\",\"@id\":\"https:\/\/www.federassantas.org.br\/novosite\/#\/schema\/person\/75fed98158349313fe56175f232f513c\"},\"headline\":\"Onze crian\u00e7as morreram de Covid-19 em Minas Gerais neste ano, diz governo\",\"datePublished\":\"2022-02-08T12:20:25+00:00\",\"mainEntityOfPage\":{\"@id\":\"https:\/\/www.federassantas.org.br\/novosite\/onze-criancas-morreram-de-covid-19-em-minas-gerais-neste-ano-diz-governo\/\"},\"wordCount\":172,\"commentCount\":0,\"publisher\":{\"@id\":\"https:\/\/www.federassantas.org.br\/novosite\/#organization\"},\"image\":{\"@id\":\"https:\/\/www.federassantas.org.br\/novosite\/onze-criancas-morreram-de-covid-19-em-minas-gerais-neste-ano-diz-governo\/#primaryimage\"},\"thumbnailUrl\":\"\",\"articleSection\":[\"Not\u00edcias\"],\"inLanguage\":\"pt-BR\",\"potentialAction\":[{\"@type\":\"CommentAction\",\"name\":\"Comment\",\"target\":[\"https:\/\/www.federassantas.org.br\/novosite\/onze-criancas-morreram-de-covid-19-em-minas-gerais-neste-ano-diz-governo\/#respond\"]}]},{\"@type\":\"WebPage\",\"@id\":\"https:\/\/www.federassantas.org.br\/novosite\/onze-criancas-morreram-de-covid-19-em-minas-gerais-neste-ano-diz-governo\/\",\"url\":\"https:\/\/www.federassantas.org.br\/novosite\/onze-criancas-morreram-de-covid-19-em-minas-gerais-neste-ano-diz-governo\/\",\"name\":\"Onze crian\u00e7as morreram de Covid-19 em Minas Gerais neste ano, diz governo - Federassantas\",\"isPartOf\":{\"@id\":\"https:\/\/www.federassantas.org.br\/novosite\/#website\"},\"primaryImageOfPage\":{\"@id\":\"https:\/\/www.federassantas.org.br\/novosite\/onze-criancas-morreram-de-covid-19-em-minas-gerais-neste-ano-diz-governo\/#primaryimage\"},\"image\":{\"@id\":\"https:\/\/www.federassantas.org.br\/novosite\/onze-criancas-morreram-de-covid-19-em-minas-gerais-neste-ano-diz-governo\/#primaryimage\"},\"thumbnailUrl\":\"\",\"datePublished\":\"2022-02-08T12:20:25+00:00\",\"breadcrumb\":{\"@id\":\"https:\/\/www.federassantas.org.br\/novosite\/onze-criancas-morreram-de-covid-19-em-minas-gerais-neste-ano-diz-governo\/#breadcrumb\"},\"inLanguage\":\"pt-BR\",\"potentialAction\":[{\"@type\":\"ReadAction\",\"target\":[\"https:\/\/www.federassantas.org.br\/novosite\/onze-criancas-morreram-de-covid-19-em-minas-gerais-neste-ano-diz-governo\/\"]}]},{\"@type\":\"ImageObject\",\"inLanguage\":\"pt-BR\",\"@id\":\"https:\/\/www.federassantas.org.br\/novosite\/onze-criancas-morreram-de-covid-19-em-minas-gerais-neste-ano-diz-governo\/#primaryimage\",\"url\":\"\",\"contentUrl\":\"\"},{\"@type\":\"BreadcrumbList\",\"@id\":\"https:\/\/www.federassantas.org.br\/novosite\/onze-criancas-morreram-de-covid-19-em-minas-gerais-neste-ano-diz-governo\/#breadcrumb\",\"itemListElement\":[{\"@type\":\"ListItem\",\"position\":1,\"name\":\"In\u00edcio\",\"item\":\"https:\/\/www.federassantas.org.br\/novosite\/\"},{\"@type\":\"ListItem\",\"position\":2,\"name\":\"Onze crian\u00e7as morreram de Covid-19 em Minas Gerais neste ano, diz governo\"}]},{\"@type\":\"WebSite\",\"@id\":\"https:\/\/www.federassantas.org.br\/novosite\/#website\",\"url\":\"https:\/\/www.federassantas.org.br\/novosite\/\",\"name\":\"Federassantas\",\"description\":\"Fed. das Santas Casas e Hospitais Filantr\u00f3picos de MG\",\"publisher\":{\"@id\":\"https:\/\/www.federassantas.org.br\/novosite\/#organization\"},\"potentialAction\":[{\"@type\":\"SearchAction\",\"target\":{\"@type\":\"EntryPoint\",\"urlTemplate\":\"https:\/\/www.federassantas.org.br\/novosite\/?s={search_term_string}\"},\"query-input\":{\"@type\":\"PropertyValueSpecification\",\"valueRequired\":true,\"valueName\":\"search_term_string\"}}],\"inLanguage\":\"pt-BR\"},{\"@type\":\"Organization\",\"@id\":\"https:\/\/www.federassantas.org.br\/novosite\/#organization\",\"name\":\"Federassantas\",\"url\":\"https:\/\/www.federassantas.org.br\/novosite\/\",\"logo\":{\"@type\":\"ImageObject\",\"inLanguage\":\"pt-BR\",\"@id\":\"https:\/\/www.federassantas.org.br\/novosite\/#\/schema\/logo\/image\/\",\"url\":\"https:\/\/www.federassantas.org.br\/novosite\/wp-content\/uploads\/2021\/12\/logo.png\",\"contentUrl\":\"https:\/\/www.federassantas.org.br\/novosite\/wp-content\/uploads\/2021\/12\/logo.png\",\"width\":243,\"height\":59,\"caption\":\"Federassantas\"},\"image\":{\"@id\":\"https:\/\/www.federassantas.org.br\/novosite\/#\/schema\/logo\/image\/\"}},{\"@type\":\"Person\",\"@id\":\"https:\/\/www.federassantas.org.br\/novosite\/#\/schema\/person\/75fed98158349313fe56175f232f513c\",\"name\":\"admin-federas\",\"image\":{\"@type\":\"ImageObject\",\"inLanguage\":\"pt-BR\",\"@id\":\"https:\/\/www.federassantas.org.br\/novosite\/#\/schema\/person\/image\/\",\"url\":\"https:\/\/secure.gravatar.com\/avatar\/2a02d7dda59fe8dc6b7ffd3f652e2efede5ccf0dd89dfdc8137c5517f3de8407?s=96&d=mm&r=g\",\"contentUrl\":\"https:\/\/secure.gravatar.com\/avatar\/2a02d7dda59fe8dc6b7ffd3f652e2efede5ccf0dd89dfdc8137c5517f3de8407?s=96&d=mm&r=g\",\"caption\":\"admin-federas\"},\"sameAs\":[\"https:\/\/www.federassantas.org.br\/novosite\/\"],\"url\":\"https:\/\/www.federassantas.org.br\/novosite\/author\/admin-federas\/\"}]}<\/script>\n<!-- \/ Yoast SEO plugin. -->","yoast_head_json":{"title":"Onze crian\u00e7as morreram de Covid-19 em Minas Gerais neste ano, diz governo - Federassantas","robots":{"index":"index","follow":"follow","max-snippet":"max-snippet:-1","max-image-preview":"max-image-preview:large","max-video-preview":"max-video-preview:-1"},"canonical":"https:\/\/www.federassantas.org.br\/novosite\/onze-criancas-morreram-de-covid-19-em-minas-gerais-neste-ano-diz-governo\/","og_locale":"pt_BR","og_type":"article","og_title":"Onze crian\u00e7as morreram de Covid-19 em Minas Gerais neste ano, diz governo - Federassantas","og_description":"A maioria n\u00e3o tinha comorbidades. Entre elas est\u00e1 um beb\u00ea de Belo Horizonte. Onze crian\u00e7as j\u00e1 morreram com Covid-19 em Minas Gerais neste ano. Destas, seis eram beb\u00eas. Os dados s\u00e3o da Secretaria de Estado de Sa\u00fade (SES) e mostram que a maioria n\u00e3o tinha comorbidades. Entre as v\u00edtimas est\u00e1\u00a0um menino com menos de um [&hellip;]","og_url":"https:\/\/www.federassantas.org.br\/novosite\/onze-criancas-morreram-de-covid-19-em-minas-gerais-neste-ano-diz-governo\/","og_site_name":"Federassantas","article_published_time":"2022-02-08T12:20:25+00:00","author":"admin-federas","twitter_card":"summary_large_image","twitter_misc":{"Escrito por":"admin-federas","Est. tempo de leitura":"1 minuto"},"schema":{"@context":"https:\/\/schema.org","@graph":[{"@type":"Article","@id":"https:\/\/www.federassantas.org.br\/novosite\/onze-criancas-morreram-de-covid-19-em-minas-gerais-neste-ano-diz-governo\/#article","isPartOf":{"@id":"https:\/\/www.federassantas.org.br\/novosite\/onze-criancas-morreram-de-covid-19-em-minas-gerais-neste-ano-diz-governo\/"},"author":{"name":"admin-federas","@id":"https:\/\/www.federassantas.org.br\/novosite\/#\/schema\/person\/75fed98158349313fe56175f232f513c"},"headline":"Onze crian\u00e7as morreram de Covid-19 em Minas Gerais neste ano, diz governo","datePublished":"2022-02-08T12:20:25+00:00","mainEntityOfPage":{"@id":"https:\/\/www.federassantas.org.br\/novosite\/onze-criancas-morreram-de-covid-19-em-minas-gerais-neste-ano-diz-governo\/"},"wordCount":172,"commentCount":0,"publisher":{"@id":"https:\/\/www.federassantas.org.br\/novosite\/#organization"},"image":{"@id":"https:\/\/www.federassantas.org.br\/novosite\/onze-criancas-morreram-de-covid-19-em-minas-gerais-neste-ano-diz-governo\/#primaryimage"},"thumbnailUrl":"","articleSection":["Not\u00edcias"],"inLanguage":"pt-BR","potentialAction":[{"@type":"CommentAction","name":"Comment","target":["https:\/\/www.federassantas.org.br\/novosite\/onze-criancas-morreram-de-covid-19-em-minas-gerais-neste-ano-diz-governo\/#respond"]}]},{"@type":"WebPage","@id":"https:\/\/www.federassantas.org.br\/novosite\/onze-criancas-morreram-de-covid-19-em-minas-gerais-neste-ano-diz-governo\/","url":"https:\/\/www.federassantas.org.br\/novosite\/onze-criancas-morreram-de-covid-19-em-minas-gerais-neste-ano-diz-governo\/","name":"Onze crian\u00e7as morreram de Covid-19 em Minas Gerais neste ano, diz governo - Federassantas","isPartOf":{"@id":"https:\/\/www.federassantas.org.br\/novosite\/#website"},"primaryImageOfPage":{"@id":"https:\/\/www.federassantas.org.br\/novosite\/onze-criancas-morreram-de-covid-19-em-minas-gerais-neste-ano-diz-governo\/#primaryimage"},"image":{"@id":"https:\/\/www.federassantas.org.br\/novosite\/onze-criancas-morreram-de-covid-19-em-minas-gerais-neste-ano-diz-governo\/#primaryimage"},"thumbnailUrl":"","datePublished":"2022-02-08T12:20:25+00:00","breadcrumb":{"@id":"https:\/\/www.federassantas.org.br\/novosite\/onze-criancas-morreram-de-covid-19-em-minas-gerais-neste-ano-diz-governo\/#breadcrumb"},"inLanguage":"pt-BR","potentialAction":[{"@type":"ReadAction","target":["https:\/\/www.federassantas.org.br\/novosite\/onze-criancas-morreram-de-covid-19-em-minas-gerais-neste-ano-diz-governo\/"]}]},{"@type":"ImageObject","inLanguage":"pt-BR","@id":"https:\/\/www.federassantas.org.br\/novosite\/onze-criancas-morreram-de-covid-19-em-minas-gerais-neste-ano-diz-governo\/#primaryimage","url":"","contentUrl":""},{"@type":"BreadcrumbList","@id":"https:\/\/www.federassantas.org.br\/novosite\/onze-criancas-morreram-de-covid-19-em-minas-gerais-neste-ano-diz-governo\/#breadcrumb","itemListElement":[{"@type":"ListItem","position":1,"name":"In\u00edcio","item":"https:\/\/www.federassantas.org.br\/novosite\/"},{"@type":"ListItem","position":2,"name":"Onze crian\u00e7as morreram de Covid-19 em Minas Gerais neste ano, diz governo"}]},{"@type":"WebSite","@id":"https:\/\/www.federassantas.org.br\/novosite\/#website","url":"https:\/\/www.federassantas.org.br\/novosite\/","name":"Federassantas","description":"Fed. das Santas Casas e Hospitais Filantr\u00f3picos de MG","publisher":{"@id":"https:\/\/www.federassantas.org.br\/novosite\/#organization"},"potentialAction":[{"@type":"SearchAction","target":{"@type":"EntryPoint","urlTemplate":"https:\/\/www.federassantas.org.br\/novosite\/?s={search_term_string}"},"query-input":{"@type":"PropertyValueSpecification","valueRequired":true,"valueName":"search_term_string"}}],"inLanguage":"pt-BR"},{"@type":"Organization","@id":"https:\/\/www.federassantas.org.br\/novosite\/#organization","name":"Federassantas","url":"https:\/\/www.federassantas.org.br\/novosite\/","logo":{"@type":"ImageObject","inLanguage":"pt-BR","@id":"https:\/\/www.federassantas.org.br\/novosite\/#\/schema\/logo\/image\/","url":"https:\/\/www.federassantas.org.br\/novosite\/wp-content\/uploads\/2021\/12\/logo.png","contentUrl":"https:\/\/www.federassantas.org.br\/novosite\/wp-content\/uploads\/2021\/12\/logo.png","width":243,"height":59,"caption":"Federassantas"},"image":{"@id":"https:\/\/www.federassantas.org.br\/novosite\/#\/schema\/logo\/image\/"}},{"@type":"Person","@id":"https:\/\/www.federassantas.org.br\/novosite\/#\/schema\/person\/75fed98158349313fe56175f232f513c","name":"admin-federas","image":{"@type":"ImageObject","inLanguage":"pt-BR","@id":"https:\/\/www.federassantas.org.br\/novosite\/#\/schema\/person\/image\/","url":"https:\/\/secure.gravatar.com\/avatar\/2a02d7dda59fe8dc6b7ffd3f652e2efede5ccf0dd89dfdc8137c5517f3de8407?s=96&d=mm&r=g","contentUrl":"https:\/\/secure.gravatar.com\/avatar\/2a02d7dda59fe8dc6b7ffd3f652e2efede5ccf0dd89dfdc8137c5517f3de8407?s=96&d=mm&r=g","caption":"admin-federas"},"sameAs":["https:\/\/www.federassantas.org.br\/novosite\/"],"url":"https:\/\/www.federassantas.org.br\/novosite\/author\/admin-federas\/"}]}},"_links":{"self":[{"href":"https:\/\/www.federassantas.org.br\/novosite\/wp-json\/wp\/v2\/posts\/23300","targetHints":{"allow":["GET"]}}],"collection":[{"href":"https:\/\/www.federassantas.org.br\/novosite\/wp-json\/wp\/v2\/posts"}],"about":[{"href":"https:\/\/www.federassantas.org.br\/novosite\/wp-json\/wp\/v2\/types\/post"}],"author":[{"embeddable":true,"href":"https:\/\/www.federassantas.org.br\/novosite\/wp-json\/wp\/v2\/users\/1"}],"replies":[{"embeddable":true,"href":"https:\/\/www.federassantas.org.br\/novosite\/wp-json\/wp\/v2\/comments?post=23300"}],"version-history":[{"count":0,"href":"https:\/\/www.federassantas.org.br\/novosite\/wp-json\/wp\/v2\/posts\/23300\/revisions"}],"wp:featuredmedia":[{"embeddable":true,"href":"https:\/\/www.federassantas.org.br\/novosite\/wp-json\/"}],"wp:attachment":[{"href":"https:\/\/www.federassantas.org.br\/novosite\/wp-json\/wp\/v2\/media?parent=23300"}],"wp:term":[{"taxonomy":"category","embeddable":true,"href":"https:\/\/www.federassantas.org.br\/novosite\/wp-json\/wp\/v2\/categories?post=23300"},{"taxonomy":"post_tag","embeddable":true,"href":"https:\/\/www.federassantas.org.br\/novosite\/wp-json\/wp\/v2\/tags?post=23300"}],"curies":[{"name":"wp","href":"https:\/\/api.w.org\/{rel}","templated":true}]}}