{"id":23303,"date":"2022-02-09T10:14:22","date_gmt":"2022-02-09T13:14:22","guid":{"rendered":"https:\/\/federasbackup.meltcomunicacao.com.br\/?p=23303"},"modified":"2022-02-09T10:14:22","modified_gmt":"2022-02-09T13:14:22","slug":"pesquisa-revela-aumento-de-transtornos-psiquiatricos-apos-covid-19","status":"publish","type":"post","link":"https:\/\/www.federassantas.org.br\/novosite\/pesquisa-revela-aumento-de-transtornos-psiquiatricos-apos-covid-19\/","title":{"rendered":"Pesquisa revela aumento de transtornos psiqui\u00e1tricos ap\u00f3s covid-19"},"content":{"rendered":"\n<p><em>Estudo da USP avaliou 425 adultos de seis a nove meses ap\u00f3s a alta<\/em><\/p>\n\n\n\n<p>Um estudo feito pela Faculdade de Medicina da Universidade de S\u00e3o Paulo (USP) mostrou que pessoas que tiveram covid-19 de forma moderada ou grave passaram a registrar maior incid\u00eancia de transtornos psiqui\u00e1tricos ap\u00f3s a contamina\u00e7\u00e3o. O artigo sobre a pesquisa foi publicado na revista cient\u00edfica General Hospital Psychiatry.&nbsp;<img decoding=\"async\" src=\"https:\/\/agenciabrasil.ebc.com.br\/ebc.png?id=1441122&amp;o=node\"><img decoding=\"async\" src=\"https:\/\/agenciabrasil.ebc.com.br\/ebc.gif?id=1441122&amp;o=node\"><\/p>\n\n\n\n<p>Foram avaliados 425 adultos, depois de seis a nove meses da alta hospitalar por causa da covid-19. Todos foram pacientes internados no Hospital das Cl\u00ednicas da USP por pelo menos 24 horas,&nbsp;entre mar\u00e7o e setembro de 2020.&nbsp;Aqueles que precisaram de tratamento em unidade de terapia intensiva (UTI) foram considerados casos graves e os demais, moderados. Os pacientes foram submetidos a entrevista psiqui\u00e1trica estruturada, testes psicom\u00e9tricos e bateria cognitiva.<\/p>\n\n\n\n<p>De acordo com o estudo, a preval\u00eancia de transtorno mental comum neste grupo de pacientes p\u00f3s-covid foi 32,2%, maior do que o relatado na popula\u00e7\u00e3o geral brasileira (26,8%). Quanto ao diagn\u00f3stico de depress\u00e3o, houve preval\u00eancia de 8%, superior ao da popula\u00e7\u00e3o geral brasileira (em torno de 4% e 5%). Transtornos de ansiedade generalizada estavam presentes em 14,1%, resultado tamb\u00e9m superior \u00e0 preval\u00eancia na popula\u00e7\u00e3o geral brasileira (9,9%).<\/p>\n\n\n\n<p>Segundo a pesquisa, os resultados psiqui\u00e1tricos n\u00e3o foram associados a nenhuma vari\u00e1vel cl\u00ednica relacionada \u00e0 gravidade da doen\u00e7a em fase aguda, ou seja, n\u00e3o foram mais preponderantes naqueles pacientes que apresentaram grau de inflama\u00e7\u00e3o maior, por exemplo.<\/p>\n\n\n\n<p>\u201cOs comprometimentos psiqui\u00e1tricos e cognitivos observados a longo prazo ap\u00f3s covid-19 moderada ou grave podem ser vistos como uma express\u00e3o dos efeitos do SARS-CoV-2 na homeostase [equil\u00edbrio] cerebral ou uma representa\u00e7\u00e3o de manifesta\u00e7\u00f5es psiqui\u00e1tricas inespec\u00edficas secund\u00e1rias \u00e0 diminui\u00e7\u00e3o do estado geral de sa\u00fade\u201d, diz o texto da pesquisa, que tem Rodolfo Damiano, m\u00e9dico residente do Instituto de Psiquiatria da Faculdade de Medicina da USP como primeiro autor.<\/p>\n\n\n\n<p>Os resultados da pesquisa, que contou com apoio da Funda\u00e7\u00e3o de Amparo \u00e0 Pesquisa do Estado de S\u00e3o Paulo (Fapesp), podem ser vistos<a rel=\"noreferrer noopener\" href=\"https:\/\/www.sciencedirect.com\/science\/article\/pii\/S0163834322000020#!\" target=\"_blank\">\u00a0aqui<\/a>.<\/p>\n\n\n\n<p><\/p>\n\n\n\n<p>Fonte: <a rel=\"noreferrer noopener\" href=\"https:\/\/agenciabrasil.ebc.com.br\/saude\/noticia\/2022-02\/pesquisa-revela-aumento-de-transtornos-psiquiatricos-apos-covid-19\" target=\"_blank\">Ag\u00eancia Brasil<\/a><br>Foto: Marcelo Camargo\/Ag\u00eancia Brasil<\/p>\n","protected":false},"excerpt":{"rendered":"<p>Estudo da USP avaliou 425 adultos de seis a nove meses ap\u00f3s a alta Um estudo feito pela Faculdade de Medicina da Universidade de S\u00e3o Paulo (USP) mostrou que pessoas que tiveram covid-19 de forma moderada ou grave passaram a registrar maior incid\u00eancia de transtornos psiqui\u00e1tricos ap\u00f3s a contamina\u00e7\u00e3o. O artigo sobre a pesquisa foi [&hellip;]<\/p>\n","protected":false},"author":1,"featured_media":23304,"comment_status":"open","ping_status":"open","sticky":false,"template":"","format":"standard","meta":{"footnotes":""},"categories":[140],"tags":[],"class_list":["post-23303","post","type-post","status-publish","format-standard","has-post-thumbnail","hentry","category-noticias"],"yoast_head":"<!-- This site is optimized with the Yoast SEO plugin v26.9 - https:\/\/yoast.com\/product\/yoast-seo-wordpress\/ -->\n<title>Pesquisa revela aumento de transtornos psiqui\u00e1tricos ap\u00f3s covid-19 - Federassantas<\/title>\n<meta name=\"robots\" content=\"index, follow, max-snippet:-1, max-image-preview:large, max-video-preview:-1\" \/>\n<link rel=\"canonical\" href=\"https:\/\/www.federassantas.org.br\/novosite\/pesquisa-revela-aumento-de-transtornos-psiquiatricos-apos-covid-19\/\" \/>\n<meta property=\"og:locale\" content=\"pt_BR\" \/>\n<meta property=\"og:type\" content=\"article\" \/>\n<meta property=\"og:title\" content=\"Pesquisa revela aumento de transtornos psiqui\u00e1tricos ap\u00f3s covid-19 - Federassantas\" \/>\n<meta property=\"og:description\" content=\"Estudo da USP avaliou 425 adultos de seis a nove meses ap\u00f3s a alta Um estudo feito pela Faculdade de Medicina da Universidade de S\u00e3o Paulo (USP) mostrou que pessoas que tiveram covid-19 de forma moderada ou grave passaram a registrar maior incid\u00eancia de transtornos psiqui\u00e1tricos ap\u00f3s a contamina\u00e7\u00e3o. O artigo sobre a pesquisa foi [&hellip;]\" \/>\n<meta property=\"og:url\" content=\"https:\/\/www.federassantas.org.br\/novosite\/pesquisa-revela-aumento-de-transtornos-psiquiatricos-apos-covid-19\/\" \/>\n<meta property=\"og:site_name\" content=\"Federassantas\" \/>\n<meta property=\"article:published_time\" content=\"2022-02-09T13:14:22+00:00\" \/>\n<meta name=\"author\" content=\"admin-federas\" \/>\n<meta name=\"twitter:card\" content=\"summary_large_image\" \/>\n<meta name=\"twitter:label1\" content=\"Escrito por\" \/>\n\t<meta name=\"twitter:data1\" content=\"admin-federas\" \/>\n\t<meta name=\"twitter:label2\" content=\"Est. tempo de leitura\" \/>\n\t<meta name=\"twitter:data2\" content=\"2 minutos\" \/>\n<script type=\"application\/ld+json\" class=\"yoast-schema-graph\">{\"@context\":\"https:\/\/schema.org\",\"@graph\":[{\"@type\":\"Article\",\"@id\":\"https:\/\/www.federassantas.org.br\/novosite\/pesquisa-revela-aumento-de-transtornos-psiquiatricos-apos-covid-19\/#article\",\"isPartOf\":{\"@id\":\"https:\/\/www.federassantas.org.br\/novosite\/pesquisa-revela-aumento-de-transtornos-psiquiatricos-apos-covid-19\/\"},\"author\":{\"name\":\"admin-federas\",\"@id\":\"https:\/\/www.federassantas.org.br\/novosite\/#\/schema\/person\/75fed98158349313fe56175f232f513c\"},\"headline\":\"Pesquisa revela aumento de transtornos psiqui\u00e1tricos ap\u00f3s covid-19\",\"datePublished\":\"2022-02-09T13:14:22+00:00\",\"mainEntityOfPage\":{\"@id\":\"https:\/\/www.federassantas.org.br\/novosite\/pesquisa-revela-aumento-de-transtornos-psiquiatricos-apos-covid-19\/\"},\"wordCount\":377,\"commentCount\":0,\"publisher\":{\"@id\":\"https:\/\/www.federassantas.org.br\/novosite\/#organization\"},\"image\":{\"@id\":\"https:\/\/www.federassantas.org.br\/novosite\/pesquisa-revela-aumento-de-transtornos-psiquiatricos-apos-covid-19\/#primaryimage\"},\"thumbnailUrl\":\"\",\"articleSection\":[\"Not\u00edcias\"],\"inLanguage\":\"pt-BR\",\"potentialAction\":[{\"@type\":\"CommentAction\",\"name\":\"Comment\",\"target\":[\"https:\/\/www.federassantas.org.br\/novosite\/pesquisa-revela-aumento-de-transtornos-psiquiatricos-apos-covid-19\/#respond\"]}]},{\"@type\":\"WebPage\",\"@id\":\"https:\/\/www.federassantas.org.br\/novosite\/pesquisa-revela-aumento-de-transtornos-psiquiatricos-apos-covid-19\/\",\"url\":\"https:\/\/www.federassantas.org.br\/novosite\/pesquisa-revela-aumento-de-transtornos-psiquiatricos-apos-covid-19\/\",\"name\":\"Pesquisa revela aumento de transtornos psiqui\u00e1tricos ap\u00f3s covid-19 - Federassantas\",\"isPartOf\":{\"@id\":\"https:\/\/www.federassantas.org.br\/novosite\/#website\"},\"primaryImageOfPage\":{\"@id\":\"https:\/\/www.federassantas.org.br\/novosite\/pesquisa-revela-aumento-de-transtornos-psiquiatricos-apos-covid-19\/#primaryimage\"},\"image\":{\"@id\":\"https:\/\/www.federassantas.org.br\/novosite\/pesquisa-revela-aumento-de-transtornos-psiquiatricos-apos-covid-19\/#primaryimage\"},\"thumbnailUrl\":\"\",\"datePublished\":\"2022-02-09T13:14:22+00:00\",\"breadcrumb\":{\"@id\":\"https:\/\/www.federassantas.org.br\/novosite\/pesquisa-revela-aumento-de-transtornos-psiquiatricos-apos-covid-19\/#breadcrumb\"},\"inLanguage\":\"pt-BR\",\"potentialAction\":[{\"@type\":\"ReadAction\",\"target\":[\"https:\/\/www.federassantas.org.br\/novosite\/pesquisa-revela-aumento-de-transtornos-psiquiatricos-apos-covid-19\/\"]}]},{\"@type\":\"ImageObject\",\"inLanguage\":\"pt-BR\",\"@id\":\"https:\/\/www.federassantas.org.br\/novosite\/pesquisa-revela-aumento-de-transtornos-psiquiatricos-apos-covid-19\/#primaryimage\",\"url\":\"\",\"contentUrl\":\"\"},{\"@type\":\"BreadcrumbList\",\"@id\":\"https:\/\/www.federassantas.org.br\/novosite\/pesquisa-revela-aumento-de-transtornos-psiquiatricos-apos-covid-19\/#breadcrumb\",\"itemListElement\":[{\"@type\":\"ListItem\",\"position\":1,\"name\":\"In\u00edcio\",\"item\":\"https:\/\/www.federassantas.org.br\/novosite\/\"},{\"@type\":\"ListItem\",\"position\":2,\"name\":\"Pesquisa revela aumento de transtornos psiqui\u00e1tricos ap\u00f3s covid-19\"}]},{\"@type\":\"WebSite\",\"@id\":\"https:\/\/www.federassantas.org.br\/novosite\/#website\",\"url\":\"https:\/\/www.federassantas.org.br\/novosite\/\",\"name\":\"Federassantas\",\"description\":\"Fed. das Santas Casas e Hospitais Filantr\u00f3picos de MG\",\"publisher\":{\"@id\":\"https:\/\/www.federassantas.org.br\/novosite\/#organization\"},\"potentialAction\":[{\"@type\":\"SearchAction\",\"target\":{\"@type\":\"EntryPoint\",\"urlTemplate\":\"https:\/\/www.federassantas.org.br\/novosite\/?s={search_term_string}\"},\"query-input\":{\"@type\":\"PropertyValueSpecification\",\"valueRequired\":true,\"valueName\":\"search_term_string\"}}],\"inLanguage\":\"pt-BR\"},{\"@type\":\"Organization\",\"@id\":\"https:\/\/www.federassantas.org.br\/novosite\/#organization\",\"name\":\"Federassantas\",\"url\":\"https:\/\/www.federassantas.org.br\/novosite\/\",\"logo\":{\"@type\":\"ImageObject\",\"inLanguage\":\"pt-BR\",\"@id\":\"https:\/\/www.federassantas.org.br\/novosite\/#\/schema\/logo\/image\/\",\"url\":\"https:\/\/www.federassantas.org.br\/novosite\/wp-content\/uploads\/2021\/12\/logo.png\",\"contentUrl\":\"https:\/\/www.federassantas.org.br\/novosite\/wp-content\/uploads\/2021\/12\/logo.png\",\"width\":243,\"height\":59,\"caption\":\"Federassantas\"},\"image\":{\"@id\":\"https:\/\/www.federassantas.org.br\/novosite\/#\/schema\/logo\/image\/\"}},{\"@type\":\"Person\",\"@id\":\"https:\/\/www.federassantas.org.br\/novosite\/#\/schema\/person\/75fed98158349313fe56175f232f513c\",\"name\":\"admin-federas\",\"image\":{\"@type\":\"ImageObject\",\"inLanguage\":\"pt-BR\",\"@id\":\"https:\/\/www.federassantas.org.br\/novosite\/#\/schema\/person\/image\/\",\"url\":\"https:\/\/secure.gravatar.com\/avatar\/2a02d7dda59fe8dc6b7ffd3f652e2efede5ccf0dd89dfdc8137c5517f3de8407?s=96&d=mm&r=g\",\"contentUrl\":\"https:\/\/secure.gravatar.com\/avatar\/2a02d7dda59fe8dc6b7ffd3f652e2efede5ccf0dd89dfdc8137c5517f3de8407?s=96&d=mm&r=g\",\"caption\":\"admin-federas\"},\"sameAs\":[\"https:\/\/www.federassantas.org.br\/novosite\/\"],\"url\":\"https:\/\/www.federassantas.org.br\/novosite\/author\/admin-federas\/\"}]}<\/script>\n<!-- \/ Yoast SEO plugin. -->","yoast_head_json":{"title":"Pesquisa revela aumento de transtornos psiqui\u00e1tricos ap\u00f3s covid-19 - Federassantas","robots":{"index":"index","follow":"follow","max-snippet":"max-snippet:-1","max-image-preview":"max-image-preview:large","max-video-preview":"max-video-preview:-1"},"canonical":"https:\/\/www.federassantas.org.br\/novosite\/pesquisa-revela-aumento-de-transtornos-psiquiatricos-apos-covid-19\/","og_locale":"pt_BR","og_type":"article","og_title":"Pesquisa revela aumento de transtornos psiqui\u00e1tricos ap\u00f3s covid-19 - Federassantas","og_description":"Estudo da USP avaliou 425 adultos de seis a nove meses ap\u00f3s a alta Um estudo feito pela Faculdade de Medicina da Universidade de S\u00e3o Paulo (USP) mostrou que pessoas que tiveram covid-19 de forma moderada ou grave passaram a registrar maior incid\u00eancia de transtornos psiqui\u00e1tricos ap\u00f3s a contamina\u00e7\u00e3o. O artigo sobre a pesquisa foi [&hellip;]","og_url":"https:\/\/www.federassantas.org.br\/novosite\/pesquisa-revela-aumento-de-transtornos-psiquiatricos-apos-covid-19\/","og_site_name":"Federassantas","article_published_time":"2022-02-09T13:14:22+00:00","author":"admin-federas","twitter_card":"summary_large_image","twitter_misc":{"Escrito por":"admin-federas","Est. tempo de leitura":"2 minutos"},"schema":{"@context":"https:\/\/schema.org","@graph":[{"@type":"Article","@id":"https:\/\/www.federassantas.org.br\/novosite\/pesquisa-revela-aumento-de-transtornos-psiquiatricos-apos-covid-19\/#article","isPartOf":{"@id":"https:\/\/www.federassantas.org.br\/novosite\/pesquisa-revela-aumento-de-transtornos-psiquiatricos-apos-covid-19\/"},"author":{"name":"admin-federas","@id":"https:\/\/www.federassantas.org.br\/novosite\/#\/schema\/person\/75fed98158349313fe56175f232f513c"},"headline":"Pesquisa revela aumento de transtornos psiqui\u00e1tricos ap\u00f3s covid-19","datePublished":"2022-02-09T13:14:22+00:00","mainEntityOfPage":{"@id":"https:\/\/www.federassantas.org.br\/novosite\/pesquisa-revela-aumento-de-transtornos-psiquiatricos-apos-covid-19\/"},"wordCount":377,"commentCount":0,"publisher":{"@id":"https:\/\/www.federassantas.org.br\/novosite\/#organization"},"image":{"@id":"https:\/\/www.federassantas.org.br\/novosite\/pesquisa-revela-aumento-de-transtornos-psiquiatricos-apos-covid-19\/#primaryimage"},"thumbnailUrl":"","articleSection":["Not\u00edcias"],"inLanguage":"pt-BR","potentialAction":[{"@type":"CommentAction","name":"Comment","target":["https:\/\/www.federassantas.org.br\/novosite\/pesquisa-revela-aumento-de-transtornos-psiquiatricos-apos-covid-19\/#respond"]}]},{"@type":"WebPage","@id":"https:\/\/www.federassantas.org.br\/novosite\/pesquisa-revela-aumento-de-transtornos-psiquiatricos-apos-covid-19\/","url":"https:\/\/www.federassantas.org.br\/novosite\/pesquisa-revela-aumento-de-transtornos-psiquiatricos-apos-covid-19\/","name":"Pesquisa revela aumento de transtornos psiqui\u00e1tricos ap\u00f3s covid-19 - Federassantas","isPartOf":{"@id":"https:\/\/www.federassantas.org.br\/novosite\/#website"},"primaryImageOfPage":{"@id":"https:\/\/www.federassantas.org.br\/novosite\/pesquisa-revela-aumento-de-transtornos-psiquiatricos-apos-covid-19\/#primaryimage"},"image":{"@id":"https:\/\/www.federassantas.org.br\/novosite\/pesquisa-revela-aumento-de-transtornos-psiquiatricos-apos-covid-19\/#primaryimage"},"thumbnailUrl":"","datePublished":"2022-02-09T13:14:22+00:00","breadcrumb":{"@id":"https:\/\/www.federassantas.org.br\/novosite\/pesquisa-revela-aumento-de-transtornos-psiquiatricos-apos-covid-19\/#breadcrumb"},"inLanguage":"pt-BR","potentialAction":[{"@type":"ReadAction","target":["https:\/\/www.federassantas.org.br\/novosite\/pesquisa-revela-aumento-de-transtornos-psiquiatricos-apos-covid-19\/"]}]},{"@type":"ImageObject","inLanguage":"pt-BR","@id":"https:\/\/www.federassantas.org.br\/novosite\/pesquisa-revela-aumento-de-transtornos-psiquiatricos-apos-covid-19\/#primaryimage","url":"","contentUrl":""},{"@type":"BreadcrumbList","@id":"https:\/\/www.federassantas.org.br\/novosite\/pesquisa-revela-aumento-de-transtornos-psiquiatricos-apos-covid-19\/#breadcrumb","itemListElement":[{"@type":"ListItem","position":1,"name":"In\u00edcio","item":"https:\/\/www.federassantas.org.br\/novosite\/"},{"@type":"ListItem","position":2,"name":"Pesquisa revela aumento de transtornos psiqui\u00e1tricos ap\u00f3s covid-19"}]},{"@type":"WebSite","@id":"https:\/\/www.federassantas.org.br\/novosite\/#website","url":"https:\/\/www.federassantas.org.br\/novosite\/","name":"Federassantas","description":"Fed. das Santas Casas e Hospitais Filantr\u00f3picos de MG","publisher":{"@id":"https:\/\/www.federassantas.org.br\/novosite\/#organization"},"potentialAction":[{"@type":"SearchAction","target":{"@type":"EntryPoint","urlTemplate":"https:\/\/www.federassantas.org.br\/novosite\/?s={search_term_string}"},"query-input":{"@type":"PropertyValueSpecification","valueRequired":true,"valueName":"search_term_string"}}],"inLanguage":"pt-BR"},{"@type":"Organization","@id":"https:\/\/www.federassantas.org.br\/novosite\/#organization","name":"Federassantas","url":"https:\/\/www.federassantas.org.br\/novosite\/","logo":{"@type":"ImageObject","inLanguage":"pt-BR","@id":"https:\/\/www.federassantas.org.br\/novosite\/#\/schema\/logo\/image\/","url":"https:\/\/www.federassantas.org.br\/novosite\/wp-content\/uploads\/2021\/12\/logo.png","contentUrl":"https:\/\/www.federassantas.org.br\/novosite\/wp-content\/uploads\/2021\/12\/logo.png","width":243,"height":59,"caption":"Federassantas"},"image":{"@id":"https:\/\/www.federassantas.org.br\/novosite\/#\/schema\/logo\/image\/"}},{"@type":"Person","@id":"https:\/\/www.federassantas.org.br\/novosite\/#\/schema\/person\/75fed98158349313fe56175f232f513c","name":"admin-federas","image":{"@type":"ImageObject","inLanguage":"pt-BR","@id":"https:\/\/www.federassantas.org.br\/novosite\/#\/schema\/person\/image\/","url":"https:\/\/secure.gravatar.com\/avatar\/2a02d7dda59fe8dc6b7ffd3f652e2efede5ccf0dd89dfdc8137c5517f3de8407?s=96&d=mm&r=g","contentUrl":"https:\/\/secure.gravatar.com\/avatar\/2a02d7dda59fe8dc6b7ffd3f652e2efede5ccf0dd89dfdc8137c5517f3de8407?s=96&d=mm&r=g","caption":"admin-federas"},"sameAs":["https:\/\/www.federassantas.org.br\/novosite\/"],"url":"https:\/\/www.federassantas.org.br\/novosite\/author\/admin-federas\/"}]}},"_links":{"self":[{"href":"https:\/\/www.federassantas.org.br\/novosite\/wp-json\/wp\/v2\/posts\/23303","targetHints":{"allow":["GET"]}}],"collection":[{"href":"https:\/\/www.federassantas.org.br\/novosite\/wp-json\/wp\/v2\/posts"}],"about":[{"href":"https:\/\/www.federassantas.org.br\/novosite\/wp-json\/wp\/v2\/types\/post"}],"author":[{"embeddable":true,"href":"https:\/\/www.federassantas.org.br\/novosite\/wp-json\/wp\/v2\/users\/1"}],"replies":[{"embeddable":true,"href":"https:\/\/www.federassantas.org.br\/novosite\/wp-json\/wp\/v2\/comments?post=23303"}],"version-history":[{"count":0,"href":"https:\/\/www.federassantas.org.br\/novosite\/wp-json\/wp\/v2\/posts\/23303\/revisions"}],"wp:featuredmedia":[{"embeddable":true,"href":"https:\/\/www.federassantas.org.br\/novosite\/wp-json\/"}],"wp:attachment":[{"href":"https:\/\/www.federassantas.org.br\/novosite\/wp-json\/wp\/v2\/media?parent=23303"}],"wp:term":[{"taxonomy":"category","embeddable":true,"href":"https:\/\/www.federassantas.org.br\/novosite\/wp-json\/wp\/v2\/categories?post=23303"},{"taxonomy":"post_tag","embeddable":true,"href":"https:\/\/www.federassantas.org.br\/novosite\/wp-json\/wp\/v2\/tags?post=23303"}],"curies":[{"name":"wp","href":"https:\/\/api.w.org\/{rel}","templated":true}]}}