{"id":23310,"date":"2022-02-09T10:23:57","date_gmt":"2022-02-09T13:23:57","guid":{"rendered":"https:\/\/federasbackup.meltcomunicacao.com.br\/?p=23310"},"modified":"2022-02-09T10:23:57","modified_gmt":"2022-02-09T13:23:57","slug":"clinicas-e-hospitais-de-transicao-podem-aliviar-caos-na-saude","status":"publish","type":"post","link":"https:\/\/www.federassantas.org.br\/novosite\/clinicas-e-hospitais-de-transicao-podem-aliviar-caos-na-saude\/","title":{"rendered":"Cl\u00ednicas e Hospitais de Transi\u00e7\u00e3o podem aliviar caos na sa\u00fade"},"content":{"rendered":"\n<p>Os n\u00fameros da pandemia n\u00e3o param de assombrar a popula\u00e7\u00e3o mineira. Em meio a todos os questionamentos que a COVID-19 provoca, o colapso no sistema de sa\u00fade se destaca. O medo paira no ar: temos hospitais e leitos dispon\u00edveis? Equipes suficientes?<\/p>\n\n\n\n<p>Nesse cen\u00e1rio, <strong>as Cl\u00ednicas e<\/strong> <strong>Hospitais de Transi\u00e7\u00e3o s\u00e3o uma sa\u00edda para aliviar o caos.<\/strong> Em Belo Horizonte<strong>, a Cl\u00ednica de Transi\u00e7\u00e3o Paulo<\/strong><strong> de Tarso <\/strong>se destaca nesse suporte para o SUS e a sa\u00fade suplementar. O hospital j\u00e1 recebeu <strong>cerca de 120<\/strong><strong> pacientes para reabilita\u00e7\u00e3o p\u00f3s-COVID-19. <\/strong><strong><\/strong><\/p>\n\n\n\n<p>De acordo com o Dr. Vinicius Lisboa, geriatra e Diretor T\u00e9cnico da Rede Paulo de Tarso, esse programa visa devolver ao paciente a autonomia existente antes do acontecimento da COVID-19: \u201catendemos pacientes com sequelas motoras, respirat\u00f3rias, cardiocirculat\u00f3rias, neurol\u00f3gicas, cognitivas e emocionais que impactam na qualidade de vida das pessoas. Nosso objetivo \u00e9 melhorar a capacidade funcional e a independ\u00eancia dos pacientes por meio de a\u00e7\u00f5es de reabilita\u00e7\u00e3o, recupera\u00e7\u00e3o e readapta\u00e7\u00e3o\u201d.&nbsp;<\/p>\n\n\n\n<p>Al\u00e9m de receber pacientes para reabilita\u00e7\u00e3o p\u00f3s-COVID-19, as Cl\u00ednicas e Hospitais de Transi\u00e7\u00e3o s\u00e3o indicados para as pessoas que estiveram (ou est\u00e3o) internadas por um tempo e precisam de cuidados essenciais, mas n\u00e3o demandam interven\u00e7\u00f5es invasivas e de terapia intensiva existentes em Hospitais Gerais. \u201cEssa \u00e9 uma maneira de<strong> desafogar os hospitais emergenciais e liberar leitos.<\/strong> A transfer\u00eancia de um paciente para uma unidade de transi\u00e7\u00e3o permitir\u00e1 que aquele <strong>leito, at\u00e9 ent\u00e3o ocupado no hospital geral, possa servir a algu\u00e9m em fase aguda de COVID-19,<\/strong> por exemplo, ou a pacientes que precisem de tratamento com necessidade de maior suporte tecnol\u00f3gico, diagn\u00f3stico, cir\u00fargico e monitoramento m\u00e9dico intensivo\u201d, refor\u00e7a Dr. Vin\u00edcius.<\/p>\n\n\n\n<p>As cl\u00ednicas e hospitais de transi\u00e7\u00e3o contam com equipes m\u00e9dicas e multiprofissionais treinadas, taxas reduzidas de doen\u00e7as infecciosas, s\u00f3lidas medidas de seguran\u00e7a assistencial e tudo que um paciente em recupera\u00e7\u00e3o da COVID-19 pode precisar. Vale destacar que essas institui\u00e7\u00f5es podem ajudar &#8211; e muito &#8211; em casos de trag\u00e9dias envolvendo um n\u00famero maior de pessoas. <strong>Se a quantidade de unidades de transi\u00e7\u00e3o fosse maior, haveriam mais m\u00e9dicos e leitos dispon\u00edveis para as v\u00edtimas do coronav\u00edrus.<\/strong> No momento em que se fala tanto em medicina personalizada, talvez esteja na hora de pensar mais em sa\u00fade integrada.<\/p>\n\n\n\n<p>Em uma popula\u00e7\u00e3o com a expectativa de vida cada vez mais alta, que nos leva automaticamente a um novo perfil epidemiol\u00f3gico de doen\u00e7as prevalentes, essas institui\u00e7\u00f5es aparecem como uma boa op\u00e7\u00e3o para pacientes cr\u00f4nicos ou com doen\u00e7as degenerativas.&nbsp;<\/p>\n\n\n\n<p>&nbsp;<strong><u>SOBRE A CL\u00cdNICA DE TRANSI\u00c7\u00c3O PAULO DE TARSO&nbsp;<\/u><\/strong><\/p>\n\n\n\n<p>A Cl\u00ednica de Transi\u00e7\u00e3o Paulo de Tarso integra a Rede Paulo de Tarso e est\u00e1 localizado no bairro S\u00e3o Francisco, em Belo Horizonte, em um ambiente de pouca polui\u00e7\u00e3o sonora e prop\u00edcio para uma melhor recupera\u00e7\u00e3o. A institui\u00e7\u00e3o conta com 68 leitos SUS, 44 leitos de Sa\u00fade Suplementar e estrutura horizontalizada com Centro de Reabilita\u00e7\u00e3o Avan\u00e7ada (\u00fanico hospital privado com Centro de Reabilita\u00e7\u00e3o pr\u00f3prio).<\/p>\n\n\n\n<p>\u00c9 o ambiente adequado para as pessoas que estiveram (ou est\u00e3o) internadas por um tempo, que ainda precisam de cuidados essenciais, mas j\u00e1 passaram pela fase aguda da doen\u00e7a e n\u00e3o demandam interven\u00e7\u00f5es de alta complexidade e terapia intensiva existentes em hospitais gerais.<\/p>\n\n\n\n<p>A Cl\u00ednica de Transi\u00e7\u00e3o Paulo de Tarso conta com equipes m\u00e9dicas e multiprofissionais treinadas e prioriza a capacita\u00e7\u00e3o e reabilita\u00e7\u00e3o, no qual paciente e fam\u00edlia s\u00e3o preparados durante todo est\u00e1gio de tratamento para seguirem de forma independente e segura ap\u00f3s a alta hospitalar.<\/p>\n\n\n\n<p>Diferentemente dos modelos tradicionais de assist\u00eancia, o servi\u00e7o \u00e9 aplicado em linhas de cuidados bem definidas, por meio do conceito \u201c<em>High Touch\u201d<\/em>, que, fundamentado no contato permanente da equipe assistencial e um plano de cuidados interdisciplinar individualizado, permite uma experi\u00eancia transformadora e acolhedora.<\/p>\n\n\n\n<p><\/p>\n\n\n\n<p>Por: Comunica\u00e7\u00e3o Rede Paulo de Tarso<\/p>\n","protected":false},"excerpt":{"rendered":"<p>Os n\u00fameros da pandemia n\u00e3o param de assombrar a popula\u00e7\u00e3o mineira. Em meio a todos os questionamentos que a COVID-19 provoca, o colapso no sistema de sa\u00fade se destaca. O medo paira no ar: temos hospitais e leitos dispon\u00edveis? Equipes suficientes? Nesse cen\u00e1rio, as Cl\u00ednicas e Hospitais de Transi\u00e7\u00e3o s\u00e3o uma sa\u00edda para aliviar o [&hellip;]<\/p>\n","protected":false},"author":1,"featured_media":23311,"comment_status":"open","ping_status":"open","sticky":false,"template":"","format":"standard","meta":{"footnotes":""},"categories":[140,139],"tags":[],"class_list":["post-23310","post","type-post","status-publish","format-standard","has-post-thumbnail","hentry","category-noticias","category-noticias-filiados"],"yoast_head":"<!-- This site is optimized with the Yoast SEO plugin v26.9 - https:\/\/yoast.com\/product\/yoast-seo-wordpress\/ -->\n<title>Cl\u00ednicas e Hospitais de Transi\u00e7\u00e3o podem aliviar caos na sa\u00fade - Federassantas<\/title>\n<meta name=\"robots\" content=\"index, follow, max-snippet:-1, max-image-preview:large, max-video-preview:-1\" \/>\n<link rel=\"canonical\" href=\"https:\/\/www.federassantas.org.br\/novosite\/clinicas-e-hospitais-de-transicao-podem-aliviar-caos-na-saude\/\" \/>\n<meta property=\"og:locale\" content=\"pt_BR\" \/>\n<meta property=\"og:type\" content=\"article\" \/>\n<meta property=\"og:title\" content=\"Cl\u00ednicas e Hospitais de Transi\u00e7\u00e3o podem aliviar caos na sa\u00fade - Federassantas\" \/>\n<meta property=\"og:description\" content=\"Os n\u00fameros da pandemia n\u00e3o param de assombrar a popula\u00e7\u00e3o mineira. Em meio a todos os questionamentos que a COVID-19 provoca, o colapso no sistema de sa\u00fade se destaca. O medo paira no ar: temos hospitais e leitos dispon\u00edveis? Equipes suficientes? Nesse cen\u00e1rio, as Cl\u00ednicas e Hospitais de Transi\u00e7\u00e3o s\u00e3o uma sa\u00edda para aliviar o [&hellip;]\" \/>\n<meta property=\"og:url\" content=\"https:\/\/www.federassantas.org.br\/novosite\/clinicas-e-hospitais-de-transicao-podem-aliviar-caos-na-saude\/\" \/>\n<meta property=\"og:site_name\" content=\"Federassantas\" \/>\n<meta property=\"article:published_time\" content=\"2022-02-09T13:23:57+00:00\" \/>\n<meta property=\"og:image\" content=\"https:\/\/www.federassantas.org.br\/novosite\/wp-content\/uploads\/2022\/02\/32GabrielAraujo_F2A1459.jpg\" \/>\n\t<meta property=\"og:image:width\" content=\"1200\" \/>\n\t<meta property=\"og:image:height\" content=\"800\" \/>\n\t<meta property=\"og:image:type\" content=\"image\/jpeg\" \/>\n<meta name=\"author\" content=\"admin-federas\" \/>\n<meta name=\"twitter:card\" content=\"summary_large_image\" \/>\n<meta name=\"twitter:label1\" content=\"Escrito por\" \/>\n\t<meta name=\"twitter:data1\" content=\"admin-federas\" \/>\n\t<meta name=\"twitter:label2\" content=\"Est. tempo de leitura\" \/>\n\t<meta name=\"twitter:data2\" content=\"4 minutos\" \/>\n<script type=\"application\/ld+json\" class=\"yoast-schema-graph\">{\"@context\":\"https:\/\/schema.org\",\"@graph\":[{\"@type\":\"Article\",\"@id\":\"https:\/\/www.federassantas.org.br\/novosite\/clinicas-e-hospitais-de-transicao-podem-aliviar-caos-na-saude\/#article\",\"isPartOf\":{\"@id\":\"https:\/\/www.federassantas.org.br\/novosite\/clinicas-e-hospitais-de-transicao-podem-aliviar-caos-na-saude\/\"},\"author\":{\"name\":\"admin-federas\",\"@id\":\"https:\/\/www.federassantas.org.br\/novosite\/#\/schema\/person\/75fed98158349313fe56175f232f513c\"},\"headline\":\"Cl\u00ednicas e Hospitais de Transi\u00e7\u00e3o podem aliviar caos na sa\u00fade\",\"datePublished\":\"2022-02-09T13:23:57+00:00\",\"mainEntityOfPage\":{\"@id\":\"https:\/\/www.federassantas.org.br\/novosite\/clinicas-e-hospitais-de-transicao-podem-aliviar-caos-na-saude\/\"},\"wordCount\":714,\"commentCount\":0,\"publisher\":{\"@id\":\"https:\/\/www.federassantas.org.br\/novosite\/#organization\"},\"image\":{\"@id\":\"https:\/\/www.federassantas.org.br\/novosite\/clinicas-e-hospitais-de-transicao-podem-aliviar-caos-na-saude\/#primaryimage\"},\"thumbnailUrl\":\"https:\/\/www.federassantas.org.br\/novosite\/wp-content\/uploads\/2022\/02\/32GabrielAraujo_F2A1459.jpg\",\"articleSection\":[\"Not\u00edcias\",\"Not\u00edcias filiados\"],\"inLanguage\":\"pt-BR\",\"potentialAction\":[{\"@type\":\"CommentAction\",\"name\":\"Comment\",\"target\":[\"https:\/\/www.federassantas.org.br\/novosite\/clinicas-e-hospitais-de-transicao-podem-aliviar-caos-na-saude\/#respond\"]}]},{\"@type\":\"WebPage\",\"@id\":\"https:\/\/www.federassantas.org.br\/novosite\/clinicas-e-hospitais-de-transicao-podem-aliviar-caos-na-saude\/\",\"url\":\"https:\/\/www.federassantas.org.br\/novosite\/clinicas-e-hospitais-de-transicao-podem-aliviar-caos-na-saude\/\",\"name\":\"Cl\u00ednicas e Hospitais de Transi\u00e7\u00e3o podem aliviar caos na sa\u00fade - Federassantas\",\"isPartOf\":{\"@id\":\"https:\/\/www.federassantas.org.br\/novosite\/#website\"},\"primaryImageOfPage\":{\"@id\":\"https:\/\/www.federassantas.org.br\/novosite\/clinicas-e-hospitais-de-transicao-podem-aliviar-caos-na-saude\/#primaryimage\"},\"image\":{\"@id\":\"https:\/\/www.federassantas.org.br\/novosite\/clinicas-e-hospitais-de-transicao-podem-aliviar-caos-na-saude\/#primaryimage\"},\"thumbnailUrl\":\"https:\/\/www.federassantas.org.br\/novosite\/wp-content\/uploads\/2022\/02\/32GabrielAraujo_F2A1459.jpg\",\"datePublished\":\"2022-02-09T13:23:57+00:00\",\"breadcrumb\":{\"@id\":\"https:\/\/www.federassantas.org.br\/novosite\/clinicas-e-hospitais-de-transicao-podem-aliviar-caos-na-saude\/#breadcrumb\"},\"inLanguage\":\"pt-BR\",\"potentialAction\":[{\"@type\":\"ReadAction\",\"target\":[\"https:\/\/www.federassantas.org.br\/novosite\/clinicas-e-hospitais-de-transicao-podem-aliviar-caos-na-saude\/\"]}]},{\"@type\":\"ImageObject\",\"inLanguage\":\"pt-BR\",\"@id\":\"https:\/\/www.federassantas.org.br\/novosite\/clinicas-e-hospitais-de-transicao-podem-aliviar-caos-na-saude\/#primaryimage\",\"url\":\"https:\/\/www.federassantas.org.br\/novosite\/wp-content\/uploads\/2022\/02\/32GabrielAraujo_F2A1459.jpg\",\"contentUrl\":\"https:\/\/www.federassantas.org.br\/novosite\/wp-content\/uploads\/2022\/02\/32GabrielAraujo_F2A1459.jpg\",\"width\":1200,\"height\":800},{\"@type\":\"BreadcrumbList\",\"@id\":\"https:\/\/www.federassantas.org.br\/novosite\/clinicas-e-hospitais-de-transicao-podem-aliviar-caos-na-saude\/#breadcrumb\",\"itemListElement\":[{\"@type\":\"ListItem\",\"position\":1,\"name\":\"In\u00edcio\",\"item\":\"https:\/\/www.federassantas.org.br\/novosite\/\"},{\"@type\":\"ListItem\",\"position\":2,\"name\":\"Cl\u00ednicas e Hospitais de Transi\u00e7\u00e3o podem aliviar caos na sa\u00fade\"}]},{\"@type\":\"WebSite\",\"@id\":\"https:\/\/www.federassantas.org.br\/novosite\/#website\",\"url\":\"https:\/\/www.federassantas.org.br\/novosite\/\",\"name\":\"Federassantas\",\"description\":\"Fed. das Santas Casas e Hospitais Filantr\u00f3picos de MG\",\"publisher\":{\"@id\":\"https:\/\/www.federassantas.org.br\/novosite\/#organization\"},\"potentialAction\":[{\"@type\":\"SearchAction\",\"target\":{\"@type\":\"EntryPoint\",\"urlTemplate\":\"https:\/\/www.federassantas.org.br\/novosite\/?s={search_term_string}\"},\"query-input\":{\"@type\":\"PropertyValueSpecification\",\"valueRequired\":true,\"valueName\":\"search_term_string\"}}],\"inLanguage\":\"pt-BR\"},{\"@type\":\"Organization\",\"@id\":\"https:\/\/www.federassantas.org.br\/novosite\/#organization\",\"name\":\"Federassantas\",\"url\":\"https:\/\/www.federassantas.org.br\/novosite\/\",\"logo\":{\"@type\":\"ImageObject\",\"inLanguage\":\"pt-BR\",\"@id\":\"https:\/\/www.federassantas.org.br\/novosite\/#\/schema\/logo\/image\/\",\"url\":\"https:\/\/www.federassantas.org.br\/novosite\/wp-content\/uploads\/2021\/12\/logo.png\",\"contentUrl\":\"https:\/\/www.federassantas.org.br\/novosite\/wp-content\/uploads\/2021\/12\/logo.png\",\"width\":243,\"height\":59,\"caption\":\"Federassantas\"},\"image\":{\"@id\":\"https:\/\/www.federassantas.org.br\/novosite\/#\/schema\/logo\/image\/\"}},{\"@type\":\"Person\",\"@id\":\"https:\/\/www.federassantas.org.br\/novosite\/#\/schema\/person\/75fed98158349313fe56175f232f513c\",\"name\":\"admin-federas\",\"image\":{\"@type\":\"ImageObject\",\"inLanguage\":\"pt-BR\",\"@id\":\"https:\/\/www.federassantas.org.br\/novosite\/#\/schema\/person\/image\/\",\"url\":\"https:\/\/secure.gravatar.com\/avatar\/2a02d7dda59fe8dc6b7ffd3f652e2efede5ccf0dd89dfdc8137c5517f3de8407?s=96&d=mm&r=g\",\"contentUrl\":\"https:\/\/secure.gravatar.com\/avatar\/2a02d7dda59fe8dc6b7ffd3f652e2efede5ccf0dd89dfdc8137c5517f3de8407?s=96&d=mm&r=g\",\"caption\":\"admin-federas\"},\"sameAs\":[\"https:\/\/www.federassantas.org.br\/novosite\/\"],\"url\":\"https:\/\/www.federassantas.org.br\/novosite\/author\/admin-federas\/\"}]}<\/script>\n<!-- \/ Yoast SEO plugin. -->","yoast_head_json":{"title":"Cl\u00ednicas e Hospitais de Transi\u00e7\u00e3o podem aliviar caos na sa\u00fade - Federassantas","robots":{"index":"index","follow":"follow","max-snippet":"max-snippet:-1","max-image-preview":"max-image-preview:large","max-video-preview":"max-video-preview:-1"},"canonical":"https:\/\/www.federassantas.org.br\/novosite\/clinicas-e-hospitais-de-transicao-podem-aliviar-caos-na-saude\/","og_locale":"pt_BR","og_type":"article","og_title":"Cl\u00ednicas e Hospitais de Transi\u00e7\u00e3o podem aliviar caos na sa\u00fade - Federassantas","og_description":"Os n\u00fameros da pandemia n\u00e3o param de assombrar a popula\u00e7\u00e3o mineira. Em meio a todos os questionamentos que a COVID-19 provoca, o colapso no sistema de sa\u00fade se destaca. O medo paira no ar: temos hospitais e leitos dispon\u00edveis? Equipes suficientes? Nesse cen\u00e1rio, as Cl\u00ednicas e Hospitais de Transi\u00e7\u00e3o s\u00e3o uma sa\u00edda para aliviar o [&hellip;]","og_url":"https:\/\/www.federassantas.org.br\/novosite\/clinicas-e-hospitais-de-transicao-podem-aliviar-caos-na-saude\/","og_site_name":"Federassantas","article_published_time":"2022-02-09T13:23:57+00:00","og_image":[{"width":1200,"height":800,"url":"https:\/\/www.federassantas.org.br\/novosite\/wp-content\/uploads\/2022\/02\/32GabrielAraujo_F2A1459.jpg","type":"image\/jpeg"}],"author":"admin-federas","twitter_card":"summary_large_image","twitter_misc":{"Escrito por":"admin-federas","Est. tempo de leitura":"4 minutos"},"schema":{"@context":"https:\/\/schema.org","@graph":[{"@type":"Article","@id":"https:\/\/www.federassantas.org.br\/novosite\/clinicas-e-hospitais-de-transicao-podem-aliviar-caos-na-saude\/#article","isPartOf":{"@id":"https:\/\/www.federassantas.org.br\/novosite\/clinicas-e-hospitais-de-transicao-podem-aliviar-caos-na-saude\/"},"author":{"name":"admin-federas","@id":"https:\/\/www.federassantas.org.br\/novosite\/#\/schema\/person\/75fed98158349313fe56175f232f513c"},"headline":"Cl\u00ednicas e Hospitais de Transi\u00e7\u00e3o podem aliviar caos na sa\u00fade","datePublished":"2022-02-09T13:23:57+00:00","mainEntityOfPage":{"@id":"https:\/\/www.federassantas.org.br\/novosite\/clinicas-e-hospitais-de-transicao-podem-aliviar-caos-na-saude\/"},"wordCount":714,"commentCount":0,"publisher":{"@id":"https:\/\/www.federassantas.org.br\/novosite\/#organization"},"image":{"@id":"https:\/\/www.federassantas.org.br\/novosite\/clinicas-e-hospitais-de-transicao-podem-aliviar-caos-na-saude\/#primaryimage"},"thumbnailUrl":"https:\/\/www.federassantas.org.br\/novosite\/wp-content\/uploads\/2022\/02\/32GabrielAraujo_F2A1459.jpg","articleSection":["Not\u00edcias","Not\u00edcias filiados"],"inLanguage":"pt-BR","potentialAction":[{"@type":"CommentAction","name":"Comment","target":["https:\/\/www.federassantas.org.br\/novosite\/clinicas-e-hospitais-de-transicao-podem-aliviar-caos-na-saude\/#respond"]}]},{"@type":"WebPage","@id":"https:\/\/www.federassantas.org.br\/novosite\/clinicas-e-hospitais-de-transicao-podem-aliviar-caos-na-saude\/","url":"https:\/\/www.federassantas.org.br\/novosite\/clinicas-e-hospitais-de-transicao-podem-aliviar-caos-na-saude\/","name":"Cl\u00ednicas e Hospitais de Transi\u00e7\u00e3o podem aliviar caos na sa\u00fade - Federassantas","isPartOf":{"@id":"https:\/\/www.federassantas.org.br\/novosite\/#website"},"primaryImageOfPage":{"@id":"https:\/\/www.federassantas.org.br\/novosite\/clinicas-e-hospitais-de-transicao-podem-aliviar-caos-na-saude\/#primaryimage"},"image":{"@id":"https:\/\/www.federassantas.org.br\/novosite\/clinicas-e-hospitais-de-transicao-podem-aliviar-caos-na-saude\/#primaryimage"},"thumbnailUrl":"https:\/\/www.federassantas.org.br\/novosite\/wp-content\/uploads\/2022\/02\/32GabrielAraujo_F2A1459.jpg","datePublished":"2022-02-09T13:23:57+00:00","breadcrumb":{"@id":"https:\/\/www.federassantas.org.br\/novosite\/clinicas-e-hospitais-de-transicao-podem-aliviar-caos-na-saude\/#breadcrumb"},"inLanguage":"pt-BR","potentialAction":[{"@type":"ReadAction","target":["https:\/\/www.federassantas.org.br\/novosite\/clinicas-e-hospitais-de-transicao-podem-aliviar-caos-na-saude\/"]}]},{"@type":"ImageObject","inLanguage":"pt-BR","@id":"https:\/\/www.federassantas.org.br\/novosite\/clinicas-e-hospitais-de-transicao-podem-aliviar-caos-na-saude\/#primaryimage","url":"https:\/\/www.federassantas.org.br\/novosite\/wp-content\/uploads\/2022\/02\/32GabrielAraujo_F2A1459.jpg","contentUrl":"https:\/\/www.federassantas.org.br\/novosite\/wp-content\/uploads\/2022\/02\/32GabrielAraujo_F2A1459.jpg","width":1200,"height":800},{"@type":"BreadcrumbList","@id":"https:\/\/www.federassantas.org.br\/novosite\/clinicas-e-hospitais-de-transicao-podem-aliviar-caos-na-saude\/#breadcrumb","itemListElement":[{"@type":"ListItem","position":1,"name":"In\u00edcio","item":"https:\/\/www.federassantas.org.br\/novosite\/"},{"@type":"ListItem","position":2,"name":"Cl\u00ednicas e Hospitais de Transi\u00e7\u00e3o podem aliviar caos na sa\u00fade"}]},{"@type":"WebSite","@id":"https:\/\/www.federassantas.org.br\/novosite\/#website","url":"https:\/\/www.federassantas.org.br\/novosite\/","name":"Federassantas","description":"Fed. das Santas Casas e Hospitais Filantr\u00f3picos de MG","publisher":{"@id":"https:\/\/www.federassantas.org.br\/novosite\/#organization"},"potentialAction":[{"@type":"SearchAction","target":{"@type":"EntryPoint","urlTemplate":"https:\/\/www.federassantas.org.br\/novosite\/?s={search_term_string}"},"query-input":{"@type":"PropertyValueSpecification","valueRequired":true,"valueName":"search_term_string"}}],"inLanguage":"pt-BR"},{"@type":"Organization","@id":"https:\/\/www.federassantas.org.br\/novosite\/#organization","name":"Federassantas","url":"https:\/\/www.federassantas.org.br\/novosite\/","logo":{"@type":"ImageObject","inLanguage":"pt-BR","@id":"https:\/\/www.federassantas.org.br\/novosite\/#\/schema\/logo\/image\/","url":"https:\/\/www.federassantas.org.br\/novosite\/wp-content\/uploads\/2021\/12\/logo.png","contentUrl":"https:\/\/www.federassantas.org.br\/novosite\/wp-content\/uploads\/2021\/12\/logo.png","width":243,"height":59,"caption":"Federassantas"},"image":{"@id":"https:\/\/www.federassantas.org.br\/novosite\/#\/schema\/logo\/image\/"}},{"@type":"Person","@id":"https:\/\/www.federassantas.org.br\/novosite\/#\/schema\/person\/75fed98158349313fe56175f232f513c","name":"admin-federas","image":{"@type":"ImageObject","inLanguage":"pt-BR","@id":"https:\/\/www.federassantas.org.br\/novosite\/#\/schema\/person\/image\/","url":"https:\/\/secure.gravatar.com\/avatar\/2a02d7dda59fe8dc6b7ffd3f652e2efede5ccf0dd89dfdc8137c5517f3de8407?s=96&d=mm&r=g","contentUrl":"https:\/\/secure.gravatar.com\/avatar\/2a02d7dda59fe8dc6b7ffd3f652e2efede5ccf0dd89dfdc8137c5517f3de8407?s=96&d=mm&r=g","caption":"admin-federas"},"sameAs":["https:\/\/www.federassantas.org.br\/novosite\/"],"url":"https:\/\/www.federassantas.org.br\/novosite\/author\/admin-federas\/"}]}},"_links":{"self":[{"href":"https:\/\/www.federassantas.org.br\/novosite\/wp-json\/wp\/v2\/posts\/23310","targetHints":{"allow":["GET"]}}],"collection":[{"href":"https:\/\/www.federassantas.org.br\/novosite\/wp-json\/wp\/v2\/posts"}],"about":[{"href":"https:\/\/www.federassantas.org.br\/novosite\/wp-json\/wp\/v2\/types\/post"}],"author":[{"embeddable":true,"href":"https:\/\/www.federassantas.org.br\/novosite\/wp-json\/wp\/v2\/users\/1"}],"replies":[{"embeddable":true,"href":"https:\/\/www.federassantas.org.br\/novosite\/wp-json\/wp\/v2\/comments?post=23310"}],"version-history":[{"count":0,"href":"https:\/\/www.federassantas.org.br\/novosite\/wp-json\/wp\/v2\/posts\/23310\/revisions"}],"wp:featuredmedia":[{"embeddable":true,"href":"https:\/\/www.federassantas.org.br\/novosite\/wp-json\/wp\/v2\/media\/23311"}],"wp:attachment":[{"href":"https:\/\/www.federassantas.org.br\/novosite\/wp-json\/wp\/v2\/media?parent=23310"}],"wp:term":[{"taxonomy":"category","embeddable":true,"href":"https:\/\/www.federassantas.org.br\/novosite\/wp-json\/wp\/v2\/categories?post=23310"},{"taxonomy":"post_tag","embeddable":true,"href":"https:\/\/www.federassantas.org.br\/novosite\/wp-json\/wp\/v2\/tags?post=23310"}],"curies":[{"name":"wp","href":"https:\/\/api.w.org\/{rel}","templated":true}]}}