{"id":23313,"date":"2022-02-10T10:01:14","date_gmt":"2022-02-10T13:01:14","guid":{"rendered":"https:\/\/federasbackup.meltcomunicacao.com.br\/?p=23313"},"modified":"2022-02-10T10:01:14","modified_gmt":"2022-02-10T13:01:14","slug":"vacinacao-e-prioridade-para-o-controle-da-pandemia-diz-fiocruz","status":"publish","type":"post","link":"https:\/\/www.federassantas.org.br\/novosite\/vacinacao-e-prioridade-para-o-controle-da-pandemia-diz-fiocruz\/","title":{"rendered":"Vacina\u00e7\u00e3o \u00e9 prioridade para o controle da pandemia, diz Fiocruz"},"content":{"rendered":"\n<p><em>Novo coronav\u00edrus infectou 388 milh\u00f5es de pessoas no mundo<\/em><\/p>\n\n\n\n<p>Perto de completar dois anos, a pandemia de covid-19 ainda apresenta cen\u00e1rio preocupante, com r\u00e1pida transmiss\u00e3o da variante \u00d4micron, e seu controle depende prioritariamente da vacina\u00e7\u00e3o. A avalia\u00e7\u00e3o \u00e9 de pesquisadores do Observat\u00f3rio Covid-19, da Funda\u00e7\u00e3o Oswaldo Cruz (Fiocruz), que divulgaram nessa quarta-feira (9) um balan\u00e7o de dois anos da emerg\u00eancia sanit\u00e1ria, que fez 5,71 milh\u00f5es de v\u00edtimas no mundo e mais de 630 mil no Brasil.<img decoding=\"async\" src=\"https:\/\/agenciabrasil.ebc.com.br\/ebc.png?id=1441260&amp;o=node\"><img decoding=\"async\" src=\"https:\/\/agenciabrasil.ebc.com.br\/ebc.gif?id=1441260&amp;o=node\"><\/p>\n\n\n\n<p>Desde que os primeiros casos de covid-19 foram confirmados na China, ainda em 2019, o novo coronav\u00edrus j\u00e1 infectou 388 milh\u00f5es de pessoas no mundo e 26 milh\u00f5es no Brasil. O pa\u00eds concentra 6,7% do total de casos do mundo e 11% do total de v\u00edtimas, apesar de os brasileiros serem menos de 3% da popula\u00e7\u00e3o mundial.<\/p>\n\n\n\n<p>A Organiza\u00e7\u00e3o Mundial da Sa\u00fade (OMS) declarou em 30 de janeiro de 2020 que a covid-19 representava uma Emerg\u00eancia em Sa\u00fade P\u00fablica de Import\u00e2ncia Internacional, e passou a caracterizar a dissemina\u00e7\u00e3o da doen\u00e7a como uma pandemia, presente em todos os continentes, em 11 de mar\u00e7o. Na \u00e9poca, a doen\u00e7a j\u00e1 tinha chegado a 114 pa\u00edses e causado 4,2 mil mortes. No Brasil, o Minist\u00e9rio da Sa\u00fade reconheceu a covid-19 como Emerg\u00eancia em Sa\u00fade P\u00fablica de Import\u00e2ncia Nacional em 3 de fevereiro.<\/p>\n\n\n\n<h5 class=\"wp-block-heading\">Janela de oportunidade<\/h5>\n\n\n\n<p>Os cientistas ressaltam que as demais medidas de preven\u00e7\u00e3o devem ser mantidas, mas consideram que atingir uma ampla cobertura vacinal neste momento pode at\u00e9 mesmo bloquear a circula\u00e7\u00e3o do v\u00edrus, j\u00e1 que, com a explos\u00e3o de casos provocada pela variante \u00d4micron, h\u00e1 um grande contingente populacional que teve covid-19 recentemente e adquiriu imunidade tempor\u00e1ria contra o SARS-CoV-2.<\/p>\n\n\n\n<p>&#8220;Em um momento em que h\u00e1 muitas pessoas imunes \u00e0 doen\u00e7a, se houver uma alta cobertura vacinal completa h\u00e1 a possibilidade de tanto reduzir o n\u00famero de casos, interna\u00e7\u00f5es e \u00f3bitos, como bloquear a circula\u00e7\u00e3o do v\u00edrus&#8221;, diz o boletim, que afirma que este cen\u00e1rio pode ser visto como uma &#8220;janela de oportunidade&#8221;.<\/p>\n\n\n\n<p>A Fiocruz sugere que, nesse sentido, \u00e9 essencial implementar quatro estrat\u00e9gias de sa\u00fade p\u00fablica: garantir oportunidade de aplica\u00e7\u00e3o de vacina, com a disponibilidade em unidades com hor\u00e1rio de funcionamento expandido e em postos m\u00f3veis; realizar busca ativa por pessoas que ainda n\u00e3o iniciaram seus esquemas vacinais; massificar a campanha de incentivo \u00e0 vacina\u00e7\u00e3o de crian\u00e7as e refor\u00e7ar os benef\u00edcios gerados pela correta higieniza\u00e7\u00e3o, assim como o bom uso de m\u00e1scaras.<\/p>\n\n\n\n<p>Os pesquisadores tamb\u00e9m chamam a aten\u00e7\u00e3o para a desigualdade na cobertura vacinal no pa\u00eds, com \u00e1reas das regi\u00f5es Norte, Nordeste e Centro-Oeste em que h\u00e1 bols\u00f5es com baixa imuniza\u00e7\u00e3o. &#8220;Estes bols\u00f5es se constituem em locais de menor \u00cdndice de Desenvolvimento Humano, popula\u00e7\u00f5es mais jovens, menos escolarizadas, baixa renda e residentes de cidades de pequeno porte. Para estes locais, o fim da pandemia parece mais distante que para grandes centros como Rio de Janeiro e S\u00e3o Paulo, que j\u00e1 apresentam elevada cobertura vacinal com duas doses&#8221;.<\/p>\n\n\n\n<p>A funda\u00e7\u00e3o avalia que a desigualdade regional nas coberturas vacinais exp\u00f5e problemas de base, como acesso geogr\u00e1fico, log\u00edstica de distribui\u00e7\u00e3o, armazenamento, gest\u00e3o de estoques e velocidade na informa\u00e7\u00e3o. O boletim considera que a falta de uma ampla campanha de comunica\u00e7\u00e3o para sustentar os benef\u00edcios das vacinas e das medidas n\u00e3o farmacol\u00f3gicas se mostrou muito prejudicial.<\/p>\n\n\n\n<p>&#8220;Em meio \u00e0 pandemia, problemas que deveriam ter sido enfrentados antes, para trazer mais equidade e efici\u00eancia no processo de imuniza\u00e7\u00e3o, podem tornar popula\u00e7\u00f5es com baixa taxa de cobertura mais vulner\u00e1veis e permitir o surgimento de novas variantes, como observado em \u00e1reas mais pobres do continente africano\u201d.<\/p>\n\n\n\n<h5 class=\"wp-block-heading\">Endemia<\/h5>\n\n\n\n<p>Os cientistas discutem no balan\u00e7o de dois anos que a grande onda de casos causada pela variante \u00d4micron, que \u00e9 70 vezes mais transmiss\u00edvel que a Delta, tem gerado especula\u00e7\u00f5es sobre um poss\u00edvel fim da pandemia. Alguns pa\u00edses e ag\u00eancias de sa\u00fade j\u00e1 debatem ou p\u00f5em em pr\u00e1tica mudan\u00e7as que representam a transi\u00e7\u00e3o para uma endemia, o que caracterizaria a covid-19 como uma doen\u00e7a presente no cotidiano.<\/p>\n\n\n\n<p>O boletim ressalta, no entanto, que a mudan\u00e7a n\u00e3o significaria o fim das medidas de prote\u00e7\u00e3o individual ou coletivas. &#8220;A classifica\u00e7\u00e3o da doen\u00e7a como end\u00eamica representaria a incorpora\u00e7\u00e3o de pr\u00e1ticas sociais e assistenciais na rotina do cidad\u00e3o e dos servi\u00e7os de sa\u00fade e s\u00f3 poderia ser pensada ap\u00f3s dr\u00e1stica redu\u00e7\u00e3o da transmiss\u00e3o pelas novas variantes e por meio de campanha mundial de vacina\u00e7\u00e3o&#8221;, afirma o texto.<\/p>\n\n\n\n<p>Ao fazer um balan\u00e7o de dois anos, o boletim da Fiocruz descreve cada uma das fases da pandemia no Brasil. A dissemina\u00e7\u00e3o da doen\u00e7a no pa\u00eds, al\u00e9m de provocar milhares de mortes e sobrecarregar os sistemas de sa\u00fade, resultou em uma combina\u00e7\u00e3o de efeitos sociais e econ\u00f4micos que agravam as desigualdades estruturais da sociedade, avalia a funda\u00e7\u00e3o.<\/p>\n\n\n\n<p>O momento atual, classificado como terceira onda, teve in\u00edcio em dezembro de 2021, coincidindo com uma epidemia de Influenza A (gripe) em v\u00e1rios munic\u00edpios, com um per\u00edodo de festas, f\u00e9rias, relaxamento de medidas de restri\u00e7\u00e3o \u00e0 mobilidade e ainda com a introdu\u00e7\u00e3o no pa\u00eds da variante \u00d4micron.<\/p>\n\n\n\n<p>&#8220;Em que pese o fato de a vacina\u00e7\u00e3o ter impedido que as interna\u00e7\u00f5es e \u00f3bitos subam em igual velocidade aos casos, o aumento s\u00fabito de doentes faz crescer, inevitavelmente, a demanda por servi\u00e7os de sa\u00fade, com impactos nas taxas de ocupa\u00e7\u00e3o de leitos de UTI&#8221;, apontam os pesquisadores. &nbsp;<\/p>\n\n\n\n<p>Segundo a Fiocruz, o cen\u00e1rio atual indica ocorr\u00eancia de interna\u00e7\u00f5es maior entre idosos, quando comparadas aos adultos, e n\u00edveis preocupantes de crescimento nas interna\u00e7\u00f5es de crian\u00e7as. &#8220;Por se tratar do \u00faltimo grupo em que a vacina\u00e7\u00e3o foi iniciada, j\u00e1 em 2022, as crian\u00e7as representam hoje o grupo com maior vulnerabilidade&#8221;, afirmam pesquisadores.<\/p>\n\n\n\n<p><\/p>\n\n\n\n<p>Fonte: <a rel=\"noreferrer noopener\" href=\"https:\/\/agenciabrasil.ebc.com.br\/saude\/noticia\/2022-02\/vacina%C3%A7%C3%A3o-e-prioridade-para-o-controle-da-pandemia-diz-fiocruz\" target=\"_blank\">Ag\u00eancia Brasil<\/a><br>Foto: T\u00e2nia Rego\/Ag\u00eancia Brasil<\/p>\n","protected":false},"excerpt":{"rendered":"<p>Novo coronav\u00edrus infectou 388 milh\u00f5es de pessoas no mundo Perto de completar dois anos, a pandemia de covid-19 ainda apresenta cen\u00e1rio preocupante, com r\u00e1pida transmiss\u00e3o da variante \u00d4micron, e seu controle depende prioritariamente da vacina\u00e7\u00e3o. A avalia\u00e7\u00e3o \u00e9 de pesquisadores do Observat\u00f3rio Covid-19, da Funda\u00e7\u00e3o Oswaldo Cruz (Fiocruz), que divulgaram nessa quarta-feira (9) um balan\u00e7o [&hellip;]<\/p>\n","protected":false},"author":1,"featured_media":23314,"comment_status":"open","ping_status":"open","sticky":false,"template":"","format":"standard","meta":{"footnotes":""},"categories":[140],"tags":[],"class_list":["post-23313","post","type-post","status-publish","format-standard","has-post-thumbnail","hentry","category-noticias"],"yoast_head":"<!-- This site is optimized with the Yoast SEO plugin v26.9 - https:\/\/yoast.com\/product\/yoast-seo-wordpress\/ -->\n<title>Vacina\u00e7\u00e3o \u00e9 prioridade para o controle da pandemia, diz Fiocruz - Federassantas<\/title>\n<meta name=\"robots\" content=\"index, follow, max-snippet:-1, max-image-preview:large, max-video-preview:-1\" \/>\n<link rel=\"canonical\" href=\"https:\/\/www.federassantas.org.br\/novosite\/vacinacao-e-prioridade-para-o-controle-da-pandemia-diz-fiocruz\/\" \/>\n<meta property=\"og:locale\" content=\"pt_BR\" \/>\n<meta property=\"og:type\" content=\"article\" \/>\n<meta property=\"og:title\" content=\"Vacina\u00e7\u00e3o \u00e9 prioridade para o controle da pandemia, diz Fiocruz - Federassantas\" \/>\n<meta property=\"og:description\" content=\"Novo coronav\u00edrus infectou 388 milh\u00f5es de pessoas no mundo Perto de completar dois anos, a pandemia de covid-19 ainda apresenta cen\u00e1rio preocupante, com r\u00e1pida transmiss\u00e3o da variante \u00d4micron, e seu controle depende prioritariamente da vacina\u00e7\u00e3o. A avalia\u00e7\u00e3o \u00e9 de pesquisadores do Observat\u00f3rio Covid-19, da Funda\u00e7\u00e3o Oswaldo Cruz (Fiocruz), que divulgaram nessa quarta-feira (9) um balan\u00e7o [&hellip;]\" \/>\n<meta property=\"og:url\" content=\"https:\/\/www.federassantas.org.br\/novosite\/vacinacao-e-prioridade-para-o-controle-da-pandemia-diz-fiocruz\/\" \/>\n<meta property=\"og:site_name\" content=\"Federassantas\" \/>\n<meta property=\"article:published_time\" content=\"2022-02-10T13:01:14+00:00\" \/>\n<meta name=\"author\" content=\"admin-federas\" \/>\n<meta name=\"twitter:card\" content=\"summary_large_image\" \/>\n<meta name=\"twitter:label1\" content=\"Escrito por\" \/>\n\t<meta name=\"twitter:data1\" content=\"admin-federas\" \/>\n\t<meta name=\"twitter:label2\" content=\"Est. tempo de leitura\" \/>\n\t<meta name=\"twitter:data2\" content=\"5 minutos\" \/>\n<script type=\"application\/ld+json\" class=\"yoast-schema-graph\">{\"@context\":\"https:\/\/schema.org\",\"@graph\":[{\"@type\":\"Article\",\"@id\":\"https:\/\/www.federassantas.org.br\/novosite\/vacinacao-e-prioridade-para-o-controle-da-pandemia-diz-fiocruz\/#article\",\"isPartOf\":{\"@id\":\"https:\/\/www.federassantas.org.br\/novosite\/vacinacao-e-prioridade-para-o-controle-da-pandemia-diz-fiocruz\/\"},\"author\":{\"name\":\"admin-federas\",\"@id\":\"https:\/\/www.federassantas.org.br\/novosite\/#\/schema\/person\/75fed98158349313fe56175f232f513c\"},\"headline\":\"Vacina\u00e7\u00e3o \u00e9 prioridade para o controle da pandemia, diz Fiocruz\",\"datePublished\":\"2022-02-10T13:01:14+00:00\",\"mainEntityOfPage\":{\"@id\":\"https:\/\/www.federassantas.org.br\/novosite\/vacinacao-e-prioridade-para-o-controle-da-pandemia-diz-fiocruz\/\"},\"wordCount\":1062,\"commentCount\":0,\"publisher\":{\"@id\":\"https:\/\/www.federassantas.org.br\/novosite\/#organization\"},\"image\":{\"@id\":\"https:\/\/www.federassantas.org.br\/novosite\/vacinacao-e-prioridade-para-o-controle-da-pandemia-diz-fiocruz\/#primaryimage\"},\"thumbnailUrl\":\"\",\"articleSection\":[\"Not\u00edcias\"],\"inLanguage\":\"pt-BR\",\"potentialAction\":[{\"@type\":\"CommentAction\",\"name\":\"Comment\",\"target\":[\"https:\/\/www.federassantas.org.br\/novosite\/vacinacao-e-prioridade-para-o-controle-da-pandemia-diz-fiocruz\/#respond\"]}]},{\"@type\":\"WebPage\",\"@id\":\"https:\/\/www.federassantas.org.br\/novosite\/vacinacao-e-prioridade-para-o-controle-da-pandemia-diz-fiocruz\/\",\"url\":\"https:\/\/www.federassantas.org.br\/novosite\/vacinacao-e-prioridade-para-o-controle-da-pandemia-diz-fiocruz\/\",\"name\":\"Vacina\u00e7\u00e3o \u00e9 prioridade para o controle da pandemia, diz Fiocruz - Federassantas\",\"isPartOf\":{\"@id\":\"https:\/\/www.federassantas.org.br\/novosite\/#website\"},\"primaryImageOfPage\":{\"@id\":\"https:\/\/www.federassantas.org.br\/novosite\/vacinacao-e-prioridade-para-o-controle-da-pandemia-diz-fiocruz\/#primaryimage\"},\"image\":{\"@id\":\"https:\/\/www.federassantas.org.br\/novosite\/vacinacao-e-prioridade-para-o-controle-da-pandemia-diz-fiocruz\/#primaryimage\"},\"thumbnailUrl\":\"\",\"datePublished\":\"2022-02-10T13:01:14+00:00\",\"breadcrumb\":{\"@id\":\"https:\/\/www.federassantas.org.br\/novosite\/vacinacao-e-prioridade-para-o-controle-da-pandemia-diz-fiocruz\/#breadcrumb\"},\"inLanguage\":\"pt-BR\",\"potentialAction\":[{\"@type\":\"ReadAction\",\"target\":[\"https:\/\/www.federassantas.org.br\/novosite\/vacinacao-e-prioridade-para-o-controle-da-pandemia-diz-fiocruz\/\"]}]},{\"@type\":\"ImageObject\",\"inLanguage\":\"pt-BR\",\"@id\":\"https:\/\/www.federassantas.org.br\/novosite\/vacinacao-e-prioridade-para-o-controle-da-pandemia-diz-fiocruz\/#primaryimage\",\"url\":\"\",\"contentUrl\":\"\"},{\"@type\":\"BreadcrumbList\",\"@id\":\"https:\/\/www.federassantas.org.br\/novosite\/vacinacao-e-prioridade-para-o-controle-da-pandemia-diz-fiocruz\/#breadcrumb\",\"itemListElement\":[{\"@type\":\"ListItem\",\"position\":1,\"name\":\"In\u00edcio\",\"item\":\"https:\/\/www.federassantas.org.br\/novosite\/\"},{\"@type\":\"ListItem\",\"position\":2,\"name\":\"Vacina\u00e7\u00e3o \u00e9 prioridade para o controle da pandemia, diz Fiocruz\"}]},{\"@type\":\"WebSite\",\"@id\":\"https:\/\/www.federassantas.org.br\/novosite\/#website\",\"url\":\"https:\/\/www.federassantas.org.br\/novosite\/\",\"name\":\"Federassantas\",\"description\":\"Fed. das Santas Casas e Hospitais Filantr\u00f3picos de MG\",\"publisher\":{\"@id\":\"https:\/\/www.federassantas.org.br\/novosite\/#organization\"},\"potentialAction\":[{\"@type\":\"SearchAction\",\"target\":{\"@type\":\"EntryPoint\",\"urlTemplate\":\"https:\/\/www.federassantas.org.br\/novosite\/?s={search_term_string}\"},\"query-input\":{\"@type\":\"PropertyValueSpecification\",\"valueRequired\":true,\"valueName\":\"search_term_string\"}}],\"inLanguage\":\"pt-BR\"},{\"@type\":\"Organization\",\"@id\":\"https:\/\/www.federassantas.org.br\/novosite\/#organization\",\"name\":\"Federassantas\",\"url\":\"https:\/\/www.federassantas.org.br\/novosite\/\",\"logo\":{\"@type\":\"ImageObject\",\"inLanguage\":\"pt-BR\",\"@id\":\"https:\/\/www.federassantas.org.br\/novosite\/#\/schema\/logo\/image\/\",\"url\":\"https:\/\/www.federassantas.org.br\/novosite\/wp-content\/uploads\/2021\/12\/logo.png\",\"contentUrl\":\"https:\/\/www.federassantas.org.br\/novosite\/wp-content\/uploads\/2021\/12\/logo.png\",\"width\":243,\"height\":59,\"caption\":\"Federassantas\"},\"image\":{\"@id\":\"https:\/\/www.federassantas.org.br\/novosite\/#\/schema\/logo\/image\/\"}},{\"@type\":\"Person\",\"@id\":\"https:\/\/www.federassantas.org.br\/novosite\/#\/schema\/person\/75fed98158349313fe56175f232f513c\",\"name\":\"admin-federas\",\"image\":{\"@type\":\"ImageObject\",\"inLanguage\":\"pt-BR\",\"@id\":\"https:\/\/www.federassantas.org.br\/novosite\/#\/schema\/person\/image\/\",\"url\":\"https:\/\/secure.gravatar.com\/avatar\/2a02d7dda59fe8dc6b7ffd3f652e2efede5ccf0dd89dfdc8137c5517f3de8407?s=96&d=mm&r=g\",\"contentUrl\":\"https:\/\/secure.gravatar.com\/avatar\/2a02d7dda59fe8dc6b7ffd3f652e2efede5ccf0dd89dfdc8137c5517f3de8407?s=96&d=mm&r=g\",\"caption\":\"admin-federas\"},\"sameAs\":[\"https:\/\/www.federassantas.org.br\/novosite\/\"],\"url\":\"https:\/\/www.federassantas.org.br\/novosite\/author\/admin-federas\/\"}]}<\/script>\n<!-- \/ Yoast SEO plugin. -->","yoast_head_json":{"title":"Vacina\u00e7\u00e3o \u00e9 prioridade para o controle da pandemia, diz Fiocruz - Federassantas","robots":{"index":"index","follow":"follow","max-snippet":"max-snippet:-1","max-image-preview":"max-image-preview:large","max-video-preview":"max-video-preview:-1"},"canonical":"https:\/\/www.federassantas.org.br\/novosite\/vacinacao-e-prioridade-para-o-controle-da-pandemia-diz-fiocruz\/","og_locale":"pt_BR","og_type":"article","og_title":"Vacina\u00e7\u00e3o \u00e9 prioridade para o controle da pandemia, diz Fiocruz - Federassantas","og_description":"Novo coronav\u00edrus infectou 388 milh\u00f5es de pessoas no mundo Perto de completar dois anos, a pandemia de covid-19 ainda apresenta cen\u00e1rio preocupante, com r\u00e1pida transmiss\u00e3o da variante \u00d4micron, e seu controle depende prioritariamente da vacina\u00e7\u00e3o. A avalia\u00e7\u00e3o \u00e9 de pesquisadores do Observat\u00f3rio Covid-19, da Funda\u00e7\u00e3o Oswaldo Cruz (Fiocruz), que divulgaram nessa quarta-feira (9) um balan\u00e7o [&hellip;]","og_url":"https:\/\/www.federassantas.org.br\/novosite\/vacinacao-e-prioridade-para-o-controle-da-pandemia-diz-fiocruz\/","og_site_name":"Federassantas","article_published_time":"2022-02-10T13:01:14+00:00","author":"admin-federas","twitter_card":"summary_large_image","twitter_misc":{"Escrito por":"admin-federas","Est. tempo de leitura":"5 minutos"},"schema":{"@context":"https:\/\/schema.org","@graph":[{"@type":"Article","@id":"https:\/\/www.federassantas.org.br\/novosite\/vacinacao-e-prioridade-para-o-controle-da-pandemia-diz-fiocruz\/#article","isPartOf":{"@id":"https:\/\/www.federassantas.org.br\/novosite\/vacinacao-e-prioridade-para-o-controle-da-pandemia-diz-fiocruz\/"},"author":{"name":"admin-federas","@id":"https:\/\/www.federassantas.org.br\/novosite\/#\/schema\/person\/75fed98158349313fe56175f232f513c"},"headline":"Vacina\u00e7\u00e3o \u00e9 prioridade para o controle da pandemia, diz Fiocruz","datePublished":"2022-02-10T13:01:14+00:00","mainEntityOfPage":{"@id":"https:\/\/www.federassantas.org.br\/novosite\/vacinacao-e-prioridade-para-o-controle-da-pandemia-diz-fiocruz\/"},"wordCount":1062,"commentCount":0,"publisher":{"@id":"https:\/\/www.federassantas.org.br\/novosite\/#organization"},"image":{"@id":"https:\/\/www.federassantas.org.br\/novosite\/vacinacao-e-prioridade-para-o-controle-da-pandemia-diz-fiocruz\/#primaryimage"},"thumbnailUrl":"","articleSection":["Not\u00edcias"],"inLanguage":"pt-BR","potentialAction":[{"@type":"CommentAction","name":"Comment","target":["https:\/\/www.federassantas.org.br\/novosite\/vacinacao-e-prioridade-para-o-controle-da-pandemia-diz-fiocruz\/#respond"]}]},{"@type":"WebPage","@id":"https:\/\/www.federassantas.org.br\/novosite\/vacinacao-e-prioridade-para-o-controle-da-pandemia-diz-fiocruz\/","url":"https:\/\/www.federassantas.org.br\/novosite\/vacinacao-e-prioridade-para-o-controle-da-pandemia-diz-fiocruz\/","name":"Vacina\u00e7\u00e3o \u00e9 prioridade para o controle da pandemia, diz Fiocruz - Federassantas","isPartOf":{"@id":"https:\/\/www.federassantas.org.br\/novosite\/#website"},"primaryImageOfPage":{"@id":"https:\/\/www.federassantas.org.br\/novosite\/vacinacao-e-prioridade-para-o-controle-da-pandemia-diz-fiocruz\/#primaryimage"},"image":{"@id":"https:\/\/www.federassantas.org.br\/novosite\/vacinacao-e-prioridade-para-o-controle-da-pandemia-diz-fiocruz\/#primaryimage"},"thumbnailUrl":"","datePublished":"2022-02-10T13:01:14+00:00","breadcrumb":{"@id":"https:\/\/www.federassantas.org.br\/novosite\/vacinacao-e-prioridade-para-o-controle-da-pandemia-diz-fiocruz\/#breadcrumb"},"inLanguage":"pt-BR","potentialAction":[{"@type":"ReadAction","target":["https:\/\/www.federassantas.org.br\/novosite\/vacinacao-e-prioridade-para-o-controle-da-pandemia-diz-fiocruz\/"]}]},{"@type":"ImageObject","inLanguage":"pt-BR","@id":"https:\/\/www.federassantas.org.br\/novosite\/vacinacao-e-prioridade-para-o-controle-da-pandemia-diz-fiocruz\/#primaryimage","url":"","contentUrl":""},{"@type":"BreadcrumbList","@id":"https:\/\/www.federassantas.org.br\/novosite\/vacinacao-e-prioridade-para-o-controle-da-pandemia-diz-fiocruz\/#breadcrumb","itemListElement":[{"@type":"ListItem","position":1,"name":"In\u00edcio","item":"https:\/\/www.federassantas.org.br\/novosite\/"},{"@type":"ListItem","position":2,"name":"Vacina\u00e7\u00e3o \u00e9 prioridade para o controle da pandemia, diz Fiocruz"}]},{"@type":"WebSite","@id":"https:\/\/www.federassantas.org.br\/novosite\/#website","url":"https:\/\/www.federassantas.org.br\/novosite\/","name":"Federassantas","description":"Fed. das Santas Casas e Hospitais Filantr\u00f3picos de MG","publisher":{"@id":"https:\/\/www.federassantas.org.br\/novosite\/#organization"},"potentialAction":[{"@type":"SearchAction","target":{"@type":"EntryPoint","urlTemplate":"https:\/\/www.federassantas.org.br\/novosite\/?s={search_term_string}"},"query-input":{"@type":"PropertyValueSpecification","valueRequired":true,"valueName":"search_term_string"}}],"inLanguage":"pt-BR"},{"@type":"Organization","@id":"https:\/\/www.federassantas.org.br\/novosite\/#organization","name":"Federassantas","url":"https:\/\/www.federassantas.org.br\/novosite\/","logo":{"@type":"ImageObject","inLanguage":"pt-BR","@id":"https:\/\/www.federassantas.org.br\/novosite\/#\/schema\/logo\/image\/","url":"https:\/\/www.federassantas.org.br\/novosite\/wp-content\/uploads\/2021\/12\/logo.png","contentUrl":"https:\/\/www.federassantas.org.br\/novosite\/wp-content\/uploads\/2021\/12\/logo.png","width":243,"height":59,"caption":"Federassantas"},"image":{"@id":"https:\/\/www.federassantas.org.br\/novosite\/#\/schema\/logo\/image\/"}},{"@type":"Person","@id":"https:\/\/www.federassantas.org.br\/novosite\/#\/schema\/person\/75fed98158349313fe56175f232f513c","name":"admin-federas","image":{"@type":"ImageObject","inLanguage":"pt-BR","@id":"https:\/\/www.federassantas.org.br\/novosite\/#\/schema\/person\/image\/","url":"https:\/\/secure.gravatar.com\/avatar\/2a02d7dda59fe8dc6b7ffd3f652e2efede5ccf0dd89dfdc8137c5517f3de8407?s=96&d=mm&r=g","contentUrl":"https:\/\/secure.gravatar.com\/avatar\/2a02d7dda59fe8dc6b7ffd3f652e2efede5ccf0dd89dfdc8137c5517f3de8407?s=96&d=mm&r=g","caption":"admin-federas"},"sameAs":["https:\/\/www.federassantas.org.br\/novosite\/"],"url":"https:\/\/www.federassantas.org.br\/novosite\/author\/admin-federas\/"}]}},"_links":{"self":[{"href":"https:\/\/www.federassantas.org.br\/novosite\/wp-json\/wp\/v2\/posts\/23313","targetHints":{"allow":["GET"]}}],"collection":[{"href":"https:\/\/www.federassantas.org.br\/novosite\/wp-json\/wp\/v2\/posts"}],"about":[{"href":"https:\/\/www.federassantas.org.br\/novosite\/wp-json\/wp\/v2\/types\/post"}],"author":[{"embeddable":true,"href":"https:\/\/www.federassantas.org.br\/novosite\/wp-json\/wp\/v2\/users\/1"}],"replies":[{"embeddable":true,"href":"https:\/\/www.federassantas.org.br\/novosite\/wp-json\/wp\/v2\/comments?post=23313"}],"version-history":[{"count":0,"href":"https:\/\/www.federassantas.org.br\/novosite\/wp-json\/wp\/v2\/posts\/23313\/revisions"}],"wp:featuredmedia":[{"embeddable":true,"href":"https:\/\/www.federassantas.org.br\/novosite\/wp-json\/"}],"wp:attachment":[{"href":"https:\/\/www.federassantas.org.br\/novosite\/wp-json\/wp\/v2\/media?parent=23313"}],"wp:term":[{"taxonomy":"category","embeddable":true,"href":"https:\/\/www.federassantas.org.br\/novosite\/wp-json\/wp\/v2\/categories?post=23313"},{"taxonomy":"post_tag","embeddable":true,"href":"https:\/\/www.federassantas.org.br\/novosite\/wp-json\/wp\/v2\/tags?post=23313"}],"curies":[{"name":"wp","href":"https:\/\/api.w.org\/{rel}","templated":true}]}}