{"id":24334,"date":"2022-02-10T10:08:02","date_gmt":"2022-02-10T13:08:02","guid":{"rendered":"https:\/\/federasbackup.meltcomunicacao.com.br\/?p=23319"},"modified":"2022-02-10T10:08:02","modified_gmt":"2022-02-10T13:08:02","slug":"santa-casa-bh-busca-voluntarios-para-pesquisa-inedita-no-brasil-para-tratamento-de-tumor-cerebral","status":"publish","type":"post","link":"https:\/\/www.federassantas.org.br\/novosite\/santa-casa-bh-busca-voluntarios-para-pesquisa-inedita-no-brasil-para-tratamento-de-tumor-cerebral\/","title":{"rendered":"Santa Casa BH busca volunt\u00e1rios para pesquisa in\u00e9dita no Brasil para tratamento de tumor cerebral"},"content":{"rendered":"\n<p><em>Estudo utilizar\u00e1 microsc\u00f3pio de alta tecnologia e bi\u00f3psia l\u00edquida no tratamento e monitoramento dos pacientes; ao todo, s\u00e3o necess\u00e1rios 96 volunt\u00e1rios com diagn\u00f3stico de glioblastoma multiforme.<\/em><\/p>\n\n\n\n<p>A Santa Casa BH est\u00e1 em busca de <strong>96 volunt\u00e1rios para uma pesquisa in\u00e9dita no Brasil<\/strong> que tem como objetivo levar aos pacientes do SUS uma <strong>nova op\u00e7\u00e3o de tratamento <\/strong>para os casos novos de glioblastoma multiforme, um tipo agressivo de <strong>tumor cerebral<\/strong>. O estudo \u00e9 conduzido pelo Departamento de Neurocirurgia da institui\u00e7\u00e3o e pelo Laborat\u00f3rio de Biologia Molecular e Biomarcadores da Faculdade <strong>Santa Casa BH<\/strong>, com o apoio do <strong>Minist\u00e9rio da Sa\u00fade<\/strong>, no \u00e2mbito do <strong>PRONON<\/strong> (Programa Nacional de Apoio \u00e0 Aten\u00e7\u00e3o Oncol\u00f3gica) e da <strong>Prefeitura de Belo Horizonte<\/strong> (Secretaria Municipal de Sa\u00fade).<\/p>\n\n\n\n<p>A pesquisa conta com duas frentes: a primeira ir\u00e1 utilizar um <strong>microsc\u00f3pio <\/strong>de alta tecnologia que detecta <strong>fluoresc\u00eancia<\/strong> para visualizar o tumor, o que permite uma remo\u00e7\u00e3o mais assertiva; a segunda \u00e9 focada na parte molecular e consiste na detec\u00e7\u00e3o precoce da recidiva do tumor (ou seja, o retorno do glioblastoma multiforme), por meio do m\u00e9todo de <strong>bi\u00f3psia l\u00edquida<\/strong>.<\/p>\n\n\n\n<p>Um dos coordenadores do estudo, o neurocirurgi\u00e3o da Santa Casa BH, Dr. Marcos Dellaretti, explica como funciona o <strong>microsc\u00f3pio Pentero 800<\/strong>. \u201cNa cirurgia de retirada do glioblastoma dos pacientes volunt\u00e1rios, aplicamos a <strong>fluoresce\u00edna <\/strong>no momento da indu\u00e7\u00e3o anest\u00e9sica e isso gera o mesmo efeito de contraste dos exames de resson\u00e2ncia magn\u00e9tica. O tumor fica amarelo, enquanto o c\u00e9rebro \u00e9 branco. Dessa forma, conseguimos distinguir as \u00e1reas normais das regi\u00f5es afetadas, podendo assim aumentar a extens\u00e3o da remo\u00e7\u00e3o\u201d, esclarece.<\/p>\n\n\n\n<p>De acordo com o m\u00e9dico, essa \u00e9 uma t\u00e9cnica segura e f\u00e1cil de ser aplicada, provando ser uma ferramenta importante para a Neurocirurgia, em procedimentos intracranianos. Al\u00e9m disso, diversos estudos j\u00e1 indicam que o uso de agentes fluorescentes permite <strong>melhores \u00edndices de retirada tumoral<\/strong>, especialmente os malignos.<\/p>\n\n\n\n<p><strong>Bi\u00f3psia l\u00edquida<\/strong><\/p>\n\n\n\n<p>Na outra ponta da pesquisa da Santa Casa BH, a bi\u00f3psia l\u00edquida visa <strong>monitorar a recidiva tumoral nos pacientes operados<\/strong>. Com essa t\u00e9cnica molecular, \u00e9 poss\u00edvel identificar o seu reaparecimento antes mesmo que ele seja detect\u00e1vel nos exames de imagem.<\/p>\n\n\n\n<p>As coordenadoras dessa frente da pesquisa s\u00e3o a docente e pesquisadora Dra. Cristina Moraes Junta, bi\u00f3loga molecular e geneticista, e a docente e pesquisadora Dra. Renata Sim\u00f5es, biom\u00e9dica e patologista molecular. Dra. Cristina pontua que \u201ca bi\u00f3psia l\u00edquida \u00e9 um exame com baixa invasibilidade, j\u00e1 que depende somente da coleta do sangue do paciente. O exame detecta altera\u00e7\u00f5es no DNA tumoral circulante presente no plasma sangu\u00edneo, devido ao desprendimento dessas mol\u00e9culas do tumor s\u00f3lido\u201d, diz.<\/p>\n\n\n\n<p>J\u00e1 a Dra. Renata completa que, \u201ccom a <strong>detec\u00e7\u00e3o precoce<\/strong> da volta da atividade tumoral proporcionada pela bi\u00f3psia l\u00edquida, que \u00e9 um m\u00e9todo com maior sensibilidade, \u00e9 poss\u00edvel, por exemplo, adequar a conduta terap\u00eautica do oncologista\u201d, finaliza.<\/p>\n\n\n\n<p><strong>Perfil dos pacientes volunt\u00e1rios<\/strong><\/p>\n\n\n\n<p>Para a realiza\u00e7\u00e3o da pesquisa, a Santa Casa BH precisa de 96 volunt\u00e1rios com <strong>mais de 18 anos<\/strong>, que tenham o diagn\u00f3stico de glioblastoma multiforme e indica\u00e7\u00e3o da retirada do tumor. T<strong>odos os volunt\u00e1rios ser\u00e3o avaliados pela equipe da pesquisa<\/strong>.<\/p>\n\n\n\n<p>Os interessados em participar devem entrar em contato pelo <strong>WhatsApp (31) 99581-6309<\/strong>.<\/p>\n\n\n\n\n\n<p>Por: Comunica\u00e7\u00e3o Grupo Santa Casa BH<\/p>\n","protected":false},"excerpt":{"rendered":"<p>Estudo utilizar\u00e1 microsc\u00f3pio de alta tecnologia e bi\u00f3psia l\u00edquida no tratamento e monitoramento dos pacientes; ao todo, s\u00e3o necess\u00e1rios 96 volunt\u00e1rios com diagn\u00f3stico de glioblastoma multiforme. A Santa Casa BH est\u00e1 em busca de 96 volunt\u00e1rios para uma pesquisa in\u00e9dita no Brasil que tem como objetivo levar aos pacientes do SUS uma nova op\u00e7\u00e3o de [&hellip;]<\/p>\n","protected":false},"author":1,"featured_media":23320,"comment_status":"open","ping_status":"open","sticky":false,"template":"","format":"standard","meta":{"footnotes":""},"categories":[140,139],"tags":[],"class_list":["post-24334","post","type-post","status-publish","format-standard","has-post-thumbnail","hentry","category-noticias","category-noticias-filiados"],"yoast_head":"<!-- This site is optimized with the Yoast SEO plugin v26.9 - https:\/\/yoast.com\/product\/yoast-seo-wordpress\/ -->\n<title>Santa Casa BH busca volunt\u00e1rios para pesquisa in\u00e9dita no Brasil para tratamento de tumor cerebral - Federassantas<\/title>\n<meta name=\"robots\" content=\"index, follow, max-snippet:-1, max-image-preview:large, max-video-preview:-1\" \/>\n<link rel=\"canonical\" href=\"https:\/\/www.federassantas.org.br\/novosite\/santa-casa-bh-busca-voluntarios-para-pesquisa-inedita-no-brasil-para-tratamento-de-tumor-cerebral\/\" \/>\n<meta property=\"og:locale\" content=\"pt_BR\" \/>\n<meta property=\"og:type\" content=\"article\" \/>\n<meta property=\"og:title\" content=\"Santa Casa BH busca volunt\u00e1rios para pesquisa in\u00e9dita no Brasil para tratamento de tumor cerebral - Federassantas\" \/>\n<meta property=\"og:description\" content=\"Estudo utilizar\u00e1 microsc\u00f3pio de alta tecnologia e bi\u00f3psia l\u00edquida no tratamento e monitoramento dos pacientes; ao todo, s\u00e3o necess\u00e1rios 96 volunt\u00e1rios com diagn\u00f3stico de glioblastoma multiforme. A Santa Casa BH est\u00e1 em busca de 96 volunt\u00e1rios para uma pesquisa in\u00e9dita no Brasil que tem como objetivo levar aos pacientes do SUS uma nova op\u00e7\u00e3o de [&hellip;]\" \/>\n<meta property=\"og:url\" content=\"https:\/\/www.federassantas.org.br\/novosite\/santa-casa-bh-busca-voluntarios-para-pesquisa-inedita-no-brasil-para-tratamento-de-tumor-cerebral\/\" \/>\n<meta property=\"og:site_name\" content=\"Federassantas\" \/>\n<meta property=\"article:published_time\" content=\"2022-02-10T13:08:02+00:00\" \/>\n<meta property=\"og:image\" content=\"https:\/\/www.federassantas.org.br\/novosite\/wp-content\/uploads\/2020\/09\/HMC-1-1-scaled.jpg\" \/>\n\t<meta property=\"og:image:width\" content=\"2560\" \/>\n\t<meta property=\"og:image:height\" content=\"1709\" \/>\n\t<meta property=\"og:image:type\" content=\"image\/jpeg\" \/>\n<meta name=\"author\" content=\"admin-federas\" \/>\n<meta name=\"twitter:card\" content=\"summary_large_image\" \/>\n<meta name=\"twitter:label1\" content=\"Escrito por\" \/>\n\t<meta name=\"twitter:data1\" content=\"admin-federas\" \/>\n\t<meta name=\"twitter:label2\" content=\"Est. tempo de leitura\" \/>\n\t<meta name=\"twitter:data2\" content=\"3 minutos\" \/>\n<script type=\"application\/ld+json\" class=\"yoast-schema-graph\">{\"@context\":\"https:\/\/schema.org\",\"@graph\":[{\"@type\":\"Article\",\"@id\":\"https:\/\/www.federassantas.org.br\/novosite\/santa-casa-bh-busca-voluntarios-para-pesquisa-inedita-no-brasil-para-tratamento-de-tumor-cerebral\/#article\",\"isPartOf\":{\"@id\":\"https:\/\/www.federassantas.org.br\/novosite\/santa-casa-bh-busca-voluntarios-para-pesquisa-inedita-no-brasil-para-tratamento-de-tumor-cerebral\/\"},\"author\":{\"name\":\"admin-federas\",\"@id\":\"https:\/\/www.federassantas.org.br\/novosite\/#\/schema\/person\/75fed98158349313fe56175f232f513c\"},\"headline\":\"Santa Casa BH busca volunt\u00e1rios para pesquisa in\u00e9dita no Brasil para tratamento de tumor cerebral\",\"datePublished\":\"2022-02-10T13:08:02+00:00\",\"mainEntityOfPage\":{\"@id\":\"https:\/\/www.federassantas.org.br\/novosite\/santa-casa-bh-busca-voluntarios-para-pesquisa-inedita-no-brasil-para-tratamento-de-tumor-cerebral\/\"},\"wordCount\":593,\"commentCount\":0,\"publisher\":{\"@id\":\"https:\/\/www.federassantas.org.br\/novosite\/#organization\"},\"image\":{\"@id\":\"https:\/\/www.federassantas.org.br\/novosite\/santa-casa-bh-busca-voluntarios-para-pesquisa-inedita-no-brasil-para-tratamento-de-tumor-cerebral\/#primaryimage\"},\"thumbnailUrl\":\"https:\/\/www.federassantas.org.br\/novosite\/wp-content\/uploads\/2020\/09\/HMC-1-1-scaled.jpg\",\"articleSection\":[\"Not\u00edcias\",\"Not\u00edcias filiados\"],\"inLanguage\":\"pt-BR\",\"potentialAction\":[{\"@type\":\"CommentAction\",\"name\":\"Comment\",\"target\":[\"https:\/\/www.federassantas.org.br\/novosite\/santa-casa-bh-busca-voluntarios-para-pesquisa-inedita-no-brasil-para-tratamento-de-tumor-cerebral\/#respond\"]}]},{\"@type\":\"WebPage\",\"@id\":\"https:\/\/www.federassantas.org.br\/novosite\/santa-casa-bh-busca-voluntarios-para-pesquisa-inedita-no-brasil-para-tratamento-de-tumor-cerebral\/\",\"url\":\"https:\/\/www.federassantas.org.br\/novosite\/santa-casa-bh-busca-voluntarios-para-pesquisa-inedita-no-brasil-para-tratamento-de-tumor-cerebral\/\",\"name\":\"Santa Casa BH busca volunt\u00e1rios para pesquisa in\u00e9dita no Brasil para tratamento de tumor cerebral - Federassantas\",\"isPartOf\":{\"@id\":\"https:\/\/www.federassantas.org.br\/novosite\/#website\"},\"primaryImageOfPage\":{\"@id\":\"https:\/\/www.federassantas.org.br\/novosite\/santa-casa-bh-busca-voluntarios-para-pesquisa-inedita-no-brasil-para-tratamento-de-tumor-cerebral\/#primaryimage\"},\"image\":{\"@id\":\"https:\/\/www.federassantas.org.br\/novosite\/santa-casa-bh-busca-voluntarios-para-pesquisa-inedita-no-brasil-para-tratamento-de-tumor-cerebral\/#primaryimage\"},\"thumbnailUrl\":\"https:\/\/www.federassantas.org.br\/novosite\/wp-content\/uploads\/2020\/09\/HMC-1-1-scaled.jpg\",\"datePublished\":\"2022-02-10T13:08:02+00:00\",\"breadcrumb\":{\"@id\":\"https:\/\/www.federassantas.org.br\/novosite\/santa-casa-bh-busca-voluntarios-para-pesquisa-inedita-no-brasil-para-tratamento-de-tumor-cerebral\/#breadcrumb\"},\"inLanguage\":\"pt-BR\",\"potentialAction\":[{\"@type\":\"ReadAction\",\"target\":[\"https:\/\/www.federassantas.org.br\/novosite\/santa-casa-bh-busca-voluntarios-para-pesquisa-inedita-no-brasil-para-tratamento-de-tumor-cerebral\/\"]}]},{\"@type\":\"ImageObject\",\"inLanguage\":\"pt-BR\",\"@id\":\"https:\/\/www.federassantas.org.br\/novosite\/santa-casa-bh-busca-voluntarios-para-pesquisa-inedita-no-brasil-para-tratamento-de-tumor-cerebral\/#primaryimage\",\"url\":\"https:\/\/www.federassantas.org.br\/novosite\/wp-content\/uploads\/2020\/09\/HMC-1-1-scaled.jpg\",\"contentUrl\":\"https:\/\/www.federassantas.org.br\/novosite\/wp-content\/uploads\/2020\/09\/HMC-1-1-scaled.jpg\",\"width\":2560,\"height\":1709},{\"@type\":\"BreadcrumbList\",\"@id\":\"https:\/\/www.federassantas.org.br\/novosite\/santa-casa-bh-busca-voluntarios-para-pesquisa-inedita-no-brasil-para-tratamento-de-tumor-cerebral\/#breadcrumb\",\"itemListElement\":[{\"@type\":\"ListItem\",\"position\":1,\"name\":\"In\u00edcio\",\"item\":\"https:\/\/www.federassantas.org.br\/novosite\/\"},{\"@type\":\"ListItem\",\"position\":2,\"name\":\"Santa Casa BH busca volunt\u00e1rios para pesquisa in\u00e9dita no Brasil para tratamento de tumor cerebral\"}]},{\"@type\":\"WebSite\",\"@id\":\"https:\/\/www.federassantas.org.br\/novosite\/#website\",\"url\":\"https:\/\/www.federassantas.org.br\/novosite\/\",\"name\":\"Federassantas\",\"description\":\"Fed. das Santas Casas e Hospitais Filantr\u00f3picos de MG\",\"publisher\":{\"@id\":\"https:\/\/www.federassantas.org.br\/novosite\/#organization\"},\"potentialAction\":[{\"@type\":\"SearchAction\",\"target\":{\"@type\":\"EntryPoint\",\"urlTemplate\":\"https:\/\/www.federassantas.org.br\/novosite\/?s={search_term_string}\"},\"query-input\":{\"@type\":\"PropertyValueSpecification\",\"valueRequired\":true,\"valueName\":\"search_term_string\"}}],\"inLanguage\":\"pt-BR\"},{\"@type\":\"Organization\",\"@id\":\"https:\/\/www.federassantas.org.br\/novosite\/#organization\",\"name\":\"Federassantas\",\"url\":\"https:\/\/www.federassantas.org.br\/novosite\/\",\"logo\":{\"@type\":\"ImageObject\",\"inLanguage\":\"pt-BR\",\"@id\":\"https:\/\/www.federassantas.org.br\/novosite\/#\/schema\/logo\/image\/\",\"url\":\"https:\/\/www.federassantas.org.br\/novosite\/wp-content\/uploads\/2021\/12\/logo.png\",\"contentUrl\":\"https:\/\/www.federassantas.org.br\/novosite\/wp-content\/uploads\/2021\/12\/logo.png\",\"width\":243,\"height\":59,\"caption\":\"Federassantas\"},\"image\":{\"@id\":\"https:\/\/www.federassantas.org.br\/novosite\/#\/schema\/logo\/image\/\"}},{\"@type\":\"Person\",\"@id\":\"https:\/\/www.federassantas.org.br\/novosite\/#\/schema\/person\/75fed98158349313fe56175f232f513c\",\"name\":\"admin-federas\",\"image\":{\"@type\":\"ImageObject\",\"inLanguage\":\"pt-BR\",\"@id\":\"https:\/\/www.federassantas.org.br\/novosite\/#\/schema\/person\/image\/\",\"url\":\"https:\/\/secure.gravatar.com\/avatar\/2a02d7dda59fe8dc6b7ffd3f652e2efede5ccf0dd89dfdc8137c5517f3de8407?s=96&d=mm&r=g\",\"contentUrl\":\"https:\/\/secure.gravatar.com\/avatar\/2a02d7dda59fe8dc6b7ffd3f652e2efede5ccf0dd89dfdc8137c5517f3de8407?s=96&d=mm&r=g\",\"caption\":\"admin-federas\"},\"sameAs\":[\"https:\/\/www.federassantas.org.br\/novosite\/\"],\"url\":\"https:\/\/www.federassantas.org.br\/novosite\/author\/admin-federas\/\"}]}<\/script>\n<!-- \/ Yoast SEO plugin. -->","yoast_head_json":{"title":"Santa Casa BH busca volunt\u00e1rios para pesquisa in\u00e9dita no Brasil para tratamento de tumor cerebral - Federassantas","robots":{"index":"index","follow":"follow","max-snippet":"max-snippet:-1","max-image-preview":"max-image-preview:large","max-video-preview":"max-video-preview:-1"},"canonical":"https:\/\/www.federassantas.org.br\/novosite\/santa-casa-bh-busca-voluntarios-para-pesquisa-inedita-no-brasil-para-tratamento-de-tumor-cerebral\/","og_locale":"pt_BR","og_type":"article","og_title":"Santa Casa BH busca volunt\u00e1rios para pesquisa in\u00e9dita no Brasil para tratamento de tumor cerebral - Federassantas","og_description":"Estudo utilizar\u00e1 microsc\u00f3pio de alta tecnologia e bi\u00f3psia l\u00edquida no tratamento e monitoramento dos pacientes; ao todo, s\u00e3o necess\u00e1rios 96 volunt\u00e1rios com diagn\u00f3stico de glioblastoma multiforme. A Santa Casa BH est\u00e1 em busca de 96 volunt\u00e1rios para uma pesquisa in\u00e9dita no Brasil que tem como objetivo levar aos pacientes do SUS uma nova op\u00e7\u00e3o de [&hellip;]","og_url":"https:\/\/www.federassantas.org.br\/novosite\/santa-casa-bh-busca-voluntarios-para-pesquisa-inedita-no-brasil-para-tratamento-de-tumor-cerebral\/","og_site_name":"Federassantas","article_published_time":"2022-02-10T13:08:02+00:00","og_image":[{"width":2560,"height":1709,"url":"https:\/\/www.federassantas.org.br\/novosite\/wp-content\/uploads\/2020\/09\/HMC-1-1-scaled.jpg","type":"image\/jpeg"}],"author":"admin-federas","twitter_card":"summary_large_image","twitter_misc":{"Escrito por":"admin-federas","Est. tempo de leitura":"3 minutos"},"schema":{"@context":"https:\/\/schema.org","@graph":[{"@type":"Article","@id":"https:\/\/www.federassantas.org.br\/novosite\/santa-casa-bh-busca-voluntarios-para-pesquisa-inedita-no-brasil-para-tratamento-de-tumor-cerebral\/#article","isPartOf":{"@id":"https:\/\/www.federassantas.org.br\/novosite\/santa-casa-bh-busca-voluntarios-para-pesquisa-inedita-no-brasil-para-tratamento-de-tumor-cerebral\/"},"author":{"name":"admin-federas","@id":"https:\/\/www.federassantas.org.br\/novosite\/#\/schema\/person\/75fed98158349313fe56175f232f513c"},"headline":"Santa Casa BH busca volunt\u00e1rios para pesquisa in\u00e9dita no Brasil para tratamento de tumor cerebral","datePublished":"2022-02-10T13:08:02+00:00","mainEntityOfPage":{"@id":"https:\/\/www.federassantas.org.br\/novosite\/santa-casa-bh-busca-voluntarios-para-pesquisa-inedita-no-brasil-para-tratamento-de-tumor-cerebral\/"},"wordCount":593,"commentCount":0,"publisher":{"@id":"https:\/\/www.federassantas.org.br\/novosite\/#organization"},"image":{"@id":"https:\/\/www.federassantas.org.br\/novosite\/santa-casa-bh-busca-voluntarios-para-pesquisa-inedita-no-brasil-para-tratamento-de-tumor-cerebral\/#primaryimage"},"thumbnailUrl":"https:\/\/www.federassantas.org.br\/novosite\/wp-content\/uploads\/2020\/09\/HMC-1-1-scaled.jpg","articleSection":["Not\u00edcias","Not\u00edcias filiados"],"inLanguage":"pt-BR","potentialAction":[{"@type":"CommentAction","name":"Comment","target":["https:\/\/www.federassantas.org.br\/novosite\/santa-casa-bh-busca-voluntarios-para-pesquisa-inedita-no-brasil-para-tratamento-de-tumor-cerebral\/#respond"]}]},{"@type":"WebPage","@id":"https:\/\/www.federassantas.org.br\/novosite\/santa-casa-bh-busca-voluntarios-para-pesquisa-inedita-no-brasil-para-tratamento-de-tumor-cerebral\/","url":"https:\/\/www.federassantas.org.br\/novosite\/santa-casa-bh-busca-voluntarios-para-pesquisa-inedita-no-brasil-para-tratamento-de-tumor-cerebral\/","name":"Santa Casa BH busca volunt\u00e1rios para pesquisa in\u00e9dita no Brasil para tratamento de tumor cerebral - Federassantas","isPartOf":{"@id":"https:\/\/www.federassantas.org.br\/novosite\/#website"},"primaryImageOfPage":{"@id":"https:\/\/www.federassantas.org.br\/novosite\/santa-casa-bh-busca-voluntarios-para-pesquisa-inedita-no-brasil-para-tratamento-de-tumor-cerebral\/#primaryimage"},"image":{"@id":"https:\/\/www.federassantas.org.br\/novosite\/santa-casa-bh-busca-voluntarios-para-pesquisa-inedita-no-brasil-para-tratamento-de-tumor-cerebral\/#primaryimage"},"thumbnailUrl":"https:\/\/www.federassantas.org.br\/novosite\/wp-content\/uploads\/2020\/09\/HMC-1-1-scaled.jpg","datePublished":"2022-02-10T13:08:02+00:00","breadcrumb":{"@id":"https:\/\/www.federassantas.org.br\/novosite\/santa-casa-bh-busca-voluntarios-para-pesquisa-inedita-no-brasil-para-tratamento-de-tumor-cerebral\/#breadcrumb"},"inLanguage":"pt-BR","potentialAction":[{"@type":"ReadAction","target":["https:\/\/www.federassantas.org.br\/novosite\/santa-casa-bh-busca-voluntarios-para-pesquisa-inedita-no-brasil-para-tratamento-de-tumor-cerebral\/"]}]},{"@type":"ImageObject","inLanguage":"pt-BR","@id":"https:\/\/www.federassantas.org.br\/novosite\/santa-casa-bh-busca-voluntarios-para-pesquisa-inedita-no-brasil-para-tratamento-de-tumor-cerebral\/#primaryimage","url":"https:\/\/www.federassantas.org.br\/novosite\/wp-content\/uploads\/2020\/09\/HMC-1-1-scaled.jpg","contentUrl":"https:\/\/www.federassantas.org.br\/novosite\/wp-content\/uploads\/2020\/09\/HMC-1-1-scaled.jpg","width":2560,"height":1709},{"@type":"BreadcrumbList","@id":"https:\/\/www.federassantas.org.br\/novosite\/santa-casa-bh-busca-voluntarios-para-pesquisa-inedita-no-brasil-para-tratamento-de-tumor-cerebral\/#breadcrumb","itemListElement":[{"@type":"ListItem","position":1,"name":"In\u00edcio","item":"https:\/\/www.federassantas.org.br\/novosite\/"},{"@type":"ListItem","position":2,"name":"Santa Casa BH busca volunt\u00e1rios para pesquisa in\u00e9dita no Brasil para tratamento de tumor cerebral"}]},{"@type":"WebSite","@id":"https:\/\/www.federassantas.org.br\/novosite\/#website","url":"https:\/\/www.federassantas.org.br\/novosite\/","name":"Federassantas","description":"Fed. das Santas Casas e Hospitais Filantr\u00f3picos de MG","publisher":{"@id":"https:\/\/www.federassantas.org.br\/novosite\/#organization"},"potentialAction":[{"@type":"SearchAction","target":{"@type":"EntryPoint","urlTemplate":"https:\/\/www.federassantas.org.br\/novosite\/?s={search_term_string}"},"query-input":{"@type":"PropertyValueSpecification","valueRequired":true,"valueName":"search_term_string"}}],"inLanguage":"pt-BR"},{"@type":"Organization","@id":"https:\/\/www.federassantas.org.br\/novosite\/#organization","name":"Federassantas","url":"https:\/\/www.federassantas.org.br\/novosite\/","logo":{"@type":"ImageObject","inLanguage":"pt-BR","@id":"https:\/\/www.federassantas.org.br\/novosite\/#\/schema\/logo\/image\/","url":"https:\/\/www.federassantas.org.br\/novosite\/wp-content\/uploads\/2021\/12\/logo.png","contentUrl":"https:\/\/www.federassantas.org.br\/novosite\/wp-content\/uploads\/2021\/12\/logo.png","width":243,"height":59,"caption":"Federassantas"},"image":{"@id":"https:\/\/www.federassantas.org.br\/novosite\/#\/schema\/logo\/image\/"}},{"@type":"Person","@id":"https:\/\/www.federassantas.org.br\/novosite\/#\/schema\/person\/75fed98158349313fe56175f232f513c","name":"admin-federas","image":{"@type":"ImageObject","inLanguage":"pt-BR","@id":"https:\/\/www.federassantas.org.br\/novosite\/#\/schema\/person\/image\/","url":"https:\/\/secure.gravatar.com\/avatar\/2a02d7dda59fe8dc6b7ffd3f652e2efede5ccf0dd89dfdc8137c5517f3de8407?s=96&d=mm&r=g","contentUrl":"https:\/\/secure.gravatar.com\/avatar\/2a02d7dda59fe8dc6b7ffd3f652e2efede5ccf0dd89dfdc8137c5517f3de8407?s=96&d=mm&r=g","caption":"admin-federas"},"sameAs":["https:\/\/www.federassantas.org.br\/novosite\/"],"url":"https:\/\/www.federassantas.org.br\/novosite\/author\/admin-federas\/"}]}},"_links":{"self":[{"href":"https:\/\/www.federassantas.org.br\/novosite\/wp-json\/wp\/v2\/posts\/24334","targetHints":{"allow":["GET"]}}],"collection":[{"href":"https:\/\/www.federassantas.org.br\/novosite\/wp-json\/wp\/v2\/posts"}],"about":[{"href":"https:\/\/www.federassantas.org.br\/novosite\/wp-json\/wp\/v2\/types\/post"}],"author":[{"embeddable":true,"href":"https:\/\/www.federassantas.org.br\/novosite\/wp-json\/wp\/v2\/users\/1"}],"replies":[{"embeddable":true,"href":"https:\/\/www.federassantas.org.br\/novosite\/wp-json\/wp\/v2\/comments?post=24334"}],"version-history":[{"count":0,"href":"https:\/\/www.federassantas.org.br\/novosite\/wp-json\/wp\/v2\/posts\/24334\/revisions"}],"wp:featuredmedia":[{"embeddable":true,"href":"https:\/\/www.federassantas.org.br\/novosite\/wp-json\/wp\/v2\/media\/23320"}],"wp:attachment":[{"href":"https:\/\/www.federassantas.org.br\/novosite\/wp-json\/wp\/v2\/media?parent=24334"}],"wp:term":[{"taxonomy":"category","embeddable":true,"href":"https:\/\/www.federassantas.org.br\/novosite\/wp-json\/wp\/v2\/categories?post=24334"},{"taxonomy":"post_tag","embeddable":true,"href":"https:\/\/www.federassantas.org.br\/novosite\/wp-json\/wp\/v2\/tags?post=24334"}],"curies":[{"name":"wp","href":"https:\/\/api.w.org\/{rel}","templated":true}]}}