{"id":24335,"date":"2022-02-11T10:40:26","date_gmt":"2022-02-11T13:40:26","guid":{"rendered":"https:\/\/federasbackup.meltcomunicacao.com.br\/?p=23367"},"modified":"2022-02-11T10:40:26","modified_gmt":"2022-02-11T13:40:26","slug":"dom-joao-justino-recebe-homenagem-de-despedida-da-santa-casa-montes-claros","status":"publish","type":"post","link":"https:\/\/www.federassantas.org.br\/novosite\/dom-joao-justino-recebe-homenagem-de-despedida-da-santa-casa-montes-claros\/","title":{"rendered":"Dom Jo\u00e3o Justino recebe homenagem de despedida da Santa Casa Montes Claros"},"content":{"rendered":"\n<p>A tarde dessa quinta-feira (10) foi um momento especial na Santa Casa. Dom Jo\u00e3o Justino, que a partir do pr\u00f3ximo dia 16 de fevereiro passa a ser o novo Arcebispo Metropolitano de Goi\u00e2nia-GO, recebeu uma homenagem de despedida da Irmandade Nossa Senhora das Merc\u00eas de Montes Claros (entidade mantenedora do hospital).<\/p>\n\n\n\n<p>Com a presen\u00e7a da dire\u00e7\u00e3o da Institui\u00e7\u00e3o e membros da Irmandade, o provedor Jos\u00e9 Gilson Caldeira agradeceu ao Arcebispo por toda sua dedica\u00e7\u00e3o e empenho \u00e0 frente do hospital. &#8220;N\u00f3s temos muito a agradecer ao Dom Justino. Externo meu desejo de sucesso, prosperidade e b\u00ean\u00e7\u00e3os em sua vida&#8221;, ressaltou.<\/p>\n\n\n\n<p>O superintendente, Maur\u00edcio S\u00e9rgio Sousa e Silva, tamb\u00e9m aproveitou o momento para ressaltar a import\u00e2ncia de Dom Justino para toda a regi\u00e3o. &#8220;Nossa homenagem \u00e9 simples, mas sincera. Agradecemos por ter nos conduzido, com muita sabedoria e serenidade, durante todo esse tempo, especialmente em virtude da situa\u00e7\u00e3o de pandemia. Em nome dos mais de dois mil colaboradores e de todo nosso corpo cl\u00ednico, agradecemos, de cora\u00e7\u00e3o, todo o empenho em prol da popula\u00e7\u00e3o do Norte de Minas. Desejamos boa sorte e pedimos a Deus que continue aben\u00e7oando os passos desse ser humano extraordin\u00e1rio&#8221;, disse.<\/p>\n\n\n\n<p>Durante o encontro, Dom Justino, em nome de toda a Institui\u00e7\u00e3o, recebeu uma placa em forma de homenagem. &#8220;Sempre me senti muito em casa na Santa Casa. Fui muito bem acolhido e recebido nesta Institui\u00e7\u00e3o. Quero registrar meu agradecimento e, certamente, o novo Arcebispo dar\u00e1 continuidade a esse trabalho, pois a Santa Casa tem uma import\u00e2ncia enorme para a regi\u00e3o. Pe\u00e7o que rezem por mim, pois terei novos desafios daqui pra frente&#8221;, pontuou.<\/p>\n\n\n\n<p>Ainda durante o evento, o l\u00edder religioso autografou v\u00e1rios exemplares do livro &#8220;Diakonia da Palavra&#8221;, de sua autoria. Na obra, \u00e9 poss\u00edvel conhecer a hist\u00f3ria de Dom Justino e suas experi\u00eancias com a vida religiosa. Para quem se interessar em adquirir um exemplar, pode procurar pela Associa\u00e7\u00e3o Bom Pastor-Arquimoc (Rua Gr\u00e3o Mogol, 313, Centro, Montes Claros-MG) ou atrav\u00e9s do whatsapp: 38 3201-8144. Os recursos oriundos da venda dos livros ser\u00e3o destinados para a\u00e7\u00f5es beneficentes da Associa\u00e7\u00e3o Bom Pastor-Arquimoc.<\/p>\n\n\n\n<figure class=\"wp-block-image size-medium\"><img decoding=\"async\" src=\"http:\/\/federasbackup.meltcomunicacao.com.br\/wp-content\/uploads\/2022\/02\/DOM-autografo-300x200.jpg\" alt=\"\" class=\"wp-image-23368\"\/><\/figure>\n\n\n\n<p>Por: Ana Paula Paix\u00e3o &#8211; <strong>\u00a0<\/strong>Assessoria de Imprensa Santa Casa Montes Claros<br><\/p>\n","protected":false},"excerpt":{"rendered":"<p>A tarde dessa quinta-feira (10) foi um momento especial na Santa Casa. Dom Jo\u00e3o Justino, que a partir do pr\u00f3ximo dia 16 de fevereiro passa a ser o novo Arcebispo Metropolitano de Goi\u00e2nia-GO, recebeu uma homenagem de despedida da Irmandade Nossa Senhora das Merc\u00eas de Montes Claros (entidade mantenedora do hospital). Com a presen\u00e7a da [&hellip;]<\/p>\n","protected":false},"author":1,"featured_media":23369,"comment_status":"open","ping_status":"open","sticky":false,"template":"","format":"standard","meta":{"footnotes":""},"categories":[140,139],"tags":[],"class_list":["post-24335","post","type-post","status-publish","format-standard","has-post-thumbnail","hentry","category-noticias","category-noticias-filiados"],"yoast_head":"<!-- This site is optimized with the Yoast SEO plugin v26.9 - https:\/\/yoast.com\/product\/yoast-seo-wordpress\/ -->\n<title>Dom Jo\u00e3o Justino recebe homenagem de despedida da Santa Casa Montes Claros - Federassantas<\/title>\n<meta name=\"robots\" content=\"index, follow, max-snippet:-1, max-image-preview:large, max-video-preview:-1\" \/>\n<link rel=\"canonical\" href=\"https:\/\/www.federassantas.org.br\/novosite\/dom-joao-justino-recebe-homenagem-de-despedida-da-santa-casa-montes-claros\/\" \/>\n<meta property=\"og:locale\" content=\"pt_BR\" \/>\n<meta property=\"og:type\" content=\"article\" \/>\n<meta property=\"og:title\" content=\"Dom Jo\u00e3o Justino recebe homenagem de despedida da Santa Casa Montes Claros - Federassantas\" \/>\n<meta property=\"og:description\" content=\"A tarde dessa quinta-feira (10) foi um momento especial na Santa Casa. Dom Jo\u00e3o Justino, que a partir do pr\u00f3ximo dia 16 de fevereiro passa a ser o novo Arcebispo Metropolitano de Goi\u00e2nia-GO, recebeu uma homenagem de despedida da Irmandade Nossa Senhora das Merc\u00eas de Montes Claros (entidade mantenedora do hospital). Com a presen\u00e7a da [&hellip;]\" \/>\n<meta property=\"og:url\" content=\"https:\/\/www.federassantas.org.br\/novosite\/dom-joao-justino-recebe-homenagem-de-despedida-da-santa-casa-montes-claros\/\" \/>\n<meta property=\"og:site_name\" content=\"Federassantas\" \/>\n<meta property=\"article:published_time\" content=\"2022-02-11T13:40:26+00:00\" \/>\n<meta property=\"og:image\" content=\"https:\/\/www.federassantas.org.br\/novosite\/wp-content\/uploads\/2020\/11\/Foto-2-1-1-scaled.jpg\" \/>\n\t<meta property=\"og:image:width\" content=\"2560\" \/>\n\t<meta property=\"og:image:height\" content=\"1440\" \/>\n\t<meta property=\"og:image:type\" content=\"image\/jpeg\" \/>\n<meta name=\"author\" content=\"admin-federas\" \/>\n<meta name=\"twitter:card\" content=\"summary_large_image\" \/>\n<meta name=\"twitter:label1\" content=\"Escrito por\" \/>\n\t<meta name=\"twitter:data1\" content=\"admin-federas\" \/>\n\t<meta name=\"twitter:label2\" content=\"Est. tempo de leitura\" \/>\n\t<meta name=\"twitter:data2\" content=\"2 minutos\" \/>\n<script type=\"application\/ld+json\" class=\"yoast-schema-graph\">{\"@context\":\"https:\/\/schema.org\",\"@graph\":[{\"@type\":\"Article\",\"@id\":\"https:\/\/www.federassantas.org.br\/novosite\/dom-joao-justino-recebe-homenagem-de-despedida-da-santa-casa-montes-claros\/#article\",\"isPartOf\":{\"@id\":\"https:\/\/www.federassantas.org.br\/novosite\/dom-joao-justino-recebe-homenagem-de-despedida-da-santa-casa-montes-claros\/\"},\"author\":{\"name\":\"admin-federas\",\"@id\":\"https:\/\/www.federassantas.org.br\/novosite\/#\/schema\/person\/75fed98158349313fe56175f232f513c\"},\"headline\":\"Dom Jo\u00e3o Justino recebe homenagem de despedida da Santa Casa Montes Claros\",\"datePublished\":\"2022-02-11T13:40:26+00:00\",\"mainEntityOfPage\":{\"@id\":\"https:\/\/www.federassantas.org.br\/novosite\/dom-joao-justino-recebe-homenagem-de-despedida-da-santa-casa-montes-claros\/\"},\"wordCount\":402,\"commentCount\":0,\"publisher\":{\"@id\":\"https:\/\/www.federassantas.org.br\/novosite\/#organization\"},\"image\":{\"@id\":\"https:\/\/www.federassantas.org.br\/novosite\/dom-joao-justino-recebe-homenagem-de-despedida-da-santa-casa-montes-claros\/#primaryimage\"},\"thumbnailUrl\":\"https:\/\/www.federassantas.org.br\/novosite\/wp-content\/uploads\/2020\/11\/Foto-2-1-1-scaled.jpg\",\"articleSection\":[\"Not\u00edcias\",\"Not\u00edcias filiados\"],\"inLanguage\":\"pt-BR\",\"potentialAction\":[{\"@type\":\"CommentAction\",\"name\":\"Comment\",\"target\":[\"https:\/\/www.federassantas.org.br\/novosite\/dom-joao-justino-recebe-homenagem-de-despedida-da-santa-casa-montes-claros\/#respond\"]}]},{\"@type\":\"WebPage\",\"@id\":\"https:\/\/www.federassantas.org.br\/novosite\/dom-joao-justino-recebe-homenagem-de-despedida-da-santa-casa-montes-claros\/\",\"url\":\"https:\/\/www.federassantas.org.br\/novosite\/dom-joao-justino-recebe-homenagem-de-despedida-da-santa-casa-montes-claros\/\",\"name\":\"Dom Jo\u00e3o Justino recebe homenagem de despedida da Santa Casa Montes Claros - Federassantas\",\"isPartOf\":{\"@id\":\"https:\/\/www.federassantas.org.br\/novosite\/#website\"},\"primaryImageOfPage\":{\"@id\":\"https:\/\/www.federassantas.org.br\/novosite\/dom-joao-justino-recebe-homenagem-de-despedida-da-santa-casa-montes-claros\/#primaryimage\"},\"image\":{\"@id\":\"https:\/\/www.federassantas.org.br\/novosite\/dom-joao-justino-recebe-homenagem-de-despedida-da-santa-casa-montes-claros\/#primaryimage\"},\"thumbnailUrl\":\"https:\/\/www.federassantas.org.br\/novosite\/wp-content\/uploads\/2020\/11\/Foto-2-1-1-scaled.jpg\",\"datePublished\":\"2022-02-11T13:40:26+00:00\",\"breadcrumb\":{\"@id\":\"https:\/\/www.federassantas.org.br\/novosite\/dom-joao-justino-recebe-homenagem-de-despedida-da-santa-casa-montes-claros\/#breadcrumb\"},\"inLanguage\":\"pt-BR\",\"potentialAction\":[{\"@type\":\"ReadAction\",\"target\":[\"https:\/\/www.federassantas.org.br\/novosite\/dom-joao-justino-recebe-homenagem-de-despedida-da-santa-casa-montes-claros\/\"]}]},{\"@type\":\"ImageObject\",\"inLanguage\":\"pt-BR\",\"@id\":\"https:\/\/www.federassantas.org.br\/novosite\/dom-joao-justino-recebe-homenagem-de-despedida-da-santa-casa-montes-claros\/#primaryimage\",\"url\":\"https:\/\/www.federassantas.org.br\/novosite\/wp-content\/uploads\/2020\/11\/Foto-2-1-1-scaled.jpg\",\"contentUrl\":\"https:\/\/www.federassantas.org.br\/novosite\/wp-content\/uploads\/2020\/11\/Foto-2-1-1-scaled.jpg\",\"width\":2560,\"height\":1440},{\"@type\":\"BreadcrumbList\",\"@id\":\"https:\/\/www.federassantas.org.br\/novosite\/dom-joao-justino-recebe-homenagem-de-despedida-da-santa-casa-montes-claros\/#breadcrumb\",\"itemListElement\":[{\"@type\":\"ListItem\",\"position\":1,\"name\":\"In\u00edcio\",\"item\":\"https:\/\/www.federassantas.org.br\/novosite\/\"},{\"@type\":\"ListItem\",\"position\":2,\"name\":\"Dom Jo\u00e3o Justino recebe homenagem de despedida da Santa Casa Montes Claros\"}]},{\"@type\":\"WebSite\",\"@id\":\"https:\/\/www.federassantas.org.br\/novosite\/#website\",\"url\":\"https:\/\/www.federassantas.org.br\/novosite\/\",\"name\":\"Federassantas\",\"description\":\"Fed. das Santas Casas e Hospitais Filantr\u00f3picos de MG\",\"publisher\":{\"@id\":\"https:\/\/www.federassantas.org.br\/novosite\/#organization\"},\"potentialAction\":[{\"@type\":\"SearchAction\",\"target\":{\"@type\":\"EntryPoint\",\"urlTemplate\":\"https:\/\/www.federassantas.org.br\/novosite\/?s={search_term_string}\"},\"query-input\":{\"@type\":\"PropertyValueSpecification\",\"valueRequired\":true,\"valueName\":\"search_term_string\"}}],\"inLanguage\":\"pt-BR\"},{\"@type\":\"Organization\",\"@id\":\"https:\/\/www.federassantas.org.br\/novosite\/#organization\",\"name\":\"Federassantas\",\"url\":\"https:\/\/www.federassantas.org.br\/novosite\/\",\"logo\":{\"@type\":\"ImageObject\",\"inLanguage\":\"pt-BR\",\"@id\":\"https:\/\/www.federassantas.org.br\/novosite\/#\/schema\/logo\/image\/\",\"url\":\"https:\/\/www.federassantas.org.br\/novosite\/wp-content\/uploads\/2021\/12\/logo.png\",\"contentUrl\":\"https:\/\/www.federassantas.org.br\/novosite\/wp-content\/uploads\/2021\/12\/logo.png\",\"width\":243,\"height\":59,\"caption\":\"Federassantas\"},\"image\":{\"@id\":\"https:\/\/www.federassantas.org.br\/novosite\/#\/schema\/logo\/image\/\"}},{\"@type\":\"Person\",\"@id\":\"https:\/\/www.federassantas.org.br\/novosite\/#\/schema\/person\/75fed98158349313fe56175f232f513c\",\"name\":\"admin-federas\",\"image\":{\"@type\":\"ImageObject\",\"inLanguage\":\"pt-BR\",\"@id\":\"https:\/\/www.federassantas.org.br\/novosite\/#\/schema\/person\/image\/\",\"url\":\"https:\/\/secure.gravatar.com\/avatar\/2a02d7dda59fe8dc6b7ffd3f652e2efede5ccf0dd89dfdc8137c5517f3de8407?s=96&d=mm&r=g\",\"contentUrl\":\"https:\/\/secure.gravatar.com\/avatar\/2a02d7dda59fe8dc6b7ffd3f652e2efede5ccf0dd89dfdc8137c5517f3de8407?s=96&d=mm&r=g\",\"caption\":\"admin-federas\"},\"sameAs\":[\"https:\/\/www.federassantas.org.br\/novosite\/\"],\"url\":\"https:\/\/www.federassantas.org.br\/novosite\/author\/admin-federas\/\"}]}<\/script>\n<!-- \/ Yoast SEO plugin. -->","yoast_head_json":{"title":"Dom Jo\u00e3o Justino recebe homenagem de despedida da Santa Casa Montes Claros - Federassantas","robots":{"index":"index","follow":"follow","max-snippet":"max-snippet:-1","max-image-preview":"max-image-preview:large","max-video-preview":"max-video-preview:-1"},"canonical":"https:\/\/www.federassantas.org.br\/novosite\/dom-joao-justino-recebe-homenagem-de-despedida-da-santa-casa-montes-claros\/","og_locale":"pt_BR","og_type":"article","og_title":"Dom Jo\u00e3o Justino recebe homenagem de despedida da Santa Casa Montes Claros - Federassantas","og_description":"A tarde dessa quinta-feira (10) foi um momento especial na Santa Casa. Dom Jo\u00e3o Justino, que a partir do pr\u00f3ximo dia 16 de fevereiro passa a ser o novo Arcebispo Metropolitano de Goi\u00e2nia-GO, recebeu uma homenagem de despedida da Irmandade Nossa Senhora das Merc\u00eas de Montes Claros (entidade mantenedora do hospital). Com a presen\u00e7a da [&hellip;]","og_url":"https:\/\/www.federassantas.org.br\/novosite\/dom-joao-justino-recebe-homenagem-de-despedida-da-santa-casa-montes-claros\/","og_site_name":"Federassantas","article_published_time":"2022-02-11T13:40:26+00:00","og_image":[{"width":2560,"height":1440,"url":"https:\/\/www.federassantas.org.br\/novosite\/wp-content\/uploads\/2020\/11\/Foto-2-1-1-scaled.jpg","type":"image\/jpeg"}],"author":"admin-federas","twitter_card":"summary_large_image","twitter_misc":{"Escrito por":"admin-federas","Est. tempo de leitura":"2 minutos"},"schema":{"@context":"https:\/\/schema.org","@graph":[{"@type":"Article","@id":"https:\/\/www.federassantas.org.br\/novosite\/dom-joao-justino-recebe-homenagem-de-despedida-da-santa-casa-montes-claros\/#article","isPartOf":{"@id":"https:\/\/www.federassantas.org.br\/novosite\/dom-joao-justino-recebe-homenagem-de-despedida-da-santa-casa-montes-claros\/"},"author":{"name":"admin-federas","@id":"https:\/\/www.federassantas.org.br\/novosite\/#\/schema\/person\/75fed98158349313fe56175f232f513c"},"headline":"Dom Jo\u00e3o Justino recebe homenagem de despedida da Santa Casa Montes Claros","datePublished":"2022-02-11T13:40:26+00:00","mainEntityOfPage":{"@id":"https:\/\/www.federassantas.org.br\/novosite\/dom-joao-justino-recebe-homenagem-de-despedida-da-santa-casa-montes-claros\/"},"wordCount":402,"commentCount":0,"publisher":{"@id":"https:\/\/www.federassantas.org.br\/novosite\/#organization"},"image":{"@id":"https:\/\/www.federassantas.org.br\/novosite\/dom-joao-justino-recebe-homenagem-de-despedida-da-santa-casa-montes-claros\/#primaryimage"},"thumbnailUrl":"https:\/\/www.federassantas.org.br\/novosite\/wp-content\/uploads\/2020\/11\/Foto-2-1-1-scaled.jpg","articleSection":["Not\u00edcias","Not\u00edcias filiados"],"inLanguage":"pt-BR","potentialAction":[{"@type":"CommentAction","name":"Comment","target":["https:\/\/www.federassantas.org.br\/novosite\/dom-joao-justino-recebe-homenagem-de-despedida-da-santa-casa-montes-claros\/#respond"]}]},{"@type":"WebPage","@id":"https:\/\/www.federassantas.org.br\/novosite\/dom-joao-justino-recebe-homenagem-de-despedida-da-santa-casa-montes-claros\/","url":"https:\/\/www.federassantas.org.br\/novosite\/dom-joao-justino-recebe-homenagem-de-despedida-da-santa-casa-montes-claros\/","name":"Dom Jo\u00e3o Justino recebe homenagem de despedida da Santa Casa Montes Claros - Federassantas","isPartOf":{"@id":"https:\/\/www.federassantas.org.br\/novosite\/#website"},"primaryImageOfPage":{"@id":"https:\/\/www.federassantas.org.br\/novosite\/dom-joao-justino-recebe-homenagem-de-despedida-da-santa-casa-montes-claros\/#primaryimage"},"image":{"@id":"https:\/\/www.federassantas.org.br\/novosite\/dom-joao-justino-recebe-homenagem-de-despedida-da-santa-casa-montes-claros\/#primaryimage"},"thumbnailUrl":"https:\/\/www.federassantas.org.br\/novosite\/wp-content\/uploads\/2020\/11\/Foto-2-1-1-scaled.jpg","datePublished":"2022-02-11T13:40:26+00:00","breadcrumb":{"@id":"https:\/\/www.federassantas.org.br\/novosite\/dom-joao-justino-recebe-homenagem-de-despedida-da-santa-casa-montes-claros\/#breadcrumb"},"inLanguage":"pt-BR","potentialAction":[{"@type":"ReadAction","target":["https:\/\/www.federassantas.org.br\/novosite\/dom-joao-justino-recebe-homenagem-de-despedida-da-santa-casa-montes-claros\/"]}]},{"@type":"ImageObject","inLanguage":"pt-BR","@id":"https:\/\/www.federassantas.org.br\/novosite\/dom-joao-justino-recebe-homenagem-de-despedida-da-santa-casa-montes-claros\/#primaryimage","url":"https:\/\/www.federassantas.org.br\/novosite\/wp-content\/uploads\/2020\/11\/Foto-2-1-1-scaled.jpg","contentUrl":"https:\/\/www.federassantas.org.br\/novosite\/wp-content\/uploads\/2020\/11\/Foto-2-1-1-scaled.jpg","width":2560,"height":1440},{"@type":"BreadcrumbList","@id":"https:\/\/www.federassantas.org.br\/novosite\/dom-joao-justino-recebe-homenagem-de-despedida-da-santa-casa-montes-claros\/#breadcrumb","itemListElement":[{"@type":"ListItem","position":1,"name":"In\u00edcio","item":"https:\/\/www.federassantas.org.br\/novosite\/"},{"@type":"ListItem","position":2,"name":"Dom Jo\u00e3o Justino recebe homenagem de despedida da Santa Casa Montes Claros"}]},{"@type":"WebSite","@id":"https:\/\/www.federassantas.org.br\/novosite\/#website","url":"https:\/\/www.federassantas.org.br\/novosite\/","name":"Federassantas","description":"Fed. das Santas Casas e Hospitais Filantr\u00f3picos de MG","publisher":{"@id":"https:\/\/www.federassantas.org.br\/novosite\/#organization"},"potentialAction":[{"@type":"SearchAction","target":{"@type":"EntryPoint","urlTemplate":"https:\/\/www.federassantas.org.br\/novosite\/?s={search_term_string}"},"query-input":{"@type":"PropertyValueSpecification","valueRequired":true,"valueName":"search_term_string"}}],"inLanguage":"pt-BR"},{"@type":"Organization","@id":"https:\/\/www.federassantas.org.br\/novosite\/#organization","name":"Federassantas","url":"https:\/\/www.federassantas.org.br\/novosite\/","logo":{"@type":"ImageObject","inLanguage":"pt-BR","@id":"https:\/\/www.federassantas.org.br\/novosite\/#\/schema\/logo\/image\/","url":"https:\/\/www.federassantas.org.br\/novosite\/wp-content\/uploads\/2021\/12\/logo.png","contentUrl":"https:\/\/www.federassantas.org.br\/novosite\/wp-content\/uploads\/2021\/12\/logo.png","width":243,"height":59,"caption":"Federassantas"},"image":{"@id":"https:\/\/www.federassantas.org.br\/novosite\/#\/schema\/logo\/image\/"}},{"@type":"Person","@id":"https:\/\/www.federassantas.org.br\/novosite\/#\/schema\/person\/75fed98158349313fe56175f232f513c","name":"admin-federas","image":{"@type":"ImageObject","inLanguage":"pt-BR","@id":"https:\/\/www.federassantas.org.br\/novosite\/#\/schema\/person\/image\/","url":"https:\/\/secure.gravatar.com\/avatar\/2a02d7dda59fe8dc6b7ffd3f652e2efede5ccf0dd89dfdc8137c5517f3de8407?s=96&d=mm&r=g","contentUrl":"https:\/\/secure.gravatar.com\/avatar\/2a02d7dda59fe8dc6b7ffd3f652e2efede5ccf0dd89dfdc8137c5517f3de8407?s=96&d=mm&r=g","caption":"admin-federas"},"sameAs":["https:\/\/www.federassantas.org.br\/novosite\/"],"url":"https:\/\/www.federassantas.org.br\/novosite\/author\/admin-federas\/"}]}},"_links":{"self":[{"href":"https:\/\/www.federassantas.org.br\/novosite\/wp-json\/wp\/v2\/posts\/24335","targetHints":{"allow":["GET"]}}],"collection":[{"href":"https:\/\/www.federassantas.org.br\/novosite\/wp-json\/wp\/v2\/posts"}],"about":[{"href":"https:\/\/www.federassantas.org.br\/novosite\/wp-json\/wp\/v2\/types\/post"}],"author":[{"embeddable":true,"href":"https:\/\/www.federassantas.org.br\/novosite\/wp-json\/wp\/v2\/users\/1"}],"replies":[{"embeddable":true,"href":"https:\/\/www.federassantas.org.br\/novosite\/wp-json\/wp\/v2\/comments?post=24335"}],"version-history":[{"count":0,"href":"https:\/\/www.federassantas.org.br\/novosite\/wp-json\/wp\/v2\/posts\/24335\/revisions"}],"wp:featuredmedia":[{"embeddable":true,"href":"https:\/\/www.federassantas.org.br\/novosite\/wp-json\/wp\/v2\/media\/23369"}],"wp:attachment":[{"href":"https:\/\/www.federassantas.org.br\/novosite\/wp-json\/wp\/v2\/media?parent=24335"}],"wp:term":[{"taxonomy":"category","embeddable":true,"href":"https:\/\/www.federassantas.org.br\/novosite\/wp-json\/wp\/v2\/categories?post=24335"},{"taxonomy":"post_tag","embeddable":true,"href":"https:\/\/www.federassantas.org.br\/novosite\/wp-json\/wp\/v2\/tags?post=24335"}],"curies":[{"name":"wp","href":"https:\/\/api.w.org\/{rel}","templated":true}]}}