{"id":24336,"date":"2022-02-11T12:13:16","date_gmt":"2022-02-11T15:13:16","guid":{"rendered":"https:\/\/federasbackup.meltcomunicacao.com.br\/?p=23377"},"modified":"2022-02-11T12:13:16","modified_gmt":"2022-02-11T15:13:16","slug":"santa-casa-montes-claros-forma-34-novos-medicos-especialistas","status":"publish","type":"post","link":"https:\/\/www.federassantas.org.br\/novosite\/santa-casa-montes-claros-forma-34-novos-medicos-especialistas\/","title":{"rendered":"Santa Casa Montes Claros forma 34 novos m\u00e9dicos especialistas"},"content":{"rendered":"\n<p>Na noite de ontem (10\/02), a Santa Casa Montes Claros realizou solenidade para entrega dos certificados de conclus\u00e3o da Resid\u00eancia M\u00e9dica aos 34 novos especialistas formados pela Institui\u00e7\u00e3o nas \u00e1reas de Anestesiologia, Cardiologia, Cirurgia Geral, Cl\u00ednica M\u00e9dica, Ginecologia e Obstetr\u00edcia, Medicina de Emerg\u00eancia, Nefrologia, Neurocirurgia, Ortopedia e Traumatologia, Pediatria, Programa de Pr\u00e9-requisito em \u00c1rea Cir\u00fargica B\u00e1sica; al\u00e9m de Especializa\u00e7\u00e3o M\u00e9dica em Cirurgia Pl\u00e1stica.&nbsp;<br>Durante a solenidade, a coordenadora da Resid\u00eancia M\u00e9dica da Santa Casa Montes Claros, Ros\u00e2ngela Lopes Miranda, parabenizou os profissionais e agradeceu o empenho e aten\u00e7\u00e3o dos preceptores e supervisores. Ela tamb\u00e9m falou sobre os desafios e a dedica\u00e7\u00e3o dos novos profissionais. &#8220;Os residentes passam por um processo de amadurecimento e percebemos o resultado significativo ao t\u00e9rmino da experi\u00eancia de aprendizado. Todo esse esfor\u00e7o, tanto da parte deles quanto da Institui\u00e7\u00e3o, nos traz uma satisfa\u00e7\u00e3o enorme&#8221;, ressaltou.<\/p>\n\n\n\n<p>O Programa de Resid\u00eancia da Santa Casa de Montes Claros foi fundado em 1994. O diretor cl\u00ednico Geraldo Guinomar Alc\u00e2ntara parabenizou todos por mais uma etapa profissional vencida e elogiou o trabalho dos profissionais m\u00e9dicos que conduzem os residentes. &#8220;A forma\u00e7\u00e3o dos novos especialistas n\u00e3o seria poss\u00edvel se n\u00e3o fosse a abnega\u00e7\u00e3o dos coordenadores, que s\u00e3o os m\u00e9dicos que tem o dom de repassar o conhecimento&#8221;, disse. Em nome da dire\u00e7\u00e3o, ele ressaltou tamb\u00e9m que a Santa Casa continuar\u00e1 formando novos profissionais e que o objetivo \u00e9 incrementar ainda mais os programas de resid\u00eancia.<\/p>\n\n\n\n<p>Em 2021, a Santa Casa Montes Claros teve um total de 87 (oitenta e sete) residentes. Atualmente, o hospital&nbsp; conta com 11 (onze) programas de resid\u00eancia m\u00e9dica (Anestesiologia, Cardiologia, Cirurgia Geral, Cl\u00ednica M\u00e9dica, Ginecologia e Obstetr\u00edcia, Medicina de Emerg\u00eancia, Nefrologia, Neurocirurgia, Ortopedia e Traumatologia, Pediatria e Programa de Pr\u00e9-requisito em \u00c1rea Cir\u00fargica B\u00e1sica), todos devidamente credenciados pela Comiss\u00e3o Nacional de Resid\u00eancia M\u00e9dica (CNRM). O hospital oferece tamb\u00e9m o Programa de Especializa\u00e7\u00e3o em Cirurgia Pl\u00e1stica, reconhecido pela Sociedade Brasileira de Cirurgia Pl\u00e1stica (SBCP).<\/p>\n\n\n\n<p>Ao final da cerim\u00f4nia, a formanda Sandy Ellen Batista fez um discurso emocionado em nome da turma, no qual agradeceu ao hospital, aos m\u00e9dicos preceptores e a todos os colaboradores da Institui\u00e7\u00e3o.<\/p>\n\n\n\n<figure class=\"wp-block-image size-medium\"><img decoding=\"async\" src=\"http:\/\/federasbackup.meltcomunicacao.com.br\/wp-content\/uploads\/2022\/02\/Dr.-Geraldo-alcantara-300x200.jpg\" alt=\"\" class=\"wp-image-23378\"\/><\/figure>\n\n\n\n<p>Por:\u00a0Ana Paula Paix\u00e3o <br>Fotos: Hudson Brazil<\/p>\n","protected":false},"excerpt":{"rendered":"<p>Na noite de ontem (10\/02), a Santa Casa Montes Claros realizou solenidade para entrega dos certificados de conclus\u00e3o da Resid\u00eancia M\u00e9dica aos 34 novos especialistas formados pela Institui\u00e7\u00e3o nas \u00e1reas de Anestesiologia, Cardiologia, Cirurgia Geral, Cl\u00ednica M\u00e9dica, Ginecologia e Obstetr\u00edcia, Medicina de Emerg\u00eancia, Nefrologia, Neurocirurgia, Ortopedia e Traumatologia, Pediatria, Programa de Pr\u00e9-requisito em \u00c1rea Cir\u00fargica [&hellip;]<\/p>\n","protected":false},"author":1,"featured_media":23379,"comment_status":"open","ping_status":"open","sticky":false,"template":"","format":"standard","meta":{"footnotes":""},"categories":[140,139],"tags":[],"class_list":["post-24336","post","type-post","status-publish","format-standard","has-post-thumbnail","hentry","category-noticias","category-noticias-filiados"],"yoast_head":"<!-- This site is optimized with the Yoast SEO plugin v26.9 - https:\/\/yoast.com\/product\/yoast-seo-wordpress\/ -->\n<title>Santa Casa Montes Claros forma 34 novos m\u00e9dicos especialistas - Federassantas<\/title>\n<meta name=\"robots\" content=\"index, follow, max-snippet:-1, max-image-preview:large, max-video-preview:-1\" \/>\n<link rel=\"canonical\" href=\"https:\/\/www.federassantas.org.br\/novosite\/santa-casa-montes-claros-forma-34-novos-medicos-especialistas\/\" \/>\n<meta property=\"og:locale\" content=\"pt_BR\" \/>\n<meta property=\"og:type\" content=\"article\" \/>\n<meta property=\"og:title\" content=\"Santa Casa Montes Claros forma 34 novos m\u00e9dicos especialistas - Federassantas\" \/>\n<meta property=\"og:description\" content=\"Na noite de ontem (10\/02), a Santa Casa Montes Claros realizou solenidade para entrega dos certificados de conclus\u00e3o da Resid\u00eancia M\u00e9dica aos 34 novos especialistas formados pela Institui\u00e7\u00e3o nas \u00e1reas de Anestesiologia, Cardiologia, Cirurgia Geral, Cl\u00ednica M\u00e9dica, Ginecologia e Obstetr\u00edcia, Medicina de Emerg\u00eancia, Nefrologia, Neurocirurgia, Ortopedia e Traumatologia, Pediatria, Programa de Pr\u00e9-requisito em \u00c1rea Cir\u00fargica [&hellip;]\" \/>\n<meta property=\"og:url\" content=\"https:\/\/www.federassantas.org.br\/novosite\/santa-casa-montes-claros-forma-34-novos-medicos-especialistas\/\" \/>\n<meta property=\"og:site_name\" content=\"Federassantas\" \/>\n<meta property=\"article:published_time\" content=\"2022-02-11T15:13:16+00:00\" \/>\n<meta property=\"og:image\" content=\"https:\/\/www.federassantas.org.br\/novosite\/wp-content\/uploads\/2020\/12\/premio-scbh-1.jpg\" \/>\n\t<meta property=\"og:image:width\" content=\"953\" \/>\n\t<meta property=\"og:image:height\" content=\"1280\" \/>\n\t<meta property=\"og:image:type\" content=\"image\/jpeg\" \/>\n<meta name=\"author\" content=\"admin-federas\" \/>\n<meta name=\"twitter:card\" content=\"summary_large_image\" \/>\n<meta name=\"twitter:label1\" content=\"Escrito por\" \/>\n\t<meta name=\"twitter:data1\" content=\"admin-federas\" \/>\n\t<meta name=\"twitter:label2\" content=\"Est. tempo de leitura\" \/>\n\t<meta name=\"twitter:data2\" content=\"2 minutos\" \/>\n<script type=\"application\/ld+json\" class=\"yoast-schema-graph\">{\"@context\":\"https:\/\/schema.org\",\"@graph\":[{\"@type\":\"Article\",\"@id\":\"https:\/\/www.federassantas.org.br\/novosite\/santa-casa-montes-claros-forma-34-novos-medicos-especialistas\/#article\",\"isPartOf\":{\"@id\":\"https:\/\/www.federassantas.org.br\/novosite\/santa-casa-montes-claros-forma-34-novos-medicos-especialistas\/\"},\"author\":{\"name\":\"admin-federas\",\"@id\":\"https:\/\/www.federassantas.org.br\/novosite\/#\/schema\/person\/75fed98158349313fe56175f232f513c\"},\"headline\":\"Santa Casa Montes Claros forma 34 novos m\u00e9dicos especialistas\",\"datePublished\":\"2022-02-11T15:13:16+00:00\",\"mainEntityOfPage\":{\"@id\":\"https:\/\/www.federassantas.org.br\/novosite\/santa-casa-montes-claros-forma-34-novos-medicos-especialistas\/\"},\"wordCount\":418,\"commentCount\":0,\"publisher\":{\"@id\":\"https:\/\/www.federassantas.org.br\/novosite\/#organization\"},\"image\":{\"@id\":\"https:\/\/www.federassantas.org.br\/novosite\/santa-casa-montes-claros-forma-34-novos-medicos-especialistas\/#primaryimage\"},\"thumbnailUrl\":\"https:\/\/www.federassantas.org.br\/novosite\/wp-content\/uploads\/2020\/12\/premio-scbh-1.jpg\",\"articleSection\":[\"Not\u00edcias\",\"Not\u00edcias filiados\"],\"inLanguage\":\"pt-BR\",\"potentialAction\":[{\"@type\":\"CommentAction\",\"name\":\"Comment\",\"target\":[\"https:\/\/www.federassantas.org.br\/novosite\/santa-casa-montes-claros-forma-34-novos-medicos-especialistas\/#respond\"]}]},{\"@type\":\"WebPage\",\"@id\":\"https:\/\/www.federassantas.org.br\/novosite\/santa-casa-montes-claros-forma-34-novos-medicos-especialistas\/\",\"url\":\"https:\/\/www.federassantas.org.br\/novosite\/santa-casa-montes-claros-forma-34-novos-medicos-especialistas\/\",\"name\":\"Santa Casa Montes Claros forma 34 novos m\u00e9dicos especialistas - Federassantas\",\"isPartOf\":{\"@id\":\"https:\/\/www.federassantas.org.br\/novosite\/#website\"},\"primaryImageOfPage\":{\"@id\":\"https:\/\/www.federassantas.org.br\/novosite\/santa-casa-montes-claros-forma-34-novos-medicos-especialistas\/#primaryimage\"},\"image\":{\"@id\":\"https:\/\/www.federassantas.org.br\/novosite\/santa-casa-montes-claros-forma-34-novos-medicos-especialistas\/#primaryimage\"},\"thumbnailUrl\":\"https:\/\/www.federassantas.org.br\/novosite\/wp-content\/uploads\/2020\/12\/premio-scbh-1.jpg\",\"datePublished\":\"2022-02-11T15:13:16+00:00\",\"breadcrumb\":{\"@id\":\"https:\/\/www.federassantas.org.br\/novosite\/santa-casa-montes-claros-forma-34-novos-medicos-especialistas\/#breadcrumb\"},\"inLanguage\":\"pt-BR\",\"potentialAction\":[{\"@type\":\"ReadAction\",\"target\":[\"https:\/\/www.federassantas.org.br\/novosite\/santa-casa-montes-claros-forma-34-novos-medicos-especialistas\/\"]}]},{\"@type\":\"ImageObject\",\"inLanguage\":\"pt-BR\",\"@id\":\"https:\/\/www.federassantas.org.br\/novosite\/santa-casa-montes-claros-forma-34-novos-medicos-especialistas\/#primaryimage\",\"url\":\"https:\/\/www.federassantas.org.br\/novosite\/wp-content\/uploads\/2020\/12\/premio-scbh-1.jpg\",\"contentUrl\":\"https:\/\/www.federassantas.org.br\/novosite\/wp-content\/uploads\/2020\/12\/premio-scbh-1.jpg\",\"width\":953,\"height\":1280},{\"@type\":\"BreadcrumbList\",\"@id\":\"https:\/\/www.federassantas.org.br\/novosite\/santa-casa-montes-claros-forma-34-novos-medicos-especialistas\/#breadcrumb\",\"itemListElement\":[{\"@type\":\"ListItem\",\"position\":1,\"name\":\"In\u00edcio\",\"item\":\"https:\/\/www.federassantas.org.br\/novosite\/\"},{\"@type\":\"ListItem\",\"position\":2,\"name\":\"Santa Casa Montes Claros forma 34 novos m\u00e9dicos especialistas\"}]},{\"@type\":\"WebSite\",\"@id\":\"https:\/\/www.federassantas.org.br\/novosite\/#website\",\"url\":\"https:\/\/www.federassantas.org.br\/novosite\/\",\"name\":\"Federassantas\",\"description\":\"Fed. das Santas Casas e Hospitais Filantr\u00f3picos de MG\",\"publisher\":{\"@id\":\"https:\/\/www.federassantas.org.br\/novosite\/#organization\"},\"potentialAction\":[{\"@type\":\"SearchAction\",\"target\":{\"@type\":\"EntryPoint\",\"urlTemplate\":\"https:\/\/www.federassantas.org.br\/novosite\/?s={search_term_string}\"},\"query-input\":{\"@type\":\"PropertyValueSpecification\",\"valueRequired\":true,\"valueName\":\"search_term_string\"}}],\"inLanguage\":\"pt-BR\"},{\"@type\":\"Organization\",\"@id\":\"https:\/\/www.federassantas.org.br\/novosite\/#organization\",\"name\":\"Federassantas\",\"url\":\"https:\/\/www.federassantas.org.br\/novosite\/\",\"logo\":{\"@type\":\"ImageObject\",\"inLanguage\":\"pt-BR\",\"@id\":\"https:\/\/www.federassantas.org.br\/novosite\/#\/schema\/logo\/image\/\",\"url\":\"https:\/\/www.federassantas.org.br\/novosite\/wp-content\/uploads\/2021\/12\/logo.png\",\"contentUrl\":\"https:\/\/www.federassantas.org.br\/novosite\/wp-content\/uploads\/2021\/12\/logo.png\",\"width\":243,\"height\":59,\"caption\":\"Federassantas\"},\"image\":{\"@id\":\"https:\/\/www.federassantas.org.br\/novosite\/#\/schema\/logo\/image\/\"}},{\"@type\":\"Person\",\"@id\":\"https:\/\/www.federassantas.org.br\/novosite\/#\/schema\/person\/75fed98158349313fe56175f232f513c\",\"name\":\"admin-federas\",\"image\":{\"@type\":\"ImageObject\",\"inLanguage\":\"pt-BR\",\"@id\":\"https:\/\/www.federassantas.org.br\/novosite\/#\/schema\/person\/image\/\",\"url\":\"https:\/\/secure.gravatar.com\/avatar\/2a02d7dda59fe8dc6b7ffd3f652e2efede5ccf0dd89dfdc8137c5517f3de8407?s=96&d=mm&r=g\",\"contentUrl\":\"https:\/\/secure.gravatar.com\/avatar\/2a02d7dda59fe8dc6b7ffd3f652e2efede5ccf0dd89dfdc8137c5517f3de8407?s=96&d=mm&r=g\",\"caption\":\"admin-federas\"},\"sameAs\":[\"https:\/\/www.federassantas.org.br\/novosite\/\"],\"url\":\"https:\/\/www.federassantas.org.br\/novosite\/author\/admin-federas\/\"}]}<\/script>\n<!-- \/ Yoast SEO plugin. -->","yoast_head_json":{"title":"Santa Casa Montes Claros forma 34 novos m\u00e9dicos especialistas - Federassantas","robots":{"index":"index","follow":"follow","max-snippet":"max-snippet:-1","max-image-preview":"max-image-preview:large","max-video-preview":"max-video-preview:-1"},"canonical":"https:\/\/www.federassantas.org.br\/novosite\/santa-casa-montes-claros-forma-34-novos-medicos-especialistas\/","og_locale":"pt_BR","og_type":"article","og_title":"Santa Casa Montes Claros forma 34 novos m\u00e9dicos especialistas - Federassantas","og_description":"Na noite de ontem (10\/02), a Santa Casa Montes Claros realizou solenidade para entrega dos certificados de conclus\u00e3o da Resid\u00eancia M\u00e9dica aos 34 novos especialistas formados pela Institui\u00e7\u00e3o nas \u00e1reas de Anestesiologia, Cardiologia, Cirurgia Geral, Cl\u00ednica M\u00e9dica, Ginecologia e Obstetr\u00edcia, Medicina de Emerg\u00eancia, Nefrologia, Neurocirurgia, Ortopedia e Traumatologia, Pediatria, Programa de Pr\u00e9-requisito em \u00c1rea Cir\u00fargica [&hellip;]","og_url":"https:\/\/www.federassantas.org.br\/novosite\/santa-casa-montes-claros-forma-34-novos-medicos-especialistas\/","og_site_name":"Federassantas","article_published_time":"2022-02-11T15:13:16+00:00","og_image":[{"width":953,"height":1280,"url":"https:\/\/www.federassantas.org.br\/novosite\/wp-content\/uploads\/2020\/12\/premio-scbh-1.jpg","type":"image\/jpeg"}],"author":"admin-federas","twitter_card":"summary_large_image","twitter_misc":{"Escrito por":"admin-federas","Est. tempo de leitura":"2 minutos"},"schema":{"@context":"https:\/\/schema.org","@graph":[{"@type":"Article","@id":"https:\/\/www.federassantas.org.br\/novosite\/santa-casa-montes-claros-forma-34-novos-medicos-especialistas\/#article","isPartOf":{"@id":"https:\/\/www.federassantas.org.br\/novosite\/santa-casa-montes-claros-forma-34-novos-medicos-especialistas\/"},"author":{"name":"admin-federas","@id":"https:\/\/www.federassantas.org.br\/novosite\/#\/schema\/person\/75fed98158349313fe56175f232f513c"},"headline":"Santa Casa Montes Claros forma 34 novos m\u00e9dicos especialistas","datePublished":"2022-02-11T15:13:16+00:00","mainEntityOfPage":{"@id":"https:\/\/www.federassantas.org.br\/novosite\/santa-casa-montes-claros-forma-34-novos-medicos-especialistas\/"},"wordCount":418,"commentCount":0,"publisher":{"@id":"https:\/\/www.federassantas.org.br\/novosite\/#organization"},"image":{"@id":"https:\/\/www.federassantas.org.br\/novosite\/santa-casa-montes-claros-forma-34-novos-medicos-especialistas\/#primaryimage"},"thumbnailUrl":"https:\/\/www.federassantas.org.br\/novosite\/wp-content\/uploads\/2020\/12\/premio-scbh-1.jpg","articleSection":["Not\u00edcias","Not\u00edcias filiados"],"inLanguage":"pt-BR","potentialAction":[{"@type":"CommentAction","name":"Comment","target":["https:\/\/www.federassantas.org.br\/novosite\/santa-casa-montes-claros-forma-34-novos-medicos-especialistas\/#respond"]}]},{"@type":"WebPage","@id":"https:\/\/www.federassantas.org.br\/novosite\/santa-casa-montes-claros-forma-34-novos-medicos-especialistas\/","url":"https:\/\/www.federassantas.org.br\/novosite\/santa-casa-montes-claros-forma-34-novos-medicos-especialistas\/","name":"Santa Casa Montes Claros forma 34 novos m\u00e9dicos especialistas - Federassantas","isPartOf":{"@id":"https:\/\/www.federassantas.org.br\/novosite\/#website"},"primaryImageOfPage":{"@id":"https:\/\/www.federassantas.org.br\/novosite\/santa-casa-montes-claros-forma-34-novos-medicos-especialistas\/#primaryimage"},"image":{"@id":"https:\/\/www.federassantas.org.br\/novosite\/santa-casa-montes-claros-forma-34-novos-medicos-especialistas\/#primaryimage"},"thumbnailUrl":"https:\/\/www.federassantas.org.br\/novosite\/wp-content\/uploads\/2020\/12\/premio-scbh-1.jpg","datePublished":"2022-02-11T15:13:16+00:00","breadcrumb":{"@id":"https:\/\/www.federassantas.org.br\/novosite\/santa-casa-montes-claros-forma-34-novos-medicos-especialistas\/#breadcrumb"},"inLanguage":"pt-BR","potentialAction":[{"@type":"ReadAction","target":["https:\/\/www.federassantas.org.br\/novosite\/santa-casa-montes-claros-forma-34-novos-medicos-especialistas\/"]}]},{"@type":"ImageObject","inLanguage":"pt-BR","@id":"https:\/\/www.federassantas.org.br\/novosite\/santa-casa-montes-claros-forma-34-novos-medicos-especialistas\/#primaryimage","url":"https:\/\/www.federassantas.org.br\/novosite\/wp-content\/uploads\/2020\/12\/premio-scbh-1.jpg","contentUrl":"https:\/\/www.federassantas.org.br\/novosite\/wp-content\/uploads\/2020\/12\/premio-scbh-1.jpg","width":953,"height":1280},{"@type":"BreadcrumbList","@id":"https:\/\/www.federassantas.org.br\/novosite\/santa-casa-montes-claros-forma-34-novos-medicos-especialistas\/#breadcrumb","itemListElement":[{"@type":"ListItem","position":1,"name":"In\u00edcio","item":"https:\/\/www.federassantas.org.br\/novosite\/"},{"@type":"ListItem","position":2,"name":"Santa Casa Montes Claros forma 34 novos m\u00e9dicos especialistas"}]},{"@type":"WebSite","@id":"https:\/\/www.federassantas.org.br\/novosite\/#website","url":"https:\/\/www.federassantas.org.br\/novosite\/","name":"Federassantas","description":"Fed. das Santas Casas e Hospitais Filantr\u00f3picos de MG","publisher":{"@id":"https:\/\/www.federassantas.org.br\/novosite\/#organization"},"potentialAction":[{"@type":"SearchAction","target":{"@type":"EntryPoint","urlTemplate":"https:\/\/www.federassantas.org.br\/novosite\/?s={search_term_string}"},"query-input":{"@type":"PropertyValueSpecification","valueRequired":true,"valueName":"search_term_string"}}],"inLanguage":"pt-BR"},{"@type":"Organization","@id":"https:\/\/www.federassantas.org.br\/novosite\/#organization","name":"Federassantas","url":"https:\/\/www.federassantas.org.br\/novosite\/","logo":{"@type":"ImageObject","inLanguage":"pt-BR","@id":"https:\/\/www.federassantas.org.br\/novosite\/#\/schema\/logo\/image\/","url":"https:\/\/www.federassantas.org.br\/novosite\/wp-content\/uploads\/2021\/12\/logo.png","contentUrl":"https:\/\/www.federassantas.org.br\/novosite\/wp-content\/uploads\/2021\/12\/logo.png","width":243,"height":59,"caption":"Federassantas"},"image":{"@id":"https:\/\/www.federassantas.org.br\/novosite\/#\/schema\/logo\/image\/"}},{"@type":"Person","@id":"https:\/\/www.federassantas.org.br\/novosite\/#\/schema\/person\/75fed98158349313fe56175f232f513c","name":"admin-federas","image":{"@type":"ImageObject","inLanguage":"pt-BR","@id":"https:\/\/www.federassantas.org.br\/novosite\/#\/schema\/person\/image\/","url":"https:\/\/secure.gravatar.com\/avatar\/2a02d7dda59fe8dc6b7ffd3f652e2efede5ccf0dd89dfdc8137c5517f3de8407?s=96&d=mm&r=g","contentUrl":"https:\/\/secure.gravatar.com\/avatar\/2a02d7dda59fe8dc6b7ffd3f652e2efede5ccf0dd89dfdc8137c5517f3de8407?s=96&d=mm&r=g","caption":"admin-federas"},"sameAs":["https:\/\/www.federassantas.org.br\/novosite\/"],"url":"https:\/\/www.federassantas.org.br\/novosite\/author\/admin-federas\/"}]}},"_links":{"self":[{"href":"https:\/\/www.federassantas.org.br\/novosite\/wp-json\/wp\/v2\/posts\/24336","targetHints":{"allow":["GET"]}}],"collection":[{"href":"https:\/\/www.federassantas.org.br\/novosite\/wp-json\/wp\/v2\/posts"}],"about":[{"href":"https:\/\/www.federassantas.org.br\/novosite\/wp-json\/wp\/v2\/types\/post"}],"author":[{"embeddable":true,"href":"https:\/\/www.federassantas.org.br\/novosite\/wp-json\/wp\/v2\/users\/1"}],"replies":[{"embeddable":true,"href":"https:\/\/www.federassantas.org.br\/novosite\/wp-json\/wp\/v2\/comments?post=24336"}],"version-history":[{"count":0,"href":"https:\/\/www.federassantas.org.br\/novosite\/wp-json\/wp\/v2\/posts\/24336\/revisions"}],"wp:featuredmedia":[{"embeddable":true,"href":"https:\/\/www.federassantas.org.br\/novosite\/wp-json\/wp\/v2\/media\/23379"}],"wp:attachment":[{"href":"https:\/\/www.federassantas.org.br\/novosite\/wp-json\/wp\/v2\/media?parent=24336"}],"wp:term":[{"taxonomy":"category","embeddable":true,"href":"https:\/\/www.federassantas.org.br\/novosite\/wp-json\/wp\/v2\/categories?post=24336"},{"taxonomy":"post_tag","embeddable":true,"href":"https:\/\/www.federassantas.org.br\/novosite\/wp-json\/wp\/v2\/tags?post=24336"}],"curies":[{"name":"wp","href":"https:\/\/api.w.org\/{rel}","templated":true}]}}