{"id":24338,"date":"2022-02-15T16:06:43","date_gmt":"2022-02-15T19:06:43","guid":{"rendered":"https:\/\/federasbackup.meltcomunicacao.com.br\/?p=23394"},"modified":"2022-02-15T16:06:43","modified_gmt":"2022-02-15T19:06:43","slug":"fevereiro-laranja-mes-de-conscientizacao-sobre-a-leucemia","status":"publish","type":"post","link":"https:\/\/www.federassantas.org.br\/novosite\/fevereiro-laranja-mes-de-conscientizacao-sobre-a-leucemia\/","title":{"rendered":"Fevereiro Laranja: M\u00eas de conscientiza\u00e7\u00e3o sobre a leucemia"},"content":{"rendered":"\n<p>A campanha do Fevereiro Laranja \u00e9 destinada \u00e0 conscientiza\u00e7\u00e3o sobre a leucemia, com a\u00e7\u00f5es dedicadas \u00e0 import\u00e2ncia do diagn\u00f3stico precoce, doa\u00e7\u00e3o e transplante de medula \u00f3ssea. Atualmente, essa doen\u00e7a ocupa a nona posi\u00e7\u00e3o nos tipos de c\u00e2ncer mais comuns em homens e a 11\u00aa em mulheres. Dados do Instituto Nacional de C\u00e2ncer (INCA) apontam que, para cada ano do tri\u00eanio 2020-2022, ser\u00e3o diagnosticados, no Brasil, mais de 10 mil casos novos de leucemia, sendo 5.920 em homens e 4.890 em mulheres.<\/p>\n\n\n\n<p>A leucemia \u00e9 conhecida como o c\u00e2ncer dos tecidos formadores de sangue que dificulta a capacidade do organismo de combater infec\u00e7\u00f5es. \u00c9 importante conhecer os indicadores da doen\u00e7a e procurar o tratamento r\u00e1pido, uma vez que o diagn\u00f3stico precoce e o tratamento adequado aumentam as chances de cura. Os especialistas indicam que \u00e9 preciso ficar em alerta para sintomas como anemia, cansa\u00e7o e fadiga, queda de imunidade, baixa na contagem de plaquetas, infec\u00e7\u00e3o, febre, hematomas e sangramentos espont\u00e2neos.<\/p>\n\n\n\n<p>O diagn\u00f3stico \u00e9 feito por meio de exames laboratoriais, como o hemograma, mas pode incluir tamb\u00e9m exames de bioqu\u00edmica, de coagula\u00e7\u00e3o, al\u00e9m de mielograma, imunofenotipagem e cari\u00f3tipo.<\/p>\n\n\n\n<p><strong>Doa\u00e7\u00e3o de medula \u00f3ssea&nbsp;<\/strong><\/p>\n\n\n\n<p>A doa\u00e7\u00e3o de medula \u00f3ssea \u00e9 importante para o tratamento de pacientes com doen\u00e7as que comprometem a produ\u00e7\u00e3o normal de c\u00e9lulas sangu\u00edneas, como as leucemias, al\u00e9m de portadores de aplasia de medula \u00f3ssea e s\u00edndromes de imunodefici\u00eancia cong\u00eanita. O transplante pode beneficiar o tratamento de cerca de 80 doen\u00e7as em diferentes est\u00e1gios e faixas et\u00e1rias.<\/p>\n\n\n\n<p>Para ser doador, basta ter entre 18 e 55 anos, apresentar boas condi\u00e7\u00f5es de sa\u00fade, n\u00e3o ter apresentado ou estar em tratamento de c\u00e2ncer, doen\u00e7as no sangue, no sistema imunol\u00f3gico ou ainda doen\u00e7as infecciosas e se cadastrar em um hemocentro.<\/p>\n\n\n\n<p>Ao fazer o cadastro, o doador faz a coleta de 5 ml de sangue para testes de compatibilidade e o resultado fica arquivado no cadastro de medula \u00f3ssea. Caso o doador seja compat\u00edvel com algum paciente da lista de espera, ele ser\u00e1 convidado a fazer a doa\u00e7\u00e3o.<\/p>\n\n\n\n<p>Em Minas Gerais, o Hemominas faz o cadastro de candidatos \u00e0 doa\u00e7\u00e3o de medula \u00f3ssea e todas as informa\u00e7\u00f5es colhidas v\u00e3o para a base nacional no Registro Nacional de Doadores de Medula \u00d3ssea (<a href=\"http:\/\/redome.inca.gov.br\/\">Redome<\/a>), que hoje conta com mais 4 milh\u00f5es de doadores cadastrados e \u00e9 o terceiro maior banco de medula \u00f3ssea do mundo. Anualmente s\u00e3o inclu\u00eddos mais de 300 mil novos doadores no cadastro do Redome.<\/p>\n\n\n\n<p><\/p>\n\n\n\n<p>Fonte: <a href=\"https:\/\/saofrancisco.org.br\/pt-br\/noticias\/fhsfa-noticias\/2022\/02\/11\/fevereiro-laranja-mes-de-conscientizacao-sobre-a-leucemia-1\/\" target=\"_blank\" rel=\"noreferrer noopener\">Portal CHSF<\/a><\/p>\n","protected":false},"excerpt":{"rendered":"<p>A campanha do Fevereiro Laranja \u00e9 destinada \u00e0 conscientiza\u00e7\u00e3o sobre a leucemia, com a\u00e7\u00f5es dedicadas \u00e0 import\u00e2ncia do diagn\u00f3stico precoce, doa\u00e7\u00e3o e transplante de medula \u00f3ssea. Atualmente, essa doen\u00e7a ocupa a nona posi\u00e7\u00e3o nos tipos de c\u00e2ncer mais comuns em homens e a 11\u00aa em mulheres. Dados do Instituto Nacional de C\u00e2ncer (INCA) apontam que, [&hellip;]<\/p>\n","protected":false},"author":1,"featured_media":23395,"comment_status":"open","ping_status":"open","sticky":false,"template":"","format":"standard","meta":{"footnotes":""},"categories":[140,139],"tags":[],"class_list":["post-24338","post","type-post","status-publish","format-standard","has-post-thumbnail","hentry","category-noticias","category-noticias-filiados"],"yoast_head":"<!-- This site is optimized with the Yoast SEO plugin v26.9 - https:\/\/yoast.com\/product\/yoast-seo-wordpress\/ -->\n<title>Fevereiro Laranja: M\u00eas de conscientiza\u00e7\u00e3o sobre a leucemia - Federassantas<\/title>\n<meta name=\"robots\" content=\"index, follow, max-snippet:-1, max-image-preview:large, max-video-preview:-1\" \/>\n<link rel=\"canonical\" href=\"https:\/\/www.federassantas.org.br\/novosite\/fevereiro-laranja-mes-de-conscientizacao-sobre-a-leucemia\/\" \/>\n<meta property=\"og:locale\" content=\"pt_BR\" \/>\n<meta property=\"og:type\" content=\"article\" \/>\n<meta property=\"og:title\" content=\"Fevereiro Laranja: M\u00eas de conscientiza\u00e7\u00e3o sobre a leucemia - Federassantas\" \/>\n<meta property=\"og:description\" content=\"A campanha do Fevereiro Laranja \u00e9 destinada \u00e0 conscientiza\u00e7\u00e3o sobre a leucemia, com a\u00e7\u00f5es dedicadas \u00e0 import\u00e2ncia do diagn\u00f3stico precoce, doa\u00e7\u00e3o e transplante de medula \u00f3ssea. Atualmente, essa doen\u00e7a ocupa a nona posi\u00e7\u00e3o nos tipos de c\u00e2ncer mais comuns em homens e a 11\u00aa em mulheres. Dados do Instituto Nacional de C\u00e2ncer (INCA) apontam que, [&hellip;]\" \/>\n<meta property=\"og:url\" content=\"https:\/\/www.federassantas.org.br\/novosite\/fevereiro-laranja-mes-de-conscientizacao-sobre-a-leucemia\/\" \/>\n<meta property=\"og:site_name\" content=\"Federassantas\" \/>\n<meta property=\"article:published_time\" content=\"2022-02-15T19:06:43+00:00\" \/>\n<meta property=\"og:image\" content=\"https:\/\/www.federassantas.org.br\/novosite\/wp-content\/uploads\/2021\/01\/Instituto-de-Transplante-de-Medula-Ossea-1-scaled.jpg\" \/>\n\t<meta property=\"og:image:width\" content=\"2560\" \/>\n\t<meta property=\"og:image:height\" content=\"1587\" \/>\n\t<meta property=\"og:image:type\" content=\"image\/jpeg\" \/>\n<meta name=\"author\" content=\"admin-federas\" \/>\n<meta name=\"twitter:card\" content=\"summary_large_image\" \/>\n<meta name=\"twitter:label1\" content=\"Escrito por\" \/>\n\t<meta name=\"twitter:data1\" content=\"admin-federas\" \/>\n\t<meta name=\"twitter:label2\" content=\"Est. tempo de leitura\" \/>\n\t<meta name=\"twitter:data2\" content=\"2 minutos\" \/>\n<script type=\"application\/ld+json\" class=\"yoast-schema-graph\">{\"@context\":\"https:\/\/schema.org\",\"@graph\":[{\"@type\":\"Article\",\"@id\":\"https:\/\/www.federassantas.org.br\/novosite\/fevereiro-laranja-mes-de-conscientizacao-sobre-a-leucemia\/#article\",\"isPartOf\":{\"@id\":\"https:\/\/www.federassantas.org.br\/novosite\/fevereiro-laranja-mes-de-conscientizacao-sobre-a-leucemia\/\"},\"author\":{\"name\":\"admin-federas\",\"@id\":\"https:\/\/www.federassantas.org.br\/novosite\/#\/schema\/person\/75fed98158349313fe56175f232f513c\"},\"headline\":\"Fevereiro Laranja: M\u00eas de conscientiza\u00e7\u00e3o sobre a leucemia\",\"datePublished\":\"2022-02-15T19:06:43+00:00\",\"mainEntityOfPage\":{\"@id\":\"https:\/\/www.federassantas.org.br\/novosite\/fevereiro-laranja-mes-de-conscientizacao-sobre-a-leucemia\/\"},\"wordCount\":447,\"commentCount\":0,\"publisher\":{\"@id\":\"https:\/\/www.federassantas.org.br\/novosite\/#organization\"},\"image\":{\"@id\":\"https:\/\/www.federassantas.org.br\/novosite\/fevereiro-laranja-mes-de-conscientizacao-sobre-a-leucemia\/#primaryimage\"},\"thumbnailUrl\":\"https:\/\/www.federassantas.org.br\/novosite\/wp-content\/uploads\/2021\/01\/Instituto-de-Transplante-de-Medula-Ossea-1-scaled.jpg\",\"articleSection\":[\"Not\u00edcias\",\"Not\u00edcias filiados\"],\"inLanguage\":\"pt-BR\",\"potentialAction\":[{\"@type\":\"CommentAction\",\"name\":\"Comment\",\"target\":[\"https:\/\/www.federassantas.org.br\/novosite\/fevereiro-laranja-mes-de-conscientizacao-sobre-a-leucemia\/#respond\"]}]},{\"@type\":\"WebPage\",\"@id\":\"https:\/\/www.federassantas.org.br\/novosite\/fevereiro-laranja-mes-de-conscientizacao-sobre-a-leucemia\/\",\"url\":\"https:\/\/www.federassantas.org.br\/novosite\/fevereiro-laranja-mes-de-conscientizacao-sobre-a-leucemia\/\",\"name\":\"Fevereiro Laranja: M\u00eas de conscientiza\u00e7\u00e3o sobre a leucemia - Federassantas\",\"isPartOf\":{\"@id\":\"https:\/\/www.federassantas.org.br\/novosite\/#website\"},\"primaryImageOfPage\":{\"@id\":\"https:\/\/www.federassantas.org.br\/novosite\/fevereiro-laranja-mes-de-conscientizacao-sobre-a-leucemia\/#primaryimage\"},\"image\":{\"@id\":\"https:\/\/www.federassantas.org.br\/novosite\/fevereiro-laranja-mes-de-conscientizacao-sobre-a-leucemia\/#primaryimage\"},\"thumbnailUrl\":\"https:\/\/www.federassantas.org.br\/novosite\/wp-content\/uploads\/2021\/01\/Instituto-de-Transplante-de-Medula-Ossea-1-scaled.jpg\",\"datePublished\":\"2022-02-15T19:06:43+00:00\",\"breadcrumb\":{\"@id\":\"https:\/\/www.federassantas.org.br\/novosite\/fevereiro-laranja-mes-de-conscientizacao-sobre-a-leucemia\/#breadcrumb\"},\"inLanguage\":\"pt-BR\",\"potentialAction\":[{\"@type\":\"ReadAction\",\"target\":[\"https:\/\/www.federassantas.org.br\/novosite\/fevereiro-laranja-mes-de-conscientizacao-sobre-a-leucemia\/\"]}]},{\"@type\":\"ImageObject\",\"inLanguage\":\"pt-BR\",\"@id\":\"https:\/\/www.federassantas.org.br\/novosite\/fevereiro-laranja-mes-de-conscientizacao-sobre-a-leucemia\/#primaryimage\",\"url\":\"https:\/\/www.federassantas.org.br\/novosite\/wp-content\/uploads\/2021\/01\/Instituto-de-Transplante-de-Medula-Ossea-1-scaled.jpg\",\"contentUrl\":\"https:\/\/www.federassantas.org.br\/novosite\/wp-content\/uploads\/2021\/01\/Instituto-de-Transplante-de-Medula-Ossea-1-scaled.jpg\",\"width\":2560,\"height\":1587},{\"@type\":\"BreadcrumbList\",\"@id\":\"https:\/\/www.federassantas.org.br\/novosite\/fevereiro-laranja-mes-de-conscientizacao-sobre-a-leucemia\/#breadcrumb\",\"itemListElement\":[{\"@type\":\"ListItem\",\"position\":1,\"name\":\"In\u00edcio\",\"item\":\"https:\/\/www.federassantas.org.br\/novosite\/\"},{\"@type\":\"ListItem\",\"position\":2,\"name\":\"Fevereiro Laranja: M\u00eas de conscientiza\u00e7\u00e3o sobre a leucemia\"}]},{\"@type\":\"WebSite\",\"@id\":\"https:\/\/www.federassantas.org.br\/novosite\/#website\",\"url\":\"https:\/\/www.federassantas.org.br\/novosite\/\",\"name\":\"Federassantas\",\"description\":\"Fed. das Santas Casas e Hospitais Filantr\u00f3picos de MG\",\"publisher\":{\"@id\":\"https:\/\/www.federassantas.org.br\/novosite\/#organization\"},\"potentialAction\":[{\"@type\":\"SearchAction\",\"target\":{\"@type\":\"EntryPoint\",\"urlTemplate\":\"https:\/\/www.federassantas.org.br\/novosite\/?s={search_term_string}\"},\"query-input\":{\"@type\":\"PropertyValueSpecification\",\"valueRequired\":true,\"valueName\":\"search_term_string\"}}],\"inLanguage\":\"pt-BR\"},{\"@type\":\"Organization\",\"@id\":\"https:\/\/www.federassantas.org.br\/novosite\/#organization\",\"name\":\"Federassantas\",\"url\":\"https:\/\/www.federassantas.org.br\/novosite\/\",\"logo\":{\"@type\":\"ImageObject\",\"inLanguage\":\"pt-BR\",\"@id\":\"https:\/\/www.federassantas.org.br\/novosite\/#\/schema\/logo\/image\/\",\"url\":\"https:\/\/www.federassantas.org.br\/novosite\/wp-content\/uploads\/2021\/12\/logo.png\",\"contentUrl\":\"https:\/\/www.federassantas.org.br\/novosite\/wp-content\/uploads\/2021\/12\/logo.png\",\"width\":243,\"height\":59,\"caption\":\"Federassantas\"},\"image\":{\"@id\":\"https:\/\/www.federassantas.org.br\/novosite\/#\/schema\/logo\/image\/\"}},{\"@type\":\"Person\",\"@id\":\"https:\/\/www.federassantas.org.br\/novosite\/#\/schema\/person\/75fed98158349313fe56175f232f513c\",\"name\":\"admin-federas\",\"image\":{\"@type\":\"ImageObject\",\"inLanguage\":\"pt-BR\",\"@id\":\"https:\/\/www.federassantas.org.br\/novosite\/#\/schema\/person\/image\/\",\"url\":\"https:\/\/secure.gravatar.com\/avatar\/2a02d7dda59fe8dc6b7ffd3f652e2efede5ccf0dd89dfdc8137c5517f3de8407?s=96&d=mm&r=g\",\"contentUrl\":\"https:\/\/secure.gravatar.com\/avatar\/2a02d7dda59fe8dc6b7ffd3f652e2efede5ccf0dd89dfdc8137c5517f3de8407?s=96&d=mm&r=g\",\"caption\":\"admin-federas\"},\"sameAs\":[\"https:\/\/www.federassantas.org.br\/novosite\/\"],\"url\":\"https:\/\/www.federassantas.org.br\/novosite\/author\/admin-federas\/\"}]}<\/script>\n<!-- \/ Yoast SEO plugin. -->","yoast_head_json":{"title":"Fevereiro Laranja: M\u00eas de conscientiza\u00e7\u00e3o sobre a leucemia - Federassantas","robots":{"index":"index","follow":"follow","max-snippet":"max-snippet:-1","max-image-preview":"max-image-preview:large","max-video-preview":"max-video-preview:-1"},"canonical":"https:\/\/www.federassantas.org.br\/novosite\/fevereiro-laranja-mes-de-conscientizacao-sobre-a-leucemia\/","og_locale":"pt_BR","og_type":"article","og_title":"Fevereiro Laranja: M\u00eas de conscientiza\u00e7\u00e3o sobre a leucemia - Federassantas","og_description":"A campanha do Fevereiro Laranja \u00e9 destinada \u00e0 conscientiza\u00e7\u00e3o sobre a leucemia, com a\u00e7\u00f5es dedicadas \u00e0 import\u00e2ncia do diagn\u00f3stico precoce, doa\u00e7\u00e3o e transplante de medula \u00f3ssea. Atualmente, essa doen\u00e7a ocupa a nona posi\u00e7\u00e3o nos tipos de c\u00e2ncer mais comuns em homens e a 11\u00aa em mulheres. Dados do Instituto Nacional de C\u00e2ncer (INCA) apontam que, [&hellip;]","og_url":"https:\/\/www.federassantas.org.br\/novosite\/fevereiro-laranja-mes-de-conscientizacao-sobre-a-leucemia\/","og_site_name":"Federassantas","article_published_time":"2022-02-15T19:06:43+00:00","og_image":[{"width":2560,"height":1587,"url":"https:\/\/www.federassantas.org.br\/novosite\/wp-content\/uploads\/2021\/01\/Instituto-de-Transplante-de-Medula-Ossea-1-scaled.jpg","type":"image\/jpeg"}],"author":"admin-federas","twitter_card":"summary_large_image","twitter_misc":{"Escrito por":"admin-federas","Est. tempo de leitura":"2 minutos"},"schema":{"@context":"https:\/\/schema.org","@graph":[{"@type":"Article","@id":"https:\/\/www.federassantas.org.br\/novosite\/fevereiro-laranja-mes-de-conscientizacao-sobre-a-leucemia\/#article","isPartOf":{"@id":"https:\/\/www.federassantas.org.br\/novosite\/fevereiro-laranja-mes-de-conscientizacao-sobre-a-leucemia\/"},"author":{"name":"admin-federas","@id":"https:\/\/www.federassantas.org.br\/novosite\/#\/schema\/person\/75fed98158349313fe56175f232f513c"},"headline":"Fevereiro Laranja: M\u00eas de conscientiza\u00e7\u00e3o sobre a leucemia","datePublished":"2022-02-15T19:06:43+00:00","mainEntityOfPage":{"@id":"https:\/\/www.federassantas.org.br\/novosite\/fevereiro-laranja-mes-de-conscientizacao-sobre-a-leucemia\/"},"wordCount":447,"commentCount":0,"publisher":{"@id":"https:\/\/www.federassantas.org.br\/novosite\/#organization"},"image":{"@id":"https:\/\/www.federassantas.org.br\/novosite\/fevereiro-laranja-mes-de-conscientizacao-sobre-a-leucemia\/#primaryimage"},"thumbnailUrl":"https:\/\/www.federassantas.org.br\/novosite\/wp-content\/uploads\/2021\/01\/Instituto-de-Transplante-de-Medula-Ossea-1-scaled.jpg","articleSection":["Not\u00edcias","Not\u00edcias filiados"],"inLanguage":"pt-BR","potentialAction":[{"@type":"CommentAction","name":"Comment","target":["https:\/\/www.federassantas.org.br\/novosite\/fevereiro-laranja-mes-de-conscientizacao-sobre-a-leucemia\/#respond"]}]},{"@type":"WebPage","@id":"https:\/\/www.federassantas.org.br\/novosite\/fevereiro-laranja-mes-de-conscientizacao-sobre-a-leucemia\/","url":"https:\/\/www.federassantas.org.br\/novosite\/fevereiro-laranja-mes-de-conscientizacao-sobre-a-leucemia\/","name":"Fevereiro Laranja: M\u00eas de conscientiza\u00e7\u00e3o sobre a leucemia - Federassantas","isPartOf":{"@id":"https:\/\/www.federassantas.org.br\/novosite\/#website"},"primaryImageOfPage":{"@id":"https:\/\/www.federassantas.org.br\/novosite\/fevereiro-laranja-mes-de-conscientizacao-sobre-a-leucemia\/#primaryimage"},"image":{"@id":"https:\/\/www.federassantas.org.br\/novosite\/fevereiro-laranja-mes-de-conscientizacao-sobre-a-leucemia\/#primaryimage"},"thumbnailUrl":"https:\/\/www.federassantas.org.br\/novosite\/wp-content\/uploads\/2021\/01\/Instituto-de-Transplante-de-Medula-Ossea-1-scaled.jpg","datePublished":"2022-02-15T19:06:43+00:00","breadcrumb":{"@id":"https:\/\/www.federassantas.org.br\/novosite\/fevereiro-laranja-mes-de-conscientizacao-sobre-a-leucemia\/#breadcrumb"},"inLanguage":"pt-BR","potentialAction":[{"@type":"ReadAction","target":["https:\/\/www.federassantas.org.br\/novosite\/fevereiro-laranja-mes-de-conscientizacao-sobre-a-leucemia\/"]}]},{"@type":"ImageObject","inLanguage":"pt-BR","@id":"https:\/\/www.federassantas.org.br\/novosite\/fevereiro-laranja-mes-de-conscientizacao-sobre-a-leucemia\/#primaryimage","url":"https:\/\/www.federassantas.org.br\/novosite\/wp-content\/uploads\/2021\/01\/Instituto-de-Transplante-de-Medula-Ossea-1-scaled.jpg","contentUrl":"https:\/\/www.federassantas.org.br\/novosite\/wp-content\/uploads\/2021\/01\/Instituto-de-Transplante-de-Medula-Ossea-1-scaled.jpg","width":2560,"height":1587},{"@type":"BreadcrumbList","@id":"https:\/\/www.federassantas.org.br\/novosite\/fevereiro-laranja-mes-de-conscientizacao-sobre-a-leucemia\/#breadcrumb","itemListElement":[{"@type":"ListItem","position":1,"name":"In\u00edcio","item":"https:\/\/www.federassantas.org.br\/novosite\/"},{"@type":"ListItem","position":2,"name":"Fevereiro Laranja: M\u00eas de conscientiza\u00e7\u00e3o sobre a leucemia"}]},{"@type":"WebSite","@id":"https:\/\/www.federassantas.org.br\/novosite\/#website","url":"https:\/\/www.federassantas.org.br\/novosite\/","name":"Federassantas","description":"Fed. das Santas Casas e Hospitais Filantr\u00f3picos de MG","publisher":{"@id":"https:\/\/www.federassantas.org.br\/novosite\/#organization"},"potentialAction":[{"@type":"SearchAction","target":{"@type":"EntryPoint","urlTemplate":"https:\/\/www.federassantas.org.br\/novosite\/?s={search_term_string}"},"query-input":{"@type":"PropertyValueSpecification","valueRequired":true,"valueName":"search_term_string"}}],"inLanguage":"pt-BR"},{"@type":"Organization","@id":"https:\/\/www.federassantas.org.br\/novosite\/#organization","name":"Federassantas","url":"https:\/\/www.federassantas.org.br\/novosite\/","logo":{"@type":"ImageObject","inLanguage":"pt-BR","@id":"https:\/\/www.federassantas.org.br\/novosite\/#\/schema\/logo\/image\/","url":"https:\/\/www.federassantas.org.br\/novosite\/wp-content\/uploads\/2021\/12\/logo.png","contentUrl":"https:\/\/www.federassantas.org.br\/novosite\/wp-content\/uploads\/2021\/12\/logo.png","width":243,"height":59,"caption":"Federassantas"},"image":{"@id":"https:\/\/www.federassantas.org.br\/novosite\/#\/schema\/logo\/image\/"}},{"@type":"Person","@id":"https:\/\/www.federassantas.org.br\/novosite\/#\/schema\/person\/75fed98158349313fe56175f232f513c","name":"admin-federas","image":{"@type":"ImageObject","inLanguage":"pt-BR","@id":"https:\/\/www.federassantas.org.br\/novosite\/#\/schema\/person\/image\/","url":"https:\/\/secure.gravatar.com\/avatar\/2a02d7dda59fe8dc6b7ffd3f652e2efede5ccf0dd89dfdc8137c5517f3de8407?s=96&d=mm&r=g","contentUrl":"https:\/\/secure.gravatar.com\/avatar\/2a02d7dda59fe8dc6b7ffd3f652e2efede5ccf0dd89dfdc8137c5517f3de8407?s=96&d=mm&r=g","caption":"admin-federas"},"sameAs":["https:\/\/www.federassantas.org.br\/novosite\/"],"url":"https:\/\/www.federassantas.org.br\/novosite\/author\/admin-federas\/"}]}},"_links":{"self":[{"href":"https:\/\/www.federassantas.org.br\/novosite\/wp-json\/wp\/v2\/posts\/24338","targetHints":{"allow":["GET"]}}],"collection":[{"href":"https:\/\/www.federassantas.org.br\/novosite\/wp-json\/wp\/v2\/posts"}],"about":[{"href":"https:\/\/www.federassantas.org.br\/novosite\/wp-json\/wp\/v2\/types\/post"}],"author":[{"embeddable":true,"href":"https:\/\/www.federassantas.org.br\/novosite\/wp-json\/wp\/v2\/users\/1"}],"replies":[{"embeddable":true,"href":"https:\/\/www.federassantas.org.br\/novosite\/wp-json\/wp\/v2\/comments?post=24338"}],"version-history":[{"count":0,"href":"https:\/\/www.federassantas.org.br\/novosite\/wp-json\/wp\/v2\/posts\/24338\/revisions"}],"wp:featuredmedia":[{"embeddable":true,"href":"https:\/\/www.federassantas.org.br\/novosite\/wp-json\/wp\/v2\/media\/23395"}],"wp:attachment":[{"href":"https:\/\/www.federassantas.org.br\/novosite\/wp-json\/wp\/v2\/media?parent=24338"}],"wp:term":[{"taxonomy":"category","embeddable":true,"href":"https:\/\/www.federassantas.org.br\/novosite\/wp-json\/wp\/v2\/categories?post=24338"},{"taxonomy":"post_tag","embeddable":true,"href":"https:\/\/www.federassantas.org.br\/novosite\/wp-json\/wp\/v2\/tags?post=24338"}],"curies":[{"name":"wp","href":"https:\/\/api.w.org\/{rel}","templated":true}]}}