{"id":24339,"date":"2022-02-16T09:11:33","date_gmt":"2022-02-16T12:11:33","guid":{"rendered":"https:\/\/federasbackup.meltcomunicacao.com.br\/?p=23398"},"modified":"2022-02-16T09:11:33","modified_gmt":"2022-02-16T12:11:33","slug":"santa-casa-de-barbacena-recebe-troco-solidario-do-grupo-bahamas","status":"publish","type":"post","link":"https:\/\/www.federassantas.org.br\/novosite\/santa-casa-de-barbacena-recebe-troco-solidario-do-grupo-bahamas\/","title":{"rendered":"Santa Casa de Barbacena recebe \u2018Troco Solid\u00e1rio\u2019 do Grupo Bahamas"},"content":{"rendered":"\n<p>A Santa Casa de Miseric\u00f3rdia de Barbacena foi a entidade contemplada com o \u2018Troco Solid\u00e1rio\u2019 do Bahamas Mix e do Supermercado Bahamas com sede em Barbacena. Segundo o Gerente Geral do Supermercado, Renato Mendes Cordeiro, a doa\u00e7\u00e3o repassada \u00e0 Santa Casa \u00e9 resultado da campanha realizada durante o m\u00eas de janeiro.<\/p>\n\n\n\n<p>A doa\u00e7\u00e3o foi entregue ao diretor Geral da Santa Casa, Fl\u00e1vio Maluf, na tarde desta quinta-feira, dia 10. Estavam presentes os gerentes Ricardo Silva; Renato Mendes e Andr\u00e9 Sousa. \u201cRegistro aqui nossos agradecimentos ao Grupo Bahamas por este gesto de solidariedade com Barbacena e regi\u00e3o atrav\u00e9s do troco solid\u00e1rio destinado \u00e0 Santa Casa do nosso munic\u00edpio\u201d, exclamou Fl\u00e1vio.<\/p>\n\n\n\n<p><\/p>\n\n\n\n<p>Fonte: <a href=\"http:\/\/www.santacasabarbacena.com.br\/?p=1851\" target=\"_blank\" rel=\"noreferrer noopener\">Portal Santa Casa de Barbacena<\/a><\/p>\n","protected":false},"excerpt":{"rendered":"<p>A Santa Casa de Miseric\u00f3rdia de Barbacena foi a entidade contemplada com o \u2018Troco Solid\u00e1rio\u2019 do Bahamas Mix e do Supermercado Bahamas com sede em Barbacena. Segundo o Gerente Geral do Supermercado, Renato Mendes Cordeiro, a doa\u00e7\u00e3o repassada \u00e0 Santa Casa \u00e9 resultado da campanha realizada durante o m\u00eas de janeiro. A doa\u00e7\u00e3o foi entregue [&hellip;]<\/p>\n","protected":false},"author":1,"featured_media":23399,"comment_status":"open","ping_status":"open","sticky":false,"template":"","format":"standard","meta":{"footnotes":""},"categories":[140,139],"tags":[],"class_list":["post-24339","post","type-post","status-publish","format-standard","has-post-thumbnail","hentry","category-noticias","category-noticias-filiados"],"yoast_head":"<!-- This site is optimized with the Yoast SEO plugin v26.9 - https:\/\/yoast.com\/product\/yoast-seo-wordpress\/ -->\n<title>Santa Casa de Barbacena recebe \u2018Troco Solid\u00e1rio\u2019 do Grupo Bahamas - Federassantas<\/title>\n<meta name=\"robots\" content=\"index, follow, max-snippet:-1, max-image-preview:large, max-video-preview:-1\" \/>\n<link rel=\"canonical\" href=\"https:\/\/www.federassantas.org.br\/novosite\/santa-casa-de-barbacena-recebe-troco-solidario-do-grupo-bahamas\/\" \/>\n<meta property=\"og:locale\" content=\"pt_BR\" \/>\n<meta property=\"og:type\" content=\"article\" \/>\n<meta property=\"og:title\" content=\"Santa Casa de Barbacena recebe \u2018Troco Solid\u00e1rio\u2019 do Grupo Bahamas - Federassantas\" \/>\n<meta property=\"og:description\" content=\"A Santa Casa de Miseric\u00f3rdia de Barbacena foi a entidade contemplada com o \u2018Troco Solid\u00e1rio\u2019 do Bahamas Mix e do Supermercado Bahamas com sede em Barbacena. Segundo o Gerente Geral do Supermercado, Renato Mendes Cordeiro, a doa\u00e7\u00e3o repassada \u00e0 Santa Casa \u00e9 resultado da campanha realizada durante o m\u00eas de janeiro. A doa\u00e7\u00e3o foi entregue [&hellip;]\" \/>\n<meta property=\"og:url\" content=\"https:\/\/www.federassantas.org.br\/novosite\/santa-casa-de-barbacena-recebe-troco-solidario-do-grupo-bahamas\/\" \/>\n<meta property=\"og:site_name\" content=\"Federassantas\" \/>\n<meta property=\"article:published_time\" content=\"2022-02-16T12:11:33+00:00\" \/>\n<meta property=\"og:image\" content=\"https:\/\/www.federassantas.org.br\/novosite\/wp-content\/uploads\/2021\/01\/Foto-2-2-1-scaled.jpg\" \/>\n\t<meta property=\"og:image:width\" content=\"2560\" \/>\n\t<meta property=\"og:image:height\" content=\"1440\" \/>\n\t<meta property=\"og:image:type\" content=\"image\/jpeg\" \/>\n<meta name=\"author\" content=\"admin-federas\" \/>\n<meta name=\"twitter:card\" content=\"summary_large_image\" \/>\n<meta name=\"twitter:label1\" content=\"Escrito por\" \/>\n\t<meta name=\"twitter:data1\" content=\"admin-federas\" \/>\n\t<meta name=\"twitter:label2\" content=\"Est. tempo de leitura\" \/>\n\t<meta name=\"twitter:data2\" content=\"1 minuto\" \/>\n<script type=\"application\/ld+json\" class=\"yoast-schema-graph\">{\"@context\":\"https:\/\/schema.org\",\"@graph\":[{\"@type\":\"Article\",\"@id\":\"https:\/\/www.federassantas.org.br\/novosite\/santa-casa-de-barbacena-recebe-troco-solidario-do-grupo-bahamas\/#article\",\"isPartOf\":{\"@id\":\"https:\/\/www.federassantas.org.br\/novosite\/santa-casa-de-barbacena-recebe-troco-solidario-do-grupo-bahamas\/\"},\"author\":{\"name\":\"admin-federas\",\"@id\":\"https:\/\/www.federassantas.org.br\/novosite\/#\/schema\/person\/75fed98158349313fe56175f232f513c\"},\"headline\":\"Santa Casa de Barbacena recebe \u2018Troco Solid\u00e1rio\u2019 do Grupo Bahamas\",\"datePublished\":\"2022-02-16T12:11:33+00:00\",\"mainEntityOfPage\":{\"@id\":\"https:\/\/www.federassantas.org.br\/novosite\/santa-casa-de-barbacena-recebe-troco-solidario-do-grupo-bahamas\/\"},\"wordCount\":133,\"commentCount\":0,\"publisher\":{\"@id\":\"https:\/\/www.federassantas.org.br\/novosite\/#organization\"},\"image\":{\"@id\":\"https:\/\/www.federassantas.org.br\/novosite\/santa-casa-de-barbacena-recebe-troco-solidario-do-grupo-bahamas\/#primaryimage\"},\"thumbnailUrl\":\"https:\/\/www.federassantas.org.br\/novosite\/wp-content\/uploads\/2021\/01\/Foto-2-2-1-scaled.jpg\",\"articleSection\":[\"Not\u00edcias\",\"Not\u00edcias filiados\"],\"inLanguage\":\"pt-BR\",\"potentialAction\":[{\"@type\":\"CommentAction\",\"name\":\"Comment\",\"target\":[\"https:\/\/www.federassantas.org.br\/novosite\/santa-casa-de-barbacena-recebe-troco-solidario-do-grupo-bahamas\/#respond\"]}]},{\"@type\":\"WebPage\",\"@id\":\"https:\/\/www.federassantas.org.br\/novosite\/santa-casa-de-barbacena-recebe-troco-solidario-do-grupo-bahamas\/\",\"url\":\"https:\/\/www.federassantas.org.br\/novosite\/santa-casa-de-barbacena-recebe-troco-solidario-do-grupo-bahamas\/\",\"name\":\"Santa Casa de Barbacena recebe \u2018Troco Solid\u00e1rio\u2019 do Grupo Bahamas - Federassantas\",\"isPartOf\":{\"@id\":\"https:\/\/www.federassantas.org.br\/novosite\/#website\"},\"primaryImageOfPage\":{\"@id\":\"https:\/\/www.federassantas.org.br\/novosite\/santa-casa-de-barbacena-recebe-troco-solidario-do-grupo-bahamas\/#primaryimage\"},\"image\":{\"@id\":\"https:\/\/www.federassantas.org.br\/novosite\/santa-casa-de-barbacena-recebe-troco-solidario-do-grupo-bahamas\/#primaryimage\"},\"thumbnailUrl\":\"https:\/\/www.federassantas.org.br\/novosite\/wp-content\/uploads\/2021\/01\/Foto-2-2-1-scaled.jpg\",\"datePublished\":\"2022-02-16T12:11:33+00:00\",\"breadcrumb\":{\"@id\":\"https:\/\/www.federassantas.org.br\/novosite\/santa-casa-de-barbacena-recebe-troco-solidario-do-grupo-bahamas\/#breadcrumb\"},\"inLanguage\":\"pt-BR\",\"potentialAction\":[{\"@type\":\"ReadAction\",\"target\":[\"https:\/\/www.federassantas.org.br\/novosite\/santa-casa-de-barbacena-recebe-troco-solidario-do-grupo-bahamas\/\"]}]},{\"@type\":\"ImageObject\",\"inLanguage\":\"pt-BR\",\"@id\":\"https:\/\/www.federassantas.org.br\/novosite\/santa-casa-de-barbacena-recebe-troco-solidario-do-grupo-bahamas\/#primaryimage\",\"url\":\"https:\/\/www.federassantas.org.br\/novosite\/wp-content\/uploads\/2021\/01\/Foto-2-2-1-scaled.jpg\",\"contentUrl\":\"https:\/\/www.federassantas.org.br\/novosite\/wp-content\/uploads\/2021\/01\/Foto-2-2-1-scaled.jpg\",\"width\":2560,\"height\":1440,\"caption\":\"Foram vacinados 258 colaboradores que atuam no atendimento a casos de coronav\u00edrus\"},{\"@type\":\"BreadcrumbList\",\"@id\":\"https:\/\/www.federassantas.org.br\/novosite\/santa-casa-de-barbacena-recebe-troco-solidario-do-grupo-bahamas\/#breadcrumb\",\"itemListElement\":[{\"@type\":\"ListItem\",\"position\":1,\"name\":\"In\u00edcio\",\"item\":\"https:\/\/www.federassantas.org.br\/novosite\/\"},{\"@type\":\"ListItem\",\"position\":2,\"name\":\"Santa Casa de Barbacena recebe \u2018Troco Solid\u00e1rio\u2019 do Grupo Bahamas\"}]},{\"@type\":\"WebSite\",\"@id\":\"https:\/\/www.federassantas.org.br\/novosite\/#website\",\"url\":\"https:\/\/www.federassantas.org.br\/novosite\/\",\"name\":\"Federassantas\",\"description\":\"Fed. das Santas Casas e Hospitais Filantr\u00f3picos de MG\",\"publisher\":{\"@id\":\"https:\/\/www.federassantas.org.br\/novosite\/#organization\"},\"potentialAction\":[{\"@type\":\"SearchAction\",\"target\":{\"@type\":\"EntryPoint\",\"urlTemplate\":\"https:\/\/www.federassantas.org.br\/novosite\/?s={search_term_string}\"},\"query-input\":{\"@type\":\"PropertyValueSpecification\",\"valueRequired\":true,\"valueName\":\"search_term_string\"}}],\"inLanguage\":\"pt-BR\"},{\"@type\":\"Organization\",\"@id\":\"https:\/\/www.federassantas.org.br\/novosite\/#organization\",\"name\":\"Federassantas\",\"url\":\"https:\/\/www.federassantas.org.br\/novosite\/\",\"logo\":{\"@type\":\"ImageObject\",\"inLanguage\":\"pt-BR\",\"@id\":\"https:\/\/www.federassantas.org.br\/novosite\/#\/schema\/logo\/image\/\",\"url\":\"https:\/\/www.federassantas.org.br\/novosite\/wp-content\/uploads\/2021\/12\/logo.png\",\"contentUrl\":\"https:\/\/www.federassantas.org.br\/novosite\/wp-content\/uploads\/2021\/12\/logo.png\",\"width\":243,\"height\":59,\"caption\":\"Federassantas\"},\"image\":{\"@id\":\"https:\/\/www.federassantas.org.br\/novosite\/#\/schema\/logo\/image\/\"}},{\"@type\":\"Person\",\"@id\":\"https:\/\/www.federassantas.org.br\/novosite\/#\/schema\/person\/75fed98158349313fe56175f232f513c\",\"name\":\"admin-federas\",\"image\":{\"@type\":\"ImageObject\",\"inLanguage\":\"pt-BR\",\"@id\":\"https:\/\/www.federassantas.org.br\/novosite\/#\/schema\/person\/image\/\",\"url\":\"https:\/\/secure.gravatar.com\/avatar\/2a02d7dda59fe8dc6b7ffd3f652e2efede5ccf0dd89dfdc8137c5517f3de8407?s=96&d=mm&r=g\",\"contentUrl\":\"https:\/\/secure.gravatar.com\/avatar\/2a02d7dda59fe8dc6b7ffd3f652e2efede5ccf0dd89dfdc8137c5517f3de8407?s=96&d=mm&r=g\",\"caption\":\"admin-federas\"},\"sameAs\":[\"https:\/\/www.federassantas.org.br\/novosite\/\"],\"url\":\"https:\/\/www.federassantas.org.br\/novosite\/author\/admin-federas\/\"}]}<\/script>\n<!-- \/ Yoast SEO plugin. -->","yoast_head_json":{"title":"Santa Casa de Barbacena recebe \u2018Troco Solid\u00e1rio\u2019 do Grupo Bahamas - Federassantas","robots":{"index":"index","follow":"follow","max-snippet":"max-snippet:-1","max-image-preview":"max-image-preview:large","max-video-preview":"max-video-preview:-1"},"canonical":"https:\/\/www.federassantas.org.br\/novosite\/santa-casa-de-barbacena-recebe-troco-solidario-do-grupo-bahamas\/","og_locale":"pt_BR","og_type":"article","og_title":"Santa Casa de Barbacena recebe \u2018Troco Solid\u00e1rio\u2019 do Grupo Bahamas - Federassantas","og_description":"A Santa Casa de Miseric\u00f3rdia de Barbacena foi a entidade contemplada com o \u2018Troco Solid\u00e1rio\u2019 do Bahamas Mix e do Supermercado Bahamas com sede em Barbacena. Segundo o Gerente Geral do Supermercado, Renato Mendes Cordeiro, a doa\u00e7\u00e3o repassada \u00e0 Santa Casa \u00e9 resultado da campanha realizada durante o m\u00eas de janeiro. A doa\u00e7\u00e3o foi entregue [&hellip;]","og_url":"https:\/\/www.federassantas.org.br\/novosite\/santa-casa-de-barbacena-recebe-troco-solidario-do-grupo-bahamas\/","og_site_name":"Federassantas","article_published_time":"2022-02-16T12:11:33+00:00","og_image":[{"width":2560,"height":1440,"url":"https:\/\/www.federassantas.org.br\/novosite\/wp-content\/uploads\/2021\/01\/Foto-2-2-1-scaled.jpg","type":"image\/jpeg"}],"author":"admin-federas","twitter_card":"summary_large_image","twitter_misc":{"Escrito por":"admin-federas","Est. tempo de leitura":"1 minuto"},"schema":{"@context":"https:\/\/schema.org","@graph":[{"@type":"Article","@id":"https:\/\/www.federassantas.org.br\/novosite\/santa-casa-de-barbacena-recebe-troco-solidario-do-grupo-bahamas\/#article","isPartOf":{"@id":"https:\/\/www.federassantas.org.br\/novosite\/santa-casa-de-barbacena-recebe-troco-solidario-do-grupo-bahamas\/"},"author":{"name":"admin-federas","@id":"https:\/\/www.federassantas.org.br\/novosite\/#\/schema\/person\/75fed98158349313fe56175f232f513c"},"headline":"Santa Casa de Barbacena recebe \u2018Troco Solid\u00e1rio\u2019 do Grupo Bahamas","datePublished":"2022-02-16T12:11:33+00:00","mainEntityOfPage":{"@id":"https:\/\/www.federassantas.org.br\/novosite\/santa-casa-de-barbacena-recebe-troco-solidario-do-grupo-bahamas\/"},"wordCount":133,"commentCount":0,"publisher":{"@id":"https:\/\/www.federassantas.org.br\/novosite\/#organization"},"image":{"@id":"https:\/\/www.federassantas.org.br\/novosite\/santa-casa-de-barbacena-recebe-troco-solidario-do-grupo-bahamas\/#primaryimage"},"thumbnailUrl":"https:\/\/www.federassantas.org.br\/novosite\/wp-content\/uploads\/2021\/01\/Foto-2-2-1-scaled.jpg","articleSection":["Not\u00edcias","Not\u00edcias filiados"],"inLanguage":"pt-BR","potentialAction":[{"@type":"CommentAction","name":"Comment","target":["https:\/\/www.federassantas.org.br\/novosite\/santa-casa-de-barbacena-recebe-troco-solidario-do-grupo-bahamas\/#respond"]}]},{"@type":"WebPage","@id":"https:\/\/www.federassantas.org.br\/novosite\/santa-casa-de-barbacena-recebe-troco-solidario-do-grupo-bahamas\/","url":"https:\/\/www.federassantas.org.br\/novosite\/santa-casa-de-barbacena-recebe-troco-solidario-do-grupo-bahamas\/","name":"Santa Casa de Barbacena recebe \u2018Troco Solid\u00e1rio\u2019 do Grupo Bahamas - Federassantas","isPartOf":{"@id":"https:\/\/www.federassantas.org.br\/novosite\/#website"},"primaryImageOfPage":{"@id":"https:\/\/www.federassantas.org.br\/novosite\/santa-casa-de-barbacena-recebe-troco-solidario-do-grupo-bahamas\/#primaryimage"},"image":{"@id":"https:\/\/www.federassantas.org.br\/novosite\/santa-casa-de-barbacena-recebe-troco-solidario-do-grupo-bahamas\/#primaryimage"},"thumbnailUrl":"https:\/\/www.federassantas.org.br\/novosite\/wp-content\/uploads\/2021\/01\/Foto-2-2-1-scaled.jpg","datePublished":"2022-02-16T12:11:33+00:00","breadcrumb":{"@id":"https:\/\/www.federassantas.org.br\/novosite\/santa-casa-de-barbacena-recebe-troco-solidario-do-grupo-bahamas\/#breadcrumb"},"inLanguage":"pt-BR","potentialAction":[{"@type":"ReadAction","target":["https:\/\/www.federassantas.org.br\/novosite\/santa-casa-de-barbacena-recebe-troco-solidario-do-grupo-bahamas\/"]}]},{"@type":"ImageObject","inLanguage":"pt-BR","@id":"https:\/\/www.federassantas.org.br\/novosite\/santa-casa-de-barbacena-recebe-troco-solidario-do-grupo-bahamas\/#primaryimage","url":"https:\/\/www.federassantas.org.br\/novosite\/wp-content\/uploads\/2021\/01\/Foto-2-2-1-scaled.jpg","contentUrl":"https:\/\/www.federassantas.org.br\/novosite\/wp-content\/uploads\/2021\/01\/Foto-2-2-1-scaled.jpg","width":2560,"height":1440,"caption":"Foram vacinados 258 colaboradores que atuam no atendimento a casos de coronav\u00edrus"},{"@type":"BreadcrumbList","@id":"https:\/\/www.federassantas.org.br\/novosite\/santa-casa-de-barbacena-recebe-troco-solidario-do-grupo-bahamas\/#breadcrumb","itemListElement":[{"@type":"ListItem","position":1,"name":"In\u00edcio","item":"https:\/\/www.federassantas.org.br\/novosite\/"},{"@type":"ListItem","position":2,"name":"Santa Casa de Barbacena recebe \u2018Troco Solid\u00e1rio\u2019 do Grupo Bahamas"}]},{"@type":"WebSite","@id":"https:\/\/www.federassantas.org.br\/novosite\/#website","url":"https:\/\/www.federassantas.org.br\/novosite\/","name":"Federassantas","description":"Fed. das Santas Casas e Hospitais Filantr\u00f3picos de MG","publisher":{"@id":"https:\/\/www.federassantas.org.br\/novosite\/#organization"},"potentialAction":[{"@type":"SearchAction","target":{"@type":"EntryPoint","urlTemplate":"https:\/\/www.federassantas.org.br\/novosite\/?s={search_term_string}"},"query-input":{"@type":"PropertyValueSpecification","valueRequired":true,"valueName":"search_term_string"}}],"inLanguage":"pt-BR"},{"@type":"Organization","@id":"https:\/\/www.federassantas.org.br\/novosite\/#organization","name":"Federassantas","url":"https:\/\/www.federassantas.org.br\/novosite\/","logo":{"@type":"ImageObject","inLanguage":"pt-BR","@id":"https:\/\/www.federassantas.org.br\/novosite\/#\/schema\/logo\/image\/","url":"https:\/\/www.federassantas.org.br\/novosite\/wp-content\/uploads\/2021\/12\/logo.png","contentUrl":"https:\/\/www.federassantas.org.br\/novosite\/wp-content\/uploads\/2021\/12\/logo.png","width":243,"height":59,"caption":"Federassantas"},"image":{"@id":"https:\/\/www.federassantas.org.br\/novosite\/#\/schema\/logo\/image\/"}},{"@type":"Person","@id":"https:\/\/www.federassantas.org.br\/novosite\/#\/schema\/person\/75fed98158349313fe56175f232f513c","name":"admin-federas","image":{"@type":"ImageObject","inLanguage":"pt-BR","@id":"https:\/\/www.federassantas.org.br\/novosite\/#\/schema\/person\/image\/","url":"https:\/\/secure.gravatar.com\/avatar\/2a02d7dda59fe8dc6b7ffd3f652e2efede5ccf0dd89dfdc8137c5517f3de8407?s=96&d=mm&r=g","contentUrl":"https:\/\/secure.gravatar.com\/avatar\/2a02d7dda59fe8dc6b7ffd3f652e2efede5ccf0dd89dfdc8137c5517f3de8407?s=96&d=mm&r=g","caption":"admin-federas"},"sameAs":["https:\/\/www.federassantas.org.br\/novosite\/"],"url":"https:\/\/www.federassantas.org.br\/novosite\/author\/admin-federas\/"}]}},"_links":{"self":[{"href":"https:\/\/www.federassantas.org.br\/novosite\/wp-json\/wp\/v2\/posts\/24339","targetHints":{"allow":["GET"]}}],"collection":[{"href":"https:\/\/www.federassantas.org.br\/novosite\/wp-json\/wp\/v2\/posts"}],"about":[{"href":"https:\/\/www.federassantas.org.br\/novosite\/wp-json\/wp\/v2\/types\/post"}],"author":[{"embeddable":true,"href":"https:\/\/www.federassantas.org.br\/novosite\/wp-json\/wp\/v2\/users\/1"}],"replies":[{"embeddable":true,"href":"https:\/\/www.federassantas.org.br\/novosite\/wp-json\/wp\/v2\/comments?post=24339"}],"version-history":[{"count":0,"href":"https:\/\/www.federassantas.org.br\/novosite\/wp-json\/wp\/v2\/posts\/24339\/revisions"}],"wp:featuredmedia":[{"embeddable":true,"href":"https:\/\/www.federassantas.org.br\/novosite\/wp-json\/wp\/v2\/media\/23399"}],"wp:attachment":[{"href":"https:\/\/www.federassantas.org.br\/novosite\/wp-json\/wp\/v2\/media?parent=24339"}],"wp:term":[{"taxonomy":"category","embeddable":true,"href":"https:\/\/www.federassantas.org.br\/novosite\/wp-json\/wp\/v2\/categories?post=24339"},{"taxonomy":"post_tag","embeddable":true,"href":"https:\/\/www.federassantas.org.br\/novosite\/wp-json\/wp\/v2\/tags?post=24339"}],"curies":[{"name":"wp","href":"https:\/\/api.w.org\/{rel}","templated":true}]}}