{"id":24340,"date":"2022-02-17T09:20:37","date_gmt":"2022-02-17T12:20:37","guid":{"rendered":"https:\/\/federasbackup.meltcomunicacao.com.br\/?p=23412"},"modified":"2022-02-17T09:20:37","modified_gmt":"2022-02-17T12:20:37","slug":"cssjd-retoma-projeto-cafe-com-a-diretoria","status":"publish","type":"post","link":"https:\/\/www.federassantas.org.br\/novosite\/cssjd-retoma-projeto-cafe-com-a-diretoria\/","title":{"rendered":"CSSJD retoma projeto Caf\u00e9 com a Diretoria"},"content":{"rendered":"\n<p>Foi realizado na tarde dessa ter\u00e7a-feira, 15 de fevereiro, o primeiro Caf\u00e9 com a Diretoria em 2022. Para a retomada do projeto, neste ano, os encontros ser\u00e3o realizados todo m\u00eas, com a proposta de aproximar colaboradores e gest\u00e3o, promovendo um momento de integra\u00e7\u00e3o e troca de informa\u00e7\u00f5es sobre o CSSJD. Nesta primeira edi\u00e7\u00e3o, 15 profissionais foram convidados, sendo 12 sorteados entre os 36 colaboradores e membros do Corpo Cl\u00ednico citados de forma positiva na pesquisa de satisfa\u00e7\u00e3o no m\u00eas anterior, al\u00e9m da indica\u00e7\u00e3o de tr\u00eas colaboradores por ger\u00eancias que n\u00e3o fazem atendimento direto ao p\u00fablico.<\/p>\n\n\n\n<p>Representando a diretoria da institui\u00e7\u00e3o, estiveram presentes a Diretora Presidente, Elis Regina Guimar\u00e3es, o Diretor Administrativo Jur\u00eddico, Andr\u00e9 Waller, e o Diretor Financeiro, Marco Ant\u00f4nio Almeida. Durante o encontro, diversos assuntos ligados \u00e0 institui\u00e7\u00e3o foram apresentados aos convidados, como a Identidade Organizacional, Mapa Estrat\u00e9gico, as conquistas recentes da institui\u00e7\u00e3o e os projetos futuros. Na oportunidade, os convidados tamb\u00e9m puderam tirar d\u00favidas sobre o conte\u00fado apresentado e levar sugest\u00f5es de melhorias para a diretoria.<\/p>\n\n\n\n<p>Segundo a Diretora Presidente, Elis Regina Guimar\u00e3es, o Caf\u00e9 com a Diretoria \u00e9 uma oportunidade de conhecer as hist\u00f3rias dos colaboradores com a institui\u00e7\u00e3o. \u201cEstamos aqui n\u00e3o s\u00f3 para mostrar o que tem sido feito pela gest\u00e3o, mas tamb\u00e9m para conhecer um pouco da rela\u00e7\u00e3o deles com o S\u00e3o Jo\u00e3o de Deus. Temos tantas hist\u00f3rias bonitas aqui, de pessoas que trabalham com tanto amor e isso nos inspira, nos incentiva a cada dia para que a institui\u00e7\u00e3o cres\u00e7a cada dia mais\u201d, comentou.<\/p>\n\n\n\n<p>Para a Supervisora de Enfermagem do Pronto Atendimento, Ros\u00e1lia Aparecida Vieira, o evento foi uma oportunidade de um contato mais pr\u00f3ximo com a gest\u00e3o. \u201cFoi uma ocasi\u00e3o excepcional. J\u00e1 tive a oportunidade de estar em reuni\u00e3o com a Elis antes. Esse momento tem que ser repassado para outras pessoas. Foi muito gratificante\u201d, acrescentou.<\/p>\n\n\n\n<p>O Complexo de Sa\u00fade S\u00e3o Jo\u00e3o de Deus agradece a todos que participaram dessa primeira edi\u00e7\u00e3o e foram citados na Pesquisa de Satisfa\u00e7\u00e3o. \u00c9 gra\u00e7as a colaboradores, dedicados e empenhados, que a institui\u00e7\u00e3o se consolida entre as mais importantes do estado e do pa\u00eds, trabalhando sempre para oferecer aos clientes umas assist\u00eancias que os coloquem no centro do cuidado.<\/p>\n\n\n\n<p><\/p>\n\n\n\n<p>Por: Comunica\u00e7\u00e3o CSSJD<\/p>\n","protected":false},"excerpt":{"rendered":"<p>Foi realizado na tarde dessa ter\u00e7a-feira, 15 de fevereiro, o primeiro Caf\u00e9 com a Diretoria em 2022. Para a retomada do projeto, neste ano, os encontros ser\u00e3o realizados todo m\u00eas, com a proposta de aproximar colaboradores e gest\u00e3o, promovendo um momento de integra\u00e7\u00e3o e troca de informa\u00e7\u00f5es sobre o CSSJD. Nesta primeira edi\u00e7\u00e3o, 15 profissionais [&hellip;]<\/p>\n","protected":false},"author":1,"featured_media":23413,"comment_status":"open","ping_status":"open","sticky":false,"template":"","format":"standard","meta":{"footnotes":""},"categories":[140,139],"tags":[],"class_list":["post-24340","post","type-post","status-publish","format-standard","has-post-thumbnail","hentry","category-noticias","category-noticias-filiados"],"yoast_head":"<!-- This site is optimized with the Yoast SEO plugin v26.9 - https:\/\/yoast.com\/product\/yoast-seo-wordpress\/ -->\n<title>CSSJD retoma projeto Caf\u00e9 com a Diretoria - Federassantas<\/title>\n<meta name=\"robots\" content=\"index, follow, max-snippet:-1, max-image-preview:large, max-video-preview:-1\" \/>\n<link rel=\"canonical\" href=\"https:\/\/www.federassantas.org.br\/novosite\/cssjd-retoma-projeto-cafe-com-a-diretoria\/\" \/>\n<meta property=\"og:locale\" content=\"pt_BR\" \/>\n<meta property=\"og:type\" content=\"article\" \/>\n<meta property=\"og:title\" content=\"CSSJD retoma projeto Caf\u00e9 com a Diretoria - Federassantas\" \/>\n<meta property=\"og:description\" content=\"Foi realizado na tarde dessa ter\u00e7a-feira, 15 de fevereiro, o primeiro Caf\u00e9 com a Diretoria em 2022. Para a retomada do projeto, neste ano, os encontros ser\u00e3o realizados todo m\u00eas, com a proposta de aproximar colaboradores e gest\u00e3o, promovendo um momento de integra\u00e7\u00e3o e troca de informa\u00e7\u00f5es sobre o CSSJD. Nesta primeira edi\u00e7\u00e3o, 15 profissionais [&hellip;]\" \/>\n<meta property=\"og:url\" content=\"https:\/\/www.federassantas.org.br\/novosite\/cssjd-retoma-projeto-cafe-com-a-diretoria\/\" \/>\n<meta property=\"og:site_name\" content=\"Federassantas\" \/>\n<meta property=\"article:published_time\" content=\"2022-02-17T12:20:37+00:00\" \/>\n<meta property=\"og:image\" content=\"https:\/\/www.federassantas.org.br\/novosite\/wp-content\/uploads\/2021\/02\/5-1.jpg\" \/>\n\t<meta property=\"og:image:width\" content=\"1383\" \/>\n\t<meta property=\"og:image:height\" content=\"1765\" \/>\n\t<meta property=\"og:image:type\" content=\"image\/jpeg\" \/>\n<meta name=\"author\" content=\"admin-federas\" \/>\n<meta name=\"twitter:card\" content=\"summary_large_image\" \/>\n<meta name=\"twitter:label1\" content=\"Escrito por\" \/>\n\t<meta name=\"twitter:data1\" content=\"admin-federas\" \/>\n\t<meta name=\"twitter:label2\" content=\"Est. tempo de leitura\" \/>\n\t<meta name=\"twitter:data2\" content=\"2 minutos\" \/>\n<script type=\"application\/ld+json\" class=\"yoast-schema-graph\">{\"@context\":\"https:\/\/schema.org\",\"@graph\":[{\"@type\":\"Article\",\"@id\":\"https:\/\/www.federassantas.org.br\/novosite\/cssjd-retoma-projeto-cafe-com-a-diretoria\/#article\",\"isPartOf\":{\"@id\":\"https:\/\/www.federassantas.org.br\/novosite\/cssjd-retoma-projeto-cafe-com-a-diretoria\/\"},\"author\":{\"name\":\"admin-federas\",\"@id\":\"https:\/\/www.federassantas.org.br\/novosite\/#\/schema\/person\/75fed98158349313fe56175f232f513c\"},\"headline\":\"CSSJD retoma projeto Caf\u00e9 com a Diretoria\",\"datePublished\":\"2022-02-17T12:20:37+00:00\",\"mainEntityOfPage\":{\"@id\":\"https:\/\/www.federassantas.org.br\/novosite\/cssjd-retoma-projeto-cafe-com-a-diretoria\/\"},\"wordCount\":418,\"commentCount\":0,\"publisher\":{\"@id\":\"https:\/\/www.federassantas.org.br\/novosite\/#organization\"},\"image\":{\"@id\":\"https:\/\/www.federassantas.org.br\/novosite\/cssjd-retoma-projeto-cafe-com-a-diretoria\/#primaryimage\"},\"thumbnailUrl\":\"https:\/\/www.federassantas.org.br\/novosite\/wp-content\/uploads\/2021\/02\/5-1.jpg\",\"articleSection\":[\"Not\u00edcias\",\"Not\u00edcias filiados\"],\"inLanguage\":\"pt-BR\",\"potentialAction\":[{\"@type\":\"CommentAction\",\"name\":\"Comment\",\"target\":[\"https:\/\/www.federassantas.org.br\/novosite\/cssjd-retoma-projeto-cafe-com-a-diretoria\/#respond\"]}]},{\"@type\":\"WebPage\",\"@id\":\"https:\/\/www.federassantas.org.br\/novosite\/cssjd-retoma-projeto-cafe-com-a-diretoria\/\",\"url\":\"https:\/\/www.federassantas.org.br\/novosite\/cssjd-retoma-projeto-cafe-com-a-diretoria\/\",\"name\":\"CSSJD retoma projeto Caf\u00e9 com a Diretoria - Federassantas\",\"isPartOf\":{\"@id\":\"https:\/\/www.federassantas.org.br\/novosite\/#website\"},\"primaryImageOfPage\":{\"@id\":\"https:\/\/www.federassantas.org.br\/novosite\/cssjd-retoma-projeto-cafe-com-a-diretoria\/#primaryimage\"},\"image\":{\"@id\":\"https:\/\/www.federassantas.org.br\/novosite\/cssjd-retoma-projeto-cafe-com-a-diretoria\/#primaryimage\"},\"thumbnailUrl\":\"https:\/\/www.federassantas.org.br\/novosite\/wp-content\/uploads\/2021\/02\/5-1.jpg\",\"datePublished\":\"2022-02-17T12:20:37+00:00\",\"breadcrumb\":{\"@id\":\"https:\/\/www.federassantas.org.br\/novosite\/cssjd-retoma-projeto-cafe-com-a-diretoria\/#breadcrumb\"},\"inLanguage\":\"pt-BR\",\"potentialAction\":[{\"@type\":\"ReadAction\",\"target\":[\"https:\/\/www.federassantas.org.br\/novosite\/cssjd-retoma-projeto-cafe-com-a-diretoria\/\"]}]},{\"@type\":\"ImageObject\",\"inLanguage\":\"pt-BR\",\"@id\":\"https:\/\/www.federassantas.org.br\/novosite\/cssjd-retoma-projeto-cafe-com-a-diretoria\/#primaryimage\",\"url\":\"https:\/\/www.federassantas.org.br\/novosite\/wp-content\/uploads\/2021\/02\/5-1.jpg\",\"contentUrl\":\"https:\/\/www.federassantas.org.br\/novosite\/wp-content\/uploads\/2021\/02\/5-1.jpg\",\"width\":1383,\"height\":1765},{\"@type\":\"BreadcrumbList\",\"@id\":\"https:\/\/www.federassantas.org.br\/novosite\/cssjd-retoma-projeto-cafe-com-a-diretoria\/#breadcrumb\",\"itemListElement\":[{\"@type\":\"ListItem\",\"position\":1,\"name\":\"In\u00edcio\",\"item\":\"https:\/\/www.federassantas.org.br\/novosite\/\"},{\"@type\":\"ListItem\",\"position\":2,\"name\":\"CSSJD retoma projeto Caf\u00e9 com a Diretoria\"}]},{\"@type\":\"WebSite\",\"@id\":\"https:\/\/www.federassantas.org.br\/novosite\/#website\",\"url\":\"https:\/\/www.federassantas.org.br\/novosite\/\",\"name\":\"Federassantas\",\"description\":\"Fed. das Santas Casas e Hospitais Filantr\u00f3picos de MG\",\"publisher\":{\"@id\":\"https:\/\/www.federassantas.org.br\/novosite\/#organization\"},\"potentialAction\":[{\"@type\":\"SearchAction\",\"target\":{\"@type\":\"EntryPoint\",\"urlTemplate\":\"https:\/\/www.federassantas.org.br\/novosite\/?s={search_term_string}\"},\"query-input\":{\"@type\":\"PropertyValueSpecification\",\"valueRequired\":true,\"valueName\":\"search_term_string\"}}],\"inLanguage\":\"pt-BR\"},{\"@type\":\"Organization\",\"@id\":\"https:\/\/www.federassantas.org.br\/novosite\/#organization\",\"name\":\"Federassantas\",\"url\":\"https:\/\/www.federassantas.org.br\/novosite\/\",\"logo\":{\"@type\":\"ImageObject\",\"inLanguage\":\"pt-BR\",\"@id\":\"https:\/\/www.federassantas.org.br\/novosite\/#\/schema\/logo\/image\/\",\"url\":\"https:\/\/www.federassantas.org.br\/novosite\/wp-content\/uploads\/2021\/12\/logo.png\",\"contentUrl\":\"https:\/\/www.federassantas.org.br\/novosite\/wp-content\/uploads\/2021\/12\/logo.png\",\"width\":243,\"height\":59,\"caption\":\"Federassantas\"},\"image\":{\"@id\":\"https:\/\/www.federassantas.org.br\/novosite\/#\/schema\/logo\/image\/\"}},{\"@type\":\"Person\",\"@id\":\"https:\/\/www.federassantas.org.br\/novosite\/#\/schema\/person\/75fed98158349313fe56175f232f513c\",\"name\":\"admin-federas\",\"image\":{\"@type\":\"ImageObject\",\"inLanguage\":\"pt-BR\",\"@id\":\"https:\/\/www.federassantas.org.br\/novosite\/#\/schema\/person\/image\/\",\"url\":\"https:\/\/secure.gravatar.com\/avatar\/2a02d7dda59fe8dc6b7ffd3f652e2efede5ccf0dd89dfdc8137c5517f3de8407?s=96&d=mm&r=g\",\"contentUrl\":\"https:\/\/secure.gravatar.com\/avatar\/2a02d7dda59fe8dc6b7ffd3f652e2efede5ccf0dd89dfdc8137c5517f3de8407?s=96&d=mm&r=g\",\"caption\":\"admin-federas\"},\"sameAs\":[\"https:\/\/www.federassantas.org.br\/novosite\/\"],\"url\":\"https:\/\/www.federassantas.org.br\/novosite\/author\/admin-federas\/\"}]}<\/script>\n<!-- \/ Yoast SEO plugin. -->","yoast_head_json":{"title":"CSSJD retoma projeto Caf\u00e9 com a Diretoria - Federassantas","robots":{"index":"index","follow":"follow","max-snippet":"max-snippet:-1","max-image-preview":"max-image-preview:large","max-video-preview":"max-video-preview:-1"},"canonical":"https:\/\/www.federassantas.org.br\/novosite\/cssjd-retoma-projeto-cafe-com-a-diretoria\/","og_locale":"pt_BR","og_type":"article","og_title":"CSSJD retoma projeto Caf\u00e9 com a Diretoria - Federassantas","og_description":"Foi realizado na tarde dessa ter\u00e7a-feira, 15 de fevereiro, o primeiro Caf\u00e9 com a Diretoria em 2022. Para a retomada do projeto, neste ano, os encontros ser\u00e3o realizados todo m\u00eas, com a proposta de aproximar colaboradores e gest\u00e3o, promovendo um momento de integra\u00e7\u00e3o e troca de informa\u00e7\u00f5es sobre o CSSJD. Nesta primeira edi\u00e7\u00e3o, 15 profissionais [&hellip;]","og_url":"https:\/\/www.federassantas.org.br\/novosite\/cssjd-retoma-projeto-cafe-com-a-diretoria\/","og_site_name":"Federassantas","article_published_time":"2022-02-17T12:20:37+00:00","og_image":[{"width":1383,"height":1765,"url":"https:\/\/www.federassantas.org.br\/novosite\/wp-content\/uploads\/2021\/02\/5-1.jpg","type":"image\/jpeg"}],"author":"admin-federas","twitter_card":"summary_large_image","twitter_misc":{"Escrito por":"admin-federas","Est. tempo de leitura":"2 minutos"},"schema":{"@context":"https:\/\/schema.org","@graph":[{"@type":"Article","@id":"https:\/\/www.federassantas.org.br\/novosite\/cssjd-retoma-projeto-cafe-com-a-diretoria\/#article","isPartOf":{"@id":"https:\/\/www.federassantas.org.br\/novosite\/cssjd-retoma-projeto-cafe-com-a-diretoria\/"},"author":{"name":"admin-federas","@id":"https:\/\/www.federassantas.org.br\/novosite\/#\/schema\/person\/75fed98158349313fe56175f232f513c"},"headline":"CSSJD retoma projeto Caf\u00e9 com a Diretoria","datePublished":"2022-02-17T12:20:37+00:00","mainEntityOfPage":{"@id":"https:\/\/www.federassantas.org.br\/novosite\/cssjd-retoma-projeto-cafe-com-a-diretoria\/"},"wordCount":418,"commentCount":0,"publisher":{"@id":"https:\/\/www.federassantas.org.br\/novosite\/#organization"},"image":{"@id":"https:\/\/www.federassantas.org.br\/novosite\/cssjd-retoma-projeto-cafe-com-a-diretoria\/#primaryimage"},"thumbnailUrl":"https:\/\/www.federassantas.org.br\/novosite\/wp-content\/uploads\/2021\/02\/5-1.jpg","articleSection":["Not\u00edcias","Not\u00edcias filiados"],"inLanguage":"pt-BR","potentialAction":[{"@type":"CommentAction","name":"Comment","target":["https:\/\/www.federassantas.org.br\/novosite\/cssjd-retoma-projeto-cafe-com-a-diretoria\/#respond"]}]},{"@type":"WebPage","@id":"https:\/\/www.federassantas.org.br\/novosite\/cssjd-retoma-projeto-cafe-com-a-diretoria\/","url":"https:\/\/www.federassantas.org.br\/novosite\/cssjd-retoma-projeto-cafe-com-a-diretoria\/","name":"CSSJD retoma projeto Caf\u00e9 com a Diretoria - Federassantas","isPartOf":{"@id":"https:\/\/www.federassantas.org.br\/novosite\/#website"},"primaryImageOfPage":{"@id":"https:\/\/www.federassantas.org.br\/novosite\/cssjd-retoma-projeto-cafe-com-a-diretoria\/#primaryimage"},"image":{"@id":"https:\/\/www.federassantas.org.br\/novosite\/cssjd-retoma-projeto-cafe-com-a-diretoria\/#primaryimage"},"thumbnailUrl":"https:\/\/www.federassantas.org.br\/novosite\/wp-content\/uploads\/2021\/02\/5-1.jpg","datePublished":"2022-02-17T12:20:37+00:00","breadcrumb":{"@id":"https:\/\/www.federassantas.org.br\/novosite\/cssjd-retoma-projeto-cafe-com-a-diretoria\/#breadcrumb"},"inLanguage":"pt-BR","potentialAction":[{"@type":"ReadAction","target":["https:\/\/www.federassantas.org.br\/novosite\/cssjd-retoma-projeto-cafe-com-a-diretoria\/"]}]},{"@type":"ImageObject","inLanguage":"pt-BR","@id":"https:\/\/www.federassantas.org.br\/novosite\/cssjd-retoma-projeto-cafe-com-a-diretoria\/#primaryimage","url":"https:\/\/www.federassantas.org.br\/novosite\/wp-content\/uploads\/2021\/02\/5-1.jpg","contentUrl":"https:\/\/www.federassantas.org.br\/novosite\/wp-content\/uploads\/2021\/02\/5-1.jpg","width":1383,"height":1765},{"@type":"BreadcrumbList","@id":"https:\/\/www.federassantas.org.br\/novosite\/cssjd-retoma-projeto-cafe-com-a-diretoria\/#breadcrumb","itemListElement":[{"@type":"ListItem","position":1,"name":"In\u00edcio","item":"https:\/\/www.federassantas.org.br\/novosite\/"},{"@type":"ListItem","position":2,"name":"CSSJD retoma projeto Caf\u00e9 com a Diretoria"}]},{"@type":"WebSite","@id":"https:\/\/www.federassantas.org.br\/novosite\/#website","url":"https:\/\/www.federassantas.org.br\/novosite\/","name":"Federassantas","description":"Fed. das Santas Casas e Hospitais Filantr\u00f3picos de MG","publisher":{"@id":"https:\/\/www.federassantas.org.br\/novosite\/#organization"},"potentialAction":[{"@type":"SearchAction","target":{"@type":"EntryPoint","urlTemplate":"https:\/\/www.federassantas.org.br\/novosite\/?s={search_term_string}"},"query-input":{"@type":"PropertyValueSpecification","valueRequired":true,"valueName":"search_term_string"}}],"inLanguage":"pt-BR"},{"@type":"Organization","@id":"https:\/\/www.federassantas.org.br\/novosite\/#organization","name":"Federassantas","url":"https:\/\/www.federassantas.org.br\/novosite\/","logo":{"@type":"ImageObject","inLanguage":"pt-BR","@id":"https:\/\/www.federassantas.org.br\/novosite\/#\/schema\/logo\/image\/","url":"https:\/\/www.federassantas.org.br\/novosite\/wp-content\/uploads\/2021\/12\/logo.png","contentUrl":"https:\/\/www.federassantas.org.br\/novosite\/wp-content\/uploads\/2021\/12\/logo.png","width":243,"height":59,"caption":"Federassantas"},"image":{"@id":"https:\/\/www.federassantas.org.br\/novosite\/#\/schema\/logo\/image\/"}},{"@type":"Person","@id":"https:\/\/www.federassantas.org.br\/novosite\/#\/schema\/person\/75fed98158349313fe56175f232f513c","name":"admin-federas","image":{"@type":"ImageObject","inLanguage":"pt-BR","@id":"https:\/\/www.federassantas.org.br\/novosite\/#\/schema\/person\/image\/","url":"https:\/\/secure.gravatar.com\/avatar\/2a02d7dda59fe8dc6b7ffd3f652e2efede5ccf0dd89dfdc8137c5517f3de8407?s=96&d=mm&r=g","contentUrl":"https:\/\/secure.gravatar.com\/avatar\/2a02d7dda59fe8dc6b7ffd3f652e2efede5ccf0dd89dfdc8137c5517f3de8407?s=96&d=mm&r=g","caption":"admin-federas"},"sameAs":["https:\/\/www.federassantas.org.br\/novosite\/"],"url":"https:\/\/www.federassantas.org.br\/novosite\/author\/admin-federas\/"}]}},"_links":{"self":[{"href":"https:\/\/www.federassantas.org.br\/novosite\/wp-json\/wp\/v2\/posts\/24340","targetHints":{"allow":["GET"]}}],"collection":[{"href":"https:\/\/www.federassantas.org.br\/novosite\/wp-json\/wp\/v2\/posts"}],"about":[{"href":"https:\/\/www.federassantas.org.br\/novosite\/wp-json\/wp\/v2\/types\/post"}],"author":[{"embeddable":true,"href":"https:\/\/www.federassantas.org.br\/novosite\/wp-json\/wp\/v2\/users\/1"}],"replies":[{"embeddable":true,"href":"https:\/\/www.federassantas.org.br\/novosite\/wp-json\/wp\/v2\/comments?post=24340"}],"version-history":[{"count":0,"href":"https:\/\/www.federassantas.org.br\/novosite\/wp-json\/wp\/v2\/posts\/24340\/revisions"}],"wp:featuredmedia":[{"embeddable":true,"href":"https:\/\/www.federassantas.org.br\/novosite\/wp-json\/wp\/v2\/media\/23413"}],"wp:attachment":[{"href":"https:\/\/www.federassantas.org.br\/novosite\/wp-json\/wp\/v2\/media?parent=24340"}],"wp:term":[{"taxonomy":"category","embeddable":true,"href":"https:\/\/www.federassantas.org.br\/novosite\/wp-json\/wp\/v2\/categories?post=24340"},{"taxonomy":"post_tag","embeddable":true,"href":"https:\/\/www.federassantas.org.br\/novosite\/wp-json\/wp\/v2\/tags?post=24340"}],"curies":[{"name":"wp","href":"https:\/\/api.w.org\/{rel}","templated":true}]}}