{"id":24347,"date":"2022-03-07T14:47:59","date_gmt":"2022-03-07T17:47:59","guid":{"rendered":"https:\/\/federasbackup.meltcomunicacao.com.br\/?p=23500"},"modified":"2022-03-07T14:47:59","modified_gmt":"2022-03-07T17:47:59","slug":"santa-casa-montes-claros-firma-parceria-para-oferecer-pos-graduacao","status":"publish","type":"post","link":"https:\/\/www.federassantas.org.br\/novosite\/santa-casa-montes-claros-firma-parceria-para-oferecer-pos-graduacao\/","title":{"rendered":"Santa Casa Montes Claros firma parceria para oferecer p\u00f3s-gradua\u00e7\u00e3o"},"content":{"rendered":"\n<p><em>Iniciativa \u00e9 entre o hospital e a IPEMED Afya Educacional<\/em><\/p>\n\n\n\n<p>Com o objetivo de oferecer cursos de p\u00f3s-gradua\u00e7\u00e3o e especializa\u00e7\u00e3o na \u00e1rea da sa\u00fade, a Santa Casa Montes Claros firmou parceria com um dos maiores grupos de faculdade de medicina do pa\u00eds: a IPEMED Afya Educacional. &#8220;Nosso foco \u00e9 viabilizar mais conhecimento e qualifica\u00e7\u00e3o profissional, uma vez que o aperfei\u00e7oamento profissional \u00e9 essencial para o mercado de trabalho&#8221;, explica o Diretor de RH e Administrativo do hospital, Alex Fabiano Rocha Vieira.<\/p>\n\n\n\n<p>De acordo com o diretor, os cursos oferecidos ser\u00e3o ministrados na Unidade IPEMED Afya localizada dentro da Santa Casa Montes Claros. &#8220;A previs\u00e3o \u00e9 que comecemos os cursos ainda este ano. As aulas devem ser ministradas durante a semana no per\u00edodo noturno e aos s\u00e1bados e domingos durante o dia&#8221;, complementa Alex Fabiano.<\/p>\n\n\n\n<p>A IPEMED \u00e9 uma institui\u00e7\u00e3o de ensino superior que oferece cursos de p\u00f3s-gradua\u00e7\u00e3o lato sensu em diversas especialidades na \u00e1rea m\u00e9dica. Est\u00e1 presente em 11 capitais brasileiras: S\u00e3o Paulo, Belo Horizonte, Rio de Janeiro, Salvador, Bras\u00edlia, Manaus, Fortaleza, Recife, Goi\u00e2nia, Vit\u00f3ria e Porto Alegre. Ao longo da sua hist\u00f3ria, a institui\u00e7\u00e3o tem sido um exemplo de inova\u00e7\u00e3o e pioneirismo na \u00e1rea m\u00e9dica, contando com importantes parcerias com cl\u00ednicas e hospitais bem-conceituados. Assim, oferece uma aprendizagem completa, que alia a teoria e a pr\u00e1tica, estimulando o conhecimento por meio do contato direto com diversos casos cl\u00ednicos e diferentes cen\u00e1rios.<\/p>\n\n\n\n<p>A Afya Educacional re\u00fane mais de mil professores e mais de 30 mil alunos, dos quais 4 mil s\u00e3o de gradua\u00e7\u00e3o em medicina e outros 6 mil em cursos de resid\u00eancia m\u00e9dica. A institui\u00e7\u00e3o foi criada para elevar a excel\u00eancia do ensino superior na gradua\u00e7\u00e3o, p\u00f3s-gradua\u00e7\u00e3o e em cursos preparat\u00f3rios e de extens\u00e3o. Em Montes Claros, o Centro Universit\u00e1rio FIPMoc integra a rede Afya Educacional.<\/p>\n\n\n\n<p><\/p>\n\n\n\n<p>Por: Ana Paula Paix\u00e3o<\/p>\n","protected":false},"excerpt":{"rendered":"<p>Iniciativa \u00e9 entre o hospital e a IPEMED Afya Educacional Com o objetivo de oferecer cursos de p\u00f3s-gradua\u00e7\u00e3o e especializa\u00e7\u00e3o na \u00e1rea da sa\u00fade, a Santa Casa Montes Claros firmou parceria com um dos maiores grupos de faculdade de medicina do pa\u00eds: a IPEMED Afya Educacional. &#8220;Nosso foco \u00e9 viabilizar mais conhecimento e qualifica\u00e7\u00e3o profissional, [&hellip;]<\/p>\n","protected":false},"author":1,"featured_media":23501,"comment_status":"open","ping_status":"open","sticky":false,"template":"","format":"standard","meta":{"footnotes":""},"categories":[140,139],"tags":[],"class_list":["post-24347","post","type-post","status-publish","format-standard","has-post-thumbnail","hentry","category-noticias","category-noticias-filiados"],"yoast_head":"<!-- This site is optimized with the Yoast SEO plugin v26.9 - https:\/\/yoast.com\/product\/yoast-seo-wordpress\/ -->\n<title>Santa Casa Montes Claros firma parceria para oferecer p\u00f3s-gradua\u00e7\u00e3o - Federassantas<\/title>\n<meta name=\"robots\" content=\"index, follow, max-snippet:-1, max-image-preview:large, max-video-preview:-1\" \/>\n<link rel=\"canonical\" href=\"https:\/\/www.federassantas.org.br\/novosite\/santa-casa-montes-claros-firma-parceria-para-oferecer-pos-graduacao\/\" \/>\n<meta property=\"og:locale\" content=\"pt_BR\" \/>\n<meta property=\"og:type\" content=\"article\" \/>\n<meta property=\"og:title\" content=\"Santa Casa Montes Claros firma parceria para oferecer p\u00f3s-gradua\u00e7\u00e3o - Federassantas\" \/>\n<meta property=\"og:description\" content=\"Iniciativa \u00e9 entre o hospital e a IPEMED Afya Educacional Com o objetivo de oferecer cursos de p\u00f3s-gradua\u00e7\u00e3o e especializa\u00e7\u00e3o na \u00e1rea da sa\u00fade, a Santa Casa Montes Claros firmou parceria com um dos maiores grupos de faculdade de medicina do pa\u00eds: a IPEMED Afya Educacional. &#8220;Nosso foco \u00e9 viabilizar mais conhecimento e qualifica\u00e7\u00e3o profissional, [&hellip;]\" \/>\n<meta property=\"og:url\" content=\"https:\/\/www.federassantas.org.br\/novosite\/santa-casa-montes-claros-firma-parceria-para-oferecer-pos-graduacao\/\" \/>\n<meta property=\"og:site_name\" content=\"Federassantas\" \/>\n<meta property=\"article:published_time\" content=\"2022-03-07T17:47:59+00:00\" \/>\n<meta property=\"og:image\" content=\"https:\/\/www.federassantas.org.br\/novosite\/wp-content\/uploads\/2021\/05\/OZIRES-2-1.jpg\" \/>\n\t<meta property=\"og:image:width\" content=\"1280\" \/>\n\t<meta property=\"og:image:height\" content=\"853\" \/>\n\t<meta property=\"og:image:type\" content=\"image\/jpeg\" \/>\n<meta name=\"author\" content=\"admin-federas\" \/>\n<meta name=\"twitter:card\" content=\"summary_large_image\" \/>\n<meta name=\"twitter:label1\" content=\"Escrito por\" \/>\n\t<meta name=\"twitter:data1\" content=\"admin-federas\" \/>\n\t<meta name=\"twitter:label2\" content=\"Est. tempo de leitura\" \/>\n\t<meta name=\"twitter:data2\" content=\"2 minutos\" \/>\n<script type=\"application\/ld+json\" class=\"yoast-schema-graph\">{\"@context\":\"https:\/\/schema.org\",\"@graph\":[{\"@type\":\"Article\",\"@id\":\"https:\/\/www.federassantas.org.br\/novosite\/santa-casa-montes-claros-firma-parceria-para-oferecer-pos-graduacao\/#article\",\"isPartOf\":{\"@id\":\"https:\/\/www.federassantas.org.br\/novosite\/santa-casa-montes-claros-firma-parceria-para-oferecer-pos-graduacao\/\"},\"author\":{\"name\":\"admin-federas\",\"@id\":\"https:\/\/www.federassantas.org.br\/novosite\/#\/schema\/person\/75fed98158349313fe56175f232f513c\"},\"headline\":\"Santa Casa Montes Claros firma parceria para oferecer p\u00f3s-gradua\u00e7\u00e3o\",\"datePublished\":\"2022-03-07T17:47:59+00:00\",\"mainEntityOfPage\":{\"@id\":\"https:\/\/www.federassantas.org.br\/novosite\/santa-casa-montes-claros-firma-parceria-para-oferecer-pos-graduacao\/\"},\"wordCount\":344,\"commentCount\":0,\"publisher\":{\"@id\":\"https:\/\/www.federassantas.org.br\/novosite\/#organization\"},\"image\":{\"@id\":\"https:\/\/www.federassantas.org.br\/novosite\/santa-casa-montes-claros-firma-parceria-para-oferecer-pos-graduacao\/#primaryimage\"},\"thumbnailUrl\":\"https:\/\/www.federassantas.org.br\/novosite\/wp-content\/uploads\/2021\/05\/OZIRES-2-1.jpg\",\"articleSection\":[\"Not\u00edcias\",\"Not\u00edcias filiados\"],\"inLanguage\":\"pt-BR\",\"potentialAction\":[{\"@type\":\"CommentAction\",\"name\":\"Comment\",\"target\":[\"https:\/\/www.federassantas.org.br\/novosite\/santa-casa-montes-claros-firma-parceria-para-oferecer-pos-graduacao\/#respond\"]}]},{\"@type\":\"WebPage\",\"@id\":\"https:\/\/www.federassantas.org.br\/novosite\/santa-casa-montes-claros-firma-parceria-para-oferecer-pos-graduacao\/\",\"url\":\"https:\/\/www.federassantas.org.br\/novosite\/santa-casa-montes-claros-firma-parceria-para-oferecer-pos-graduacao\/\",\"name\":\"Santa Casa Montes Claros firma parceria para oferecer p\u00f3s-gradua\u00e7\u00e3o - Federassantas\",\"isPartOf\":{\"@id\":\"https:\/\/www.federassantas.org.br\/novosite\/#website\"},\"primaryImageOfPage\":{\"@id\":\"https:\/\/www.federassantas.org.br\/novosite\/santa-casa-montes-claros-firma-parceria-para-oferecer-pos-graduacao\/#primaryimage\"},\"image\":{\"@id\":\"https:\/\/www.federassantas.org.br\/novosite\/santa-casa-montes-claros-firma-parceria-para-oferecer-pos-graduacao\/#primaryimage\"},\"thumbnailUrl\":\"https:\/\/www.federassantas.org.br\/novosite\/wp-content\/uploads\/2021\/05\/OZIRES-2-1.jpg\",\"datePublished\":\"2022-03-07T17:47:59+00:00\",\"breadcrumb\":{\"@id\":\"https:\/\/www.federassantas.org.br\/novosite\/santa-casa-montes-claros-firma-parceria-para-oferecer-pos-graduacao\/#breadcrumb\"},\"inLanguage\":\"pt-BR\",\"potentialAction\":[{\"@type\":\"ReadAction\",\"target\":[\"https:\/\/www.federassantas.org.br\/novosite\/santa-casa-montes-claros-firma-parceria-para-oferecer-pos-graduacao\/\"]}]},{\"@type\":\"ImageObject\",\"inLanguage\":\"pt-BR\",\"@id\":\"https:\/\/www.federassantas.org.br\/novosite\/santa-casa-montes-claros-firma-parceria-para-oferecer-pos-graduacao\/#primaryimage\",\"url\":\"https:\/\/www.federassantas.org.br\/novosite\/wp-content\/uploads\/2021\/05\/OZIRES-2-1.jpg\",\"contentUrl\":\"https:\/\/www.federassantas.org.br\/novosite\/wp-content\/uploads\/2021\/05\/OZIRES-2-1.jpg\",\"width\":1280,\"height\":853},{\"@type\":\"BreadcrumbList\",\"@id\":\"https:\/\/www.federassantas.org.br\/novosite\/santa-casa-montes-claros-firma-parceria-para-oferecer-pos-graduacao\/#breadcrumb\",\"itemListElement\":[{\"@type\":\"ListItem\",\"position\":1,\"name\":\"In\u00edcio\",\"item\":\"https:\/\/www.federassantas.org.br\/novosite\/\"},{\"@type\":\"ListItem\",\"position\":2,\"name\":\"Santa Casa Montes Claros firma parceria para oferecer p\u00f3s-gradua\u00e7\u00e3o\"}]},{\"@type\":\"WebSite\",\"@id\":\"https:\/\/www.federassantas.org.br\/novosite\/#website\",\"url\":\"https:\/\/www.federassantas.org.br\/novosite\/\",\"name\":\"Federassantas\",\"description\":\"Fed. das Santas Casas e Hospitais Filantr\u00f3picos de MG\",\"publisher\":{\"@id\":\"https:\/\/www.federassantas.org.br\/novosite\/#organization\"},\"potentialAction\":[{\"@type\":\"SearchAction\",\"target\":{\"@type\":\"EntryPoint\",\"urlTemplate\":\"https:\/\/www.federassantas.org.br\/novosite\/?s={search_term_string}\"},\"query-input\":{\"@type\":\"PropertyValueSpecification\",\"valueRequired\":true,\"valueName\":\"search_term_string\"}}],\"inLanguage\":\"pt-BR\"},{\"@type\":\"Organization\",\"@id\":\"https:\/\/www.federassantas.org.br\/novosite\/#organization\",\"name\":\"Federassantas\",\"url\":\"https:\/\/www.federassantas.org.br\/novosite\/\",\"logo\":{\"@type\":\"ImageObject\",\"inLanguage\":\"pt-BR\",\"@id\":\"https:\/\/www.federassantas.org.br\/novosite\/#\/schema\/logo\/image\/\",\"url\":\"https:\/\/www.federassantas.org.br\/novosite\/wp-content\/uploads\/2021\/12\/logo.png\",\"contentUrl\":\"https:\/\/www.federassantas.org.br\/novosite\/wp-content\/uploads\/2021\/12\/logo.png\",\"width\":243,\"height\":59,\"caption\":\"Federassantas\"},\"image\":{\"@id\":\"https:\/\/www.federassantas.org.br\/novosite\/#\/schema\/logo\/image\/\"}},{\"@type\":\"Person\",\"@id\":\"https:\/\/www.federassantas.org.br\/novosite\/#\/schema\/person\/75fed98158349313fe56175f232f513c\",\"name\":\"admin-federas\",\"image\":{\"@type\":\"ImageObject\",\"inLanguage\":\"pt-BR\",\"@id\":\"https:\/\/www.federassantas.org.br\/novosite\/#\/schema\/person\/image\/\",\"url\":\"https:\/\/secure.gravatar.com\/avatar\/2a02d7dda59fe8dc6b7ffd3f652e2efede5ccf0dd89dfdc8137c5517f3de8407?s=96&d=mm&r=g\",\"contentUrl\":\"https:\/\/secure.gravatar.com\/avatar\/2a02d7dda59fe8dc6b7ffd3f652e2efede5ccf0dd89dfdc8137c5517f3de8407?s=96&d=mm&r=g\",\"caption\":\"admin-federas\"},\"sameAs\":[\"https:\/\/www.federassantas.org.br\/novosite\/\"],\"url\":\"https:\/\/www.federassantas.org.br\/novosite\/author\/admin-federas\/\"}]}<\/script>\n<!-- \/ Yoast SEO plugin. -->","yoast_head_json":{"title":"Santa Casa Montes Claros firma parceria para oferecer p\u00f3s-gradua\u00e7\u00e3o - Federassantas","robots":{"index":"index","follow":"follow","max-snippet":"max-snippet:-1","max-image-preview":"max-image-preview:large","max-video-preview":"max-video-preview:-1"},"canonical":"https:\/\/www.federassantas.org.br\/novosite\/santa-casa-montes-claros-firma-parceria-para-oferecer-pos-graduacao\/","og_locale":"pt_BR","og_type":"article","og_title":"Santa Casa Montes Claros firma parceria para oferecer p\u00f3s-gradua\u00e7\u00e3o - Federassantas","og_description":"Iniciativa \u00e9 entre o hospital e a IPEMED Afya Educacional Com o objetivo de oferecer cursos de p\u00f3s-gradua\u00e7\u00e3o e especializa\u00e7\u00e3o na \u00e1rea da sa\u00fade, a Santa Casa Montes Claros firmou parceria com um dos maiores grupos de faculdade de medicina do pa\u00eds: a IPEMED Afya Educacional. &#8220;Nosso foco \u00e9 viabilizar mais conhecimento e qualifica\u00e7\u00e3o profissional, [&hellip;]","og_url":"https:\/\/www.federassantas.org.br\/novosite\/santa-casa-montes-claros-firma-parceria-para-oferecer-pos-graduacao\/","og_site_name":"Federassantas","article_published_time":"2022-03-07T17:47:59+00:00","og_image":[{"width":1280,"height":853,"url":"https:\/\/www.federassantas.org.br\/novosite\/wp-content\/uploads\/2021\/05\/OZIRES-2-1.jpg","type":"image\/jpeg"}],"author":"admin-federas","twitter_card":"summary_large_image","twitter_misc":{"Escrito por":"admin-federas","Est. tempo de leitura":"2 minutos"},"schema":{"@context":"https:\/\/schema.org","@graph":[{"@type":"Article","@id":"https:\/\/www.federassantas.org.br\/novosite\/santa-casa-montes-claros-firma-parceria-para-oferecer-pos-graduacao\/#article","isPartOf":{"@id":"https:\/\/www.federassantas.org.br\/novosite\/santa-casa-montes-claros-firma-parceria-para-oferecer-pos-graduacao\/"},"author":{"name":"admin-federas","@id":"https:\/\/www.federassantas.org.br\/novosite\/#\/schema\/person\/75fed98158349313fe56175f232f513c"},"headline":"Santa Casa Montes Claros firma parceria para oferecer p\u00f3s-gradua\u00e7\u00e3o","datePublished":"2022-03-07T17:47:59+00:00","mainEntityOfPage":{"@id":"https:\/\/www.federassantas.org.br\/novosite\/santa-casa-montes-claros-firma-parceria-para-oferecer-pos-graduacao\/"},"wordCount":344,"commentCount":0,"publisher":{"@id":"https:\/\/www.federassantas.org.br\/novosite\/#organization"},"image":{"@id":"https:\/\/www.federassantas.org.br\/novosite\/santa-casa-montes-claros-firma-parceria-para-oferecer-pos-graduacao\/#primaryimage"},"thumbnailUrl":"https:\/\/www.federassantas.org.br\/novosite\/wp-content\/uploads\/2021\/05\/OZIRES-2-1.jpg","articleSection":["Not\u00edcias","Not\u00edcias filiados"],"inLanguage":"pt-BR","potentialAction":[{"@type":"CommentAction","name":"Comment","target":["https:\/\/www.federassantas.org.br\/novosite\/santa-casa-montes-claros-firma-parceria-para-oferecer-pos-graduacao\/#respond"]}]},{"@type":"WebPage","@id":"https:\/\/www.federassantas.org.br\/novosite\/santa-casa-montes-claros-firma-parceria-para-oferecer-pos-graduacao\/","url":"https:\/\/www.federassantas.org.br\/novosite\/santa-casa-montes-claros-firma-parceria-para-oferecer-pos-graduacao\/","name":"Santa Casa Montes Claros firma parceria para oferecer p\u00f3s-gradua\u00e7\u00e3o - Federassantas","isPartOf":{"@id":"https:\/\/www.federassantas.org.br\/novosite\/#website"},"primaryImageOfPage":{"@id":"https:\/\/www.federassantas.org.br\/novosite\/santa-casa-montes-claros-firma-parceria-para-oferecer-pos-graduacao\/#primaryimage"},"image":{"@id":"https:\/\/www.federassantas.org.br\/novosite\/santa-casa-montes-claros-firma-parceria-para-oferecer-pos-graduacao\/#primaryimage"},"thumbnailUrl":"https:\/\/www.federassantas.org.br\/novosite\/wp-content\/uploads\/2021\/05\/OZIRES-2-1.jpg","datePublished":"2022-03-07T17:47:59+00:00","breadcrumb":{"@id":"https:\/\/www.federassantas.org.br\/novosite\/santa-casa-montes-claros-firma-parceria-para-oferecer-pos-graduacao\/#breadcrumb"},"inLanguage":"pt-BR","potentialAction":[{"@type":"ReadAction","target":["https:\/\/www.federassantas.org.br\/novosite\/santa-casa-montes-claros-firma-parceria-para-oferecer-pos-graduacao\/"]}]},{"@type":"ImageObject","inLanguage":"pt-BR","@id":"https:\/\/www.federassantas.org.br\/novosite\/santa-casa-montes-claros-firma-parceria-para-oferecer-pos-graduacao\/#primaryimage","url":"https:\/\/www.federassantas.org.br\/novosite\/wp-content\/uploads\/2021\/05\/OZIRES-2-1.jpg","contentUrl":"https:\/\/www.federassantas.org.br\/novosite\/wp-content\/uploads\/2021\/05\/OZIRES-2-1.jpg","width":1280,"height":853},{"@type":"BreadcrumbList","@id":"https:\/\/www.federassantas.org.br\/novosite\/santa-casa-montes-claros-firma-parceria-para-oferecer-pos-graduacao\/#breadcrumb","itemListElement":[{"@type":"ListItem","position":1,"name":"In\u00edcio","item":"https:\/\/www.federassantas.org.br\/novosite\/"},{"@type":"ListItem","position":2,"name":"Santa Casa Montes Claros firma parceria para oferecer p\u00f3s-gradua\u00e7\u00e3o"}]},{"@type":"WebSite","@id":"https:\/\/www.federassantas.org.br\/novosite\/#website","url":"https:\/\/www.federassantas.org.br\/novosite\/","name":"Federassantas","description":"Fed. das Santas Casas e Hospitais Filantr\u00f3picos de MG","publisher":{"@id":"https:\/\/www.federassantas.org.br\/novosite\/#organization"},"potentialAction":[{"@type":"SearchAction","target":{"@type":"EntryPoint","urlTemplate":"https:\/\/www.federassantas.org.br\/novosite\/?s={search_term_string}"},"query-input":{"@type":"PropertyValueSpecification","valueRequired":true,"valueName":"search_term_string"}}],"inLanguage":"pt-BR"},{"@type":"Organization","@id":"https:\/\/www.federassantas.org.br\/novosite\/#organization","name":"Federassantas","url":"https:\/\/www.federassantas.org.br\/novosite\/","logo":{"@type":"ImageObject","inLanguage":"pt-BR","@id":"https:\/\/www.federassantas.org.br\/novosite\/#\/schema\/logo\/image\/","url":"https:\/\/www.federassantas.org.br\/novosite\/wp-content\/uploads\/2021\/12\/logo.png","contentUrl":"https:\/\/www.federassantas.org.br\/novosite\/wp-content\/uploads\/2021\/12\/logo.png","width":243,"height":59,"caption":"Federassantas"},"image":{"@id":"https:\/\/www.federassantas.org.br\/novosite\/#\/schema\/logo\/image\/"}},{"@type":"Person","@id":"https:\/\/www.federassantas.org.br\/novosite\/#\/schema\/person\/75fed98158349313fe56175f232f513c","name":"admin-federas","image":{"@type":"ImageObject","inLanguage":"pt-BR","@id":"https:\/\/www.federassantas.org.br\/novosite\/#\/schema\/person\/image\/","url":"https:\/\/secure.gravatar.com\/avatar\/2a02d7dda59fe8dc6b7ffd3f652e2efede5ccf0dd89dfdc8137c5517f3de8407?s=96&d=mm&r=g","contentUrl":"https:\/\/secure.gravatar.com\/avatar\/2a02d7dda59fe8dc6b7ffd3f652e2efede5ccf0dd89dfdc8137c5517f3de8407?s=96&d=mm&r=g","caption":"admin-federas"},"sameAs":["https:\/\/www.federassantas.org.br\/novosite\/"],"url":"https:\/\/www.federassantas.org.br\/novosite\/author\/admin-federas\/"}]}},"_links":{"self":[{"href":"https:\/\/www.federassantas.org.br\/novosite\/wp-json\/wp\/v2\/posts\/24347","targetHints":{"allow":["GET"]}}],"collection":[{"href":"https:\/\/www.federassantas.org.br\/novosite\/wp-json\/wp\/v2\/posts"}],"about":[{"href":"https:\/\/www.federassantas.org.br\/novosite\/wp-json\/wp\/v2\/types\/post"}],"author":[{"embeddable":true,"href":"https:\/\/www.federassantas.org.br\/novosite\/wp-json\/wp\/v2\/users\/1"}],"replies":[{"embeddable":true,"href":"https:\/\/www.federassantas.org.br\/novosite\/wp-json\/wp\/v2\/comments?post=24347"}],"version-history":[{"count":0,"href":"https:\/\/www.federassantas.org.br\/novosite\/wp-json\/wp\/v2\/posts\/24347\/revisions"}],"wp:featuredmedia":[{"embeddable":true,"href":"https:\/\/www.federassantas.org.br\/novosite\/wp-json\/wp\/v2\/media\/23501"}],"wp:attachment":[{"href":"https:\/\/www.federassantas.org.br\/novosite\/wp-json\/wp\/v2\/media?parent=24347"}],"wp:term":[{"taxonomy":"category","embeddable":true,"href":"https:\/\/www.federassantas.org.br\/novosite\/wp-json\/wp\/v2\/categories?post=24347"},{"taxonomy":"post_tag","embeddable":true,"href":"https:\/\/www.federassantas.org.br\/novosite\/wp-json\/wp\/v2\/tags?post=24347"}],"curies":[{"name":"wp","href":"https:\/\/api.w.org\/{rel}","templated":true}]}}