{"id":24607,"date":"2022-02-14T13:05:39","date_gmt":"2022-02-14T16:05:39","guid":{"rendered":"https:\/\/federasbackup.meltcomunicacao.com.br\/?p=23384"},"modified":"2022-02-14T13:05:39","modified_gmt":"2022-02-14T16:05:39","slug":"casos-de-sindrome-respiratoria-aguda-se-estabilizam-anuncia-fiocruz","status":"publish","type":"post","link":"https:\/\/www.federassantas.org.br\/novosite\/casos-de-sindrome-respiratoria-aguda-se-estabilizam-anuncia-fiocruz\/","title":{"rendered":"Casos de S\u00edndrome Respirat\u00f3ria Aguda se estabilizam, anuncia Fiocruz"},"content":{"rendered":"\n<p><em>Entre crian\u00e7as e adolescentes h\u00e1 tend\u00eancia de queda<\/em><\/p>\n\n\n\n<p>Os casos de S\u00edndrome Respirat\u00f3ria Aguda Grave (SRAG) est\u00e3o apresentando sinal de interrup\u00e7\u00e3o da tend\u00eancia de crescimento no pa\u00eds, embora alguns estados ainda demonstrem crescimento. A informa\u00e7\u00e3o foi divulgada nesta sexta-feira (11), no Rio de Janeiro, no Boletim InfoGripe, da Funda\u00e7\u00e3o Oswaldo Cruz (Fiocruz).<img decoding=\"async\" src=\"https:\/\/agenciabrasil.ebc.com.br\/ebc.png?id=1441874&amp;o=node\"><img decoding=\"async\" src=\"https:\/\/agenciabrasil.ebc.com.br\/ebc.gif?id=1441874&amp;o=node\"><\/p>\n\n\n\n<p>A publica\u00e7\u00e3o \u00e9 da semana epidemiol\u00f3gica (SE) 5, de 30 de janeiro a 5 de fevereiro, e tem como base os dados inseridos no SivepGripe at\u00e9 31 de janeiro. Ele indica que, nas \u00faltimas quatro semanas epidemiol\u00f3gicas, os casos de covid-19 representam a maioria das ocorr\u00eancias de SRAG, com a propor\u00e7\u00e3o de 87,4% de Sars-CoV-2 dentre os casos positivos, enquanto se registrou 3,9% influenza A, 0,1% influenza B e 1,4% v\u00edrus sincicial respirat\u00f3rio.<\/p>\n\n\n\n<p>Em rela\u00e7\u00e3o \u00e0 evolu\u00e7\u00e3o dos casos e \u00f3bitos de S\u00edndrome Respirat\u00f3ria Aguda Grave, o boletim aponta um cen\u00e1rio nacional de interrup\u00e7\u00e3o do crescimento em todas as faixas et\u00e1rias da popula\u00e7\u00e3o adulta. Na faixa et\u00e1ria de 20 a 29 anos, que j\u00e1 havia iniciado processo de queda no in\u00edcio de janeiro, observa-se poss\u00edvel interrup\u00e7\u00e3o na tend\u00eancia de queda. Entre crian\u00e7as e adolescentes (0 &#8211; 17 anos) verifica-se manuten\u00e7\u00e3o da tend\u00eancia de queda iniciada na virada do ano.<\/p>\n\n\n\n<h5 class=\"wp-block-heading\">Gripe<\/h5>\n\n\n\n<p>Segundo a Fiocruz, nos casos associados a outros v\u00edrus respirat\u00f3rios nota-se um aumento significativo de ocorr\u00eancias associadas ao v\u00edrus influenza A (gripe) no fim de novembro e ao longo de dezembro, tendo inclusive superado os registros de covid-19 em algumas semanas.<\/p>\n\n\n\n<p>\u201cEmbora os dados associados \u00e0s \u00faltimas semanas ainda sejam parciais, h\u00e1 ind\u00edcios de que a epidemia de influenza j\u00e1 tenha retornado a volumes basais, p\u00f3s-epid\u00eamicos, tendo atingido o pico de casos nas \u00faltimas semanas de dezembro, embora a situa\u00e7\u00e3o de cada estado seja ligeiramente distinta para cada territ\u00f3rio.&nbsp;<\/p>\n\n\n\n<p>Em rela\u00e7\u00e3o \u00e0 pandemia, os dados relativos ao final de dezembro e primeira semana de janeiro apontam para a retomada do cen\u00e1rio de predom\u00ednio da covid-19 e manuten\u00e7\u00e3o do crescimento at\u00e9 o momento em alguns estados, por\u00e9m, j\u00e1 com sinal de interrup\u00e7\u00e3o no agregado nacional, indica o boletim.<\/p>\n\n\n\n<h5 class=\"wp-block-heading\">Estados<\/h5>\n\n\n\n<p>A an\u00e1lise indica, ainda, que 15 das 27 unidades federativas apresentam sinal de crescimento na tend\u00eancia de longo prazo (\u00faltimas seis semanas) at\u00e9 a semana epidemiol\u00f3gica 5: Acre, Alagoas, Amazonas, Goi\u00e1s, Mato Grosso, Mato Grosso do Sul, Minas Gerais, Para\u00edba, Piau\u00ed, Paran\u00e1, Rio de Janeiro, Rio Grande do Norte, Rio Grande do Sul, Roraima e Santa Catarina.<\/p>\n\n\n\n<p>Outros cinco estados t\u00eam sinal de crescimento apenas na tend\u00eancia de curto prazo (\u00faltimas tr\u00eas semanas): Amap\u00e1, Maranh\u00e3o, Par\u00e1, Pernambuco e Rond\u00f4nia.<\/p>\n\n\n\n<p>Na Bahia, Cear\u00e1, Distrito Federal, Esp\u00edrito Santo, Maranh\u00e3o, Pernambuco, Sergipe e S\u00e3o Paulo observa-se sinal de queda na tend\u00eancia de longo prazo, sendo que no Cear\u00e1 e em S\u00e3o Paulo tamb\u00e9m h\u00e1 sinal de queda na tend\u00eancia de curto prazo.&nbsp;<\/p>\n\n\n\n<p>No Maranh\u00e3o e em Pernambuco, a tend\u00eancia de curto prazo aponta n\u00edvel moderado de crescimento. As informa\u00e7\u00f5es completas do boletim podem ser acessadas na<a rel=\"noreferrer noopener\" href=\"http:\/\/agencia.fiocruz.br\/infogripe-sinaliza-estabilizacao-de-casos-de-srag\" target=\"_blank\">\u00a0p\u00e1gina da Fiocruz<\/a>.<\/p>\n\n\n\n<p><\/p>\n\n\n\n<p>Fonte: <a href=\"https:\/\/agenciabrasil.ebc.com.br\/saude\/noticia\/2022-02\/casos-de-sindrome-respiratoria-aguda-se-estabilizam-anuncia-fiocruz\" target=\"_blank\" rel=\"noreferrer noopener\">Ag\u00eancia Brasil<\/a><\/p>\n","protected":false},"excerpt":{"rendered":"<p>Entre crian\u00e7as e adolescentes h\u00e1 tend\u00eancia de queda Os casos de S\u00edndrome Respirat\u00f3ria Aguda Grave (SRAG) est\u00e3o apresentando sinal de interrup\u00e7\u00e3o da tend\u00eancia de crescimento no pa\u00eds, embora alguns estados ainda demonstrem crescimento. A informa\u00e7\u00e3o foi divulgada nesta sexta-feira (11), no Rio de Janeiro, no Boletim InfoGripe, da Funda\u00e7\u00e3o Oswaldo Cruz (Fiocruz). A publica\u00e7\u00e3o \u00e9 [&hellip;]<\/p>\n","protected":false},"author":1,"featured_media":23385,"comment_status":"open","ping_status":"open","sticky":false,"template":"","format":"standard","meta":{"footnotes":""},"categories":[140],"tags":[],"class_list":["post-24607","post","type-post","status-publish","format-standard","has-post-thumbnail","hentry","category-noticias"],"yoast_head":"<!-- This site is optimized with the Yoast SEO plugin v26.9 - https:\/\/yoast.com\/product\/yoast-seo-wordpress\/ -->\n<title>Casos de S\u00edndrome Respirat\u00f3ria Aguda se estabilizam, anuncia Fiocruz - Federassantas<\/title>\n<meta name=\"robots\" content=\"index, follow, max-snippet:-1, max-image-preview:large, max-video-preview:-1\" \/>\n<link rel=\"canonical\" href=\"https:\/\/www.federassantas.org.br\/novosite\/casos-de-sindrome-respiratoria-aguda-se-estabilizam-anuncia-fiocruz\/\" \/>\n<meta property=\"og:locale\" content=\"pt_BR\" \/>\n<meta property=\"og:type\" content=\"article\" \/>\n<meta property=\"og:title\" content=\"Casos de S\u00edndrome Respirat\u00f3ria Aguda se estabilizam, anuncia Fiocruz - Federassantas\" \/>\n<meta property=\"og:description\" content=\"Entre crian\u00e7as e adolescentes h\u00e1 tend\u00eancia de queda Os casos de S\u00edndrome Respirat\u00f3ria Aguda Grave (SRAG) est\u00e3o apresentando sinal de interrup\u00e7\u00e3o da tend\u00eancia de crescimento no pa\u00eds, embora alguns estados ainda demonstrem crescimento. A informa\u00e7\u00e3o foi divulgada nesta sexta-feira (11), no Rio de Janeiro, no Boletim InfoGripe, da Funda\u00e7\u00e3o Oswaldo Cruz (Fiocruz). A publica\u00e7\u00e3o \u00e9 [&hellip;]\" \/>\n<meta property=\"og:url\" content=\"https:\/\/www.federassantas.org.br\/novosite\/casos-de-sindrome-respiratoria-aguda-se-estabilizam-anuncia-fiocruz\/\" \/>\n<meta property=\"og:site_name\" content=\"Federassantas\" \/>\n<meta property=\"article:published_time\" content=\"2022-02-14T16:05:39+00:00\" \/>\n<meta property=\"og:image\" content=\"https:\/\/www.federassantas.org.br\/novosite\/wp-content\/uploads\/2020\/12\/o-que-importa-para-vc-Timoteo-1-scaled.jpg\" \/>\n\t<meta property=\"og:image:width\" content=\"2560\" \/>\n\t<meta property=\"og:image:height\" content=\"1920\" \/>\n\t<meta property=\"og:image:type\" content=\"image\/jpeg\" \/>\n<meta name=\"author\" content=\"admin-federas\" \/>\n<meta name=\"twitter:card\" content=\"summary_large_image\" \/>\n<meta name=\"twitter:label1\" content=\"Escrito por\" \/>\n\t<meta name=\"twitter:data1\" content=\"admin-federas\" \/>\n\t<meta name=\"twitter:label2\" content=\"Est. tempo de leitura\" \/>\n\t<meta name=\"twitter:data2\" content=\"3 minutos\" \/>\n<script type=\"application\/ld+json\" class=\"yoast-schema-graph\">{\"@context\":\"https:\/\/schema.org\",\"@graph\":[{\"@type\":\"Article\",\"@id\":\"https:\/\/www.federassantas.org.br\/novosite\/casos-de-sindrome-respiratoria-aguda-se-estabilizam-anuncia-fiocruz\/#article\",\"isPartOf\":{\"@id\":\"https:\/\/www.federassantas.org.br\/novosite\/casos-de-sindrome-respiratoria-aguda-se-estabilizam-anuncia-fiocruz\/\"},\"author\":{\"name\":\"admin-federas\",\"@id\":\"https:\/\/www.federassantas.org.br\/novosite\/#\/schema\/person\/75fed98158349313fe56175f232f513c\"},\"headline\":\"Casos de S\u00edndrome Respirat\u00f3ria Aguda se estabilizam, anuncia Fiocruz\",\"datePublished\":\"2022-02-14T16:05:39+00:00\",\"mainEntityOfPage\":{\"@id\":\"https:\/\/www.federassantas.org.br\/novosite\/casos-de-sindrome-respiratoria-aguda-se-estabilizam-anuncia-fiocruz\/\"},\"wordCount\":554,\"commentCount\":0,\"publisher\":{\"@id\":\"https:\/\/www.federassantas.org.br\/novosite\/#organization\"},\"image\":{\"@id\":\"https:\/\/www.federassantas.org.br\/novosite\/casos-de-sindrome-respiratoria-aguda-se-estabilizam-anuncia-fiocruz\/#primaryimage\"},\"thumbnailUrl\":\"https:\/\/www.federassantas.org.br\/novosite\/wp-content\/uploads\/2020\/12\/o-que-importa-para-vc-Timoteo-1-scaled.jpg\",\"articleSection\":[\"Not\u00edcias\"],\"inLanguage\":\"pt-BR\",\"potentialAction\":[{\"@type\":\"CommentAction\",\"name\":\"Comment\",\"target\":[\"https:\/\/www.federassantas.org.br\/novosite\/casos-de-sindrome-respiratoria-aguda-se-estabilizam-anuncia-fiocruz\/#respond\"]}]},{\"@type\":\"WebPage\",\"@id\":\"https:\/\/www.federassantas.org.br\/novosite\/casos-de-sindrome-respiratoria-aguda-se-estabilizam-anuncia-fiocruz\/\",\"url\":\"https:\/\/www.federassantas.org.br\/novosite\/casos-de-sindrome-respiratoria-aguda-se-estabilizam-anuncia-fiocruz\/\",\"name\":\"Casos de S\u00edndrome Respirat\u00f3ria Aguda se estabilizam, anuncia Fiocruz - Federassantas\",\"isPartOf\":{\"@id\":\"https:\/\/www.federassantas.org.br\/novosite\/#website\"},\"primaryImageOfPage\":{\"@id\":\"https:\/\/www.federassantas.org.br\/novosite\/casos-de-sindrome-respiratoria-aguda-se-estabilizam-anuncia-fiocruz\/#primaryimage\"},\"image\":{\"@id\":\"https:\/\/www.federassantas.org.br\/novosite\/casos-de-sindrome-respiratoria-aguda-se-estabilizam-anuncia-fiocruz\/#primaryimage\"},\"thumbnailUrl\":\"https:\/\/www.federassantas.org.br\/novosite\/wp-content\/uploads\/2020\/12\/o-que-importa-para-vc-Timoteo-1-scaled.jpg\",\"datePublished\":\"2022-02-14T16:05:39+00:00\",\"breadcrumb\":{\"@id\":\"https:\/\/www.federassantas.org.br\/novosite\/casos-de-sindrome-respiratoria-aguda-se-estabilizam-anuncia-fiocruz\/#breadcrumb\"},\"inLanguage\":\"pt-BR\",\"potentialAction\":[{\"@type\":\"ReadAction\",\"target\":[\"https:\/\/www.federassantas.org.br\/novosite\/casos-de-sindrome-respiratoria-aguda-se-estabilizam-anuncia-fiocruz\/\"]}]},{\"@type\":\"ImageObject\",\"inLanguage\":\"pt-BR\",\"@id\":\"https:\/\/www.federassantas.org.br\/novosite\/casos-de-sindrome-respiratoria-aguda-se-estabilizam-anuncia-fiocruz\/#primaryimage\",\"url\":\"https:\/\/www.federassantas.org.br\/novosite\/wp-content\/uploads\/2020\/12\/o-que-importa-para-vc-Timoteo-1-scaled.jpg\",\"contentUrl\":\"https:\/\/www.federassantas.org.br\/novosite\/wp-content\/uploads\/2020\/12\/o-que-importa-para-vc-Timoteo-1-scaled.jpg\",\"width\":2560,\"height\":1920},{\"@type\":\"BreadcrumbList\",\"@id\":\"https:\/\/www.federassantas.org.br\/novosite\/casos-de-sindrome-respiratoria-aguda-se-estabilizam-anuncia-fiocruz\/#breadcrumb\",\"itemListElement\":[{\"@type\":\"ListItem\",\"position\":1,\"name\":\"In\u00edcio\",\"item\":\"https:\/\/www.federassantas.org.br\/novosite\/\"},{\"@type\":\"ListItem\",\"position\":2,\"name\":\"Casos de S\u00edndrome Respirat\u00f3ria Aguda se estabilizam, anuncia Fiocruz\"}]},{\"@type\":\"WebSite\",\"@id\":\"https:\/\/www.federassantas.org.br\/novosite\/#website\",\"url\":\"https:\/\/www.federassantas.org.br\/novosite\/\",\"name\":\"Federassantas\",\"description\":\"Fed. das Santas Casas e Hospitais Filantr\u00f3picos de MG\",\"publisher\":{\"@id\":\"https:\/\/www.federassantas.org.br\/novosite\/#organization\"},\"potentialAction\":[{\"@type\":\"SearchAction\",\"target\":{\"@type\":\"EntryPoint\",\"urlTemplate\":\"https:\/\/www.federassantas.org.br\/novosite\/?s={search_term_string}\"},\"query-input\":{\"@type\":\"PropertyValueSpecification\",\"valueRequired\":true,\"valueName\":\"search_term_string\"}}],\"inLanguage\":\"pt-BR\"},{\"@type\":\"Organization\",\"@id\":\"https:\/\/www.federassantas.org.br\/novosite\/#organization\",\"name\":\"Federassantas\",\"url\":\"https:\/\/www.federassantas.org.br\/novosite\/\",\"logo\":{\"@type\":\"ImageObject\",\"inLanguage\":\"pt-BR\",\"@id\":\"https:\/\/www.federassantas.org.br\/novosite\/#\/schema\/logo\/image\/\",\"url\":\"https:\/\/www.federassantas.org.br\/novosite\/wp-content\/uploads\/2021\/12\/logo.png\",\"contentUrl\":\"https:\/\/www.federassantas.org.br\/novosite\/wp-content\/uploads\/2021\/12\/logo.png\",\"width\":243,\"height\":59,\"caption\":\"Federassantas\"},\"image\":{\"@id\":\"https:\/\/www.federassantas.org.br\/novosite\/#\/schema\/logo\/image\/\"}},{\"@type\":\"Person\",\"@id\":\"https:\/\/www.federassantas.org.br\/novosite\/#\/schema\/person\/75fed98158349313fe56175f232f513c\",\"name\":\"admin-federas\",\"image\":{\"@type\":\"ImageObject\",\"inLanguage\":\"pt-BR\",\"@id\":\"https:\/\/www.federassantas.org.br\/novosite\/#\/schema\/person\/image\/\",\"url\":\"https:\/\/secure.gravatar.com\/avatar\/2a02d7dda59fe8dc6b7ffd3f652e2efede5ccf0dd89dfdc8137c5517f3de8407?s=96&d=mm&r=g\",\"contentUrl\":\"https:\/\/secure.gravatar.com\/avatar\/2a02d7dda59fe8dc6b7ffd3f652e2efede5ccf0dd89dfdc8137c5517f3de8407?s=96&d=mm&r=g\",\"caption\":\"admin-federas\"},\"sameAs\":[\"https:\/\/www.federassantas.org.br\/novosite\/\"],\"url\":\"https:\/\/www.federassantas.org.br\/novosite\/author\/admin-federas\/\"}]}<\/script>\n<!-- \/ Yoast SEO plugin. -->","yoast_head_json":{"title":"Casos de S\u00edndrome Respirat\u00f3ria Aguda se estabilizam, anuncia Fiocruz - Federassantas","robots":{"index":"index","follow":"follow","max-snippet":"max-snippet:-1","max-image-preview":"max-image-preview:large","max-video-preview":"max-video-preview:-1"},"canonical":"https:\/\/www.federassantas.org.br\/novosite\/casos-de-sindrome-respiratoria-aguda-se-estabilizam-anuncia-fiocruz\/","og_locale":"pt_BR","og_type":"article","og_title":"Casos de S\u00edndrome Respirat\u00f3ria Aguda se estabilizam, anuncia Fiocruz - Federassantas","og_description":"Entre crian\u00e7as e adolescentes h\u00e1 tend\u00eancia de queda Os casos de S\u00edndrome Respirat\u00f3ria Aguda Grave (SRAG) est\u00e3o apresentando sinal de interrup\u00e7\u00e3o da tend\u00eancia de crescimento no pa\u00eds, embora alguns estados ainda demonstrem crescimento. A informa\u00e7\u00e3o foi divulgada nesta sexta-feira (11), no Rio de Janeiro, no Boletim InfoGripe, da Funda\u00e7\u00e3o Oswaldo Cruz (Fiocruz). A publica\u00e7\u00e3o \u00e9 [&hellip;]","og_url":"https:\/\/www.federassantas.org.br\/novosite\/casos-de-sindrome-respiratoria-aguda-se-estabilizam-anuncia-fiocruz\/","og_site_name":"Federassantas","article_published_time":"2022-02-14T16:05:39+00:00","og_image":[{"width":2560,"height":1920,"url":"https:\/\/www.federassantas.org.br\/novosite\/wp-content\/uploads\/2020\/12\/o-que-importa-para-vc-Timoteo-1-scaled.jpg","type":"image\/jpeg"}],"author":"admin-federas","twitter_card":"summary_large_image","twitter_misc":{"Escrito por":"admin-federas","Est. tempo de leitura":"3 minutos"},"schema":{"@context":"https:\/\/schema.org","@graph":[{"@type":"Article","@id":"https:\/\/www.federassantas.org.br\/novosite\/casos-de-sindrome-respiratoria-aguda-se-estabilizam-anuncia-fiocruz\/#article","isPartOf":{"@id":"https:\/\/www.federassantas.org.br\/novosite\/casos-de-sindrome-respiratoria-aguda-se-estabilizam-anuncia-fiocruz\/"},"author":{"name":"admin-federas","@id":"https:\/\/www.federassantas.org.br\/novosite\/#\/schema\/person\/75fed98158349313fe56175f232f513c"},"headline":"Casos de S\u00edndrome Respirat\u00f3ria Aguda se estabilizam, anuncia Fiocruz","datePublished":"2022-02-14T16:05:39+00:00","mainEntityOfPage":{"@id":"https:\/\/www.federassantas.org.br\/novosite\/casos-de-sindrome-respiratoria-aguda-se-estabilizam-anuncia-fiocruz\/"},"wordCount":554,"commentCount":0,"publisher":{"@id":"https:\/\/www.federassantas.org.br\/novosite\/#organization"},"image":{"@id":"https:\/\/www.federassantas.org.br\/novosite\/casos-de-sindrome-respiratoria-aguda-se-estabilizam-anuncia-fiocruz\/#primaryimage"},"thumbnailUrl":"https:\/\/www.federassantas.org.br\/novosite\/wp-content\/uploads\/2020\/12\/o-que-importa-para-vc-Timoteo-1-scaled.jpg","articleSection":["Not\u00edcias"],"inLanguage":"pt-BR","potentialAction":[{"@type":"CommentAction","name":"Comment","target":["https:\/\/www.federassantas.org.br\/novosite\/casos-de-sindrome-respiratoria-aguda-se-estabilizam-anuncia-fiocruz\/#respond"]}]},{"@type":"WebPage","@id":"https:\/\/www.federassantas.org.br\/novosite\/casos-de-sindrome-respiratoria-aguda-se-estabilizam-anuncia-fiocruz\/","url":"https:\/\/www.federassantas.org.br\/novosite\/casos-de-sindrome-respiratoria-aguda-se-estabilizam-anuncia-fiocruz\/","name":"Casos de S\u00edndrome Respirat\u00f3ria Aguda se estabilizam, anuncia Fiocruz - Federassantas","isPartOf":{"@id":"https:\/\/www.federassantas.org.br\/novosite\/#website"},"primaryImageOfPage":{"@id":"https:\/\/www.federassantas.org.br\/novosite\/casos-de-sindrome-respiratoria-aguda-se-estabilizam-anuncia-fiocruz\/#primaryimage"},"image":{"@id":"https:\/\/www.federassantas.org.br\/novosite\/casos-de-sindrome-respiratoria-aguda-se-estabilizam-anuncia-fiocruz\/#primaryimage"},"thumbnailUrl":"https:\/\/www.federassantas.org.br\/novosite\/wp-content\/uploads\/2020\/12\/o-que-importa-para-vc-Timoteo-1-scaled.jpg","datePublished":"2022-02-14T16:05:39+00:00","breadcrumb":{"@id":"https:\/\/www.federassantas.org.br\/novosite\/casos-de-sindrome-respiratoria-aguda-se-estabilizam-anuncia-fiocruz\/#breadcrumb"},"inLanguage":"pt-BR","potentialAction":[{"@type":"ReadAction","target":["https:\/\/www.federassantas.org.br\/novosite\/casos-de-sindrome-respiratoria-aguda-se-estabilizam-anuncia-fiocruz\/"]}]},{"@type":"ImageObject","inLanguage":"pt-BR","@id":"https:\/\/www.federassantas.org.br\/novosite\/casos-de-sindrome-respiratoria-aguda-se-estabilizam-anuncia-fiocruz\/#primaryimage","url":"https:\/\/www.federassantas.org.br\/novosite\/wp-content\/uploads\/2020\/12\/o-que-importa-para-vc-Timoteo-1-scaled.jpg","contentUrl":"https:\/\/www.federassantas.org.br\/novosite\/wp-content\/uploads\/2020\/12\/o-que-importa-para-vc-Timoteo-1-scaled.jpg","width":2560,"height":1920},{"@type":"BreadcrumbList","@id":"https:\/\/www.federassantas.org.br\/novosite\/casos-de-sindrome-respiratoria-aguda-se-estabilizam-anuncia-fiocruz\/#breadcrumb","itemListElement":[{"@type":"ListItem","position":1,"name":"In\u00edcio","item":"https:\/\/www.federassantas.org.br\/novosite\/"},{"@type":"ListItem","position":2,"name":"Casos de S\u00edndrome Respirat\u00f3ria Aguda se estabilizam, anuncia Fiocruz"}]},{"@type":"WebSite","@id":"https:\/\/www.federassantas.org.br\/novosite\/#website","url":"https:\/\/www.federassantas.org.br\/novosite\/","name":"Federassantas","description":"Fed. das Santas Casas e Hospitais Filantr\u00f3picos de MG","publisher":{"@id":"https:\/\/www.federassantas.org.br\/novosite\/#organization"},"potentialAction":[{"@type":"SearchAction","target":{"@type":"EntryPoint","urlTemplate":"https:\/\/www.federassantas.org.br\/novosite\/?s={search_term_string}"},"query-input":{"@type":"PropertyValueSpecification","valueRequired":true,"valueName":"search_term_string"}}],"inLanguage":"pt-BR"},{"@type":"Organization","@id":"https:\/\/www.federassantas.org.br\/novosite\/#organization","name":"Federassantas","url":"https:\/\/www.federassantas.org.br\/novosite\/","logo":{"@type":"ImageObject","inLanguage":"pt-BR","@id":"https:\/\/www.federassantas.org.br\/novosite\/#\/schema\/logo\/image\/","url":"https:\/\/www.federassantas.org.br\/novosite\/wp-content\/uploads\/2021\/12\/logo.png","contentUrl":"https:\/\/www.federassantas.org.br\/novosite\/wp-content\/uploads\/2021\/12\/logo.png","width":243,"height":59,"caption":"Federassantas"},"image":{"@id":"https:\/\/www.federassantas.org.br\/novosite\/#\/schema\/logo\/image\/"}},{"@type":"Person","@id":"https:\/\/www.federassantas.org.br\/novosite\/#\/schema\/person\/75fed98158349313fe56175f232f513c","name":"admin-federas","image":{"@type":"ImageObject","inLanguage":"pt-BR","@id":"https:\/\/www.federassantas.org.br\/novosite\/#\/schema\/person\/image\/","url":"https:\/\/secure.gravatar.com\/avatar\/2a02d7dda59fe8dc6b7ffd3f652e2efede5ccf0dd89dfdc8137c5517f3de8407?s=96&d=mm&r=g","contentUrl":"https:\/\/secure.gravatar.com\/avatar\/2a02d7dda59fe8dc6b7ffd3f652e2efede5ccf0dd89dfdc8137c5517f3de8407?s=96&d=mm&r=g","caption":"admin-federas"},"sameAs":["https:\/\/www.federassantas.org.br\/novosite\/"],"url":"https:\/\/www.federassantas.org.br\/novosite\/author\/admin-federas\/"}]}},"_links":{"self":[{"href":"https:\/\/www.federassantas.org.br\/novosite\/wp-json\/wp\/v2\/posts\/24607","targetHints":{"allow":["GET"]}}],"collection":[{"href":"https:\/\/www.federassantas.org.br\/novosite\/wp-json\/wp\/v2\/posts"}],"about":[{"href":"https:\/\/www.federassantas.org.br\/novosite\/wp-json\/wp\/v2\/types\/post"}],"author":[{"embeddable":true,"href":"https:\/\/www.federassantas.org.br\/novosite\/wp-json\/wp\/v2\/users\/1"}],"replies":[{"embeddable":true,"href":"https:\/\/www.federassantas.org.br\/novosite\/wp-json\/wp\/v2\/comments?post=24607"}],"version-history":[{"count":0,"href":"https:\/\/www.federassantas.org.br\/novosite\/wp-json\/wp\/v2\/posts\/24607\/revisions"}],"wp:featuredmedia":[{"embeddable":true,"href":"https:\/\/www.federassantas.org.br\/novosite\/wp-json\/wp\/v2\/media\/23385"}],"wp:attachment":[{"href":"https:\/\/www.federassantas.org.br\/novosite\/wp-json\/wp\/v2\/media?parent=24607"}],"wp:term":[{"taxonomy":"category","embeddable":true,"href":"https:\/\/www.federassantas.org.br\/novosite\/wp-json\/wp\/v2\/categories?post=24607"},{"taxonomy":"post_tag","embeddable":true,"href":"https:\/\/www.federassantas.org.br\/novosite\/wp-json\/wp\/v2\/tags?post=24607"}],"curies":[{"name":"wp","href":"https:\/\/api.w.org\/{rel}","templated":true}]}}