{"id":24609,"date":"2022-02-16T11:12:21","date_gmt":"2022-02-16T14:12:21","guid":{"rendered":"https:\/\/federasbackup.meltcomunicacao.com.br\/?p=23404"},"modified":"2022-02-16T11:12:21","modified_gmt":"2022-02-16T14:12:21","slug":"ocupacao-de-utis-para-covid-19-tende-a-cair-pela-primeira-vez-em-2022","status":"publish","type":"post","link":"https:\/\/www.federassantas.org.br\/novosite\/ocupacao-de-utis-para-covid-19-tende-a-cair-pela-primeira-vez-em-2022\/","title":{"rendered":"Ocupa\u00e7\u00e3o de UTIs para covid-19 tende a cair pela primeira vez em 2022"},"content":{"rendered":"\n<p><em>Quinze estados registraram queda; quatro permanem em alerta cr\u00edtico<\/em><\/p>\n\n\n\n<p>A ocupa\u00e7\u00e3o de leitos de unidades de terapia intensiva (UTI) para covid-19 no Sistema \u00danico de Sa\u00fade (SUS) apresentou tend\u00eancia de queda pela primeira vez neste ano, segundo nota t\u00e9cnica divulgada na tarde de ontem (15) pelo Observat\u00f3rio Covid-19 da Funda\u00e7\u00e3o Oswaldo Cruz (Fiocruz). Desde o fim de 2021, a explos\u00e3o de casos provocada pela variante \u00d4micron aumentou progressivamente a demanda por vagas de interna\u00e7\u00e3o, pressionando o SUS em diversos estados e no Distrito Federal.<img decoding=\"async\" src=\"https:\/\/agenciabrasil.ebc.com.br\/ebc.png?id=1442369&amp;o=node\"><img decoding=\"async\" src=\"https:\/\/agenciabrasil.ebc.com.br\/ebc.gif?id=1442369&amp;o=node\"><\/p>\n\n\n\n<p>Segundo a Fiocruz, na an\u00e1lise realizada com base em dados de 14 de fevereiro, caiu de nove para quatro o n\u00famero de estados com mais de 80% dos leitos de UTI ocupados. Os pesquisadores consideram que a situa\u00e7\u00e3o \u00e9 de alerta cr\u00edtico quando o SUS disp\u00f5e de menos de 20% de leitos dispon\u00edveis para pacientes graves com covid-19.<\/p>\n\n\n\n<p>&#8220;Os avan\u00e7os na campanha de vacina\u00e7\u00e3o foram fundamentais no sentido de impedir maiores n\u00fameros e percentuais de casos cr\u00edticos e graves, interna\u00e7\u00f5es e \u00f3bitos. Por\u00e9m n\u00e3o podemos ignorar que os riscos de reveses permanecem. \u00c9 central que se avance ainda mais na campanha de vacina\u00e7\u00e3o&#8221;, afirma a Fiocruz. &#8220;A vacina\u00e7\u00e3o \u00e9 a arma mais potente que dispomos para o enfrentamento da pandemia.&#8221;<\/p>\n\n\n\n<h5 class=\"wp-block-heading\">Zona de alerta<\/h5>\n\n\n\n<p>Continuam na zona de alerta cr\u00edtico o Rio Grande do Norte (80%), Pernambuco (81%), Mato Grosso do Sul (85%) e Distrito Federal (99%), enquanto Tocantins (64%), Piau\u00ed (77%), Esp\u00edrito Santo (79%), Mato Grosso (72%) e Goi\u00e1s (72%) ca\u00edram para a zona de alerta intermedi\u00e1rio, com varia\u00e7\u00e3o entre 60% e 80% de leitos ocupados.&nbsp;<\/p>\n\n\n\n<p>A Fiocruz informa ainda que 15 estados registraram ao menos cinco pontos percentuais de queda na taxa de ocupa\u00e7\u00e3o dos leitos. Mesmo assim, 14 estados permanecem na zona de alerta intermedi\u00e1rio: Rond\u00f4nia (74%), Acre (63%), Par\u00e1 (63%), Alagoas (60%), Sergipe (61%), Bahia (70%), S\u00e3o Paulo (66%), Paran\u00e1 (71%) e Santa Catarina (71%), al\u00e9m dos estados j\u00e1 citados.&nbsp;&nbsp;<\/p>\n\n\n\n<p>As demais unidades federativas est\u00e3o fora da zona de alerta, com menos de 60% dos leitos de UTI ocupados. A exce\u00e7\u00e3o \u00e9 Roraima, que n\u00e3o foi inclu\u00eddo na an\u00e1lise devido \u00e0 grande volatilidade de percentuais, j\u00e1 que tem apenas 27 leitos dispon\u00edveis.<\/p>\n\n\n\n<p>&#8220;Embora algumas taxas de ocupa\u00e7\u00e3o de leitos ainda estejam muito elevadas, \u00e9 um alento a percep\u00e7\u00e3o de que o arrefecimento da grande onda de casos provocada pela \u00d4micron, sentida em dados epidemiol\u00f3gicos, est\u00e1 come\u00e7ando a se refletir na diminui\u00e7\u00e3o da ocupa\u00e7\u00e3o de leitos de UTI. O seguimento das taxas nas pr\u00f3ximas semanas deve propiciar uma vis\u00e3o mais conclusiva&#8221;, afirmam os pesquisadores.<\/p>\n\n\n\n<p>A nota t\u00e9cnica da Fiocruz informa ainda que sete capitais est\u00e3o na zona de alerta cr\u00edtico: Rio Branco (80%), Natal (percentual estimado de 84%), Jo\u00e3o Pessoa (81%), Rio de Janeiro (81%), Campo Grande (91%), Goi\u00e2nia (82%) e Bras\u00edlia (99%).&nbsp;<\/p>\n\n\n\n<p>Outras 12 est\u00e3o na zona de alerta intermedi\u00e1rio. S\u00e3o elas: Porto Velho (78%), Palmas (65%), Teresina (70%), Fortaleza (70%), Macei\u00f3 (69%), Salvador (69%), Belo Horizonte (75%), Vit\u00f3ria (78%), S\u00e3o Paulo (64%), Curitiba (70%), Porto Alegre (63%) e Cuiab\u00e1 (67%).&nbsp;<\/p>\n\n\n\n<p>Cinco capitais foram consideradas fora da zona de alerta: Manaus (54%), Macap\u00e1 (52%), S\u00e3o Lu\u00eds (49%), Recife (57%, considerando somente leitos p\u00fablicos municipais) e Florian\u00f3polis (49%).&nbsp;<\/p>\n\n\n\n<p>A Fiocruz explica que Bel\u00e9m e Aracaju n\u00e3o t\u00eam disponibilizado as taxas de ocupa\u00e7\u00e3o, enquanto Boa Vista s\u00f3 tinha dispon\u00edvel a taxa referente a 8 de fevereiro.<\/p>\n\n\n\n<p><\/p>\n\n\n\n<p>Fonte: <a href=\"https:\/\/agenciabrasil.ebc.com.br\/saude\/noticia\/2022-02\/ocupacao-de-utis-para-covid-19-tende-cair-pela-primeira-vez-em-2022\" target=\"_blank\" rel=\"noreferrer noopener\">Ag\u00eancia Brasil<\/a><br>Foto: Rovena Rosa\/Ag\u00eancia Brasil<\/p>\n","protected":false},"excerpt":{"rendered":"<p>Quinze estados registraram queda; quatro permanem em alerta cr\u00edtico A ocupa\u00e7\u00e3o de leitos de unidades de terapia intensiva (UTI) para covid-19 no Sistema \u00danico de Sa\u00fade (SUS) apresentou tend\u00eancia de queda pela primeira vez neste ano, segundo nota t\u00e9cnica divulgada na tarde de ontem (15) pelo Observat\u00f3rio Covid-19 da Funda\u00e7\u00e3o Oswaldo Cruz (Fiocruz). Desde o [&hellip;]<\/p>\n","protected":false},"author":1,"featured_media":23405,"comment_status":"open","ping_status":"open","sticky":false,"template":"","format":"standard","meta":{"footnotes":""},"categories":[140],"tags":[],"class_list":["post-24609","post","type-post","status-publish","format-standard","has-post-thumbnail","hentry","category-noticias"],"yoast_head":"<!-- This site is optimized with the Yoast SEO plugin v26.9 - https:\/\/yoast.com\/product\/yoast-seo-wordpress\/ -->\n<title>Ocupa\u00e7\u00e3o de UTIs para covid-19 tende a cair pela primeira vez em 2022 - Federassantas<\/title>\n<meta name=\"robots\" content=\"index, follow, max-snippet:-1, max-image-preview:large, max-video-preview:-1\" \/>\n<link rel=\"canonical\" href=\"https:\/\/www.federassantas.org.br\/novosite\/ocupacao-de-utis-para-covid-19-tende-a-cair-pela-primeira-vez-em-2022\/\" \/>\n<meta property=\"og:locale\" content=\"pt_BR\" \/>\n<meta property=\"og:type\" content=\"article\" \/>\n<meta property=\"og:title\" content=\"Ocupa\u00e7\u00e3o de UTIs para covid-19 tende a cair pela primeira vez em 2022 - Federassantas\" \/>\n<meta property=\"og:description\" content=\"Quinze estados registraram queda; quatro permanem em alerta cr\u00edtico A ocupa\u00e7\u00e3o de leitos de unidades de terapia intensiva (UTI) para covid-19 no Sistema \u00danico de Sa\u00fade (SUS) apresentou tend\u00eancia de queda pela primeira vez neste ano, segundo nota t\u00e9cnica divulgada na tarde de ontem (15) pelo Observat\u00f3rio Covid-19 da Funda\u00e7\u00e3o Oswaldo Cruz (Fiocruz). Desde o [&hellip;]\" \/>\n<meta property=\"og:url\" content=\"https:\/\/www.federassantas.org.br\/novosite\/ocupacao-de-utis-para-covid-19-tende-a-cair-pela-primeira-vez-em-2022\/\" \/>\n<meta property=\"og:site_name\" content=\"Federassantas\" \/>\n<meta property=\"article:published_time\" content=\"2022-02-16T14:12:21+00:00\" \/>\n<meta property=\"og:image\" content=\"https:\/\/www.federassantas.org.br\/novosite\/wp-content\/uploads\/2021\/01\/Foto-2-3-1-scaled.jpg\" \/>\n\t<meta property=\"og:image:width\" content=\"2560\" \/>\n\t<meta property=\"og:image:height\" content=\"1707\" \/>\n\t<meta property=\"og:image:type\" content=\"image\/jpeg\" \/>\n<meta name=\"author\" content=\"admin-federas\" \/>\n<meta name=\"twitter:card\" content=\"summary_large_image\" \/>\n<meta name=\"twitter:label1\" content=\"Escrito por\" \/>\n\t<meta name=\"twitter:data1\" content=\"admin-federas\" \/>\n\t<meta name=\"twitter:label2\" content=\"Est. tempo de leitura\" \/>\n\t<meta name=\"twitter:data2\" content=\"3 minutos\" \/>\n<script type=\"application\/ld+json\" class=\"yoast-schema-graph\">{\"@context\":\"https:\/\/schema.org\",\"@graph\":[{\"@type\":\"Article\",\"@id\":\"https:\/\/www.federassantas.org.br\/novosite\/ocupacao-de-utis-para-covid-19-tende-a-cair-pela-primeira-vez-em-2022\/#article\",\"isPartOf\":{\"@id\":\"https:\/\/www.federassantas.org.br\/novosite\/ocupacao-de-utis-para-covid-19-tende-a-cair-pela-primeira-vez-em-2022\/\"},\"author\":{\"name\":\"admin-federas\",\"@id\":\"https:\/\/www.federassantas.org.br\/novosite\/#\/schema\/person\/75fed98158349313fe56175f232f513c\"},\"headline\":\"Ocupa\u00e7\u00e3o de UTIs para covid-19 tende a cair pela primeira vez em 2022\",\"datePublished\":\"2022-02-16T14:12:21+00:00\",\"mainEntityOfPage\":{\"@id\":\"https:\/\/www.federassantas.org.br\/novosite\/ocupacao-de-utis-para-covid-19-tende-a-cair-pela-primeira-vez-em-2022\/\"},\"wordCount\":588,\"commentCount\":0,\"publisher\":{\"@id\":\"https:\/\/www.federassantas.org.br\/novosite\/#organization\"},\"image\":{\"@id\":\"https:\/\/www.federassantas.org.br\/novosite\/ocupacao-de-utis-para-covid-19-tende-a-cair-pela-primeira-vez-em-2022\/#primaryimage\"},\"thumbnailUrl\":\"https:\/\/www.federassantas.org.br\/novosite\/wp-content\/uploads\/2021\/01\/Foto-2-3-1-scaled.jpg\",\"articleSection\":[\"Not\u00edcias\"],\"inLanguage\":\"pt-BR\",\"potentialAction\":[{\"@type\":\"CommentAction\",\"name\":\"Comment\",\"target\":[\"https:\/\/www.federassantas.org.br\/novosite\/ocupacao-de-utis-para-covid-19-tende-a-cair-pela-primeira-vez-em-2022\/#respond\"]}]},{\"@type\":\"WebPage\",\"@id\":\"https:\/\/www.federassantas.org.br\/novosite\/ocupacao-de-utis-para-covid-19-tende-a-cair-pela-primeira-vez-em-2022\/\",\"url\":\"https:\/\/www.federassantas.org.br\/novosite\/ocupacao-de-utis-para-covid-19-tende-a-cair-pela-primeira-vez-em-2022\/\",\"name\":\"Ocupa\u00e7\u00e3o de UTIs para covid-19 tende a cair pela primeira vez em 2022 - Federassantas\",\"isPartOf\":{\"@id\":\"https:\/\/www.federassantas.org.br\/novosite\/#website\"},\"primaryImageOfPage\":{\"@id\":\"https:\/\/www.federassantas.org.br\/novosite\/ocupacao-de-utis-para-covid-19-tende-a-cair-pela-primeira-vez-em-2022\/#primaryimage\"},\"image\":{\"@id\":\"https:\/\/www.federassantas.org.br\/novosite\/ocupacao-de-utis-para-covid-19-tende-a-cair-pela-primeira-vez-em-2022\/#primaryimage\"},\"thumbnailUrl\":\"https:\/\/www.federassantas.org.br\/novosite\/wp-content\/uploads\/2021\/01\/Foto-2-3-1-scaled.jpg\",\"datePublished\":\"2022-02-16T14:12:21+00:00\",\"breadcrumb\":{\"@id\":\"https:\/\/www.federassantas.org.br\/novosite\/ocupacao-de-utis-para-covid-19-tende-a-cair-pela-primeira-vez-em-2022\/#breadcrumb\"},\"inLanguage\":\"pt-BR\",\"potentialAction\":[{\"@type\":\"ReadAction\",\"target\":[\"https:\/\/www.federassantas.org.br\/novosite\/ocupacao-de-utis-para-covid-19-tende-a-cair-pela-primeira-vez-em-2022\/\"]}]},{\"@type\":\"ImageObject\",\"inLanguage\":\"pt-BR\",\"@id\":\"https:\/\/www.federassantas.org.br\/novosite\/ocupacao-de-utis-para-covid-19-tende-a-cair-pela-primeira-vez-em-2022\/#primaryimage\",\"url\":\"https:\/\/www.federassantas.org.br\/novosite\/wp-content\/uploads\/2021\/01\/Foto-2-3-1-scaled.jpg\",\"contentUrl\":\"https:\/\/www.federassantas.org.br\/novosite\/wp-content\/uploads\/2021\/01\/Foto-2-3-1-scaled.jpg\",\"width\":2560,\"height\":1707,\"caption\":\"A Ag\u00eancia Transfusional est\u00e1 ocupando um novo espa\u00e7o dentro do Hospital, um local mais moderno e adaptado para as necessidades dos profissionais que ali trabalham\"},{\"@type\":\"BreadcrumbList\",\"@id\":\"https:\/\/www.federassantas.org.br\/novosite\/ocupacao-de-utis-para-covid-19-tende-a-cair-pela-primeira-vez-em-2022\/#breadcrumb\",\"itemListElement\":[{\"@type\":\"ListItem\",\"position\":1,\"name\":\"In\u00edcio\",\"item\":\"https:\/\/www.federassantas.org.br\/novosite\/\"},{\"@type\":\"ListItem\",\"position\":2,\"name\":\"Ocupa\u00e7\u00e3o de UTIs para covid-19 tende a cair pela primeira vez em 2022\"}]},{\"@type\":\"WebSite\",\"@id\":\"https:\/\/www.federassantas.org.br\/novosite\/#website\",\"url\":\"https:\/\/www.federassantas.org.br\/novosite\/\",\"name\":\"Federassantas\",\"description\":\"Fed. das Santas Casas e Hospitais Filantr\u00f3picos de MG\",\"publisher\":{\"@id\":\"https:\/\/www.federassantas.org.br\/novosite\/#organization\"},\"potentialAction\":[{\"@type\":\"SearchAction\",\"target\":{\"@type\":\"EntryPoint\",\"urlTemplate\":\"https:\/\/www.federassantas.org.br\/novosite\/?s={search_term_string}\"},\"query-input\":{\"@type\":\"PropertyValueSpecification\",\"valueRequired\":true,\"valueName\":\"search_term_string\"}}],\"inLanguage\":\"pt-BR\"},{\"@type\":\"Organization\",\"@id\":\"https:\/\/www.federassantas.org.br\/novosite\/#organization\",\"name\":\"Federassantas\",\"url\":\"https:\/\/www.federassantas.org.br\/novosite\/\",\"logo\":{\"@type\":\"ImageObject\",\"inLanguage\":\"pt-BR\",\"@id\":\"https:\/\/www.federassantas.org.br\/novosite\/#\/schema\/logo\/image\/\",\"url\":\"https:\/\/www.federassantas.org.br\/novosite\/wp-content\/uploads\/2021\/12\/logo.png\",\"contentUrl\":\"https:\/\/www.federassantas.org.br\/novosite\/wp-content\/uploads\/2021\/12\/logo.png\",\"width\":243,\"height\":59,\"caption\":\"Federassantas\"},\"image\":{\"@id\":\"https:\/\/www.federassantas.org.br\/novosite\/#\/schema\/logo\/image\/\"}},{\"@type\":\"Person\",\"@id\":\"https:\/\/www.federassantas.org.br\/novosite\/#\/schema\/person\/75fed98158349313fe56175f232f513c\",\"name\":\"admin-federas\",\"image\":{\"@type\":\"ImageObject\",\"inLanguage\":\"pt-BR\",\"@id\":\"https:\/\/www.federassantas.org.br\/novosite\/#\/schema\/person\/image\/\",\"url\":\"https:\/\/secure.gravatar.com\/avatar\/2a02d7dda59fe8dc6b7ffd3f652e2efede5ccf0dd89dfdc8137c5517f3de8407?s=96&d=mm&r=g\",\"contentUrl\":\"https:\/\/secure.gravatar.com\/avatar\/2a02d7dda59fe8dc6b7ffd3f652e2efede5ccf0dd89dfdc8137c5517f3de8407?s=96&d=mm&r=g\",\"caption\":\"admin-federas\"},\"sameAs\":[\"https:\/\/www.federassantas.org.br\/novosite\/\"],\"url\":\"https:\/\/www.federassantas.org.br\/novosite\/author\/admin-federas\/\"}]}<\/script>\n<!-- \/ Yoast SEO plugin. -->","yoast_head_json":{"title":"Ocupa\u00e7\u00e3o de UTIs para covid-19 tende a cair pela primeira vez em 2022 - Federassantas","robots":{"index":"index","follow":"follow","max-snippet":"max-snippet:-1","max-image-preview":"max-image-preview:large","max-video-preview":"max-video-preview:-1"},"canonical":"https:\/\/www.federassantas.org.br\/novosite\/ocupacao-de-utis-para-covid-19-tende-a-cair-pela-primeira-vez-em-2022\/","og_locale":"pt_BR","og_type":"article","og_title":"Ocupa\u00e7\u00e3o de UTIs para covid-19 tende a cair pela primeira vez em 2022 - Federassantas","og_description":"Quinze estados registraram queda; quatro permanem em alerta cr\u00edtico A ocupa\u00e7\u00e3o de leitos de unidades de terapia intensiva (UTI) para covid-19 no Sistema \u00danico de Sa\u00fade (SUS) apresentou tend\u00eancia de queda pela primeira vez neste ano, segundo nota t\u00e9cnica divulgada na tarde de ontem (15) pelo Observat\u00f3rio Covid-19 da Funda\u00e7\u00e3o Oswaldo Cruz (Fiocruz). Desde o [&hellip;]","og_url":"https:\/\/www.federassantas.org.br\/novosite\/ocupacao-de-utis-para-covid-19-tende-a-cair-pela-primeira-vez-em-2022\/","og_site_name":"Federassantas","article_published_time":"2022-02-16T14:12:21+00:00","og_image":[{"width":2560,"height":1707,"url":"https:\/\/www.federassantas.org.br\/novosite\/wp-content\/uploads\/2021\/01\/Foto-2-3-1-scaled.jpg","type":"image\/jpeg"}],"author":"admin-federas","twitter_card":"summary_large_image","twitter_misc":{"Escrito por":"admin-federas","Est. tempo de leitura":"3 minutos"},"schema":{"@context":"https:\/\/schema.org","@graph":[{"@type":"Article","@id":"https:\/\/www.federassantas.org.br\/novosite\/ocupacao-de-utis-para-covid-19-tende-a-cair-pela-primeira-vez-em-2022\/#article","isPartOf":{"@id":"https:\/\/www.federassantas.org.br\/novosite\/ocupacao-de-utis-para-covid-19-tende-a-cair-pela-primeira-vez-em-2022\/"},"author":{"name":"admin-federas","@id":"https:\/\/www.federassantas.org.br\/novosite\/#\/schema\/person\/75fed98158349313fe56175f232f513c"},"headline":"Ocupa\u00e7\u00e3o de UTIs para covid-19 tende a cair pela primeira vez em 2022","datePublished":"2022-02-16T14:12:21+00:00","mainEntityOfPage":{"@id":"https:\/\/www.federassantas.org.br\/novosite\/ocupacao-de-utis-para-covid-19-tende-a-cair-pela-primeira-vez-em-2022\/"},"wordCount":588,"commentCount":0,"publisher":{"@id":"https:\/\/www.federassantas.org.br\/novosite\/#organization"},"image":{"@id":"https:\/\/www.federassantas.org.br\/novosite\/ocupacao-de-utis-para-covid-19-tende-a-cair-pela-primeira-vez-em-2022\/#primaryimage"},"thumbnailUrl":"https:\/\/www.federassantas.org.br\/novosite\/wp-content\/uploads\/2021\/01\/Foto-2-3-1-scaled.jpg","articleSection":["Not\u00edcias"],"inLanguage":"pt-BR","potentialAction":[{"@type":"CommentAction","name":"Comment","target":["https:\/\/www.federassantas.org.br\/novosite\/ocupacao-de-utis-para-covid-19-tende-a-cair-pela-primeira-vez-em-2022\/#respond"]}]},{"@type":"WebPage","@id":"https:\/\/www.federassantas.org.br\/novosite\/ocupacao-de-utis-para-covid-19-tende-a-cair-pela-primeira-vez-em-2022\/","url":"https:\/\/www.federassantas.org.br\/novosite\/ocupacao-de-utis-para-covid-19-tende-a-cair-pela-primeira-vez-em-2022\/","name":"Ocupa\u00e7\u00e3o de UTIs para covid-19 tende a cair pela primeira vez em 2022 - Federassantas","isPartOf":{"@id":"https:\/\/www.federassantas.org.br\/novosite\/#website"},"primaryImageOfPage":{"@id":"https:\/\/www.federassantas.org.br\/novosite\/ocupacao-de-utis-para-covid-19-tende-a-cair-pela-primeira-vez-em-2022\/#primaryimage"},"image":{"@id":"https:\/\/www.federassantas.org.br\/novosite\/ocupacao-de-utis-para-covid-19-tende-a-cair-pela-primeira-vez-em-2022\/#primaryimage"},"thumbnailUrl":"https:\/\/www.federassantas.org.br\/novosite\/wp-content\/uploads\/2021\/01\/Foto-2-3-1-scaled.jpg","datePublished":"2022-02-16T14:12:21+00:00","breadcrumb":{"@id":"https:\/\/www.federassantas.org.br\/novosite\/ocupacao-de-utis-para-covid-19-tende-a-cair-pela-primeira-vez-em-2022\/#breadcrumb"},"inLanguage":"pt-BR","potentialAction":[{"@type":"ReadAction","target":["https:\/\/www.federassantas.org.br\/novosite\/ocupacao-de-utis-para-covid-19-tende-a-cair-pela-primeira-vez-em-2022\/"]}]},{"@type":"ImageObject","inLanguage":"pt-BR","@id":"https:\/\/www.federassantas.org.br\/novosite\/ocupacao-de-utis-para-covid-19-tende-a-cair-pela-primeira-vez-em-2022\/#primaryimage","url":"https:\/\/www.federassantas.org.br\/novosite\/wp-content\/uploads\/2021\/01\/Foto-2-3-1-scaled.jpg","contentUrl":"https:\/\/www.federassantas.org.br\/novosite\/wp-content\/uploads\/2021\/01\/Foto-2-3-1-scaled.jpg","width":2560,"height":1707,"caption":"A Ag\u00eancia Transfusional est\u00e1 ocupando um novo espa\u00e7o dentro do Hospital, um local mais moderno e adaptado para as necessidades dos profissionais que ali trabalham"},{"@type":"BreadcrumbList","@id":"https:\/\/www.federassantas.org.br\/novosite\/ocupacao-de-utis-para-covid-19-tende-a-cair-pela-primeira-vez-em-2022\/#breadcrumb","itemListElement":[{"@type":"ListItem","position":1,"name":"In\u00edcio","item":"https:\/\/www.federassantas.org.br\/novosite\/"},{"@type":"ListItem","position":2,"name":"Ocupa\u00e7\u00e3o de UTIs para covid-19 tende a cair pela primeira vez em 2022"}]},{"@type":"WebSite","@id":"https:\/\/www.federassantas.org.br\/novosite\/#website","url":"https:\/\/www.federassantas.org.br\/novosite\/","name":"Federassantas","description":"Fed. das Santas Casas e Hospitais Filantr\u00f3picos de MG","publisher":{"@id":"https:\/\/www.federassantas.org.br\/novosite\/#organization"},"potentialAction":[{"@type":"SearchAction","target":{"@type":"EntryPoint","urlTemplate":"https:\/\/www.federassantas.org.br\/novosite\/?s={search_term_string}"},"query-input":{"@type":"PropertyValueSpecification","valueRequired":true,"valueName":"search_term_string"}}],"inLanguage":"pt-BR"},{"@type":"Organization","@id":"https:\/\/www.federassantas.org.br\/novosite\/#organization","name":"Federassantas","url":"https:\/\/www.federassantas.org.br\/novosite\/","logo":{"@type":"ImageObject","inLanguage":"pt-BR","@id":"https:\/\/www.federassantas.org.br\/novosite\/#\/schema\/logo\/image\/","url":"https:\/\/www.federassantas.org.br\/novosite\/wp-content\/uploads\/2021\/12\/logo.png","contentUrl":"https:\/\/www.federassantas.org.br\/novosite\/wp-content\/uploads\/2021\/12\/logo.png","width":243,"height":59,"caption":"Federassantas"},"image":{"@id":"https:\/\/www.federassantas.org.br\/novosite\/#\/schema\/logo\/image\/"}},{"@type":"Person","@id":"https:\/\/www.federassantas.org.br\/novosite\/#\/schema\/person\/75fed98158349313fe56175f232f513c","name":"admin-federas","image":{"@type":"ImageObject","inLanguage":"pt-BR","@id":"https:\/\/www.federassantas.org.br\/novosite\/#\/schema\/person\/image\/","url":"https:\/\/secure.gravatar.com\/avatar\/2a02d7dda59fe8dc6b7ffd3f652e2efede5ccf0dd89dfdc8137c5517f3de8407?s=96&d=mm&r=g","contentUrl":"https:\/\/secure.gravatar.com\/avatar\/2a02d7dda59fe8dc6b7ffd3f652e2efede5ccf0dd89dfdc8137c5517f3de8407?s=96&d=mm&r=g","caption":"admin-federas"},"sameAs":["https:\/\/www.federassantas.org.br\/novosite\/"],"url":"https:\/\/www.federassantas.org.br\/novosite\/author\/admin-federas\/"}]}},"_links":{"self":[{"href":"https:\/\/www.federassantas.org.br\/novosite\/wp-json\/wp\/v2\/posts\/24609","targetHints":{"allow":["GET"]}}],"collection":[{"href":"https:\/\/www.federassantas.org.br\/novosite\/wp-json\/wp\/v2\/posts"}],"about":[{"href":"https:\/\/www.federassantas.org.br\/novosite\/wp-json\/wp\/v2\/types\/post"}],"author":[{"embeddable":true,"href":"https:\/\/www.federassantas.org.br\/novosite\/wp-json\/wp\/v2\/users\/1"}],"replies":[{"embeddable":true,"href":"https:\/\/www.federassantas.org.br\/novosite\/wp-json\/wp\/v2\/comments?post=24609"}],"version-history":[{"count":0,"href":"https:\/\/www.federassantas.org.br\/novosite\/wp-json\/wp\/v2\/posts\/24609\/revisions"}],"wp:featuredmedia":[{"embeddable":true,"href":"https:\/\/www.federassantas.org.br\/novosite\/wp-json\/wp\/v2\/media\/23405"}],"wp:attachment":[{"href":"https:\/\/www.federassantas.org.br\/novosite\/wp-json\/wp\/v2\/media?parent=24609"}],"wp:term":[{"taxonomy":"category","embeddable":true,"href":"https:\/\/www.federassantas.org.br\/novosite\/wp-json\/wp\/v2\/categories?post=24609"},{"taxonomy":"post_tag","embeddable":true,"href":"https:\/\/www.federassantas.org.br\/novosite\/wp-json\/wp\/v2\/tags?post=24609"}],"curies":[{"name":"wp","href":"https:\/\/api.w.org\/{rel}","templated":true}]}}