{"id":24610,"date":"2022-02-17T08:51:08","date_gmt":"2022-02-17T11:51:08","guid":{"rendered":"https:\/\/federasbackup.meltcomunicacao.com.br\/?p=23408"},"modified":"2022-02-17T08:51:08","modified_gmt":"2022-02-17T11:51:08","slug":"governo-libera-recursos-para-tratamento-de-sintomas-pos-covid-no-sus","status":"publish","type":"post","link":"https:\/\/www.federassantas.org.br\/novosite\/governo-libera-recursos-para-tratamento-de-sintomas-pos-covid-no-sus\/","title":{"rendered":"Governo libera recursos para tratamento de sintomas p\u00f3s-covid no SUS"},"content":{"rendered":"\n<p><em>Portarias foram assinadas ontem, pelo ministro da Sa\u00fade<\/em><\/p>\n\n\n\n<p>Duas portarias que destinam verba para o atendimento de pacientes com sequelas da covid-19 nas redes municipais de Aten\u00e7\u00e3o Prim\u00e1ria \u00e0 Sa\u00fade foram assinadas nessa quarta-feira (16) pelo Minist\u00e9rio da Sa\u00fade.<img decoding=\"async\" src=\"https:\/\/agenciabrasil.ebc.com.br\/ebc.png?id=1442515&amp;o=node\"><img decoding=\"async\" src=\"https:\/\/agenciabrasil.ebc.com.br\/ebc.gif?id=1442515&amp;o=node\"><\/p>\n\n\n\n<p>Uma delas destina R$ 160 milh\u00f5es para tratamento de sintomas p\u00f3s-coronav\u00edrus. A segunda portaria repassa R$ 263 milh\u00f5es para 2,1 mil Centros de Atendimento para o Enfrentamento \u00e0 Covid-19 e 82 centros comunit\u00e1rios, em 21 munic\u00edpios.<\/p>\n\n\n\n<p>Cansa\u00e7o, falta de ar, tosse, dor tor\u00e1cica, perda de olfato e paladar, dor de cabe\u00e7a, tontura, altera\u00e7\u00f5es de mem\u00f3ria, ansiedade e depress\u00e3o s\u00e3o, segundo o Minist\u00e9rio da Sa\u00fade, os principais sintomas de pacientes recuperados da covid-19.<\/p>\n\n\n\n<p>Dados apresentados pela pasta apontam que de 30% a 75% dos pacientes que tiveram covid-19 apresentam esses sintomas ap\u00f3s enfrentar a doen\u00e7a.<\/p>\n\n\n\n<p>Os R$ 160 milh\u00f5es ser\u00e3o repassados aos munic\u00edpios e ao Distrito Federal. Com o recurso, os gestores locais poder\u00e3o contratar novos profissionais, construir espa\u00e7os de tratamento e adquirir materiais.<\/p>\n\n\n\n<p>Pela portaria, cada munic\u00edpio ser\u00e1 enquadrado em uma categoria de prioridade: alta, m\u00e9dia ou baixa. O \u00edndice leva em considera\u00e7\u00e3o quantitativo de equipes, \u00edndice de vulnerabilidade social, porte populacional e taxa de mortalidade por covid-19.<\/p>\n\n\n\n<p>\u201cO Brasil hoje tem essa resposta e tem condi\u00e7\u00e3o de alocar esses recursos para os estados e munic\u00edpios. &#8220;Durante a pandemia, em 2020 e 2021, ampliamos o or\u00e7amento do Minist\u00e9rio da Sa\u00fade em R$ 100 bilh\u00f5es em cr\u00e9ditos extraordin\u00e1rios\u201d, ressaltou o ministro Marcelo Queiroga.<\/p>\n\n\n\n<p>Queiroga avaliou ainda que o Brasil tem se sa\u00eddo melhor nessa nova onda da doen\u00e7a em rela\u00e7\u00e3o \u00e0 provocada pela variante Gama.<\/p>\n\n\n\n<p>\u201cJ\u00e1 assistimos uma estabiliza\u00e7\u00e3o do n\u00famero de casos da variante \u00d4micron com a tend\u00eancia de queda. A m\u00e9dia m\u00f3vel de casos ainda \u00e9 de 800 casos por dia. N\u00f3s n\u00e3o queremos essa m\u00e9dia, mas se lembrarmos da variante Gama, houve dias com mais de 3 mil casos de m\u00e9dia m\u00f3vel. Sem d\u00favida avan\u00e7amos muito. Nosso sistema de sa\u00fade tem dado as respostas, seja na aten\u00e7\u00e3o prim\u00e1ria, seja na aten\u00e7\u00e3o especializada. N\u00e3o experimentamos, como foi nas outras ondas, colapso no sistema de sa\u00fade e isso se deve ao fortalecimento do Sistema \u00danico de Sa\u00fade durante a pandemia de covid-19&#8243;.<\/p>\n\n\n\n<p><\/p>\n\n\n\n<p>Fonte: <a href=\"https:\/\/agenciabrasil.ebc.com.br\/saude\/noticia\/2022-02\/governo-libera-recursos-para-tratamento-de-sintomas-pos-covid-no-sus\" target=\"_blank\" rel=\"noreferrer noopener\">Ag\u00eancia Brasil<\/a><\/p>\n","protected":false},"excerpt":{"rendered":"<p>Portarias foram assinadas ontem, pelo ministro da Sa\u00fade Duas portarias que destinam verba para o atendimento de pacientes com sequelas da covid-19 nas redes municipais de Aten\u00e7\u00e3o Prim\u00e1ria \u00e0 Sa\u00fade foram assinadas nessa quarta-feira (16) pelo Minist\u00e9rio da Sa\u00fade. Uma delas destina R$ 160 milh\u00f5es para tratamento de sintomas p\u00f3s-coronav\u00edrus. A segunda portaria repassa R$ [&hellip;]<\/p>\n","protected":false},"author":1,"featured_media":23409,"comment_status":"open","ping_status":"open","sticky":false,"template":"","format":"standard","meta":{"footnotes":""},"categories":[140],"tags":[],"class_list":["post-24610","post","type-post","status-publish","format-standard","has-post-thumbnail","hentry","category-noticias"],"yoast_head":"<!-- This site is optimized with the Yoast SEO plugin v26.9 - https:\/\/yoast.com\/product\/yoast-seo-wordpress\/ -->\n<title>Governo libera recursos para tratamento de sintomas p\u00f3s-covid no SUS - Federassantas<\/title>\n<meta name=\"robots\" content=\"index, follow, max-snippet:-1, max-image-preview:large, max-video-preview:-1\" \/>\n<link rel=\"canonical\" href=\"https:\/\/www.federassantas.org.br\/novosite\/governo-libera-recursos-para-tratamento-de-sintomas-pos-covid-no-sus\/\" \/>\n<meta property=\"og:locale\" content=\"pt_BR\" \/>\n<meta property=\"og:type\" content=\"article\" \/>\n<meta property=\"og:title\" content=\"Governo libera recursos para tratamento de sintomas p\u00f3s-covid no SUS - Federassantas\" \/>\n<meta property=\"og:description\" content=\"Portarias foram assinadas ontem, pelo ministro da Sa\u00fade Duas portarias que destinam verba para o atendimento de pacientes com sequelas da covid-19 nas redes municipais de Aten\u00e7\u00e3o Prim\u00e1ria \u00e0 Sa\u00fade foram assinadas nessa quarta-feira (16) pelo Minist\u00e9rio da Sa\u00fade. Uma delas destina R$ 160 milh\u00f5es para tratamento de sintomas p\u00f3s-coronav\u00edrus. A segunda portaria repassa R$ [&hellip;]\" \/>\n<meta property=\"og:url\" content=\"https:\/\/www.federassantas.org.br\/novosite\/governo-libera-recursos-para-tratamento-de-sintomas-pos-covid-no-sus\/\" \/>\n<meta property=\"og:site_name\" content=\"Federassantas\" \/>\n<meta property=\"article:published_time\" content=\"2022-02-17T11:51:08+00:00\" \/>\n<meta property=\"og:image\" content=\"https:\/\/www.federassantas.org.br\/novosite\/wp-content\/uploads\/2021\/02\/4-1.jpg\" \/>\n\t<meta property=\"og:image:width\" content=\"1513\" \/>\n\t<meta property=\"og:image:height\" content=\"1416\" \/>\n\t<meta property=\"og:image:type\" content=\"image\/jpeg\" \/>\n<meta name=\"author\" content=\"admin-federas\" \/>\n<meta name=\"twitter:card\" content=\"summary_large_image\" \/>\n<meta name=\"twitter:label1\" content=\"Escrito por\" \/>\n\t<meta name=\"twitter:data1\" content=\"admin-federas\" \/>\n\t<meta name=\"twitter:label2\" content=\"Est. tempo de leitura\" \/>\n\t<meta name=\"twitter:data2\" content=\"2 minutos\" \/>\n<script type=\"application\/ld+json\" class=\"yoast-schema-graph\">{\"@context\":\"https:\/\/schema.org\",\"@graph\":[{\"@type\":\"Article\",\"@id\":\"https:\/\/www.federassantas.org.br\/novosite\/governo-libera-recursos-para-tratamento-de-sintomas-pos-covid-no-sus\/#article\",\"isPartOf\":{\"@id\":\"https:\/\/www.federassantas.org.br\/novosite\/governo-libera-recursos-para-tratamento-de-sintomas-pos-covid-no-sus\/\"},\"author\":{\"name\":\"admin-federas\",\"@id\":\"https:\/\/www.federassantas.org.br\/novosite\/#\/schema\/person\/75fed98158349313fe56175f232f513c\"},\"headline\":\"Governo libera recursos para tratamento de sintomas p\u00f3s-covid no SUS\",\"datePublished\":\"2022-02-17T11:51:08+00:00\",\"mainEntityOfPage\":{\"@id\":\"https:\/\/www.federassantas.org.br\/novosite\/governo-libera-recursos-para-tratamento-de-sintomas-pos-covid-no-sus\/\"},\"wordCount\":419,\"commentCount\":0,\"publisher\":{\"@id\":\"https:\/\/www.federassantas.org.br\/novosite\/#organization\"},\"image\":{\"@id\":\"https:\/\/www.federassantas.org.br\/novosite\/governo-libera-recursos-para-tratamento-de-sintomas-pos-covid-no-sus\/#primaryimage\"},\"thumbnailUrl\":\"https:\/\/www.federassantas.org.br\/novosite\/wp-content\/uploads\/2021\/02\/4-1.jpg\",\"articleSection\":[\"Not\u00edcias\"],\"inLanguage\":\"pt-BR\",\"potentialAction\":[{\"@type\":\"CommentAction\",\"name\":\"Comment\",\"target\":[\"https:\/\/www.federassantas.org.br\/novosite\/governo-libera-recursos-para-tratamento-de-sintomas-pos-covid-no-sus\/#respond\"]}]},{\"@type\":\"WebPage\",\"@id\":\"https:\/\/www.federassantas.org.br\/novosite\/governo-libera-recursos-para-tratamento-de-sintomas-pos-covid-no-sus\/\",\"url\":\"https:\/\/www.federassantas.org.br\/novosite\/governo-libera-recursos-para-tratamento-de-sintomas-pos-covid-no-sus\/\",\"name\":\"Governo libera recursos para tratamento de sintomas p\u00f3s-covid no SUS - Federassantas\",\"isPartOf\":{\"@id\":\"https:\/\/www.federassantas.org.br\/novosite\/#website\"},\"primaryImageOfPage\":{\"@id\":\"https:\/\/www.federassantas.org.br\/novosite\/governo-libera-recursos-para-tratamento-de-sintomas-pos-covid-no-sus\/#primaryimage\"},\"image\":{\"@id\":\"https:\/\/www.federassantas.org.br\/novosite\/governo-libera-recursos-para-tratamento-de-sintomas-pos-covid-no-sus\/#primaryimage\"},\"thumbnailUrl\":\"https:\/\/www.federassantas.org.br\/novosite\/wp-content\/uploads\/2021\/02\/4-1.jpg\",\"datePublished\":\"2022-02-17T11:51:08+00:00\",\"breadcrumb\":{\"@id\":\"https:\/\/www.federassantas.org.br\/novosite\/governo-libera-recursos-para-tratamento-de-sintomas-pos-covid-no-sus\/#breadcrumb\"},\"inLanguage\":\"pt-BR\",\"potentialAction\":[{\"@type\":\"ReadAction\",\"target\":[\"https:\/\/www.federassantas.org.br\/novosite\/governo-libera-recursos-para-tratamento-de-sintomas-pos-covid-no-sus\/\"]}]},{\"@type\":\"ImageObject\",\"inLanguage\":\"pt-BR\",\"@id\":\"https:\/\/www.federassantas.org.br\/novosite\/governo-libera-recursos-para-tratamento-de-sintomas-pos-covid-no-sus\/#primaryimage\",\"url\":\"https:\/\/www.federassantas.org.br\/novosite\/wp-content\/uploads\/2021\/02\/4-1.jpg\",\"contentUrl\":\"https:\/\/www.federassantas.org.br\/novosite\/wp-content\/uploads\/2021\/02\/4-1.jpg\",\"width\":1513,\"height\":1416},{\"@type\":\"BreadcrumbList\",\"@id\":\"https:\/\/www.federassantas.org.br\/novosite\/governo-libera-recursos-para-tratamento-de-sintomas-pos-covid-no-sus\/#breadcrumb\",\"itemListElement\":[{\"@type\":\"ListItem\",\"position\":1,\"name\":\"In\u00edcio\",\"item\":\"https:\/\/www.federassantas.org.br\/novosite\/\"},{\"@type\":\"ListItem\",\"position\":2,\"name\":\"Governo libera recursos para tratamento de sintomas p\u00f3s-covid no SUS\"}]},{\"@type\":\"WebSite\",\"@id\":\"https:\/\/www.federassantas.org.br\/novosite\/#website\",\"url\":\"https:\/\/www.federassantas.org.br\/novosite\/\",\"name\":\"Federassantas\",\"description\":\"Fed. das Santas Casas e Hospitais Filantr\u00f3picos de MG\",\"publisher\":{\"@id\":\"https:\/\/www.federassantas.org.br\/novosite\/#organization\"},\"potentialAction\":[{\"@type\":\"SearchAction\",\"target\":{\"@type\":\"EntryPoint\",\"urlTemplate\":\"https:\/\/www.federassantas.org.br\/novosite\/?s={search_term_string}\"},\"query-input\":{\"@type\":\"PropertyValueSpecification\",\"valueRequired\":true,\"valueName\":\"search_term_string\"}}],\"inLanguage\":\"pt-BR\"},{\"@type\":\"Organization\",\"@id\":\"https:\/\/www.federassantas.org.br\/novosite\/#organization\",\"name\":\"Federassantas\",\"url\":\"https:\/\/www.federassantas.org.br\/novosite\/\",\"logo\":{\"@type\":\"ImageObject\",\"inLanguage\":\"pt-BR\",\"@id\":\"https:\/\/www.federassantas.org.br\/novosite\/#\/schema\/logo\/image\/\",\"url\":\"https:\/\/www.federassantas.org.br\/novosite\/wp-content\/uploads\/2021\/12\/logo.png\",\"contentUrl\":\"https:\/\/www.federassantas.org.br\/novosite\/wp-content\/uploads\/2021\/12\/logo.png\",\"width\":243,\"height\":59,\"caption\":\"Federassantas\"},\"image\":{\"@id\":\"https:\/\/www.federassantas.org.br\/novosite\/#\/schema\/logo\/image\/\"}},{\"@type\":\"Person\",\"@id\":\"https:\/\/www.federassantas.org.br\/novosite\/#\/schema\/person\/75fed98158349313fe56175f232f513c\",\"name\":\"admin-federas\",\"image\":{\"@type\":\"ImageObject\",\"inLanguage\":\"pt-BR\",\"@id\":\"https:\/\/www.federassantas.org.br\/novosite\/#\/schema\/person\/image\/\",\"url\":\"https:\/\/secure.gravatar.com\/avatar\/2a02d7dda59fe8dc6b7ffd3f652e2efede5ccf0dd89dfdc8137c5517f3de8407?s=96&d=mm&r=g\",\"contentUrl\":\"https:\/\/secure.gravatar.com\/avatar\/2a02d7dda59fe8dc6b7ffd3f652e2efede5ccf0dd89dfdc8137c5517f3de8407?s=96&d=mm&r=g\",\"caption\":\"admin-federas\"},\"sameAs\":[\"https:\/\/www.federassantas.org.br\/novosite\/\"],\"url\":\"https:\/\/www.federassantas.org.br\/novosite\/author\/admin-federas\/\"}]}<\/script>\n<!-- \/ Yoast SEO plugin. -->","yoast_head_json":{"title":"Governo libera recursos para tratamento de sintomas p\u00f3s-covid no SUS - Federassantas","robots":{"index":"index","follow":"follow","max-snippet":"max-snippet:-1","max-image-preview":"max-image-preview:large","max-video-preview":"max-video-preview:-1"},"canonical":"https:\/\/www.federassantas.org.br\/novosite\/governo-libera-recursos-para-tratamento-de-sintomas-pos-covid-no-sus\/","og_locale":"pt_BR","og_type":"article","og_title":"Governo libera recursos para tratamento de sintomas p\u00f3s-covid no SUS - Federassantas","og_description":"Portarias foram assinadas ontem, pelo ministro da Sa\u00fade Duas portarias que destinam verba para o atendimento de pacientes com sequelas da covid-19 nas redes municipais de Aten\u00e7\u00e3o Prim\u00e1ria \u00e0 Sa\u00fade foram assinadas nessa quarta-feira (16) pelo Minist\u00e9rio da Sa\u00fade. Uma delas destina R$ 160 milh\u00f5es para tratamento de sintomas p\u00f3s-coronav\u00edrus. A segunda portaria repassa R$ [&hellip;]","og_url":"https:\/\/www.federassantas.org.br\/novosite\/governo-libera-recursos-para-tratamento-de-sintomas-pos-covid-no-sus\/","og_site_name":"Federassantas","article_published_time":"2022-02-17T11:51:08+00:00","og_image":[{"width":1513,"height":1416,"url":"https:\/\/www.federassantas.org.br\/novosite\/wp-content\/uploads\/2021\/02\/4-1.jpg","type":"image\/jpeg"}],"author":"admin-federas","twitter_card":"summary_large_image","twitter_misc":{"Escrito por":"admin-federas","Est. tempo de leitura":"2 minutos"},"schema":{"@context":"https:\/\/schema.org","@graph":[{"@type":"Article","@id":"https:\/\/www.federassantas.org.br\/novosite\/governo-libera-recursos-para-tratamento-de-sintomas-pos-covid-no-sus\/#article","isPartOf":{"@id":"https:\/\/www.federassantas.org.br\/novosite\/governo-libera-recursos-para-tratamento-de-sintomas-pos-covid-no-sus\/"},"author":{"name":"admin-federas","@id":"https:\/\/www.federassantas.org.br\/novosite\/#\/schema\/person\/75fed98158349313fe56175f232f513c"},"headline":"Governo libera recursos para tratamento de sintomas p\u00f3s-covid no SUS","datePublished":"2022-02-17T11:51:08+00:00","mainEntityOfPage":{"@id":"https:\/\/www.federassantas.org.br\/novosite\/governo-libera-recursos-para-tratamento-de-sintomas-pos-covid-no-sus\/"},"wordCount":419,"commentCount":0,"publisher":{"@id":"https:\/\/www.federassantas.org.br\/novosite\/#organization"},"image":{"@id":"https:\/\/www.federassantas.org.br\/novosite\/governo-libera-recursos-para-tratamento-de-sintomas-pos-covid-no-sus\/#primaryimage"},"thumbnailUrl":"https:\/\/www.federassantas.org.br\/novosite\/wp-content\/uploads\/2021\/02\/4-1.jpg","articleSection":["Not\u00edcias"],"inLanguage":"pt-BR","potentialAction":[{"@type":"CommentAction","name":"Comment","target":["https:\/\/www.federassantas.org.br\/novosite\/governo-libera-recursos-para-tratamento-de-sintomas-pos-covid-no-sus\/#respond"]}]},{"@type":"WebPage","@id":"https:\/\/www.federassantas.org.br\/novosite\/governo-libera-recursos-para-tratamento-de-sintomas-pos-covid-no-sus\/","url":"https:\/\/www.federassantas.org.br\/novosite\/governo-libera-recursos-para-tratamento-de-sintomas-pos-covid-no-sus\/","name":"Governo libera recursos para tratamento de sintomas p\u00f3s-covid no SUS - Federassantas","isPartOf":{"@id":"https:\/\/www.federassantas.org.br\/novosite\/#website"},"primaryImageOfPage":{"@id":"https:\/\/www.federassantas.org.br\/novosite\/governo-libera-recursos-para-tratamento-de-sintomas-pos-covid-no-sus\/#primaryimage"},"image":{"@id":"https:\/\/www.federassantas.org.br\/novosite\/governo-libera-recursos-para-tratamento-de-sintomas-pos-covid-no-sus\/#primaryimage"},"thumbnailUrl":"https:\/\/www.federassantas.org.br\/novosite\/wp-content\/uploads\/2021\/02\/4-1.jpg","datePublished":"2022-02-17T11:51:08+00:00","breadcrumb":{"@id":"https:\/\/www.federassantas.org.br\/novosite\/governo-libera-recursos-para-tratamento-de-sintomas-pos-covid-no-sus\/#breadcrumb"},"inLanguage":"pt-BR","potentialAction":[{"@type":"ReadAction","target":["https:\/\/www.federassantas.org.br\/novosite\/governo-libera-recursos-para-tratamento-de-sintomas-pos-covid-no-sus\/"]}]},{"@type":"ImageObject","inLanguage":"pt-BR","@id":"https:\/\/www.federassantas.org.br\/novosite\/governo-libera-recursos-para-tratamento-de-sintomas-pos-covid-no-sus\/#primaryimage","url":"https:\/\/www.federassantas.org.br\/novosite\/wp-content\/uploads\/2021\/02\/4-1.jpg","contentUrl":"https:\/\/www.federassantas.org.br\/novosite\/wp-content\/uploads\/2021\/02\/4-1.jpg","width":1513,"height":1416},{"@type":"BreadcrumbList","@id":"https:\/\/www.federassantas.org.br\/novosite\/governo-libera-recursos-para-tratamento-de-sintomas-pos-covid-no-sus\/#breadcrumb","itemListElement":[{"@type":"ListItem","position":1,"name":"In\u00edcio","item":"https:\/\/www.federassantas.org.br\/novosite\/"},{"@type":"ListItem","position":2,"name":"Governo libera recursos para tratamento de sintomas p\u00f3s-covid no SUS"}]},{"@type":"WebSite","@id":"https:\/\/www.federassantas.org.br\/novosite\/#website","url":"https:\/\/www.federassantas.org.br\/novosite\/","name":"Federassantas","description":"Fed. das Santas Casas e Hospitais Filantr\u00f3picos de MG","publisher":{"@id":"https:\/\/www.federassantas.org.br\/novosite\/#organization"},"potentialAction":[{"@type":"SearchAction","target":{"@type":"EntryPoint","urlTemplate":"https:\/\/www.federassantas.org.br\/novosite\/?s={search_term_string}"},"query-input":{"@type":"PropertyValueSpecification","valueRequired":true,"valueName":"search_term_string"}}],"inLanguage":"pt-BR"},{"@type":"Organization","@id":"https:\/\/www.federassantas.org.br\/novosite\/#organization","name":"Federassantas","url":"https:\/\/www.federassantas.org.br\/novosite\/","logo":{"@type":"ImageObject","inLanguage":"pt-BR","@id":"https:\/\/www.federassantas.org.br\/novosite\/#\/schema\/logo\/image\/","url":"https:\/\/www.federassantas.org.br\/novosite\/wp-content\/uploads\/2021\/12\/logo.png","contentUrl":"https:\/\/www.federassantas.org.br\/novosite\/wp-content\/uploads\/2021\/12\/logo.png","width":243,"height":59,"caption":"Federassantas"},"image":{"@id":"https:\/\/www.federassantas.org.br\/novosite\/#\/schema\/logo\/image\/"}},{"@type":"Person","@id":"https:\/\/www.federassantas.org.br\/novosite\/#\/schema\/person\/75fed98158349313fe56175f232f513c","name":"admin-federas","image":{"@type":"ImageObject","inLanguage":"pt-BR","@id":"https:\/\/www.federassantas.org.br\/novosite\/#\/schema\/person\/image\/","url":"https:\/\/secure.gravatar.com\/avatar\/2a02d7dda59fe8dc6b7ffd3f652e2efede5ccf0dd89dfdc8137c5517f3de8407?s=96&d=mm&r=g","contentUrl":"https:\/\/secure.gravatar.com\/avatar\/2a02d7dda59fe8dc6b7ffd3f652e2efede5ccf0dd89dfdc8137c5517f3de8407?s=96&d=mm&r=g","caption":"admin-federas"},"sameAs":["https:\/\/www.federassantas.org.br\/novosite\/"],"url":"https:\/\/www.federassantas.org.br\/novosite\/author\/admin-federas\/"}]}},"_links":{"self":[{"href":"https:\/\/www.federassantas.org.br\/novosite\/wp-json\/wp\/v2\/posts\/24610","targetHints":{"allow":["GET"]}}],"collection":[{"href":"https:\/\/www.federassantas.org.br\/novosite\/wp-json\/wp\/v2\/posts"}],"about":[{"href":"https:\/\/www.federassantas.org.br\/novosite\/wp-json\/wp\/v2\/types\/post"}],"author":[{"embeddable":true,"href":"https:\/\/www.federassantas.org.br\/novosite\/wp-json\/wp\/v2\/users\/1"}],"replies":[{"embeddable":true,"href":"https:\/\/www.federassantas.org.br\/novosite\/wp-json\/wp\/v2\/comments?post=24610"}],"version-history":[{"count":0,"href":"https:\/\/www.federassantas.org.br\/novosite\/wp-json\/wp\/v2\/posts\/24610\/revisions"}],"wp:featuredmedia":[{"embeddable":true,"href":"https:\/\/www.federassantas.org.br\/novosite\/wp-json\/wp\/v2\/media\/23409"}],"wp:attachment":[{"href":"https:\/\/www.federassantas.org.br\/novosite\/wp-json\/wp\/v2\/media?parent=24610"}],"wp:term":[{"taxonomy":"category","embeddable":true,"href":"https:\/\/www.federassantas.org.br\/novosite\/wp-json\/wp\/v2\/categories?post=24610"},{"taxonomy":"post_tag","embeddable":true,"href":"https:\/\/www.federassantas.org.br\/novosite\/wp-json\/wp\/v2\/tags?post=24610"}],"curies":[{"name":"wp","href":"https:\/\/api.w.org\/{rel}","templated":true}]}}