{"id":24611,"date":"2022-02-18T11:17:28","date_gmt":"2022-02-18T14:17:28","guid":{"rendered":"https:\/\/federasbackup.meltcomunicacao.com.br\/?p=23430"},"modified":"2022-02-18T11:17:28","modified_gmt":"2022-02-18T14:17:28","slug":"dia-de-combate-ao-alcoolismo-medicos-alertam-sobre-danos-a-saude","status":"publish","type":"post","link":"https:\/\/www.federassantas.org.br\/novosite\/dia-de-combate-ao-alcoolismo-medicos-alertam-sobre-danos-a-saude\/","title":{"rendered":"Dia de Combate ao Alcoolismo: m\u00e9dicos alertam sobre danos \u00e0 sa\u00fade"},"content":{"rendered":"\n<p><em>Pesquisa mostra que 55% da popula\u00e7\u00e3o brasileira t\u00eam h\u00e1bito de beber<\/em><\/p>\n\n\n\n<p>A sexta-feira, para muitos, \u00e9 o dia de tomar uma cervejinha com os amigos ou outra bebida para relaxar das atividades do dia a dia. Mais da metade da popula\u00e7\u00e3o brasileira, 55%, t\u00eam o costume, mostra pesquisa feita pelo Instituto Brasileiro do F\u00edgado (Ibrafig), sendo que 17,2% declararam aumento do consumo durante a pandemia de covid-19, associado a quadros de ansiedade graves por causa do isolamento social.<img decoding=\"async\" src=\"https:\/\/agenciabrasil.ebc.com.br\/ebc.png?id=1443075&amp;o=node\"><img decoding=\"async\" src=\"https:\/\/agenciabrasil.ebc.com.br\/ebc.gif?id=1443075&amp;o=node\"><\/p>\n\n\n\n<p>Hoje, 18 de fevereiro, \u00e9 o Dia Nacional de Combate ao Alcoolismo, data destinada a conscientizar sobre danos e doen\u00e7as que o consumo excessivo de bebidas alco\u00f3licas pode causar, tanto em homens quanto em mulheres.&nbsp;<\/p>\n\n\n\n<p>De acordo com o levantamento da Ibrafig, uma em cada tr\u00eas pessoas no pa\u00eds consome \u00e1lcool pelo menos uma vez na semana. O consumo abusivo de bebidas alco\u00f3licas foi relatado por 18,8% dos brasileiros ouvidos na pesquisa. Os dados foram levantados com base na resposta de 1,9 mil pessoas, nas cinco regi\u00f5es do pa\u00eds. O estudo mostra ainda que, em m\u00e9dia, os brasileiros ingerem tr\u00eas doses de \u00e1lcool por ocasi\u00e3o, o que representa 450ml de vinho ou tr\u00eas latas de cerveja.<\/p>\n\n\n\n<p>Diversos fatores podem desencadear a depend\u00eancia alco\u00f3lica, diz o psiquiatra Rafael Maksud, da Cl\u00ednica Ame.C. \u201cFatores que podem desencadear a depend\u00eancia alco\u00f3lica s\u00e3o a predisposi\u00e7\u00e3o gen\u00e9tica, o in\u00edcio precoce do uso, doen\u00e7as mentais preexistentes, condi\u00e7\u00f5es culturais como associar o \u00e1lcool \u00e0 divers\u00e3o, hist\u00f3rico de abuso sexual, viol\u00eancia dom\u00e9stica, curiosidade, inseguran\u00e7a, entre outros\u201d.<\/p>\n\n\n\n<p>Maksud \u00e9 da Associa\u00e7\u00e3o Brasileira de Psiquiatria (ABP) e especialista em Sa\u00fade P\u00fablica, Depend\u00eancia Qu\u00edmica e Psiquiatria Integrativa pelo Centro de Aten\u00e7\u00e3o Psicossocial (Caps) e pelo N\u00facleo Ampliado de Sa\u00fade da Fam\u00edlia e Aten\u00e7\u00e3o B\u00e1sica (Nasf-AB).<\/p>\n\n\n\n<p>Ele lembra que as consequ\u00eancias do alcoolismo a longo prazo s\u00e3o negativas sobre a sa\u00fade f\u00edsica e ps\u00edquica e, na maioria das vezes, causam preju\u00edzos graves em todos os \u00e2mbitos da vida &#8211;&nbsp;laboral, familiar ou social. &#8220;Como exemplo, podemos citar a hepatite, cirrose, hipertens\u00e3o, o aumento do risco de acidente vascular isqu\u00eamico, dist\u00farbios sexuais diversos, dem\u00eancia, abstin\u00eancias severas, depress\u00e3o, ansiedade e psicoses induzidas pelo \u00e1lcool\u201d.<\/p>\n\n\n\n<p>O consumo de bebidas nos fins de semana, que geralmente come\u00e7a na sexta-feira e s\u00f3 termina no domingo, leva muita gente a crer que n\u00e3o \u00e9 dependente do \u00e1lcool, mas o h\u00e1bito tamb\u00e9m pode causar danos \u00e0 sa\u00fade, alertou o m\u00e9dico.&nbsp;<\/p>\n\n\n\n<p>\u201cNesse caso, inicialmente n\u00e3o se caracteriza uma depend\u00eancia alco\u00f3lica, podendo, por\u00e9m, ser entendido como uso nocivo de bebida alco\u00f3lica.&nbsp;O uso nocivo \u00e9 um padr\u00e3o de consumo que causa danos \u00e0 sa\u00fade, f\u00edsicos (como hepatite alco\u00f3lica) ou mentais (como piora de quadros ansiosos e depressivos). Padr\u00f5es nocivos de uso s\u00e3o frequentemente criticados por outras pessoas e est\u00e3o associados a consequ\u00eancias sociais adversas de v\u00e1rios tipos\u201d.&nbsp;<\/p>\n\n\n\n<h5 class=\"wp-block-heading\">Danos<\/h5>\n\n\n\n<p>O psiquiatra explicou como o \u00e1lcool atua no c\u00e9rebro. \u201cQuando a pessoa bebe se sente relaxada, j\u00e1 que sua percep\u00e7\u00e3o diminui. No entanto, o consumo regular reduz os n\u00edveis de serotonina no c\u00e9rebro, um dos neurotransmissores respons\u00e1veis pela sensa\u00e7\u00e3o de prazer e bem-estar. Sendo assim, o \u00e1lcool agrava a ansiedade e, principalmente, a depress\u00e3o\u201d.<\/p>\n\n\n\n<p>A psic\u00f3loga Monica Machado, formada pela Universidade de S\u00e3o Paulo, fundadora da Cl\u00ednica Ame.C, refor\u00e7a que o consumo frequente de bebidas alco\u00f3licas descontrola a libera\u00e7\u00e3o regular de subst\u00e2ncias cerebrais respons\u00e1veis pelo controle emocional, o que eleva a vulnerabilidade \u00e0s crises de ansiedade\u201d.&nbsp;<\/p>\n\n\n\n<p>Por isso, acrescenta, \u201centender a rela\u00e7\u00e3o entre ansiedade e \u00e1lcool ajuda na busca de respostas mais concretas para reduzir as consequ\u00eancias do consumo excessivo de bebidas alco\u00f3licas e do transtorno de ansiedade\u201d.<\/p>\n\n\n\n<p>O inverso tamb\u00e9m pode acontecer, ou seja, quem n\u00e3o tem dist\u00farbios pode desenvolv\u00ea-los com o consumo excessivo de \u00e1lcool. \u201cA depend\u00eancia em \u00e1lcool pode ser uma das raz\u00f5es para o desenvolvimento de dist\u00farbios, como a ansiedade, mas essa situa\u00e7\u00e3o \u00e9 complexa, j\u00e1 que a ansiedade tamb\u00e9m pode levar \u00e0 depend\u00eancia alco\u00f3lica\u201d, afirma M\u00f4nica.<\/p>\n\n\n\n<p>Al\u00e9m dos danos ps\u00edquicos e f\u00edsicos, o alcoolismo pode comprometer o racioc\u00ednio mesmo quando a pessoa est\u00e1 s\u00f3bria. \u201cMesmo s\u00f3brio, o paciente dependente de \u00e1lcool, principalmente ap\u00f3s v\u00e1rios de anos de uso da susbst\u00e2ncia, tende a apresentar diversos d\u00e9ficits cognitivos que podem, inclusive, se tornar permanentes.&nbsp; Por exemplo,&nbsp; dificuldades de mem\u00f3ria, consolida\u00e7\u00e3o de novos aprendizados, redu\u00e7\u00e3o da capacidade de abstra\u00e7\u00e3o e resolu\u00e7\u00e3o de problemas, elementos importantes para a constru\u00e7\u00e3o do racioc\u00ednio\u201d, alerta&nbsp;Maksud.&nbsp;<\/p>\n\n\n\n<h5 class=\"wp-block-heading\">Mulheres e \u00e1lcool<\/h5>\n\n\n\n<p>O alcoolismo atinge homens e mulheres, mas, para elas, os problemas de sa\u00fade ocorrem com maior rapidez, afirma o m\u00e9dico.&nbsp; \u201cPesquisadores descobriram que as mulheres t\u00eam maior vulnerabilidade fisiol\u00f3gica ao \u00e1lcool. De acordo com cientistas, as mulheres produzem quantidades menores da enzima \u00e1lcool desidrogenase (ADH), que \u00e9 liberada pelo f\u00edgado e usada para metabolizar o \u00e1lcool. Al\u00e9m disso, a gordura ret\u00e9m o \u00e1lcool, enquanto a \u00e1gua ajuda a dispers\u00e1-lo. Logo, gra\u00e7as a seus n\u00edveis naturalmente mais altos de gordura e mais baixos de \u00e1gua corporal, as mulheres apresentam resposta fisiol\u00f3gica ainda mais complicada\u201d.<\/p>\n\n\n\n<p>Sendo assim, completa, \u201cmulheres que consomem \u00e1lcool em excesso tamb\u00e9m tendem a desenvolver depend\u00eancia e outros problemas de sa\u00fade com mais rapidez que os homens. Elas costumam come\u00e7ar a beber mais tarde que os homens, mas levam muito menos tempo para se tornar dependentes e apresentar doen\u00e7as hep\u00e1ticas ou card\u00edacas, por exemplo.<\/p>\n\n\n\n<h5 class=\"wp-block-heading\">Tratamento<\/h5>\n\n\n\n<p>Segundo o psiquiatra, o&nbsp;tratamento para o alcoolismo geralmente \u00e9 feito com acompanhamento m\u00e9dico e terap\u00eautico e&nbsp;alguns medicamentos podem colaborar. \u201cQuando bem avaliado e diagnosticado, os medicamentos s\u00e3o bons coadjuvantes nos tratamentos do alcoolismo, pois ajudam no processo de abstin\u00eancia e na preven\u00e7\u00e3o das reca\u00eddas. O \u00e1lcool estimula indiretamente a atividade opi\u00f3ide end\u00f3gena, ao promover a libera\u00e7\u00e3o dos pept\u00eddeos end\u00f3genos na fenda sin\u00e1ptica.&nbsp; Existe um tipo de medica\u00e7\u00e3o que atua como antagonista competitivo nos receptores opi\u00f3ides. Dessa forma, a administra\u00e7\u00e3o de antagonistas opi\u00f3ides reduziria o consumo de \u00e1lcool por meio do bloqueio p\u00f3s-sin\u00e1ptico de alguns receptores\u201d.<\/p>\n\n\n\n<h5 class=\"wp-block-heading\">Tratamento gratuito<\/h5>\n\n\n\n<p>Alco\u00f3licos An\u00f4nimos (AA): o grupo de ajuda m\u00fatua \u00e9 refer\u00eancia no apoio ao alco\u00f3latra que quer parar de beber. A participa\u00e7\u00e3o \u00e9 gratuita e um dos grandes princ\u00edpios \u00e9 o sigilo. Presente no Brasil h\u00e1 80 anos, o Alco\u00f3licos An\u00f4nimos possui reuni\u00f5es em quase todas as cidades do Brasil.&nbsp;<\/p>\n\n\n\n<p>Caps \u2013 AD: os Centros de Aten\u00e7\u00e3o Psicossocial \u2013 \u00c1lcool e Drogas s\u00e3o unidades de sa\u00fade feitas para atender gratuitamente quem precisa tratar o alcoolismo. O acompanhamento \u00e9 feito por m\u00e9dicos, psic\u00f3logos e terapeutas. Tamb\u00e9m h\u00e1 abertura para a participa\u00e7\u00e3o da fam\u00edlia.<\/p>\n\n\n\n<p>Quando o dependente mora em uma cidade que n\u00e3o tem o Caps \u2013 AD, pode procurar uma unidade tradicional (que cuida da sa\u00fade mental) ou uma unidade b\u00e1sica de sa\u00fade de seu munic\u00edpio para fazer o tratamento. Se houver necessidade de interna\u00e7\u00e3o, \u00e9 o pr\u00f3prio Caps que faz a solicita\u00e7\u00e3o e encaminha o paciente para alguma das institui\u00e7\u00f5es associadas.<\/p>\n\n\n\n<h5 class=\"wp-block-heading\">Preven\u00e7\u00e3o<\/h5>\n\n\n\n<p>Para quem n\u00e3o quer ser dependente, algumas atitudes podem contribuir para inibir o consumo excessivo de \u00e1lcool, observa Monica Machado.&nbsp;<\/p>\n\n\n\n<p>\u201cPrimeiramente \u00e9 necess\u00e1rio saber identificar pessoas com maior tend\u00eancia a depend\u00eancias e, para isso, procurar a ajuda de um profissional capacitado. Existem algumas dicas para pessoas que consomem \u00e1lcool em excesso e gostariam de parar de beber: n\u00e3o tenha bebidas alco\u00f3licas em casa; evite situa\u00e7\u00f5es onde acha que ir\u00e1 perder o controle do uso; aprenda a dizer n\u00e3o ou pe\u00e7a ajuda enquanto n\u00e3o tenha esse controle; escolha um dia para deixar de beber e confine o consumo de \u00e1lcool a situa\u00e7\u00f5es espec\u00edficas. E novamente, o principal: procure ajuda profissional adequada\u201d.<br><br>Outra atitude, refor\u00e7a o psiquiatra, \u00e9 evitar o contato com bebidas na adolesc\u00eancia. \u201cQuanto mais tardio o contato com bebidas alco\u00f3licas, menor o risco de depend\u00eancia. Alguns estudos mostram que adolescentes que come\u00e7am a beber antes dos 15 anos t\u00eam quatro vezes mais risco de desenvolver uso abusivo de \u00e1lcool do que quem inicia mais tarde, ap\u00f3s os 21 anos. Tamb\u00e9m j\u00e1 foi relatado na literatura m\u00e9dica que os riscos para uso problem\u00e1tico do \u00e1lcool diminuem cerca de\u00a0 14% a cada ano que se adia o in\u00edcio do consumo. Isso ocorre pela vulnerabilidade\u00a0que a imaturidade neurol\u00f3gica\u00a0 pr\u00f3pria da idade acarreta\u201d, diz\u00a0Maksud.<\/p>\n\n\n\n<p><\/p>\n\n\n\n<p>Fonte: <a rel=\"noreferrer noopener\" href=\"https:\/\/agenciabrasil.ebc.com.br\/saude\/noticia\/2022-02\/dia-de-combate-ao-alcoolismo-medicos-alertam-sobre-danos-saude#\" target=\"_blank\">Ag\u00eancia Brasil<\/a><br>Foto: Arquivo\/Marcelo Camargo\/Ag\u00eancia Brasil<\/p>\n","protected":false},"excerpt":{"rendered":"<p>Pesquisa mostra que 55% da popula\u00e7\u00e3o brasileira t\u00eam h\u00e1bito de beber A sexta-feira, para muitos, \u00e9 o dia de tomar uma cervejinha com os amigos ou outra bebida para relaxar das atividades do dia a dia. Mais da metade da popula\u00e7\u00e3o brasileira, 55%, t\u00eam o costume, mostra pesquisa feita pelo Instituto Brasileiro do F\u00edgado (Ibrafig), [&hellip;]<\/p>\n","protected":false},"author":1,"featured_media":23431,"comment_status":"open","ping_status":"open","sticky":false,"template":"","format":"standard","meta":{"footnotes":""},"categories":[140],"tags":[],"class_list":["post-24611","post","type-post","status-publish","format-standard","has-post-thumbnail","hentry","category-noticias"],"yoast_head":"<!-- This site is optimized with the Yoast SEO plugin v26.9 - https:\/\/yoast.com\/product\/yoast-seo-wordpress\/ -->\n<title>Dia de Combate ao Alcoolismo: m\u00e9dicos alertam sobre danos \u00e0 sa\u00fade - Federassantas<\/title>\n<meta name=\"robots\" content=\"index, follow, max-snippet:-1, max-image-preview:large, max-video-preview:-1\" \/>\n<link rel=\"canonical\" href=\"https:\/\/www.federassantas.org.br\/novosite\/dia-de-combate-ao-alcoolismo-medicos-alertam-sobre-danos-a-saude\/\" \/>\n<meta property=\"og:locale\" content=\"pt_BR\" \/>\n<meta property=\"og:type\" content=\"article\" \/>\n<meta property=\"og:title\" content=\"Dia de Combate ao Alcoolismo: m\u00e9dicos alertam sobre danos \u00e0 sa\u00fade - Federassantas\" \/>\n<meta property=\"og:description\" content=\"Pesquisa mostra que 55% da popula\u00e7\u00e3o brasileira t\u00eam h\u00e1bito de beber A sexta-feira, para muitos, \u00e9 o dia de tomar uma cervejinha com os amigos ou outra bebida para relaxar das atividades do dia a dia. Mais da metade da popula\u00e7\u00e3o brasileira, 55%, t\u00eam o costume, mostra pesquisa feita pelo Instituto Brasileiro do F\u00edgado (Ibrafig), [&hellip;]\" \/>\n<meta property=\"og:url\" content=\"https:\/\/www.federassantas.org.br\/novosite\/dia-de-combate-ao-alcoolismo-medicos-alertam-sobre-danos-a-saude\/\" \/>\n<meta property=\"og:site_name\" content=\"Federassantas\" \/>\n<meta property=\"article:published_time\" content=\"2022-02-18T14:17:28+00:00\" \/>\n<meta property=\"og:image\" content=\"https:\/\/www.federassantas.org.br\/novosite\/wp-content\/uploads\/2021\/03\/Foto-2-2-scaled-2.jpg\" \/>\n\t<meta property=\"og:image:width\" content=\"2560\" \/>\n\t<meta property=\"og:image:height\" content=\"1707\" \/>\n\t<meta property=\"og:image:type\" content=\"image\/jpeg\" \/>\n<meta name=\"author\" content=\"admin-federas\" \/>\n<meta name=\"twitter:card\" content=\"summary_large_image\" \/>\n<meta name=\"twitter:label1\" content=\"Escrito por\" \/>\n\t<meta name=\"twitter:data1\" content=\"admin-federas\" \/>\n\t<meta name=\"twitter:label2\" content=\"Est. tempo de leitura\" \/>\n\t<meta name=\"twitter:data2\" content=\"8 minutos\" \/>\n<script type=\"application\/ld+json\" class=\"yoast-schema-graph\">{\"@context\":\"https:\/\/schema.org\",\"@graph\":[{\"@type\":\"Article\",\"@id\":\"https:\/\/www.federassantas.org.br\/novosite\/dia-de-combate-ao-alcoolismo-medicos-alertam-sobre-danos-a-saude\/#article\",\"isPartOf\":{\"@id\":\"https:\/\/www.federassantas.org.br\/novosite\/dia-de-combate-ao-alcoolismo-medicos-alertam-sobre-danos-a-saude\/\"},\"author\":{\"name\":\"admin-federas\",\"@id\":\"https:\/\/www.federassantas.org.br\/novosite\/#\/schema\/person\/75fed98158349313fe56175f232f513c\"},\"headline\":\"Dia de Combate ao Alcoolismo: m\u00e9dicos alertam sobre danos \u00e0 sa\u00fade\",\"datePublished\":\"2022-02-18T14:17:28+00:00\",\"mainEntityOfPage\":{\"@id\":\"https:\/\/www.federassantas.org.br\/novosite\/dia-de-combate-ao-alcoolismo-medicos-alertam-sobre-danos-a-saude\/\"},\"wordCount\":1542,\"commentCount\":0,\"publisher\":{\"@id\":\"https:\/\/www.federassantas.org.br\/novosite\/#organization\"},\"image\":{\"@id\":\"https:\/\/www.federassantas.org.br\/novosite\/dia-de-combate-ao-alcoolismo-medicos-alertam-sobre-danos-a-saude\/#primaryimage\"},\"thumbnailUrl\":\"https:\/\/www.federassantas.org.br\/novosite\/wp-content\/uploads\/2021\/03\/Foto-2-2-scaled-2.jpg\",\"articleSection\":[\"Not\u00edcias\"],\"inLanguage\":\"pt-BR\",\"potentialAction\":[{\"@type\":\"CommentAction\",\"name\":\"Comment\",\"target\":[\"https:\/\/www.federassantas.org.br\/novosite\/dia-de-combate-ao-alcoolismo-medicos-alertam-sobre-danos-a-saude\/#respond\"]}]},{\"@type\":\"WebPage\",\"@id\":\"https:\/\/www.federassantas.org.br\/novosite\/dia-de-combate-ao-alcoolismo-medicos-alertam-sobre-danos-a-saude\/\",\"url\":\"https:\/\/www.federassantas.org.br\/novosite\/dia-de-combate-ao-alcoolismo-medicos-alertam-sobre-danos-a-saude\/\",\"name\":\"Dia de Combate ao Alcoolismo: m\u00e9dicos alertam sobre danos \u00e0 sa\u00fade - Federassantas\",\"isPartOf\":{\"@id\":\"https:\/\/www.federassantas.org.br\/novosite\/#website\"},\"primaryImageOfPage\":{\"@id\":\"https:\/\/www.federassantas.org.br\/novosite\/dia-de-combate-ao-alcoolismo-medicos-alertam-sobre-danos-a-saude\/#primaryimage\"},\"image\":{\"@id\":\"https:\/\/www.federassantas.org.br\/novosite\/dia-de-combate-ao-alcoolismo-medicos-alertam-sobre-danos-a-saude\/#primaryimage\"},\"thumbnailUrl\":\"https:\/\/www.federassantas.org.br\/novosite\/wp-content\/uploads\/2021\/03\/Foto-2-2-scaled-2.jpg\",\"datePublished\":\"2022-02-18T14:17:28+00:00\",\"breadcrumb\":{\"@id\":\"https:\/\/www.federassantas.org.br\/novosite\/dia-de-combate-ao-alcoolismo-medicos-alertam-sobre-danos-a-saude\/#breadcrumb\"},\"inLanguage\":\"pt-BR\",\"potentialAction\":[{\"@type\":\"ReadAction\",\"target\":[\"https:\/\/www.federassantas.org.br\/novosite\/dia-de-combate-ao-alcoolismo-medicos-alertam-sobre-danos-a-saude\/\"]}]},{\"@type\":\"ImageObject\",\"inLanguage\":\"pt-BR\",\"@id\":\"https:\/\/www.federassantas.org.br\/novosite\/dia-de-combate-ao-alcoolismo-medicos-alertam-sobre-danos-a-saude\/#primaryimage\",\"url\":\"https:\/\/www.federassantas.org.br\/novosite\/wp-content\/uploads\/2021\/03\/Foto-2-2-scaled-2.jpg\",\"contentUrl\":\"https:\/\/www.federassantas.org.br\/novosite\/wp-content\/uploads\/2021\/03\/Foto-2-2-scaled-2.jpg\",\"width\":2560,\"height\":1707},{\"@type\":\"BreadcrumbList\",\"@id\":\"https:\/\/www.federassantas.org.br\/novosite\/dia-de-combate-ao-alcoolismo-medicos-alertam-sobre-danos-a-saude\/#breadcrumb\",\"itemListElement\":[{\"@type\":\"ListItem\",\"position\":1,\"name\":\"In\u00edcio\",\"item\":\"https:\/\/www.federassantas.org.br\/novosite\/\"},{\"@type\":\"ListItem\",\"position\":2,\"name\":\"Dia de Combate ao Alcoolismo: m\u00e9dicos alertam sobre danos \u00e0 sa\u00fade\"}]},{\"@type\":\"WebSite\",\"@id\":\"https:\/\/www.federassantas.org.br\/novosite\/#website\",\"url\":\"https:\/\/www.federassantas.org.br\/novosite\/\",\"name\":\"Federassantas\",\"description\":\"Fed. das Santas Casas e Hospitais Filantr\u00f3picos de MG\",\"publisher\":{\"@id\":\"https:\/\/www.federassantas.org.br\/novosite\/#organization\"},\"potentialAction\":[{\"@type\":\"SearchAction\",\"target\":{\"@type\":\"EntryPoint\",\"urlTemplate\":\"https:\/\/www.federassantas.org.br\/novosite\/?s={search_term_string}\"},\"query-input\":{\"@type\":\"PropertyValueSpecification\",\"valueRequired\":true,\"valueName\":\"search_term_string\"}}],\"inLanguage\":\"pt-BR\"},{\"@type\":\"Organization\",\"@id\":\"https:\/\/www.federassantas.org.br\/novosite\/#organization\",\"name\":\"Federassantas\",\"url\":\"https:\/\/www.federassantas.org.br\/novosite\/\",\"logo\":{\"@type\":\"ImageObject\",\"inLanguage\":\"pt-BR\",\"@id\":\"https:\/\/www.federassantas.org.br\/novosite\/#\/schema\/logo\/image\/\",\"url\":\"https:\/\/www.federassantas.org.br\/novosite\/wp-content\/uploads\/2021\/12\/logo.png\",\"contentUrl\":\"https:\/\/www.federassantas.org.br\/novosite\/wp-content\/uploads\/2021\/12\/logo.png\",\"width\":243,\"height\":59,\"caption\":\"Federassantas\"},\"image\":{\"@id\":\"https:\/\/www.federassantas.org.br\/novosite\/#\/schema\/logo\/image\/\"}},{\"@type\":\"Person\",\"@id\":\"https:\/\/www.federassantas.org.br\/novosite\/#\/schema\/person\/75fed98158349313fe56175f232f513c\",\"name\":\"admin-federas\",\"image\":{\"@type\":\"ImageObject\",\"inLanguage\":\"pt-BR\",\"@id\":\"https:\/\/www.federassantas.org.br\/novosite\/#\/schema\/person\/image\/\",\"url\":\"https:\/\/secure.gravatar.com\/avatar\/2a02d7dda59fe8dc6b7ffd3f652e2efede5ccf0dd89dfdc8137c5517f3de8407?s=96&d=mm&r=g\",\"contentUrl\":\"https:\/\/secure.gravatar.com\/avatar\/2a02d7dda59fe8dc6b7ffd3f652e2efede5ccf0dd89dfdc8137c5517f3de8407?s=96&d=mm&r=g\",\"caption\":\"admin-federas\"},\"sameAs\":[\"https:\/\/www.federassantas.org.br\/novosite\/\"],\"url\":\"https:\/\/www.federassantas.org.br\/novosite\/author\/admin-federas\/\"}]}<\/script>\n<!-- \/ Yoast SEO plugin. -->","yoast_head_json":{"title":"Dia de Combate ao Alcoolismo: m\u00e9dicos alertam sobre danos \u00e0 sa\u00fade - Federassantas","robots":{"index":"index","follow":"follow","max-snippet":"max-snippet:-1","max-image-preview":"max-image-preview:large","max-video-preview":"max-video-preview:-1"},"canonical":"https:\/\/www.federassantas.org.br\/novosite\/dia-de-combate-ao-alcoolismo-medicos-alertam-sobre-danos-a-saude\/","og_locale":"pt_BR","og_type":"article","og_title":"Dia de Combate ao Alcoolismo: m\u00e9dicos alertam sobre danos \u00e0 sa\u00fade - Federassantas","og_description":"Pesquisa mostra que 55% da popula\u00e7\u00e3o brasileira t\u00eam h\u00e1bito de beber A sexta-feira, para muitos, \u00e9 o dia de tomar uma cervejinha com os amigos ou outra bebida para relaxar das atividades do dia a dia. Mais da metade da popula\u00e7\u00e3o brasileira, 55%, t\u00eam o costume, mostra pesquisa feita pelo Instituto Brasileiro do F\u00edgado (Ibrafig), [&hellip;]","og_url":"https:\/\/www.federassantas.org.br\/novosite\/dia-de-combate-ao-alcoolismo-medicos-alertam-sobre-danos-a-saude\/","og_site_name":"Federassantas","article_published_time":"2022-02-18T14:17:28+00:00","og_image":[{"width":2560,"height":1707,"url":"https:\/\/www.federassantas.org.br\/novosite\/wp-content\/uploads\/2021\/03\/Foto-2-2-scaled-2.jpg","type":"image\/jpeg"}],"author":"admin-federas","twitter_card":"summary_large_image","twitter_misc":{"Escrito por":"admin-federas","Est. tempo de leitura":"8 minutos"},"schema":{"@context":"https:\/\/schema.org","@graph":[{"@type":"Article","@id":"https:\/\/www.federassantas.org.br\/novosite\/dia-de-combate-ao-alcoolismo-medicos-alertam-sobre-danos-a-saude\/#article","isPartOf":{"@id":"https:\/\/www.federassantas.org.br\/novosite\/dia-de-combate-ao-alcoolismo-medicos-alertam-sobre-danos-a-saude\/"},"author":{"name":"admin-federas","@id":"https:\/\/www.federassantas.org.br\/novosite\/#\/schema\/person\/75fed98158349313fe56175f232f513c"},"headline":"Dia de Combate ao Alcoolismo: m\u00e9dicos alertam sobre danos \u00e0 sa\u00fade","datePublished":"2022-02-18T14:17:28+00:00","mainEntityOfPage":{"@id":"https:\/\/www.federassantas.org.br\/novosite\/dia-de-combate-ao-alcoolismo-medicos-alertam-sobre-danos-a-saude\/"},"wordCount":1542,"commentCount":0,"publisher":{"@id":"https:\/\/www.federassantas.org.br\/novosite\/#organization"},"image":{"@id":"https:\/\/www.federassantas.org.br\/novosite\/dia-de-combate-ao-alcoolismo-medicos-alertam-sobre-danos-a-saude\/#primaryimage"},"thumbnailUrl":"https:\/\/www.federassantas.org.br\/novosite\/wp-content\/uploads\/2021\/03\/Foto-2-2-scaled-2.jpg","articleSection":["Not\u00edcias"],"inLanguage":"pt-BR","potentialAction":[{"@type":"CommentAction","name":"Comment","target":["https:\/\/www.federassantas.org.br\/novosite\/dia-de-combate-ao-alcoolismo-medicos-alertam-sobre-danos-a-saude\/#respond"]}]},{"@type":"WebPage","@id":"https:\/\/www.federassantas.org.br\/novosite\/dia-de-combate-ao-alcoolismo-medicos-alertam-sobre-danos-a-saude\/","url":"https:\/\/www.federassantas.org.br\/novosite\/dia-de-combate-ao-alcoolismo-medicos-alertam-sobre-danos-a-saude\/","name":"Dia de Combate ao Alcoolismo: m\u00e9dicos alertam sobre danos \u00e0 sa\u00fade - Federassantas","isPartOf":{"@id":"https:\/\/www.federassantas.org.br\/novosite\/#website"},"primaryImageOfPage":{"@id":"https:\/\/www.federassantas.org.br\/novosite\/dia-de-combate-ao-alcoolismo-medicos-alertam-sobre-danos-a-saude\/#primaryimage"},"image":{"@id":"https:\/\/www.federassantas.org.br\/novosite\/dia-de-combate-ao-alcoolismo-medicos-alertam-sobre-danos-a-saude\/#primaryimage"},"thumbnailUrl":"https:\/\/www.federassantas.org.br\/novosite\/wp-content\/uploads\/2021\/03\/Foto-2-2-scaled-2.jpg","datePublished":"2022-02-18T14:17:28+00:00","breadcrumb":{"@id":"https:\/\/www.federassantas.org.br\/novosite\/dia-de-combate-ao-alcoolismo-medicos-alertam-sobre-danos-a-saude\/#breadcrumb"},"inLanguage":"pt-BR","potentialAction":[{"@type":"ReadAction","target":["https:\/\/www.federassantas.org.br\/novosite\/dia-de-combate-ao-alcoolismo-medicos-alertam-sobre-danos-a-saude\/"]}]},{"@type":"ImageObject","inLanguage":"pt-BR","@id":"https:\/\/www.federassantas.org.br\/novosite\/dia-de-combate-ao-alcoolismo-medicos-alertam-sobre-danos-a-saude\/#primaryimage","url":"https:\/\/www.federassantas.org.br\/novosite\/wp-content\/uploads\/2021\/03\/Foto-2-2-scaled-2.jpg","contentUrl":"https:\/\/www.federassantas.org.br\/novosite\/wp-content\/uploads\/2021\/03\/Foto-2-2-scaled-2.jpg","width":2560,"height":1707},{"@type":"BreadcrumbList","@id":"https:\/\/www.federassantas.org.br\/novosite\/dia-de-combate-ao-alcoolismo-medicos-alertam-sobre-danos-a-saude\/#breadcrumb","itemListElement":[{"@type":"ListItem","position":1,"name":"In\u00edcio","item":"https:\/\/www.federassantas.org.br\/novosite\/"},{"@type":"ListItem","position":2,"name":"Dia de Combate ao Alcoolismo: m\u00e9dicos alertam sobre danos \u00e0 sa\u00fade"}]},{"@type":"WebSite","@id":"https:\/\/www.federassantas.org.br\/novosite\/#website","url":"https:\/\/www.federassantas.org.br\/novosite\/","name":"Federassantas","description":"Fed. das Santas Casas e Hospitais Filantr\u00f3picos de MG","publisher":{"@id":"https:\/\/www.federassantas.org.br\/novosite\/#organization"},"potentialAction":[{"@type":"SearchAction","target":{"@type":"EntryPoint","urlTemplate":"https:\/\/www.federassantas.org.br\/novosite\/?s={search_term_string}"},"query-input":{"@type":"PropertyValueSpecification","valueRequired":true,"valueName":"search_term_string"}}],"inLanguage":"pt-BR"},{"@type":"Organization","@id":"https:\/\/www.federassantas.org.br\/novosite\/#organization","name":"Federassantas","url":"https:\/\/www.federassantas.org.br\/novosite\/","logo":{"@type":"ImageObject","inLanguage":"pt-BR","@id":"https:\/\/www.federassantas.org.br\/novosite\/#\/schema\/logo\/image\/","url":"https:\/\/www.federassantas.org.br\/novosite\/wp-content\/uploads\/2021\/12\/logo.png","contentUrl":"https:\/\/www.federassantas.org.br\/novosite\/wp-content\/uploads\/2021\/12\/logo.png","width":243,"height":59,"caption":"Federassantas"},"image":{"@id":"https:\/\/www.federassantas.org.br\/novosite\/#\/schema\/logo\/image\/"}},{"@type":"Person","@id":"https:\/\/www.federassantas.org.br\/novosite\/#\/schema\/person\/75fed98158349313fe56175f232f513c","name":"admin-federas","image":{"@type":"ImageObject","inLanguage":"pt-BR","@id":"https:\/\/www.federassantas.org.br\/novosite\/#\/schema\/person\/image\/","url":"https:\/\/secure.gravatar.com\/avatar\/2a02d7dda59fe8dc6b7ffd3f652e2efede5ccf0dd89dfdc8137c5517f3de8407?s=96&d=mm&r=g","contentUrl":"https:\/\/secure.gravatar.com\/avatar\/2a02d7dda59fe8dc6b7ffd3f652e2efede5ccf0dd89dfdc8137c5517f3de8407?s=96&d=mm&r=g","caption":"admin-federas"},"sameAs":["https:\/\/www.federassantas.org.br\/novosite\/"],"url":"https:\/\/www.federassantas.org.br\/novosite\/author\/admin-federas\/"}]}},"_links":{"self":[{"href":"https:\/\/www.federassantas.org.br\/novosite\/wp-json\/wp\/v2\/posts\/24611","targetHints":{"allow":["GET"]}}],"collection":[{"href":"https:\/\/www.federassantas.org.br\/novosite\/wp-json\/wp\/v2\/posts"}],"about":[{"href":"https:\/\/www.federassantas.org.br\/novosite\/wp-json\/wp\/v2\/types\/post"}],"author":[{"embeddable":true,"href":"https:\/\/www.federassantas.org.br\/novosite\/wp-json\/wp\/v2\/users\/1"}],"replies":[{"embeddable":true,"href":"https:\/\/www.federassantas.org.br\/novosite\/wp-json\/wp\/v2\/comments?post=24611"}],"version-history":[{"count":0,"href":"https:\/\/www.federassantas.org.br\/novosite\/wp-json\/wp\/v2\/posts\/24611\/revisions"}],"wp:featuredmedia":[{"embeddable":true,"href":"https:\/\/www.federassantas.org.br\/novosite\/wp-json\/wp\/v2\/media\/23431"}],"wp:attachment":[{"href":"https:\/\/www.federassantas.org.br\/novosite\/wp-json\/wp\/v2\/media?parent=24611"}],"wp:term":[{"taxonomy":"category","embeddable":true,"href":"https:\/\/www.federassantas.org.br\/novosite\/wp-json\/wp\/v2\/categories?post=24611"},{"taxonomy":"post_tag","embeddable":true,"href":"https:\/\/www.federassantas.org.br\/novosite\/wp-json\/wp\/v2\/tags?post=24611"}],"curies":[{"name":"wp","href":"https:\/\/api.w.org\/{rel}","templated":true}]}}