{"id":24614,"date":"2022-02-21T10:24:45","date_gmt":"2022-02-21T13:24:45","guid":{"rendered":"https:\/\/federasbackup.meltcomunicacao.com.br\/?p=23439"},"modified":"2022-02-21T10:24:45","modified_gmt":"2022-02-21T13:24:45","slug":"sus-atendimento-a-pessoas-com-transtornos-mentais-aumenta-11-em-2021","status":"publish","type":"post","link":"https:\/\/www.federassantas.org.br\/novosite\/sus-atendimento-a-pessoas-com-transtornos-mentais-aumenta-11-em-2021\/","title":{"rendered":"SUS: atendimento a pessoas com transtornos mentais aumenta 11% em 2021"},"content":{"rendered":"\n<p><em>Dados s\u00e3o do Minist\u00e9rio da Sa\u00fade<\/em><\/p>\n\n\n\n<p>Os atendimentos a pessoas com transtornos mentais e comportamentais devido ao uso abusivo ou depend\u00eancia de \u00e1lcool e outras drogas aumentaram 11%, no Sistema \u00danico de Sa\u00fade (SUS), durante o ano passado.<img decoding=\"async\" src=\"https:\/\/agenciabrasil.ebc.com.br\/ebc.png?id=1443522&amp;o=node\"><img decoding=\"async\" src=\"https:\/\/agenciabrasil.ebc.com.br\/ebc.gif?id=1443522&amp;o=node\"><\/p>\n\n\n\n<p>Segundo o Minist\u00e9rio da Sa\u00fade, em 2021, a rede p\u00fablica realizou 400,3 mil atendimentos em virtude de transtornos causados pelo consumo de subst\u00e2ncias qu\u00edmicas. Em 2020, foram registrados 356 mil atendimentos.<\/p>\n\n\n\n<p>Do total de atendimentos realizados no ano passado, 159,6 mil est\u00e3o relacionados ao uso abusivo do \u00e1lcool. Em seguida, v\u00eam os transtornos mentais e comportamentais causados pelo uso de coca\u00edna (31,9 mil) e fumo (18,8 mil).<\/p>\n\n\n\n<p>Opi\u00e1ceos, canabinoides, sedativos, hipn\u00f3ticos, alucin\u00f3genos, solventes vol\u00e1teis e estimulantes (incluindo a cafe\u00edna) tamb\u00e9m fazem parte do levantamento, com n\u00fameros menores de registros. Por fim, o uso de m\u00faltiplas drogas e de outras subst\u00e2ncias psicoativas n\u00e3o listadas individualmente somam 151,3 mil atendimentos.<\/p>\n\n\n\n<h5 class=\"wp-block-heading\">Perfil<\/h5>\n\n\n\n<p>Pacientes do sexo masculino s\u00e3o a maioria dos usu\u00e1rios atendidos pelo SUS, em qualquer dos casos. J\u00e1 em rela\u00e7\u00e3o \u00e0 faixa et\u00e1ria, a maior parcela tem entre 25 e 29 anos (303,7 mil registros), seguidos da faixa de 10 a 24 anos (49,4 mil) e daqueles com 60 ou mais (38,4 mil).<\/p>\n\n\n\n<p>Os n\u00fameros foram divulgados hoje (20), Dia Nacional de Combate \u00e0s Drogas e ao Alcoolismo, como uma forma de alerta para o que o minist\u00e9rio, em nota, classificou como \u201cum problema global\u201d.<\/p>\n\n\n\n<p>Para a pasta, o aumento do \u00faltimo ano pode ser um indicativo de que, ap\u00f3s evitarem ir a estabelecimentos de sa\u00fade durante todo o ano de 2020, com medo de serem infectados pelo novo coronav\u00edrus, mais pessoas voltaram a buscar atendimento m\u00e9dico em 2021.<\/p>\n\n\n\n<p>\u201cImportante lembrar que esses n\u00fameros n\u00e3o s\u00e3o suficientes para retratar o problema da depend\u00eancia qu\u00edmica no pa\u00eds, tendo em vista que estamos falando especificamente da quantidade de atendimentos e n\u00e3o do total de pessoas dependentes\u201d, explica, na nota, o coordenador-geral de Sa\u00fade Mental, \u00c1lcool e Outras Drogas do minist\u00e9rio&nbsp;Rafael Bernardon.<\/p>\n\n\n\n<p>\u201cAl\u00e9m disso, muitas pessoas com transtornos decorrentes do uso dessas subst\u00e2ncias n\u00e3o procuram os servi\u00e7os de sa\u00fade por fatores diversos, como o estigma e a falta de informa\u00e7\u00e3o\u201d, pontua.<\/p>\n\n\n\n<p><em>*Com informa\u00e7\u00f5es da Ascom\/Minist\u00e9rio da Sa\u00fade<\/em><\/p>\n\n\n\n<p><\/p>\n\n\n\n<p>Fonte: <a rel=\"noreferrer noopener\" href=\"https:\/\/agenciabrasil.ebc.com.br\/saude\/noticia\/2022-02\/sus-atendimento-pessoas-com-transtornos-mentais-aumenta-11-em-2021\" target=\"_blank\">Ag\u00eancia Brasil<\/a><br>Foto: Marcello Casal Jr\/Ag\u00eancia Brasil<\/p>\n","protected":false},"excerpt":{"rendered":"<p>Dados s\u00e3o do Minist\u00e9rio da Sa\u00fade Os atendimentos a pessoas com transtornos mentais e comportamentais devido ao uso abusivo ou depend\u00eancia de \u00e1lcool e outras drogas aumentaram 11%, no Sistema \u00danico de Sa\u00fade (SUS), durante o ano passado. Segundo o Minist\u00e9rio da Sa\u00fade, em 2021, a rede p\u00fablica realizou 400,3 mil atendimentos em virtude de [&hellip;]<\/p>\n","protected":false},"author":1,"featured_media":23440,"comment_status":"open","ping_status":"open","sticky":false,"template":"","format":"standard","meta":{"footnotes":""},"categories":[140],"tags":[],"class_list":["post-24614","post","type-post","status-publish","format-standard","has-post-thumbnail","hentry","category-noticias"],"yoast_head":"<!-- This site is optimized with the Yoast SEO plugin v26.9 - https:\/\/yoast.com\/product\/yoast-seo-wordpress\/ -->\n<title>SUS: atendimento a pessoas com transtornos mentais aumenta 11% em 2021 - Federassantas<\/title>\n<meta name=\"robots\" content=\"index, follow, max-snippet:-1, max-image-preview:large, max-video-preview:-1\" \/>\n<link rel=\"canonical\" href=\"https:\/\/www.federassantas.org.br\/novosite\/sus-atendimento-a-pessoas-com-transtornos-mentais-aumenta-11-em-2021\/\" \/>\n<meta property=\"og:locale\" content=\"pt_BR\" \/>\n<meta property=\"og:type\" content=\"article\" \/>\n<meta property=\"og:title\" content=\"SUS: atendimento a pessoas com transtornos mentais aumenta 11% em 2021 - Federassantas\" \/>\n<meta property=\"og:description\" content=\"Dados s\u00e3o do Minist\u00e9rio da Sa\u00fade Os atendimentos a pessoas com transtornos mentais e comportamentais devido ao uso abusivo ou depend\u00eancia de \u00e1lcool e outras drogas aumentaram 11%, no Sistema \u00danico de Sa\u00fade (SUS), durante o ano passado. Segundo o Minist\u00e9rio da Sa\u00fade, em 2021, a rede p\u00fablica realizou 400,3 mil atendimentos em virtude de [&hellip;]\" \/>\n<meta property=\"og:url\" content=\"https:\/\/www.federassantas.org.br\/novosite\/sus-atendimento-a-pessoas-com-transtornos-mentais-aumenta-11-em-2021\/\" \/>\n<meta property=\"og:site_name\" content=\"Federassantas\" \/>\n<meta property=\"article:published_time\" content=\"2022-02-21T13:24:45+00:00\" \/>\n<meta property=\"og:image\" content=\"https:\/\/www.federassantas.org.br\/novosite\/wp-content\/uploads\/2021\/03\/ilust-dia-do-rim-1-1.jpg\" \/>\n\t<meta property=\"og:image:width\" content=\"768\" \/>\n\t<meta property=\"og:image:height\" content=\"1024\" \/>\n\t<meta property=\"og:image:type\" content=\"image\/jpeg\" \/>\n<meta name=\"author\" content=\"admin-federas\" \/>\n<meta name=\"twitter:card\" content=\"summary_large_image\" \/>\n<meta name=\"twitter:label1\" content=\"Escrito por\" \/>\n\t<meta name=\"twitter:data1\" content=\"admin-federas\" \/>\n\t<meta name=\"twitter:label2\" content=\"Est. tempo de leitura\" \/>\n\t<meta name=\"twitter:data2\" content=\"2 minutos\" \/>\n<script type=\"application\/ld+json\" class=\"yoast-schema-graph\">{\"@context\":\"https:\/\/schema.org\",\"@graph\":[{\"@type\":\"Article\",\"@id\":\"https:\/\/www.federassantas.org.br\/novosite\/sus-atendimento-a-pessoas-com-transtornos-mentais-aumenta-11-em-2021\/#article\",\"isPartOf\":{\"@id\":\"https:\/\/www.federassantas.org.br\/novosite\/sus-atendimento-a-pessoas-com-transtornos-mentais-aumenta-11-em-2021\/\"},\"author\":{\"name\":\"admin-federas\",\"@id\":\"https:\/\/www.federassantas.org.br\/novosite\/#\/schema\/person\/75fed98158349313fe56175f232f513c\"},\"headline\":\"SUS: atendimento a pessoas com transtornos mentais aumenta 11% em 2021\",\"datePublished\":\"2022-02-21T13:24:45+00:00\",\"mainEntityOfPage\":{\"@id\":\"https:\/\/www.federassantas.org.br\/novosite\/sus-atendimento-a-pessoas-com-transtornos-mentais-aumenta-11-em-2021\/\"},\"wordCount\":413,\"commentCount\":0,\"publisher\":{\"@id\":\"https:\/\/www.federassantas.org.br\/novosite\/#organization\"},\"image\":{\"@id\":\"https:\/\/www.federassantas.org.br\/novosite\/sus-atendimento-a-pessoas-com-transtornos-mentais-aumenta-11-em-2021\/#primaryimage\"},\"thumbnailUrl\":\"https:\/\/www.federassantas.org.br\/novosite\/wp-content\/uploads\/2021\/03\/ilust-dia-do-rim-1-1.jpg\",\"articleSection\":[\"Not\u00edcias\"],\"inLanguage\":\"pt-BR\",\"potentialAction\":[{\"@type\":\"CommentAction\",\"name\":\"Comment\",\"target\":[\"https:\/\/www.federassantas.org.br\/novosite\/sus-atendimento-a-pessoas-com-transtornos-mentais-aumenta-11-em-2021\/#respond\"]}]},{\"@type\":\"WebPage\",\"@id\":\"https:\/\/www.federassantas.org.br\/novosite\/sus-atendimento-a-pessoas-com-transtornos-mentais-aumenta-11-em-2021\/\",\"url\":\"https:\/\/www.federassantas.org.br\/novosite\/sus-atendimento-a-pessoas-com-transtornos-mentais-aumenta-11-em-2021\/\",\"name\":\"SUS: atendimento a pessoas com transtornos mentais aumenta 11% em 2021 - Federassantas\",\"isPartOf\":{\"@id\":\"https:\/\/www.federassantas.org.br\/novosite\/#website\"},\"primaryImageOfPage\":{\"@id\":\"https:\/\/www.federassantas.org.br\/novosite\/sus-atendimento-a-pessoas-com-transtornos-mentais-aumenta-11-em-2021\/#primaryimage\"},\"image\":{\"@id\":\"https:\/\/www.federassantas.org.br\/novosite\/sus-atendimento-a-pessoas-com-transtornos-mentais-aumenta-11-em-2021\/#primaryimage\"},\"thumbnailUrl\":\"https:\/\/www.federassantas.org.br\/novosite\/wp-content\/uploads\/2021\/03\/ilust-dia-do-rim-1-1.jpg\",\"datePublished\":\"2022-02-21T13:24:45+00:00\",\"breadcrumb\":{\"@id\":\"https:\/\/www.federassantas.org.br\/novosite\/sus-atendimento-a-pessoas-com-transtornos-mentais-aumenta-11-em-2021\/#breadcrumb\"},\"inLanguage\":\"pt-BR\",\"potentialAction\":[{\"@type\":\"ReadAction\",\"target\":[\"https:\/\/www.federassantas.org.br\/novosite\/sus-atendimento-a-pessoas-com-transtornos-mentais-aumenta-11-em-2021\/\"]}]},{\"@type\":\"ImageObject\",\"inLanguage\":\"pt-BR\",\"@id\":\"https:\/\/www.federassantas.org.br\/novosite\/sus-atendimento-a-pessoas-com-transtornos-mentais-aumenta-11-em-2021\/#primaryimage\",\"url\":\"https:\/\/www.federassantas.org.br\/novosite\/wp-content\/uploads\/2021\/03\/ilust-dia-do-rim-1-1.jpg\",\"contentUrl\":\"https:\/\/www.federassantas.org.br\/novosite\/wp-content\/uploads\/2021\/03\/ilust-dia-do-rim-1-1.jpg\",\"width\":768,\"height\":1024},{\"@type\":\"BreadcrumbList\",\"@id\":\"https:\/\/www.federassantas.org.br\/novosite\/sus-atendimento-a-pessoas-com-transtornos-mentais-aumenta-11-em-2021\/#breadcrumb\",\"itemListElement\":[{\"@type\":\"ListItem\",\"position\":1,\"name\":\"In\u00edcio\",\"item\":\"https:\/\/www.federassantas.org.br\/novosite\/\"},{\"@type\":\"ListItem\",\"position\":2,\"name\":\"SUS: atendimento a pessoas com transtornos mentais aumenta 11% em 2021\"}]},{\"@type\":\"WebSite\",\"@id\":\"https:\/\/www.federassantas.org.br\/novosite\/#website\",\"url\":\"https:\/\/www.federassantas.org.br\/novosite\/\",\"name\":\"Federassantas\",\"description\":\"Fed. das Santas Casas e Hospitais Filantr\u00f3picos de MG\",\"publisher\":{\"@id\":\"https:\/\/www.federassantas.org.br\/novosite\/#organization\"},\"potentialAction\":[{\"@type\":\"SearchAction\",\"target\":{\"@type\":\"EntryPoint\",\"urlTemplate\":\"https:\/\/www.federassantas.org.br\/novosite\/?s={search_term_string}\"},\"query-input\":{\"@type\":\"PropertyValueSpecification\",\"valueRequired\":true,\"valueName\":\"search_term_string\"}}],\"inLanguage\":\"pt-BR\"},{\"@type\":\"Organization\",\"@id\":\"https:\/\/www.federassantas.org.br\/novosite\/#organization\",\"name\":\"Federassantas\",\"url\":\"https:\/\/www.federassantas.org.br\/novosite\/\",\"logo\":{\"@type\":\"ImageObject\",\"inLanguage\":\"pt-BR\",\"@id\":\"https:\/\/www.federassantas.org.br\/novosite\/#\/schema\/logo\/image\/\",\"url\":\"https:\/\/www.federassantas.org.br\/novosite\/wp-content\/uploads\/2021\/12\/logo.png\",\"contentUrl\":\"https:\/\/www.federassantas.org.br\/novosite\/wp-content\/uploads\/2021\/12\/logo.png\",\"width\":243,\"height\":59,\"caption\":\"Federassantas\"},\"image\":{\"@id\":\"https:\/\/www.federassantas.org.br\/novosite\/#\/schema\/logo\/image\/\"}},{\"@type\":\"Person\",\"@id\":\"https:\/\/www.federassantas.org.br\/novosite\/#\/schema\/person\/75fed98158349313fe56175f232f513c\",\"name\":\"admin-federas\",\"image\":{\"@type\":\"ImageObject\",\"inLanguage\":\"pt-BR\",\"@id\":\"https:\/\/www.federassantas.org.br\/novosite\/#\/schema\/person\/image\/\",\"url\":\"https:\/\/secure.gravatar.com\/avatar\/2a02d7dda59fe8dc6b7ffd3f652e2efede5ccf0dd89dfdc8137c5517f3de8407?s=96&d=mm&r=g\",\"contentUrl\":\"https:\/\/secure.gravatar.com\/avatar\/2a02d7dda59fe8dc6b7ffd3f652e2efede5ccf0dd89dfdc8137c5517f3de8407?s=96&d=mm&r=g\",\"caption\":\"admin-federas\"},\"sameAs\":[\"https:\/\/www.federassantas.org.br\/novosite\/\"],\"url\":\"https:\/\/www.federassantas.org.br\/novosite\/author\/admin-federas\/\"}]}<\/script>\n<!-- \/ Yoast SEO plugin. -->","yoast_head_json":{"title":"SUS: atendimento a pessoas com transtornos mentais aumenta 11% em 2021 - Federassantas","robots":{"index":"index","follow":"follow","max-snippet":"max-snippet:-1","max-image-preview":"max-image-preview:large","max-video-preview":"max-video-preview:-1"},"canonical":"https:\/\/www.federassantas.org.br\/novosite\/sus-atendimento-a-pessoas-com-transtornos-mentais-aumenta-11-em-2021\/","og_locale":"pt_BR","og_type":"article","og_title":"SUS: atendimento a pessoas com transtornos mentais aumenta 11% em 2021 - Federassantas","og_description":"Dados s\u00e3o do Minist\u00e9rio da Sa\u00fade Os atendimentos a pessoas com transtornos mentais e comportamentais devido ao uso abusivo ou depend\u00eancia de \u00e1lcool e outras drogas aumentaram 11%, no Sistema \u00danico de Sa\u00fade (SUS), durante o ano passado. Segundo o Minist\u00e9rio da Sa\u00fade, em 2021, a rede p\u00fablica realizou 400,3 mil atendimentos em virtude de [&hellip;]","og_url":"https:\/\/www.federassantas.org.br\/novosite\/sus-atendimento-a-pessoas-com-transtornos-mentais-aumenta-11-em-2021\/","og_site_name":"Federassantas","article_published_time":"2022-02-21T13:24:45+00:00","og_image":[{"width":768,"height":1024,"url":"https:\/\/www.federassantas.org.br\/novosite\/wp-content\/uploads\/2021\/03\/ilust-dia-do-rim-1-1.jpg","type":"image\/jpeg"}],"author":"admin-federas","twitter_card":"summary_large_image","twitter_misc":{"Escrito por":"admin-federas","Est. tempo de leitura":"2 minutos"},"schema":{"@context":"https:\/\/schema.org","@graph":[{"@type":"Article","@id":"https:\/\/www.federassantas.org.br\/novosite\/sus-atendimento-a-pessoas-com-transtornos-mentais-aumenta-11-em-2021\/#article","isPartOf":{"@id":"https:\/\/www.federassantas.org.br\/novosite\/sus-atendimento-a-pessoas-com-transtornos-mentais-aumenta-11-em-2021\/"},"author":{"name":"admin-federas","@id":"https:\/\/www.federassantas.org.br\/novosite\/#\/schema\/person\/75fed98158349313fe56175f232f513c"},"headline":"SUS: atendimento a pessoas com transtornos mentais aumenta 11% em 2021","datePublished":"2022-02-21T13:24:45+00:00","mainEntityOfPage":{"@id":"https:\/\/www.federassantas.org.br\/novosite\/sus-atendimento-a-pessoas-com-transtornos-mentais-aumenta-11-em-2021\/"},"wordCount":413,"commentCount":0,"publisher":{"@id":"https:\/\/www.federassantas.org.br\/novosite\/#organization"},"image":{"@id":"https:\/\/www.federassantas.org.br\/novosite\/sus-atendimento-a-pessoas-com-transtornos-mentais-aumenta-11-em-2021\/#primaryimage"},"thumbnailUrl":"https:\/\/www.federassantas.org.br\/novosite\/wp-content\/uploads\/2021\/03\/ilust-dia-do-rim-1-1.jpg","articleSection":["Not\u00edcias"],"inLanguage":"pt-BR","potentialAction":[{"@type":"CommentAction","name":"Comment","target":["https:\/\/www.federassantas.org.br\/novosite\/sus-atendimento-a-pessoas-com-transtornos-mentais-aumenta-11-em-2021\/#respond"]}]},{"@type":"WebPage","@id":"https:\/\/www.federassantas.org.br\/novosite\/sus-atendimento-a-pessoas-com-transtornos-mentais-aumenta-11-em-2021\/","url":"https:\/\/www.federassantas.org.br\/novosite\/sus-atendimento-a-pessoas-com-transtornos-mentais-aumenta-11-em-2021\/","name":"SUS: atendimento a pessoas com transtornos mentais aumenta 11% em 2021 - Federassantas","isPartOf":{"@id":"https:\/\/www.federassantas.org.br\/novosite\/#website"},"primaryImageOfPage":{"@id":"https:\/\/www.federassantas.org.br\/novosite\/sus-atendimento-a-pessoas-com-transtornos-mentais-aumenta-11-em-2021\/#primaryimage"},"image":{"@id":"https:\/\/www.federassantas.org.br\/novosite\/sus-atendimento-a-pessoas-com-transtornos-mentais-aumenta-11-em-2021\/#primaryimage"},"thumbnailUrl":"https:\/\/www.federassantas.org.br\/novosite\/wp-content\/uploads\/2021\/03\/ilust-dia-do-rim-1-1.jpg","datePublished":"2022-02-21T13:24:45+00:00","breadcrumb":{"@id":"https:\/\/www.federassantas.org.br\/novosite\/sus-atendimento-a-pessoas-com-transtornos-mentais-aumenta-11-em-2021\/#breadcrumb"},"inLanguage":"pt-BR","potentialAction":[{"@type":"ReadAction","target":["https:\/\/www.federassantas.org.br\/novosite\/sus-atendimento-a-pessoas-com-transtornos-mentais-aumenta-11-em-2021\/"]}]},{"@type":"ImageObject","inLanguage":"pt-BR","@id":"https:\/\/www.federassantas.org.br\/novosite\/sus-atendimento-a-pessoas-com-transtornos-mentais-aumenta-11-em-2021\/#primaryimage","url":"https:\/\/www.federassantas.org.br\/novosite\/wp-content\/uploads\/2021\/03\/ilust-dia-do-rim-1-1.jpg","contentUrl":"https:\/\/www.federassantas.org.br\/novosite\/wp-content\/uploads\/2021\/03\/ilust-dia-do-rim-1-1.jpg","width":768,"height":1024},{"@type":"BreadcrumbList","@id":"https:\/\/www.federassantas.org.br\/novosite\/sus-atendimento-a-pessoas-com-transtornos-mentais-aumenta-11-em-2021\/#breadcrumb","itemListElement":[{"@type":"ListItem","position":1,"name":"In\u00edcio","item":"https:\/\/www.federassantas.org.br\/novosite\/"},{"@type":"ListItem","position":2,"name":"SUS: atendimento a pessoas com transtornos mentais aumenta 11% em 2021"}]},{"@type":"WebSite","@id":"https:\/\/www.federassantas.org.br\/novosite\/#website","url":"https:\/\/www.federassantas.org.br\/novosite\/","name":"Federassantas","description":"Fed. das Santas Casas e Hospitais Filantr\u00f3picos de MG","publisher":{"@id":"https:\/\/www.federassantas.org.br\/novosite\/#organization"},"potentialAction":[{"@type":"SearchAction","target":{"@type":"EntryPoint","urlTemplate":"https:\/\/www.federassantas.org.br\/novosite\/?s={search_term_string}"},"query-input":{"@type":"PropertyValueSpecification","valueRequired":true,"valueName":"search_term_string"}}],"inLanguage":"pt-BR"},{"@type":"Organization","@id":"https:\/\/www.federassantas.org.br\/novosite\/#organization","name":"Federassantas","url":"https:\/\/www.federassantas.org.br\/novosite\/","logo":{"@type":"ImageObject","inLanguage":"pt-BR","@id":"https:\/\/www.federassantas.org.br\/novosite\/#\/schema\/logo\/image\/","url":"https:\/\/www.federassantas.org.br\/novosite\/wp-content\/uploads\/2021\/12\/logo.png","contentUrl":"https:\/\/www.federassantas.org.br\/novosite\/wp-content\/uploads\/2021\/12\/logo.png","width":243,"height":59,"caption":"Federassantas"},"image":{"@id":"https:\/\/www.federassantas.org.br\/novosite\/#\/schema\/logo\/image\/"}},{"@type":"Person","@id":"https:\/\/www.federassantas.org.br\/novosite\/#\/schema\/person\/75fed98158349313fe56175f232f513c","name":"admin-federas","image":{"@type":"ImageObject","inLanguage":"pt-BR","@id":"https:\/\/www.federassantas.org.br\/novosite\/#\/schema\/person\/image\/","url":"https:\/\/secure.gravatar.com\/avatar\/2a02d7dda59fe8dc6b7ffd3f652e2efede5ccf0dd89dfdc8137c5517f3de8407?s=96&d=mm&r=g","contentUrl":"https:\/\/secure.gravatar.com\/avatar\/2a02d7dda59fe8dc6b7ffd3f652e2efede5ccf0dd89dfdc8137c5517f3de8407?s=96&d=mm&r=g","caption":"admin-federas"},"sameAs":["https:\/\/www.federassantas.org.br\/novosite\/"],"url":"https:\/\/www.federassantas.org.br\/novosite\/author\/admin-federas\/"}]}},"_links":{"self":[{"href":"https:\/\/www.federassantas.org.br\/novosite\/wp-json\/wp\/v2\/posts\/24614","targetHints":{"allow":["GET"]}}],"collection":[{"href":"https:\/\/www.federassantas.org.br\/novosite\/wp-json\/wp\/v2\/posts"}],"about":[{"href":"https:\/\/www.federassantas.org.br\/novosite\/wp-json\/wp\/v2\/types\/post"}],"author":[{"embeddable":true,"href":"https:\/\/www.federassantas.org.br\/novosite\/wp-json\/wp\/v2\/users\/1"}],"replies":[{"embeddable":true,"href":"https:\/\/www.federassantas.org.br\/novosite\/wp-json\/wp\/v2\/comments?post=24614"}],"version-history":[{"count":0,"href":"https:\/\/www.federassantas.org.br\/novosite\/wp-json\/wp\/v2\/posts\/24614\/revisions"}],"wp:featuredmedia":[{"embeddable":true,"href":"https:\/\/www.federassantas.org.br\/novosite\/wp-json\/wp\/v2\/media\/23440"}],"wp:attachment":[{"href":"https:\/\/www.federassantas.org.br\/novosite\/wp-json\/wp\/v2\/media?parent=24614"}],"wp:term":[{"taxonomy":"category","embeddable":true,"href":"https:\/\/www.federassantas.org.br\/novosite\/wp-json\/wp\/v2\/categories?post=24614"},{"taxonomy":"post_tag","embeddable":true,"href":"https:\/\/www.federassantas.org.br\/novosite\/wp-json\/wp\/v2\/tags?post=24614"}],"curies":[{"name":"wp","href":"https:\/\/api.w.org\/{rel}","templated":true}]}}