{"id":24622,"date":"2022-03-08T11:43:48","date_gmt":"2022-03-08T14:43:48","guid":{"rendered":"https:\/\/federasbackup.meltcomunicacao.com.br\/?p=23506"},"modified":"2022-03-08T11:43:48","modified_gmt":"2022-03-08T14:43:48","slug":"guia-tenta-evitar-expansao-de-casos-de-cegueira-por-glaucoma","status":"publish","type":"post","link":"https:\/\/www.federassantas.org.br\/novosite\/guia-tenta-evitar-expansao-de-casos-de-cegueira-por-glaucoma\/","title":{"rendered":"Guia tenta evitar expans\u00e3o de casos de cegueira por glaucoma"},"content":{"rendered":"\n<p><em>Cerca de 80 milh\u00f5es de pessoas no mundo t\u00eam a doen\u00e7a<\/em><\/p>\n\n\n\n<p>O avan\u00e7o da pandemia de covid-19 tem dificultado o diagn\u00f3stico precoce do glaucoma e afastado pacientes de tratamentos, informou a Associa\u00e7\u00e3o Mundial de Glaucoma (WGA), que congrega sociedades m\u00e9dicas e de outras \u00e1reas de 90 pa\u00edses. A finalidade \u00e9 a redu\u00e7\u00e3o dos problemas causados pelo glaucoma ao redor do mundo.<img decoding=\"async\" src=\"https:\/\/agenciabrasil.ebc.com.br\/ebc.png?id=1446818&amp;o=node\"><img decoding=\"async\" src=\"https:\/\/agenciabrasil.ebc.com.br\/ebc.gif?id=1446818&amp;o=node\"><\/p>\n\n\n\n<p>Aproveitando a Semana Mundial do Glaucoma, que terminar\u00e1 no pr\u00f3ximo dia 12, a WGA divulgou um guia com orienta\u00e7\u00f5es para impedir o aumento de casos de cegueira. Com a pandemia, muitas pessoas deixaram de ir ao oftalmologista fazer exames preventivos e acompanhar o glaucoma.<\/p>\n\n\n\n<p>Para a WGA, o avan\u00e7o no n\u00famero de casos de pacientes de glaucoma com perda parcial ou total de vis\u00e3o seria um dos efeitos colaterais da pandemia. O cen\u00e1rio \u00e9 descrito por pacientes em v\u00e1rios pa\u00edses. Eles relatam dificuldade de acesso a exames e consultas pela prioriza\u00e7\u00e3o dos servi\u00e7os m\u00e9dicos no acolhimento de casos de coronav\u00edrus e afastamento de pacientes devido ao medo de contra\u00edrem a doen\u00e7a em consult\u00f3rios e hospitais.<\/p>\n\n\n\n<p>Doen\u00e7a de manifesta\u00e7\u00e3o silenciosa, o glaucoma \u00e9 a principal causa de cegueira. Cerca de 80 milh\u00f5es de pessoas em todo o globo t\u00eam a doen\u00e7a, embora em torno da metade desconhe\u00e7a o diagn\u00f3stico, segundo a WGA. Os c\u00e1lculos sugerem que um indiv\u00edduo em cada 200, com 40 anos de idade, apresenta esse quadro, sendo que essa propor\u00e7\u00e3o \u00e9 de um em cada oito a partir dos 80 anos.<\/p>\n\n\n\n<p>Idosos, mulheres, ind\u00edgenas e grupos de minoria \u00e9tnica t\u00eam mais chances de desenvolver o glaucoma, enquanto familiares de pessoas com a doen\u00e7a t\u00eam at\u00e9 10 vezes mais chances de tamb\u00e9m manifestarem esse quadro.<\/p>\n\n\n\n<p>O WGA observa que a pandemia impactou de forma significativa os cuidados com o glaucoma, provocando atraso nas consultas, exames e procedimentos oftalmol\u00f3gicos essenciais, levando alguns pacientes a evolu\u00edrem para defici\u00eancia visual significativa e, em muitos casos, cegueira irrevers\u00edvel.<\/p>\n\n\n\n<p>\u201cA recrudesc\u00eancia das altas taxas de infec\u00e7\u00e3o por covid-19 em todo o mundo est\u00e1 afetando mais uma vez o manejo de doen\u00e7as cr\u00f4nicas e, consequentemente, mais pacientes podem evoluir desnecessariamente para a cegueira. Al\u00e9m disso, o tratamento sub\u00f3ptico do glaucoma devido \u00e0 pandemia cria um ac\u00famulo de exames e procedimentos relacionados ao glaucoma que podem sobrecarregar os sistemas de sa\u00fade em um futuro pr\u00f3ximo\u201d, explicou a associa\u00e7\u00e3o.<\/p>\n\n\n\n<h5 class=\"wp-block-heading\">SUS<\/h5>\n\n\n\n<p>Dados do Sistema de Informa\u00e7\u00f5es Ambulatoriais do Sistema \u00danico de Sa\u00fade (SIA\/SUS) do Minist\u00e9rio da Sa\u00fade revelam que, de 2019 a 2021, foram realizados no Brasil 16.274.018 procedimentos com finalidade diagn\u00f3stica para identifica\u00e7\u00e3o de glaucoma, sendo 5.932.119 em 2019; 4.357.866 em 2020; e 5.984.033 em 2021. Em 2020, o n\u00famero de exames realizados foi 27% menor do que a quantidade total do ano anterior; j\u00e1 em 2021, houve expans\u00e3o de 37% em rela\u00e7\u00e3o a 2020.<\/p>\n\n\n\n<p>Os estados que realizaram a maior quantidade de exames para diagn\u00f3stico de glaucoma entre 2019 e 2021 foram S\u00e3o Paulo, Rio Grande do Sul e Pernambuco. Em termos regionais, o Norte do pa\u00eds registrou o maior aumento percentual na quantidade de exames diagn\u00f3sticos realizados em 2021, comparativamente a 2020, com crescimento de 71%, seguido pela Regi\u00e3o Centro-Oeste com 51%.<\/p>\n\n\n\n<p>O SIA\/SUS mostra que somente um procedimento diagn\u00f3stico teve aumento percentual no primeiro ano da pandemia do novo coronav\u00edrus. Foi a tomografia de coer\u00eancia \u00f3ptica, com aumento de 47% em 2020, comparativamente ao ano anterior. Em 2021, a quantidade desse tipo de exame aumentou 70%, em rela\u00e7\u00e3o a 2020.<\/p>\n\n\n\n<p>O levantamento evidencia que os idosos foram os que mais voltaram a fazer os exames espec\u00edficos e abrangentes para diagn\u00f3stico de glaucoma no ano passado. Pessoas a partir de 50 anos tiveram evolu\u00e7\u00e3o de pelo menos 40% na quantidade de exames efetuados. As mulheres foram as pessoas que mais deixaram de fazer exames diagn\u00f3sticos para glaucoma em 2020, comparado ao ano anterior. A redu\u00e7\u00e3o foi de 29%, enquanto nos homens a queda foi de 25%.<\/p>\n\n\n\n<p>Em 2021, tanto pessoas do sexo feminino quanto do sexo masculino voltaram a fazer mais exames do que ano anterior. O aumento foi 38% para homens e 40% para mulheres.<\/p>\n\n\n\n<p>Em rela\u00e7\u00e3o a cirurgias de glaucoma, o estudo do Minist\u00e9rio da Sa\u00fade mostra que, no per\u00edodo de 2019 a 2021, houve 82.417 cirurgias de glaucoma no Brasil, sendo que, em 2020, foi registrada diminui\u00e7\u00e3o de 22% na quantidade de cirurgias comparado ao ano anterior. A Regi\u00e3o Sul apresentou o maior decr\u00e9scimo (-32%), em 2020. Em 2021, o avan\u00e7o foi de 35% em rela\u00e7\u00e3o a 2020.<\/p>\n\n\n\n<p>Entre 2019 e 2021, o Brasil gastou R$&nbsp;35.429.158,36 em procedimentos cir\u00fargicos de glaucoma. Par\u00e1 foi o estado que mais gastou no per\u00edodo (R$ 11.202.854,50), quase duas vezes mais que S\u00e3o Paulo, segundo no ranking, revelou o SIA\/SUS.<\/p>\n\n\n\n<h5 class=\"wp-block-heading\">Guia para o paciente<\/h5>\n\n\n\n<p>O \u201cGuia do paciente sobre como cuidar do glaucoma durante a pandemia\u201d traz recomenda\u00e7\u00f5es para serem seguidas por portadores de glaucoma durante a crise da covid-19. O guia foi produzido pelo Comit\u00ea dos Pacientes da Associa\u00e7\u00e3o Mundial de Glaucoma e pode ser acessado no<a href=\"https:\/\/wga.one\/a-patients-guide-to-caring-for-their-glaucoma-during-the-pandemic\/\" target=\"_blank\" rel=\"noreferrer noopener\">&nbsp;link<\/a>. As orienta\u00e7\u00f5es s\u00e3o direcionadas para a popula\u00e7\u00e3o em geral, incluindo pessoas com diagn\u00f3stico ou n\u00e3o de glaucoma. Ele alerta que a doen\u00e7a n\u00e3o espera pelo fim da pandemia de covid-19. Por isso, o paciente deve manter sua rotina de visitas a oftalmologistas e n\u00e3o adiar a realiza\u00e7\u00e3o de exames. \u201c\u00c9 importante agir antes de uma perda percept\u00edvel da vis\u00e3o, pois este \u00e9 um sintoma tardio e irrevers\u00edvel de quadros fora de controle\u201d, advertem os especialistas da WGA.<\/p>\n\n\n\n<p>Para o paciente com glaucoma que pegar a covid-19, o guia observa que a covid deve ser tratada conforme recomendado pelo m\u00e9dico porque, normalmente, isso n\u00e3o influencia diretamente o glaucoma. \u201cOs corticoster\u00f3ides sist\u00eamicos podem causar aumento da press\u00e3o ocular em alguns pacientes, mas geralmente leva um certo tempo de uso (algumas semanas) para que a press\u00e3o do olho aumente\u201d, indica a publica\u00e7\u00e3o.<\/p>\n\n\n\n<p><\/p>\n\n\n\n<p>Fonte: <a rel=\"noreferrer noopener\" href=\"https:\/\/agenciabrasil.ebc.com.br\/saude\/noticia\/2022-03\/guia-tenta-evitar-expansao-de-casos-de-cegueira-por-glaucoma\" target=\"_blank\">Ag\u00eancia Brasil<\/a><\/p>\n","protected":false},"excerpt":{"rendered":"<p>Cerca de 80 milh\u00f5es de pessoas no mundo t\u00eam a doen\u00e7a O avan\u00e7o da pandemia de covid-19 tem dificultado o diagn\u00f3stico precoce do glaucoma e afastado pacientes de tratamentos, informou a Associa\u00e7\u00e3o Mundial de Glaucoma (WGA), que congrega sociedades m\u00e9dicas e de outras \u00e1reas de 90 pa\u00edses. A finalidade \u00e9 a redu\u00e7\u00e3o dos problemas causados [&hellip;]<\/p>\n","protected":false},"author":1,"featured_media":24842,"comment_status":"open","ping_status":"open","sticky":false,"template":"","format":"standard","meta":{"footnotes":""},"categories":[140],"tags":[],"class_list":["post-24622","post","type-post","status-publish","format-standard","has-post-thumbnail","hentry","category-noticias"],"yoast_head":"<!-- This site is optimized with the Yoast SEO plugin v26.9 - https:\/\/yoast.com\/product\/yoast-seo-wordpress\/ -->\n<title>Guia tenta evitar expans\u00e3o de casos de cegueira por glaucoma - Federassantas<\/title>\n<meta name=\"robots\" content=\"index, follow, max-snippet:-1, max-image-preview:large, max-video-preview:-1\" \/>\n<link rel=\"canonical\" href=\"https:\/\/www.federassantas.org.br\/novosite\/guia-tenta-evitar-expansao-de-casos-de-cegueira-por-glaucoma\/\" \/>\n<meta property=\"og:locale\" content=\"pt_BR\" \/>\n<meta property=\"og:type\" content=\"article\" \/>\n<meta property=\"og:title\" content=\"Guia tenta evitar expans\u00e3o de casos de cegueira por glaucoma - Federassantas\" \/>\n<meta property=\"og:description\" content=\"Cerca de 80 milh\u00f5es de pessoas no mundo t\u00eam a doen\u00e7a O avan\u00e7o da pandemia de covid-19 tem dificultado o diagn\u00f3stico precoce do glaucoma e afastado pacientes de tratamentos, informou a Associa\u00e7\u00e3o Mundial de Glaucoma (WGA), que congrega sociedades m\u00e9dicas e de outras \u00e1reas de 90 pa\u00edses. A finalidade \u00e9 a redu\u00e7\u00e3o dos problemas causados [&hellip;]\" \/>\n<meta property=\"og:url\" content=\"https:\/\/www.federassantas.org.br\/novosite\/guia-tenta-evitar-expansao-de-casos-de-cegueira-por-glaucoma\/\" \/>\n<meta property=\"og:site_name\" content=\"Federassantas\" \/>\n<meta property=\"article:published_time\" content=\"2022-03-08T14:43:48+00:00\" \/>\n<meta property=\"og:image\" content=\"https:\/\/www.federassantas.org.br\/novosite\/wp-content\/uploads\/2022\/09\/thumbnail-default.jpg\" \/>\n\t<meta property=\"og:image:width\" content=\"622\" \/>\n\t<meta property=\"og:image:height\" content=\"415\" \/>\n\t<meta property=\"og:image:type\" content=\"image\/jpeg\" \/>\n<meta name=\"author\" content=\"admin-federas\" \/>\n<meta name=\"twitter:card\" content=\"summary_large_image\" \/>\n<meta name=\"twitter:label1\" content=\"Escrito por\" \/>\n\t<meta name=\"twitter:data1\" content=\"admin-federas\" \/>\n\t<meta name=\"twitter:label2\" content=\"Est. tempo de leitura\" \/>\n\t<meta name=\"twitter:data2\" content=\"5 minutos\" \/>\n<script type=\"application\/ld+json\" class=\"yoast-schema-graph\">{\"@context\":\"https:\/\/schema.org\",\"@graph\":[{\"@type\":\"Article\",\"@id\":\"https:\/\/www.federassantas.org.br\/novosite\/guia-tenta-evitar-expansao-de-casos-de-cegueira-por-glaucoma\/#article\",\"isPartOf\":{\"@id\":\"https:\/\/www.federassantas.org.br\/novosite\/guia-tenta-evitar-expansao-de-casos-de-cegueira-por-glaucoma\/\"},\"author\":{\"name\":\"admin-federas\",\"@id\":\"https:\/\/www.federassantas.org.br\/novosite\/#\/schema\/person\/75fed98158349313fe56175f232f513c\"},\"headline\":\"Guia tenta evitar expans\u00e3o de casos de cegueira por glaucoma\",\"datePublished\":\"2022-03-08T14:43:48+00:00\",\"mainEntityOfPage\":{\"@id\":\"https:\/\/www.federassantas.org.br\/novosite\/guia-tenta-evitar-expansao-de-casos-de-cegueira-por-glaucoma\/\"},\"wordCount\":1031,\"commentCount\":0,\"publisher\":{\"@id\":\"https:\/\/www.federassantas.org.br\/novosite\/#organization\"},\"image\":{\"@id\":\"https:\/\/www.federassantas.org.br\/novosite\/guia-tenta-evitar-expansao-de-casos-de-cegueira-por-glaucoma\/#primaryimage\"},\"thumbnailUrl\":\"\",\"articleSection\":[\"Not\u00edcias\"],\"inLanguage\":\"pt-BR\",\"potentialAction\":[{\"@type\":\"CommentAction\",\"name\":\"Comment\",\"target\":[\"https:\/\/www.federassantas.org.br\/novosite\/guia-tenta-evitar-expansao-de-casos-de-cegueira-por-glaucoma\/#respond\"]}]},{\"@type\":\"WebPage\",\"@id\":\"https:\/\/www.federassantas.org.br\/novosite\/guia-tenta-evitar-expansao-de-casos-de-cegueira-por-glaucoma\/\",\"url\":\"https:\/\/www.federassantas.org.br\/novosite\/guia-tenta-evitar-expansao-de-casos-de-cegueira-por-glaucoma\/\",\"name\":\"Guia tenta evitar expans\u00e3o de casos de cegueira por glaucoma - Federassantas\",\"isPartOf\":{\"@id\":\"https:\/\/www.federassantas.org.br\/novosite\/#website\"},\"primaryImageOfPage\":{\"@id\":\"https:\/\/www.federassantas.org.br\/novosite\/guia-tenta-evitar-expansao-de-casos-de-cegueira-por-glaucoma\/#primaryimage\"},\"image\":{\"@id\":\"https:\/\/www.federassantas.org.br\/novosite\/guia-tenta-evitar-expansao-de-casos-de-cegueira-por-glaucoma\/#primaryimage\"},\"thumbnailUrl\":\"\",\"datePublished\":\"2022-03-08T14:43:48+00:00\",\"breadcrumb\":{\"@id\":\"https:\/\/www.federassantas.org.br\/novosite\/guia-tenta-evitar-expansao-de-casos-de-cegueira-por-glaucoma\/#breadcrumb\"},\"inLanguage\":\"pt-BR\",\"potentialAction\":[{\"@type\":\"ReadAction\",\"target\":[\"https:\/\/www.federassantas.org.br\/novosite\/guia-tenta-evitar-expansao-de-casos-de-cegueira-por-glaucoma\/\"]}]},{\"@type\":\"ImageObject\",\"inLanguage\":\"pt-BR\",\"@id\":\"https:\/\/www.federassantas.org.br\/novosite\/guia-tenta-evitar-expansao-de-casos-de-cegueira-por-glaucoma\/#primaryimage\",\"url\":\"\",\"contentUrl\":\"\"},{\"@type\":\"BreadcrumbList\",\"@id\":\"https:\/\/www.federassantas.org.br\/novosite\/guia-tenta-evitar-expansao-de-casos-de-cegueira-por-glaucoma\/#breadcrumb\",\"itemListElement\":[{\"@type\":\"ListItem\",\"position\":1,\"name\":\"In\u00edcio\",\"item\":\"https:\/\/www.federassantas.org.br\/novosite\/\"},{\"@type\":\"ListItem\",\"position\":2,\"name\":\"Guia tenta evitar expans\u00e3o de casos de cegueira por glaucoma\"}]},{\"@type\":\"WebSite\",\"@id\":\"https:\/\/www.federassantas.org.br\/novosite\/#website\",\"url\":\"https:\/\/www.federassantas.org.br\/novosite\/\",\"name\":\"Federassantas\",\"description\":\"Fed. das Santas Casas e Hospitais Filantr\u00f3picos de MG\",\"publisher\":{\"@id\":\"https:\/\/www.federassantas.org.br\/novosite\/#organization\"},\"potentialAction\":[{\"@type\":\"SearchAction\",\"target\":{\"@type\":\"EntryPoint\",\"urlTemplate\":\"https:\/\/www.federassantas.org.br\/novosite\/?s={search_term_string}\"},\"query-input\":{\"@type\":\"PropertyValueSpecification\",\"valueRequired\":true,\"valueName\":\"search_term_string\"}}],\"inLanguage\":\"pt-BR\"},{\"@type\":\"Organization\",\"@id\":\"https:\/\/www.federassantas.org.br\/novosite\/#organization\",\"name\":\"Federassantas\",\"url\":\"https:\/\/www.federassantas.org.br\/novosite\/\",\"logo\":{\"@type\":\"ImageObject\",\"inLanguage\":\"pt-BR\",\"@id\":\"https:\/\/www.federassantas.org.br\/novosite\/#\/schema\/logo\/image\/\",\"url\":\"https:\/\/www.federassantas.org.br\/novosite\/wp-content\/uploads\/2021\/12\/logo.png\",\"contentUrl\":\"https:\/\/www.federassantas.org.br\/novosite\/wp-content\/uploads\/2021\/12\/logo.png\",\"width\":243,\"height\":59,\"caption\":\"Federassantas\"},\"image\":{\"@id\":\"https:\/\/www.federassantas.org.br\/novosite\/#\/schema\/logo\/image\/\"}},{\"@type\":\"Person\",\"@id\":\"https:\/\/www.federassantas.org.br\/novosite\/#\/schema\/person\/75fed98158349313fe56175f232f513c\",\"name\":\"admin-federas\",\"image\":{\"@type\":\"ImageObject\",\"inLanguage\":\"pt-BR\",\"@id\":\"https:\/\/www.federassantas.org.br\/novosite\/#\/schema\/person\/image\/\",\"url\":\"https:\/\/secure.gravatar.com\/avatar\/2a02d7dda59fe8dc6b7ffd3f652e2efede5ccf0dd89dfdc8137c5517f3de8407?s=96&d=mm&r=g\",\"contentUrl\":\"https:\/\/secure.gravatar.com\/avatar\/2a02d7dda59fe8dc6b7ffd3f652e2efede5ccf0dd89dfdc8137c5517f3de8407?s=96&d=mm&r=g\",\"caption\":\"admin-federas\"},\"sameAs\":[\"https:\/\/www.federassantas.org.br\/novosite\/\"],\"url\":\"https:\/\/www.federassantas.org.br\/novosite\/author\/admin-federas\/\"}]}<\/script>\n<!-- \/ Yoast SEO plugin. -->","yoast_head_json":{"title":"Guia tenta evitar expans\u00e3o de casos de cegueira por glaucoma - Federassantas","robots":{"index":"index","follow":"follow","max-snippet":"max-snippet:-1","max-image-preview":"max-image-preview:large","max-video-preview":"max-video-preview:-1"},"canonical":"https:\/\/www.federassantas.org.br\/novosite\/guia-tenta-evitar-expansao-de-casos-de-cegueira-por-glaucoma\/","og_locale":"pt_BR","og_type":"article","og_title":"Guia tenta evitar expans\u00e3o de casos de cegueira por glaucoma - Federassantas","og_description":"Cerca de 80 milh\u00f5es de pessoas no mundo t\u00eam a doen\u00e7a O avan\u00e7o da pandemia de covid-19 tem dificultado o diagn\u00f3stico precoce do glaucoma e afastado pacientes de tratamentos, informou a Associa\u00e7\u00e3o Mundial de Glaucoma (WGA), que congrega sociedades m\u00e9dicas e de outras \u00e1reas de 90 pa\u00edses. A finalidade \u00e9 a redu\u00e7\u00e3o dos problemas causados [&hellip;]","og_url":"https:\/\/www.federassantas.org.br\/novosite\/guia-tenta-evitar-expansao-de-casos-de-cegueira-por-glaucoma\/","og_site_name":"Federassantas","article_published_time":"2022-03-08T14:43:48+00:00","og_image":[{"width":622,"height":415,"url":"https:\/\/www.federassantas.org.br\/novosite\/wp-content\/uploads\/2022\/09\/thumbnail-default.jpg","type":"image\/jpeg"}],"author":"admin-federas","twitter_card":"summary_large_image","twitter_misc":{"Escrito por":"admin-federas","Est. tempo de leitura":"5 minutos"},"schema":{"@context":"https:\/\/schema.org","@graph":[{"@type":"Article","@id":"https:\/\/www.federassantas.org.br\/novosite\/guia-tenta-evitar-expansao-de-casos-de-cegueira-por-glaucoma\/#article","isPartOf":{"@id":"https:\/\/www.federassantas.org.br\/novosite\/guia-tenta-evitar-expansao-de-casos-de-cegueira-por-glaucoma\/"},"author":{"name":"admin-federas","@id":"https:\/\/www.federassantas.org.br\/novosite\/#\/schema\/person\/75fed98158349313fe56175f232f513c"},"headline":"Guia tenta evitar expans\u00e3o de casos de cegueira por glaucoma","datePublished":"2022-03-08T14:43:48+00:00","mainEntityOfPage":{"@id":"https:\/\/www.federassantas.org.br\/novosite\/guia-tenta-evitar-expansao-de-casos-de-cegueira-por-glaucoma\/"},"wordCount":1031,"commentCount":0,"publisher":{"@id":"https:\/\/www.federassantas.org.br\/novosite\/#organization"},"image":{"@id":"https:\/\/www.federassantas.org.br\/novosite\/guia-tenta-evitar-expansao-de-casos-de-cegueira-por-glaucoma\/#primaryimage"},"thumbnailUrl":"","articleSection":["Not\u00edcias"],"inLanguage":"pt-BR","potentialAction":[{"@type":"CommentAction","name":"Comment","target":["https:\/\/www.federassantas.org.br\/novosite\/guia-tenta-evitar-expansao-de-casos-de-cegueira-por-glaucoma\/#respond"]}]},{"@type":"WebPage","@id":"https:\/\/www.federassantas.org.br\/novosite\/guia-tenta-evitar-expansao-de-casos-de-cegueira-por-glaucoma\/","url":"https:\/\/www.federassantas.org.br\/novosite\/guia-tenta-evitar-expansao-de-casos-de-cegueira-por-glaucoma\/","name":"Guia tenta evitar expans\u00e3o de casos de cegueira por glaucoma - Federassantas","isPartOf":{"@id":"https:\/\/www.federassantas.org.br\/novosite\/#website"},"primaryImageOfPage":{"@id":"https:\/\/www.federassantas.org.br\/novosite\/guia-tenta-evitar-expansao-de-casos-de-cegueira-por-glaucoma\/#primaryimage"},"image":{"@id":"https:\/\/www.federassantas.org.br\/novosite\/guia-tenta-evitar-expansao-de-casos-de-cegueira-por-glaucoma\/#primaryimage"},"thumbnailUrl":"","datePublished":"2022-03-08T14:43:48+00:00","breadcrumb":{"@id":"https:\/\/www.federassantas.org.br\/novosite\/guia-tenta-evitar-expansao-de-casos-de-cegueira-por-glaucoma\/#breadcrumb"},"inLanguage":"pt-BR","potentialAction":[{"@type":"ReadAction","target":["https:\/\/www.federassantas.org.br\/novosite\/guia-tenta-evitar-expansao-de-casos-de-cegueira-por-glaucoma\/"]}]},{"@type":"ImageObject","inLanguage":"pt-BR","@id":"https:\/\/www.federassantas.org.br\/novosite\/guia-tenta-evitar-expansao-de-casos-de-cegueira-por-glaucoma\/#primaryimage","url":"","contentUrl":""},{"@type":"BreadcrumbList","@id":"https:\/\/www.federassantas.org.br\/novosite\/guia-tenta-evitar-expansao-de-casos-de-cegueira-por-glaucoma\/#breadcrumb","itemListElement":[{"@type":"ListItem","position":1,"name":"In\u00edcio","item":"https:\/\/www.federassantas.org.br\/novosite\/"},{"@type":"ListItem","position":2,"name":"Guia tenta evitar expans\u00e3o de casos de cegueira por glaucoma"}]},{"@type":"WebSite","@id":"https:\/\/www.federassantas.org.br\/novosite\/#website","url":"https:\/\/www.federassantas.org.br\/novosite\/","name":"Federassantas","description":"Fed. das Santas Casas e Hospitais Filantr\u00f3picos de MG","publisher":{"@id":"https:\/\/www.federassantas.org.br\/novosite\/#organization"},"potentialAction":[{"@type":"SearchAction","target":{"@type":"EntryPoint","urlTemplate":"https:\/\/www.federassantas.org.br\/novosite\/?s={search_term_string}"},"query-input":{"@type":"PropertyValueSpecification","valueRequired":true,"valueName":"search_term_string"}}],"inLanguage":"pt-BR"},{"@type":"Organization","@id":"https:\/\/www.federassantas.org.br\/novosite\/#organization","name":"Federassantas","url":"https:\/\/www.federassantas.org.br\/novosite\/","logo":{"@type":"ImageObject","inLanguage":"pt-BR","@id":"https:\/\/www.federassantas.org.br\/novosite\/#\/schema\/logo\/image\/","url":"https:\/\/www.federassantas.org.br\/novosite\/wp-content\/uploads\/2021\/12\/logo.png","contentUrl":"https:\/\/www.federassantas.org.br\/novosite\/wp-content\/uploads\/2021\/12\/logo.png","width":243,"height":59,"caption":"Federassantas"},"image":{"@id":"https:\/\/www.federassantas.org.br\/novosite\/#\/schema\/logo\/image\/"}},{"@type":"Person","@id":"https:\/\/www.federassantas.org.br\/novosite\/#\/schema\/person\/75fed98158349313fe56175f232f513c","name":"admin-federas","image":{"@type":"ImageObject","inLanguage":"pt-BR","@id":"https:\/\/www.federassantas.org.br\/novosite\/#\/schema\/person\/image\/","url":"https:\/\/secure.gravatar.com\/avatar\/2a02d7dda59fe8dc6b7ffd3f652e2efede5ccf0dd89dfdc8137c5517f3de8407?s=96&d=mm&r=g","contentUrl":"https:\/\/secure.gravatar.com\/avatar\/2a02d7dda59fe8dc6b7ffd3f652e2efede5ccf0dd89dfdc8137c5517f3de8407?s=96&d=mm&r=g","caption":"admin-federas"},"sameAs":["https:\/\/www.federassantas.org.br\/novosite\/"],"url":"https:\/\/www.federassantas.org.br\/novosite\/author\/admin-federas\/"}]}},"_links":{"self":[{"href":"https:\/\/www.federassantas.org.br\/novosite\/wp-json\/wp\/v2\/posts\/24622","targetHints":{"allow":["GET"]}}],"collection":[{"href":"https:\/\/www.federassantas.org.br\/novosite\/wp-json\/wp\/v2\/posts"}],"about":[{"href":"https:\/\/www.federassantas.org.br\/novosite\/wp-json\/wp\/v2\/types\/post"}],"author":[{"embeddable":true,"href":"https:\/\/www.federassantas.org.br\/novosite\/wp-json\/wp\/v2\/users\/1"}],"replies":[{"embeddable":true,"href":"https:\/\/www.federassantas.org.br\/novosite\/wp-json\/wp\/v2\/comments?post=24622"}],"version-history":[{"count":0,"href":"https:\/\/www.federassantas.org.br\/novosite\/wp-json\/wp\/v2\/posts\/24622\/revisions"}],"wp:featuredmedia":[{"embeddable":true,"href":"https:\/\/www.federassantas.org.br\/novosite\/wp-json\/"}],"wp:attachment":[{"href":"https:\/\/www.federassantas.org.br\/novosite\/wp-json\/wp\/v2\/media?parent=24622"}],"wp:term":[{"taxonomy":"category","embeddable":true,"href":"https:\/\/www.federassantas.org.br\/novosite\/wp-json\/wp\/v2\/categories?post=24622"},{"taxonomy":"post_tag","embeddable":true,"href":"https:\/\/www.federassantas.org.br\/novosite\/wp-json\/wp\/v2\/tags?post=24622"}],"curies":[{"name":"wp","href":"https:\/\/api.w.org\/{rel}","templated":true}]}}