{"id":27206,"date":"2023-02-01T09:00:08","date_gmt":"2023-02-01T12:00:08","guid":{"rendered":"https:\/\/www.federassantas.org.br\/novosite\/?p=27206"},"modified":"2023-02-01T12:18:03","modified_gmt":"2023-02-01T15:18:03","slug":"fsfx-abre-processo-seletivo-de-residencia-medica-para-o-hospital-marcio-cunha-e-hospital-municipal-carlos-chagas","status":"publish","type":"post","link":"https:\/\/www.federassantas.org.br\/novosite\/fsfx-abre-processo-seletivo-de-residencia-medica-para-o-hospital-marcio-cunha-e-hospital-municipal-carlos-chagas\/","title":{"rendered":"Processo seletivo de Resid\u00eancia M\u00e9dica"},"content":{"rendered":"<h2>FSFX abre processo seletivo de Resid\u00eancia M\u00e9dica para o Hospital M\u00e1rcio Cunha e Hospital Municipal Carlos Chagas<\/h2>\n<p>A Funda\u00e7\u00e3o S\u00e3o Francisco Xavier (FSFX), entidade beneficente de assist\u00eancia social, acaba de lan\u00e7ar o edital para o processo seletivo complementar de resid\u00eancia m\u00e9dica para o Hospital M\u00e1rcio Cunha, em Ipatinga (MG), e Hospital Municipal Carlos Chagas, em Itabira (MG). As inscri\u00e7\u00f5es estar\u00e3o abertas no per\u00edodo de 9 a 15 de fevereiro. A data da prova est\u00e1 agendada para o dia 25 de fevereiro.<br \/>\nSer\u00e3o 9 vagas, distribu\u00eddas entre as especialidades de Medicina de Fam\u00edlia e Comunidade, Medicina de Emerg\u00eancia, Oncologia Cl\u00ednica, Medicina Intensiva e Neonatalogia. Os programas s\u00e3o credenciados pela Comiss\u00e3o Nacional de Resid\u00eancia M\u00e9dica do Minist\u00e9rio da Educa\u00e7\u00e3o e Cultura\u2013 CNRM\/MEC.<br \/>\n\u201cA resid\u00eancia m\u00e9dica \u00e9 uma modalidade de ensino de p\u00f3s-gradua\u00e7\u00e3o destinada a m\u00e9dicos, sob a forma de curso de especializa\u00e7\u00e3o. \u00c9 um passo essencial na forma\u00e7\u00e3o de especialistas, nas mais diversas \u00e1reas. A FSFX conta com programas de resid\u00eancia h\u00e1 mais de 10 anos, fornecendo toda a estrutura adequada \u00e0 forma\u00e7\u00e3o de seus residentes e empenhada no aprimoramento cont\u00ednuo de sua forma\u00e7\u00e3o\u201d, afirma o coordenador do N\u00facleo de Ensino, Pesquisa, Extens\u00e3o e Inova\u00e7\u00e3o (NEPEI), Dr. Milton Henriques Guimar\u00e3es Junior.<br \/>\nO edital est\u00e1 dispon\u00edvel no site da Associa\u00e7\u00e3o de Apoio \u00e0 Resid\u00eancia M\u00e9dica de Minas Gerais (AREMG) no link <a href=\"http:\/\/www.aremg.org.br\/processos-atuais\" target=\"_blank\" rel=\"noopener\">http:\/\/www.aremg.org.br\/processos-atuais<\/a>. Os interessados tamb\u00e9m devem realizar as inscri\u00e7\u00f5es pelo mesmo site.<\/p>\n<p><strong>Sobre a FSFX<\/strong><br \/>\nA Funda\u00e7\u00e3o S\u00e3o Francisco Xavier, bra\u00e7o da Usiminas nas \u00e1reas de Sa\u00fade e Educa\u00e7\u00e3o, \u00e9 uma entidade beneficente de assist\u00eancia social, reconhecida pelo Minist\u00e9rio da Previd\u00eancia e Assist\u00eancia Social. Atuando desde 1969, a FSFX conta com mais de seis mil colaboradores e est\u00e1 presente em seis estados brasileiros. Administra cinco unidades hospitalares, em Ipatinga, Tim\u00f3teo e Itabira (MG) e em Cubat\u00e3o (SP), com uma gest\u00e3o marcada pela responsabilidade, pela oferta de atendimentos de excel\u00eancia e pelas melhores pr\u00e1ticas de seguran\u00e7a, al\u00e9m de contabilizarem mais de 70% de seus atendimentos feitos a pacientes do Sistema \u00danico de Sa\u00fade (SUS).<br \/>\nA Funda\u00e7\u00e3o \u00e9 respons\u00e1vel, ainda, pela operadora de Planos de Sa\u00fade Usisa\u00fade, com mais de 210 mil benefici\u00e1rios; o Centro de Odontologia Integrada, que mant\u00e9m os melhores indicadores de sa\u00fade bucal j\u00e1 divulgados no Brasil, e o Servi\u00e7o de Seguran\u00e7a do Trabalho, Sa\u00fade Ocupacional e Meio Ambiente. Na \u00e1rea educacional, o Col\u00e9gio S\u00e3o Francisco Xavier, unidade precursora localizada em Ipatinga, \u00e9 refer\u00eancia em Educa\u00e7\u00e3o na regi\u00e3o, com cerca de 3 mil alunos, da educa\u00e7\u00e3o infantil \u00e0 gradua\u00e7\u00e3o.<\/p>\n<p><em>Fonte: Assessoria de Comunica\u00e7\u00e3o FSFX<\/em><\/p>\n<p><em>Gostaria de divulgar informa\u00e7\u00f5es do seu hospital no site da Federassantas? Acesse <a href=\"https:\/\/www.federassantas.org.br\/novosite\/comunicacao\/\">a p\u00e1gina da comunica\u00e7\u00e3o<\/a> e nos envie o seu release.<\/em><\/p>\n","protected":false},"excerpt":{"rendered":"<p>FSFX abre processo seletivo de Resid\u00eancia M\u00e9dica para o Hospital M\u00e1rcio Cunha e Hospital Municipal Carlos Chagas A Funda\u00e7\u00e3o S\u00e3o Francisco Xavier (FSFX), entidade beneficente de assist\u00eancia social, acaba de lan\u00e7ar o edital para o processo seletivo complementar de resid\u00eancia m\u00e9dica para o Hospital M\u00e1rcio Cunha, em Ipatinga (MG), e Hospital Municipal Carlos Chagas, em [&hellip;]<\/p>\n","protected":false},"author":1,"featured_media":27207,"comment_status":"open","ping_status":"open","sticky":false,"template":"","format":"standard","meta":{"footnotes":""},"categories":[140,139,243,247,246],"tags":[47,48],"class_list":["post-27206","post","type-post","status-publish","format-standard","has-post-thumbnail","hentry","category-noticias","category-noticias-filiados","category-regionais","category-regional-central-metropolitana","category-regional-vales","tag-federassantas","tag-minas-gerais"],"yoast_head":"<!-- This site is optimized with the Yoast SEO plugin v26.9 - https:\/\/yoast.com\/product\/yoast-seo-wordpress\/ -->\n<title>Processo seletivo de Resid\u00eancia M\u00e9dica - Federassantas<\/title>\n<meta name=\"robots\" content=\"index, follow, max-snippet:-1, max-image-preview:large, max-video-preview:-1\" \/>\n<link rel=\"canonical\" href=\"https:\/\/www.federassantas.org.br\/novosite\/fsfx-abre-processo-seletivo-de-residencia-medica-para-o-hospital-marcio-cunha-e-hospital-municipal-carlos-chagas\/\" \/>\n<meta property=\"og:locale\" content=\"pt_BR\" \/>\n<meta property=\"og:type\" content=\"article\" \/>\n<meta property=\"og:title\" content=\"Processo seletivo de Resid\u00eancia M\u00e9dica - Federassantas\" \/>\n<meta property=\"og:description\" content=\"FSFX abre processo seletivo de Resid\u00eancia M\u00e9dica para o Hospital M\u00e1rcio Cunha e Hospital Municipal Carlos Chagas A Funda\u00e7\u00e3o S\u00e3o Francisco Xavier (FSFX), entidade beneficente de assist\u00eancia social, acaba de lan\u00e7ar o edital para o processo seletivo complementar de resid\u00eancia m\u00e9dica para o Hospital M\u00e1rcio Cunha, em Ipatinga (MG), e Hospital Municipal Carlos Chagas, em [&hellip;]\" \/>\n<meta property=\"og:url\" content=\"https:\/\/www.federassantas.org.br\/novosite\/fsfx-abre-processo-seletivo-de-residencia-medica-para-o-hospital-marcio-cunha-e-hospital-municipal-carlos-chagas\/\" \/>\n<meta property=\"og:site_name\" content=\"Federassantas\" \/>\n<meta property=\"article:published_time\" content=\"2023-02-01T12:00:08+00:00\" \/>\n<meta property=\"article:modified_time\" content=\"2023-02-01T15:18:03+00:00\" \/>\n<meta property=\"og:image\" content=\"https:\/\/www.federassantas.org.br\/novosite\/wp-content\/uploads\/2023\/01\/Hospital-Marcio-Cunha-credito-Elvira-Nascimento.jpg\" \/>\n\t<meta property=\"og:image:width\" content=\"1500\" \/>\n\t<meta property=\"og:image:height\" content=\"1001\" \/>\n\t<meta property=\"og:image:type\" content=\"image\/jpeg\" \/>\n<meta name=\"author\" content=\"admin-federas\" \/>\n<meta name=\"twitter:card\" content=\"summary_large_image\" \/>\n<meta name=\"twitter:label1\" content=\"Escrito por\" \/>\n\t<meta name=\"twitter:data1\" content=\"admin-federas\" \/>\n\t<meta name=\"twitter:label2\" content=\"Est. tempo de leitura\" \/>\n\t<meta name=\"twitter:data2\" content=\"3 minutos\" \/>\n<script type=\"application\/ld+json\" class=\"yoast-schema-graph\">{\"@context\":\"https:\/\/schema.org\",\"@graph\":[{\"@type\":\"Article\",\"@id\":\"https:\/\/www.federassantas.org.br\/novosite\/fsfx-abre-processo-seletivo-de-residencia-medica-para-o-hospital-marcio-cunha-e-hospital-municipal-carlos-chagas\/#article\",\"isPartOf\":{\"@id\":\"https:\/\/www.federassantas.org.br\/novosite\/fsfx-abre-processo-seletivo-de-residencia-medica-para-o-hospital-marcio-cunha-e-hospital-municipal-carlos-chagas\/\"},\"author\":{\"name\":\"admin-federas\",\"@id\":\"https:\/\/www.federassantas.org.br\/novosite\/#\/schema\/person\/75fed98158349313fe56175f232f513c\"},\"headline\":\"Processo seletivo de Resid\u00eancia M\u00e9dica\",\"datePublished\":\"2023-02-01T12:00:08+00:00\",\"dateModified\":\"2023-02-01T15:18:03+00:00\",\"mainEntityOfPage\":{\"@id\":\"https:\/\/www.federassantas.org.br\/novosite\/fsfx-abre-processo-seletivo-de-residencia-medica-para-o-hospital-marcio-cunha-e-hospital-municipal-carlos-chagas\/\"},\"wordCount\":513,\"commentCount\":0,\"publisher\":{\"@id\":\"https:\/\/www.federassantas.org.br\/novosite\/#organization\"},\"image\":{\"@id\":\"https:\/\/www.federassantas.org.br\/novosite\/fsfx-abre-processo-seletivo-de-residencia-medica-para-o-hospital-marcio-cunha-e-hospital-municipal-carlos-chagas\/#primaryimage\"},\"thumbnailUrl\":\"https:\/\/www.federassantas.org.br\/novosite\/wp-content\/uploads\/2023\/01\/Hospital-Marcio-Cunha-credito-Elvira-Nascimento.jpg\",\"keywords\":[\"Federassantas\",\"Minas Gerais\"],\"articleSection\":[\"Not\u00edcias\",\"Not\u00edcias filiados\",\"Regionais\",\"Regional Central \/ Metropolitana\",\"Regional Vales\"],\"inLanguage\":\"pt-BR\",\"potentialAction\":[{\"@type\":\"CommentAction\",\"name\":\"Comment\",\"target\":[\"https:\/\/www.federassantas.org.br\/novosite\/fsfx-abre-processo-seletivo-de-residencia-medica-para-o-hospital-marcio-cunha-e-hospital-municipal-carlos-chagas\/#respond\"]}]},{\"@type\":\"WebPage\",\"@id\":\"https:\/\/www.federassantas.org.br\/novosite\/fsfx-abre-processo-seletivo-de-residencia-medica-para-o-hospital-marcio-cunha-e-hospital-municipal-carlos-chagas\/\",\"url\":\"https:\/\/www.federassantas.org.br\/novosite\/fsfx-abre-processo-seletivo-de-residencia-medica-para-o-hospital-marcio-cunha-e-hospital-municipal-carlos-chagas\/\",\"name\":\"Processo seletivo de Resid\u00eancia M\u00e9dica - Federassantas\",\"isPartOf\":{\"@id\":\"https:\/\/www.federassantas.org.br\/novosite\/#website\"},\"primaryImageOfPage\":{\"@id\":\"https:\/\/www.federassantas.org.br\/novosite\/fsfx-abre-processo-seletivo-de-residencia-medica-para-o-hospital-marcio-cunha-e-hospital-municipal-carlos-chagas\/#primaryimage\"},\"image\":{\"@id\":\"https:\/\/www.federassantas.org.br\/novosite\/fsfx-abre-processo-seletivo-de-residencia-medica-para-o-hospital-marcio-cunha-e-hospital-municipal-carlos-chagas\/#primaryimage\"},\"thumbnailUrl\":\"https:\/\/www.federassantas.org.br\/novosite\/wp-content\/uploads\/2023\/01\/Hospital-Marcio-Cunha-credito-Elvira-Nascimento.jpg\",\"datePublished\":\"2023-02-01T12:00:08+00:00\",\"dateModified\":\"2023-02-01T15:18:03+00:00\",\"breadcrumb\":{\"@id\":\"https:\/\/www.federassantas.org.br\/novosite\/fsfx-abre-processo-seletivo-de-residencia-medica-para-o-hospital-marcio-cunha-e-hospital-municipal-carlos-chagas\/#breadcrumb\"},\"inLanguage\":\"pt-BR\",\"potentialAction\":[{\"@type\":\"ReadAction\",\"target\":[\"https:\/\/www.federassantas.org.br\/novosite\/fsfx-abre-processo-seletivo-de-residencia-medica-para-o-hospital-marcio-cunha-e-hospital-municipal-carlos-chagas\/\"]}]},{\"@type\":\"ImageObject\",\"inLanguage\":\"pt-BR\",\"@id\":\"https:\/\/www.federassantas.org.br\/novosite\/fsfx-abre-processo-seletivo-de-residencia-medica-para-o-hospital-marcio-cunha-e-hospital-municipal-carlos-chagas\/#primaryimage\",\"url\":\"https:\/\/www.federassantas.org.br\/novosite\/wp-content\/uploads\/2023\/01\/Hospital-Marcio-Cunha-credito-Elvira-Nascimento.jpg\",\"contentUrl\":\"https:\/\/www.federassantas.org.br\/novosite\/wp-content\/uploads\/2023\/01\/Hospital-Marcio-Cunha-credito-Elvira-Nascimento.jpg\",\"width\":1500,\"height\":1001,\"caption\":\"Hospital-Marcio-Cunha-credito-Elvira-Nascimento.jpg-FSFX abre processo seletivo de Resid\u00eancia M\u00e9dica para o Hospital M\u00e1rcio Cunha e Hospital Municipal Carlos Chagas\"},{\"@type\":\"BreadcrumbList\",\"@id\":\"https:\/\/www.federassantas.org.br\/novosite\/fsfx-abre-processo-seletivo-de-residencia-medica-para-o-hospital-marcio-cunha-e-hospital-municipal-carlos-chagas\/#breadcrumb\",\"itemListElement\":[{\"@type\":\"ListItem\",\"position\":1,\"name\":\"In\u00edcio\",\"item\":\"https:\/\/www.federassantas.org.br\/novosite\/\"},{\"@type\":\"ListItem\",\"position\":2,\"name\":\"Processo seletivo de Resid\u00eancia M\u00e9dica\"}]},{\"@type\":\"WebSite\",\"@id\":\"https:\/\/www.federassantas.org.br\/novosite\/#website\",\"url\":\"https:\/\/www.federassantas.org.br\/novosite\/\",\"name\":\"Federassantas\",\"description\":\"Fed. das Santas Casas e Hospitais Filantr\u00f3picos de MG\",\"publisher\":{\"@id\":\"https:\/\/www.federassantas.org.br\/novosite\/#organization\"},\"potentialAction\":[{\"@type\":\"SearchAction\",\"target\":{\"@type\":\"EntryPoint\",\"urlTemplate\":\"https:\/\/www.federassantas.org.br\/novosite\/?s={search_term_string}\"},\"query-input\":{\"@type\":\"PropertyValueSpecification\",\"valueRequired\":true,\"valueName\":\"search_term_string\"}}],\"inLanguage\":\"pt-BR\"},{\"@type\":\"Organization\",\"@id\":\"https:\/\/www.federassantas.org.br\/novosite\/#organization\",\"name\":\"Federassantas\",\"url\":\"https:\/\/www.federassantas.org.br\/novosite\/\",\"logo\":{\"@type\":\"ImageObject\",\"inLanguage\":\"pt-BR\",\"@id\":\"https:\/\/www.federassantas.org.br\/novosite\/#\/schema\/logo\/image\/\",\"url\":\"https:\/\/www.federassantas.org.br\/novosite\/wp-content\/uploads\/2021\/12\/logo.png\",\"contentUrl\":\"https:\/\/www.federassantas.org.br\/novosite\/wp-content\/uploads\/2021\/12\/logo.png\",\"width\":243,\"height\":59,\"caption\":\"Federassantas\"},\"image\":{\"@id\":\"https:\/\/www.federassantas.org.br\/novosite\/#\/schema\/logo\/image\/\"}},{\"@type\":\"Person\",\"@id\":\"https:\/\/www.federassantas.org.br\/novosite\/#\/schema\/person\/75fed98158349313fe56175f232f513c\",\"name\":\"admin-federas\",\"image\":{\"@type\":\"ImageObject\",\"inLanguage\":\"pt-BR\",\"@id\":\"https:\/\/www.federassantas.org.br\/novosite\/#\/schema\/person\/image\/\",\"url\":\"https:\/\/secure.gravatar.com\/avatar\/2a02d7dda59fe8dc6b7ffd3f652e2efede5ccf0dd89dfdc8137c5517f3de8407?s=96&d=mm&r=g\",\"contentUrl\":\"https:\/\/secure.gravatar.com\/avatar\/2a02d7dda59fe8dc6b7ffd3f652e2efede5ccf0dd89dfdc8137c5517f3de8407?s=96&d=mm&r=g\",\"caption\":\"admin-federas\"},\"sameAs\":[\"https:\/\/www.federassantas.org.br\/novosite\/\"],\"url\":\"https:\/\/www.federassantas.org.br\/novosite\/author\/admin-federas\/\"}]}<\/script>\n<!-- \/ Yoast SEO plugin. -->","yoast_head_json":{"title":"Processo seletivo de Resid\u00eancia M\u00e9dica - Federassantas","robots":{"index":"index","follow":"follow","max-snippet":"max-snippet:-1","max-image-preview":"max-image-preview:large","max-video-preview":"max-video-preview:-1"},"canonical":"https:\/\/www.federassantas.org.br\/novosite\/fsfx-abre-processo-seletivo-de-residencia-medica-para-o-hospital-marcio-cunha-e-hospital-municipal-carlos-chagas\/","og_locale":"pt_BR","og_type":"article","og_title":"Processo seletivo de Resid\u00eancia M\u00e9dica - Federassantas","og_description":"FSFX abre processo seletivo de Resid\u00eancia M\u00e9dica para o Hospital M\u00e1rcio Cunha e Hospital Municipal Carlos Chagas A Funda\u00e7\u00e3o S\u00e3o Francisco Xavier (FSFX), entidade beneficente de assist\u00eancia social, acaba de lan\u00e7ar o edital para o processo seletivo complementar de resid\u00eancia m\u00e9dica para o Hospital M\u00e1rcio Cunha, em Ipatinga (MG), e Hospital Municipal Carlos Chagas, em [&hellip;]","og_url":"https:\/\/www.federassantas.org.br\/novosite\/fsfx-abre-processo-seletivo-de-residencia-medica-para-o-hospital-marcio-cunha-e-hospital-municipal-carlos-chagas\/","og_site_name":"Federassantas","article_published_time":"2023-02-01T12:00:08+00:00","article_modified_time":"2023-02-01T15:18:03+00:00","og_image":[{"width":1500,"height":1001,"url":"https:\/\/www.federassantas.org.br\/novosite\/wp-content\/uploads\/2023\/01\/Hospital-Marcio-Cunha-credito-Elvira-Nascimento.jpg","type":"image\/jpeg"}],"author":"admin-federas","twitter_card":"summary_large_image","twitter_misc":{"Escrito por":"admin-federas","Est. tempo de leitura":"3 minutos"},"schema":{"@context":"https:\/\/schema.org","@graph":[{"@type":"Article","@id":"https:\/\/www.federassantas.org.br\/novosite\/fsfx-abre-processo-seletivo-de-residencia-medica-para-o-hospital-marcio-cunha-e-hospital-municipal-carlos-chagas\/#article","isPartOf":{"@id":"https:\/\/www.federassantas.org.br\/novosite\/fsfx-abre-processo-seletivo-de-residencia-medica-para-o-hospital-marcio-cunha-e-hospital-municipal-carlos-chagas\/"},"author":{"name":"admin-federas","@id":"https:\/\/www.federassantas.org.br\/novosite\/#\/schema\/person\/75fed98158349313fe56175f232f513c"},"headline":"Processo seletivo de Resid\u00eancia M\u00e9dica","datePublished":"2023-02-01T12:00:08+00:00","dateModified":"2023-02-01T15:18:03+00:00","mainEntityOfPage":{"@id":"https:\/\/www.federassantas.org.br\/novosite\/fsfx-abre-processo-seletivo-de-residencia-medica-para-o-hospital-marcio-cunha-e-hospital-municipal-carlos-chagas\/"},"wordCount":513,"commentCount":0,"publisher":{"@id":"https:\/\/www.federassantas.org.br\/novosite\/#organization"},"image":{"@id":"https:\/\/www.federassantas.org.br\/novosite\/fsfx-abre-processo-seletivo-de-residencia-medica-para-o-hospital-marcio-cunha-e-hospital-municipal-carlos-chagas\/#primaryimage"},"thumbnailUrl":"https:\/\/www.federassantas.org.br\/novosite\/wp-content\/uploads\/2023\/01\/Hospital-Marcio-Cunha-credito-Elvira-Nascimento.jpg","keywords":["Federassantas","Minas Gerais"],"articleSection":["Not\u00edcias","Not\u00edcias filiados","Regionais","Regional Central \/ Metropolitana","Regional Vales"],"inLanguage":"pt-BR","potentialAction":[{"@type":"CommentAction","name":"Comment","target":["https:\/\/www.federassantas.org.br\/novosite\/fsfx-abre-processo-seletivo-de-residencia-medica-para-o-hospital-marcio-cunha-e-hospital-municipal-carlos-chagas\/#respond"]}]},{"@type":"WebPage","@id":"https:\/\/www.federassantas.org.br\/novosite\/fsfx-abre-processo-seletivo-de-residencia-medica-para-o-hospital-marcio-cunha-e-hospital-municipal-carlos-chagas\/","url":"https:\/\/www.federassantas.org.br\/novosite\/fsfx-abre-processo-seletivo-de-residencia-medica-para-o-hospital-marcio-cunha-e-hospital-municipal-carlos-chagas\/","name":"Processo seletivo de Resid\u00eancia M\u00e9dica - Federassantas","isPartOf":{"@id":"https:\/\/www.federassantas.org.br\/novosite\/#website"},"primaryImageOfPage":{"@id":"https:\/\/www.federassantas.org.br\/novosite\/fsfx-abre-processo-seletivo-de-residencia-medica-para-o-hospital-marcio-cunha-e-hospital-municipal-carlos-chagas\/#primaryimage"},"image":{"@id":"https:\/\/www.federassantas.org.br\/novosite\/fsfx-abre-processo-seletivo-de-residencia-medica-para-o-hospital-marcio-cunha-e-hospital-municipal-carlos-chagas\/#primaryimage"},"thumbnailUrl":"https:\/\/www.federassantas.org.br\/novosite\/wp-content\/uploads\/2023\/01\/Hospital-Marcio-Cunha-credito-Elvira-Nascimento.jpg","datePublished":"2023-02-01T12:00:08+00:00","dateModified":"2023-02-01T15:18:03+00:00","breadcrumb":{"@id":"https:\/\/www.federassantas.org.br\/novosite\/fsfx-abre-processo-seletivo-de-residencia-medica-para-o-hospital-marcio-cunha-e-hospital-municipal-carlos-chagas\/#breadcrumb"},"inLanguage":"pt-BR","potentialAction":[{"@type":"ReadAction","target":["https:\/\/www.federassantas.org.br\/novosite\/fsfx-abre-processo-seletivo-de-residencia-medica-para-o-hospital-marcio-cunha-e-hospital-municipal-carlos-chagas\/"]}]},{"@type":"ImageObject","inLanguage":"pt-BR","@id":"https:\/\/www.federassantas.org.br\/novosite\/fsfx-abre-processo-seletivo-de-residencia-medica-para-o-hospital-marcio-cunha-e-hospital-municipal-carlos-chagas\/#primaryimage","url":"https:\/\/www.federassantas.org.br\/novosite\/wp-content\/uploads\/2023\/01\/Hospital-Marcio-Cunha-credito-Elvira-Nascimento.jpg","contentUrl":"https:\/\/www.federassantas.org.br\/novosite\/wp-content\/uploads\/2023\/01\/Hospital-Marcio-Cunha-credito-Elvira-Nascimento.jpg","width":1500,"height":1001,"caption":"Hospital-Marcio-Cunha-credito-Elvira-Nascimento.jpg-FSFX abre processo seletivo de Resid\u00eancia M\u00e9dica para o Hospital M\u00e1rcio Cunha e Hospital Municipal Carlos Chagas"},{"@type":"BreadcrumbList","@id":"https:\/\/www.federassantas.org.br\/novosite\/fsfx-abre-processo-seletivo-de-residencia-medica-para-o-hospital-marcio-cunha-e-hospital-municipal-carlos-chagas\/#breadcrumb","itemListElement":[{"@type":"ListItem","position":1,"name":"In\u00edcio","item":"https:\/\/www.federassantas.org.br\/novosite\/"},{"@type":"ListItem","position":2,"name":"Processo seletivo de Resid\u00eancia M\u00e9dica"}]},{"@type":"WebSite","@id":"https:\/\/www.federassantas.org.br\/novosite\/#website","url":"https:\/\/www.federassantas.org.br\/novosite\/","name":"Federassantas","description":"Fed. das Santas Casas e Hospitais Filantr\u00f3picos de MG","publisher":{"@id":"https:\/\/www.federassantas.org.br\/novosite\/#organization"},"potentialAction":[{"@type":"SearchAction","target":{"@type":"EntryPoint","urlTemplate":"https:\/\/www.federassantas.org.br\/novosite\/?s={search_term_string}"},"query-input":{"@type":"PropertyValueSpecification","valueRequired":true,"valueName":"search_term_string"}}],"inLanguage":"pt-BR"},{"@type":"Organization","@id":"https:\/\/www.federassantas.org.br\/novosite\/#organization","name":"Federassantas","url":"https:\/\/www.federassantas.org.br\/novosite\/","logo":{"@type":"ImageObject","inLanguage":"pt-BR","@id":"https:\/\/www.federassantas.org.br\/novosite\/#\/schema\/logo\/image\/","url":"https:\/\/www.federassantas.org.br\/novosite\/wp-content\/uploads\/2021\/12\/logo.png","contentUrl":"https:\/\/www.federassantas.org.br\/novosite\/wp-content\/uploads\/2021\/12\/logo.png","width":243,"height":59,"caption":"Federassantas"},"image":{"@id":"https:\/\/www.federassantas.org.br\/novosite\/#\/schema\/logo\/image\/"}},{"@type":"Person","@id":"https:\/\/www.federassantas.org.br\/novosite\/#\/schema\/person\/75fed98158349313fe56175f232f513c","name":"admin-federas","image":{"@type":"ImageObject","inLanguage":"pt-BR","@id":"https:\/\/www.federassantas.org.br\/novosite\/#\/schema\/person\/image\/","url":"https:\/\/secure.gravatar.com\/avatar\/2a02d7dda59fe8dc6b7ffd3f652e2efede5ccf0dd89dfdc8137c5517f3de8407?s=96&d=mm&r=g","contentUrl":"https:\/\/secure.gravatar.com\/avatar\/2a02d7dda59fe8dc6b7ffd3f652e2efede5ccf0dd89dfdc8137c5517f3de8407?s=96&d=mm&r=g","caption":"admin-federas"},"sameAs":["https:\/\/www.federassantas.org.br\/novosite\/"],"url":"https:\/\/www.federassantas.org.br\/novosite\/author\/admin-federas\/"}]}},"_links":{"self":[{"href":"https:\/\/www.federassantas.org.br\/novosite\/wp-json\/wp\/v2\/posts\/27206","targetHints":{"allow":["GET"]}}],"collection":[{"href":"https:\/\/www.federassantas.org.br\/novosite\/wp-json\/wp\/v2\/posts"}],"about":[{"href":"https:\/\/www.federassantas.org.br\/novosite\/wp-json\/wp\/v2\/types\/post"}],"author":[{"embeddable":true,"href":"https:\/\/www.federassantas.org.br\/novosite\/wp-json\/wp\/v2\/users\/1"}],"replies":[{"embeddable":true,"href":"https:\/\/www.federassantas.org.br\/novosite\/wp-json\/wp\/v2\/comments?post=27206"}],"version-history":[{"count":8,"href":"https:\/\/www.federassantas.org.br\/novosite\/wp-json\/wp\/v2\/posts\/27206\/revisions"}],"predecessor-version":[{"id":27221,"href":"https:\/\/www.federassantas.org.br\/novosite\/wp-json\/wp\/v2\/posts\/27206\/revisions\/27221"}],"wp:featuredmedia":[{"embeddable":true,"href":"https:\/\/www.federassantas.org.br\/novosite\/wp-json\/wp\/v2\/media\/27207"}],"wp:attachment":[{"href":"https:\/\/www.federassantas.org.br\/novosite\/wp-json\/wp\/v2\/media?parent=27206"}],"wp:term":[{"taxonomy":"category","embeddable":true,"href":"https:\/\/www.federassantas.org.br\/novosite\/wp-json\/wp\/v2\/categories?post=27206"},{"taxonomy":"post_tag","embeddable":true,"href":"https:\/\/www.federassantas.org.br\/novosite\/wp-json\/wp\/v2\/tags?post=27206"}],"curies":[{"name":"wp","href":"https:\/\/api.w.org\/{rel}","templated":true}]}}