{"id":27249,"date":"2023-02-06T14:13:57","date_gmt":"2023-02-06T17:13:57","guid":{"rendered":"https:\/\/www.federassantas.org.br\/novosite\/?p=27249"},"modified":"2023-02-06T14:13:57","modified_gmt":"2023-02-06T17:13:57","slug":"fevereiro-roxo-alerta-a-populacao-para-a-conscientizacao-da-doenca-de-alzheimer","status":"publish","type":"post","link":"https:\/\/www.federassantas.org.br\/novosite\/fevereiro-roxo-alerta-a-populacao-para-a-conscientizacao-da-doenca-de-alzheimer\/","title":{"rendered":"FEVEREIRO ROXO ALERTA A POPULA\u00c7\u00c3O PARA A CONSCIENTIZA\u00c7\u00c3O DA DOEN\u00c7A DE ALZHEIMER"},"content":{"rendered":"\t\t<div data-elementor-type=\"wp-post\" data-elementor-id=\"27249\" class=\"elementor elementor-27249\" data-elementor-post-type=\"post\">\n\t\t\t\t\t\t<section class=\"elementor-section elementor-top-section elementor-element elementor-element-f5cebfe elementor-section-boxed elementor-section-height-default elementor-section-height-default\" data-id=\"f5cebfe\" data-element_type=\"section\" data-e-type=\"section\">\n\t\t\t\t\t\t<div class=\"elementor-container elementor-column-gap-default\">\n\t\t\t\t\t<div class=\"elementor-column elementor-col-100 elementor-top-column elementor-element elementor-element-05e096a\" data-id=\"05e096a\" data-element_type=\"column\" data-e-type=\"column\">\n\t\t\t<div class=\"elementor-widget-wrap elementor-element-populated\">\n\t\t\t\t\t\t<div class=\"elementor-element elementor-element-34732d8 elementor-widget elementor-widget-text-editor\" data-id=\"34732d8\" data-element_type=\"widget\" data-e-type=\"widget\" data-widget_type=\"text-editor.default\">\n\t\t\t\t<div class=\"elementor-widget-container\">\n\t\t\t\t\t\t\t\t\t<p>O Alzheimer \u00e9 uma doen\u00e7a neurodegenerativa e quem recebe o diagn\u00f3stico perde aos poucos algumas fun\u00e7\u00f5es do c\u00e9rebro, como a mem\u00f3ria, as habilidades lingu\u00edsticas e, at\u00e9 mesmo, a capacidade de cuidar de si mesmo. De acordo com a Associa\u00e7\u00e3o Brasileira de Alzheimer, a doen\u00e7a afeta cerca de 1,2 milh\u00e3o de brasileiros. Para convidar a popula\u00e7\u00e3o a refletir sobre a import\u00e2ncia de proporcionar qualidade de vida para pessoas com Alzheimer e outras doen\u00e7as cr\u00f4nicas, como o l\u00fapus e a fibromialgia, foi proposta a campanha \u201cFevereiro Roxo\u201d.<\/p><p>O neurologista da Cl\u00ednica de Transi\u00e7\u00e3o Paulo de Tarso, Dr. Diego Dorim, explica que o principal sintoma do Alzheimer \u00e9 o esquecimento, principalmente, aquele conhecido como mem\u00f3ria epis\u00f3dica de fatos recentes: \u201co paciente lembra muito bem das lembran\u00e7as antigas, mas das recentes n\u00e3o. Para diagnosticar o Alzheimer, \u00e9 necess\u00e1rio realizar consulta, exame f\u00edsico e v\u00e1rias avalia\u00e7\u00f5es cognitivas. N\u00e3o h\u00e1 cura, mas o uso de medicamentos \u00e9 imprescind\u00edvel para o bem-estar do paciente. A pr\u00e1tica de atividades f\u00edsicas para ganho de for\u00e7a e aer\u00f3bica \u2013 combinada com uma alimenta\u00e7\u00e3o saud\u00e1vel rica em carnes brancas, oleaginosas, frutas, verduras, gr\u00e3os integrais \u2013 colaboram no tratamento, al\u00e9m das atividades intelectuais, que estimulam o aprendizado de novas tarefas, e as l\u00fadicas, entre elas pintura, artesanato e marcenaria\u201d.<\/p><p>Para tratar o Alzheimer, \u00e9 importante que a pessoa cuide da\u00a0<a href=\"https:\/\/www.vittude.com\/blog\/malhar-a-mente\/\">sa\u00fade f\u00edsica e mental<\/a>. O tratamento correto pode ajudar tanto o paciente quanto os seus familiares a viverem com mais tranquilidade.<\/p>\t\t\t\t\t\t\t\t<\/div>\n\t\t\t\t<\/div>\n\t\t\t\t<div class=\"elementor-element elementor-element-8b04651 elementor-widget elementor-widget-heading\" data-id=\"8b04651\" data-element_type=\"widget\" data-e-type=\"widget\" data-widget_type=\"heading.default\">\n\t\t\t\t<div class=\"elementor-widget-container\">\n\t\t\t\t\t<h2 class=\"elementor-heading-title elementor-size-default\">SOBRE A CL\u00cdNICA DE TRANSI\u00c7\u00c3O PAULO DE TARSO <\/h2>\t\t\t\t<\/div>\n\t\t\t\t<\/div>\n\t\t\t\t\t<\/div>\n\t\t<\/div>\n\t\t\t\t\t<\/div>\n\t\t<\/section>\n\t\t\t\t<section class=\"elementor-section elementor-top-section elementor-element elementor-element-662b772 elementor-section-boxed elementor-section-height-default elementor-section-height-default\" data-id=\"662b772\" data-element_type=\"section\" data-e-type=\"section\">\n\t\t\t\t\t\t<div class=\"elementor-container elementor-column-gap-default\">\n\t\t\t\t\t<div class=\"elementor-column elementor-col-100 elementor-top-column elementor-element elementor-element-4ff6cb6\" data-id=\"4ff6cb6\" data-element_type=\"column\" data-e-type=\"column\">\n\t\t\t<div class=\"elementor-widget-wrap elementor-element-populated\">\n\t\t\t\t\t\t<div class=\"elementor-element elementor-element-88a99d7 elementor-widget elementor-widget-text-editor\" data-id=\"88a99d7\" data-element_type=\"widget\" data-e-type=\"widget\" data-widget_type=\"text-editor.default\">\n\t\t\t\t<div class=\"elementor-widget-container\">\n\t\t\t\t\t\t\t\t\t<p>A Cl\u00ednica de Transi\u00e7\u00e3o Paulo de Tarso (unidade hospitalar de car\u00e1ter especializado) \u00e9 refer\u00eancia nos atendimentos aos pacientes p\u00f3s-agudos que j\u00e1 n\u00e3o demandam interven\u00e7\u00f5es de alta complexidade ou terapia intensiva. S\u00e3o pacientes com enfermidades cr\u00f4nicas ou degenerativas que apresentam perda de autonomia e decl\u00ednio funcional e ainda precisam de cuidados extensivos, m\u00e9dico e transdisciplinar para reabilita\u00e7\u00e3o, readapta\u00e7\u00e3o e reinser\u00e7\u00e3o familiar e social em tr\u00eas linhas de cuidados (cuidados cr\u00f4nicos, de reabilita\u00e7\u00e3o e paliativos).<\/p><p>A unidade funciona como elo complementar aos servi\u00e7os hospitalares tradicionais (hospitais gerais), n\u00e3o concebidos para esta finalidade, com foco voltado para garantir uma maior autonomia, maior independ\u00eancia e, claro, com isso uma maior qualidade de vida ao paciente.<\/p><p>Quer conhecer mais sobre a Cl\u00ednica Paulo de Tarso? Acesse o site:\u00a0<a href=\"https:\/\/redepaulodetarso.com.br\/\">https:\/\/redepaulodetarso.com.br\/<\/a><\/p><p>\u00a0<\/p><p><em>Fonte: Dr. Diego Dorim \u2013 Neurologista da Cl\u00ednica de Transi\u00e7\u00e3o Paulo de Tarso.<\/em><\/p><p><em>Assessoria de Imprensa | Mariana Castello Branco e Estef\u00e2nia Pimentel<\/em><\/p><p>\u00a0<\/p><p><strong><em>Gostaria de divulgar informa\u00e7\u00f5es do seu hospital no site da Federassantas? Acesse\u00a0<a href=\"https:\/\/www.federassantas.org.br\/novosite\/comunicacao\/\">a p\u00e1gina da comunica\u00e7\u00e3o<\/a>\u00a0e nos envie o seu release.<\/em><\/strong><\/p>\t\t\t\t\t\t\t\t<\/div>\n\t\t\t\t<\/div>\n\t\t\t\t\t<\/div>\n\t\t<\/div>\n\t\t\t\t\t<\/div>\n\t\t<\/section>\n\t\t\t\t<\/div>\n\t\t","protected":false},"excerpt":{"rendered":"<p>O Alzheimer \u00e9 uma doen\u00e7a neurodegenerativa e quem recebe o diagn\u00f3stico perde aos poucos algumas fun\u00e7\u00f5es do c\u00e9rebro, como a mem\u00f3ria, as habilidades lingu\u00edsticas e, at\u00e9 mesmo, a capacidade de cuidar de si mesmo. De acordo com a Associa\u00e7\u00e3o Brasileira de Alzheimer, a doen\u00e7a afeta cerca de 1,2 milh\u00e3o de brasileiros. Para convidar a popula\u00e7\u00e3o [&hellip;]<\/p>\n","protected":false},"author":1,"featured_media":27259,"comment_status":"open","ping_status":"open","sticky":false,"template":"","format":"standard","meta":{"footnotes":""},"categories":[140,139,243,247,1],"tags":[253,254,255,47,46],"class_list":["post-27249","post","type-post","status-publish","format-standard","has-post-thumbnail","hentry","category-noticias","category-noticias-filiados","category-regionais","category-regional-central-metropolitana","category-sem-categoria","tag-fevereiroroxo","tag-alzheimer","tag-clinicadetransicaopaulodetarso","tag-federassantas","tag-saude"],"yoast_head":"<!-- This site is optimized with the Yoast SEO plugin v26.9 - https:\/\/yoast.com\/product\/yoast-seo-wordpress\/ -->\n<title>FEVEREIRO ROXO ALERTA SOBRE A DOEN\u00c7A DE ALZHEIMER<\/title>\n<meta name=\"description\" content=\"FEVEREIRO ROXO ALERTA A POPULA\u00c7\u00c3O PARA A CONSCIENTIZA\u00c7\u00c3O DA DOEN\u00c7A DE ALZHEIMER - CL\u00cdNICA DE TRANSI\u00c7\u00c3O PAULO DE TARSO - FILIADO FEDERASSANTAS\" \/>\n<meta name=\"robots\" content=\"index, follow, max-snippet:-1, max-image-preview:large, max-video-preview:-1\" \/>\n<link rel=\"canonical\" href=\"https:\/\/www.federassantas.org.br\/novosite\/fevereiro-roxo-alerta-a-populacao-para-a-conscientizacao-da-doenca-de-alzheimer\/\" \/>\n<meta property=\"og:locale\" content=\"pt_BR\" \/>\n<meta property=\"og:type\" content=\"article\" \/>\n<meta property=\"og:title\" content=\"FEVEREIRO ROXO ALERTA SOBRE A DOEN\u00c7A DE ALZHEIMER\" \/>\n<meta property=\"og:description\" content=\"FEVEREIRO ROXO ALERTA A POPULA\u00c7\u00c3O PARA A CONSCIENTIZA\u00c7\u00c3O DA DOEN\u00c7A DE ALZHEIMER - CL\u00cdNICA DE TRANSI\u00c7\u00c3O PAULO DE TARSO - FILIADO FEDERASSANTAS\" \/>\n<meta property=\"og:url\" content=\"https:\/\/www.federassantas.org.br\/novosite\/fevereiro-roxo-alerta-a-populacao-para-a-conscientizacao-da-doenca-de-alzheimer\/\" \/>\n<meta property=\"og:site_name\" content=\"Federassantas\" \/>\n<meta property=\"article:published_time\" content=\"2023-02-06T17:13:57+00:00\" \/>\n<meta property=\"og:image\" content=\"https:\/\/www.federassantas.org.br\/novosite\/wp-content\/uploads\/2023\/02\/Fevereiro-Roxo-Rede-Paulo-de-Tarso-06.02.23-1.jpeg\" \/>\n\t<meta property=\"og:image:width\" content=\"1280\" \/>\n\t<meta property=\"og:image:height\" content=\"746\" \/>\n\t<meta property=\"og:image:type\" content=\"image\/jpeg\" \/>\n<meta name=\"author\" content=\"admin-federas\" \/>\n<meta name=\"twitter:card\" content=\"summary_large_image\" \/>\n<meta name=\"twitter:label1\" content=\"Escrito por\" \/>\n\t<meta name=\"twitter:data1\" content=\"admin-federas\" \/>\n\t<meta name=\"twitter:label2\" content=\"Est. tempo de leitura\" \/>\n\t<meta name=\"twitter:data2\" content=\"3 minutos\" \/>\n<script type=\"application\/ld+json\" class=\"yoast-schema-graph\">{\"@context\":\"https:\/\/schema.org\",\"@graph\":[{\"@type\":\"Article\",\"@id\":\"https:\/\/www.federassantas.org.br\/novosite\/fevereiro-roxo-alerta-a-populacao-para-a-conscientizacao-da-doenca-de-alzheimer\/#article\",\"isPartOf\":{\"@id\":\"https:\/\/www.federassantas.org.br\/novosite\/fevereiro-roxo-alerta-a-populacao-para-a-conscientizacao-da-doenca-de-alzheimer\/\"},\"author\":{\"name\":\"admin-federas\",\"@id\":\"https:\/\/www.federassantas.org.br\/novosite\/#\/schema\/person\/75fed98158349313fe56175f232f513c\"},\"headline\":\"FEVEREIRO ROXO ALERTA A POPULA\u00c7\u00c3O PARA A CONSCIENTIZA\u00c7\u00c3O DA DOEN\u00c7A DE ALZHEIMER\",\"datePublished\":\"2023-02-06T17:13:57+00:00\",\"mainEntityOfPage\":{\"@id\":\"https:\/\/www.federassantas.org.br\/novosite\/fevereiro-roxo-alerta-a-populacao-para-a-conscientizacao-da-doenca-de-alzheimer\/\"},\"wordCount\":489,\"commentCount\":0,\"publisher\":{\"@id\":\"https:\/\/www.federassantas.org.br\/novosite\/#organization\"},\"image\":{\"@id\":\"https:\/\/www.federassantas.org.br\/novosite\/fevereiro-roxo-alerta-a-populacao-para-a-conscientizacao-da-doenca-de-alzheimer\/#primaryimage\"},\"thumbnailUrl\":\"https:\/\/www.federassantas.org.br\/novosite\/wp-content\/uploads\/2023\/02\/Fevereiro-Roxo-Rede-Paulo-de-Tarso-06.02.23-1.jpeg\",\"keywords\":[\"#FEVEREIROROXO\",\"alzheimer\",\"CL\u00cdNICADETRANSI\u00c7\u00c3OPAULODETARSO\",\"Federassantas\",\"sa\u00fade\"],\"articleSection\":[\"Not\u00edcias\",\"Not\u00edcias filiados\",\"Regionais\",\"Regional Central \/ Metropolitana\"],\"inLanguage\":\"pt-BR\",\"potentialAction\":[{\"@type\":\"CommentAction\",\"name\":\"Comment\",\"target\":[\"https:\/\/www.federassantas.org.br\/novosite\/fevereiro-roxo-alerta-a-populacao-para-a-conscientizacao-da-doenca-de-alzheimer\/#respond\"]}]},{\"@type\":\"WebPage\",\"@id\":\"https:\/\/www.federassantas.org.br\/novosite\/fevereiro-roxo-alerta-a-populacao-para-a-conscientizacao-da-doenca-de-alzheimer\/\",\"url\":\"https:\/\/www.federassantas.org.br\/novosite\/fevereiro-roxo-alerta-a-populacao-para-a-conscientizacao-da-doenca-de-alzheimer\/\",\"name\":\"FEVEREIRO ROXO ALERTA SOBRE A DOEN\u00c7A DE ALZHEIMER\",\"isPartOf\":{\"@id\":\"https:\/\/www.federassantas.org.br\/novosite\/#website\"},\"primaryImageOfPage\":{\"@id\":\"https:\/\/www.federassantas.org.br\/novosite\/fevereiro-roxo-alerta-a-populacao-para-a-conscientizacao-da-doenca-de-alzheimer\/#primaryimage\"},\"image\":{\"@id\":\"https:\/\/www.federassantas.org.br\/novosite\/fevereiro-roxo-alerta-a-populacao-para-a-conscientizacao-da-doenca-de-alzheimer\/#primaryimage\"},\"thumbnailUrl\":\"https:\/\/www.federassantas.org.br\/novosite\/wp-content\/uploads\/2023\/02\/Fevereiro-Roxo-Rede-Paulo-de-Tarso-06.02.23-1.jpeg\",\"datePublished\":\"2023-02-06T17:13:57+00:00\",\"description\":\"FEVEREIRO ROXO ALERTA A POPULA\u00c7\u00c3O PARA A CONSCIENTIZA\u00c7\u00c3O DA DOEN\u00c7A DE ALZHEIMER - CL\u00cdNICA DE TRANSI\u00c7\u00c3O PAULO DE TARSO - FILIADO FEDERASSANTAS\",\"breadcrumb\":{\"@id\":\"https:\/\/www.federassantas.org.br\/novosite\/fevereiro-roxo-alerta-a-populacao-para-a-conscientizacao-da-doenca-de-alzheimer\/#breadcrumb\"},\"inLanguage\":\"pt-BR\",\"potentialAction\":[{\"@type\":\"ReadAction\",\"target\":[\"https:\/\/www.federassantas.org.br\/novosite\/fevereiro-roxo-alerta-a-populacao-para-a-conscientizacao-da-doenca-de-alzheimer\/\"]}]},{\"@type\":\"ImageObject\",\"inLanguage\":\"pt-BR\",\"@id\":\"https:\/\/www.federassantas.org.br\/novosite\/fevereiro-roxo-alerta-a-populacao-para-a-conscientizacao-da-doenca-de-alzheimer\/#primaryimage\",\"url\":\"https:\/\/www.federassantas.org.br\/novosite\/wp-content\/uploads\/2023\/02\/Fevereiro-Roxo-Rede-Paulo-de-Tarso-06.02.23-1.jpeg\",\"contentUrl\":\"https:\/\/www.federassantas.org.br\/novosite\/wp-content\/uploads\/2023\/02\/Fevereiro-Roxo-Rede-Paulo-de-Tarso-06.02.23-1.jpeg\",\"width\":1280,\"height\":746,\"caption\":\"FEVEREIRO ROXO ALERTA A POPULA\u00c7\u00c3O PARA A CONSCIENTIZA\u00c7\u00c3O DA DOEN\u00c7A DE ALZHEIMER\"},{\"@type\":\"BreadcrumbList\",\"@id\":\"https:\/\/www.federassantas.org.br\/novosite\/fevereiro-roxo-alerta-a-populacao-para-a-conscientizacao-da-doenca-de-alzheimer\/#breadcrumb\",\"itemListElement\":[{\"@type\":\"ListItem\",\"position\":1,\"name\":\"In\u00edcio\",\"item\":\"https:\/\/www.federassantas.org.br\/novosite\/\"},{\"@type\":\"ListItem\",\"position\":2,\"name\":\"FEVEREIRO ROXO ALERTA A POPULA\u00c7\u00c3O PARA A CONSCIENTIZA\u00c7\u00c3O DA DOEN\u00c7A DE ALZHEIMER\"}]},{\"@type\":\"WebSite\",\"@id\":\"https:\/\/www.federassantas.org.br\/novosite\/#website\",\"url\":\"https:\/\/www.federassantas.org.br\/novosite\/\",\"name\":\"Federassantas\",\"description\":\"Fed. das Santas Casas e Hospitais Filantr\u00f3picos de MG\",\"publisher\":{\"@id\":\"https:\/\/www.federassantas.org.br\/novosite\/#organization\"},\"potentialAction\":[{\"@type\":\"SearchAction\",\"target\":{\"@type\":\"EntryPoint\",\"urlTemplate\":\"https:\/\/www.federassantas.org.br\/novosite\/?s={search_term_string}\"},\"query-input\":{\"@type\":\"PropertyValueSpecification\",\"valueRequired\":true,\"valueName\":\"search_term_string\"}}],\"inLanguage\":\"pt-BR\"},{\"@type\":\"Organization\",\"@id\":\"https:\/\/www.federassantas.org.br\/novosite\/#organization\",\"name\":\"Federassantas\",\"url\":\"https:\/\/www.federassantas.org.br\/novosite\/\",\"logo\":{\"@type\":\"ImageObject\",\"inLanguage\":\"pt-BR\",\"@id\":\"https:\/\/www.federassantas.org.br\/novosite\/#\/schema\/logo\/image\/\",\"url\":\"https:\/\/www.federassantas.org.br\/novosite\/wp-content\/uploads\/2021\/12\/logo.png\",\"contentUrl\":\"https:\/\/www.federassantas.org.br\/novosite\/wp-content\/uploads\/2021\/12\/logo.png\",\"width\":243,\"height\":59,\"caption\":\"Federassantas\"},\"image\":{\"@id\":\"https:\/\/www.federassantas.org.br\/novosite\/#\/schema\/logo\/image\/\"}},{\"@type\":\"Person\",\"@id\":\"https:\/\/www.federassantas.org.br\/novosite\/#\/schema\/person\/75fed98158349313fe56175f232f513c\",\"name\":\"admin-federas\",\"image\":{\"@type\":\"ImageObject\",\"inLanguage\":\"pt-BR\",\"@id\":\"https:\/\/www.federassantas.org.br\/novosite\/#\/schema\/person\/image\/\",\"url\":\"https:\/\/secure.gravatar.com\/avatar\/2a02d7dda59fe8dc6b7ffd3f652e2efede5ccf0dd89dfdc8137c5517f3de8407?s=96&d=mm&r=g\",\"contentUrl\":\"https:\/\/secure.gravatar.com\/avatar\/2a02d7dda59fe8dc6b7ffd3f652e2efede5ccf0dd89dfdc8137c5517f3de8407?s=96&d=mm&r=g\",\"caption\":\"admin-federas\"},\"sameAs\":[\"https:\/\/www.federassantas.org.br\/novosite\/\"],\"url\":\"https:\/\/www.federassantas.org.br\/novosite\/author\/admin-federas\/\"}]}<\/script>\n<!-- \/ Yoast SEO plugin. -->","yoast_head_json":{"title":"FEVEREIRO ROXO ALERTA SOBRE A DOEN\u00c7A DE ALZHEIMER","description":"FEVEREIRO ROXO ALERTA A POPULA\u00c7\u00c3O PARA A CONSCIENTIZA\u00c7\u00c3O DA DOEN\u00c7A DE ALZHEIMER - CL\u00cdNICA DE TRANSI\u00c7\u00c3O PAULO DE TARSO - FILIADO FEDERASSANTAS","robots":{"index":"index","follow":"follow","max-snippet":"max-snippet:-1","max-image-preview":"max-image-preview:large","max-video-preview":"max-video-preview:-1"},"canonical":"https:\/\/www.federassantas.org.br\/novosite\/fevereiro-roxo-alerta-a-populacao-para-a-conscientizacao-da-doenca-de-alzheimer\/","og_locale":"pt_BR","og_type":"article","og_title":"FEVEREIRO ROXO ALERTA SOBRE A DOEN\u00c7A DE ALZHEIMER","og_description":"FEVEREIRO ROXO ALERTA A POPULA\u00c7\u00c3O PARA A CONSCIENTIZA\u00c7\u00c3O DA DOEN\u00c7A DE ALZHEIMER - CL\u00cdNICA DE TRANSI\u00c7\u00c3O PAULO DE TARSO - FILIADO FEDERASSANTAS","og_url":"https:\/\/www.federassantas.org.br\/novosite\/fevereiro-roxo-alerta-a-populacao-para-a-conscientizacao-da-doenca-de-alzheimer\/","og_site_name":"Federassantas","article_published_time":"2023-02-06T17:13:57+00:00","og_image":[{"width":1280,"height":746,"url":"https:\/\/www.federassantas.org.br\/novosite\/wp-content\/uploads\/2023\/02\/Fevereiro-Roxo-Rede-Paulo-de-Tarso-06.02.23-1.jpeg","type":"image\/jpeg"}],"author":"admin-federas","twitter_card":"summary_large_image","twitter_misc":{"Escrito por":"admin-federas","Est. tempo de leitura":"3 minutos"},"schema":{"@context":"https:\/\/schema.org","@graph":[{"@type":"Article","@id":"https:\/\/www.federassantas.org.br\/novosite\/fevereiro-roxo-alerta-a-populacao-para-a-conscientizacao-da-doenca-de-alzheimer\/#article","isPartOf":{"@id":"https:\/\/www.federassantas.org.br\/novosite\/fevereiro-roxo-alerta-a-populacao-para-a-conscientizacao-da-doenca-de-alzheimer\/"},"author":{"name":"admin-federas","@id":"https:\/\/www.federassantas.org.br\/novosite\/#\/schema\/person\/75fed98158349313fe56175f232f513c"},"headline":"FEVEREIRO ROXO ALERTA A POPULA\u00c7\u00c3O PARA A CONSCIENTIZA\u00c7\u00c3O DA DOEN\u00c7A DE ALZHEIMER","datePublished":"2023-02-06T17:13:57+00:00","mainEntityOfPage":{"@id":"https:\/\/www.federassantas.org.br\/novosite\/fevereiro-roxo-alerta-a-populacao-para-a-conscientizacao-da-doenca-de-alzheimer\/"},"wordCount":489,"commentCount":0,"publisher":{"@id":"https:\/\/www.federassantas.org.br\/novosite\/#organization"},"image":{"@id":"https:\/\/www.federassantas.org.br\/novosite\/fevereiro-roxo-alerta-a-populacao-para-a-conscientizacao-da-doenca-de-alzheimer\/#primaryimage"},"thumbnailUrl":"https:\/\/www.federassantas.org.br\/novosite\/wp-content\/uploads\/2023\/02\/Fevereiro-Roxo-Rede-Paulo-de-Tarso-06.02.23-1.jpeg","keywords":["#FEVEREIROROXO","alzheimer","CL\u00cdNICADETRANSI\u00c7\u00c3OPAULODETARSO","Federassantas","sa\u00fade"],"articleSection":["Not\u00edcias","Not\u00edcias filiados","Regionais","Regional Central \/ Metropolitana"],"inLanguage":"pt-BR","potentialAction":[{"@type":"CommentAction","name":"Comment","target":["https:\/\/www.federassantas.org.br\/novosite\/fevereiro-roxo-alerta-a-populacao-para-a-conscientizacao-da-doenca-de-alzheimer\/#respond"]}]},{"@type":"WebPage","@id":"https:\/\/www.federassantas.org.br\/novosite\/fevereiro-roxo-alerta-a-populacao-para-a-conscientizacao-da-doenca-de-alzheimer\/","url":"https:\/\/www.federassantas.org.br\/novosite\/fevereiro-roxo-alerta-a-populacao-para-a-conscientizacao-da-doenca-de-alzheimer\/","name":"FEVEREIRO ROXO ALERTA SOBRE A DOEN\u00c7A DE ALZHEIMER","isPartOf":{"@id":"https:\/\/www.federassantas.org.br\/novosite\/#website"},"primaryImageOfPage":{"@id":"https:\/\/www.federassantas.org.br\/novosite\/fevereiro-roxo-alerta-a-populacao-para-a-conscientizacao-da-doenca-de-alzheimer\/#primaryimage"},"image":{"@id":"https:\/\/www.federassantas.org.br\/novosite\/fevereiro-roxo-alerta-a-populacao-para-a-conscientizacao-da-doenca-de-alzheimer\/#primaryimage"},"thumbnailUrl":"https:\/\/www.federassantas.org.br\/novosite\/wp-content\/uploads\/2023\/02\/Fevereiro-Roxo-Rede-Paulo-de-Tarso-06.02.23-1.jpeg","datePublished":"2023-02-06T17:13:57+00:00","description":"FEVEREIRO ROXO ALERTA A POPULA\u00c7\u00c3O PARA A CONSCIENTIZA\u00c7\u00c3O DA DOEN\u00c7A DE ALZHEIMER - CL\u00cdNICA DE TRANSI\u00c7\u00c3O PAULO DE TARSO - FILIADO FEDERASSANTAS","breadcrumb":{"@id":"https:\/\/www.federassantas.org.br\/novosite\/fevereiro-roxo-alerta-a-populacao-para-a-conscientizacao-da-doenca-de-alzheimer\/#breadcrumb"},"inLanguage":"pt-BR","potentialAction":[{"@type":"ReadAction","target":["https:\/\/www.federassantas.org.br\/novosite\/fevereiro-roxo-alerta-a-populacao-para-a-conscientizacao-da-doenca-de-alzheimer\/"]}]},{"@type":"ImageObject","inLanguage":"pt-BR","@id":"https:\/\/www.federassantas.org.br\/novosite\/fevereiro-roxo-alerta-a-populacao-para-a-conscientizacao-da-doenca-de-alzheimer\/#primaryimage","url":"https:\/\/www.federassantas.org.br\/novosite\/wp-content\/uploads\/2023\/02\/Fevereiro-Roxo-Rede-Paulo-de-Tarso-06.02.23-1.jpeg","contentUrl":"https:\/\/www.federassantas.org.br\/novosite\/wp-content\/uploads\/2023\/02\/Fevereiro-Roxo-Rede-Paulo-de-Tarso-06.02.23-1.jpeg","width":1280,"height":746,"caption":"FEVEREIRO ROXO ALERTA A POPULA\u00c7\u00c3O PARA A CONSCIENTIZA\u00c7\u00c3O DA DOEN\u00c7A DE ALZHEIMER"},{"@type":"BreadcrumbList","@id":"https:\/\/www.federassantas.org.br\/novosite\/fevereiro-roxo-alerta-a-populacao-para-a-conscientizacao-da-doenca-de-alzheimer\/#breadcrumb","itemListElement":[{"@type":"ListItem","position":1,"name":"In\u00edcio","item":"https:\/\/www.federassantas.org.br\/novosite\/"},{"@type":"ListItem","position":2,"name":"FEVEREIRO ROXO ALERTA A POPULA\u00c7\u00c3O PARA A CONSCIENTIZA\u00c7\u00c3O DA DOEN\u00c7A DE ALZHEIMER"}]},{"@type":"WebSite","@id":"https:\/\/www.federassantas.org.br\/novosite\/#website","url":"https:\/\/www.federassantas.org.br\/novosite\/","name":"Federassantas","description":"Fed. das Santas Casas e Hospitais Filantr\u00f3picos de MG","publisher":{"@id":"https:\/\/www.federassantas.org.br\/novosite\/#organization"},"potentialAction":[{"@type":"SearchAction","target":{"@type":"EntryPoint","urlTemplate":"https:\/\/www.federassantas.org.br\/novosite\/?s={search_term_string}"},"query-input":{"@type":"PropertyValueSpecification","valueRequired":true,"valueName":"search_term_string"}}],"inLanguage":"pt-BR"},{"@type":"Organization","@id":"https:\/\/www.federassantas.org.br\/novosite\/#organization","name":"Federassantas","url":"https:\/\/www.federassantas.org.br\/novosite\/","logo":{"@type":"ImageObject","inLanguage":"pt-BR","@id":"https:\/\/www.federassantas.org.br\/novosite\/#\/schema\/logo\/image\/","url":"https:\/\/www.federassantas.org.br\/novosite\/wp-content\/uploads\/2021\/12\/logo.png","contentUrl":"https:\/\/www.federassantas.org.br\/novosite\/wp-content\/uploads\/2021\/12\/logo.png","width":243,"height":59,"caption":"Federassantas"},"image":{"@id":"https:\/\/www.federassantas.org.br\/novosite\/#\/schema\/logo\/image\/"}},{"@type":"Person","@id":"https:\/\/www.federassantas.org.br\/novosite\/#\/schema\/person\/75fed98158349313fe56175f232f513c","name":"admin-federas","image":{"@type":"ImageObject","inLanguage":"pt-BR","@id":"https:\/\/www.federassantas.org.br\/novosite\/#\/schema\/person\/image\/","url":"https:\/\/secure.gravatar.com\/avatar\/2a02d7dda59fe8dc6b7ffd3f652e2efede5ccf0dd89dfdc8137c5517f3de8407?s=96&d=mm&r=g","contentUrl":"https:\/\/secure.gravatar.com\/avatar\/2a02d7dda59fe8dc6b7ffd3f652e2efede5ccf0dd89dfdc8137c5517f3de8407?s=96&d=mm&r=g","caption":"admin-federas"},"sameAs":["https:\/\/www.federassantas.org.br\/novosite\/"],"url":"https:\/\/www.federassantas.org.br\/novosite\/author\/admin-federas\/"}]}},"_links":{"self":[{"href":"https:\/\/www.federassantas.org.br\/novosite\/wp-json\/wp\/v2\/posts\/27249","targetHints":{"allow":["GET"]}}],"collection":[{"href":"https:\/\/www.federassantas.org.br\/novosite\/wp-json\/wp\/v2\/posts"}],"about":[{"href":"https:\/\/www.federassantas.org.br\/novosite\/wp-json\/wp\/v2\/types\/post"}],"author":[{"embeddable":true,"href":"https:\/\/www.federassantas.org.br\/novosite\/wp-json\/wp\/v2\/users\/1"}],"replies":[{"embeddable":true,"href":"https:\/\/www.federassantas.org.br\/novosite\/wp-json\/wp\/v2\/comments?post=27249"}],"version-history":[{"count":8,"href":"https:\/\/www.federassantas.org.br\/novosite\/wp-json\/wp\/v2\/posts\/27249\/revisions"}],"predecessor-version":[{"id":27260,"href":"https:\/\/www.federassantas.org.br\/novosite\/wp-json\/wp\/v2\/posts\/27249\/revisions\/27260"}],"wp:featuredmedia":[{"embeddable":true,"href":"https:\/\/www.federassantas.org.br\/novosite\/wp-json\/wp\/v2\/media\/27259"}],"wp:attachment":[{"href":"https:\/\/www.federassantas.org.br\/novosite\/wp-json\/wp\/v2\/media?parent=27249"}],"wp:term":[{"taxonomy":"category","embeddable":true,"href":"https:\/\/www.federassantas.org.br\/novosite\/wp-json\/wp\/v2\/categories?post=27249"},{"taxonomy":"post_tag","embeddable":true,"href":"https:\/\/www.federassantas.org.br\/novosite\/wp-json\/wp\/v2\/tags?post=27249"}],"curies":[{"name":"wp","href":"https:\/\/api.w.org\/{rel}","templated":true}]}}