{"id":27283,"date":"2023-02-08T10:42:30","date_gmt":"2023-02-08T13:42:30","guid":{"rendered":"https:\/\/www.federassantas.org.br\/novosite\/?p=27283"},"modified":"2023-02-08T11:12:25","modified_gmt":"2023-02-08T14:12:25","slug":"informe-federassantas","status":"publish","type":"post","link":"https:\/\/www.federassantas.org.br\/novosite\/informe-federassantas\/","title":{"rendered":"FEDERASSANTAS INFORMA: PORTARIA GM\/MS N\u00ba 96, DE 7 DE FEVEREIRO DE 2023"},"content":{"rendered":"\t\t<div data-elementor-type=\"wp-post\" data-elementor-id=\"27283\" class=\"elementor elementor-27283\" data-elementor-post-type=\"post\">\n\t\t\t\t\t\t<section class=\"elementor-section elementor-top-section elementor-element elementor-element-dc701b5 elementor-section-boxed elementor-section-height-default elementor-section-height-default\" data-id=\"dc701b5\" data-element_type=\"section\" data-e-type=\"section\">\n\t\t\t\t\t\t<div class=\"elementor-container elementor-column-gap-default\">\n\t\t\t\t\t<div class=\"elementor-column elementor-col-100 elementor-top-column elementor-element elementor-element-1860cae\" data-id=\"1860cae\" data-element_type=\"column\" data-e-type=\"column\">\n\t\t\t<div class=\"elementor-widget-wrap elementor-element-populated\">\n\t\t\t\t\t\t<div class=\"elementor-element elementor-element-bebb656 elementor-widget elementor-widget-heading\" data-id=\"bebb656\" data-element_type=\"widget\" data-e-type=\"widget\" data-widget_type=\"heading.default\">\n\t\t\t\t<div class=\"elementor-widget-container\">\n\t\t\t\t\t<h2 class=\"elementor-heading-title elementor-size-default\">Federassantas Informa!<br><\/h2>\t\t\t\t<\/div>\n\t\t\t\t<\/div>\n\t\t\t\t\t<\/div>\n\t\t<\/div>\n\t\t\t\t\t<\/div>\n\t\t<\/section>\n\t\t\t\t<section class=\"elementor-section elementor-top-section elementor-element elementor-element-dd101b0 elementor-section-boxed elementor-section-height-default elementor-section-height-default\" data-id=\"dd101b0\" data-element_type=\"section\" data-e-type=\"section\">\n\t\t\t\t\t\t<div class=\"elementor-container elementor-column-gap-default\">\n\t\t\t\t\t<div class=\"elementor-column elementor-col-100 elementor-top-column elementor-element elementor-element-fc6f66d\" data-id=\"fc6f66d\" data-element_type=\"column\" data-e-type=\"column\">\n\t\t\t<div class=\"elementor-widget-wrap elementor-element-populated\">\n\t\t\t\t\t\t<div class=\"elementor-element elementor-element-b91e0ec elementor-widget elementor-widget-heading\" data-id=\"b91e0ec\" data-element_type=\"widget\" data-e-type=\"widget\" data-widget_type=\"heading.default\">\n\t\t\t\t<div class=\"elementor-widget-container\">\n\t\t\t\t\t<h2 class=\"elementor-heading-title elementor-size-default\">PORTARIA GM\/MS N\u00ba 96, DE 7 DE FEVEREIRO DE 2023<\/h2>\t\t\t\t<\/div>\n\t\t\t\t<\/div>\n\t\t\t\t<div class=\"elementor-element elementor-element-f59e4c9 elementor-widget elementor-widget-text-editor\" data-id=\"f59e4c9\" data-element_type=\"widget\" data-e-type=\"widget\" data-widget_type=\"text-editor.default\">\n\t\t\t\t<div class=\"elementor-widget-container\">\n\t\t\t\t\t\t\t\t\t<p>Publicada, ontem, a portaria GM\/MS \u00ba 96, que estabelece os par\u00e2metros para a defini\u00e7\u00e3o do aux\u00edlio financeiro \u00e0s entidades privadas sem fins lucrativos que complementam o Sistema \u00danico de Sa\u00fade &#8211; SUS, decorrentes da <strong>transposi\u00e7\u00e3o e transfer\u00eancia dos saldos financeiros remanescentes de exerc\u00edcios anteriores a 2018,<\/strong> nos termos da Lei Complementar n\u00ba 197, de 6 de dezembro de 2022.<\/p><p>No anexo da portaria est\u00e1 a divulga\u00e7\u00e3o da lista das entidades privadas sem fins lucrativos que complementam o SUS preliminarmente classificadas como candidatas ao recebimento do aux\u00edlio financeiro, segundo gest\u00e3o.<\/p><p>Vale se atentar aos saldos financeiros nas contas abertas antes de 1\u00ba de janeiro de 2018, que encontram-se divulgados no painel do<a href=\"https:\/\/painelms.saude.gov.br\/extensions\/Portal_Saldos\/Portal_Saldos.html\"> Fundo Nacional de Sa\u00fade.<\/a> Ao longo do ano de 2023, o Minist\u00e9rio da Sa\u00fade far\u00e1 o repasse da diferen\u00e7a entre os saldos financeiros e o montante total referido no anexo da Portaria, observadas as disponibilidades previstas na Lei Or\u00e7ament\u00e1ria Anual e seus cr\u00e9ditos.<\/p><p>O aux\u00edlio financeiro referente aos saldos remanescentes nas contas\u00a0 dever\u00e3o ser repassados \u00e0s entidades em at\u00e9 30 (trinta) dias.<\/p><p><a href=\"http:\/\/www.in.gov.br\/web\/dou\/-\/portaria-gm\/ms-n-96-de-7-de-fevereiro-de-2023-462992651\"><em>Leia a portaria na \u00edntegra.<\/em><\/a><\/p>\t\t\t\t\t\t\t\t<\/div>\n\t\t\t\t<\/div>\n\t\t\t\t\t<\/div>\n\t\t<\/div>\n\t\t\t\t\t<\/div>\n\t\t<\/section>\n\t\t\t\t<\/div>\n\t\t","protected":false},"excerpt":{"rendered":"<p>Federassantas Informa! PORTARIA GM\/MS N\u00ba 96, DE 7 DE FEVEREIRO DE 2023 Publicada, ontem, a portaria GM\/MS \u00ba 96, que estabelece os par\u00e2metros para a defini\u00e7\u00e3o do aux\u00edlio financeiro \u00e0s entidades privadas sem fins lucrativos que complementam o Sistema \u00danico de Sa\u00fade &#8211; SUS, decorrentes da transposi\u00e7\u00e3o e transfer\u00eancia dos saldos financeiros remanescentes de exerc\u00edcios [&hellip;]<\/p>\n","protected":false},"author":1,"featured_media":27302,"comment_status":"open","ping_status":"open","sticky":false,"template":"","format":"standard","meta":{"footnotes":""},"categories":[142,141,143,243,247,244,248,250,245,246,249,1],"tags":[],"class_list":["post-27283","post","type-post","status-publish","format-standard","has-post-thumbnail","hentry","category-informativos","category-noticias-federassantas","category-noticias-publicas","category-regionais","category-regional-central-metropolitana","category-regional-norte","category-regional-oeste","category-regional-sul","category-regional-triangulo","category-regional-vales","category-regional-zona-da-mata","category-sem-categoria"],"yoast_head":"<!-- This site is optimized with the Yoast SEO plugin v26.9 - https:\/\/yoast.com\/product\/yoast-seo-wordpress\/ -->\n<title>INFORME FEDERASSANTAS -PORTARIA GM\/MS N\u00ba 96-07\/02\/23<\/title>\n<meta name=\"robots\" content=\"index, follow, max-snippet:-1, max-image-preview:large, max-video-preview:-1\" \/>\n<link rel=\"canonical\" href=\"https:\/\/www.federassantas.org.br\/novosite\/informe-federassantas\/\" \/>\n<meta property=\"og:locale\" content=\"pt_BR\" \/>\n<meta property=\"og:type\" content=\"article\" \/>\n<meta property=\"og:title\" content=\"INFORME FEDERASSANTAS -PORTARIA GM\/MS N\u00ba 96-07\/02\/23\" \/>\n<meta property=\"og:description\" content=\"Federassantas Informa! PORTARIA GM\/MS N\u00ba 96, DE 7 DE FEVEREIRO DE 2023 Publicada, ontem, a portaria GM\/MS \u00ba 96, que estabelece os par\u00e2metros para a defini\u00e7\u00e3o do aux\u00edlio financeiro \u00e0s entidades privadas sem fins lucrativos que complementam o Sistema \u00danico de Sa\u00fade &#8211; SUS, decorrentes da transposi\u00e7\u00e3o e transfer\u00eancia dos saldos financeiros remanescentes de exerc\u00edcios [&hellip;]\" \/>\n<meta property=\"og:url\" content=\"https:\/\/www.federassantas.org.br\/novosite\/informe-federassantas\/\" \/>\n<meta property=\"og:site_name\" content=\"Federassantas\" \/>\n<meta property=\"article:published_time\" content=\"2023-02-08T13:42:30+00:00\" \/>\n<meta property=\"article:modified_time\" content=\"2023-02-08T14:12:25+00:00\" \/>\n<meta property=\"og:image\" content=\"https:\/\/www.federassantas.org.br\/novosite\/wp-content\/uploads\/2023\/02\/atencao-filiados-FEDERASSANTAS-4.png\" \/>\n\t<meta property=\"og:image:width\" content=\"6912\" \/>\n\t<meta property=\"og:image:height\" content=\"3456\" \/>\n\t<meta property=\"og:image:type\" content=\"image\/png\" \/>\n<meta name=\"author\" content=\"admin-federas\" \/>\n<meta name=\"twitter:card\" content=\"summary_large_image\" \/>\n<meta name=\"twitter:label1\" content=\"Escrito por\" \/>\n\t<meta name=\"twitter:data1\" content=\"admin-federas\" \/>\n\t<meta name=\"twitter:label2\" content=\"Est. tempo de leitura\" \/>\n\t<meta name=\"twitter:data2\" content=\"2 minutos\" \/>\n<script type=\"application\/ld+json\" class=\"yoast-schema-graph\">{\"@context\":\"https:\/\/schema.org\",\"@graph\":[{\"@type\":\"Article\",\"@id\":\"https:\/\/www.federassantas.org.br\/novosite\/informe-federassantas\/#article\",\"isPartOf\":{\"@id\":\"https:\/\/www.federassantas.org.br\/novosite\/informe-federassantas\/\"},\"author\":{\"name\":\"admin-federas\",\"@id\":\"https:\/\/www.federassantas.org.br\/novosite\/#\/schema\/person\/75fed98158349313fe56175f232f513c\"},\"headline\":\"FEDERASSANTAS INFORMA: PORTARIA GM\/MS N\u00ba 96, DE 7 DE FEVEREIRO DE 2023\",\"datePublished\":\"2023-02-08T13:42:30+00:00\",\"dateModified\":\"2023-02-08T14:12:25+00:00\",\"mainEntityOfPage\":{\"@id\":\"https:\/\/www.federassantas.org.br\/novosite\/informe-federassantas\/\"},\"wordCount\":208,\"commentCount\":0,\"publisher\":{\"@id\":\"https:\/\/www.federassantas.org.br\/novosite\/#organization\"},\"image\":{\"@id\":\"https:\/\/www.federassantas.org.br\/novosite\/informe-federassantas\/#primaryimage\"},\"thumbnailUrl\":\"https:\/\/www.federassantas.org.br\/novosite\/wp-content\/uploads\/2023\/02\/atencao-filiados-FEDERASSANTAS-4.png\",\"articleSection\":[\"Informativos\",\"Not\u00edcias Federassantas\",\"Not\u00edcias P\u00fablicas\",\"Regionais\",\"Regional Central \/ Metropolitana\",\"Regional Norte\",\"Regional Oeste\",\"Regional Sul\",\"Regional Tri\u00e2ngulo\",\"Regional Vales\",\"Regional Zona Da Mata\"],\"inLanguage\":\"pt-BR\",\"potentialAction\":[{\"@type\":\"CommentAction\",\"name\":\"Comment\",\"target\":[\"https:\/\/www.federassantas.org.br\/novosite\/informe-federassantas\/#respond\"]}]},{\"@type\":\"WebPage\",\"@id\":\"https:\/\/www.federassantas.org.br\/novosite\/informe-federassantas\/\",\"url\":\"https:\/\/www.federassantas.org.br\/novosite\/informe-federassantas\/\",\"name\":\"INFORME FEDERASSANTAS -PORTARIA GM\/MS N\u00ba 96-07\/02\/23\",\"isPartOf\":{\"@id\":\"https:\/\/www.federassantas.org.br\/novosite\/#website\"},\"primaryImageOfPage\":{\"@id\":\"https:\/\/www.federassantas.org.br\/novosite\/informe-federassantas\/#primaryimage\"},\"image\":{\"@id\":\"https:\/\/www.federassantas.org.br\/novosite\/informe-federassantas\/#primaryimage\"},\"thumbnailUrl\":\"https:\/\/www.federassantas.org.br\/novosite\/wp-content\/uploads\/2023\/02\/atencao-filiados-FEDERASSANTAS-4.png\",\"datePublished\":\"2023-02-08T13:42:30+00:00\",\"dateModified\":\"2023-02-08T14:12:25+00:00\",\"breadcrumb\":{\"@id\":\"https:\/\/www.federassantas.org.br\/novosite\/informe-federassantas\/#breadcrumb\"},\"inLanguage\":\"pt-BR\",\"potentialAction\":[{\"@type\":\"ReadAction\",\"target\":[\"https:\/\/www.federassantas.org.br\/novosite\/informe-federassantas\/\"]}]},{\"@type\":\"ImageObject\",\"inLanguage\":\"pt-BR\",\"@id\":\"https:\/\/www.federassantas.org.br\/novosite\/informe-federassantas\/#primaryimage\",\"url\":\"https:\/\/www.federassantas.org.br\/novosite\/wp-content\/uploads\/2023\/02\/atencao-filiados-FEDERASSANTAS-4.png\",\"contentUrl\":\"https:\/\/www.federassantas.org.br\/novosite\/wp-content\/uploads\/2023\/02\/atencao-filiados-FEDERASSANTAS-4.png\",\"width\":6912,\"height\":3456,\"caption\":\"PORTARIA GM\/MS N\u00ba 96, DE 7 DE FEVEREIRO DE 2023\"},{\"@type\":\"BreadcrumbList\",\"@id\":\"https:\/\/www.federassantas.org.br\/novosite\/informe-federassantas\/#breadcrumb\",\"itemListElement\":[{\"@type\":\"ListItem\",\"position\":1,\"name\":\"In\u00edcio\",\"item\":\"https:\/\/www.federassantas.org.br\/novosite\/\"},{\"@type\":\"ListItem\",\"position\":2,\"name\":\"FEDERASSANTAS INFORMA: PORTARIA GM\/MS N\u00ba 96, DE 7 DE FEVEREIRO DE 2023\"}]},{\"@type\":\"WebSite\",\"@id\":\"https:\/\/www.federassantas.org.br\/novosite\/#website\",\"url\":\"https:\/\/www.federassantas.org.br\/novosite\/\",\"name\":\"Federassantas\",\"description\":\"Fed. das Santas Casas e Hospitais Filantr\u00f3picos de MG\",\"publisher\":{\"@id\":\"https:\/\/www.federassantas.org.br\/novosite\/#organization\"},\"potentialAction\":[{\"@type\":\"SearchAction\",\"target\":{\"@type\":\"EntryPoint\",\"urlTemplate\":\"https:\/\/www.federassantas.org.br\/novosite\/?s={search_term_string}\"},\"query-input\":{\"@type\":\"PropertyValueSpecification\",\"valueRequired\":true,\"valueName\":\"search_term_string\"}}],\"inLanguage\":\"pt-BR\"},{\"@type\":\"Organization\",\"@id\":\"https:\/\/www.federassantas.org.br\/novosite\/#organization\",\"name\":\"Federassantas\",\"url\":\"https:\/\/www.federassantas.org.br\/novosite\/\",\"logo\":{\"@type\":\"ImageObject\",\"inLanguage\":\"pt-BR\",\"@id\":\"https:\/\/www.federassantas.org.br\/novosite\/#\/schema\/logo\/image\/\",\"url\":\"https:\/\/www.federassantas.org.br\/novosite\/wp-content\/uploads\/2021\/12\/logo.png\",\"contentUrl\":\"https:\/\/www.federassantas.org.br\/novosite\/wp-content\/uploads\/2021\/12\/logo.png\",\"width\":243,\"height\":59,\"caption\":\"Federassantas\"},\"image\":{\"@id\":\"https:\/\/www.federassantas.org.br\/novosite\/#\/schema\/logo\/image\/\"}},{\"@type\":\"Person\",\"@id\":\"https:\/\/www.federassantas.org.br\/novosite\/#\/schema\/person\/75fed98158349313fe56175f232f513c\",\"name\":\"admin-federas\",\"image\":{\"@type\":\"ImageObject\",\"inLanguage\":\"pt-BR\",\"@id\":\"https:\/\/www.federassantas.org.br\/novosite\/#\/schema\/person\/image\/\",\"url\":\"https:\/\/secure.gravatar.com\/avatar\/2a02d7dda59fe8dc6b7ffd3f652e2efede5ccf0dd89dfdc8137c5517f3de8407?s=96&d=mm&r=g\",\"contentUrl\":\"https:\/\/secure.gravatar.com\/avatar\/2a02d7dda59fe8dc6b7ffd3f652e2efede5ccf0dd89dfdc8137c5517f3de8407?s=96&d=mm&r=g\",\"caption\":\"admin-federas\"},\"sameAs\":[\"https:\/\/www.federassantas.org.br\/novosite\/\"],\"url\":\"https:\/\/www.federassantas.org.br\/novosite\/author\/admin-federas\/\"}]}<\/script>\n<!-- \/ Yoast SEO plugin. -->","yoast_head_json":{"title":"INFORME FEDERASSANTAS -PORTARIA GM\/MS N\u00ba 96-07\/02\/23","robots":{"index":"index","follow":"follow","max-snippet":"max-snippet:-1","max-image-preview":"max-image-preview:large","max-video-preview":"max-video-preview:-1"},"canonical":"https:\/\/www.federassantas.org.br\/novosite\/informe-federassantas\/","og_locale":"pt_BR","og_type":"article","og_title":"INFORME FEDERASSANTAS -PORTARIA GM\/MS N\u00ba 96-07\/02\/23","og_description":"Federassantas Informa! PORTARIA GM\/MS N\u00ba 96, DE 7 DE FEVEREIRO DE 2023 Publicada, ontem, a portaria GM\/MS \u00ba 96, que estabelece os par\u00e2metros para a defini\u00e7\u00e3o do aux\u00edlio financeiro \u00e0s entidades privadas sem fins lucrativos que complementam o Sistema \u00danico de Sa\u00fade &#8211; SUS, decorrentes da transposi\u00e7\u00e3o e transfer\u00eancia dos saldos financeiros remanescentes de exerc\u00edcios [&hellip;]","og_url":"https:\/\/www.federassantas.org.br\/novosite\/informe-federassantas\/","og_site_name":"Federassantas","article_published_time":"2023-02-08T13:42:30+00:00","article_modified_time":"2023-02-08T14:12:25+00:00","og_image":[{"width":6912,"height":3456,"url":"https:\/\/www.federassantas.org.br\/novosite\/wp-content\/uploads\/2023\/02\/atencao-filiados-FEDERASSANTAS-4.png","type":"image\/png"}],"author":"admin-federas","twitter_card":"summary_large_image","twitter_misc":{"Escrito por":"admin-federas","Est. tempo de leitura":"2 minutos"},"schema":{"@context":"https:\/\/schema.org","@graph":[{"@type":"Article","@id":"https:\/\/www.federassantas.org.br\/novosite\/informe-federassantas\/#article","isPartOf":{"@id":"https:\/\/www.federassantas.org.br\/novosite\/informe-federassantas\/"},"author":{"name":"admin-federas","@id":"https:\/\/www.federassantas.org.br\/novosite\/#\/schema\/person\/75fed98158349313fe56175f232f513c"},"headline":"FEDERASSANTAS INFORMA: PORTARIA GM\/MS N\u00ba 96, DE 7 DE FEVEREIRO DE 2023","datePublished":"2023-02-08T13:42:30+00:00","dateModified":"2023-02-08T14:12:25+00:00","mainEntityOfPage":{"@id":"https:\/\/www.federassantas.org.br\/novosite\/informe-federassantas\/"},"wordCount":208,"commentCount":0,"publisher":{"@id":"https:\/\/www.federassantas.org.br\/novosite\/#organization"},"image":{"@id":"https:\/\/www.federassantas.org.br\/novosite\/informe-federassantas\/#primaryimage"},"thumbnailUrl":"https:\/\/www.federassantas.org.br\/novosite\/wp-content\/uploads\/2023\/02\/atencao-filiados-FEDERASSANTAS-4.png","articleSection":["Informativos","Not\u00edcias Federassantas","Not\u00edcias P\u00fablicas","Regionais","Regional Central \/ Metropolitana","Regional Norte","Regional Oeste","Regional Sul","Regional Tri\u00e2ngulo","Regional Vales","Regional Zona Da Mata"],"inLanguage":"pt-BR","potentialAction":[{"@type":"CommentAction","name":"Comment","target":["https:\/\/www.federassantas.org.br\/novosite\/informe-federassantas\/#respond"]}]},{"@type":"WebPage","@id":"https:\/\/www.federassantas.org.br\/novosite\/informe-federassantas\/","url":"https:\/\/www.federassantas.org.br\/novosite\/informe-federassantas\/","name":"INFORME FEDERASSANTAS -PORTARIA GM\/MS N\u00ba 96-07\/02\/23","isPartOf":{"@id":"https:\/\/www.federassantas.org.br\/novosite\/#website"},"primaryImageOfPage":{"@id":"https:\/\/www.federassantas.org.br\/novosite\/informe-federassantas\/#primaryimage"},"image":{"@id":"https:\/\/www.federassantas.org.br\/novosite\/informe-federassantas\/#primaryimage"},"thumbnailUrl":"https:\/\/www.federassantas.org.br\/novosite\/wp-content\/uploads\/2023\/02\/atencao-filiados-FEDERASSANTAS-4.png","datePublished":"2023-02-08T13:42:30+00:00","dateModified":"2023-02-08T14:12:25+00:00","breadcrumb":{"@id":"https:\/\/www.federassantas.org.br\/novosite\/informe-federassantas\/#breadcrumb"},"inLanguage":"pt-BR","potentialAction":[{"@type":"ReadAction","target":["https:\/\/www.federassantas.org.br\/novosite\/informe-federassantas\/"]}]},{"@type":"ImageObject","inLanguage":"pt-BR","@id":"https:\/\/www.federassantas.org.br\/novosite\/informe-federassantas\/#primaryimage","url":"https:\/\/www.federassantas.org.br\/novosite\/wp-content\/uploads\/2023\/02\/atencao-filiados-FEDERASSANTAS-4.png","contentUrl":"https:\/\/www.federassantas.org.br\/novosite\/wp-content\/uploads\/2023\/02\/atencao-filiados-FEDERASSANTAS-4.png","width":6912,"height":3456,"caption":"PORTARIA GM\/MS N\u00ba 96, DE 7 DE FEVEREIRO DE 2023"},{"@type":"BreadcrumbList","@id":"https:\/\/www.federassantas.org.br\/novosite\/informe-federassantas\/#breadcrumb","itemListElement":[{"@type":"ListItem","position":1,"name":"In\u00edcio","item":"https:\/\/www.federassantas.org.br\/novosite\/"},{"@type":"ListItem","position":2,"name":"FEDERASSANTAS INFORMA: PORTARIA GM\/MS N\u00ba 96, DE 7 DE FEVEREIRO DE 2023"}]},{"@type":"WebSite","@id":"https:\/\/www.federassantas.org.br\/novosite\/#website","url":"https:\/\/www.federassantas.org.br\/novosite\/","name":"Federassantas","description":"Fed. das Santas Casas e Hospitais Filantr\u00f3picos de MG","publisher":{"@id":"https:\/\/www.federassantas.org.br\/novosite\/#organization"},"potentialAction":[{"@type":"SearchAction","target":{"@type":"EntryPoint","urlTemplate":"https:\/\/www.federassantas.org.br\/novosite\/?s={search_term_string}"},"query-input":{"@type":"PropertyValueSpecification","valueRequired":true,"valueName":"search_term_string"}}],"inLanguage":"pt-BR"},{"@type":"Organization","@id":"https:\/\/www.federassantas.org.br\/novosite\/#organization","name":"Federassantas","url":"https:\/\/www.federassantas.org.br\/novosite\/","logo":{"@type":"ImageObject","inLanguage":"pt-BR","@id":"https:\/\/www.federassantas.org.br\/novosite\/#\/schema\/logo\/image\/","url":"https:\/\/www.federassantas.org.br\/novosite\/wp-content\/uploads\/2021\/12\/logo.png","contentUrl":"https:\/\/www.federassantas.org.br\/novosite\/wp-content\/uploads\/2021\/12\/logo.png","width":243,"height":59,"caption":"Federassantas"},"image":{"@id":"https:\/\/www.federassantas.org.br\/novosite\/#\/schema\/logo\/image\/"}},{"@type":"Person","@id":"https:\/\/www.federassantas.org.br\/novosite\/#\/schema\/person\/75fed98158349313fe56175f232f513c","name":"admin-federas","image":{"@type":"ImageObject","inLanguage":"pt-BR","@id":"https:\/\/www.federassantas.org.br\/novosite\/#\/schema\/person\/image\/","url":"https:\/\/secure.gravatar.com\/avatar\/2a02d7dda59fe8dc6b7ffd3f652e2efede5ccf0dd89dfdc8137c5517f3de8407?s=96&d=mm&r=g","contentUrl":"https:\/\/secure.gravatar.com\/avatar\/2a02d7dda59fe8dc6b7ffd3f652e2efede5ccf0dd89dfdc8137c5517f3de8407?s=96&d=mm&r=g","caption":"admin-federas"},"sameAs":["https:\/\/www.federassantas.org.br\/novosite\/"],"url":"https:\/\/www.federassantas.org.br\/novosite\/author\/admin-federas\/"}]}},"_links":{"self":[{"href":"https:\/\/www.federassantas.org.br\/novosite\/wp-json\/wp\/v2\/posts\/27283","targetHints":{"allow":["GET"]}}],"collection":[{"href":"https:\/\/www.federassantas.org.br\/novosite\/wp-json\/wp\/v2\/posts"}],"about":[{"href":"https:\/\/www.federassantas.org.br\/novosite\/wp-json\/wp\/v2\/types\/post"}],"author":[{"embeddable":true,"href":"https:\/\/www.federassantas.org.br\/novosite\/wp-json\/wp\/v2\/users\/1"}],"replies":[{"embeddable":true,"href":"https:\/\/www.federassantas.org.br\/novosite\/wp-json\/wp\/v2\/comments?post=27283"}],"version-history":[{"count":17,"href":"https:\/\/www.federassantas.org.br\/novosite\/wp-json\/wp\/v2\/posts\/27283\/revisions"}],"predecessor-version":[{"id":27307,"href":"https:\/\/www.federassantas.org.br\/novosite\/wp-json\/wp\/v2\/posts\/27283\/revisions\/27307"}],"wp:featuredmedia":[{"embeddable":true,"href":"https:\/\/www.federassantas.org.br\/novosite\/wp-json\/wp\/v2\/media\/27302"}],"wp:attachment":[{"href":"https:\/\/www.federassantas.org.br\/novosite\/wp-json\/wp\/v2\/media?parent=27283"}],"wp:term":[{"taxonomy":"category","embeddable":true,"href":"https:\/\/www.federassantas.org.br\/novosite\/wp-json\/wp\/v2\/categories?post=27283"},{"taxonomy":"post_tag","embeddable":true,"href":"https:\/\/www.federassantas.org.br\/novosite\/wp-json\/wp\/v2\/tags?post=27283"}],"curies":[{"name":"wp","href":"https:\/\/api.w.org\/{rel}","templated":true}]}}