{"id":27979,"date":"2023-04-10T09:39:49","date_gmt":"2023-04-10T12:39:49","guid":{"rendered":"https:\/\/www.federassantas.org.br\/novosite\/?p=27979"},"modified":"2023-04-10T09:46:46","modified_gmt":"2023-04-10T12:46:46","slug":"inscricoes-abertas-para-pos-graduacao-em-enfermagem-obstetrica-e-neonatologia","status":"publish","type":"post","link":"https:\/\/www.federassantas.org.br\/novosite\/inscricoes-abertas-para-pos-graduacao-em-enfermagem-obstetrica-e-neonatologia\/","title":{"rendered":"Inscri\u00e7\u00f5es abertas para P\u00f3s-Gradua\u00e7\u00e3o em Enfermagem Obst\u00e9trica e Neonatologia"},"content":{"rendered":"\t\t<div data-elementor-type=\"wp-post\" data-elementor-id=\"27979\" class=\"elementor elementor-27979\" data-elementor-post-type=\"post\">\n\t\t\t\t\t\t<section class=\"elementor-section elementor-top-section elementor-element elementor-element-ebf6aba elementor-section-boxed elementor-section-height-default elementor-section-height-default\" data-id=\"ebf6aba\" data-element_type=\"section\" data-e-type=\"section\">\n\t\t\t\t\t\t<div class=\"elementor-container elementor-column-gap-default\">\n\t\t\t\t\t<div class=\"elementor-column elementor-col-100 elementor-top-column elementor-element elementor-element-e887253\" data-id=\"e887253\" data-element_type=\"column\" data-e-type=\"column\">\n\t\t\t<div class=\"elementor-widget-wrap elementor-element-populated\">\n\t\t\t\t\t\t<div class=\"elementor-element elementor-element-3bc4113 elementor-widget elementor-widget-heading\" data-id=\"3bc4113\" data-element_type=\"widget\" data-e-type=\"widget\" data-widget_type=\"heading.default\">\n\t\t\t\t<div class=\"elementor-widget-container\">\n\t\t\t\t\t<h2 class=\"elementor-heading-title elementor-size-default\">UNEP est\u00e1 com inscri\u00e7\u00f5es abertas para P\u00f3s-Gradua\u00e7\u00e3o em Enfermagem Obst\u00e9trica e Neonatologia<\/h2>\t\t\t\t<\/div>\n\t\t\t\t<\/div>\n\t\t\t\t\t<\/div>\n\t\t<\/div>\n\t\t\t\t\t<\/div>\n\t\t<\/section>\n\t\t\t\t<section class=\"elementor-section elementor-top-section elementor-element elementor-element-52a7c83 elementor-section-boxed elementor-section-height-default elementor-section-height-default\" data-id=\"52a7c83\" data-element_type=\"section\" data-e-type=\"section\">\n\t\t\t\t\t\t<div class=\"elementor-container elementor-column-gap-default\">\n\t\t\t\t\t<div class=\"elementor-column elementor-col-100 elementor-top-column elementor-element elementor-element-9b1b433\" data-id=\"9b1b433\" data-element_type=\"column\" data-e-type=\"column\">\n\t\t\t<div class=\"elementor-widget-wrap elementor-element-populated\">\n\t\t\t\t\t\t<div class=\"elementor-element elementor-element-2178ccd elementor-widget elementor-widget-text-editor\" data-id=\"2178ccd\" data-element_type=\"widget\" data-e-type=\"widget\" data-widget_type=\"text-editor.default\">\n\t\t\t\t<div class=\"elementor-widget-container\">\n\t\t\t\t\t\t\t\t\t<p>A Unidade de Ensino e Pesquisa da Santa Casa de Miseric\u00f3rdia de Passos (UNEP) est\u00e1 com as inscri\u00e7\u00f5es abertas para a P\u00f3s-Gradua\u00e7\u00e3o em Enfermagem Obst\u00e9trica e Neonatologia. A especializa\u00e7\u00e3o tem como p\u00fablico alvo os graduados em enfermagem. As matr\u00edculas devem ser realizadas at\u00e9 o dia 9 de maio. Ao todo s\u00e3o 30 vagas dispon\u00edveis.<\/p><p>O curso ter\u00e1 dura\u00e7\u00e3o de 15 meses com aulas te\u00f3ricas e pr\u00e1ticas supervisionadas. Os encontros ser\u00e3o quinzenais\u00a0e acontecem aos s\u00e1bados, podendo eventualmente acontecer nas sextas tamb\u00e9m. As aulas iniciam no dia 19 de maio e ser\u00e3o realizadas no Hospital da Mulher e da Crian\u00e7a da Santa Casa de Miseric\u00f3rdia de Passos.<\/p><p>Para realiza\u00e7\u00e3o da matr\u00edcula ser\u00e1 necess\u00e1rio anexar documentos de identifica\u00e7\u00e3o e comprobat\u00f3rios de conclus\u00e3o da gradua\u00e7\u00e3o em Enfermagem. As vagas ser\u00e3o preenchidas pelas primeiras 30 matr\u00edculas efetivadas e as demais inscri\u00e7\u00f5es ser\u00e3o registradas para contato na abertura de novas turmas. Interessados devem preencher o cadastro de reservas de vagas atrav\u00e9s do link: <a href=\"https:\/\/forms.gle\/q3tpbehcsH7KEq5D9\">https:\/\/forms.gle\/q3tpbehcsH7KEq5D9<\/a>.<\/p>\t\t\t\t\t\t\t\t<\/div>\n\t\t\t\t<\/div>\n\t\t\t\t\t<\/div>\n\t\t<\/div>\n\t\t\t\t\t<\/div>\n\t\t<\/section>\n\t\t\t\t<\/div>\n\t\t","protected":false},"excerpt":{"rendered":"<p>UNEP est\u00e1 com inscri\u00e7\u00f5es abertas para P\u00f3s-Gradua\u00e7\u00e3o em Enfermagem Obst\u00e9trica e Neonatologia A Unidade de Ensino e Pesquisa da Santa Casa de Miseric\u00f3rdia de Passos (UNEP) est\u00e1 com as inscri\u00e7\u00f5es abertas para a P\u00f3s-Gradua\u00e7\u00e3o em Enfermagem Obst\u00e9trica e Neonatologia. A especializa\u00e7\u00e3o tem como p\u00fablico alvo os graduados em enfermagem. As matr\u00edculas devem ser realizadas at\u00e9 [&hellip;]<\/p>\n","protected":false},"author":1,"featured_media":27980,"comment_status":"open","ping_status":"open","sticky":false,"template":"","format":"standard","meta":{"footnotes":""},"categories":[250],"tags":[104,273,274],"class_list":["post-27979","post","type-post","status-publish","format-standard","has-post-thumbnail","hentry","category-regional-sul","tag-enfermagem","tag-passos","tag-pos-graduacao"],"yoast_head":"<!-- This site is optimized with the Yoast SEO plugin v26.9 - https:\/\/yoast.com\/product\/yoast-seo-wordpress\/ -->\n<title>Inscri\u00e7\u00f5es abertas para P\u00f3s-Gradua\u00e7\u00e3o em Enfermagem Obst\u00e9trica e Neonatologia - Federassantas<\/title>\n<meta name=\"description\" content=\"A Unidade de Ensino e Pesquisa da Santa Casa de Miseric\u00f3rdia de Passos (UNEP) est\u00e1 com as inscri\u00e7\u00f5es abertas para a P\u00f3s-Gradua\u00e7\u00e3o em Enfermagem Obst\u00e9trica e Neonatologia. A especializa\u00e7\u00e3o tem como p\u00fablico alvo os graduados em enfermagem. As matr\u00edculas devem ser realizadas at\u00e9 o dia 9 de maio. Ao todo s\u00e3o 30 vagas dispon\u00edveis.\" \/>\n<meta name=\"robots\" content=\"index, follow, max-snippet:-1, max-image-preview:large, max-video-preview:-1\" \/>\n<link rel=\"canonical\" href=\"https:\/\/www.federassantas.org.br\/novosite\/inscricoes-abertas-para-pos-graduacao-em-enfermagem-obstetrica-e-neonatologia\/\" \/>\n<meta property=\"og:locale\" content=\"pt_BR\" \/>\n<meta property=\"og:type\" content=\"article\" \/>\n<meta property=\"og:title\" content=\"Inscri\u00e7\u00f5es abertas para P\u00f3s-Gradua\u00e7\u00e3o em Enfermagem Obst\u00e9trica e Neonatologia - Federassantas\" \/>\n<meta property=\"og:description\" content=\"A Unidade de Ensino e Pesquisa da Santa Casa de Miseric\u00f3rdia de Passos (UNEP) est\u00e1 com as inscri\u00e7\u00f5es abertas para a P\u00f3s-Gradua\u00e7\u00e3o em Enfermagem Obst\u00e9trica e Neonatologia. A especializa\u00e7\u00e3o tem como p\u00fablico alvo os graduados em enfermagem. As matr\u00edculas devem ser realizadas at\u00e9 o dia 9 de maio. Ao todo s\u00e3o 30 vagas dispon\u00edveis.\" \/>\n<meta property=\"og:url\" content=\"https:\/\/www.federassantas.org.br\/novosite\/inscricoes-abertas-para-pos-graduacao-em-enfermagem-obstetrica-e-neonatologia\/\" \/>\n<meta property=\"og:site_name\" content=\"Federassantas\" \/>\n<meta property=\"article:published_time\" content=\"2023-04-10T12:39:49+00:00\" \/>\n<meta property=\"article:modified_time\" content=\"2023-04-10T12:46:46+00:00\" \/>\n<meta property=\"og:image\" content=\"https:\/\/www.federassantas.org.br\/novosite\/wp-content\/uploads\/2023\/04\/89d049d1-c85a-4dc5-a648-4a6f987421ca.jpeg\" \/>\n\t<meta property=\"og:image:width\" content=\"1080\" \/>\n\t<meta property=\"og:image:height\" content=\"1350\" \/>\n\t<meta property=\"og:image:type\" content=\"image\/jpeg\" \/>\n<meta name=\"author\" content=\"admin-federas\" \/>\n<meta name=\"twitter:card\" content=\"summary_large_image\" \/>\n<meta name=\"twitter:label1\" content=\"Escrito por\" \/>\n\t<meta name=\"twitter:data1\" content=\"admin-federas\" \/>\n\t<meta name=\"twitter:label2\" content=\"Est. tempo de leitura\" \/>\n\t<meta name=\"twitter:data2\" content=\"1 minuto\" \/>\n<script type=\"application\/ld+json\" class=\"yoast-schema-graph\">{\"@context\":\"https:\/\/schema.org\",\"@graph\":[{\"@type\":\"Article\",\"@id\":\"https:\/\/www.federassantas.org.br\/novosite\/inscricoes-abertas-para-pos-graduacao-em-enfermagem-obstetrica-e-neonatologia\/#article\",\"isPartOf\":{\"@id\":\"https:\/\/www.federassantas.org.br\/novosite\/inscricoes-abertas-para-pos-graduacao-em-enfermagem-obstetrica-e-neonatologia\/\"},\"author\":{\"name\":\"admin-federas\",\"@id\":\"https:\/\/www.federassantas.org.br\/novosite\/#\/schema\/person\/75fed98158349313fe56175f232f513c\"},\"headline\":\"Inscri\u00e7\u00f5es abertas para P\u00f3s-Gradua\u00e7\u00e3o em Enfermagem Obst\u00e9trica e Neonatologia\",\"datePublished\":\"2023-04-10T12:39:49+00:00\",\"dateModified\":\"2023-04-10T12:46:46+00:00\",\"mainEntityOfPage\":{\"@id\":\"https:\/\/www.federassantas.org.br\/novosite\/inscricoes-abertas-para-pos-graduacao-em-enfermagem-obstetrica-e-neonatologia\/\"},\"wordCount\":220,\"commentCount\":0,\"publisher\":{\"@id\":\"https:\/\/www.federassantas.org.br\/novosite\/#organization\"},\"image\":{\"@id\":\"https:\/\/www.federassantas.org.br\/novosite\/inscricoes-abertas-para-pos-graduacao-em-enfermagem-obstetrica-e-neonatologia\/#primaryimage\"},\"thumbnailUrl\":\"https:\/\/www.federassantas.org.br\/novosite\/wp-content\/uploads\/2023\/04\/89d049d1-c85a-4dc5-a648-4a6f987421ca.jpeg\",\"keywords\":[\"Enfermagem\",\"Passos\",\"P\u00f3s-gradua\u00e7\u00e3o\"],\"articleSection\":[\"Regional Sul\"],\"inLanguage\":\"pt-BR\",\"potentialAction\":[{\"@type\":\"CommentAction\",\"name\":\"Comment\",\"target\":[\"https:\/\/www.federassantas.org.br\/novosite\/inscricoes-abertas-para-pos-graduacao-em-enfermagem-obstetrica-e-neonatologia\/#respond\"]}]},{\"@type\":\"WebPage\",\"@id\":\"https:\/\/www.federassantas.org.br\/novosite\/inscricoes-abertas-para-pos-graduacao-em-enfermagem-obstetrica-e-neonatologia\/\",\"url\":\"https:\/\/www.federassantas.org.br\/novosite\/inscricoes-abertas-para-pos-graduacao-em-enfermagem-obstetrica-e-neonatologia\/\",\"name\":\"Inscri\u00e7\u00f5es abertas para P\u00f3s-Gradua\u00e7\u00e3o em Enfermagem Obst\u00e9trica e Neonatologia - Federassantas\",\"isPartOf\":{\"@id\":\"https:\/\/www.federassantas.org.br\/novosite\/#website\"},\"primaryImageOfPage\":{\"@id\":\"https:\/\/www.federassantas.org.br\/novosite\/inscricoes-abertas-para-pos-graduacao-em-enfermagem-obstetrica-e-neonatologia\/#primaryimage\"},\"image\":{\"@id\":\"https:\/\/www.federassantas.org.br\/novosite\/inscricoes-abertas-para-pos-graduacao-em-enfermagem-obstetrica-e-neonatologia\/#primaryimage\"},\"thumbnailUrl\":\"https:\/\/www.federassantas.org.br\/novosite\/wp-content\/uploads\/2023\/04\/89d049d1-c85a-4dc5-a648-4a6f987421ca.jpeg\",\"datePublished\":\"2023-04-10T12:39:49+00:00\",\"dateModified\":\"2023-04-10T12:46:46+00:00\",\"description\":\"A Unidade de Ensino e Pesquisa da Santa Casa de Miseric\u00f3rdia de Passos (UNEP) est\u00e1 com as inscri\u00e7\u00f5es abertas para a P\u00f3s-Gradua\u00e7\u00e3o em Enfermagem Obst\u00e9trica e Neonatologia. A especializa\u00e7\u00e3o tem como p\u00fablico alvo os graduados em enfermagem. As matr\u00edculas devem ser realizadas at\u00e9 o dia 9 de maio. Ao todo s\u00e3o 30 vagas dispon\u00edveis.\",\"breadcrumb\":{\"@id\":\"https:\/\/www.federassantas.org.br\/novosite\/inscricoes-abertas-para-pos-graduacao-em-enfermagem-obstetrica-e-neonatologia\/#breadcrumb\"},\"inLanguage\":\"pt-BR\",\"potentialAction\":[{\"@type\":\"ReadAction\",\"target\":[\"https:\/\/www.federassantas.org.br\/novosite\/inscricoes-abertas-para-pos-graduacao-em-enfermagem-obstetrica-e-neonatologia\/\"]}]},{\"@type\":\"ImageObject\",\"inLanguage\":\"pt-BR\",\"@id\":\"https:\/\/www.federassantas.org.br\/novosite\/inscricoes-abertas-para-pos-graduacao-em-enfermagem-obstetrica-e-neonatologia\/#primaryimage\",\"url\":\"https:\/\/www.federassantas.org.br\/novosite\/wp-content\/uploads\/2023\/04\/89d049d1-c85a-4dc5-a648-4a6f987421ca.jpeg\",\"contentUrl\":\"https:\/\/www.federassantas.org.br\/novosite\/wp-content\/uploads\/2023\/04\/89d049d1-c85a-4dc5-a648-4a6f987421ca.jpeg\",\"width\":1080,\"height\":1350},{\"@type\":\"BreadcrumbList\",\"@id\":\"https:\/\/www.federassantas.org.br\/novosite\/inscricoes-abertas-para-pos-graduacao-em-enfermagem-obstetrica-e-neonatologia\/#breadcrumb\",\"itemListElement\":[{\"@type\":\"ListItem\",\"position\":1,\"name\":\"In\u00edcio\",\"item\":\"https:\/\/www.federassantas.org.br\/novosite\/\"},{\"@type\":\"ListItem\",\"position\":2,\"name\":\"Inscri\u00e7\u00f5es abertas para P\u00f3s-Gradua\u00e7\u00e3o em Enfermagem Obst\u00e9trica e Neonatologia\"}]},{\"@type\":\"WebSite\",\"@id\":\"https:\/\/www.federassantas.org.br\/novosite\/#website\",\"url\":\"https:\/\/www.federassantas.org.br\/novosite\/\",\"name\":\"Federassantas\",\"description\":\"Fed. das Santas Casas e Hospitais Filantr\u00f3picos de MG\",\"publisher\":{\"@id\":\"https:\/\/www.federassantas.org.br\/novosite\/#organization\"},\"potentialAction\":[{\"@type\":\"SearchAction\",\"target\":{\"@type\":\"EntryPoint\",\"urlTemplate\":\"https:\/\/www.federassantas.org.br\/novosite\/?s={search_term_string}\"},\"query-input\":{\"@type\":\"PropertyValueSpecification\",\"valueRequired\":true,\"valueName\":\"search_term_string\"}}],\"inLanguage\":\"pt-BR\"},{\"@type\":\"Organization\",\"@id\":\"https:\/\/www.federassantas.org.br\/novosite\/#organization\",\"name\":\"Federassantas\",\"url\":\"https:\/\/www.federassantas.org.br\/novosite\/\",\"logo\":{\"@type\":\"ImageObject\",\"inLanguage\":\"pt-BR\",\"@id\":\"https:\/\/www.federassantas.org.br\/novosite\/#\/schema\/logo\/image\/\",\"url\":\"https:\/\/www.federassantas.org.br\/novosite\/wp-content\/uploads\/2021\/12\/logo.png\",\"contentUrl\":\"https:\/\/www.federassantas.org.br\/novosite\/wp-content\/uploads\/2021\/12\/logo.png\",\"width\":243,\"height\":59,\"caption\":\"Federassantas\"},\"image\":{\"@id\":\"https:\/\/www.federassantas.org.br\/novosite\/#\/schema\/logo\/image\/\"}},{\"@type\":\"Person\",\"@id\":\"https:\/\/www.federassantas.org.br\/novosite\/#\/schema\/person\/75fed98158349313fe56175f232f513c\",\"name\":\"admin-federas\",\"image\":{\"@type\":\"ImageObject\",\"inLanguage\":\"pt-BR\",\"@id\":\"https:\/\/www.federassantas.org.br\/novosite\/#\/schema\/person\/image\/\",\"url\":\"https:\/\/secure.gravatar.com\/avatar\/2a02d7dda59fe8dc6b7ffd3f652e2efede5ccf0dd89dfdc8137c5517f3de8407?s=96&d=mm&r=g\",\"contentUrl\":\"https:\/\/secure.gravatar.com\/avatar\/2a02d7dda59fe8dc6b7ffd3f652e2efede5ccf0dd89dfdc8137c5517f3de8407?s=96&d=mm&r=g\",\"caption\":\"admin-federas\"},\"sameAs\":[\"https:\/\/www.federassantas.org.br\/novosite\/\"],\"url\":\"https:\/\/www.federassantas.org.br\/novosite\/author\/admin-federas\/\"}]}<\/script>\n<!-- \/ Yoast SEO plugin. -->","yoast_head_json":{"title":"Inscri\u00e7\u00f5es abertas para P\u00f3s-Gradua\u00e7\u00e3o em Enfermagem Obst\u00e9trica e Neonatologia - Federassantas","description":"A Unidade de Ensino e Pesquisa da Santa Casa de Miseric\u00f3rdia de Passos (UNEP) est\u00e1 com as inscri\u00e7\u00f5es abertas para a P\u00f3s-Gradua\u00e7\u00e3o em Enfermagem Obst\u00e9trica e Neonatologia. A especializa\u00e7\u00e3o tem como p\u00fablico alvo os graduados em enfermagem. As matr\u00edculas devem ser realizadas at\u00e9 o dia 9 de maio. Ao todo s\u00e3o 30 vagas dispon\u00edveis.","robots":{"index":"index","follow":"follow","max-snippet":"max-snippet:-1","max-image-preview":"max-image-preview:large","max-video-preview":"max-video-preview:-1"},"canonical":"https:\/\/www.federassantas.org.br\/novosite\/inscricoes-abertas-para-pos-graduacao-em-enfermagem-obstetrica-e-neonatologia\/","og_locale":"pt_BR","og_type":"article","og_title":"Inscri\u00e7\u00f5es abertas para P\u00f3s-Gradua\u00e7\u00e3o em Enfermagem Obst\u00e9trica e Neonatologia - Federassantas","og_description":"A Unidade de Ensino e Pesquisa da Santa Casa de Miseric\u00f3rdia de Passos (UNEP) est\u00e1 com as inscri\u00e7\u00f5es abertas para a P\u00f3s-Gradua\u00e7\u00e3o em Enfermagem Obst\u00e9trica e Neonatologia. A especializa\u00e7\u00e3o tem como p\u00fablico alvo os graduados em enfermagem. As matr\u00edculas devem ser realizadas at\u00e9 o dia 9 de maio. Ao todo s\u00e3o 30 vagas dispon\u00edveis.","og_url":"https:\/\/www.federassantas.org.br\/novosite\/inscricoes-abertas-para-pos-graduacao-em-enfermagem-obstetrica-e-neonatologia\/","og_site_name":"Federassantas","article_published_time":"2023-04-10T12:39:49+00:00","article_modified_time":"2023-04-10T12:46:46+00:00","og_image":[{"width":1080,"height":1350,"url":"https:\/\/www.federassantas.org.br\/novosite\/wp-content\/uploads\/2023\/04\/89d049d1-c85a-4dc5-a648-4a6f987421ca.jpeg","type":"image\/jpeg"}],"author":"admin-federas","twitter_card":"summary_large_image","twitter_misc":{"Escrito por":"admin-federas","Est. tempo de leitura":"1 minuto"},"schema":{"@context":"https:\/\/schema.org","@graph":[{"@type":"Article","@id":"https:\/\/www.federassantas.org.br\/novosite\/inscricoes-abertas-para-pos-graduacao-em-enfermagem-obstetrica-e-neonatologia\/#article","isPartOf":{"@id":"https:\/\/www.federassantas.org.br\/novosite\/inscricoes-abertas-para-pos-graduacao-em-enfermagem-obstetrica-e-neonatologia\/"},"author":{"name":"admin-federas","@id":"https:\/\/www.federassantas.org.br\/novosite\/#\/schema\/person\/75fed98158349313fe56175f232f513c"},"headline":"Inscri\u00e7\u00f5es abertas para P\u00f3s-Gradua\u00e7\u00e3o em Enfermagem Obst\u00e9trica e Neonatologia","datePublished":"2023-04-10T12:39:49+00:00","dateModified":"2023-04-10T12:46:46+00:00","mainEntityOfPage":{"@id":"https:\/\/www.federassantas.org.br\/novosite\/inscricoes-abertas-para-pos-graduacao-em-enfermagem-obstetrica-e-neonatologia\/"},"wordCount":220,"commentCount":0,"publisher":{"@id":"https:\/\/www.federassantas.org.br\/novosite\/#organization"},"image":{"@id":"https:\/\/www.federassantas.org.br\/novosite\/inscricoes-abertas-para-pos-graduacao-em-enfermagem-obstetrica-e-neonatologia\/#primaryimage"},"thumbnailUrl":"https:\/\/www.federassantas.org.br\/novosite\/wp-content\/uploads\/2023\/04\/89d049d1-c85a-4dc5-a648-4a6f987421ca.jpeg","keywords":["Enfermagem","Passos","P\u00f3s-gradua\u00e7\u00e3o"],"articleSection":["Regional Sul"],"inLanguage":"pt-BR","potentialAction":[{"@type":"CommentAction","name":"Comment","target":["https:\/\/www.federassantas.org.br\/novosite\/inscricoes-abertas-para-pos-graduacao-em-enfermagem-obstetrica-e-neonatologia\/#respond"]}]},{"@type":"WebPage","@id":"https:\/\/www.federassantas.org.br\/novosite\/inscricoes-abertas-para-pos-graduacao-em-enfermagem-obstetrica-e-neonatologia\/","url":"https:\/\/www.federassantas.org.br\/novosite\/inscricoes-abertas-para-pos-graduacao-em-enfermagem-obstetrica-e-neonatologia\/","name":"Inscri\u00e7\u00f5es abertas para P\u00f3s-Gradua\u00e7\u00e3o em Enfermagem Obst\u00e9trica e Neonatologia - Federassantas","isPartOf":{"@id":"https:\/\/www.federassantas.org.br\/novosite\/#website"},"primaryImageOfPage":{"@id":"https:\/\/www.federassantas.org.br\/novosite\/inscricoes-abertas-para-pos-graduacao-em-enfermagem-obstetrica-e-neonatologia\/#primaryimage"},"image":{"@id":"https:\/\/www.federassantas.org.br\/novosite\/inscricoes-abertas-para-pos-graduacao-em-enfermagem-obstetrica-e-neonatologia\/#primaryimage"},"thumbnailUrl":"https:\/\/www.federassantas.org.br\/novosite\/wp-content\/uploads\/2023\/04\/89d049d1-c85a-4dc5-a648-4a6f987421ca.jpeg","datePublished":"2023-04-10T12:39:49+00:00","dateModified":"2023-04-10T12:46:46+00:00","description":"A Unidade de Ensino e Pesquisa da Santa Casa de Miseric\u00f3rdia de Passos (UNEP) est\u00e1 com as inscri\u00e7\u00f5es abertas para a P\u00f3s-Gradua\u00e7\u00e3o em Enfermagem Obst\u00e9trica e Neonatologia. A especializa\u00e7\u00e3o tem como p\u00fablico alvo os graduados em enfermagem. As matr\u00edculas devem ser realizadas at\u00e9 o dia 9 de maio. Ao todo s\u00e3o 30 vagas dispon\u00edveis.","breadcrumb":{"@id":"https:\/\/www.federassantas.org.br\/novosite\/inscricoes-abertas-para-pos-graduacao-em-enfermagem-obstetrica-e-neonatologia\/#breadcrumb"},"inLanguage":"pt-BR","potentialAction":[{"@type":"ReadAction","target":["https:\/\/www.federassantas.org.br\/novosite\/inscricoes-abertas-para-pos-graduacao-em-enfermagem-obstetrica-e-neonatologia\/"]}]},{"@type":"ImageObject","inLanguage":"pt-BR","@id":"https:\/\/www.federassantas.org.br\/novosite\/inscricoes-abertas-para-pos-graduacao-em-enfermagem-obstetrica-e-neonatologia\/#primaryimage","url":"https:\/\/www.federassantas.org.br\/novosite\/wp-content\/uploads\/2023\/04\/89d049d1-c85a-4dc5-a648-4a6f987421ca.jpeg","contentUrl":"https:\/\/www.federassantas.org.br\/novosite\/wp-content\/uploads\/2023\/04\/89d049d1-c85a-4dc5-a648-4a6f987421ca.jpeg","width":1080,"height":1350},{"@type":"BreadcrumbList","@id":"https:\/\/www.federassantas.org.br\/novosite\/inscricoes-abertas-para-pos-graduacao-em-enfermagem-obstetrica-e-neonatologia\/#breadcrumb","itemListElement":[{"@type":"ListItem","position":1,"name":"In\u00edcio","item":"https:\/\/www.federassantas.org.br\/novosite\/"},{"@type":"ListItem","position":2,"name":"Inscri\u00e7\u00f5es abertas para P\u00f3s-Gradua\u00e7\u00e3o em Enfermagem Obst\u00e9trica e Neonatologia"}]},{"@type":"WebSite","@id":"https:\/\/www.federassantas.org.br\/novosite\/#website","url":"https:\/\/www.federassantas.org.br\/novosite\/","name":"Federassantas","description":"Fed. das Santas Casas e Hospitais Filantr\u00f3picos de MG","publisher":{"@id":"https:\/\/www.federassantas.org.br\/novosite\/#organization"},"potentialAction":[{"@type":"SearchAction","target":{"@type":"EntryPoint","urlTemplate":"https:\/\/www.federassantas.org.br\/novosite\/?s={search_term_string}"},"query-input":{"@type":"PropertyValueSpecification","valueRequired":true,"valueName":"search_term_string"}}],"inLanguage":"pt-BR"},{"@type":"Organization","@id":"https:\/\/www.federassantas.org.br\/novosite\/#organization","name":"Federassantas","url":"https:\/\/www.federassantas.org.br\/novosite\/","logo":{"@type":"ImageObject","inLanguage":"pt-BR","@id":"https:\/\/www.federassantas.org.br\/novosite\/#\/schema\/logo\/image\/","url":"https:\/\/www.federassantas.org.br\/novosite\/wp-content\/uploads\/2021\/12\/logo.png","contentUrl":"https:\/\/www.federassantas.org.br\/novosite\/wp-content\/uploads\/2021\/12\/logo.png","width":243,"height":59,"caption":"Federassantas"},"image":{"@id":"https:\/\/www.federassantas.org.br\/novosite\/#\/schema\/logo\/image\/"}},{"@type":"Person","@id":"https:\/\/www.federassantas.org.br\/novosite\/#\/schema\/person\/75fed98158349313fe56175f232f513c","name":"admin-federas","image":{"@type":"ImageObject","inLanguage":"pt-BR","@id":"https:\/\/www.federassantas.org.br\/novosite\/#\/schema\/person\/image\/","url":"https:\/\/secure.gravatar.com\/avatar\/2a02d7dda59fe8dc6b7ffd3f652e2efede5ccf0dd89dfdc8137c5517f3de8407?s=96&d=mm&r=g","contentUrl":"https:\/\/secure.gravatar.com\/avatar\/2a02d7dda59fe8dc6b7ffd3f652e2efede5ccf0dd89dfdc8137c5517f3de8407?s=96&d=mm&r=g","caption":"admin-federas"},"sameAs":["https:\/\/www.federassantas.org.br\/novosite\/"],"url":"https:\/\/www.federassantas.org.br\/novosite\/author\/admin-federas\/"}]}},"_links":{"self":[{"href":"https:\/\/www.federassantas.org.br\/novosite\/wp-json\/wp\/v2\/posts\/27979","targetHints":{"allow":["GET"]}}],"collection":[{"href":"https:\/\/www.federassantas.org.br\/novosite\/wp-json\/wp\/v2\/posts"}],"about":[{"href":"https:\/\/www.federassantas.org.br\/novosite\/wp-json\/wp\/v2\/types\/post"}],"author":[{"embeddable":true,"href":"https:\/\/www.federassantas.org.br\/novosite\/wp-json\/wp\/v2\/users\/1"}],"replies":[{"embeddable":true,"href":"https:\/\/www.federassantas.org.br\/novosite\/wp-json\/wp\/v2\/comments?post=27979"}],"version-history":[{"count":4,"href":"https:\/\/www.federassantas.org.br\/novosite\/wp-json\/wp\/v2\/posts\/27979\/revisions"}],"predecessor-version":[{"id":27984,"href":"https:\/\/www.federassantas.org.br\/novosite\/wp-json\/wp\/v2\/posts\/27979\/revisions\/27984"}],"wp:featuredmedia":[{"embeddable":true,"href":"https:\/\/www.federassantas.org.br\/novosite\/wp-json\/wp\/v2\/media\/27980"}],"wp:attachment":[{"href":"https:\/\/www.federassantas.org.br\/novosite\/wp-json\/wp\/v2\/media?parent=27979"}],"wp:term":[{"taxonomy":"category","embeddable":true,"href":"https:\/\/www.federassantas.org.br\/novosite\/wp-json\/wp\/v2\/categories?post=27979"},{"taxonomy":"post_tag","embeddable":true,"href":"https:\/\/www.federassantas.org.br\/novosite\/wp-json\/wp\/v2\/tags?post=27979"}],"curies":[{"name":"wp","href":"https:\/\/api.w.org\/{rel}","templated":true}]}}