{"id":28001,"date":"2023-04-12T12:04:54","date_gmt":"2023-04-12T15:04:54","guid":{"rendered":"https:\/\/www.federassantas.org.br\/novosite\/?p=28001"},"modified":"2023-04-12T12:05:34","modified_gmt":"2023-04-12T15:05:34","slug":"2a-jornada-do-quadril","status":"publish","type":"post","link":"https:\/\/www.federassantas.org.br\/novosite\/2a-jornada-do-quadril\/","title":{"rendered":"2\u00aa Jornada do Quadril"},"content":{"rendered":"\t\t<div data-elementor-type=\"wp-post\" data-elementor-id=\"28001\" class=\"elementor elementor-28001\" data-elementor-post-type=\"post\">\n\t\t\t\t\t\t<section class=\"elementor-section elementor-top-section elementor-element elementor-element-029839a elementor-section-boxed elementor-section-height-default elementor-section-height-default\" data-id=\"029839a\" data-element_type=\"section\" data-e-type=\"section\">\n\t\t\t\t\t\t<div class=\"elementor-container elementor-column-gap-default\">\n\t\t\t\t\t<div class=\"elementor-column elementor-col-100 elementor-top-column elementor-element elementor-element-c148080\" data-id=\"c148080\" data-element_type=\"column\" data-e-type=\"column\">\n\t\t\t<div class=\"elementor-widget-wrap elementor-element-populated\">\n\t\t\t\t\t\t<div class=\"elementor-element elementor-element-6f8818b elementor-widget elementor-widget-heading\" data-id=\"6f8818b\" data-element_type=\"widget\" data-e-type=\"widget\" data-widget_type=\"heading.default\">\n\t\t\t\t<div class=\"elementor-widget-container\">\n\t\t\t\t\t<h2 class=\"elementor-heading-title elementor-size-default\">2\u00aa Jornada do Quadril da Santa Casa de Po\u00e7os acontece neste final de semana \n\n<\/h2>\t\t\t\t<\/div>\n\t\t\t\t<\/div>\n\t\t\t\t<div class=\"elementor-element elementor-element-b5c03dc elementor-widget elementor-widget-text-editor\" data-id=\"b5c03dc\" data-element_type=\"widget\" data-e-type=\"widget\" data-widget_type=\"text-editor.default\">\n\t\t\t\t<div class=\"elementor-widget-container\">\n\t\t\t\t\t\t\t\t\t<p dir=\"ltr\">Acontece neste final de semana, sexta e s\u00e1bado (14 e 15), em parceria com a Sociedade Brasileira do Quadril, a 2\u00aa Jornada do Quadril da Santa Casa de Po\u00e7os de Caldas. O evento contar\u00e1 com a participa\u00e7\u00e3o de grandes profissionais da \u00e1rea que discutir\u00e3o assuntos importantes relacionados ao tema. Tamb\u00e9m haver\u00e1 a realiza\u00e7\u00e3o de seis cirurgias em pacientes SUS com pr\u00f3teses doadas por parceiros do evento.\u00a0<\/p><p dir=\"ltr\">Na sexta-feira pela manh\u00e3, das 7h \u00e0s 13h, no Centro Cir\u00fargico da Santa Casa, acontecem as cirurgias. J\u00e1 na parte da tarde, a partir das 17h, no Teatro do Palace Casino, acontece a parte te\u00f3rica do evento que ter\u00e1 continua\u00e7\u00e3o na manh\u00e3 de s\u00e1bado, tamb\u00e9m no Teatro do Palace Casino.\u00a0<\/p><p dir=\"ltr\">\u201c\u00c9 com grande prazer que convidamos a todos para a 2\u00aa Jornada do Quadril da Santa Casa de Po\u00e7os de Caldas. Neste ano, teremos uma programa\u00e7\u00e3o muito especial. Na sexta-feira, 14, acontecer\u00e3o as cirurgias no Centro Cir\u00fargico da Santa Casa de Po\u00e7os, onde realizaremos seis pr\u00f3teses de quadril para pacientes SUS, pr\u00f3teses essas doadas pelos nossos parceiros. J\u00e1 na sexta-feira \u00e0 noite e no s\u00e1bado de manh\u00e3 teremos a parte te\u00f3rica do curso com assuntos importantes, como trauma do quadril, revis\u00e3o de artroplastias, pr\u00f3teses prim\u00e1rias e cirurgias preservadoras do quadril. Contamos com a presen\u00e7a de todos\u201d, diz o Dr. Edmilson Reis, m\u00e9dico ortopedista da Santa Casa que \u00e9 um dos organizadores do evento.\u00a0\u00a0<\/p><p dir=\"ltr\">A programa\u00e7\u00e3o completa, assim como o link para inscri\u00e7\u00f5es, podem ser encontrados no site da Sociedade Brasileira do Quadril (<a href=\"http:\/\/www.sbquadril.org.br\/evento\/2a-jornada-do-quadril-santa-casa-de-pocos-de-caldas-mg\" target=\"_blank\" rel=\"noopener\" data-saferedirecturl=\"https:\/\/www.google.com\/url?q=http:\/\/www.sbquadril.org.br\/evento\/2a-jornada-do-quadril-santa-casa-de-pocos-de-caldas-mg&amp;source=gmail&amp;ust=1681385854345000&amp;usg=AOvVaw1EDGHrVbQwV50r13lValNj\">www.sbquadril.org.br\/evento\/<wbr \/>2a-jornada-do-quadril-santa-<wbr \/>casa-de-pocos-de-caldas-mg<\/a>). A 2\u00aa Jornada do Quadril da Santa Casa de Po\u00e7os de Caldas tem o apoio da Bio2, Iconacy, Medacta, Diom, B\/Braun, Stryker, Trauminas, Jv medic, Gr\u00fcnenthal, Ach\u0113, Mantecorp e Eurofarma.\u00a0<\/p><p dir=\"ltr\">\u00a0\u00a0\u00a0\u00a0\u00a0\u00a0\u00a0\u00a0<\/p><p>Legenda foto:\u00a0\u00a0A 2\u00aa Jornada do Quadril contar\u00e1 com a realiza\u00e7\u00e3o de seis cirurgias em pacientes SUS com pr\u00f3teses doadas por parceiros do evento.<\/p><p><strong>Sugest\u00e3o de fonte:\u00a0<\/strong>Dr. Edmilson Reis, m\u00e9dico ortopedista da Santa Casa de Po\u00e7os de Caldas.\u00a0<\/p><p><strong>Assessoria de Imprensa: Rafael dos Santos Pasqua<\/strong><\/p><p><em>Gostaria de divulgar informa\u00e7\u00f5es do seu hospital no site da Federassantas? Acesse a\u00a0<a href=\"https:\/\/www.federassantas.org.br\/novosite\/comunicacao\/\">p\u00e1gina da comunica\u00e7\u00e3o<\/a>\u00a0e nos envie o seu release.<\/em><\/p>\t\t\t\t\t\t\t\t<\/div>\n\t\t\t\t<\/div>\n\t\t\t\t\t<\/div>\n\t\t<\/div>\n\t\t\t\t\t<\/div>\n\t\t<\/section>\n\t\t\t\t<\/div>\n\t\t","protected":false},"excerpt":{"rendered":"<p>2\u00aa Jornada do Quadril da Santa Casa de Po\u00e7os acontece neste final de semana Acontece neste final de semana, sexta e s\u00e1bado (14 e 15), em parceria com a Sociedade Brasileira do Quadril, a 2\u00aa Jornada do Quadril da Santa Casa de Po\u00e7os de Caldas. O evento contar\u00e1 com a participa\u00e7\u00e3o de grandes profissionais da [&hellip;]<\/p>\n","protected":false},"author":1,"featured_media":28002,"comment_status":"open","ping_status":"open","sticky":false,"template":"","format":"standard","meta":{"footnotes":""},"categories":[250],"tags":[276,275,92],"class_list":["post-28001","post","type-post","status-publish","format-standard","has-post-thumbnail","hentry","category-regional-sul","tag-jornada-do-quadril","tag-pocos-de-caldas","tag-santa-casa"],"yoast_head":"<!-- This site is optimized with the Yoast SEO plugin v26.9 - https:\/\/yoast.com\/product\/yoast-seo-wordpress\/ -->\n<title>2\u00aa Jornada do Quadril - Federassantas<\/title>\n<meta name=\"description\" content=\"Acontece neste final de semana, sexta e s\u00e1bado (14 e 15), em parceria com a Sociedade Brasileira do Quadril, a 2\u00aa Jornada do Quadril da Santa Casa de Po\u00e7os de Caldas. O evento contar\u00e1 com a participa\u00e7\u00e3o de grandes profissionais da \u00e1rea que discutir\u00e3o assuntos importantes relacionados ao tema. Tamb\u00e9m haver\u00e1 a realiza\u00e7\u00e3o de seis cirurgias em pacientes SUS com pr\u00f3teses doadas por parceiros do evento.\" \/>\n<meta name=\"robots\" content=\"index, follow, max-snippet:-1, max-image-preview:large, max-video-preview:-1\" \/>\n<link rel=\"canonical\" href=\"https:\/\/www.federassantas.org.br\/novosite\/2a-jornada-do-quadril\/\" \/>\n<meta property=\"og:locale\" content=\"pt_BR\" \/>\n<meta property=\"og:type\" content=\"article\" \/>\n<meta property=\"og:title\" content=\"2\u00aa Jornada do Quadril - Federassantas\" \/>\n<meta property=\"og:description\" content=\"Acontece neste final de semana, sexta e s\u00e1bado (14 e 15), em parceria com a Sociedade Brasileira do Quadril, a 2\u00aa Jornada do Quadril da Santa Casa de Po\u00e7os de Caldas. O evento contar\u00e1 com a participa\u00e7\u00e3o de grandes profissionais da \u00e1rea que discutir\u00e3o assuntos importantes relacionados ao tema. Tamb\u00e9m haver\u00e1 a realiza\u00e7\u00e3o de seis cirurgias em pacientes SUS com pr\u00f3teses doadas por parceiros do evento.\" \/>\n<meta property=\"og:url\" content=\"https:\/\/www.federassantas.org.br\/novosite\/2a-jornada-do-quadril\/\" \/>\n<meta property=\"og:site_name\" content=\"Federassantas\" \/>\n<meta property=\"article:published_time\" content=\"2023-04-12T15:04:54+00:00\" \/>\n<meta property=\"article:modified_time\" content=\"2023-04-12T15:05:34+00:00\" \/>\n<meta property=\"og:image\" content=\"https:\/\/www.federassantas.org.br\/novosite\/wp-content\/uploads\/2023\/04\/Foto.jpeg\" \/>\n\t<meta property=\"og:image:width\" content=\"1280\" \/>\n\t<meta property=\"og:image:height\" content=\"960\" \/>\n\t<meta property=\"og:image:type\" content=\"image\/jpeg\" \/>\n<meta name=\"author\" content=\"admin-federas\" \/>\n<meta name=\"twitter:card\" content=\"summary_large_image\" \/>\n<meta name=\"twitter:label1\" content=\"Escrito por\" \/>\n\t<meta name=\"twitter:data1\" content=\"admin-federas\" \/>\n\t<meta name=\"twitter:label2\" content=\"Est. tempo de leitura\" \/>\n\t<meta name=\"twitter:data2\" content=\"2 minutos\" \/>\n<script type=\"application\/ld+json\" class=\"yoast-schema-graph\">{\"@context\":\"https:\/\/schema.org\",\"@graph\":[{\"@type\":\"Article\",\"@id\":\"https:\/\/www.federassantas.org.br\/novosite\/2a-jornada-do-quadril\/#article\",\"isPartOf\":{\"@id\":\"https:\/\/www.federassantas.org.br\/novosite\/2a-jornada-do-quadril\/\"},\"author\":{\"name\":\"admin-federas\",\"@id\":\"https:\/\/www.federassantas.org.br\/novosite\/#\/schema\/person\/75fed98158349313fe56175f232f513c\"},\"headline\":\"2\u00aa Jornada do Quadril\",\"datePublished\":\"2023-04-12T15:04:54+00:00\",\"dateModified\":\"2023-04-12T15:05:34+00:00\",\"mainEntityOfPage\":{\"@id\":\"https:\/\/www.federassantas.org.br\/novosite\/2a-jornada-do-quadril\/\"},\"wordCount\":398,\"commentCount\":0,\"publisher\":{\"@id\":\"https:\/\/www.federassantas.org.br\/novosite\/#organization\"},\"image\":{\"@id\":\"https:\/\/www.federassantas.org.br\/novosite\/2a-jornada-do-quadril\/#primaryimage\"},\"thumbnailUrl\":\"https:\/\/www.federassantas.org.br\/novosite\/wp-content\/uploads\/2023\/04\/Foto.jpeg\",\"keywords\":[\"Jornada do Quadril\",\"Po\u00e7os de Caldas\",\"Santa Casa\"],\"articleSection\":[\"Regional Sul\"],\"inLanguage\":\"pt-BR\",\"potentialAction\":[{\"@type\":\"CommentAction\",\"name\":\"Comment\",\"target\":[\"https:\/\/www.federassantas.org.br\/novosite\/2a-jornada-do-quadril\/#respond\"]}]},{\"@type\":\"WebPage\",\"@id\":\"https:\/\/www.federassantas.org.br\/novosite\/2a-jornada-do-quadril\/\",\"url\":\"https:\/\/www.federassantas.org.br\/novosite\/2a-jornada-do-quadril\/\",\"name\":\"2\u00aa Jornada do Quadril - Federassantas\",\"isPartOf\":{\"@id\":\"https:\/\/www.federassantas.org.br\/novosite\/#website\"},\"primaryImageOfPage\":{\"@id\":\"https:\/\/www.federassantas.org.br\/novosite\/2a-jornada-do-quadril\/#primaryimage\"},\"image\":{\"@id\":\"https:\/\/www.federassantas.org.br\/novosite\/2a-jornada-do-quadril\/#primaryimage\"},\"thumbnailUrl\":\"https:\/\/www.federassantas.org.br\/novosite\/wp-content\/uploads\/2023\/04\/Foto.jpeg\",\"datePublished\":\"2023-04-12T15:04:54+00:00\",\"dateModified\":\"2023-04-12T15:05:34+00:00\",\"description\":\"Acontece neste final de semana, sexta e s\u00e1bado (14 e 15), em parceria com a Sociedade Brasileira do Quadril, a 2\u00aa Jornada do Quadril da Santa Casa de Po\u00e7os de Caldas. O evento contar\u00e1 com a participa\u00e7\u00e3o de grandes profissionais da \u00e1rea que discutir\u00e3o assuntos importantes relacionados ao tema. Tamb\u00e9m haver\u00e1 a realiza\u00e7\u00e3o de seis cirurgias em pacientes SUS com pr\u00f3teses doadas por parceiros do evento.\",\"breadcrumb\":{\"@id\":\"https:\/\/www.federassantas.org.br\/novosite\/2a-jornada-do-quadril\/#breadcrumb\"},\"inLanguage\":\"pt-BR\",\"potentialAction\":[{\"@type\":\"ReadAction\",\"target\":[\"https:\/\/www.federassantas.org.br\/novosite\/2a-jornada-do-quadril\/\"]}]},{\"@type\":\"ImageObject\",\"inLanguage\":\"pt-BR\",\"@id\":\"https:\/\/www.federassantas.org.br\/novosite\/2a-jornada-do-quadril\/#primaryimage\",\"url\":\"https:\/\/www.federassantas.org.br\/novosite\/wp-content\/uploads\/2023\/04\/Foto.jpeg\",\"contentUrl\":\"https:\/\/www.federassantas.org.br\/novosite\/wp-content\/uploads\/2023\/04\/Foto.jpeg\",\"width\":1280,\"height\":960},{\"@type\":\"BreadcrumbList\",\"@id\":\"https:\/\/www.federassantas.org.br\/novosite\/2a-jornada-do-quadril\/#breadcrumb\",\"itemListElement\":[{\"@type\":\"ListItem\",\"position\":1,\"name\":\"In\u00edcio\",\"item\":\"https:\/\/www.federassantas.org.br\/novosite\/\"},{\"@type\":\"ListItem\",\"position\":2,\"name\":\"2\u00aa Jornada do Quadril\"}]},{\"@type\":\"WebSite\",\"@id\":\"https:\/\/www.federassantas.org.br\/novosite\/#website\",\"url\":\"https:\/\/www.federassantas.org.br\/novosite\/\",\"name\":\"Federassantas\",\"description\":\"Fed. das Santas Casas e Hospitais Filantr\u00f3picos de MG\",\"publisher\":{\"@id\":\"https:\/\/www.federassantas.org.br\/novosite\/#organization\"},\"potentialAction\":[{\"@type\":\"SearchAction\",\"target\":{\"@type\":\"EntryPoint\",\"urlTemplate\":\"https:\/\/www.federassantas.org.br\/novosite\/?s={search_term_string}\"},\"query-input\":{\"@type\":\"PropertyValueSpecification\",\"valueRequired\":true,\"valueName\":\"search_term_string\"}}],\"inLanguage\":\"pt-BR\"},{\"@type\":\"Organization\",\"@id\":\"https:\/\/www.federassantas.org.br\/novosite\/#organization\",\"name\":\"Federassantas\",\"url\":\"https:\/\/www.federassantas.org.br\/novosite\/\",\"logo\":{\"@type\":\"ImageObject\",\"inLanguage\":\"pt-BR\",\"@id\":\"https:\/\/www.federassantas.org.br\/novosite\/#\/schema\/logo\/image\/\",\"url\":\"https:\/\/www.federassantas.org.br\/novosite\/wp-content\/uploads\/2021\/12\/logo.png\",\"contentUrl\":\"https:\/\/www.federassantas.org.br\/novosite\/wp-content\/uploads\/2021\/12\/logo.png\",\"width\":243,\"height\":59,\"caption\":\"Federassantas\"},\"image\":{\"@id\":\"https:\/\/www.federassantas.org.br\/novosite\/#\/schema\/logo\/image\/\"}},{\"@type\":\"Person\",\"@id\":\"https:\/\/www.federassantas.org.br\/novosite\/#\/schema\/person\/75fed98158349313fe56175f232f513c\",\"name\":\"admin-federas\",\"image\":{\"@type\":\"ImageObject\",\"inLanguage\":\"pt-BR\",\"@id\":\"https:\/\/www.federassantas.org.br\/novosite\/#\/schema\/person\/image\/\",\"url\":\"https:\/\/secure.gravatar.com\/avatar\/2a02d7dda59fe8dc6b7ffd3f652e2efede5ccf0dd89dfdc8137c5517f3de8407?s=96&d=mm&r=g\",\"contentUrl\":\"https:\/\/secure.gravatar.com\/avatar\/2a02d7dda59fe8dc6b7ffd3f652e2efede5ccf0dd89dfdc8137c5517f3de8407?s=96&d=mm&r=g\",\"caption\":\"admin-federas\"},\"sameAs\":[\"https:\/\/www.federassantas.org.br\/novosite\/\"],\"url\":\"https:\/\/www.federassantas.org.br\/novosite\/author\/admin-federas\/\"}]}<\/script>\n<!-- \/ Yoast SEO plugin. -->","yoast_head_json":{"title":"2\u00aa Jornada do Quadril - Federassantas","description":"Acontece neste final de semana, sexta e s\u00e1bado (14 e 15), em parceria com a Sociedade Brasileira do Quadril, a 2\u00aa Jornada do Quadril da Santa Casa de Po\u00e7os de Caldas. O evento contar\u00e1 com a participa\u00e7\u00e3o de grandes profissionais da \u00e1rea que discutir\u00e3o assuntos importantes relacionados ao tema. Tamb\u00e9m haver\u00e1 a realiza\u00e7\u00e3o de seis cirurgias em pacientes SUS com pr\u00f3teses doadas por parceiros do evento.","robots":{"index":"index","follow":"follow","max-snippet":"max-snippet:-1","max-image-preview":"max-image-preview:large","max-video-preview":"max-video-preview:-1"},"canonical":"https:\/\/www.federassantas.org.br\/novosite\/2a-jornada-do-quadril\/","og_locale":"pt_BR","og_type":"article","og_title":"2\u00aa Jornada do Quadril - Federassantas","og_description":"Acontece neste final de semana, sexta e s\u00e1bado (14 e 15), em parceria com a Sociedade Brasileira do Quadril, a 2\u00aa Jornada do Quadril da Santa Casa de Po\u00e7os de Caldas. O evento contar\u00e1 com a participa\u00e7\u00e3o de grandes profissionais da \u00e1rea que discutir\u00e3o assuntos importantes relacionados ao tema. Tamb\u00e9m haver\u00e1 a realiza\u00e7\u00e3o de seis cirurgias em pacientes SUS com pr\u00f3teses doadas por parceiros do evento.","og_url":"https:\/\/www.federassantas.org.br\/novosite\/2a-jornada-do-quadril\/","og_site_name":"Federassantas","article_published_time":"2023-04-12T15:04:54+00:00","article_modified_time":"2023-04-12T15:05:34+00:00","og_image":[{"width":1280,"height":960,"url":"https:\/\/www.federassantas.org.br\/novosite\/wp-content\/uploads\/2023\/04\/Foto.jpeg","type":"image\/jpeg"}],"author":"admin-federas","twitter_card":"summary_large_image","twitter_misc":{"Escrito por":"admin-federas","Est. tempo de leitura":"2 minutos"},"schema":{"@context":"https:\/\/schema.org","@graph":[{"@type":"Article","@id":"https:\/\/www.federassantas.org.br\/novosite\/2a-jornada-do-quadril\/#article","isPartOf":{"@id":"https:\/\/www.federassantas.org.br\/novosite\/2a-jornada-do-quadril\/"},"author":{"name":"admin-federas","@id":"https:\/\/www.federassantas.org.br\/novosite\/#\/schema\/person\/75fed98158349313fe56175f232f513c"},"headline":"2\u00aa Jornada do Quadril","datePublished":"2023-04-12T15:04:54+00:00","dateModified":"2023-04-12T15:05:34+00:00","mainEntityOfPage":{"@id":"https:\/\/www.federassantas.org.br\/novosite\/2a-jornada-do-quadril\/"},"wordCount":398,"commentCount":0,"publisher":{"@id":"https:\/\/www.federassantas.org.br\/novosite\/#organization"},"image":{"@id":"https:\/\/www.federassantas.org.br\/novosite\/2a-jornada-do-quadril\/#primaryimage"},"thumbnailUrl":"https:\/\/www.federassantas.org.br\/novosite\/wp-content\/uploads\/2023\/04\/Foto.jpeg","keywords":["Jornada do Quadril","Po\u00e7os de Caldas","Santa Casa"],"articleSection":["Regional Sul"],"inLanguage":"pt-BR","potentialAction":[{"@type":"CommentAction","name":"Comment","target":["https:\/\/www.federassantas.org.br\/novosite\/2a-jornada-do-quadril\/#respond"]}]},{"@type":"WebPage","@id":"https:\/\/www.federassantas.org.br\/novosite\/2a-jornada-do-quadril\/","url":"https:\/\/www.federassantas.org.br\/novosite\/2a-jornada-do-quadril\/","name":"2\u00aa Jornada do Quadril - Federassantas","isPartOf":{"@id":"https:\/\/www.federassantas.org.br\/novosite\/#website"},"primaryImageOfPage":{"@id":"https:\/\/www.federassantas.org.br\/novosite\/2a-jornada-do-quadril\/#primaryimage"},"image":{"@id":"https:\/\/www.federassantas.org.br\/novosite\/2a-jornada-do-quadril\/#primaryimage"},"thumbnailUrl":"https:\/\/www.federassantas.org.br\/novosite\/wp-content\/uploads\/2023\/04\/Foto.jpeg","datePublished":"2023-04-12T15:04:54+00:00","dateModified":"2023-04-12T15:05:34+00:00","description":"Acontece neste final de semana, sexta e s\u00e1bado (14 e 15), em parceria com a Sociedade Brasileira do Quadril, a 2\u00aa Jornada do Quadril da Santa Casa de Po\u00e7os de Caldas. O evento contar\u00e1 com a participa\u00e7\u00e3o de grandes profissionais da \u00e1rea que discutir\u00e3o assuntos importantes relacionados ao tema. Tamb\u00e9m haver\u00e1 a realiza\u00e7\u00e3o de seis cirurgias em pacientes SUS com pr\u00f3teses doadas por parceiros do evento.","breadcrumb":{"@id":"https:\/\/www.federassantas.org.br\/novosite\/2a-jornada-do-quadril\/#breadcrumb"},"inLanguage":"pt-BR","potentialAction":[{"@type":"ReadAction","target":["https:\/\/www.federassantas.org.br\/novosite\/2a-jornada-do-quadril\/"]}]},{"@type":"ImageObject","inLanguage":"pt-BR","@id":"https:\/\/www.federassantas.org.br\/novosite\/2a-jornada-do-quadril\/#primaryimage","url":"https:\/\/www.federassantas.org.br\/novosite\/wp-content\/uploads\/2023\/04\/Foto.jpeg","contentUrl":"https:\/\/www.federassantas.org.br\/novosite\/wp-content\/uploads\/2023\/04\/Foto.jpeg","width":1280,"height":960},{"@type":"BreadcrumbList","@id":"https:\/\/www.federassantas.org.br\/novosite\/2a-jornada-do-quadril\/#breadcrumb","itemListElement":[{"@type":"ListItem","position":1,"name":"In\u00edcio","item":"https:\/\/www.federassantas.org.br\/novosite\/"},{"@type":"ListItem","position":2,"name":"2\u00aa Jornada do Quadril"}]},{"@type":"WebSite","@id":"https:\/\/www.federassantas.org.br\/novosite\/#website","url":"https:\/\/www.federassantas.org.br\/novosite\/","name":"Federassantas","description":"Fed. das Santas Casas e Hospitais Filantr\u00f3picos de MG","publisher":{"@id":"https:\/\/www.federassantas.org.br\/novosite\/#organization"},"potentialAction":[{"@type":"SearchAction","target":{"@type":"EntryPoint","urlTemplate":"https:\/\/www.federassantas.org.br\/novosite\/?s={search_term_string}"},"query-input":{"@type":"PropertyValueSpecification","valueRequired":true,"valueName":"search_term_string"}}],"inLanguage":"pt-BR"},{"@type":"Organization","@id":"https:\/\/www.federassantas.org.br\/novosite\/#organization","name":"Federassantas","url":"https:\/\/www.federassantas.org.br\/novosite\/","logo":{"@type":"ImageObject","inLanguage":"pt-BR","@id":"https:\/\/www.federassantas.org.br\/novosite\/#\/schema\/logo\/image\/","url":"https:\/\/www.federassantas.org.br\/novosite\/wp-content\/uploads\/2021\/12\/logo.png","contentUrl":"https:\/\/www.federassantas.org.br\/novosite\/wp-content\/uploads\/2021\/12\/logo.png","width":243,"height":59,"caption":"Federassantas"},"image":{"@id":"https:\/\/www.federassantas.org.br\/novosite\/#\/schema\/logo\/image\/"}},{"@type":"Person","@id":"https:\/\/www.federassantas.org.br\/novosite\/#\/schema\/person\/75fed98158349313fe56175f232f513c","name":"admin-federas","image":{"@type":"ImageObject","inLanguage":"pt-BR","@id":"https:\/\/www.federassantas.org.br\/novosite\/#\/schema\/person\/image\/","url":"https:\/\/secure.gravatar.com\/avatar\/2a02d7dda59fe8dc6b7ffd3f652e2efede5ccf0dd89dfdc8137c5517f3de8407?s=96&d=mm&r=g","contentUrl":"https:\/\/secure.gravatar.com\/avatar\/2a02d7dda59fe8dc6b7ffd3f652e2efede5ccf0dd89dfdc8137c5517f3de8407?s=96&d=mm&r=g","caption":"admin-federas"},"sameAs":["https:\/\/www.federassantas.org.br\/novosite\/"],"url":"https:\/\/www.federassantas.org.br\/novosite\/author\/admin-federas\/"}]}},"_links":{"self":[{"href":"https:\/\/www.federassantas.org.br\/novosite\/wp-json\/wp\/v2\/posts\/28001","targetHints":{"allow":["GET"]}}],"collection":[{"href":"https:\/\/www.federassantas.org.br\/novosite\/wp-json\/wp\/v2\/posts"}],"about":[{"href":"https:\/\/www.federassantas.org.br\/novosite\/wp-json\/wp\/v2\/types\/post"}],"author":[{"embeddable":true,"href":"https:\/\/www.federassantas.org.br\/novosite\/wp-json\/wp\/v2\/users\/1"}],"replies":[{"embeddable":true,"href":"https:\/\/www.federassantas.org.br\/novosite\/wp-json\/wp\/v2\/comments?post=28001"}],"version-history":[{"count":13,"href":"https:\/\/www.federassantas.org.br\/novosite\/wp-json\/wp\/v2\/posts\/28001\/revisions"}],"predecessor-version":[{"id":28015,"href":"https:\/\/www.federassantas.org.br\/novosite\/wp-json\/wp\/v2\/posts\/28001\/revisions\/28015"}],"wp:featuredmedia":[{"embeddable":true,"href":"https:\/\/www.federassantas.org.br\/novosite\/wp-json\/wp\/v2\/media\/28002"}],"wp:attachment":[{"href":"https:\/\/www.federassantas.org.br\/novosite\/wp-json\/wp\/v2\/media?parent=28001"}],"wp:term":[{"taxonomy":"category","embeddable":true,"href":"https:\/\/www.federassantas.org.br\/novosite\/wp-json\/wp\/v2\/categories?post=28001"},{"taxonomy":"post_tag","embeddable":true,"href":"https:\/\/www.federassantas.org.br\/novosite\/wp-json\/wp\/v2\/tags?post=28001"}],"curies":[{"name":"wp","href":"https:\/\/api.w.org\/{rel}","templated":true}]}}