{"id":28030,"date":"2023-04-13T16:34:29","date_gmt":"2023-04-13T19:34:29","guid":{"rendered":"https:\/\/www.federassantas.org.br\/novosite\/?p=28030"},"modified":"2023-04-14T09:25:27","modified_gmt":"2023-04-14T12:25:27","slug":"cec-realiza-curso-experiencia-do-paciente","status":"publish","type":"post","link":"https:\/\/www.federassantas.org.br\/novosite\/cec-realiza-curso-experiencia-do-paciente\/","title":{"rendered":"CEC realiza curso Experi\u00eancia do Paciente"},"content":{"rendered":"\t\t<div data-elementor-type=\"wp-post\" data-elementor-id=\"28030\" class=\"elementor elementor-28030\" data-elementor-post-type=\"post\">\n\t\t\t\t\t\t<section class=\"elementor-section elementor-top-section elementor-element elementor-element-5742a7b elementor-section-boxed elementor-section-height-default elementor-section-height-default\" data-id=\"5742a7b\" data-element_type=\"section\" data-e-type=\"section\">\n\t\t\t\t\t\t<div class=\"elementor-container elementor-column-gap-default\">\n\t\t\t\t\t<div class=\"elementor-column elementor-col-100 elementor-top-column elementor-element elementor-element-302035f\" data-id=\"302035f\" data-element_type=\"column\" data-e-type=\"column\">\n\t\t\t<div class=\"elementor-widget-wrap elementor-element-populated\">\n\t\t\t\t\t\t<div class=\"elementor-element elementor-element-fedeac2 elementor-widget elementor-widget-heading\" data-id=\"fedeac2\" data-element_type=\"widget\" data-e-type=\"widget\" data-widget_type=\"heading.default\">\n\t\t\t\t<div class=\"elementor-widget-container\">\n\t\t\t\t\t<h2 class=\"elementor-heading-title elementor-size-default\">CEC realiza curso Experi\u00eancia do Paciente<\/h2>\t\t\t\t<\/div>\n\t\t\t\t<\/div>\n\t\t\t\t\t<\/div>\n\t\t<\/div>\n\t\t\t\t\t<\/div>\n\t\t<\/section>\n\t\t\t\t<section class=\"elementor-section elementor-top-section elementor-element elementor-element-01415e9 elementor-section-boxed elementor-section-height-default elementor-section-height-default\" data-id=\"01415e9\" data-element_type=\"section\" data-e-type=\"section\">\n\t\t\t\t\t\t<div class=\"elementor-container elementor-column-gap-default\">\n\t\t\t\t\t<div class=\"elementor-column elementor-col-100 elementor-top-column elementor-element elementor-element-8407110\" data-id=\"8407110\" data-element_type=\"column\" data-e-type=\"column\">\n\t\t\t<div class=\"elementor-widget-wrap elementor-element-populated\">\n\t\t\t\t\t\t<section class=\"elementor-section elementor-inner-section elementor-element elementor-element-3439096 elementor-section-boxed elementor-section-height-default elementor-section-height-default\" data-id=\"3439096\" data-element_type=\"section\" data-e-type=\"section\">\n\t\t\t\t\t\t<div class=\"elementor-container elementor-column-gap-default\">\n\t\t\t\t\t<div class=\"elementor-column elementor-col-50 elementor-inner-column elementor-element elementor-element-930ea37\" data-id=\"930ea37\" data-element_type=\"column\" data-e-type=\"column\">\n\t\t\t<div class=\"elementor-widget-wrap elementor-element-populated\">\n\t\t\t\t\t\t<div class=\"elementor-element elementor-element-ca69efd elementor-widget elementor-widget-image\" data-id=\"ca69efd\" data-element_type=\"widget\" data-e-type=\"widget\" data-widget_type=\"image.default\">\n\t\t\t\t<div class=\"elementor-widget-container\">\n\t\t\t\t\t\t\t\t\t\t\t\t\t\t\t<img fetchpriority=\"high\" decoding=\"async\" width=\"800\" height=\"552\" src=\"https:\/\/www.federassantas.org.br\/novosite\/wp-content\/uploads\/2023\/04\/540b8db9-f48e-4dd1-a0a4-4595083db827-1024x707.jpeg\" class=\"attachment-large size-large wp-image-28036\" alt=\"\" srcset=\"https:\/\/www.federassantas.org.br\/novosite\/wp-content\/uploads\/2023\/04\/540b8db9-f48e-4dd1-a0a4-4595083db827-1024x707.jpeg 1024w, https:\/\/www.federassantas.org.br\/novosite\/wp-content\/uploads\/2023\/04\/540b8db9-f48e-4dd1-a0a4-4595083db827-300x207.jpeg 300w, https:\/\/www.federassantas.org.br\/novosite\/wp-content\/uploads\/2023\/04\/540b8db9-f48e-4dd1-a0a4-4595083db827-768x530.jpeg 768w, https:\/\/www.federassantas.org.br\/novosite\/wp-content\/uploads\/2023\/04\/540b8db9-f48e-4dd1-a0a4-4595083db827.jpeg 1205w\" sizes=\"(max-width: 800px) 100vw, 800px\" \/>\t\t\t\t\t\t\t\t\t\t\t\t\t\t\t<\/div>\n\t\t\t\t<\/div>\n\t\t\t\t\t<\/div>\n\t\t<\/div>\n\t\t\t\t<div class=\"elementor-column elementor-col-50 elementor-inner-column elementor-element elementor-element-93b884f\" data-id=\"93b884f\" data-element_type=\"column\" data-e-type=\"column\">\n\t\t\t<div class=\"elementor-widget-wrap elementor-element-populated\">\n\t\t\t\t\t\t<div class=\"elementor-element elementor-element-f6b3240 elementor-widget elementor-widget-text-editor\" data-id=\"f6b3240\" data-element_type=\"widget\" data-e-type=\"widget\" data-widget_type=\"text-editor.default\">\n\t\t\t\t<div class=\"elementor-widget-container\">\n\t\t\t\t\t\t\t\t\t<p>Na \u00faltima segunda-feira, 10, iniciou o curso Experi\u00eancia do Paciente, oferecido pelo Centro de Educa\u00e7\u00e3o Continuada (CEC), da Federassantas. A capacita\u00e7\u00e3o foi ministrada pela Economista Maysa de Paula Pacheco Batista e contou com a participa\u00e7\u00e3o de 29 profissionais de v\u00e1rias regi\u00f5es de Minas Gerais, que se reuniram on-line.<\/p><p><span style=\"font-size: 14.4px;\">O curso tinha o objetivo de capacitar os profissionais para atua\u00e7\u00e3o de forma diferenciada no atendimento, levando em considera\u00e7\u00e3o a experi\u00eancia do cliente para melhoria dos resultados institucionais. Participaram profissionais da \u00e1rea da sa\u00fade, marketing, psicologia, enfermeiros, administradores, gestores, dentre outros.<\/span><\/p>\t\t\t\t\t\t\t\t<\/div>\n\t\t\t\t<\/div>\n\t\t\t\t\t<\/div>\n\t\t<\/div>\n\t\t\t\t\t<\/div>\n\t\t<\/section>\n\t\t\t\t<div class=\"elementor-element elementor-element-6748f3e elementor-widget elementor-widget-text-editor\" data-id=\"6748f3e\" data-element_type=\"widget\" data-e-type=\"widget\" data-widget_type=\"text-editor.default\">\n\t\t\t\t<div class=\"elementor-widget-container\">\n\t\t\t\t\t\t\t\t\t<p>As aulas foram divididas em dois temas, sendo eles, os conceitos de experi\u00eancia do paciente com a aten\u00e7\u00e3o centrada no paciente e como a experi\u00eancia impulsiona os resultados cl\u00ednicos, e o monitoramento e mapeamento de jornada, com metodologias e t\u00e9cnicas para desenhar uma boa gest\u00e3o da experi\u00eancia entre colaboradores, lideran\u00e7a, pacientes e familiares e como desenvolver a jornada do paciente.<\/p><p><strong>CEC<\/strong><\/p><p>O CEC tem o intuito de oferecer programas de capacita\u00e7\u00e3o e atualiza\u00e7\u00e3o profissional para os diversos agentes que atuam nas institui\u00e7\u00f5es hospitalares. Gostaria de sugerir algum tema ou percebe a necessidade de capacita\u00e7\u00e3o dos seus colaboradores em alguma \u00e1rea espec\u00edfica? Entre em contato conosco.<\/p><p>Para saber mais sobre o programa e acompanhar a agenda de cursos, acesse o site: <a href=\"https:\/\/www.federassantas.org.br\/cec\/\">https:\/\/www.federassantas.org.br\/cec\/<\/a><\/p>\t\t\t\t\t\t\t\t<\/div>\n\t\t\t\t<\/div>\n\t\t\t\t\t<\/div>\n\t\t<\/div>\n\t\t\t\t\t<\/div>\n\t\t<\/section>\n\t\t\t\t<\/div>\n\t\t","protected":false},"excerpt":{"rendered":"<p>CEC realiza curso Experi\u00eancia do Paciente Na \u00faltima segunda-feira, 10, iniciou o curso Experi\u00eancia do Paciente, oferecido pelo Centro de Educa\u00e7\u00e3o Continuada (CEC), da Federassantas. A capacita\u00e7\u00e3o foi ministrada pela Economista Maysa de Paula Pacheco Batista e contou com a participa\u00e7\u00e3o de 29 profissionais de v\u00e1rias regi\u00f5es de Minas Gerais, que se reuniram on-line. O [&hellip;]<\/p>\n","protected":false},"author":1,"featured_media":28031,"comment_status":"open","ping_status":"open","sticky":false,"template":"","format":"standard","meta":{"footnotes":""},"categories":[140],"tags":[84,79,279],"class_list":["post-28030","post","type-post","status-publish","format-standard","has-post-thumbnail","hentry","category-noticias","tag-cec","tag-curso","tag-experiencia-do-paciente"],"yoast_head":"<!-- This site is optimized with the Yoast SEO plugin v26.9 - https:\/\/yoast.com\/product\/yoast-seo-wordpress\/ -->\n<title>CEC realiza curso Experi\u00eancia do Paciente - Federassantas<\/title>\n<meta name=\"description\" content=\"Na \u00faltima segunda-feira, 10, iniciou o curso Experi\u00eancia do Paciente, oferecido pelo Centro de Educa\u00e7\u00e3o Continuada (CEC), da Federassantas. A capacita\u00e7\u00e3o foi ministrada pela Economista Maysa de Paula Pacheco Batista e contou com a participa\u00e7\u00e3o de 29 profissionais de v\u00e1rias regi\u00f5es de Minas Gerais, que se reuniram on-line.\" \/>\n<meta name=\"robots\" content=\"index, follow, max-snippet:-1, max-image-preview:large, max-video-preview:-1\" \/>\n<link rel=\"canonical\" href=\"https:\/\/www.federassantas.org.br\/novosite\/cec-realiza-curso-experiencia-do-paciente\/\" \/>\n<meta property=\"og:locale\" content=\"pt_BR\" \/>\n<meta property=\"og:type\" content=\"article\" \/>\n<meta property=\"og:title\" content=\"CEC realiza curso Experi\u00eancia do Paciente - Federassantas\" \/>\n<meta property=\"og:description\" content=\"Na \u00faltima segunda-feira, 10, iniciou o curso Experi\u00eancia do Paciente, oferecido pelo Centro de Educa\u00e7\u00e3o Continuada (CEC), da Federassantas. A capacita\u00e7\u00e3o foi ministrada pela Economista Maysa de Paula Pacheco Batista e contou com a participa\u00e7\u00e3o de 29 profissionais de v\u00e1rias regi\u00f5es de Minas Gerais, que se reuniram on-line.\" \/>\n<meta property=\"og:url\" content=\"https:\/\/www.federassantas.org.br\/novosite\/cec-realiza-curso-experiencia-do-paciente\/\" \/>\n<meta property=\"og:site_name\" content=\"Federassantas\" \/>\n<meta property=\"article:published_time\" content=\"2023-04-13T19:34:29+00:00\" \/>\n<meta property=\"article:modified_time\" content=\"2023-04-14T12:25:27+00:00\" \/>\n<meta property=\"og:image\" content=\"https:\/\/www.federassantas.org.br\/novosite\/wp-content\/uploads\/2023\/04\/medico-sorridente-de-tiro-medio-falando-com-o-paciente-1.jpg\" \/>\n\t<meta property=\"og:image:width\" content=\"2500\" \/>\n\t<meta property=\"og:image:height\" content=\"1663\" \/>\n\t<meta property=\"og:image:type\" content=\"image\/jpeg\" \/>\n<meta name=\"author\" content=\"admin-federas\" \/>\n<meta name=\"twitter:card\" content=\"summary_large_image\" \/>\n<meta name=\"twitter:label1\" content=\"Escrito por\" \/>\n\t<meta name=\"twitter:data1\" content=\"admin-federas\" \/>\n\t<meta name=\"twitter:label2\" content=\"Est. tempo de leitura\" \/>\n\t<meta name=\"twitter:data2\" content=\"1 minuto\" \/>\n<script type=\"application\/ld+json\" class=\"yoast-schema-graph\">{\"@context\":\"https:\/\/schema.org\",\"@graph\":[{\"@type\":\"Article\",\"@id\":\"https:\/\/www.federassantas.org.br\/novosite\/cec-realiza-curso-experiencia-do-paciente\/#article\",\"isPartOf\":{\"@id\":\"https:\/\/www.federassantas.org.br\/novosite\/cec-realiza-curso-experiencia-do-paciente\/\"},\"author\":{\"name\":\"admin-federas\",\"@id\":\"https:\/\/www.federassantas.org.br\/novosite\/#\/schema\/person\/75fed98158349313fe56175f232f513c\"},\"headline\":\"CEC realiza curso Experi\u00eancia do Paciente\",\"datePublished\":\"2023-04-13T19:34:29+00:00\",\"dateModified\":\"2023-04-14T12:25:27+00:00\",\"mainEntityOfPage\":{\"@id\":\"https:\/\/www.federassantas.org.br\/novosite\/cec-realiza-curso-experiencia-do-paciente\/\"},\"wordCount\":250,\"commentCount\":0,\"publisher\":{\"@id\":\"https:\/\/www.federassantas.org.br\/novosite\/#organization\"},\"image\":{\"@id\":\"https:\/\/www.federassantas.org.br\/novosite\/cec-realiza-curso-experiencia-do-paciente\/#primaryimage\"},\"thumbnailUrl\":\"https:\/\/www.federassantas.org.br\/novosite\/wp-content\/uploads\/2023\/04\/medico-sorridente-de-tiro-medio-falando-com-o-paciente-1.jpg\",\"keywords\":[\"cec\",\"curso\",\"Experi\u00eancia do Paciente\"],\"articleSection\":[\"Not\u00edcias\"],\"inLanguage\":\"pt-BR\",\"potentialAction\":[{\"@type\":\"CommentAction\",\"name\":\"Comment\",\"target\":[\"https:\/\/www.federassantas.org.br\/novosite\/cec-realiza-curso-experiencia-do-paciente\/#respond\"]}]},{\"@type\":\"WebPage\",\"@id\":\"https:\/\/www.federassantas.org.br\/novosite\/cec-realiza-curso-experiencia-do-paciente\/\",\"url\":\"https:\/\/www.federassantas.org.br\/novosite\/cec-realiza-curso-experiencia-do-paciente\/\",\"name\":\"CEC realiza curso Experi\u00eancia do Paciente - Federassantas\",\"isPartOf\":{\"@id\":\"https:\/\/www.federassantas.org.br\/novosite\/#website\"},\"primaryImageOfPage\":{\"@id\":\"https:\/\/www.federassantas.org.br\/novosite\/cec-realiza-curso-experiencia-do-paciente\/#primaryimage\"},\"image\":{\"@id\":\"https:\/\/www.federassantas.org.br\/novosite\/cec-realiza-curso-experiencia-do-paciente\/#primaryimage\"},\"thumbnailUrl\":\"https:\/\/www.federassantas.org.br\/novosite\/wp-content\/uploads\/2023\/04\/medico-sorridente-de-tiro-medio-falando-com-o-paciente-1.jpg\",\"datePublished\":\"2023-04-13T19:34:29+00:00\",\"dateModified\":\"2023-04-14T12:25:27+00:00\",\"description\":\"Na \u00faltima segunda-feira, 10, iniciou o curso Experi\u00eancia do Paciente, oferecido pelo Centro de Educa\u00e7\u00e3o Continuada (CEC), da Federassantas. A capacita\u00e7\u00e3o foi ministrada pela Economista Maysa de Paula Pacheco Batista e contou com a participa\u00e7\u00e3o de 29 profissionais de v\u00e1rias regi\u00f5es de Minas Gerais, que se reuniram on-line.\",\"breadcrumb\":{\"@id\":\"https:\/\/www.federassantas.org.br\/novosite\/cec-realiza-curso-experiencia-do-paciente\/#breadcrumb\"},\"inLanguage\":\"pt-BR\",\"potentialAction\":[{\"@type\":\"ReadAction\",\"target\":[\"https:\/\/www.federassantas.org.br\/novosite\/cec-realiza-curso-experiencia-do-paciente\/\"]}]},{\"@type\":\"ImageObject\",\"inLanguage\":\"pt-BR\",\"@id\":\"https:\/\/www.federassantas.org.br\/novosite\/cec-realiza-curso-experiencia-do-paciente\/#primaryimage\",\"url\":\"https:\/\/www.federassantas.org.br\/novosite\/wp-content\/uploads\/2023\/04\/medico-sorridente-de-tiro-medio-falando-com-o-paciente-1.jpg\",\"contentUrl\":\"https:\/\/www.federassantas.org.br\/novosite\/wp-content\/uploads\/2023\/04\/medico-sorridente-de-tiro-medio-falando-com-o-paciente-1.jpg\",\"width\":2500,\"height\":1663},{\"@type\":\"BreadcrumbList\",\"@id\":\"https:\/\/www.federassantas.org.br\/novosite\/cec-realiza-curso-experiencia-do-paciente\/#breadcrumb\",\"itemListElement\":[{\"@type\":\"ListItem\",\"position\":1,\"name\":\"In\u00edcio\",\"item\":\"https:\/\/www.federassantas.org.br\/novosite\/\"},{\"@type\":\"ListItem\",\"position\":2,\"name\":\"CEC realiza curso Experi\u00eancia do Paciente\"}]},{\"@type\":\"WebSite\",\"@id\":\"https:\/\/www.federassantas.org.br\/novosite\/#website\",\"url\":\"https:\/\/www.federassantas.org.br\/novosite\/\",\"name\":\"Federassantas\",\"description\":\"Fed. das Santas Casas e Hospitais Filantr\u00f3picos de MG\",\"publisher\":{\"@id\":\"https:\/\/www.federassantas.org.br\/novosite\/#organization\"},\"potentialAction\":[{\"@type\":\"SearchAction\",\"target\":{\"@type\":\"EntryPoint\",\"urlTemplate\":\"https:\/\/www.federassantas.org.br\/novosite\/?s={search_term_string}\"},\"query-input\":{\"@type\":\"PropertyValueSpecification\",\"valueRequired\":true,\"valueName\":\"search_term_string\"}}],\"inLanguage\":\"pt-BR\"},{\"@type\":\"Organization\",\"@id\":\"https:\/\/www.federassantas.org.br\/novosite\/#organization\",\"name\":\"Federassantas\",\"url\":\"https:\/\/www.federassantas.org.br\/novosite\/\",\"logo\":{\"@type\":\"ImageObject\",\"inLanguage\":\"pt-BR\",\"@id\":\"https:\/\/www.federassantas.org.br\/novosite\/#\/schema\/logo\/image\/\",\"url\":\"https:\/\/www.federassantas.org.br\/novosite\/wp-content\/uploads\/2021\/12\/logo.png\",\"contentUrl\":\"https:\/\/www.federassantas.org.br\/novosite\/wp-content\/uploads\/2021\/12\/logo.png\",\"width\":243,\"height\":59,\"caption\":\"Federassantas\"},\"image\":{\"@id\":\"https:\/\/www.federassantas.org.br\/novosite\/#\/schema\/logo\/image\/\"}},{\"@type\":\"Person\",\"@id\":\"https:\/\/www.federassantas.org.br\/novosite\/#\/schema\/person\/75fed98158349313fe56175f232f513c\",\"name\":\"admin-federas\",\"image\":{\"@type\":\"ImageObject\",\"inLanguage\":\"pt-BR\",\"@id\":\"https:\/\/www.federassantas.org.br\/novosite\/#\/schema\/person\/image\/\",\"url\":\"https:\/\/secure.gravatar.com\/avatar\/2a02d7dda59fe8dc6b7ffd3f652e2efede5ccf0dd89dfdc8137c5517f3de8407?s=96&d=mm&r=g\",\"contentUrl\":\"https:\/\/secure.gravatar.com\/avatar\/2a02d7dda59fe8dc6b7ffd3f652e2efede5ccf0dd89dfdc8137c5517f3de8407?s=96&d=mm&r=g\",\"caption\":\"admin-federas\"},\"sameAs\":[\"https:\/\/www.federassantas.org.br\/novosite\/\"],\"url\":\"https:\/\/www.federassantas.org.br\/novosite\/author\/admin-federas\/\"}]}<\/script>\n<!-- \/ Yoast SEO plugin. -->","yoast_head_json":{"title":"CEC realiza curso Experi\u00eancia do Paciente - Federassantas","description":"Na \u00faltima segunda-feira, 10, iniciou o curso Experi\u00eancia do Paciente, oferecido pelo Centro de Educa\u00e7\u00e3o Continuada (CEC), da Federassantas. A capacita\u00e7\u00e3o foi ministrada pela Economista Maysa de Paula Pacheco Batista e contou com a participa\u00e7\u00e3o de 29 profissionais de v\u00e1rias regi\u00f5es de Minas Gerais, que se reuniram on-line.","robots":{"index":"index","follow":"follow","max-snippet":"max-snippet:-1","max-image-preview":"max-image-preview:large","max-video-preview":"max-video-preview:-1"},"canonical":"https:\/\/www.federassantas.org.br\/novosite\/cec-realiza-curso-experiencia-do-paciente\/","og_locale":"pt_BR","og_type":"article","og_title":"CEC realiza curso Experi\u00eancia do Paciente - Federassantas","og_description":"Na \u00faltima segunda-feira, 10, iniciou o curso Experi\u00eancia do Paciente, oferecido pelo Centro de Educa\u00e7\u00e3o Continuada (CEC), da Federassantas. A capacita\u00e7\u00e3o foi ministrada pela Economista Maysa de Paula Pacheco Batista e contou com a participa\u00e7\u00e3o de 29 profissionais de v\u00e1rias regi\u00f5es de Minas Gerais, que se reuniram on-line.","og_url":"https:\/\/www.federassantas.org.br\/novosite\/cec-realiza-curso-experiencia-do-paciente\/","og_site_name":"Federassantas","article_published_time":"2023-04-13T19:34:29+00:00","article_modified_time":"2023-04-14T12:25:27+00:00","og_image":[{"width":2500,"height":1663,"url":"https:\/\/www.federassantas.org.br\/novosite\/wp-content\/uploads\/2023\/04\/medico-sorridente-de-tiro-medio-falando-com-o-paciente-1.jpg","type":"image\/jpeg"}],"author":"admin-federas","twitter_card":"summary_large_image","twitter_misc":{"Escrito por":"admin-federas","Est. tempo de leitura":"1 minuto"},"schema":{"@context":"https:\/\/schema.org","@graph":[{"@type":"Article","@id":"https:\/\/www.federassantas.org.br\/novosite\/cec-realiza-curso-experiencia-do-paciente\/#article","isPartOf":{"@id":"https:\/\/www.federassantas.org.br\/novosite\/cec-realiza-curso-experiencia-do-paciente\/"},"author":{"name":"admin-federas","@id":"https:\/\/www.federassantas.org.br\/novosite\/#\/schema\/person\/75fed98158349313fe56175f232f513c"},"headline":"CEC realiza curso Experi\u00eancia do Paciente","datePublished":"2023-04-13T19:34:29+00:00","dateModified":"2023-04-14T12:25:27+00:00","mainEntityOfPage":{"@id":"https:\/\/www.federassantas.org.br\/novosite\/cec-realiza-curso-experiencia-do-paciente\/"},"wordCount":250,"commentCount":0,"publisher":{"@id":"https:\/\/www.federassantas.org.br\/novosite\/#organization"},"image":{"@id":"https:\/\/www.federassantas.org.br\/novosite\/cec-realiza-curso-experiencia-do-paciente\/#primaryimage"},"thumbnailUrl":"https:\/\/www.federassantas.org.br\/novosite\/wp-content\/uploads\/2023\/04\/medico-sorridente-de-tiro-medio-falando-com-o-paciente-1.jpg","keywords":["cec","curso","Experi\u00eancia do Paciente"],"articleSection":["Not\u00edcias"],"inLanguage":"pt-BR","potentialAction":[{"@type":"CommentAction","name":"Comment","target":["https:\/\/www.federassantas.org.br\/novosite\/cec-realiza-curso-experiencia-do-paciente\/#respond"]}]},{"@type":"WebPage","@id":"https:\/\/www.federassantas.org.br\/novosite\/cec-realiza-curso-experiencia-do-paciente\/","url":"https:\/\/www.federassantas.org.br\/novosite\/cec-realiza-curso-experiencia-do-paciente\/","name":"CEC realiza curso Experi\u00eancia do Paciente - Federassantas","isPartOf":{"@id":"https:\/\/www.federassantas.org.br\/novosite\/#website"},"primaryImageOfPage":{"@id":"https:\/\/www.federassantas.org.br\/novosite\/cec-realiza-curso-experiencia-do-paciente\/#primaryimage"},"image":{"@id":"https:\/\/www.federassantas.org.br\/novosite\/cec-realiza-curso-experiencia-do-paciente\/#primaryimage"},"thumbnailUrl":"https:\/\/www.federassantas.org.br\/novosite\/wp-content\/uploads\/2023\/04\/medico-sorridente-de-tiro-medio-falando-com-o-paciente-1.jpg","datePublished":"2023-04-13T19:34:29+00:00","dateModified":"2023-04-14T12:25:27+00:00","description":"Na \u00faltima segunda-feira, 10, iniciou o curso Experi\u00eancia do Paciente, oferecido pelo Centro de Educa\u00e7\u00e3o Continuada (CEC), da Federassantas. A capacita\u00e7\u00e3o foi ministrada pela Economista Maysa de Paula Pacheco Batista e contou com a participa\u00e7\u00e3o de 29 profissionais de v\u00e1rias regi\u00f5es de Minas Gerais, que se reuniram on-line.","breadcrumb":{"@id":"https:\/\/www.federassantas.org.br\/novosite\/cec-realiza-curso-experiencia-do-paciente\/#breadcrumb"},"inLanguage":"pt-BR","potentialAction":[{"@type":"ReadAction","target":["https:\/\/www.federassantas.org.br\/novosite\/cec-realiza-curso-experiencia-do-paciente\/"]}]},{"@type":"ImageObject","inLanguage":"pt-BR","@id":"https:\/\/www.federassantas.org.br\/novosite\/cec-realiza-curso-experiencia-do-paciente\/#primaryimage","url":"https:\/\/www.federassantas.org.br\/novosite\/wp-content\/uploads\/2023\/04\/medico-sorridente-de-tiro-medio-falando-com-o-paciente-1.jpg","contentUrl":"https:\/\/www.federassantas.org.br\/novosite\/wp-content\/uploads\/2023\/04\/medico-sorridente-de-tiro-medio-falando-com-o-paciente-1.jpg","width":2500,"height":1663},{"@type":"BreadcrumbList","@id":"https:\/\/www.federassantas.org.br\/novosite\/cec-realiza-curso-experiencia-do-paciente\/#breadcrumb","itemListElement":[{"@type":"ListItem","position":1,"name":"In\u00edcio","item":"https:\/\/www.federassantas.org.br\/novosite\/"},{"@type":"ListItem","position":2,"name":"CEC realiza curso Experi\u00eancia do Paciente"}]},{"@type":"WebSite","@id":"https:\/\/www.federassantas.org.br\/novosite\/#website","url":"https:\/\/www.federassantas.org.br\/novosite\/","name":"Federassantas","description":"Fed. das Santas Casas e Hospitais Filantr\u00f3picos de MG","publisher":{"@id":"https:\/\/www.federassantas.org.br\/novosite\/#organization"},"potentialAction":[{"@type":"SearchAction","target":{"@type":"EntryPoint","urlTemplate":"https:\/\/www.federassantas.org.br\/novosite\/?s={search_term_string}"},"query-input":{"@type":"PropertyValueSpecification","valueRequired":true,"valueName":"search_term_string"}}],"inLanguage":"pt-BR"},{"@type":"Organization","@id":"https:\/\/www.federassantas.org.br\/novosite\/#organization","name":"Federassantas","url":"https:\/\/www.federassantas.org.br\/novosite\/","logo":{"@type":"ImageObject","inLanguage":"pt-BR","@id":"https:\/\/www.federassantas.org.br\/novosite\/#\/schema\/logo\/image\/","url":"https:\/\/www.federassantas.org.br\/novosite\/wp-content\/uploads\/2021\/12\/logo.png","contentUrl":"https:\/\/www.federassantas.org.br\/novosite\/wp-content\/uploads\/2021\/12\/logo.png","width":243,"height":59,"caption":"Federassantas"},"image":{"@id":"https:\/\/www.federassantas.org.br\/novosite\/#\/schema\/logo\/image\/"}},{"@type":"Person","@id":"https:\/\/www.federassantas.org.br\/novosite\/#\/schema\/person\/75fed98158349313fe56175f232f513c","name":"admin-federas","image":{"@type":"ImageObject","inLanguage":"pt-BR","@id":"https:\/\/www.federassantas.org.br\/novosite\/#\/schema\/person\/image\/","url":"https:\/\/secure.gravatar.com\/avatar\/2a02d7dda59fe8dc6b7ffd3f652e2efede5ccf0dd89dfdc8137c5517f3de8407?s=96&d=mm&r=g","contentUrl":"https:\/\/secure.gravatar.com\/avatar\/2a02d7dda59fe8dc6b7ffd3f652e2efede5ccf0dd89dfdc8137c5517f3de8407?s=96&d=mm&r=g","caption":"admin-federas"},"sameAs":["https:\/\/www.federassantas.org.br\/novosite\/"],"url":"https:\/\/www.federassantas.org.br\/novosite\/author\/admin-federas\/"}]}},"_links":{"self":[{"href":"https:\/\/www.federassantas.org.br\/novosite\/wp-json\/wp\/v2\/posts\/28030","targetHints":{"allow":["GET"]}}],"collection":[{"href":"https:\/\/www.federassantas.org.br\/novosite\/wp-json\/wp\/v2\/posts"}],"about":[{"href":"https:\/\/www.federassantas.org.br\/novosite\/wp-json\/wp\/v2\/types\/post"}],"author":[{"embeddable":true,"href":"https:\/\/www.federassantas.org.br\/novosite\/wp-json\/wp\/v2\/users\/1"}],"replies":[{"embeddable":true,"href":"https:\/\/www.federassantas.org.br\/novosite\/wp-json\/wp\/v2\/comments?post=28030"}],"version-history":[{"count":10,"href":"https:\/\/www.federassantas.org.br\/novosite\/wp-json\/wp\/v2\/posts\/28030\/revisions"}],"predecessor-version":[{"id":28043,"href":"https:\/\/www.federassantas.org.br\/novosite\/wp-json\/wp\/v2\/posts\/28030\/revisions\/28043"}],"wp:featuredmedia":[{"embeddable":true,"href":"https:\/\/www.federassantas.org.br\/novosite\/wp-json\/wp\/v2\/media\/28031"}],"wp:attachment":[{"href":"https:\/\/www.federassantas.org.br\/novosite\/wp-json\/wp\/v2\/media?parent=28030"}],"wp:term":[{"taxonomy":"category","embeddable":true,"href":"https:\/\/www.federassantas.org.br\/novosite\/wp-json\/wp\/v2\/categories?post=28030"},{"taxonomy":"post_tag","embeddable":true,"href":"https:\/\/www.federassantas.org.br\/novosite\/wp-json\/wp\/v2\/tags?post=28030"}],"curies":[{"name":"wp","href":"https:\/\/api.w.org\/{rel}","templated":true}]}}