{"id":28051,"date":"2023-04-14T14:13:04","date_gmt":"2023-04-14T17:13:04","guid":{"rendered":"https:\/\/www.federassantas.org.br\/novosite\/?p=28051"},"modified":"2023-04-14T14:13:04","modified_gmt":"2023-04-14T17:13:04","slug":"dia-mundial-da-hemofilia","status":"publish","type":"post","link":"https:\/\/www.federassantas.org.br\/novosite\/dia-mundial-da-hemofilia\/","title":{"rendered":"Dia Mundial da Hemofilia"},"content":{"rendered":"\t\t<div data-elementor-type=\"wp-post\" data-elementor-id=\"28051\" class=\"elementor elementor-28051\" data-elementor-post-type=\"post\">\n\t\t\t\t\t\t<section class=\"elementor-section elementor-top-section elementor-element elementor-element-87c99fb elementor-section-boxed elementor-section-height-default elementor-section-height-default\" data-id=\"87c99fb\" data-element_type=\"section\" data-e-type=\"section\">\n\t\t\t\t\t\t<div class=\"elementor-container elementor-column-gap-default\">\n\t\t\t\t\t<div class=\"elementor-column elementor-col-100 elementor-top-column elementor-element elementor-element-886c385\" data-id=\"886c385\" data-element_type=\"column\" data-e-type=\"column\">\n\t\t\t<div class=\"elementor-widget-wrap elementor-element-populated\">\n\t\t\t\t\t\t<div class=\"elementor-element elementor-element-b797c1b elementor-widget elementor-widget-heading\" data-id=\"b797c1b\" data-element_type=\"widget\" data-e-type=\"widget\" data-widget_type=\"heading.default\">\n\t\t\t\t<div class=\"elementor-widget-container\">\n\t\t\t\t\t<h2 class=\"elementor-heading-title elementor-size-default\">Dia Mundial da Hemofilia refor\u00e7a a import\u00e2ncia do tratamento precoce para a doen\u00e7a\n\n<\/h2>\t\t\t\t<\/div>\n\t\t\t\t<\/div>\n\t\t\t\t\t<\/div>\n\t\t<\/div>\n\t\t\t\t\t<\/div>\n\t\t<\/section>\n\t\t\t\t<section class=\"elementor-section elementor-top-section elementor-element elementor-element-2417050 elementor-section-boxed elementor-section-height-default elementor-section-height-default\" data-id=\"2417050\" data-element_type=\"section\" data-e-type=\"section\">\n\t\t\t\t\t\t<div class=\"elementor-container elementor-column-gap-default\">\n\t\t\t\t\t<div class=\"elementor-column elementor-col-100 elementor-top-column elementor-element elementor-element-4d29ac3\" data-id=\"4d29ac3\" data-element_type=\"column\" data-e-type=\"column\">\n\t\t\t<div class=\"elementor-widget-wrap elementor-element-populated\">\n\t\t\t\t\t\t<section class=\"elementor-section elementor-inner-section elementor-element elementor-element-65fc874 elementor-section-boxed elementor-section-height-default elementor-section-height-default\" data-id=\"65fc874\" data-element_type=\"section\" data-e-type=\"section\">\n\t\t\t\t\t\t<div class=\"elementor-container elementor-column-gap-default\">\n\t\t\t\t\t<div class=\"elementor-column elementor-col-50 elementor-inner-column elementor-element elementor-element-a990f48\" data-id=\"a990f48\" data-element_type=\"column\" data-e-type=\"column\">\n\t\t\t<div class=\"elementor-widget-wrap elementor-element-populated\">\n\t\t\t\t\t\t<div class=\"elementor-element elementor-element-45c078a elementor-widget__width-initial elementor-widget elementor-widget-image\" data-id=\"45c078a\" data-element_type=\"widget\" data-e-type=\"widget\" data-widget_type=\"image.default\">\n\t\t\t\t<div class=\"elementor-widget-container\">\n\t\t\t\t\t\t\t\t\t\t\t\t\t\t\t<img fetchpriority=\"high\" decoding=\"async\" width=\"800\" height=\"878\" src=\"https:\/\/www.federassantas.org.br\/novosite\/wp-content\/uploads\/2023\/04\/Paula-Ohana-medica-da-FSFX-e1681486001315-933x1024.jpg\" class=\"attachment-large size-large wp-image-28052\" alt=\"\" srcset=\"https:\/\/www.federassantas.org.br\/novosite\/wp-content\/uploads\/2023\/04\/Paula-Ohana-medica-da-FSFX-e1681486001315-933x1024.jpg 933w, https:\/\/www.federassantas.org.br\/novosite\/wp-content\/uploads\/2023\/04\/Paula-Ohana-medica-da-FSFX-e1681486001315-273x300.jpg 273w, https:\/\/www.federassantas.org.br\/novosite\/wp-content\/uploads\/2023\/04\/Paula-Ohana-medica-da-FSFX-e1681486001315-768x843.jpg 768w, https:\/\/www.federassantas.org.br\/novosite\/wp-content\/uploads\/2023\/04\/Paula-Ohana-medica-da-FSFX-e1681486001315.jpg 953w\" sizes=\"(max-width: 800px) 100vw, 800px\" \/>\t\t\t\t\t\t\t\t\t\t\t\t\t\t\t<\/div>\n\t\t\t\t<\/div>\n\t\t\t\t\t<\/div>\n\t\t<\/div>\n\t\t\t\t<div class=\"elementor-column elementor-col-50 elementor-inner-column elementor-element elementor-element-36d6ec4\" data-id=\"36d6ec4\" data-element_type=\"column\" data-e-type=\"column\">\n\t\t\t<div class=\"elementor-widget-wrap elementor-element-populated\">\n\t\t\t\t\t\t<div class=\"elementor-element elementor-element-7c4d924 elementor-widget elementor-widget-text-editor\" data-id=\"7c4d924\" data-element_type=\"widget\" data-e-type=\"widget\" data-widget_type=\"text-editor.default\">\n\t\t\t\t<div class=\"elementor-widget-container\">\n\t\t\t\t\t\t\t\t\t<p style=\"font-weight: 400;\">O Dia Mundial da Hemofilia, celebrado nesta segunda-feira, 17 de abril, foi criado para conscientizar a popula\u00e7\u00e3o sobre a doen\u00e7a e outros dist\u00farbios hemorr\u00e1gicos heredit\u00e1rios. A hemofilia \u00e9 uma condi\u00e7\u00e3o que impede que o sangue coagule normalmente. Se o sangue n\u00e3o coagula normalmente, as pessoas podem sangrar facilmente ou muito mais do que o normal. Segundo a Associa\u00e7\u00e3o Brasileira de Pessoas com Hemofilia (Abraphem), 14 mil pessoas convivem com a enfermidade no pa\u00eds, ocupando o terceiro lugar em n\u00famero de casos no ranking mundial.<\/p><p style=\"font-weight: 400;\">A campanha refor\u00e7a, principalmente, a import\u00e2ncia do tratamento multidisciplinar para os pacientes hemof\u00edlicos. Esse cuidado vai al\u00e9m do controle das hemorragias, exigindo o acompanhamento ortop\u00e9dico, odontol\u00f3gico, fisioter\u00e1pico e psicol\u00f3gico. No Brasil, um dos grandes desafios \u00e9 a acessibilidade a esse tipo de atendimento, especialmente para quem vive longe dos grandes centros urbanos.<\/p>\t\t\t\t\t\t\t\t<\/div>\n\t\t\t\t<\/div>\n\t\t\t\t\t<\/div>\n\t\t<\/div>\n\t\t\t\t\t<\/div>\n\t\t<\/section>\n\t\t\t\t\t<\/div>\n\t\t<\/div>\n\t\t\t\t\t<\/div>\n\t\t<\/section>\n\t\t\t\t<section class=\"elementor-section elementor-top-section elementor-element elementor-element-8af4d58 elementor-section-boxed elementor-section-height-default elementor-section-height-default\" data-id=\"8af4d58\" data-element_type=\"section\" data-e-type=\"section\">\n\t\t\t\t\t\t<div class=\"elementor-container elementor-column-gap-default\">\n\t\t\t\t\t<div class=\"elementor-column elementor-col-100 elementor-top-column elementor-element elementor-element-1f4067d\" data-id=\"1f4067d\" data-element_type=\"column\" data-e-type=\"column\">\n\t\t\t<div class=\"elementor-widget-wrap elementor-element-populated\">\n\t\t\t\t\t\t<div class=\"elementor-element elementor-element-ea81f4a elementor-widget elementor-widget-text-editor\" data-id=\"ea81f4a\" data-element_type=\"widget\" data-e-type=\"widget\" data-widget_type=\"text-editor.default\">\n\t\t\t\t<div class=\"elementor-widget-container\">\n\t\t\t\t\t\t\t\t\t<p style=\"font-weight: 400;\">A hemofilia \u00e9 uma doen\u00e7a gen\u00e9tica e ainda sem cura. A condi\u00e7\u00e3o ocorre devido \u00e0 falta de uma prote\u00edna no sangue que atua na coagula\u00e7\u00e3o e pode se apresentar de 2 formas, tipo A ou B. O que diferencia cada tipo \u00e9 o fator de coagula\u00e7\u00e3o que o organismo deixa de produzir.\u00a0 \u00a0<\/p><p style=\"font-weight: 400;\">Paula Ohana,\u00a0m\u00e9dica da Funda\u00e7\u00e3o S\u00e3o Francisco Xavier (FSFX), explica que a condi\u00e7\u00e3o afeta predominantemente homens. \u201cIsso acontece porque a muta\u00e7\u00e3o que causa a hemofilia se encontra no cromossomo X, e os homens recebem apenas 1 cromossomo X. Em geral, as mulheres tamb\u00e9m podem ter hemofilia, mas o quadro \u00e9 mais leve. O tipo A \u00e9 cinco vezes mais comum do que o B e embora os sintomas sejam semelhantes, \u00e9 importante saber o tipo para receber o tratamento adequado\u201d, ressalta.<\/p><p style=\"font-weight: 400;\">Os sintomas dependem de qu\u00e3o leve ou grave \u00e9 a hemofilia de uma pessoa. Em casos graves e moderados, os sintomas costumam aparecer j\u00e1 nos primeiros anos de vida da crian\u00e7a, que sangram mais do que o normal ap\u00f3s uma les\u00e3o, procedimento ou cirurgia. Pessoas com hemofilia grave tamb\u00e9m podem ter sangramentos que acontecem sem motivo algum, geralmente em uma articula\u00e7\u00e3o (hemartrose) ou m\u00fasculo. Nos casos leves, \u00e9 comum que ela passe despercebida at\u00e9 a idade adulta.<\/p><p style=\"font-weight: 400;\"><strong>Tratamento e outros cuidados<\/strong><\/p><p style=\"font-weight: 400;\">O diagn\u00f3stico \u00e9 feito atrav\u00e9s de um exame laboratorial que verifica a dosagem do fator de coagula\u00e7\u00e3o no sangue. Ap\u00f3s identifica\u00e7\u00e3o do tipo, inicia-se o tratamento que consiste na reposi\u00e7\u00e3o dos fatores de coagula\u00e7\u00e3o deficit\u00e1rios, obtidos pelo sangue humano ou por meio de t\u00e9cnicas de engenharia gen\u00e9tica. O tratamento \u00e9 oferecido gratuitamente pelo Sistema \u00danico de Sa\u00fade (SUS) e \u00e9 essencial para a qualidade de vida do paciente.<\/p><p style=\"font-weight: 400;\">Para garantir o diagn\u00f3stico precoce, recomenda-se que pais e respons\u00e1veis procurem assist\u00eancia m\u00e9dica se os filhos apresentarem sangramentos frequentes e desproporcionais ao tamanho da les\u00e3o. \u201cEsse cuidado \u00e9 importante para que os pais sejam orientados sobre como lidar com a crian\u00e7a hemof\u00edlica, de modo a acolh\u00ea-la e estimul\u00e1-la a crescer normalmente\u201d, pontua a m\u00e9dica da FSFX.<\/p><p style=\"font-weight: 400;\">Ap\u00f3s o diagn\u00f3stico, os epis\u00f3dios de sangramento exigem tratamento imediato para evitar sequelas nos m\u00fasculos e nas articula\u00e7\u00f5es. Para isso, o paciente deve buscar assist\u00eancia m\u00e9dica nos centros de refer\u00eancia em hemofilia, a fim de receber o tratamento mais indicado para o caso. Tamb\u00e9m vale lembrar que praticar exerc\u00edcios regularmente \u00e9 fundamental para os hemof\u00edlicos. No entanto, atividades de impacto f\u00edsico intenso, como futebol e artes marciais, s\u00e3o contraindicadas.<\/p><p style=\"font-weight: 400;\">A m\u00e9dica da FSFX, Paula Ohana\u00a0refor\u00e7a a necessidade de ampliar a acessibilidade a um tratamento universal e multidisciplinar. \u201cO sangue em uma articula\u00e7\u00e3o pode causar dor, incha\u00e7o, rigidez e dificuldade em mover a articula\u00e7\u00e3o. Com o tempo, o sangramento repetido pode levar a danos articulares a longo prazo. Logo, \u00e9 essencial um acompanhamento multidisciplinar, envolvendo hematologistas, ortopedistas, fisioterapeutas, dentistas e psic\u00f3logos, com cuidado orquestrado pelo m\u00e9dico de fam\u00edlia. Dessa forma, as pessoas com hemofilia ter\u00e3o cuidado completo: tratamento, reabilita\u00e7\u00e3o e preven\u00e7\u00e3o de novos agravos, com o objetivo de lhes proporcionar qualidade de vida\u201d, finaliza.<\/p><p style=\"font-weight: 400;\"><strong>Sobre a FSFX<\/strong><\/p><p style=\"font-weight: 400;\">A Funda\u00e7\u00e3o S\u00e3o Francisco Xavier, bra\u00e7o da Usiminas nas \u00e1reas de Sa\u00fade e Educa\u00e7\u00e3o, \u00e9 uma entidade beneficente de assist\u00eancia social, reconhecida pelo Minist\u00e9rio da Previd\u00eancia e Assist\u00eancia Social. Atuando desde 1969, a FSFX conta com mais de seis mil colaboradores e est\u00e1 presente em cinco estados brasileiros. Administra tr\u00eas unidades hospitalares, em Ipatinga e em Itabira (MG) com uma gest\u00e3o marcada pela responsabilidade, pela oferta de atendimentos de excel\u00eancia e pelas melhores pr\u00e1ticas de seguran\u00e7a, al\u00e9m de contabilizarem mais de 70% de seus atendimentos feitos a pacientes do Sistema \u00danico de Sa\u00fade (SUS).<\/p><p style=\"font-weight: 400;\">A Funda\u00e7\u00e3o \u00e9 respons\u00e1vel, ainda, pela operadora de Planos de Sa\u00fade Usisa\u00fade, com mais de 210 mil benefici\u00e1rios; o Centro de Odontologia Integrada, que mant\u00e9m os melhores indicadores de sa\u00fade bucal j\u00e1 divulgados no Brasil, e o Servi\u00e7o de Seguran\u00e7a do Trabalho, Sa\u00fade Ocupacional e Meio Ambiente. Na \u00e1rea educacional, o Col\u00e9gio S\u00e3o Francisco Xavier, unidade precursora localizada em Ipatinga, \u00e9 refer\u00eancia em Educa\u00e7\u00e3o na regi\u00e3o, com cerca de 3 mil alunos, da educa\u00e7\u00e3o infantil \u00e0 gradua\u00e7\u00e3o.<\/p><p><strong>Sugest\u00e3o de fonte: Paula Ohana,\u00a0m\u00e9dica da Funda\u00e7\u00e3o S\u00e3o Francisco Xavier (FSFX)<\/strong><\/p><p><strong>Assessoria de Imprensa: Cintia Neves<\/strong><\/p><p><em>Gostaria de divulgar informa\u00e7\u00f5es do seu hospital no site da Federassantas? Acesse a\u00a0<a href=\"https:\/\/www.federassantas.org.br\/novosite\/comunicacao\/\">p\u00e1gina da comunica\u00e7\u00e3o<\/a>\u00a0e nos envie o seu release.<\/em><\/p><p>\u00a0<\/p>\t\t\t\t\t\t\t\t<\/div>\n\t\t\t\t<\/div>\n\t\t\t\t\t<\/div>\n\t\t<\/div>\n\t\t\t\t\t<\/div>\n\t\t<\/section>\n\t\t\t\t<\/div>\n\t\t","protected":false},"excerpt":{"rendered":"<p>Dia Mundial da Hemofilia refor\u00e7a a import\u00e2ncia do tratamento precoce para a doen\u00e7a O Dia Mundial da Hemofilia, celebrado nesta segunda-feira, 17 de abril, foi criado para conscientizar a popula\u00e7\u00e3o sobre a doen\u00e7a e outros dist\u00farbios hemorr\u00e1gicos heredit\u00e1rios. A hemofilia \u00e9 uma condi\u00e7\u00e3o que impede que o sangue coagule normalmente. Se o sangue n\u00e3o coagula [&hellip;]<\/p>\n","protected":false},"author":1,"featured_media":28060,"comment_status":"open","ping_status":"open","sticky":false,"template":"","format":"standard","meta":{"footnotes":""},"categories":[243],"tags":[282,281,46],"class_list":["post-28051","post","type-post","status-publish","format-standard","has-post-thumbnail","hentry","category-regionais","tag-dia-mundial","tag-hemofilia","tag-saude"],"yoast_head":"<!-- This site is optimized with the Yoast SEO plugin v26.9 - https:\/\/yoast.com\/product\/yoast-seo-wordpress\/ -->\n<title>Dia Mundial da Hemofilia - Federassantas<\/title>\n<meta name=\"description\" content=\"O Dia Mundial da Hemofilia, celebrado nesta segunda-feira, 17 de abril, foi criado para conscientizar a popula\u00e7\u00e3o sobre a doen\u00e7a e outros dist\u00farbios hemorr\u00e1gicos heredit\u00e1rios. A hemofilia \u00e9 uma condi\u00e7\u00e3o que impede que o sangue coagule normalmente. Se o sangue n\u00e3o coagula normalmente, as pessoas podem sangrar facilmente ou muito mais do que o normal.\" \/>\n<meta name=\"robots\" content=\"index, follow, max-snippet:-1, max-image-preview:large, max-video-preview:-1\" \/>\n<link rel=\"canonical\" href=\"https:\/\/www.federassantas.org.br\/novosite\/dia-mundial-da-hemofilia\/\" \/>\n<meta property=\"og:locale\" content=\"pt_BR\" \/>\n<meta property=\"og:type\" content=\"article\" \/>\n<meta property=\"og:title\" content=\"Dia Mundial da Hemofilia - Federassantas\" \/>\n<meta property=\"og:description\" content=\"O Dia Mundial da Hemofilia, celebrado nesta segunda-feira, 17 de abril, foi criado para conscientizar a popula\u00e7\u00e3o sobre a doen\u00e7a e outros dist\u00farbios hemorr\u00e1gicos heredit\u00e1rios. A hemofilia \u00e9 uma condi\u00e7\u00e3o que impede que o sangue coagule normalmente. Se o sangue n\u00e3o coagula normalmente, as pessoas podem sangrar facilmente ou muito mais do que o normal.\" \/>\n<meta property=\"og:url\" content=\"https:\/\/www.federassantas.org.br\/novosite\/dia-mundial-da-hemofilia\/\" \/>\n<meta property=\"og:site_name\" content=\"Federassantas\" \/>\n<meta property=\"article:published_time\" content=\"2023-04-14T17:13:04+00:00\" \/>\n<meta property=\"og:image\" content=\"https:\/\/www.federassantas.org.br\/novosite\/wp-content\/uploads\/2023\/04\/Captura-de-tela-2023-04-14-141505.png\" \/>\n\t<meta property=\"og:image:width\" content=\"738\" \/>\n\t<meta property=\"og:image:height\" content=\"487\" \/>\n\t<meta property=\"og:image:type\" content=\"image\/png\" \/>\n<meta name=\"author\" content=\"admin-federas\" \/>\n<meta name=\"twitter:card\" content=\"summary_large_image\" \/>\n<meta name=\"twitter:label1\" content=\"Escrito por\" \/>\n\t<meta name=\"twitter:data1\" content=\"admin-federas\" \/>\n\t<meta name=\"twitter:label2\" content=\"Est. tempo de leitura\" \/>\n\t<meta name=\"twitter:data2\" content=\"5 minutos\" \/>\n<script type=\"application\/ld+json\" class=\"yoast-schema-graph\">{\"@context\":\"https:\/\/schema.org\",\"@graph\":[{\"@type\":\"Article\",\"@id\":\"https:\/\/www.federassantas.org.br\/novosite\/dia-mundial-da-hemofilia\/#article\",\"isPartOf\":{\"@id\":\"https:\/\/www.federassantas.org.br\/novosite\/dia-mundial-da-hemofilia\/\"},\"author\":{\"name\":\"admin-federas\",\"@id\":\"https:\/\/www.federassantas.org.br\/novosite\/#\/schema\/person\/75fed98158349313fe56175f232f513c\"},\"headline\":\"Dia Mundial da Hemofilia\",\"datePublished\":\"2023-04-14T17:13:04+00:00\",\"mainEntityOfPage\":{\"@id\":\"https:\/\/www.federassantas.org.br\/novosite\/dia-mundial-da-hemofilia\/\"},\"wordCount\":965,\"commentCount\":0,\"publisher\":{\"@id\":\"https:\/\/www.federassantas.org.br\/novosite\/#organization\"},\"image\":{\"@id\":\"https:\/\/www.federassantas.org.br\/novosite\/dia-mundial-da-hemofilia\/#primaryimage\"},\"thumbnailUrl\":\"https:\/\/www.federassantas.org.br\/novosite\/wp-content\/uploads\/2023\/04\/Captura-de-tela-2023-04-14-141505.png\",\"keywords\":[\"Dia Mundial\",\"Hemofilia\",\"sa\u00fade\"],\"articleSection\":[\"Regionais\"],\"inLanguage\":\"pt-BR\",\"potentialAction\":[{\"@type\":\"CommentAction\",\"name\":\"Comment\",\"target\":[\"https:\/\/www.federassantas.org.br\/novosite\/dia-mundial-da-hemofilia\/#respond\"]}]},{\"@type\":\"WebPage\",\"@id\":\"https:\/\/www.federassantas.org.br\/novosite\/dia-mundial-da-hemofilia\/\",\"url\":\"https:\/\/www.federassantas.org.br\/novosite\/dia-mundial-da-hemofilia\/\",\"name\":\"Dia Mundial da Hemofilia - Federassantas\",\"isPartOf\":{\"@id\":\"https:\/\/www.federassantas.org.br\/novosite\/#website\"},\"primaryImageOfPage\":{\"@id\":\"https:\/\/www.federassantas.org.br\/novosite\/dia-mundial-da-hemofilia\/#primaryimage\"},\"image\":{\"@id\":\"https:\/\/www.federassantas.org.br\/novosite\/dia-mundial-da-hemofilia\/#primaryimage\"},\"thumbnailUrl\":\"https:\/\/www.federassantas.org.br\/novosite\/wp-content\/uploads\/2023\/04\/Captura-de-tela-2023-04-14-141505.png\",\"datePublished\":\"2023-04-14T17:13:04+00:00\",\"description\":\"O Dia Mundial da Hemofilia, celebrado nesta segunda-feira, 17 de abril, foi criado para conscientizar a popula\u00e7\u00e3o sobre a doen\u00e7a e outros dist\u00farbios hemorr\u00e1gicos heredit\u00e1rios. A hemofilia \u00e9 uma condi\u00e7\u00e3o que impede que o sangue coagule normalmente. Se o sangue n\u00e3o coagula normalmente, as pessoas podem sangrar facilmente ou muito mais do que o normal.\",\"breadcrumb\":{\"@id\":\"https:\/\/www.federassantas.org.br\/novosite\/dia-mundial-da-hemofilia\/#breadcrumb\"},\"inLanguage\":\"pt-BR\",\"potentialAction\":[{\"@type\":\"ReadAction\",\"target\":[\"https:\/\/www.federassantas.org.br\/novosite\/dia-mundial-da-hemofilia\/\"]}]},{\"@type\":\"ImageObject\",\"inLanguage\":\"pt-BR\",\"@id\":\"https:\/\/www.federassantas.org.br\/novosite\/dia-mundial-da-hemofilia\/#primaryimage\",\"url\":\"https:\/\/www.federassantas.org.br\/novosite\/wp-content\/uploads\/2023\/04\/Captura-de-tela-2023-04-14-141505.png\",\"contentUrl\":\"https:\/\/www.federassantas.org.br\/novosite\/wp-content\/uploads\/2023\/04\/Captura-de-tela-2023-04-14-141505.png\",\"width\":738,\"height\":487},{\"@type\":\"BreadcrumbList\",\"@id\":\"https:\/\/www.federassantas.org.br\/novosite\/dia-mundial-da-hemofilia\/#breadcrumb\",\"itemListElement\":[{\"@type\":\"ListItem\",\"position\":1,\"name\":\"In\u00edcio\",\"item\":\"https:\/\/www.federassantas.org.br\/novosite\/\"},{\"@type\":\"ListItem\",\"position\":2,\"name\":\"Dia Mundial da Hemofilia\"}]},{\"@type\":\"WebSite\",\"@id\":\"https:\/\/www.federassantas.org.br\/novosite\/#website\",\"url\":\"https:\/\/www.federassantas.org.br\/novosite\/\",\"name\":\"Federassantas\",\"description\":\"Fed. das Santas Casas e Hospitais Filantr\u00f3picos de MG\",\"publisher\":{\"@id\":\"https:\/\/www.federassantas.org.br\/novosite\/#organization\"},\"potentialAction\":[{\"@type\":\"SearchAction\",\"target\":{\"@type\":\"EntryPoint\",\"urlTemplate\":\"https:\/\/www.federassantas.org.br\/novosite\/?s={search_term_string}\"},\"query-input\":{\"@type\":\"PropertyValueSpecification\",\"valueRequired\":true,\"valueName\":\"search_term_string\"}}],\"inLanguage\":\"pt-BR\"},{\"@type\":\"Organization\",\"@id\":\"https:\/\/www.federassantas.org.br\/novosite\/#organization\",\"name\":\"Federassantas\",\"url\":\"https:\/\/www.federassantas.org.br\/novosite\/\",\"logo\":{\"@type\":\"ImageObject\",\"inLanguage\":\"pt-BR\",\"@id\":\"https:\/\/www.federassantas.org.br\/novosite\/#\/schema\/logo\/image\/\",\"url\":\"https:\/\/www.federassantas.org.br\/novosite\/wp-content\/uploads\/2021\/12\/logo.png\",\"contentUrl\":\"https:\/\/www.federassantas.org.br\/novosite\/wp-content\/uploads\/2021\/12\/logo.png\",\"width\":243,\"height\":59,\"caption\":\"Federassantas\"},\"image\":{\"@id\":\"https:\/\/www.federassantas.org.br\/novosite\/#\/schema\/logo\/image\/\"}},{\"@type\":\"Person\",\"@id\":\"https:\/\/www.federassantas.org.br\/novosite\/#\/schema\/person\/75fed98158349313fe56175f232f513c\",\"name\":\"admin-federas\",\"image\":{\"@type\":\"ImageObject\",\"inLanguage\":\"pt-BR\",\"@id\":\"https:\/\/www.federassantas.org.br\/novosite\/#\/schema\/person\/image\/\",\"url\":\"https:\/\/secure.gravatar.com\/avatar\/2a02d7dda59fe8dc6b7ffd3f652e2efede5ccf0dd89dfdc8137c5517f3de8407?s=96&d=mm&r=g\",\"contentUrl\":\"https:\/\/secure.gravatar.com\/avatar\/2a02d7dda59fe8dc6b7ffd3f652e2efede5ccf0dd89dfdc8137c5517f3de8407?s=96&d=mm&r=g\",\"caption\":\"admin-federas\"},\"sameAs\":[\"https:\/\/www.federassantas.org.br\/novosite\/\"],\"url\":\"https:\/\/www.federassantas.org.br\/novosite\/author\/admin-federas\/\"}]}<\/script>\n<!-- \/ Yoast SEO plugin. -->","yoast_head_json":{"title":"Dia Mundial da Hemofilia - Federassantas","description":"O Dia Mundial da Hemofilia, celebrado nesta segunda-feira, 17 de abril, foi criado para conscientizar a popula\u00e7\u00e3o sobre a doen\u00e7a e outros dist\u00farbios hemorr\u00e1gicos heredit\u00e1rios. A hemofilia \u00e9 uma condi\u00e7\u00e3o que impede que o sangue coagule normalmente. Se o sangue n\u00e3o coagula normalmente, as pessoas podem sangrar facilmente ou muito mais do que o normal.","robots":{"index":"index","follow":"follow","max-snippet":"max-snippet:-1","max-image-preview":"max-image-preview:large","max-video-preview":"max-video-preview:-1"},"canonical":"https:\/\/www.federassantas.org.br\/novosite\/dia-mundial-da-hemofilia\/","og_locale":"pt_BR","og_type":"article","og_title":"Dia Mundial da Hemofilia - Federassantas","og_description":"O Dia Mundial da Hemofilia, celebrado nesta segunda-feira, 17 de abril, foi criado para conscientizar a popula\u00e7\u00e3o sobre a doen\u00e7a e outros dist\u00farbios hemorr\u00e1gicos heredit\u00e1rios. A hemofilia \u00e9 uma condi\u00e7\u00e3o que impede que o sangue coagule normalmente. Se o sangue n\u00e3o coagula normalmente, as pessoas podem sangrar facilmente ou muito mais do que o normal.","og_url":"https:\/\/www.federassantas.org.br\/novosite\/dia-mundial-da-hemofilia\/","og_site_name":"Federassantas","article_published_time":"2023-04-14T17:13:04+00:00","og_image":[{"width":738,"height":487,"url":"https:\/\/www.federassantas.org.br\/novosite\/wp-content\/uploads\/2023\/04\/Captura-de-tela-2023-04-14-141505.png","type":"image\/png"}],"author":"admin-federas","twitter_card":"summary_large_image","twitter_misc":{"Escrito por":"admin-federas","Est. tempo de leitura":"5 minutos"},"schema":{"@context":"https:\/\/schema.org","@graph":[{"@type":"Article","@id":"https:\/\/www.federassantas.org.br\/novosite\/dia-mundial-da-hemofilia\/#article","isPartOf":{"@id":"https:\/\/www.federassantas.org.br\/novosite\/dia-mundial-da-hemofilia\/"},"author":{"name":"admin-federas","@id":"https:\/\/www.federassantas.org.br\/novosite\/#\/schema\/person\/75fed98158349313fe56175f232f513c"},"headline":"Dia Mundial da Hemofilia","datePublished":"2023-04-14T17:13:04+00:00","mainEntityOfPage":{"@id":"https:\/\/www.federassantas.org.br\/novosite\/dia-mundial-da-hemofilia\/"},"wordCount":965,"commentCount":0,"publisher":{"@id":"https:\/\/www.federassantas.org.br\/novosite\/#organization"},"image":{"@id":"https:\/\/www.federassantas.org.br\/novosite\/dia-mundial-da-hemofilia\/#primaryimage"},"thumbnailUrl":"https:\/\/www.federassantas.org.br\/novosite\/wp-content\/uploads\/2023\/04\/Captura-de-tela-2023-04-14-141505.png","keywords":["Dia Mundial","Hemofilia","sa\u00fade"],"articleSection":["Regionais"],"inLanguage":"pt-BR","potentialAction":[{"@type":"CommentAction","name":"Comment","target":["https:\/\/www.federassantas.org.br\/novosite\/dia-mundial-da-hemofilia\/#respond"]}]},{"@type":"WebPage","@id":"https:\/\/www.federassantas.org.br\/novosite\/dia-mundial-da-hemofilia\/","url":"https:\/\/www.federassantas.org.br\/novosite\/dia-mundial-da-hemofilia\/","name":"Dia Mundial da Hemofilia - Federassantas","isPartOf":{"@id":"https:\/\/www.federassantas.org.br\/novosite\/#website"},"primaryImageOfPage":{"@id":"https:\/\/www.federassantas.org.br\/novosite\/dia-mundial-da-hemofilia\/#primaryimage"},"image":{"@id":"https:\/\/www.federassantas.org.br\/novosite\/dia-mundial-da-hemofilia\/#primaryimage"},"thumbnailUrl":"https:\/\/www.federassantas.org.br\/novosite\/wp-content\/uploads\/2023\/04\/Captura-de-tela-2023-04-14-141505.png","datePublished":"2023-04-14T17:13:04+00:00","description":"O Dia Mundial da Hemofilia, celebrado nesta segunda-feira, 17 de abril, foi criado para conscientizar a popula\u00e7\u00e3o sobre a doen\u00e7a e outros dist\u00farbios hemorr\u00e1gicos heredit\u00e1rios. A hemofilia \u00e9 uma condi\u00e7\u00e3o que impede que o sangue coagule normalmente. Se o sangue n\u00e3o coagula normalmente, as pessoas podem sangrar facilmente ou muito mais do que o normal.","breadcrumb":{"@id":"https:\/\/www.federassantas.org.br\/novosite\/dia-mundial-da-hemofilia\/#breadcrumb"},"inLanguage":"pt-BR","potentialAction":[{"@type":"ReadAction","target":["https:\/\/www.federassantas.org.br\/novosite\/dia-mundial-da-hemofilia\/"]}]},{"@type":"ImageObject","inLanguage":"pt-BR","@id":"https:\/\/www.federassantas.org.br\/novosite\/dia-mundial-da-hemofilia\/#primaryimage","url":"https:\/\/www.federassantas.org.br\/novosite\/wp-content\/uploads\/2023\/04\/Captura-de-tela-2023-04-14-141505.png","contentUrl":"https:\/\/www.federassantas.org.br\/novosite\/wp-content\/uploads\/2023\/04\/Captura-de-tela-2023-04-14-141505.png","width":738,"height":487},{"@type":"BreadcrumbList","@id":"https:\/\/www.federassantas.org.br\/novosite\/dia-mundial-da-hemofilia\/#breadcrumb","itemListElement":[{"@type":"ListItem","position":1,"name":"In\u00edcio","item":"https:\/\/www.federassantas.org.br\/novosite\/"},{"@type":"ListItem","position":2,"name":"Dia Mundial da Hemofilia"}]},{"@type":"WebSite","@id":"https:\/\/www.federassantas.org.br\/novosite\/#website","url":"https:\/\/www.federassantas.org.br\/novosite\/","name":"Federassantas","description":"Fed. das Santas Casas e Hospitais Filantr\u00f3picos de MG","publisher":{"@id":"https:\/\/www.federassantas.org.br\/novosite\/#organization"},"potentialAction":[{"@type":"SearchAction","target":{"@type":"EntryPoint","urlTemplate":"https:\/\/www.federassantas.org.br\/novosite\/?s={search_term_string}"},"query-input":{"@type":"PropertyValueSpecification","valueRequired":true,"valueName":"search_term_string"}}],"inLanguage":"pt-BR"},{"@type":"Organization","@id":"https:\/\/www.federassantas.org.br\/novosite\/#organization","name":"Federassantas","url":"https:\/\/www.federassantas.org.br\/novosite\/","logo":{"@type":"ImageObject","inLanguage":"pt-BR","@id":"https:\/\/www.federassantas.org.br\/novosite\/#\/schema\/logo\/image\/","url":"https:\/\/www.federassantas.org.br\/novosite\/wp-content\/uploads\/2021\/12\/logo.png","contentUrl":"https:\/\/www.federassantas.org.br\/novosite\/wp-content\/uploads\/2021\/12\/logo.png","width":243,"height":59,"caption":"Federassantas"},"image":{"@id":"https:\/\/www.federassantas.org.br\/novosite\/#\/schema\/logo\/image\/"}},{"@type":"Person","@id":"https:\/\/www.federassantas.org.br\/novosite\/#\/schema\/person\/75fed98158349313fe56175f232f513c","name":"admin-federas","image":{"@type":"ImageObject","inLanguage":"pt-BR","@id":"https:\/\/www.federassantas.org.br\/novosite\/#\/schema\/person\/image\/","url":"https:\/\/secure.gravatar.com\/avatar\/2a02d7dda59fe8dc6b7ffd3f652e2efede5ccf0dd89dfdc8137c5517f3de8407?s=96&d=mm&r=g","contentUrl":"https:\/\/secure.gravatar.com\/avatar\/2a02d7dda59fe8dc6b7ffd3f652e2efede5ccf0dd89dfdc8137c5517f3de8407?s=96&d=mm&r=g","caption":"admin-federas"},"sameAs":["https:\/\/www.federassantas.org.br\/novosite\/"],"url":"https:\/\/www.federassantas.org.br\/novosite\/author\/admin-federas\/"}]}},"_links":{"self":[{"href":"https:\/\/www.federassantas.org.br\/novosite\/wp-json\/wp\/v2\/posts\/28051","targetHints":{"allow":["GET"]}}],"collection":[{"href":"https:\/\/www.federassantas.org.br\/novosite\/wp-json\/wp\/v2\/posts"}],"about":[{"href":"https:\/\/www.federassantas.org.br\/novosite\/wp-json\/wp\/v2\/types\/post"}],"author":[{"embeddable":true,"href":"https:\/\/www.federassantas.org.br\/novosite\/wp-json\/wp\/v2\/users\/1"}],"replies":[{"embeddable":true,"href":"https:\/\/www.federassantas.org.br\/novosite\/wp-json\/wp\/v2\/comments?post=28051"}],"version-history":[{"count":8,"href":"https:\/\/www.federassantas.org.br\/novosite\/wp-json\/wp\/v2\/posts\/28051\/revisions"}],"predecessor-version":[{"id":28061,"href":"https:\/\/www.federassantas.org.br\/novosite\/wp-json\/wp\/v2\/posts\/28051\/revisions\/28061"}],"wp:featuredmedia":[{"embeddable":true,"href":"https:\/\/www.federassantas.org.br\/novosite\/wp-json\/wp\/v2\/media\/28060"}],"wp:attachment":[{"href":"https:\/\/www.federassantas.org.br\/novosite\/wp-json\/wp\/v2\/media?parent=28051"}],"wp:term":[{"taxonomy":"category","embeddable":true,"href":"https:\/\/www.federassantas.org.br\/novosite\/wp-json\/wp\/v2\/categories?post=28051"},{"taxonomy":"post_tag","embeddable":true,"href":"https:\/\/www.federassantas.org.br\/novosite\/wp-json\/wp\/v2\/tags?post=28051"}],"curies":[{"name":"wp","href":"https:\/\/api.w.org\/{rel}","templated":true}]}}