{"id":28062,"date":"2023-04-14T17:03:41","date_gmt":"2023-04-14T20:03:41","guid":{"rendered":"https:\/\/www.federassantas.org.br\/novosite\/?p=28062"},"modified":"2023-04-14T17:03:41","modified_gmt":"2023-04-14T20:03:41","slug":"integra-saude-2023-tera-cinco-comissoes-tematicas-para-debater-melhorias-para-a-saude","status":"publish","type":"post","link":"https:\/\/www.federassantas.org.br\/novosite\/integra-saude-2023-tera-cinco-comissoes-tematicas-para-debater-melhorias-para-a-saude\/","title":{"rendered":"Integra Sa\u00fade 2023 ter\u00e1 cinco comiss\u00f5es tem\u00e1ticas para debater melhorias para a Sa\u00fade"},"content":{"rendered":"\t\t<div data-elementor-type=\"wp-post\" data-elementor-id=\"28062\" class=\"elementor elementor-28062\" data-elementor-post-type=\"post\">\n\t\t\t\t\t\t<section class=\"elementor-section elementor-top-section elementor-element elementor-element-8036b7a elementor-section-boxed elementor-section-height-default elementor-section-height-default\" data-id=\"8036b7a\" data-element_type=\"section\" data-e-type=\"section\">\n\t\t\t\t\t\t<div class=\"elementor-container elementor-column-gap-default\">\n\t\t\t\t\t<div class=\"elementor-column elementor-col-100 elementor-top-column elementor-element elementor-element-4060386\" data-id=\"4060386\" data-element_type=\"column\" data-e-type=\"column\">\n\t\t\t<div class=\"elementor-widget-wrap elementor-element-populated\">\n\t\t\t\t\t\t<div class=\"elementor-element elementor-element-bba16a1 elementor-widget elementor-widget-heading\" data-id=\"bba16a1\" data-element_type=\"widget\" data-e-type=\"widget\" data-widget_type=\"heading.default\">\n\t\t\t\t<div class=\"elementor-widget-container\">\n\t\t\t\t\t<h2 class=\"elementor-heading-title elementor-size-default\">Integra Sa\u00fade 2023 ter\u00e1 cinco comiss\u00f5es tem\u00e1ticas para debater melhorias para a Sa\u00fade<\/h2>\t\t\t\t<\/div>\n\t\t\t\t<\/div>\n\t\t\t\t\t<\/div>\n\t\t<\/div>\n\t\t\t\t\t<\/div>\n\t\t<\/section>\n\t\t\t\t<section class=\"elementor-section elementor-top-section elementor-element elementor-element-4a98623 elementor-section-boxed elementor-section-height-default elementor-section-height-default\" data-id=\"4a98623\" data-element_type=\"section\" data-e-type=\"section\">\n\t\t\t\t\t\t<div class=\"elementor-container elementor-column-gap-default\">\n\t\t\t\t\t<div class=\"elementor-column elementor-col-100 elementor-top-column elementor-element elementor-element-324034b\" data-id=\"324034b\" data-element_type=\"column\" data-e-type=\"column\">\n\t\t\t<div class=\"elementor-widget-wrap elementor-element-populated\">\n\t\t\t\t\t\t<div class=\"elementor-element elementor-element-fcb6fc7 elementor-widget elementor-widget-text-editor\" data-id=\"fcb6fc7\" data-element_type=\"widget\" data-e-type=\"widget\" data-widget_type=\"text-editor.default\">\n\t\t\t\t<div class=\"elementor-widget-container\">\n\t\t\t\t\t\t\t\t\t<p><em>Nesta edi\u00e7\u00e3o o tema central do evento \u00e9 \u201cConstruindo as mudan\u00e7as para o SUS que queremos\u201d<\/em><\/p>\t\t\t\t\t\t\t\t<\/div>\n\t\t\t\t<\/div>\n\t\t\t\t\t<\/div>\n\t\t<\/div>\n\t\t\t\t\t<\/div>\n\t\t<\/section>\n\t\t\t\t<section class=\"elementor-section elementor-top-section elementor-element elementor-element-781b804 elementor-section-boxed elementor-section-height-default elementor-section-height-default\" data-id=\"781b804\" data-element_type=\"section\" data-e-type=\"section\">\n\t\t\t\t\t\t<div class=\"elementor-container elementor-column-gap-default\">\n\t\t\t\t\t<div class=\"elementor-column elementor-col-100 elementor-top-column elementor-element elementor-element-f131289\" data-id=\"f131289\" data-element_type=\"column\" data-e-type=\"column\">\n\t\t\t<div class=\"elementor-widget-wrap elementor-element-populated\">\n\t\t\t\t\t\t<div class=\"elementor-element elementor-element-a8d1b33 elementor-widget elementor-widget-text-editor\" data-id=\"a8d1b33\" data-element_type=\"widget\" data-e-type=\"widget\" data-widget_type=\"text-editor.default\">\n\t\t\t\t<div class=\"elementor-widget-container\">\n\t\t\t\t\t\t\t\t\t<p>A 10\u00aa edi\u00e7\u00e3o do\u00a0F\u00f3rum Integra Sa\u00fade\u00a02023 contar\u00e1 com cinco comiss\u00f5es tem\u00e1ticas para debater as necessidades e apresentar propostas de melhorias para o setor da sa\u00fade de Minas Gerais.\u00a0As comiss\u00f5es ser\u00e3o respons\u00e1veis pelo levantamento das principais demandas dos hospitais beneficentes,\u00a0que devem ser debatidas nos pr\u00f3ximos anos pelo Congresso Nacional.<\/p><p>Os temas foram definidos de acordo com as \u00e1reas que mais demandam aten\u00e7\u00e3o para o fortalecimento do setor. Entre elas est\u00e1 a comiss\u00e3o \u201cModelos de Remunera\u00e7\u00e3o\/Receitas\u201d para promover a an\u00e1lise dos atuais modelos de contrata\u00e7\u00e3o e receitas adicionais, tais como, tabela SUS e emendas parlamentares. E a comiss\u00e3o \u201cUrg\u00eancia e Emerg\u00eancia\u201d com o objetivo de compreender os atuais cen\u00e1rios dos servi\u00e7os de urg\u00eancia e emerg\u00eancia, analisar as principais causas da superlota\u00e7\u00e3o e filas nos hospitais, e apresentar estrat\u00e9gias que minimizem esses impactos, n\u00e3o necessariamente relacionados a altos investimentos.<\/p><p>Al\u00e9m disso, durante o evento ser\u00e3o debatidos os \u201cAtendimentos Eletivos\u201d para atuar em parceria com a administra\u00e7\u00e3o p\u00fablica para reduzir e\/ou eliminar as esperas por atendimentos e cirurgias, os \u00a0\u201cHospitais Especializados X Demandas Regionais\u201d para otimizar regionalmente a capacidade instalada dos hospitais beneficentes, de acordo com as demandas nas regi\u00f5es e levantar os vazios assistenciais, vocacionar e inserir adequadamente os hospitais de pequeno porte na rede hospitalar para ganho de efici\u00eancia. E ainda, a \u201cQualidade X Seguran\u00e7a do Paciente\u201d para assegurar o cumprimento de requisitos m\u00ednimos que possam comprovar a qualidade da institui\u00e7\u00e3o e a seguran\u00e7a do paciente.<\/p><p>A iniciativa ir\u00e1 construir de forma conjunta um documento para ser entregue \u00e0s autoridades respons\u00e1veis pelas pol\u00edticas e programas do setor no dia 12 de maio. \u00a0Participe deste momento se inscrevendo no site <a href=\"https:\/\/www.federassantas.org.br\/integrasaude2023\/\">https:\/\/www.federassantas.org.br\/integrasaude2023\/<\/a>. \u00a0<\/p>\t\t\t\t\t\t\t\t<\/div>\n\t\t\t\t<\/div>\n\t\t\t\t\t<\/div>\n\t\t<\/div>\n\t\t\t\t\t<\/div>\n\t\t<\/section>\n\t\t\t\t<\/div>\n\t\t","protected":false},"excerpt":{"rendered":"<p>Integra Sa\u00fade 2023 ter\u00e1 cinco comiss\u00f5es tem\u00e1ticas para debater melhorias para a Sa\u00fade Nesta edi\u00e7\u00e3o o tema central do evento \u00e9 \u201cConstruindo as mudan\u00e7as para o SUS que queremos\u201d A 10\u00aa edi\u00e7\u00e3o do\u00a0F\u00f3rum Integra Sa\u00fade\u00a02023 contar\u00e1 com cinco comiss\u00f5es tem\u00e1ticas para debater as necessidades e apresentar propostas de melhorias para o setor da sa\u00fade de [&hellip;]<\/p>\n","protected":false},"author":1,"featured_media":28063,"comment_status":"open","ping_status":"open","sticky":false,"template":"","format":"standard","meta":{"footnotes":""},"categories":[177,140],"tags":[],"class_list":["post-28062","post","type-post","status-publish","format-standard","has-post-thumbnail","hentry","category-eventos","category-noticias"],"yoast_head":"<!-- This site is optimized with the Yoast SEO plugin v26.9 - https:\/\/yoast.com\/product\/yoast-seo-wordpress\/ -->\n<title>Integra Sa\u00fade 2023 ter\u00e1 cinco comiss\u00f5es tem\u00e1ticas para debater melhorias para a Sa\u00fade - Federassantas<\/title>\n<meta name=\"description\" content=\"Nesta edi\u00e7\u00e3o o tema central do evento \u00e9 \u201cConstruindo as mudan\u00e7as para o SUS que queremos\u201d. A 10\u00aa edi\u00e7\u00e3o do F\u00f3rum Integra Sa\u00fade 2023 contar\u00e1 com cinco comiss\u00f5es tem\u00e1ticas para debater as necessidades e apresentar propostas de melhorias para o setor da sa\u00fade de Minas Gerais.\" \/>\n<meta name=\"robots\" content=\"index, follow, max-snippet:-1, max-image-preview:large, max-video-preview:-1\" \/>\n<link rel=\"canonical\" href=\"https:\/\/www.federassantas.org.br\/novosite\/integra-saude-2023-tera-cinco-comissoes-tematicas-para-debater-melhorias-para-a-saude\/\" \/>\n<meta property=\"og:locale\" content=\"pt_BR\" \/>\n<meta property=\"og:type\" content=\"article\" \/>\n<meta property=\"og:title\" content=\"Integra Sa\u00fade 2023 ter\u00e1 cinco comiss\u00f5es tem\u00e1ticas para debater melhorias para a Sa\u00fade - Federassantas\" \/>\n<meta property=\"og:description\" content=\"Nesta edi\u00e7\u00e3o o tema central do evento \u00e9 \u201cConstruindo as mudan\u00e7as para o SUS que queremos\u201d. A 10\u00aa edi\u00e7\u00e3o do F\u00f3rum Integra Sa\u00fade 2023 contar\u00e1 com cinco comiss\u00f5es tem\u00e1ticas para debater as necessidades e apresentar propostas de melhorias para o setor da sa\u00fade de Minas Gerais.\" \/>\n<meta property=\"og:url\" content=\"https:\/\/www.federassantas.org.br\/novosite\/integra-saude-2023-tera-cinco-comissoes-tematicas-para-debater-melhorias-para-a-saude\/\" \/>\n<meta property=\"og:site_name\" content=\"Federassantas\" \/>\n<meta property=\"article:published_time\" content=\"2023-04-14T20:03:41+00:00\" \/>\n<meta property=\"og:image\" content=\"https:\/\/www.federassantas.org.br\/novosite\/wp-content\/uploads\/2023\/04\/Comissoes-tematicas-1.jpg\" \/>\n\t<meta property=\"og:image:width\" content=\"1080\" \/>\n\t<meta property=\"og:image:height\" content=\"1080\" \/>\n\t<meta property=\"og:image:type\" content=\"image\/jpeg\" \/>\n<meta name=\"author\" content=\"admin-federas\" \/>\n<meta name=\"twitter:card\" content=\"summary_large_image\" \/>\n<meta name=\"twitter:label1\" content=\"Escrito por\" \/>\n\t<meta name=\"twitter:data1\" content=\"admin-federas\" \/>\n\t<meta name=\"twitter:label2\" content=\"Est. tempo de leitura\" \/>\n\t<meta name=\"twitter:data2\" content=\"2 minutos\" \/>\n<script type=\"application\/ld+json\" class=\"yoast-schema-graph\">{\"@context\":\"https:\/\/schema.org\",\"@graph\":[{\"@type\":\"Article\",\"@id\":\"https:\/\/www.federassantas.org.br\/novosite\/integra-saude-2023-tera-cinco-comissoes-tematicas-para-debater-melhorias-para-a-saude\/#article\",\"isPartOf\":{\"@id\":\"https:\/\/www.federassantas.org.br\/novosite\/integra-saude-2023-tera-cinco-comissoes-tematicas-para-debater-melhorias-para-a-saude\/\"},\"author\":{\"name\":\"admin-federas\",\"@id\":\"https:\/\/www.federassantas.org.br\/novosite\/#\/schema\/person\/75fed98158349313fe56175f232f513c\"},\"headline\":\"Integra Sa\u00fade 2023 ter\u00e1 cinco comiss\u00f5es tem\u00e1ticas para debater melhorias para a Sa\u00fade\",\"datePublished\":\"2023-04-14T20:03:41+00:00\",\"mainEntityOfPage\":{\"@id\":\"https:\/\/www.federassantas.org.br\/novosite\/integra-saude-2023-tera-cinco-comissoes-tematicas-para-debater-melhorias-para-a-saude\/\"},\"wordCount\":362,\"commentCount\":0,\"publisher\":{\"@id\":\"https:\/\/www.federassantas.org.br\/novosite\/#organization\"},\"image\":{\"@id\":\"https:\/\/www.federassantas.org.br\/novosite\/integra-saude-2023-tera-cinco-comissoes-tematicas-para-debater-melhorias-para-a-saude\/#primaryimage\"},\"thumbnailUrl\":\"https:\/\/www.federassantas.org.br\/novosite\/wp-content\/uploads\/2023\/04\/Comissoes-tematicas-1.jpg\",\"articleSection\":[\"Eventos\",\"Not\u00edcias\"],\"inLanguage\":\"pt-BR\",\"potentialAction\":[{\"@type\":\"CommentAction\",\"name\":\"Comment\",\"target\":[\"https:\/\/www.federassantas.org.br\/novosite\/integra-saude-2023-tera-cinco-comissoes-tematicas-para-debater-melhorias-para-a-saude\/#respond\"]}]},{\"@type\":\"WebPage\",\"@id\":\"https:\/\/www.federassantas.org.br\/novosite\/integra-saude-2023-tera-cinco-comissoes-tematicas-para-debater-melhorias-para-a-saude\/\",\"url\":\"https:\/\/www.federassantas.org.br\/novosite\/integra-saude-2023-tera-cinco-comissoes-tematicas-para-debater-melhorias-para-a-saude\/\",\"name\":\"Integra Sa\u00fade 2023 ter\u00e1 cinco comiss\u00f5es tem\u00e1ticas para debater melhorias para a Sa\u00fade - Federassantas\",\"isPartOf\":{\"@id\":\"https:\/\/www.federassantas.org.br\/novosite\/#website\"},\"primaryImageOfPage\":{\"@id\":\"https:\/\/www.federassantas.org.br\/novosite\/integra-saude-2023-tera-cinco-comissoes-tematicas-para-debater-melhorias-para-a-saude\/#primaryimage\"},\"image\":{\"@id\":\"https:\/\/www.federassantas.org.br\/novosite\/integra-saude-2023-tera-cinco-comissoes-tematicas-para-debater-melhorias-para-a-saude\/#primaryimage\"},\"thumbnailUrl\":\"https:\/\/www.federassantas.org.br\/novosite\/wp-content\/uploads\/2023\/04\/Comissoes-tematicas-1.jpg\",\"datePublished\":\"2023-04-14T20:03:41+00:00\",\"description\":\"Nesta edi\u00e7\u00e3o o tema central do evento \u00e9 \u201cConstruindo as mudan\u00e7as para o SUS que queremos\u201d. A 10\u00aa edi\u00e7\u00e3o do F\u00f3rum Integra Sa\u00fade 2023 contar\u00e1 com cinco comiss\u00f5es tem\u00e1ticas para debater as necessidades e apresentar propostas de melhorias para o setor da sa\u00fade de Minas Gerais.\",\"breadcrumb\":{\"@id\":\"https:\/\/www.federassantas.org.br\/novosite\/integra-saude-2023-tera-cinco-comissoes-tematicas-para-debater-melhorias-para-a-saude\/#breadcrumb\"},\"inLanguage\":\"pt-BR\",\"potentialAction\":[{\"@type\":\"ReadAction\",\"target\":[\"https:\/\/www.federassantas.org.br\/novosite\/integra-saude-2023-tera-cinco-comissoes-tematicas-para-debater-melhorias-para-a-saude\/\"]}]},{\"@type\":\"ImageObject\",\"inLanguage\":\"pt-BR\",\"@id\":\"https:\/\/www.federassantas.org.br\/novosite\/integra-saude-2023-tera-cinco-comissoes-tematicas-para-debater-melhorias-para-a-saude\/#primaryimage\",\"url\":\"https:\/\/www.federassantas.org.br\/novosite\/wp-content\/uploads\/2023\/04\/Comissoes-tematicas-1.jpg\",\"contentUrl\":\"https:\/\/www.federassantas.org.br\/novosite\/wp-content\/uploads\/2023\/04\/Comissoes-tematicas-1.jpg\",\"width\":1080,\"height\":1080},{\"@type\":\"BreadcrumbList\",\"@id\":\"https:\/\/www.federassantas.org.br\/novosite\/integra-saude-2023-tera-cinco-comissoes-tematicas-para-debater-melhorias-para-a-saude\/#breadcrumb\",\"itemListElement\":[{\"@type\":\"ListItem\",\"position\":1,\"name\":\"In\u00edcio\",\"item\":\"https:\/\/www.federassantas.org.br\/novosite\/\"},{\"@type\":\"ListItem\",\"position\":2,\"name\":\"Integra Sa\u00fade 2023 ter\u00e1 cinco comiss\u00f5es tem\u00e1ticas para debater melhorias para a Sa\u00fade\"}]},{\"@type\":\"WebSite\",\"@id\":\"https:\/\/www.federassantas.org.br\/novosite\/#website\",\"url\":\"https:\/\/www.federassantas.org.br\/novosite\/\",\"name\":\"Federassantas\",\"description\":\"Fed. das Santas Casas e Hospitais Filantr\u00f3picos de MG\",\"publisher\":{\"@id\":\"https:\/\/www.federassantas.org.br\/novosite\/#organization\"},\"potentialAction\":[{\"@type\":\"SearchAction\",\"target\":{\"@type\":\"EntryPoint\",\"urlTemplate\":\"https:\/\/www.federassantas.org.br\/novosite\/?s={search_term_string}\"},\"query-input\":{\"@type\":\"PropertyValueSpecification\",\"valueRequired\":true,\"valueName\":\"search_term_string\"}}],\"inLanguage\":\"pt-BR\"},{\"@type\":\"Organization\",\"@id\":\"https:\/\/www.federassantas.org.br\/novosite\/#organization\",\"name\":\"Federassantas\",\"url\":\"https:\/\/www.federassantas.org.br\/novosite\/\",\"logo\":{\"@type\":\"ImageObject\",\"inLanguage\":\"pt-BR\",\"@id\":\"https:\/\/www.federassantas.org.br\/novosite\/#\/schema\/logo\/image\/\",\"url\":\"https:\/\/www.federassantas.org.br\/novosite\/wp-content\/uploads\/2021\/12\/logo.png\",\"contentUrl\":\"https:\/\/www.federassantas.org.br\/novosite\/wp-content\/uploads\/2021\/12\/logo.png\",\"width\":243,\"height\":59,\"caption\":\"Federassantas\"},\"image\":{\"@id\":\"https:\/\/www.federassantas.org.br\/novosite\/#\/schema\/logo\/image\/\"}},{\"@type\":\"Person\",\"@id\":\"https:\/\/www.federassantas.org.br\/novosite\/#\/schema\/person\/75fed98158349313fe56175f232f513c\",\"name\":\"admin-federas\",\"image\":{\"@type\":\"ImageObject\",\"inLanguage\":\"pt-BR\",\"@id\":\"https:\/\/www.federassantas.org.br\/novosite\/#\/schema\/person\/image\/\",\"url\":\"https:\/\/secure.gravatar.com\/avatar\/2a02d7dda59fe8dc6b7ffd3f652e2efede5ccf0dd89dfdc8137c5517f3de8407?s=96&d=mm&r=g\",\"contentUrl\":\"https:\/\/secure.gravatar.com\/avatar\/2a02d7dda59fe8dc6b7ffd3f652e2efede5ccf0dd89dfdc8137c5517f3de8407?s=96&d=mm&r=g\",\"caption\":\"admin-federas\"},\"sameAs\":[\"https:\/\/www.federassantas.org.br\/novosite\/\"],\"url\":\"https:\/\/www.federassantas.org.br\/novosite\/author\/admin-federas\/\"}]}<\/script>\n<!-- \/ Yoast SEO plugin. -->","yoast_head_json":{"title":"Integra Sa\u00fade 2023 ter\u00e1 cinco comiss\u00f5es tem\u00e1ticas para debater melhorias para a Sa\u00fade - Federassantas","description":"Nesta edi\u00e7\u00e3o o tema central do evento \u00e9 \u201cConstruindo as mudan\u00e7as para o SUS que queremos\u201d. A 10\u00aa edi\u00e7\u00e3o do F\u00f3rum Integra Sa\u00fade 2023 contar\u00e1 com cinco comiss\u00f5es tem\u00e1ticas para debater as necessidades e apresentar propostas de melhorias para o setor da sa\u00fade de Minas Gerais.","robots":{"index":"index","follow":"follow","max-snippet":"max-snippet:-1","max-image-preview":"max-image-preview:large","max-video-preview":"max-video-preview:-1"},"canonical":"https:\/\/www.federassantas.org.br\/novosite\/integra-saude-2023-tera-cinco-comissoes-tematicas-para-debater-melhorias-para-a-saude\/","og_locale":"pt_BR","og_type":"article","og_title":"Integra Sa\u00fade 2023 ter\u00e1 cinco comiss\u00f5es tem\u00e1ticas para debater melhorias para a Sa\u00fade - Federassantas","og_description":"Nesta edi\u00e7\u00e3o o tema central do evento \u00e9 \u201cConstruindo as mudan\u00e7as para o SUS que queremos\u201d. A 10\u00aa edi\u00e7\u00e3o do F\u00f3rum Integra Sa\u00fade 2023 contar\u00e1 com cinco comiss\u00f5es tem\u00e1ticas para debater as necessidades e apresentar propostas de melhorias para o setor da sa\u00fade de Minas Gerais.","og_url":"https:\/\/www.federassantas.org.br\/novosite\/integra-saude-2023-tera-cinco-comissoes-tematicas-para-debater-melhorias-para-a-saude\/","og_site_name":"Federassantas","article_published_time":"2023-04-14T20:03:41+00:00","og_image":[{"width":1080,"height":1080,"url":"https:\/\/www.federassantas.org.br\/novosite\/wp-content\/uploads\/2023\/04\/Comissoes-tematicas-1.jpg","type":"image\/jpeg"}],"author":"admin-federas","twitter_card":"summary_large_image","twitter_misc":{"Escrito por":"admin-federas","Est. tempo de leitura":"2 minutos"},"schema":{"@context":"https:\/\/schema.org","@graph":[{"@type":"Article","@id":"https:\/\/www.federassantas.org.br\/novosite\/integra-saude-2023-tera-cinco-comissoes-tematicas-para-debater-melhorias-para-a-saude\/#article","isPartOf":{"@id":"https:\/\/www.federassantas.org.br\/novosite\/integra-saude-2023-tera-cinco-comissoes-tematicas-para-debater-melhorias-para-a-saude\/"},"author":{"name":"admin-federas","@id":"https:\/\/www.federassantas.org.br\/novosite\/#\/schema\/person\/75fed98158349313fe56175f232f513c"},"headline":"Integra Sa\u00fade 2023 ter\u00e1 cinco comiss\u00f5es tem\u00e1ticas para debater melhorias para a Sa\u00fade","datePublished":"2023-04-14T20:03:41+00:00","mainEntityOfPage":{"@id":"https:\/\/www.federassantas.org.br\/novosite\/integra-saude-2023-tera-cinco-comissoes-tematicas-para-debater-melhorias-para-a-saude\/"},"wordCount":362,"commentCount":0,"publisher":{"@id":"https:\/\/www.federassantas.org.br\/novosite\/#organization"},"image":{"@id":"https:\/\/www.federassantas.org.br\/novosite\/integra-saude-2023-tera-cinco-comissoes-tematicas-para-debater-melhorias-para-a-saude\/#primaryimage"},"thumbnailUrl":"https:\/\/www.federassantas.org.br\/novosite\/wp-content\/uploads\/2023\/04\/Comissoes-tematicas-1.jpg","articleSection":["Eventos","Not\u00edcias"],"inLanguage":"pt-BR","potentialAction":[{"@type":"CommentAction","name":"Comment","target":["https:\/\/www.federassantas.org.br\/novosite\/integra-saude-2023-tera-cinco-comissoes-tematicas-para-debater-melhorias-para-a-saude\/#respond"]}]},{"@type":"WebPage","@id":"https:\/\/www.federassantas.org.br\/novosite\/integra-saude-2023-tera-cinco-comissoes-tematicas-para-debater-melhorias-para-a-saude\/","url":"https:\/\/www.federassantas.org.br\/novosite\/integra-saude-2023-tera-cinco-comissoes-tematicas-para-debater-melhorias-para-a-saude\/","name":"Integra Sa\u00fade 2023 ter\u00e1 cinco comiss\u00f5es tem\u00e1ticas para debater melhorias para a Sa\u00fade - Federassantas","isPartOf":{"@id":"https:\/\/www.federassantas.org.br\/novosite\/#website"},"primaryImageOfPage":{"@id":"https:\/\/www.federassantas.org.br\/novosite\/integra-saude-2023-tera-cinco-comissoes-tematicas-para-debater-melhorias-para-a-saude\/#primaryimage"},"image":{"@id":"https:\/\/www.federassantas.org.br\/novosite\/integra-saude-2023-tera-cinco-comissoes-tematicas-para-debater-melhorias-para-a-saude\/#primaryimage"},"thumbnailUrl":"https:\/\/www.federassantas.org.br\/novosite\/wp-content\/uploads\/2023\/04\/Comissoes-tematicas-1.jpg","datePublished":"2023-04-14T20:03:41+00:00","description":"Nesta edi\u00e7\u00e3o o tema central do evento \u00e9 \u201cConstruindo as mudan\u00e7as para o SUS que queremos\u201d. A 10\u00aa edi\u00e7\u00e3o do F\u00f3rum Integra Sa\u00fade 2023 contar\u00e1 com cinco comiss\u00f5es tem\u00e1ticas para debater as necessidades e apresentar propostas de melhorias para o setor da sa\u00fade de Minas Gerais.","breadcrumb":{"@id":"https:\/\/www.federassantas.org.br\/novosite\/integra-saude-2023-tera-cinco-comissoes-tematicas-para-debater-melhorias-para-a-saude\/#breadcrumb"},"inLanguage":"pt-BR","potentialAction":[{"@type":"ReadAction","target":["https:\/\/www.federassantas.org.br\/novosite\/integra-saude-2023-tera-cinco-comissoes-tematicas-para-debater-melhorias-para-a-saude\/"]}]},{"@type":"ImageObject","inLanguage":"pt-BR","@id":"https:\/\/www.federassantas.org.br\/novosite\/integra-saude-2023-tera-cinco-comissoes-tematicas-para-debater-melhorias-para-a-saude\/#primaryimage","url":"https:\/\/www.federassantas.org.br\/novosite\/wp-content\/uploads\/2023\/04\/Comissoes-tematicas-1.jpg","contentUrl":"https:\/\/www.federassantas.org.br\/novosite\/wp-content\/uploads\/2023\/04\/Comissoes-tematicas-1.jpg","width":1080,"height":1080},{"@type":"BreadcrumbList","@id":"https:\/\/www.federassantas.org.br\/novosite\/integra-saude-2023-tera-cinco-comissoes-tematicas-para-debater-melhorias-para-a-saude\/#breadcrumb","itemListElement":[{"@type":"ListItem","position":1,"name":"In\u00edcio","item":"https:\/\/www.federassantas.org.br\/novosite\/"},{"@type":"ListItem","position":2,"name":"Integra Sa\u00fade 2023 ter\u00e1 cinco comiss\u00f5es tem\u00e1ticas para debater melhorias para a Sa\u00fade"}]},{"@type":"WebSite","@id":"https:\/\/www.federassantas.org.br\/novosite\/#website","url":"https:\/\/www.federassantas.org.br\/novosite\/","name":"Federassantas","description":"Fed. das Santas Casas e Hospitais Filantr\u00f3picos de MG","publisher":{"@id":"https:\/\/www.federassantas.org.br\/novosite\/#organization"},"potentialAction":[{"@type":"SearchAction","target":{"@type":"EntryPoint","urlTemplate":"https:\/\/www.federassantas.org.br\/novosite\/?s={search_term_string}"},"query-input":{"@type":"PropertyValueSpecification","valueRequired":true,"valueName":"search_term_string"}}],"inLanguage":"pt-BR"},{"@type":"Organization","@id":"https:\/\/www.federassantas.org.br\/novosite\/#organization","name":"Federassantas","url":"https:\/\/www.federassantas.org.br\/novosite\/","logo":{"@type":"ImageObject","inLanguage":"pt-BR","@id":"https:\/\/www.federassantas.org.br\/novosite\/#\/schema\/logo\/image\/","url":"https:\/\/www.federassantas.org.br\/novosite\/wp-content\/uploads\/2021\/12\/logo.png","contentUrl":"https:\/\/www.federassantas.org.br\/novosite\/wp-content\/uploads\/2021\/12\/logo.png","width":243,"height":59,"caption":"Federassantas"},"image":{"@id":"https:\/\/www.federassantas.org.br\/novosite\/#\/schema\/logo\/image\/"}},{"@type":"Person","@id":"https:\/\/www.federassantas.org.br\/novosite\/#\/schema\/person\/75fed98158349313fe56175f232f513c","name":"admin-federas","image":{"@type":"ImageObject","inLanguage":"pt-BR","@id":"https:\/\/www.federassantas.org.br\/novosite\/#\/schema\/person\/image\/","url":"https:\/\/secure.gravatar.com\/avatar\/2a02d7dda59fe8dc6b7ffd3f652e2efede5ccf0dd89dfdc8137c5517f3de8407?s=96&d=mm&r=g","contentUrl":"https:\/\/secure.gravatar.com\/avatar\/2a02d7dda59fe8dc6b7ffd3f652e2efede5ccf0dd89dfdc8137c5517f3de8407?s=96&d=mm&r=g","caption":"admin-federas"},"sameAs":["https:\/\/www.federassantas.org.br\/novosite\/"],"url":"https:\/\/www.federassantas.org.br\/novosite\/author\/admin-federas\/"}]}},"_links":{"self":[{"href":"https:\/\/www.federassantas.org.br\/novosite\/wp-json\/wp\/v2\/posts\/28062","targetHints":{"allow":["GET"]}}],"collection":[{"href":"https:\/\/www.federassantas.org.br\/novosite\/wp-json\/wp\/v2\/posts"}],"about":[{"href":"https:\/\/www.federassantas.org.br\/novosite\/wp-json\/wp\/v2\/types\/post"}],"author":[{"embeddable":true,"href":"https:\/\/www.federassantas.org.br\/novosite\/wp-json\/wp\/v2\/users\/1"}],"replies":[{"embeddable":true,"href":"https:\/\/www.federassantas.org.br\/novosite\/wp-json\/wp\/v2\/comments?post=28062"}],"version-history":[{"count":5,"href":"https:\/\/www.federassantas.org.br\/novosite\/wp-json\/wp\/v2\/posts\/28062\/revisions"}],"predecessor-version":[{"id":28069,"href":"https:\/\/www.federassantas.org.br\/novosite\/wp-json\/wp\/v2\/posts\/28062\/revisions\/28069"}],"wp:featuredmedia":[{"embeddable":true,"href":"https:\/\/www.federassantas.org.br\/novosite\/wp-json\/wp\/v2\/media\/28063"}],"wp:attachment":[{"href":"https:\/\/www.federassantas.org.br\/novosite\/wp-json\/wp\/v2\/media?parent=28062"}],"wp:term":[{"taxonomy":"category","embeddable":true,"href":"https:\/\/www.federassantas.org.br\/novosite\/wp-json\/wp\/v2\/categories?post=28062"},{"taxonomy":"post_tag","embeddable":true,"href":"https:\/\/www.federassantas.org.br\/novosite\/wp-json\/wp\/v2\/tags?post=28062"}],"curies":[{"name":"wp","href":"https:\/\/api.w.org\/{rel}","templated":true}]}}