{"id":28088,"date":"2023-04-18T17:02:37","date_gmt":"2023-04-18T20:02:37","guid":{"rendered":"https:\/\/www.federassantas.org.br\/novosite\/?p=28088"},"modified":"2023-04-18T17:04:28","modified_gmt":"2023-04-18T20:04:28","slug":"assembleia-geral-ordinaria-reelege-diretoria-e-conselho-fiscal-da-federessantas","status":"publish","type":"post","link":"https:\/\/www.federassantas.org.br\/novosite\/assembleia-geral-ordinaria-reelege-diretoria-e-conselho-fiscal-da-federessantas\/","title":{"rendered":"Assembleia Geral Ordin\u00e1ria reelege Diretoria e Conselho Fiscal da Federessantas"},"content":{"rendered":"\t\t<div data-elementor-type=\"wp-post\" data-elementor-id=\"28088\" class=\"elementor elementor-28088\" data-elementor-post-type=\"post\">\n\t\t\t\t\t\t<section class=\"elementor-section elementor-top-section elementor-element elementor-element-101df55 elementor-section-boxed elementor-section-height-default elementor-section-height-default\" data-id=\"101df55\" data-element_type=\"section\" data-e-type=\"section\">\n\t\t\t\t\t\t<div class=\"elementor-container elementor-column-gap-default\">\n\t\t\t\t\t<div class=\"elementor-column elementor-col-100 elementor-top-column elementor-element elementor-element-494682d\" data-id=\"494682d\" data-element_type=\"column\" data-e-type=\"column\">\n\t\t\t<div class=\"elementor-widget-wrap elementor-element-populated\">\n\t\t\t\t\t\t<div class=\"elementor-element elementor-element-a0ab7db elementor-widget elementor-widget-text-editor\" data-id=\"a0ab7db\" data-element_type=\"widget\" data-e-type=\"widget\" data-widget_type=\"text-editor.default\">\n\t\t\t\t<div class=\"elementor-widget-container\">\n\t\t\t\t\t\t\t\t\t<p>Na tarde desta segunda-feira, 17, representantes dos hospitais filiados da Federassantas, se reuniram para elei\u00e7\u00e3o direta da Diretoria e Conselho Fiscal da institui\u00e7\u00e3o. Por aclama\u00e7\u00e3o foram reeleitos a Presidente Dra. K\u00e1tia Rocha e os Vice-Presidentes Daniel Porto Soares, Rita de C\u00e1ssia Pereira de Castro e Ramon de Almeida Duarte. Dr. Helder Avelino Yankous completa a Diretoria, tamb\u00e9m como vice-presidente. A pr\u00f3xima gest\u00e3o comandar\u00e1 a federa\u00e7\u00e3o nos pr\u00f3ximos tr\u00eas anos.<\/p><p>A reuni\u00e3o iniciou com o superintendente da Federassantas, Adelziso Vidal, apresentando as demonstra\u00e7\u00f5es cont\u00e1beis do exerc\u00edcio de 2022, bem como o relat\u00f3rio de atividades da diretoria do \u00faltimo ano. Durante a apresenta\u00e7\u00e3o, ele destacou os objetivos estrat\u00e9gicos da institui\u00e7\u00e3o e ressaltou a import\u00e2ncia de desenvolver a\u00e7\u00f5es que buscam a sustentabilidade do setor filantr\u00f3pico, atrav\u00e9s do fortalecimento dos hospitais filiados, da efici\u00eancia dos processos assistenciais e administrativos, al\u00e9m do desenvolvimento de pessoas e aprofundamento nos aspectos normativos e legais das pol\u00edticas p\u00fablicas.\u00a0<\/p><p>O Vice-Presidente da Confedera\u00e7\u00e3o das Santas Casas e Hospitais Filantr\u00f3picos (CMB), Flaviano Feu Ventorim, participou da assembleia por videoconfer\u00eancia e falou um pouco sobre a atua\u00e7\u00e3o da associa\u00e7\u00e3o junto ao Minist\u00e9rio da Sa\u00fade. \u201cEstamos em Bras\u00edlia o tempo inteiro buscando solu\u00e7\u00f5es para ajudar os hospitais e trazer benef\u00edcios que impactem diretamente o setor\u201d, afirmou.<\/p><p>Completando nove anos no quadro da diretoria da Federessantas, a Presidente, Dra. K\u00e1tia Rocha, anunciou a reelei\u00e7\u00e3o dos membros da chapa e afirmou que um dos desafios para o pr\u00f3ximo tri\u00eanio \u00e9 gerar cada vez mais uni\u00e3o dos hospitais filiados. \u201cNesta gest\u00e3o nossa inten\u00e7\u00e3o \u00e9 continuar com os objetivos anteriores e mostrar para os gestores p\u00fablicos e para a sociedade, o resultado assistencial que os nossos hospitais entregam, a partir de um estudo denso, que realmente vai demonstrar a efici\u00eancia dos nossos hospitais e a necessidade de mais recursos financeiros para atingirmos a sustentabilidade\u201d, destaca.<\/p><p>A presidente destacou ainda, o in\u00edcio da atua\u00e7\u00e3o do Conselho Consultivo, que ir\u00e1 assessorar a diretoria na administra\u00e7\u00e3o da Federassantas para desenvolver a uni\u00e3o de todos os hospitais, visando melhorias da qualidade de seus servi\u00e7os. Este conselho ser\u00e1 composto por um representante do hospital, provedor ou administrador hospitalar, localizado nas sedes das macrorregi\u00f5es do estado.<\/p><p>Durante a assembleia, os vice-presidentes ressaltaram o trabalho \u00e1rduo realizado durante a \u00faltima gest\u00e3o, que resultou em uma descentraliza\u00e7\u00e3o e aproxima\u00e7\u00e3o da Federa\u00e7\u00e3o com hospitais localizados em todas as regi\u00f5es de Minas Gerais. \u201cA Federassantas se tornou nossa representa\u00e7\u00e3o efetiva. Hoje o sistema reconhece a entidade, pois \u00e9 ela que d\u00e1 voz aos nossos hospitais e faz uma enorme diferen\u00e7a. Espero contribuir para que a gente consiga dar continuidade e tra\u00e7ar um caminho decisivo para alcan\u00e7ar a t\u00e3o sonhada sustentabilidade\u201d, finaliza o novo Vice-Presidente de Rela\u00e7\u00f5es Institucionais, Dr. Helder Avelino Yankous.\u00a0<\/p><p>Foram reeleitos tamb\u00e9m os conselheiros fiscais: Ant\u00f4nio C\u00e9zar dos Santos, Henrique Andrade do Carmo, Chardson Paix\u00e3o e Jaqueline Fraguas. Dr. Roberto Otto Augusto de Lima e o Franco Andrade Rezende s\u00e3o os novos eleitos para integrar o quadro do conselho fiscal.<\/p>\t\t\t\t\t\t\t\t<\/div>\n\t\t\t\t<\/div>\n\t\t\t\t\t<\/div>\n\t\t<\/div>\n\t\t\t\t\t<\/div>\n\t\t<\/section>\n\t\t\t\t<\/div>\n\t\t","protected":false},"excerpt":{"rendered":"<p>Na tarde desta segunda-feira, 17, representantes dos hospitais filiados da Federassantas, se reuniram para elei\u00e7\u00e3o direta da Diretoria e Conselho Fiscal da institui\u00e7\u00e3o. Por aclama\u00e7\u00e3o foram reeleitos a Presidente Dra. K\u00e1tia Rocha e os Vice-Presidentes Daniel Porto Soares, Rita de C\u00e1ssia Pereira de Castro e Ramon de Almeida Duarte. Dr. Helder Avelino Yankous completa a [&hellip;]<\/p>\n","protected":false},"author":1,"featured_media":28089,"comment_status":"open","ping_status":"open","sticky":false,"template":"","format":"standard","meta":{"footnotes":""},"categories":[140,141],"tags":[285,286,47],"class_list":["post-28088","post","type-post","status-publish","format-standard","has-post-thumbnail","hentry","category-noticias","category-noticias-federassantas","tag-diretoria","tag-eleicao","tag-federassantas"],"yoast_head":"<!-- This site is optimized with the Yoast SEO plugin v26.9 - https:\/\/yoast.com\/product\/yoast-seo-wordpress\/ -->\n<title>Assembleia Geral Ordin\u00e1ria reelege Diretoria e Conselho Fiscal da Federessantas - Federassantas<\/title>\n<meta name=\"description\" content=\"Na tarde desta segunda-feira, 17, representantes dos hospitais filiados da Federassantas, se reuniram para elei\u00e7\u00e3o direta da Diretoria e Conselho Fiscal da institui\u00e7\u00e3o. Por aclama\u00e7\u00e3o foram reeleitos a Presidente Dra. K\u00e1tia Rocha e os Vice-Presidentes Daniel Porto Soares, Rita de C\u00e1ssia Pereira de Castro e Ramon de Almeida Duarte. Dr. Helder Avelino Yankous completa a Diretoria, tamb\u00e9m como vice-presidente. A pr\u00f3xima gest\u00e3o comandar\u00e1 a federa\u00e7\u00e3o nos pr\u00f3ximos tr\u00eas anos.\" \/>\n<meta name=\"robots\" content=\"index, follow, max-snippet:-1, max-image-preview:large, max-video-preview:-1\" \/>\n<link rel=\"canonical\" href=\"https:\/\/www.federassantas.org.br\/novosite\/assembleia-geral-ordinaria-reelege-diretoria-e-conselho-fiscal-da-federessantas\/\" \/>\n<meta property=\"og:locale\" content=\"pt_BR\" \/>\n<meta property=\"og:type\" content=\"article\" \/>\n<meta property=\"og:title\" content=\"Assembleia Geral Ordin\u00e1ria reelege Diretoria e Conselho Fiscal da Federessantas - Federassantas\" \/>\n<meta property=\"og:description\" content=\"Na tarde desta segunda-feira, 17, representantes dos hospitais filiados da Federassantas, se reuniram para elei\u00e7\u00e3o direta da Diretoria e Conselho Fiscal da institui\u00e7\u00e3o. Por aclama\u00e7\u00e3o foram reeleitos a Presidente Dra. K\u00e1tia Rocha e os Vice-Presidentes Daniel Porto Soares, Rita de C\u00e1ssia Pereira de Castro e Ramon de Almeida Duarte. Dr. Helder Avelino Yankous completa a Diretoria, tamb\u00e9m como vice-presidente. A pr\u00f3xima gest\u00e3o comandar\u00e1 a federa\u00e7\u00e3o nos pr\u00f3ximos tr\u00eas anos.\" \/>\n<meta property=\"og:url\" content=\"https:\/\/www.federassantas.org.br\/novosite\/assembleia-geral-ordinaria-reelege-diretoria-e-conselho-fiscal-da-federessantas\/\" \/>\n<meta property=\"og:site_name\" content=\"Federassantas\" \/>\n<meta property=\"article:published_time\" content=\"2023-04-18T20:02:37+00:00\" \/>\n<meta property=\"article:modified_time\" content=\"2023-04-18T20:04:28+00:00\" \/>\n<meta property=\"og:image\" content=\"https:\/\/www.federassantas.org.br\/novosite\/wp-content\/uploads\/2023\/04\/d5946ab1-3b94-4a14-b868-5908846d8e0c.jpeg\" \/>\n\t<meta property=\"og:image:width\" content=\"1600\" \/>\n\t<meta property=\"og:image:height\" content=\"809\" \/>\n\t<meta property=\"og:image:type\" content=\"image\/jpeg\" \/>\n<meta name=\"author\" content=\"admin-federas\" \/>\n<meta name=\"twitter:card\" content=\"summary_large_image\" \/>\n<meta name=\"twitter:label1\" content=\"Escrito por\" \/>\n\t<meta name=\"twitter:data1\" content=\"admin-federas\" \/>\n\t<meta name=\"twitter:label2\" content=\"Est. tempo de leitura\" \/>\n\t<meta name=\"twitter:data2\" content=\"3 minutos\" \/>\n<script type=\"application\/ld+json\" class=\"yoast-schema-graph\">{\"@context\":\"https:\/\/schema.org\",\"@graph\":[{\"@type\":\"Article\",\"@id\":\"https:\/\/www.federassantas.org.br\/novosite\/assembleia-geral-ordinaria-reelege-diretoria-e-conselho-fiscal-da-federessantas\/#article\",\"isPartOf\":{\"@id\":\"https:\/\/www.federassantas.org.br\/novosite\/assembleia-geral-ordinaria-reelege-diretoria-e-conselho-fiscal-da-federessantas\/\"},\"author\":{\"name\":\"admin-federas\",\"@id\":\"https:\/\/www.federassantas.org.br\/novosite\/#\/schema\/person\/75fed98158349313fe56175f232f513c\"},\"headline\":\"Assembleia Geral Ordin\u00e1ria reelege Diretoria e Conselho Fiscal da Federessantas\",\"datePublished\":\"2023-04-18T20:02:37+00:00\",\"dateModified\":\"2023-04-18T20:04:28+00:00\",\"mainEntityOfPage\":{\"@id\":\"https:\/\/www.federassantas.org.br\/novosite\/assembleia-geral-ordinaria-reelege-diretoria-e-conselho-fiscal-da-federessantas\/\"},\"wordCount\":560,\"commentCount\":0,\"publisher\":{\"@id\":\"https:\/\/www.federassantas.org.br\/novosite\/#organization\"},\"image\":{\"@id\":\"https:\/\/www.federassantas.org.br\/novosite\/assembleia-geral-ordinaria-reelege-diretoria-e-conselho-fiscal-da-federessantas\/#primaryimage\"},\"thumbnailUrl\":\"https:\/\/www.federassantas.org.br\/novosite\/wp-content\/uploads\/2023\/04\/d5946ab1-3b94-4a14-b868-5908846d8e0c.jpeg\",\"keywords\":[\"Diretoria\",\"Elei\u00e7\u00e3o\",\"Federassantas\"],\"articleSection\":[\"Not\u00edcias\",\"Not\u00edcias Federassantas\"],\"inLanguage\":\"pt-BR\",\"potentialAction\":[{\"@type\":\"CommentAction\",\"name\":\"Comment\",\"target\":[\"https:\/\/www.federassantas.org.br\/novosite\/assembleia-geral-ordinaria-reelege-diretoria-e-conselho-fiscal-da-federessantas\/#respond\"]}]},{\"@type\":\"WebPage\",\"@id\":\"https:\/\/www.federassantas.org.br\/novosite\/assembleia-geral-ordinaria-reelege-diretoria-e-conselho-fiscal-da-federessantas\/\",\"url\":\"https:\/\/www.federassantas.org.br\/novosite\/assembleia-geral-ordinaria-reelege-diretoria-e-conselho-fiscal-da-federessantas\/\",\"name\":\"Assembleia Geral Ordin\u00e1ria reelege Diretoria e Conselho Fiscal da Federessantas - Federassantas\",\"isPartOf\":{\"@id\":\"https:\/\/www.federassantas.org.br\/novosite\/#website\"},\"primaryImageOfPage\":{\"@id\":\"https:\/\/www.federassantas.org.br\/novosite\/assembleia-geral-ordinaria-reelege-diretoria-e-conselho-fiscal-da-federessantas\/#primaryimage\"},\"image\":{\"@id\":\"https:\/\/www.federassantas.org.br\/novosite\/assembleia-geral-ordinaria-reelege-diretoria-e-conselho-fiscal-da-federessantas\/#primaryimage\"},\"thumbnailUrl\":\"https:\/\/www.federassantas.org.br\/novosite\/wp-content\/uploads\/2023\/04\/d5946ab1-3b94-4a14-b868-5908846d8e0c.jpeg\",\"datePublished\":\"2023-04-18T20:02:37+00:00\",\"dateModified\":\"2023-04-18T20:04:28+00:00\",\"description\":\"Na tarde desta segunda-feira, 17, representantes dos hospitais filiados da Federassantas, se reuniram para elei\u00e7\u00e3o direta da Diretoria e Conselho Fiscal da institui\u00e7\u00e3o. Por aclama\u00e7\u00e3o foram reeleitos a Presidente Dra. K\u00e1tia Rocha e os Vice-Presidentes Daniel Porto Soares, Rita de C\u00e1ssia Pereira de Castro e Ramon de Almeida Duarte. Dr. Helder Avelino Yankous completa a Diretoria, tamb\u00e9m como vice-presidente. A pr\u00f3xima gest\u00e3o comandar\u00e1 a federa\u00e7\u00e3o nos pr\u00f3ximos tr\u00eas anos.\",\"breadcrumb\":{\"@id\":\"https:\/\/www.federassantas.org.br\/novosite\/assembleia-geral-ordinaria-reelege-diretoria-e-conselho-fiscal-da-federessantas\/#breadcrumb\"},\"inLanguage\":\"pt-BR\",\"potentialAction\":[{\"@type\":\"ReadAction\",\"target\":[\"https:\/\/www.federassantas.org.br\/novosite\/assembleia-geral-ordinaria-reelege-diretoria-e-conselho-fiscal-da-federessantas\/\"]}]},{\"@type\":\"ImageObject\",\"inLanguage\":\"pt-BR\",\"@id\":\"https:\/\/www.federassantas.org.br\/novosite\/assembleia-geral-ordinaria-reelege-diretoria-e-conselho-fiscal-da-federessantas\/#primaryimage\",\"url\":\"https:\/\/www.federassantas.org.br\/novosite\/wp-content\/uploads\/2023\/04\/d5946ab1-3b94-4a14-b868-5908846d8e0c.jpeg\",\"contentUrl\":\"https:\/\/www.federassantas.org.br\/novosite\/wp-content\/uploads\/2023\/04\/d5946ab1-3b94-4a14-b868-5908846d8e0c.jpeg\",\"width\":1600,\"height\":809},{\"@type\":\"BreadcrumbList\",\"@id\":\"https:\/\/www.federassantas.org.br\/novosite\/assembleia-geral-ordinaria-reelege-diretoria-e-conselho-fiscal-da-federessantas\/#breadcrumb\",\"itemListElement\":[{\"@type\":\"ListItem\",\"position\":1,\"name\":\"In\u00edcio\",\"item\":\"https:\/\/www.federassantas.org.br\/novosite\/\"},{\"@type\":\"ListItem\",\"position\":2,\"name\":\"Assembleia Geral Ordin\u00e1ria reelege Diretoria e Conselho Fiscal da Federessantas\"}]},{\"@type\":\"WebSite\",\"@id\":\"https:\/\/www.federassantas.org.br\/novosite\/#website\",\"url\":\"https:\/\/www.federassantas.org.br\/novosite\/\",\"name\":\"Federassantas\",\"description\":\"Fed. das Santas Casas e Hospitais Filantr\u00f3picos de MG\",\"publisher\":{\"@id\":\"https:\/\/www.federassantas.org.br\/novosite\/#organization\"},\"potentialAction\":[{\"@type\":\"SearchAction\",\"target\":{\"@type\":\"EntryPoint\",\"urlTemplate\":\"https:\/\/www.federassantas.org.br\/novosite\/?s={search_term_string}\"},\"query-input\":{\"@type\":\"PropertyValueSpecification\",\"valueRequired\":true,\"valueName\":\"search_term_string\"}}],\"inLanguage\":\"pt-BR\"},{\"@type\":\"Organization\",\"@id\":\"https:\/\/www.federassantas.org.br\/novosite\/#organization\",\"name\":\"Federassantas\",\"url\":\"https:\/\/www.federassantas.org.br\/novosite\/\",\"logo\":{\"@type\":\"ImageObject\",\"inLanguage\":\"pt-BR\",\"@id\":\"https:\/\/www.federassantas.org.br\/novosite\/#\/schema\/logo\/image\/\",\"url\":\"https:\/\/www.federassantas.org.br\/novosite\/wp-content\/uploads\/2021\/12\/logo.png\",\"contentUrl\":\"https:\/\/www.federassantas.org.br\/novosite\/wp-content\/uploads\/2021\/12\/logo.png\",\"width\":243,\"height\":59,\"caption\":\"Federassantas\"},\"image\":{\"@id\":\"https:\/\/www.federassantas.org.br\/novosite\/#\/schema\/logo\/image\/\"}},{\"@type\":\"Person\",\"@id\":\"https:\/\/www.federassantas.org.br\/novosite\/#\/schema\/person\/75fed98158349313fe56175f232f513c\",\"name\":\"admin-federas\",\"image\":{\"@type\":\"ImageObject\",\"inLanguage\":\"pt-BR\",\"@id\":\"https:\/\/www.federassantas.org.br\/novosite\/#\/schema\/person\/image\/\",\"url\":\"https:\/\/secure.gravatar.com\/avatar\/2a02d7dda59fe8dc6b7ffd3f652e2efede5ccf0dd89dfdc8137c5517f3de8407?s=96&d=mm&r=g\",\"contentUrl\":\"https:\/\/secure.gravatar.com\/avatar\/2a02d7dda59fe8dc6b7ffd3f652e2efede5ccf0dd89dfdc8137c5517f3de8407?s=96&d=mm&r=g\",\"caption\":\"admin-federas\"},\"sameAs\":[\"https:\/\/www.federassantas.org.br\/novosite\/\"],\"url\":\"https:\/\/www.federassantas.org.br\/novosite\/author\/admin-federas\/\"}]}<\/script>\n<!-- \/ Yoast SEO plugin. -->","yoast_head_json":{"title":"Assembleia Geral Ordin\u00e1ria reelege Diretoria e Conselho Fiscal da Federessantas - Federassantas","description":"Na tarde desta segunda-feira, 17, representantes dos hospitais filiados da Federassantas, se reuniram para elei\u00e7\u00e3o direta da Diretoria e Conselho Fiscal da institui\u00e7\u00e3o. Por aclama\u00e7\u00e3o foram reeleitos a Presidente Dra. K\u00e1tia Rocha e os Vice-Presidentes Daniel Porto Soares, Rita de C\u00e1ssia Pereira de Castro e Ramon de Almeida Duarte. Dr. Helder Avelino Yankous completa a Diretoria, tamb\u00e9m como vice-presidente. A pr\u00f3xima gest\u00e3o comandar\u00e1 a federa\u00e7\u00e3o nos pr\u00f3ximos tr\u00eas anos.","robots":{"index":"index","follow":"follow","max-snippet":"max-snippet:-1","max-image-preview":"max-image-preview:large","max-video-preview":"max-video-preview:-1"},"canonical":"https:\/\/www.federassantas.org.br\/novosite\/assembleia-geral-ordinaria-reelege-diretoria-e-conselho-fiscal-da-federessantas\/","og_locale":"pt_BR","og_type":"article","og_title":"Assembleia Geral Ordin\u00e1ria reelege Diretoria e Conselho Fiscal da Federessantas - Federassantas","og_description":"Na tarde desta segunda-feira, 17, representantes dos hospitais filiados da Federassantas, se reuniram para elei\u00e7\u00e3o direta da Diretoria e Conselho Fiscal da institui\u00e7\u00e3o. Por aclama\u00e7\u00e3o foram reeleitos a Presidente Dra. K\u00e1tia Rocha e os Vice-Presidentes Daniel Porto Soares, Rita de C\u00e1ssia Pereira de Castro e Ramon de Almeida Duarte. Dr. Helder Avelino Yankous completa a Diretoria, tamb\u00e9m como vice-presidente. A pr\u00f3xima gest\u00e3o comandar\u00e1 a federa\u00e7\u00e3o nos pr\u00f3ximos tr\u00eas anos.","og_url":"https:\/\/www.federassantas.org.br\/novosite\/assembleia-geral-ordinaria-reelege-diretoria-e-conselho-fiscal-da-federessantas\/","og_site_name":"Federassantas","article_published_time":"2023-04-18T20:02:37+00:00","article_modified_time":"2023-04-18T20:04:28+00:00","og_image":[{"width":1600,"height":809,"url":"https:\/\/www.federassantas.org.br\/novosite\/wp-content\/uploads\/2023\/04\/d5946ab1-3b94-4a14-b868-5908846d8e0c.jpeg","type":"image\/jpeg"}],"author":"admin-federas","twitter_card":"summary_large_image","twitter_misc":{"Escrito por":"admin-federas","Est. tempo de leitura":"3 minutos"},"schema":{"@context":"https:\/\/schema.org","@graph":[{"@type":"Article","@id":"https:\/\/www.federassantas.org.br\/novosite\/assembleia-geral-ordinaria-reelege-diretoria-e-conselho-fiscal-da-federessantas\/#article","isPartOf":{"@id":"https:\/\/www.federassantas.org.br\/novosite\/assembleia-geral-ordinaria-reelege-diretoria-e-conselho-fiscal-da-federessantas\/"},"author":{"name":"admin-federas","@id":"https:\/\/www.federassantas.org.br\/novosite\/#\/schema\/person\/75fed98158349313fe56175f232f513c"},"headline":"Assembleia Geral Ordin\u00e1ria reelege Diretoria e Conselho Fiscal da Federessantas","datePublished":"2023-04-18T20:02:37+00:00","dateModified":"2023-04-18T20:04:28+00:00","mainEntityOfPage":{"@id":"https:\/\/www.federassantas.org.br\/novosite\/assembleia-geral-ordinaria-reelege-diretoria-e-conselho-fiscal-da-federessantas\/"},"wordCount":560,"commentCount":0,"publisher":{"@id":"https:\/\/www.federassantas.org.br\/novosite\/#organization"},"image":{"@id":"https:\/\/www.federassantas.org.br\/novosite\/assembleia-geral-ordinaria-reelege-diretoria-e-conselho-fiscal-da-federessantas\/#primaryimage"},"thumbnailUrl":"https:\/\/www.federassantas.org.br\/novosite\/wp-content\/uploads\/2023\/04\/d5946ab1-3b94-4a14-b868-5908846d8e0c.jpeg","keywords":["Diretoria","Elei\u00e7\u00e3o","Federassantas"],"articleSection":["Not\u00edcias","Not\u00edcias Federassantas"],"inLanguage":"pt-BR","potentialAction":[{"@type":"CommentAction","name":"Comment","target":["https:\/\/www.federassantas.org.br\/novosite\/assembleia-geral-ordinaria-reelege-diretoria-e-conselho-fiscal-da-federessantas\/#respond"]}]},{"@type":"WebPage","@id":"https:\/\/www.federassantas.org.br\/novosite\/assembleia-geral-ordinaria-reelege-diretoria-e-conselho-fiscal-da-federessantas\/","url":"https:\/\/www.federassantas.org.br\/novosite\/assembleia-geral-ordinaria-reelege-diretoria-e-conselho-fiscal-da-federessantas\/","name":"Assembleia Geral Ordin\u00e1ria reelege Diretoria e Conselho Fiscal da Federessantas - Federassantas","isPartOf":{"@id":"https:\/\/www.federassantas.org.br\/novosite\/#website"},"primaryImageOfPage":{"@id":"https:\/\/www.federassantas.org.br\/novosite\/assembleia-geral-ordinaria-reelege-diretoria-e-conselho-fiscal-da-federessantas\/#primaryimage"},"image":{"@id":"https:\/\/www.federassantas.org.br\/novosite\/assembleia-geral-ordinaria-reelege-diretoria-e-conselho-fiscal-da-federessantas\/#primaryimage"},"thumbnailUrl":"https:\/\/www.federassantas.org.br\/novosite\/wp-content\/uploads\/2023\/04\/d5946ab1-3b94-4a14-b868-5908846d8e0c.jpeg","datePublished":"2023-04-18T20:02:37+00:00","dateModified":"2023-04-18T20:04:28+00:00","description":"Na tarde desta segunda-feira, 17, representantes dos hospitais filiados da Federassantas, se reuniram para elei\u00e7\u00e3o direta da Diretoria e Conselho Fiscal da institui\u00e7\u00e3o. Por aclama\u00e7\u00e3o foram reeleitos a Presidente Dra. K\u00e1tia Rocha e os Vice-Presidentes Daniel Porto Soares, Rita de C\u00e1ssia Pereira de Castro e Ramon de Almeida Duarte. Dr. Helder Avelino Yankous completa a Diretoria, tamb\u00e9m como vice-presidente. A pr\u00f3xima gest\u00e3o comandar\u00e1 a federa\u00e7\u00e3o nos pr\u00f3ximos tr\u00eas anos.","breadcrumb":{"@id":"https:\/\/www.federassantas.org.br\/novosite\/assembleia-geral-ordinaria-reelege-diretoria-e-conselho-fiscal-da-federessantas\/#breadcrumb"},"inLanguage":"pt-BR","potentialAction":[{"@type":"ReadAction","target":["https:\/\/www.federassantas.org.br\/novosite\/assembleia-geral-ordinaria-reelege-diretoria-e-conselho-fiscal-da-federessantas\/"]}]},{"@type":"ImageObject","inLanguage":"pt-BR","@id":"https:\/\/www.federassantas.org.br\/novosite\/assembleia-geral-ordinaria-reelege-diretoria-e-conselho-fiscal-da-federessantas\/#primaryimage","url":"https:\/\/www.federassantas.org.br\/novosite\/wp-content\/uploads\/2023\/04\/d5946ab1-3b94-4a14-b868-5908846d8e0c.jpeg","contentUrl":"https:\/\/www.federassantas.org.br\/novosite\/wp-content\/uploads\/2023\/04\/d5946ab1-3b94-4a14-b868-5908846d8e0c.jpeg","width":1600,"height":809},{"@type":"BreadcrumbList","@id":"https:\/\/www.federassantas.org.br\/novosite\/assembleia-geral-ordinaria-reelege-diretoria-e-conselho-fiscal-da-federessantas\/#breadcrumb","itemListElement":[{"@type":"ListItem","position":1,"name":"In\u00edcio","item":"https:\/\/www.federassantas.org.br\/novosite\/"},{"@type":"ListItem","position":2,"name":"Assembleia Geral Ordin\u00e1ria reelege Diretoria e Conselho Fiscal da Federessantas"}]},{"@type":"WebSite","@id":"https:\/\/www.federassantas.org.br\/novosite\/#website","url":"https:\/\/www.federassantas.org.br\/novosite\/","name":"Federassantas","description":"Fed. das Santas Casas e Hospitais Filantr\u00f3picos de MG","publisher":{"@id":"https:\/\/www.federassantas.org.br\/novosite\/#organization"},"potentialAction":[{"@type":"SearchAction","target":{"@type":"EntryPoint","urlTemplate":"https:\/\/www.federassantas.org.br\/novosite\/?s={search_term_string}"},"query-input":{"@type":"PropertyValueSpecification","valueRequired":true,"valueName":"search_term_string"}}],"inLanguage":"pt-BR"},{"@type":"Organization","@id":"https:\/\/www.federassantas.org.br\/novosite\/#organization","name":"Federassantas","url":"https:\/\/www.federassantas.org.br\/novosite\/","logo":{"@type":"ImageObject","inLanguage":"pt-BR","@id":"https:\/\/www.federassantas.org.br\/novosite\/#\/schema\/logo\/image\/","url":"https:\/\/www.federassantas.org.br\/novosite\/wp-content\/uploads\/2021\/12\/logo.png","contentUrl":"https:\/\/www.federassantas.org.br\/novosite\/wp-content\/uploads\/2021\/12\/logo.png","width":243,"height":59,"caption":"Federassantas"},"image":{"@id":"https:\/\/www.federassantas.org.br\/novosite\/#\/schema\/logo\/image\/"}},{"@type":"Person","@id":"https:\/\/www.federassantas.org.br\/novosite\/#\/schema\/person\/75fed98158349313fe56175f232f513c","name":"admin-federas","image":{"@type":"ImageObject","inLanguage":"pt-BR","@id":"https:\/\/www.federassantas.org.br\/novosite\/#\/schema\/person\/image\/","url":"https:\/\/secure.gravatar.com\/avatar\/2a02d7dda59fe8dc6b7ffd3f652e2efede5ccf0dd89dfdc8137c5517f3de8407?s=96&d=mm&r=g","contentUrl":"https:\/\/secure.gravatar.com\/avatar\/2a02d7dda59fe8dc6b7ffd3f652e2efede5ccf0dd89dfdc8137c5517f3de8407?s=96&d=mm&r=g","caption":"admin-federas"},"sameAs":["https:\/\/www.federassantas.org.br\/novosite\/"],"url":"https:\/\/www.federassantas.org.br\/novosite\/author\/admin-federas\/"}]}},"_links":{"self":[{"href":"https:\/\/www.federassantas.org.br\/novosite\/wp-json\/wp\/v2\/posts\/28088","targetHints":{"allow":["GET"]}}],"collection":[{"href":"https:\/\/www.federassantas.org.br\/novosite\/wp-json\/wp\/v2\/posts"}],"about":[{"href":"https:\/\/www.federassantas.org.br\/novosite\/wp-json\/wp\/v2\/types\/post"}],"author":[{"embeddable":true,"href":"https:\/\/www.federassantas.org.br\/novosite\/wp-json\/wp\/v2\/users\/1"}],"replies":[{"embeddable":true,"href":"https:\/\/www.federassantas.org.br\/novosite\/wp-json\/wp\/v2\/comments?post=28088"}],"version-history":[{"count":4,"href":"https:\/\/www.federassantas.org.br\/novosite\/wp-json\/wp\/v2\/posts\/28088\/revisions"}],"predecessor-version":[{"id":28093,"href":"https:\/\/www.federassantas.org.br\/novosite\/wp-json\/wp\/v2\/posts\/28088\/revisions\/28093"}],"wp:featuredmedia":[{"embeddable":true,"href":"https:\/\/www.federassantas.org.br\/novosite\/wp-json\/wp\/v2\/media\/28089"}],"wp:attachment":[{"href":"https:\/\/www.federassantas.org.br\/novosite\/wp-json\/wp\/v2\/media?parent=28088"}],"wp:term":[{"taxonomy":"category","embeddable":true,"href":"https:\/\/www.federassantas.org.br\/novosite\/wp-json\/wp\/v2\/categories?post=28088"},{"taxonomy":"post_tag","embeddable":true,"href":"https:\/\/www.federassantas.org.br\/novosite\/wp-json\/wp\/v2\/tags?post=28088"}],"curies":[{"name":"wp","href":"https:\/\/api.w.org\/{rel}","templated":true}]}}