{"id":28106,"date":"2023-04-19T14:14:10","date_gmt":"2023-04-19T17:14:10","guid":{"rendered":"https:\/\/www.federassantas.org.br\/novosite\/?p=28106"},"modified":"2023-04-19T14:15:55","modified_gmt":"2023-04-19T17:15:55","slug":"13a-edicao-do-sao-chico-cultural","status":"publish","type":"post","link":"https:\/\/www.federassantas.org.br\/novosite\/13a-edicao-do-sao-chico-cultural\/","title":{"rendered":"13\u00aa edi\u00e7\u00e3o do S\u00e3o Chico Cultural"},"content":{"rendered":"\t\t<div data-elementor-type=\"wp-post\" data-elementor-id=\"28106\" class=\"elementor elementor-28106\" data-elementor-post-type=\"post\">\n\t\t\t\t\t\t<section class=\"elementor-section elementor-top-section elementor-element elementor-element-12aa5df elementor-section-boxed elementor-section-height-default elementor-section-height-default\" data-id=\"12aa5df\" data-element_type=\"section\" data-e-type=\"section\">\n\t\t\t\t\t\t<div class=\"elementor-container elementor-column-gap-default\">\n\t\t\t\t\t<div class=\"elementor-column elementor-col-100 elementor-top-column elementor-element elementor-element-4264aca\" data-id=\"4264aca\" data-element_type=\"column\" data-e-type=\"column\">\n\t\t\t<div class=\"elementor-widget-wrap elementor-element-populated\">\n\t\t\t\t\t\t<div class=\"elementor-element elementor-element-6dc2998 elementor-widget elementor-widget-heading\" data-id=\"6dc2998\" data-element_type=\"widget\" data-e-type=\"widget\" data-widget_type=\"heading.default\">\n\t\t\t\t<div class=\"elementor-widget-container\">\n\t\t\t\t\t<h2 class=\"elementor-heading-title elementor-size-default\">Vem a\u00ed: S\u00e3o Chico Cultural\n<\/h2>\t\t\t\t<\/div>\n\t\t\t\t<\/div>\n\t\t\t\t\t<\/div>\n\t\t<\/div>\n\t\t\t\t\t<\/div>\n\t\t<\/section>\n\t\t\t\t<section class=\"elementor-section elementor-top-section elementor-element elementor-element-faa050d elementor-section-boxed elementor-section-height-default elementor-section-height-default\" data-id=\"faa050d\" data-element_type=\"section\" data-e-type=\"section\">\n\t\t\t\t\t\t<div class=\"elementor-container elementor-column-gap-default\">\n\t\t\t\t\t<div class=\"elementor-column elementor-col-100 elementor-top-column elementor-element elementor-element-c37231c\" data-id=\"c37231c\" data-element_type=\"column\" data-e-type=\"column\">\n\t\t\t<div class=\"elementor-widget-wrap elementor-element-populated\">\n\t\t\t\t\t\t<div class=\"elementor-element elementor-element-aaf3ba2 elementor-widget elementor-widget-text-editor\" data-id=\"aaf3ba2\" data-element_type=\"widget\" data-e-type=\"widget\" data-widget_type=\"text-editor.default\">\n\t\t\t\t<div class=\"elementor-widget-container\">\n\t\t\t\t\t\t\t\t\t<p><i><span style=\"font-weight: 400;\">Nesta edi\u00e7\u00e3o, evento conta com apresenta\u00e7\u00f5es que resgatam a MPB<\/span><\/i><\/p>\t\t\t\t\t\t\t\t<\/div>\n\t\t\t\t<\/div>\n\t\t\t\t\t<\/div>\n\t\t<\/div>\n\t\t\t\t\t<\/div>\n\t\t<\/section>\n\t\t\t\t<section class=\"elementor-section elementor-top-section elementor-element elementor-element-519624c elementor-section-boxed elementor-section-height-default elementor-section-height-default\" data-id=\"519624c\" data-element_type=\"section\" data-e-type=\"section\">\n\t\t\t\t\t\t<div class=\"elementor-container elementor-column-gap-default\">\n\t\t\t\t\t<div class=\"elementor-column elementor-col-100 elementor-top-column elementor-element elementor-element-1828d73\" data-id=\"1828d73\" data-element_type=\"column\" data-e-type=\"column\">\n\t\t\t<div class=\"elementor-widget-wrap elementor-element-populated\">\n\t\t\t\t\t\t<div class=\"elementor-element elementor-element-8490795 elementor-widget elementor-widget-text-editor\" data-id=\"8490795\" data-element_type=\"widget\" data-e-type=\"widget\" data-widget_type=\"text-editor.default\">\n\t\t\t\t<div class=\"elementor-widget-container\">\n\t\t\t\t\t\t\t\t\t<p><span style=\"font-weight: 400;\">A Funda\u00e7\u00e3o Hospitalar S\u00e3o Francisco de Assis realiza a 13\u00aa edi\u00e7\u00e3o do projeto \u201cS\u00e3o Chico Cultural\u201d. De car\u00e1ter beneficente, ele possibilita ajudar milhares de pacientes atendidos na institui\u00e7\u00e3o, exclusivamente pelo SUS.<\/span><\/p><p><span style=\"font-weight: 400;\">O evento ser\u00e1 realizado no Teatro Minas T\u00eanis Clube, no pr\u00f3ximo dia 17 de maio, \u00e0s 20h, com o projeto Ora Bossa convida <\/span><span style=\"font-weight: 400;\">Carolina Serdeira e Mariana Nunes<\/span><span style=\"font-weight: 400;\">, que resgata as mais expressivas can\u00e7\u00f5es de um dos principais movimentos da m\u00fasica brasileira.<\/span><\/p><p><span style=\"font-weight: 400;\">O projeto S\u00e3o Chico Cultural j\u00e1 contou com in\u00fameros modelos de apresenta\u00e7\u00f5es, passando pelo teatro, pela dan\u00e7a, orquestra e shows e com esse intuito de levar cultura e alegria j\u00e1 conseguiu arrecadar pouco mais de cem mil reais que se transformaram em milhares de fraldas geri\u00e1tricas, colch\u00f5es, gerador de marca-passo, poltronas para a hemodi\u00e1lise, entre muitos outros itens, que possibilitam um melhor atendimento e tratamento aos nossos pacientes.<\/span><\/p><p><b>Sobre o S\u00e3o Chico:<\/b><\/p><p><span style=\"font-weight: 400;\">A Funda\u00e7\u00e3o, desde 2010, \u00e9 uma entidade filantr\u00f3pica 100% SUS, que conta atualmente com tr\u00eas unidades, <\/span><span style=\"font-weight: 400;\">mantendo 316 leitos de interna\u00e7\u00e3o, sendo 70 leitos de CTI, e mais de 1.700 colaboradores, \u00e9 o maior servi\u00e7o de Ortopedia em Minas Gerais e, em 2021, realizou mais de 90.000 procedimentos m\u00e9dicos.\u00a0<\/span><\/p><p><b>Servi\u00e7o:<\/b><\/p><p><span style=\"font-weight: 400;\">S\u00e3o Chico Cultural<\/span><\/p><p><span style=\"font-weight: 400;\">Dia: 17 de maio, \u00e0s 20h<\/span><\/p><p><span style=\"font-weight: 400;\">Local: Centro Cultural Unimed-BH Minas \u2013 rua da Bahia, <\/span><span style=\"font-weight: 400;\">2.244 \u2013 Lourdes<\/span><\/p><p><b>Assessoria de Imprensa:<\/b><strong>\u00a0Lucas Martins\u00a0<\/strong><\/p><p><em>Gostaria de divulgar informa\u00e7\u00f5es do seu hospital no site da Federassantas? Acesse a\u00a0<a href=\"https:\/\/www.federassantas.org.br\/novosite\/comunicacao\/\">p\u00e1gina da comunica\u00e7\u00e3o<\/a>\u00a0e nos envie o seu release.<\/em><\/p>\t\t\t\t\t\t\t\t<\/div>\n\t\t\t\t<\/div>\n\t\t\t\t\t<\/div>\n\t\t<\/div>\n\t\t\t\t\t<\/div>\n\t\t<\/section>\n\t\t\t\t<\/div>\n\t\t","protected":false},"excerpt":{"rendered":"<p>Vem a\u00ed: S\u00e3o Chico Cultural Nesta edi\u00e7\u00e3o, evento conta com apresenta\u00e7\u00f5es que resgatam a MPB A Funda\u00e7\u00e3o Hospitalar S\u00e3o Francisco de Assis realiza a 13\u00aa edi\u00e7\u00e3o do projeto \u201cS\u00e3o Chico Cultural\u201d. De car\u00e1ter beneficente, ele possibilita ajudar milhares de pacientes atendidos na institui\u00e7\u00e3o, exclusivamente pelo SUS. O evento ser\u00e1 realizado no Teatro Minas T\u00eanis Clube, [&hellip;]<\/p>\n","protected":false},"author":1,"featured_media":28107,"comment_status":"open","ping_status":"open","sticky":false,"template":"","format":"standard","meta":{"footnotes":""},"categories":[247],"tags":[269,288,287],"class_list":["post-28106","post","type-post","status-publish","format-standard","has-post-thumbnail","hentry","category-regional-central-metropolitana","tag-belo-horizonte","tag-fundacao-sao-francisco-de-assis","tag-sao-chico-cultural"],"yoast_head":"<!-- This site is optimized with the Yoast SEO plugin v26.9 - https:\/\/yoast.com\/product\/yoast-seo-wordpress\/ -->\n<title>13\u00aa edi\u00e7\u00e3o do S\u00e3o Chico Cultural - Federassantas<\/title>\n<meta name=\"description\" content=\"A Funda\u00e7\u00e3o Hospitalar S\u00e3o Francisco de Assis realiza a 13\u00aa edi\u00e7\u00e3o do projeto \u201cS\u00e3o Chico Cultural\u201d. De car\u00e1ter beneficente, ele possibilita ajudar milhares de pacientes atendidos na institui\u00e7\u00e3o, exclusivamente pelo SUS.\" \/>\n<meta name=\"robots\" content=\"index, follow, max-snippet:-1, max-image-preview:large, max-video-preview:-1\" \/>\n<link rel=\"canonical\" href=\"https:\/\/www.federassantas.org.br\/novosite\/13a-edicao-do-sao-chico-cultural\/\" \/>\n<meta property=\"og:locale\" content=\"pt_BR\" \/>\n<meta property=\"og:type\" content=\"article\" \/>\n<meta property=\"og:title\" content=\"13\u00aa edi\u00e7\u00e3o do S\u00e3o Chico Cultural - Federassantas\" \/>\n<meta property=\"og:description\" content=\"A Funda\u00e7\u00e3o Hospitalar S\u00e3o Francisco de Assis realiza a 13\u00aa edi\u00e7\u00e3o do projeto \u201cS\u00e3o Chico Cultural\u201d. De car\u00e1ter beneficente, ele possibilita ajudar milhares de pacientes atendidos na institui\u00e7\u00e3o, exclusivamente pelo SUS.\" \/>\n<meta property=\"og:url\" content=\"https:\/\/www.federassantas.org.br\/novosite\/13a-edicao-do-sao-chico-cultural\/\" \/>\n<meta property=\"og:site_name\" content=\"Federassantas\" \/>\n<meta property=\"article:published_time\" content=\"2023-04-19T17:14:10+00:00\" \/>\n<meta property=\"article:modified_time\" content=\"2023-04-19T17:15:55+00:00\" \/>\n<meta property=\"og:image\" content=\"https:\/\/www.federassantas.org.br\/novosite\/wp-content\/uploads\/2023\/04\/22MAR_AGUARDE2-1.jpg\" \/>\n\t<meta property=\"og:image:width\" content=\"1080\" \/>\n\t<meta property=\"og:image:height\" content=\"1080\" \/>\n\t<meta property=\"og:image:type\" content=\"image\/jpeg\" \/>\n<meta name=\"author\" content=\"admin-federas\" \/>\n<meta name=\"twitter:card\" content=\"summary_large_image\" \/>\n<meta name=\"twitter:label1\" content=\"Escrito por\" \/>\n\t<meta name=\"twitter:data1\" content=\"admin-federas\" \/>\n\t<meta name=\"twitter:label2\" content=\"Est. tempo de leitura\" \/>\n\t<meta name=\"twitter:data2\" content=\"1 minuto\" \/>\n<script type=\"application\/ld+json\" class=\"yoast-schema-graph\">{\"@context\":\"https:\/\/schema.org\",\"@graph\":[{\"@type\":\"Article\",\"@id\":\"https:\/\/www.federassantas.org.br\/novosite\/13a-edicao-do-sao-chico-cultural\/#article\",\"isPartOf\":{\"@id\":\"https:\/\/www.federassantas.org.br\/novosite\/13a-edicao-do-sao-chico-cultural\/\"},\"author\":{\"name\":\"admin-federas\",\"@id\":\"https:\/\/www.federassantas.org.br\/novosite\/#\/schema\/person\/75fed98158349313fe56175f232f513c\"},\"headline\":\"13\u00aa edi\u00e7\u00e3o do S\u00e3o Chico Cultural\",\"datePublished\":\"2023-04-19T17:14:10+00:00\",\"dateModified\":\"2023-04-19T17:15:55+00:00\",\"mainEntityOfPage\":{\"@id\":\"https:\/\/www.federassantas.org.br\/novosite\/13a-edicao-do-sao-chico-cultural\/\"},\"wordCount\":282,\"commentCount\":0,\"publisher\":{\"@id\":\"https:\/\/www.federassantas.org.br\/novosite\/#organization\"},\"image\":{\"@id\":\"https:\/\/www.federassantas.org.br\/novosite\/13a-edicao-do-sao-chico-cultural\/#primaryimage\"},\"thumbnailUrl\":\"https:\/\/www.federassantas.org.br\/novosite\/wp-content\/uploads\/2023\/04\/22MAR_AGUARDE2-1.jpg\",\"keywords\":[\"Belo Horizonte\",\"Funda\u00e7\u00e3o S\u00e3o Francisco de Assis\",\"S\u00e3o Chico Cultural\"],\"articleSection\":[\"Regional Central \/ Metropolitana\"],\"inLanguage\":\"pt-BR\",\"potentialAction\":[{\"@type\":\"CommentAction\",\"name\":\"Comment\",\"target\":[\"https:\/\/www.federassantas.org.br\/novosite\/13a-edicao-do-sao-chico-cultural\/#respond\"]}]},{\"@type\":\"WebPage\",\"@id\":\"https:\/\/www.federassantas.org.br\/novosite\/13a-edicao-do-sao-chico-cultural\/\",\"url\":\"https:\/\/www.federassantas.org.br\/novosite\/13a-edicao-do-sao-chico-cultural\/\",\"name\":\"13\u00aa edi\u00e7\u00e3o do S\u00e3o Chico Cultural - Federassantas\",\"isPartOf\":{\"@id\":\"https:\/\/www.federassantas.org.br\/novosite\/#website\"},\"primaryImageOfPage\":{\"@id\":\"https:\/\/www.federassantas.org.br\/novosite\/13a-edicao-do-sao-chico-cultural\/#primaryimage\"},\"image\":{\"@id\":\"https:\/\/www.federassantas.org.br\/novosite\/13a-edicao-do-sao-chico-cultural\/#primaryimage\"},\"thumbnailUrl\":\"https:\/\/www.federassantas.org.br\/novosite\/wp-content\/uploads\/2023\/04\/22MAR_AGUARDE2-1.jpg\",\"datePublished\":\"2023-04-19T17:14:10+00:00\",\"dateModified\":\"2023-04-19T17:15:55+00:00\",\"description\":\"A Funda\u00e7\u00e3o Hospitalar S\u00e3o Francisco de Assis realiza a 13\u00aa edi\u00e7\u00e3o do projeto \u201cS\u00e3o Chico Cultural\u201d. De car\u00e1ter beneficente, ele possibilita ajudar milhares de pacientes atendidos na institui\u00e7\u00e3o, exclusivamente pelo SUS.\",\"breadcrumb\":{\"@id\":\"https:\/\/www.federassantas.org.br\/novosite\/13a-edicao-do-sao-chico-cultural\/#breadcrumb\"},\"inLanguage\":\"pt-BR\",\"potentialAction\":[{\"@type\":\"ReadAction\",\"target\":[\"https:\/\/www.federassantas.org.br\/novosite\/13a-edicao-do-sao-chico-cultural\/\"]}]},{\"@type\":\"ImageObject\",\"inLanguage\":\"pt-BR\",\"@id\":\"https:\/\/www.federassantas.org.br\/novosite\/13a-edicao-do-sao-chico-cultural\/#primaryimage\",\"url\":\"https:\/\/www.federassantas.org.br\/novosite\/wp-content\/uploads\/2023\/04\/22MAR_AGUARDE2-1.jpg\",\"contentUrl\":\"https:\/\/www.federassantas.org.br\/novosite\/wp-content\/uploads\/2023\/04\/22MAR_AGUARDE2-1.jpg\",\"width\":1080,\"height\":1080},{\"@type\":\"BreadcrumbList\",\"@id\":\"https:\/\/www.federassantas.org.br\/novosite\/13a-edicao-do-sao-chico-cultural\/#breadcrumb\",\"itemListElement\":[{\"@type\":\"ListItem\",\"position\":1,\"name\":\"In\u00edcio\",\"item\":\"https:\/\/www.federassantas.org.br\/novosite\/\"},{\"@type\":\"ListItem\",\"position\":2,\"name\":\"13\u00aa edi\u00e7\u00e3o do S\u00e3o Chico Cultural\"}]},{\"@type\":\"WebSite\",\"@id\":\"https:\/\/www.federassantas.org.br\/novosite\/#website\",\"url\":\"https:\/\/www.federassantas.org.br\/novosite\/\",\"name\":\"Federassantas\",\"description\":\"Fed. das Santas Casas e Hospitais Filantr\u00f3picos de MG\",\"publisher\":{\"@id\":\"https:\/\/www.federassantas.org.br\/novosite\/#organization\"},\"potentialAction\":[{\"@type\":\"SearchAction\",\"target\":{\"@type\":\"EntryPoint\",\"urlTemplate\":\"https:\/\/www.federassantas.org.br\/novosite\/?s={search_term_string}\"},\"query-input\":{\"@type\":\"PropertyValueSpecification\",\"valueRequired\":true,\"valueName\":\"search_term_string\"}}],\"inLanguage\":\"pt-BR\"},{\"@type\":\"Organization\",\"@id\":\"https:\/\/www.federassantas.org.br\/novosite\/#organization\",\"name\":\"Federassantas\",\"url\":\"https:\/\/www.federassantas.org.br\/novosite\/\",\"logo\":{\"@type\":\"ImageObject\",\"inLanguage\":\"pt-BR\",\"@id\":\"https:\/\/www.federassantas.org.br\/novosite\/#\/schema\/logo\/image\/\",\"url\":\"https:\/\/www.federassantas.org.br\/novosite\/wp-content\/uploads\/2021\/12\/logo.png\",\"contentUrl\":\"https:\/\/www.federassantas.org.br\/novosite\/wp-content\/uploads\/2021\/12\/logo.png\",\"width\":243,\"height\":59,\"caption\":\"Federassantas\"},\"image\":{\"@id\":\"https:\/\/www.federassantas.org.br\/novosite\/#\/schema\/logo\/image\/\"}},{\"@type\":\"Person\",\"@id\":\"https:\/\/www.federassantas.org.br\/novosite\/#\/schema\/person\/75fed98158349313fe56175f232f513c\",\"name\":\"admin-federas\",\"image\":{\"@type\":\"ImageObject\",\"inLanguage\":\"pt-BR\",\"@id\":\"https:\/\/www.federassantas.org.br\/novosite\/#\/schema\/person\/image\/\",\"url\":\"https:\/\/secure.gravatar.com\/avatar\/2a02d7dda59fe8dc6b7ffd3f652e2efede5ccf0dd89dfdc8137c5517f3de8407?s=96&d=mm&r=g\",\"contentUrl\":\"https:\/\/secure.gravatar.com\/avatar\/2a02d7dda59fe8dc6b7ffd3f652e2efede5ccf0dd89dfdc8137c5517f3de8407?s=96&d=mm&r=g\",\"caption\":\"admin-federas\"},\"sameAs\":[\"https:\/\/www.federassantas.org.br\/novosite\/\"],\"url\":\"https:\/\/www.federassantas.org.br\/novosite\/author\/admin-federas\/\"}]}<\/script>\n<!-- \/ Yoast SEO plugin. -->","yoast_head_json":{"title":"13\u00aa edi\u00e7\u00e3o do S\u00e3o Chico Cultural - Federassantas","description":"A Funda\u00e7\u00e3o Hospitalar S\u00e3o Francisco de Assis realiza a 13\u00aa edi\u00e7\u00e3o do projeto \u201cS\u00e3o Chico Cultural\u201d. De car\u00e1ter beneficente, ele possibilita ajudar milhares de pacientes atendidos na institui\u00e7\u00e3o, exclusivamente pelo SUS.","robots":{"index":"index","follow":"follow","max-snippet":"max-snippet:-1","max-image-preview":"max-image-preview:large","max-video-preview":"max-video-preview:-1"},"canonical":"https:\/\/www.federassantas.org.br\/novosite\/13a-edicao-do-sao-chico-cultural\/","og_locale":"pt_BR","og_type":"article","og_title":"13\u00aa edi\u00e7\u00e3o do S\u00e3o Chico Cultural - Federassantas","og_description":"A Funda\u00e7\u00e3o Hospitalar S\u00e3o Francisco de Assis realiza a 13\u00aa edi\u00e7\u00e3o do projeto \u201cS\u00e3o Chico Cultural\u201d. De car\u00e1ter beneficente, ele possibilita ajudar milhares de pacientes atendidos na institui\u00e7\u00e3o, exclusivamente pelo SUS.","og_url":"https:\/\/www.federassantas.org.br\/novosite\/13a-edicao-do-sao-chico-cultural\/","og_site_name":"Federassantas","article_published_time":"2023-04-19T17:14:10+00:00","article_modified_time":"2023-04-19T17:15:55+00:00","og_image":[{"width":1080,"height":1080,"url":"https:\/\/www.federassantas.org.br\/novosite\/wp-content\/uploads\/2023\/04\/22MAR_AGUARDE2-1.jpg","type":"image\/jpeg"}],"author":"admin-federas","twitter_card":"summary_large_image","twitter_misc":{"Escrito por":"admin-federas","Est. tempo de leitura":"1 minuto"},"schema":{"@context":"https:\/\/schema.org","@graph":[{"@type":"Article","@id":"https:\/\/www.federassantas.org.br\/novosite\/13a-edicao-do-sao-chico-cultural\/#article","isPartOf":{"@id":"https:\/\/www.federassantas.org.br\/novosite\/13a-edicao-do-sao-chico-cultural\/"},"author":{"name":"admin-federas","@id":"https:\/\/www.federassantas.org.br\/novosite\/#\/schema\/person\/75fed98158349313fe56175f232f513c"},"headline":"13\u00aa edi\u00e7\u00e3o do S\u00e3o Chico Cultural","datePublished":"2023-04-19T17:14:10+00:00","dateModified":"2023-04-19T17:15:55+00:00","mainEntityOfPage":{"@id":"https:\/\/www.federassantas.org.br\/novosite\/13a-edicao-do-sao-chico-cultural\/"},"wordCount":282,"commentCount":0,"publisher":{"@id":"https:\/\/www.federassantas.org.br\/novosite\/#organization"},"image":{"@id":"https:\/\/www.federassantas.org.br\/novosite\/13a-edicao-do-sao-chico-cultural\/#primaryimage"},"thumbnailUrl":"https:\/\/www.federassantas.org.br\/novosite\/wp-content\/uploads\/2023\/04\/22MAR_AGUARDE2-1.jpg","keywords":["Belo Horizonte","Funda\u00e7\u00e3o S\u00e3o Francisco de Assis","S\u00e3o Chico Cultural"],"articleSection":["Regional Central \/ Metropolitana"],"inLanguage":"pt-BR","potentialAction":[{"@type":"CommentAction","name":"Comment","target":["https:\/\/www.federassantas.org.br\/novosite\/13a-edicao-do-sao-chico-cultural\/#respond"]}]},{"@type":"WebPage","@id":"https:\/\/www.federassantas.org.br\/novosite\/13a-edicao-do-sao-chico-cultural\/","url":"https:\/\/www.federassantas.org.br\/novosite\/13a-edicao-do-sao-chico-cultural\/","name":"13\u00aa edi\u00e7\u00e3o do S\u00e3o Chico Cultural - Federassantas","isPartOf":{"@id":"https:\/\/www.federassantas.org.br\/novosite\/#website"},"primaryImageOfPage":{"@id":"https:\/\/www.federassantas.org.br\/novosite\/13a-edicao-do-sao-chico-cultural\/#primaryimage"},"image":{"@id":"https:\/\/www.federassantas.org.br\/novosite\/13a-edicao-do-sao-chico-cultural\/#primaryimage"},"thumbnailUrl":"https:\/\/www.federassantas.org.br\/novosite\/wp-content\/uploads\/2023\/04\/22MAR_AGUARDE2-1.jpg","datePublished":"2023-04-19T17:14:10+00:00","dateModified":"2023-04-19T17:15:55+00:00","description":"A Funda\u00e7\u00e3o Hospitalar S\u00e3o Francisco de Assis realiza a 13\u00aa edi\u00e7\u00e3o do projeto \u201cS\u00e3o Chico Cultural\u201d. De car\u00e1ter beneficente, ele possibilita ajudar milhares de pacientes atendidos na institui\u00e7\u00e3o, exclusivamente pelo SUS.","breadcrumb":{"@id":"https:\/\/www.federassantas.org.br\/novosite\/13a-edicao-do-sao-chico-cultural\/#breadcrumb"},"inLanguage":"pt-BR","potentialAction":[{"@type":"ReadAction","target":["https:\/\/www.federassantas.org.br\/novosite\/13a-edicao-do-sao-chico-cultural\/"]}]},{"@type":"ImageObject","inLanguage":"pt-BR","@id":"https:\/\/www.federassantas.org.br\/novosite\/13a-edicao-do-sao-chico-cultural\/#primaryimage","url":"https:\/\/www.federassantas.org.br\/novosite\/wp-content\/uploads\/2023\/04\/22MAR_AGUARDE2-1.jpg","contentUrl":"https:\/\/www.federassantas.org.br\/novosite\/wp-content\/uploads\/2023\/04\/22MAR_AGUARDE2-1.jpg","width":1080,"height":1080},{"@type":"BreadcrumbList","@id":"https:\/\/www.federassantas.org.br\/novosite\/13a-edicao-do-sao-chico-cultural\/#breadcrumb","itemListElement":[{"@type":"ListItem","position":1,"name":"In\u00edcio","item":"https:\/\/www.federassantas.org.br\/novosite\/"},{"@type":"ListItem","position":2,"name":"13\u00aa edi\u00e7\u00e3o do S\u00e3o Chico Cultural"}]},{"@type":"WebSite","@id":"https:\/\/www.federassantas.org.br\/novosite\/#website","url":"https:\/\/www.federassantas.org.br\/novosite\/","name":"Federassantas","description":"Fed. das Santas Casas e Hospitais Filantr\u00f3picos de MG","publisher":{"@id":"https:\/\/www.federassantas.org.br\/novosite\/#organization"},"potentialAction":[{"@type":"SearchAction","target":{"@type":"EntryPoint","urlTemplate":"https:\/\/www.federassantas.org.br\/novosite\/?s={search_term_string}"},"query-input":{"@type":"PropertyValueSpecification","valueRequired":true,"valueName":"search_term_string"}}],"inLanguage":"pt-BR"},{"@type":"Organization","@id":"https:\/\/www.federassantas.org.br\/novosite\/#organization","name":"Federassantas","url":"https:\/\/www.federassantas.org.br\/novosite\/","logo":{"@type":"ImageObject","inLanguage":"pt-BR","@id":"https:\/\/www.federassantas.org.br\/novosite\/#\/schema\/logo\/image\/","url":"https:\/\/www.federassantas.org.br\/novosite\/wp-content\/uploads\/2021\/12\/logo.png","contentUrl":"https:\/\/www.federassantas.org.br\/novosite\/wp-content\/uploads\/2021\/12\/logo.png","width":243,"height":59,"caption":"Federassantas"},"image":{"@id":"https:\/\/www.federassantas.org.br\/novosite\/#\/schema\/logo\/image\/"}},{"@type":"Person","@id":"https:\/\/www.federassantas.org.br\/novosite\/#\/schema\/person\/75fed98158349313fe56175f232f513c","name":"admin-federas","image":{"@type":"ImageObject","inLanguage":"pt-BR","@id":"https:\/\/www.federassantas.org.br\/novosite\/#\/schema\/person\/image\/","url":"https:\/\/secure.gravatar.com\/avatar\/2a02d7dda59fe8dc6b7ffd3f652e2efede5ccf0dd89dfdc8137c5517f3de8407?s=96&d=mm&r=g","contentUrl":"https:\/\/secure.gravatar.com\/avatar\/2a02d7dda59fe8dc6b7ffd3f652e2efede5ccf0dd89dfdc8137c5517f3de8407?s=96&d=mm&r=g","caption":"admin-federas"},"sameAs":["https:\/\/www.federassantas.org.br\/novosite\/"],"url":"https:\/\/www.federassantas.org.br\/novosite\/author\/admin-federas\/"}]}},"_links":{"self":[{"href":"https:\/\/www.federassantas.org.br\/novosite\/wp-json\/wp\/v2\/posts\/28106","targetHints":{"allow":["GET"]}}],"collection":[{"href":"https:\/\/www.federassantas.org.br\/novosite\/wp-json\/wp\/v2\/posts"}],"about":[{"href":"https:\/\/www.federassantas.org.br\/novosite\/wp-json\/wp\/v2\/types\/post"}],"author":[{"embeddable":true,"href":"https:\/\/www.federassantas.org.br\/novosite\/wp-json\/wp\/v2\/users\/1"}],"replies":[{"embeddable":true,"href":"https:\/\/www.federassantas.org.br\/novosite\/wp-json\/wp\/v2\/comments?post=28106"}],"version-history":[{"count":5,"href":"https:\/\/www.federassantas.org.br\/novosite\/wp-json\/wp\/v2\/posts\/28106\/revisions"}],"predecessor-version":[{"id":28112,"href":"https:\/\/www.federassantas.org.br\/novosite\/wp-json\/wp\/v2\/posts\/28106\/revisions\/28112"}],"wp:featuredmedia":[{"embeddable":true,"href":"https:\/\/www.federassantas.org.br\/novosite\/wp-json\/wp\/v2\/media\/28107"}],"wp:attachment":[{"href":"https:\/\/www.federassantas.org.br\/novosite\/wp-json\/wp\/v2\/media?parent=28106"}],"wp:term":[{"taxonomy":"category","embeddable":true,"href":"https:\/\/www.federassantas.org.br\/novosite\/wp-json\/wp\/v2\/categories?post=28106"},{"taxonomy":"post_tag","embeddable":true,"href":"https:\/\/www.federassantas.org.br\/novosite\/wp-json\/wp\/v2\/tags?post=28106"}],"curies":[{"name":"wp","href":"https:\/\/api.w.org\/{rel}","templated":true}]}}