{"id":28196,"date":"2023-04-25T11:13:23","date_gmt":"2023-04-25T14:13:23","guid":{"rendered":"https:\/\/www.federassantas.org.br\/novosite\/?p=28196"},"modified":"2023-04-26T14:03:56","modified_gmt":"2023-04-26T17:03:56","slug":"pre-evento-do-integra-saude-2023-apresenta-proposta-das-comissoes-tematicas","status":"publish","type":"post","link":"https:\/\/www.federassantas.org.br\/novosite\/pre-evento-do-integra-saude-2023-apresenta-proposta-das-comissoes-tematicas\/","title":{"rendered":"Pr\u00e9-evento do Integra Sa\u00fade 2023"},"content":{"rendered":"\t\t<div data-elementor-type=\"wp-post\" data-elementor-id=\"28196\" class=\"elementor elementor-28196\" data-elementor-post-type=\"post\">\n\t\t\t\t\t\t<section class=\"elementor-section elementor-top-section elementor-element elementor-element-6d1711b elementor-section-boxed elementor-section-height-default elementor-section-height-default\" data-id=\"6d1711b\" data-element_type=\"section\" data-e-type=\"section\">\n\t\t\t\t\t\t<div class=\"elementor-container elementor-column-gap-default\">\n\t\t\t\t\t<div class=\"elementor-column elementor-col-100 elementor-top-column elementor-element elementor-element-2cd09de\" data-id=\"2cd09de\" data-element_type=\"column\" data-e-type=\"column\">\n\t\t\t<div class=\"elementor-widget-wrap elementor-element-populated\">\n\t\t\t\t\t\t<div class=\"elementor-element elementor-element-68bc250 elementor-widget elementor-widget-heading\" data-id=\"68bc250\" data-element_type=\"widget\" data-e-type=\"widget\" data-widget_type=\"heading.default\">\n\t\t\t\t<div class=\"elementor-widget-container\">\n\t\t\t\t\t<h2 class=\"elementor-heading-title elementor-size-default\">Pr\u00e9-evento do Integra Sa\u00fade 2023 apresenta proposta das comiss\u00f5es tem\u00e1ticas e tem participa\u00e7\u00e3o do Secret\u00e1rio de Estado de Sa\u00fade<\/h2>\t\t\t\t<\/div>\n\t\t\t\t<\/div>\n\t\t\t\t<section class=\"elementor-section elementor-inner-section elementor-element elementor-element-020d82e elementor-section-boxed elementor-section-height-default elementor-section-height-default\" data-id=\"020d82e\" data-element_type=\"section\" data-e-type=\"section\">\n\t\t\t\t\t\t<div class=\"elementor-container elementor-column-gap-default\">\n\t\t\t\t\t<div class=\"elementor-column elementor-col-50 elementor-inner-column elementor-element elementor-element-b2f367d\" data-id=\"b2f367d\" data-element_type=\"column\" data-e-type=\"column\">\n\t\t\t<div class=\"elementor-widget-wrap elementor-element-populated\">\n\t\t\t\t\t\t<div class=\"elementor-element elementor-element-6783db1 elementor-widget__width-initial elementor-widget elementor-widget-video\" data-id=\"6783db1\" data-element_type=\"widget\" data-e-type=\"widget\" data-settings=\"{&quot;youtube_url&quot;:&quot;https:\\\/\\\/www.youtube.com\\\/watch?v=COIptKtv5GY&quot;,&quot;video_type&quot;:&quot;youtube&quot;,&quot;controls&quot;:&quot;yes&quot;}\" data-widget_type=\"video.default\">\n\t\t\t\t<div class=\"elementor-widget-container\">\n\t\t\t\t\t\t\t<div class=\"elementor-wrapper elementor-open-inline\">\n\t\t\t<div class=\"elementor-video\"><\/div>\t\t<\/div>\n\t\t\t\t\t\t<\/div>\n\t\t\t\t<\/div>\n\t\t\t\t\t<\/div>\n\t\t<\/div>\n\t\t\t\t<div class=\"elementor-column elementor-col-50 elementor-inner-column elementor-element elementor-element-2454e37\" data-id=\"2454e37\" data-element_type=\"column\" data-e-type=\"column\">\n\t\t\t<div class=\"elementor-widget-wrap elementor-element-populated\">\n\t\t\t\t\t\t<div class=\"elementor-element elementor-element-32384e4 elementor-widget__width-initial elementor-widget elementor-widget-text-editor\" data-id=\"32384e4\" data-element_type=\"widget\" data-e-type=\"widget\" data-widget_type=\"text-editor.default\">\n\t\t\t\t<div class=\"elementor-widget-container\">\n\t\t\t\t\t\t\t\t\t<p>A Federassantas promoveu na manh\u00e3 desta segunda-feira, 24, o pr\u00e9-evento on-line do Integra Sa\u00fade 2023 para apresentar as propostas de constru\u00e7\u00e3o das comiss\u00f5es tem\u00e1ticas, que tem como intuito debater a\u00e7\u00f5es de melhoria para o setor da sa\u00fade de Minas Gerais. O encontro foi apresentado pela Presidente da Federassantas, Dra. K\u00e1tia Rocha, e contou com a participa\u00e7\u00e3o do Secret\u00e1rio de Estado de Sa\u00fade de Minas Gerais, F\u00e1bio Baccheretti, al\u00e9m de gestores dos hospitais afiliados e a empresa patrocinadora do evento, Alfalagos.\u00a0<\/p>\t\t\t\t\t\t\t\t<\/div>\n\t\t\t\t<\/div>\n\t\t\t\t\t<\/div>\n\t\t<\/div>\n\t\t\t\t\t<\/div>\n\t\t<\/section>\n\t\t\t\t\t<\/div>\n\t\t<\/div>\n\t\t\t\t\t<\/div>\n\t\t<\/section>\n\t\t\t\t<section class=\"elementor-section elementor-top-section elementor-element elementor-element-99bdc2c elementor-section-boxed elementor-section-height-default elementor-section-height-default\" data-id=\"99bdc2c\" data-element_type=\"section\" data-e-type=\"section\">\n\t\t\t\t\t\t<div class=\"elementor-container elementor-column-gap-default\">\n\t\t\t\t\t<div class=\"elementor-column elementor-col-100 elementor-top-column elementor-element elementor-element-946c836\" data-id=\"946c836\" data-element_type=\"column\" data-e-type=\"column\">\n\t\t\t<div class=\"elementor-widget-wrap elementor-element-populated\">\n\t\t\t\t\t\t<div class=\"elementor-element elementor-element-64b39dd elementor-widget elementor-widget-text-editor\" data-id=\"64b39dd\" data-element_type=\"widget\" data-e-type=\"widget\" data-widget_type=\"text-editor.default\">\n\t\t\t\t<div class=\"elementor-widget-container\">\n\t\t\t\t\t\t\t\t\t<p>O Secret\u00e1rio de Estado de Sa\u00fade de Minas Gerais, F\u00e1bio Baccheretti, refor\u00e7ou a discuss\u00e3o dos recursos destinados aos hospitais filantr\u00f3picos. \u201c\u00c9 um novo momento para Minas Gerais, j\u00e1 que ser\u00e3o destinados mais recursos para onde se faz mais. Al\u00e9m de olharmos a qualidade, Estado, Munic\u00edpio e Governo Federal t\u00eam que agir juntos para que a gente tenha converg\u00eancia das for\u00e7as e o resultado seja melhor alcan\u00e7ado. No evento iremos discutir o novo decreto n\u00b048.600 que nos d\u00e1 a ferramenta legal para que a gente melhore a forma de repassar recursos atrav\u00e9s especialmente da contrapresta\u00e7\u00e3o de servi\u00e7o. Isso significa que os hospitais ter\u00e3o maior previsibilidade, principalmente aqueles que est\u00e3o em munic\u00edpios plenos\u201d, destaca.<\/p>\n<p>A 10\u00aa edi\u00e7\u00e3o do Integra Sa\u00fade tem como tema central a \u201cConstru\u00e7\u00e3o para o SUS que queremos\u201d e contar\u00e1 com cinco comiss\u00f5es tem\u00e1ticas focadas nas necessidades do setor da sa\u00fade, sendo elas: modelos de remunera\u00e7\u00e3o\/receita; urg\u00eancia e emerg\u00eancia; atendimentos eletivos; hospitais especializados x demandas regionais e qualidade x seguran\u00e7a do paciente. Al\u00e9m disso, tamb\u00e9m ser\u00e1 debatida a Reforma Tribut\u00e1ria do governo federal e o seu impacto para a rede de hospitais beneficentes. O evento pretende debater propostas de melhorias para o SUS e apresentar \u00e0s autoridades o documento constru\u00eddo em conjunto com os gestores dos hospitais filiados.<\/p>\n<p>O pr\u00f3ximo encontro para apresenta\u00e7\u00e3o e avalia\u00e7\u00e3o das preposi\u00e7\u00f5es das comiss\u00f5es tem\u00e1ticas acontece no dia 3 de maio. Participe deste momento de busca para solu\u00e7\u00f5es do setor da sa\u00fade <a href=\"https:\/\/docs.google.com\/forms\/d\/e\/1FAIpQLSc_G7WzPOO1X1FvtzdRmtSmcCeuz7367OS-bgccoeDi9pZzsQ\/viewform\">clicando aqui<\/a>.<\/p>\t\t\t\t\t\t\t\t<\/div>\n\t\t\t\t<\/div>\n\t\t\t\t\t<\/div>\n\t\t<\/div>\n\t\t\t\t\t<\/div>\n\t\t<\/section>\n\t\t\t\t<\/div>\n\t\t","protected":false},"excerpt":{"rendered":"<p>Pr\u00e9-evento do Integra Sa\u00fade 2023 apresenta proposta das comiss\u00f5es tem\u00e1ticas e tem participa\u00e7\u00e3o do Secret\u00e1rio de Estado de Sa\u00fade https:\/\/www.youtube.com\/watch?v=COIptKtv5GY A Federassantas promoveu na manh\u00e3 desta segunda-feira, 24, o pr\u00e9-evento on-line do Integra Sa\u00fade 2023 para apresentar as propostas de constru\u00e7\u00e3o das comiss\u00f5es tem\u00e1ticas, que tem como intuito debater a\u00e7\u00f5es de melhoria para o setor [&hellip;]<\/p>\n","protected":false},"author":1,"featured_media":28197,"comment_status":"open","ping_status":"open","sticky":false,"template":"","format":"standard","meta":{"footnotes":""},"categories":[177,140,141],"tags":[291,289,290],"class_list":["post-28196","post","type-post","status-publish","format-standard","has-post-thumbnail","hentry","category-eventos","category-noticias","category-noticias-federassantas","tag-comissoes-tematicas","tag-integra-saude-2023","tag-pre-evento"],"yoast_head":"<!-- This site is optimized with the Yoast SEO plugin v26.9 - https:\/\/yoast.com\/product\/yoast-seo-wordpress\/ -->\n<title>Pr\u00e9-evento do Integra Sa\u00fade 2023 - Federassantas<\/title>\n<meta name=\"description\" content=\"A Federassantas promoveu na manh\u00e3 desta segunda-feira, 24, o pr\u00e9-evento on-line do Integra Sa\u00fade 2023 para apresentar as propostas de constru\u00e7\u00e3o das comiss\u00f5es tem\u00e1ticas, que tem como intuito debater a\u00e7\u00f5es de melhoria para o setor da sa\u00fade de Minas Gerais.\" \/>\n<meta name=\"robots\" content=\"index, follow, max-snippet:-1, max-image-preview:large, max-video-preview:-1\" \/>\n<link rel=\"canonical\" href=\"https:\/\/www.federassantas.org.br\/novosite\/pre-evento-do-integra-saude-2023-apresenta-proposta-das-comissoes-tematicas\/\" \/>\n<meta property=\"og:locale\" content=\"pt_BR\" \/>\n<meta property=\"og:type\" content=\"article\" \/>\n<meta property=\"og:title\" content=\"Pr\u00e9-evento do Integra Sa\u00fade 2023 - Federassantas\" \/>\n<meta property=\"og:description\" content=\"A Federassantas promoveu na manh\u00e3 desta segunda-feira, 24, o pr\u00e9-evento on-line do Integra Sa\u00fade 2023 para apresentar as propostas de constru\u00e7\u00e3o das comiss\u00f5es tem\u00e1ticas, que tem como intuito debater a\u00e7\u00f5es de melhoria para o setor da sa\u00fade de Minas Gerais.\" \/>\n<meta property=\"og:url\" content=\"https:\/\/www.federassantas.org.br\/novosite\/pre-evento-do-integra-saude-2023-apresenta-proposta-das-comissoes-tematicas\/\" \/>\n<meta property=\"og:site_name\" content=\"Federassantas\" \/>\n<meta property=\"article:published_time\" content=\"2023-04-25T14:13:23+00:00\" \/>\n<meta property=\"article:modified_time\" content=\"2023-04-26T17:03:56+00:00\" \/>\n<meta property=\"og:image\" content=\"https:\/\/www.federassantas.org.br\/novosite\/wp-content\/uploads\/2023\/04\/Captura-de-tela-2023-04-24-1124041.png\" \/>\n\t<meta property=\"og:image:width\" content=\"1016\" \/>\n\t<meta property=\"og:image:height\" content=\"547\" \/>\n\t<meta property=\"og:image:type\" content=\"image\/png\" \/>\n<meta name=\"author\" content=\"admin-federas\" \/>\n<meta name=\"twitter:card\" content=\"summary_large_image\" \/>\n<meta name=\"twitter:label1\" content=\"Escrito por\" \/>\n\t<meta name=\"twitter:data1\" content=\"admin-federas\" \/>\n\t<meta name=\"twitter:label2\" content=\"Est. tempo de leitura\" \/>\n\t<meta name=\"twitter:data2\" content=\"2 minutos\" \/>\n<script type=\"application\/ld+json\" class=\"yoast-schema-graph\">{\"@context\":\"https:\/\/schema.org\",\"@graph\":[{\"@type\":\"Article\",\"@id\":\"https:\/\/www.federassantas.org.br\/novosite\/pre-evento-do-integra-saude-2023-apresenta-proposta-das-comissoes-tematicas\/#article\",\"isPartOf\":{\"@id\":\"https:\/\/www.federassantas.org.br\/novosite\/pre-evento-do-integra-saude-2023-apresenta-proposta-das-comissoes-tematicas\/\"},\"author\":{\"name\":\"admin-federas\",\"@id\":\"https:\/\/www.federassantas.org.br\/novosite\/#\/schema\/person\/75fed98158349313fe56175f232f513c\"},\"headline\":\"Pr\u00e9-evento do Integra Sa\u00fade 2023\",\"datePublished\":\"2023-04-25T14:13:23+00:00\",\"dateModified\":\"2023-04-26T17:03:56+00:00\",\"mainEntityOfPage\":{\"@id\":\"https:\/\/www.federassantas.org.br\/novosite\/pre-evento-do-integra-saude-2023-apresenta-proposta-das-comissoes-tematicas\/\"},\"wordCount\":408,\"commentCount\":0,\"publisher\":{\"@id\":\"https:\/\/www.federassantas.org.br\/novosite\/#organization\"},\"image\":{\"@id\":\"https:\/\/www.federassantas.org.br\/novosite\/pre-evento-do-integra-saude-2023-apresenta-proposta-das-comissoes-tematicas\/#primaryimage\"},\"thumbnailUrl\":\"https:\/\/www.federassantas.org.br\/novosite\/wp-content\/uploads\/2023\/04\/Captura-de-tela-2023-04-24-1124041.png\",\"keywords\":[\"Comiss\u00f5es Tem\u00e1ticas\",\"Integra Sa\u00fade 2023\",\"Pr\u00e9-evento\"],\"articleSection\":[\"Eventos\",\"Not\u00edcias\",\"Not\u00edcias Federassantas\"],\"inLanguage\":\"pt-BR\",\"potentialAction\":[{\"@type\":\"CommentAction\",\"name\":\"Comment\",\"target\":[\"https:\/\/www.federassantas.org.br\/novosite\/pre-evento-do-integra-saude-2023-apresenta-proposta-das-comissoes-tematicas\/#respond\"]}]},{\"@type\":\"WebPage\",\"@id\":\"https:\/\/www.federassantas.org.br\/novosite\/pre-evento-do-integra-saude-2023-apresenta-proposta-das-comissoes-tematicas\/\",\"url\":\"https:\/\/www.federassantas.org.br\/novosite\/pre-evento-do-integra-saude-2023-apresenta-proposta-das-comissoes-tematicas\/\",\"name\":\"Pr\u00e9-evento do Integra Sa\u00fade 2023 - Federassantas\",\"isPartOf\":{\"@id\":\"https:\/\/www.federassantas.org.br\/novosite\/#website\"},\"primaryImageOfPage\":{\"@id\":\"https:\/\/www.federassantas.org.br\/novosite\/pre-evento-do-integra-saude-2023-apresenta-proposta-das-comissoes-tematicas\/#primaryimage\"},\"image\":{\"@id\":\"https:\/\/www.federassantas.org.br\/novosite\/pre-evento-do-integra-saude-2023-apresenta-proposta-das-comissoes-tematicas\/#primaryimage\"},\"thumbnailUrl\":\"https:\/\/www.federassantas.org.br\/novosite\/wp-content\/uploads\/2023\/04\/Captura-de-tela-2023-04-24-1124041.png\",\"datePublished\":\"2023-04-25T14:13:23+00:00\",\"dateModified\":\"2023-04-26T17:03:56+00:00\",\"description\":\"A Federassantas promoveu na manh\u00e3 desta segunda-feira, 24, o pr\u00e9-evento on-line do Integra Sa\u00fade 2023 para apresentar as propostas de constru\u00e7\u00e3o das comiss\u00f5es tem\u00e1ticas, que tem como intuito debater a\u00e7\u00f5es de melhoria para o setor da sa\u00fade de Minas Gerais.\",\"breadcrumb\":{\"@id\":\"https:\/\/www.federassantas.org.br\/novosite\/pre-evento-do-integra-saude-2023-apresenta-proposta-das-comissoes-tematicas\/#breadcrumb\"},\"inLanguage\":\"pt-BR\",\"potentialAction\":[{\"@type\":\"ReadAction\",\"target\":[\"https:\/\/www.federassantas.org.br\/novosite\/pre-evento-do-integra-saude-2023-apresenta-proposta-das-comissoes-tematicas\/\"]}]},{\"@type\":\"ImageObject\",\"inLanguage\":\"pt-BR\",\"@id\":\"https:\/\/www.federassantas.org.br\/novosite\/pre-evento-do-integra-saude-2023-apresenta-proposta-das-comissoes-tematicas\/#primaryimage\",\"url\":\"https:\/\/www.federassantas.org.br\/novosite\/wp-content\/uploads\/2023\/04\/Captura-de-tela-2023-04-24-1124041.png\",\"contentUrl\":\"https:\/\/www.federassantas.org.br\/novosite\/wp-content\/uploads\/2023\/04\/Captura-de-tela-2023-04-24-1124041.png\",\"width\":1016,\"height\":547},{\"@type\":\"BreadcrumbList\",\"@id\":\"https:\/\/www.federassantas.org.br\/novosite\/pre-evento-do-integra-saude-2023-apresenta-proposta-das-comissoes-tematicas\/#breadcrumb\",\"itemListElement\":[{\"@type\":\"ListItem\",\"position\":1,\"name\":\"In\u00edcio\",\"item\":\"https:\/\/www.federassantas.org.br\/novosite\/\"},{\"@type\":\"ListItem\",\"position\":2,\"name\":\"Pr\u00e9-evento do Integra Sa\u00fade 2023\"}]},{\"@type\":\"WebSite\",\"@id\":\"https:\/\/www.federassantas.org.br\/novosite\/#website\",\"url\":\"https:\/\/www.federassantas.org.br\/novosite\/\",\"name\":\"Federassantas\",\"description\":\"Fed. das Santas Casas e Hospitais Filantr\u00f3picos de MG\",\"publisher\":{\"@id\":\"https:\/\/www.federassantas.org.br\/novosite\/#organization\"},\"potentialAction\":[{\"@type\":\"SearchAction\",\"target\":{\"@type\":\"EntryPoint\",\"urlTemplate\":\"https:\/\/www.federassantas.org.br\/novosite\/?s={search_term_string}\"},\"query-input\":{\"@type\":\"PropertyValueSpecification\",\"valueRequired\":true,\"valueName\":\"search_term_string\"}}],\"inLanguage\":\"pt-BR\"},{\"@type\":\"Organization\",\"@id\":\"https:\/\/www.federassantas.org.br\/novosite\/#organization\",\"name\":\"Federassantas\",\"url\":\"https:\/\/www.federassantas.org.br\/novosite\/\",\"logo\":{\"@type\":\"ImageObject\",\"inLanguage\":\"pt-BR\",\"@id\":\"https:\/\/www.federassantas.org.br\/novosite\/#\/schema\/logo\/image\/\",\"url\":\"https:\/\/www.federassantas.org.br\/novosite\/wp-content\/uploads\/2021\/12\/logo.png\",\"contentUrl\":\"https:\/\/www.federassantas.org.br\/novosite\/wp-content\/uploads\/2021\/12\/logo.png\",\"width\":243,\"height\":59,\"caption\":\"Federassantas\"},\"image\":{\"@id\":\"https:\/\/www.federassantas.org.br\/novosite\/#\/schema\/logo\/image\/\"}},{\"@type\":\"Person\",\"@id\":\"https:\/\/www.federassantas.org.br\/novosite\/#\/schema\/person\/75fed98158349313fe56175f232f513c\",\"name\":\"admin-federas\",\"image\":{\"@type\":\"ImageObject\",\"inLanguage\":\"pt-BR\",\"@id\":\"https:\/\/www.federassantas.org.br\/novosite\/#\/schema\/person\/image\/\",\"url\":\"https:\/\/secure.gravatar.com\/avatar\/2a02d7dda59fe8dc6b7ffd3f652e2efede5ccf0dd89dfdc8137c5517f3de8407?s=96&d=mm&r=g\",\"contentUrl\":\"https:\/\/secure.gravatar.com\/avatar\/2a02d7dda59fe8dc6b7ffd3f652e2efede5ccf0dd89dfdc8137c5517f3de8407?s=96&d=mm&r=g\",\"caption\":\"admin-federas\"},\"sameAs\":[\"https:\/\/www.federassantas.org.br\/novosite\/\"],\"url\":\"https:\/\/www.federassantas.org.br\/novosite\/author\/admin-federas\/\"}]}<\/script>\n<!-- \/ Yoast SEO plugin. -->","yoast_head_json":{"title":"Pr\u00e9-evento do Integra Sa\u00fade 2023 - Federassantas","description":"A Federassantas promoveu na manh\u00e3 desta segunda-feira, 24, o pr\u00e9-evento on-line do Integra Sa\u00fade 2023 para apresentar as propostas de constru\u00e7\u00e3o das comiss\u00f5es tem\u00e1ticas, que tem como intuito debater a\u00e7\u00f5es de melhoria para o setor da sa\u00fade de Minas Gerais.","robots":{"index":"index","follow":"follow","max-snippet":"max-snippet:-1","max-image-preview":"max-image-preview:large","max-video-preview":"max-video-preview:-1"},"canonical":"https:\/\/www.federassantas.org.br\/novosite\/pre-evento-do-integra-saude-2023-apresenta-proposta-das-comissoes-tematicas\/","og_locale":"pt_BR","og_type":"article","og_title":"Pr\u00e9-evento do Integra Sa\u00fade 2023 - Federassantas","og_description":"A Federassantas promoveu na manh\u00e3 desta segunda-feira, 24, o pr\u00e9-evento on-line do Integra Sa\u00fade 2023 para apresentar as propostas de constru\u00e7\u00e3o das comiss\u00f5es tem\u00e1ticas, que tem como intuito debater a\u00e7\u00f5es de melhoria para o setor da sa\u00fade de Minas Gerais.","og_url":"https:\/\/www.federassantas.org.br\/novosite\/pre-evento-do-integra-saude-2023-apresenta-proposta-das-comissoes-tematicas\/","og_site_name":"Federassantas","article_published_time":"2023-04-25T14:13:23+00:00","article_modified_time":"2023-04-26T17:03:56+00:00","og_image":[{"width":1016,"height":547,"url":"https:\/\/www.federassantas.org.br\/novosite\/wp-content\/uploads\/2023\/04\/Captura-de-tela-2023-04-24-1124041.png","type":"image\/png"}],"author":"admin-federas","twitter_card":"summary_large_image","twitter_misc":{"Escrito por":"admin-federas","Est. tempo de leitura":"2 minutos"},"schema":{"@context":"https:\/\/schema.org","@graph":[{"@type":"Article","@id":"https:\/\/www.federassantas.org.br\/novosite\/pre-evento-do-integra-saude-2023-apresenta-proposta-das-comissoes-tematicas\/#article","isPartOf":{"@id":"https:\/\/www.federassantas.org.br\/novosite\/pre-evento-do-integra-saude-2023-apresenta-proposta-das-comissoes-tematicas\/"},"author":{"name":"admin-federas","@id":"https:\/\/www.federassantas.org.br\/novosite\/#\/schema\/person\/75fed98158349313fe56175f232f513c"},"headline":"Pr\u00e9-evento do Integra Sa\u00fade 2023","datePublished":"2023-04-25T14:13:23+00:00","dateModified":"2023-04-26T17:03:56+00:00","mainEntityOfPage":{"@id":"https:\/\/www.federassantas.org.br\/novosite\/pre-evento-do-integra-saude-2023-apresenta-proposta-das-comissoes-tematicas\/"},"wordCount":408,"commentCount":0,"publisher":{"@id":"https:\/\/www.federassantas.org.br\/novosite\/#organization"},"image":{"@id":"https:\/\/www.federassantas.org.br\/novosite\/pre-evento-do-integra-saude-2023-apresenta-proposta-das-comissoes-tematicas\/#primaryimage"},"thumbnailUrl":"https:\/\/www.federassantas.org.br\/novosite\/wp-content\/uploads\/2023\/04\/Captura-de-tela-2023-04-24-1124041.png","keywords":["Comiss\u00f5es Tem\u00e1ticas","Integra Sa\u00fade 2023","Pr\u00e9-evento"],"articleSection":["Eventos","Not\u00edcias","Not\u00edcias Federassantas"],"inLanguage":"pt-BR","potentialAction":[{"@type":"CommentAction","name":"Comment","target":["https:\/\/www.federassantas.org.br\/novosite\/pre-evento-do-integra-saude-2023-apresenta-proposta-das-comissoes-tematicas\/#respond"]}]},{"@type":"WebPage","@id":"https:\/\/www.federassantas.org.br\/novosite\/pre-evento-do-integra-saude-2023-apresenta-proposta-das-comissoes-tematicas\/","url":"https:\/\/www.federassantas.org.br\/novosite\/pre-evento-do-integra-saude-2023-apresenta-proposta-das-comissoes-tematicas\/","name":"Pr\u00e9-evento do Integra Sa\u00fade 2023 - Federassantas","isPartOf":{"@id":"https:\/\/www.federassantas.org.br\/novosite\/#website"},"primaryImageOfPage":{"@id":"https:\/\/www.federassantas.org.br\/novosite\/pre-evento-do-integra-saude-2023-apresenta-proposta-das-comissoes-tematicas\/#primaryimage"},"image":{"@id":"https:\/\/www.federassantas.org.br\/novosite\/pre-evento-do-integra-saude-2023-apresenta-proposta-das-comissoes-tematicas\/#primaryimage"},"thumbnailUrl":"https:\/\/www.federassantas.org.br\/novosite\/wp-content\/uploads\/2023\/04\/Captura-de-tela-2023-04-24-1124041.png","datePublished":"2023-04-25T14:13:23+00:00","dateModified":"2023-04-26T17:03:56+00:00","description":"A Federassantas promoveu na manh\u00e3 desta segunda-feira, 24, o pr\u00e9-evento on-line do Integra Sa\u00fade 2023 para apresentar as propostas de constru\u00e7\u00e3o das comiss\u00f5es tem\u00e1ticas, que tem como intuito debater a\u00e7\u00f5es de melhoria para o setor da sa\u00fade de Minas Gerais.","breadcrumb":{"@id":"https:\/\/www.federassantas.org.br\/novosite\/pre-evento-do-integra-saude-2023-apresenta-proposta-das-comissoes-tematicas\/#breadcrumb"},"inLanguage":"pt-BR","potentialAction":[{"@type":"ReadAction","target":["https:\/\/www.federassantas.org.br\/novosite\/pre-evento-do-integra-saude-2023-apresenta-proposta-das-comissoes-tematicas\/"]}]},{"@type":"ImageObject","inLanguage":"pt-BR","@id":"https:\/\/www.federassantas.org.br\/novosite\/pre-evento-do-integra-saude-2023-apresenta-proposta-das-comissoes-tematicas\/#primaryimage","url":"https:\/\/www.federassantas.org.br\/novosite\/wp-content\/uploads\/2023\/04\/Captura-de-tela-2023-04-24-1124041.png","contentUrl":"https:\/\/www.federassantas.org.br\/novosite\/wp-content\/uploads\/2023\/04\/Captura-de-tela-2023-04-24-1124041.png","width":1016,"height":547},{"@type":"BreadcrumbList","@id":"https:\/\/www.federassantas.org.br\/novosite\/pre-evento-do-integra-saude-2023-apresenta-proposta-das-comissoes-tematicas\/#breadcrumb","itemListElement":[{"@type":"ListItem","position":1,"name":"In\u00edcio","item":"https:\/\/www.federassantas.org.br\/novosite\/"},{"@type":"ListItem","position":2,"name":"Pr\u00e9-evento do Integra Sa\u00fade 2023"}]},{"@type":"WebSite","@id":"https:\/\/www.federassantas.org.br\/novosite\/#website","url":"https:\/\/www.federassantas.org.br\/novosite\/","name":"Federassantas","description":"Fed. das Santas Casas e Hospitais Filantr\u00f3picos de MG","publisher":{"@id":"https:\/\/www.federassantas.org.br\/novosite\/#organization"},"potentialAction":[{"@type":"SearchAction","target":{"@type":"EntryPoint","urlTemplate":"https:\/\/www.federassantas.org.br\/novosite\/?s={search_term_string}"},"query-input":{"@type":"PropertyValueSpecification","valueRequired":true,"valueName":"search_term_string"}}],"inLanguage":"pt-BR"},{"@type":"Organization","@id":"https:\/\/www.federassantas.org.br\/novosite\/#organization","name":"Federassantas","url":"https:\/\/www.federassantas.org.br\/novosite\/","logo":{"@type":"ImageObject","inLanguage":"pt-BR","@id":"https:\/\/www.federassantas.org.br\/novosite\/#\/schema\/logo\/image\/","url":"https:\/\/www.federassantas.org.br\/novosite\/wp-content\/uploads\/2021\/12\/logo.png","contentUrl":"https:\/\/www.federassantas.org.br\/novosite\/wp-content\/uploads\/2021\/12\/logo.png","width":243,"height":59,"caption":"Federassantas"},"image":{"@id":"https:\/\/www.federassantas.org.br\/novosite\/#\/schema\/logo\/image\/"}},{"@type":"Person","@id":"https:\/\/www.federassantas.org.br\/novosite\/#\/schema\/person\/75fed98158349313fe56175f232f513c","name":"admin-federas","image":{"@type":"ImageObject","inLanguage":"pt-BR","@id":"https:\/\/www.federassantas.org.br\/novosite\/#\/schema\/person\/image\/","url":"https:\/\/secure.gravatar.com\/avatar\/2a02d7dda59fe8dc6b7ffd3f652e2efede5ccf0dd89dfdc8137c5517f3de8407?s=96&d=mm&r=g","contentUrl":"https:\/\/secure.gravatar.com\/avatar\/2a02d7dda59fe8dc6b7ffd3f652e2efede5ccf0dd89dfdc8137c5517f3de8407?s=96&d=mm&r=g","caption":"admin-federas"},"sameAs":["https:\/\/www.federassantas.org.br\/novosite\/"],"url":"https:\/\/www.federassantas.org.br\/novosite\/author\/admin-federas\/"}]}},"_links":{"self":[{"href":"https:\/\/www.federassantas.org.br\/novosite\/wp-json\/wp\/v2\/posts\/28196","targetHints":{"allow":["GET"]}}],"collection":[{"href":"https:\/\/www.federassantas.org.br\/novosite\/wp-json\/wp\/v2\/posts"}],"about":[{"href":"https:\/\/www.federassantas.org.br\/novosite\/wp-json\/wp\/v2\/types\/post"}],"author":[{"embeddable":true,"href":"https:\/\/www.federassantas.org.br\/novosite\/wp-json\/wp\/v2\/users\/1"}],"replies":[{"embeddable":true,"href":"https:\/\/www.federassantas.org.br\/novosite\/wp-json\/wp\/v2\/comments?post=28196"}],"version-history":[{"count":21,"href":"https:\/\/www.federassantas.org.br\/novosite\/wp-json\/wp\/v2\/posts\/28196\/revisions"}],"predecessor-version":[{"id":28244,"href":"https:\/\/www.federassantas.org.br\/novosite\/wp-json\/wp\/v2\/posts\/28196\/revisions\/28244"}],"wp:featuredmedia":[{"embeddable":true,"href":"https:\/\/www.federassantas.org.br\/novosite\/wp-json\/wp\/v2\/media\/28197"}],"wp:attachment":[{"href":"https:\/\/www.federassantas.org.br\/novosite\/wp-json\/wp\/v2\/media?parent=28196"}],"wp:term":[{"taxonomy":"category","embeddable":true,"href":"https:\/\/www.federassantas.org.br\/novosite\/wp-json\/wp\/v2\/categories?post=28196"},{"taxonomy":"post_tag","embeddable":true,"href":"https:\/\/www.federassantas.org.br\/novosite\/wp-json\/wp\/v2\/tags?post=28196"}],"curies":[{"name":"wp","href":"https:\/\/api.w.org\/{rel}","templated":true}]}}