{"id":28397,"date":"2023-05-16T10:15:17","date_gmt":"2023-05-16T13:15:17","guid":{"rendered":"https:\/\/www.federassantas.org.br\/novosite\/?p=28397"},"modified":"2023-05-16T11:11:44","modified_gmt":"2023-05-16T14:11:44","slug":"dia-mundial-de-higiene-das-maos","status":"publish","type":"post","link":"https:\/\/www.federassantas.org.br\/novosite\/dia-mundial-de-higiene-das-maos\/","title":{"rendered":"Dia Mundial de Higiene das M\u00e3os"},"content":{"rendered":"\t\t<div data-elementor-type=\"wp-post\" data-elementor-id=\"28397\" class=\"elementor elementor-28397\" data-elementor-post-type=\"post\">\n\t\t\t\t\t\t<section class=\"elementor-section elementor-top-section elementor-element elementor-element-23bbc61 elementor-section-boxed elementor-section-height-default elementor-section-height-default\" data-id=\"23bbc61\" data-element_type=\"section\" data-e-type=\"section\">\n\t\t\t\t\t\t<div class=\"elementor-container elementor-column-gap-default\">\n\t\t\t\t\t<div class=\"elementor-column elementor-col-100 elementor-top-column elementor-element elementor-element-2afd4ae\" data-id=\"2afd4ae\" data-element_type=\"column\" data-e-type=\"column\">\n\t\t\t<div class=\"elementor-widget-wrap elementor-element-populated\">\n\t\t\t\t\t\t<div class=\"elementor-element elementor-element-74c3bf8 elementor-widget elementor-widget-heading\" data-id=\"74c3bf8\" data-element_type=\"widget\" data-e-type=\"widget\" data-widget_type=\"heading.default\">\n\t\t\t\t<div class=\"elementor-widget-container\">\n\t\t\t\t\t<h2 class=\"elementor-heading-title elementor-size-default\">Santa Casa de Po\u00e7os de Caldas realiza a\u00e7\u00e3o do Dia Mundial de Higiene das M\u00e3os\n\n<\/h2>\t\t\t\t<\/div>\n\t\t\t\t<\/div>\n\t\t\t\t\t<\/div>\n\t\t<\/div>\n\t\t\t\t\t<\/div>\n\t\t<\/section>\n\t\t\t\t<section class=\"elementor-section elementor-top-section elementor-element elementor-element-d14f9c0 elementor-section-boxed elementor-section-height-default elementor-section-height-default\" data-id=\"d14f9c0\" data-element_type=\"section\" data-e-type=\"section\">\n\t\t\t\t\t\t<div class=\"elementor-container elementor-column-gap-default\">\n\t\t\t\t\t<div class=\"elementor-column elementor-col-100 elementor-top-column elementor-element elementor-element-48bd5ca\" data-id=\"48bd5ca\" data-element_type=\"column\" data-e-type=\"column\">\n\t\t\t<div class=\"elementor-widget-wrap elementor-element-populated\">\n\t\t\t\t\t\t<div class=\"elementor-element elementor-element-4b7ea31 elementor-widget elementor-widget-text-editor\" data-id=\"4b7ea31\" data-element_type=\"widget\" data-e-type=\"widget\" data-widget_type=\"text-editor.default\">\n\t\t\t\t<div class=\"elementor-widget-container\">\n\t\t\t\t\t\t\t\t\t<p>No dia 5 de maio foi comemorado o Dia Mundial da Higiene das M\u00e3os, que tem como objetivos conscientizar, promover, dar visibilidade e sustentabilidade a esse tema nos cuidados de sa\u00fade, unindo as pessoas em apoio a melhoria da higiene das m\u00e3os em todo o mundo.<\/p><p>Dessa forma, na \u00faltima quinta e sexta-feira, 04 e 05, a Comiss\u00e3o de Controle de Infec\u00e7\u00f5es Hospitalares do Hospital, CCIH, realizou um grande evento no estacionamento da Santa Casa para conscientizar os colaboradores sobre esse tema t\u00e3o importante.\u00a0<\/p><p>\u201cN\u00f3s chamamos todas as equipes aqui para a \u00e1rea externa do Hospital e realizamos uma din\u00e2mica com eles, onde mostramos a import\u00e2ncia de higienizar as m\u00e3os na forma correta e usar as luvas de maneira adequada, depois colocamos os profissionais em uma plataforma 360\u00ba, onde foram feito v\u00eddeos de conscientiza\u00e7\u00e3o que ficaram bem bacanas e tamb\u00e9m demos lembrancinhas como maneira de agradecimento a participa\u00e7\u00e3o deles\u201d, explica a enfermeira da CCIH, Priscila Ariana.\u00a0<\/p><p>A enfermeira especialista em controle de infec\u00e7\u00f5es destaca ainda que a Higieniza\u00e7\u00e3o das M\u00e3os \u00e9 importante porque \u00e9 a principal, menos dispendiosa e mais eficaz ferramenta para reduzir infec\u00e7\u00f5es dentro do Hospital. Segundo ela, as m\u00e3os tanto podem ser um ve\u00edculo para levar a doen\u00e7a, mas tamb\u00e9m, principalmente, com sua higieniza\u00e7\u00e3o correta, \u00e9 um instrumento que salva vidas.\u00a0<\/p><p>\u201cEnquanto profissionais de sa\u00fade a gente tem uma t\u00e9cnica onde precisamos que as m\u00e3os n\u00e3o tenham adorno, com unhas curtas. Temos um movimento, uma t\u00e9cnica adequada para higienizar as m\u00e3os. Falamos muito em rela\u00e7\u00e3o aos cinco momentos da assist\u00eancia ao paciente: antes de tocar o paciente, ap\u00f3s tocar o paciente, antes de procedimentos ass\u00e9pticos, ap\u00f3s a exposi\u00e7\u00e3o de flu\u00eddos corp\u00f3reos e ap\u00f3s a regi\u00f5es pr\u00f3ximas aos pacientes. Os profissionais precisam estar treinados para realizar a higieniza\u00e7\u00e3o das m\u00e3os\u201d, completa Priscila.\u00a0<\/p><p>A enfermeira do setor de Oncologia da Santa Casa, Erica Cristina Rodrigues, participou do evento e destacou a import\u00e2ncia da higieniza\u00e7\u00e3o das m\u00e3os em um setor em que os pacientes est\u00e3o t\u00e3o debilitados.\u00a0\u00a0\u00a0<\/p><p>\u201cOs nossos pacientes s\u00e3o pacientes imunodeprimidos, s\u00e3o pacientes neutrop\u00eanicos, que a maioria est\u00e1 em tratamento de radio e quimioterapia, eles t\u00eam uma imunidade mais baixa. Por isso \u00e9 muito importante a gente manter essa reciclagem, justamente porque para eles uma infec\u00e7\u00e3o pode ser fatal. Ent\u00e3o, enfatizamos muito a quest\u00e3o da lavagem das m\u00e3os para n\u00e3o ter infec\u00e7\u00e3o cruzada\u201d, disse Erica.<\/p><p>O Dia Mundial de Higieniza\u00e7\u00e3o das M\u00e3os da Santa Casa contou com o apoio da Secretaria de Esportes de Po\u00e7os de Caldas, Unimed Po\u00e7os, Atena Higiene, Brassen, Eurofarma, L\u00edder Vale e Grupo Ecoclin. O Hospital agradece tamb\u00e9m \u00e0 equipe m\u00e9dica que colaborou com o evento: Dra. Cibele, Dr. Daniel, Dra. Deyse, Dr. Jo\u00e3o Guilherme, Dra Ana Beatriz, Dra. Mayra e Dra Val\u00e9ria.<\/p><p style=\"font-size: 14.4px;\">Assessoria de Imprensa: Isabella Maria Ara\u00fajo Amaral\u00a0\u00a0<\/p><p style=\"font-size: 14.4px;\"><em>Gostaria de divulgar informa\u00e7\u00f5es do seu hospital no site da Federassantas? Acesse a\u00a0<a href=\"https:\/\/www.federassantas.org.br\/novosite\/comunicacao\/\">p\u00e1gina da comunica\u00e7\u00e3o<\/a>\u00a0e nos envie o seu release.<\/em><\/p>\t\t\t\t\t\t\t\t<\/div>\n\t\t\t\t<\/div>\n\t\t\t\t\t<\/div>\n\t\t<\/div>\n\t\t\t\t\t<\/div>\n\t\t<\/section>\n\t\t\t\t<section class=\"elementor-section elementor-top-section elementor-element elementor-element-f00661a elementor-section-boxed elementor-section-height-default elementor-section-height-default\" data-id=\"f00661a\" data-element_type=\"section\" data-e-type=\"section\">\n\t\t\t\t\t\t<div class=\"elementor-container elementor-column-gap-default\">\n\t\t\t\t\t<div class=\"elementor-column elementor-col-100 elementor-top-column elementor-element elementor-element-152048a\" data-id=\"152048a\" data-element_type=\"column\" data-e-type=\"column\">\n\t\t\t<div class=\"elementor-widget-wrap elementor-element-populated\">\n\t\t\t\t\t\t<div class=\"elementor-element elementor-element-fd5562a elementor-widget elementor-widget-gallery\" data-id=\"fd5562a\" data-element_type=\"widget\" data-e-type=\"widget\" data-settings=\"{&quot;lazyload&quot;:&quot;yes&quot;,&quot;gallery_layout&quot;:&quot;grid&quot;,&quot;columns&quot;:4,&quot;columns_tablet&quot;:2,&quot;columns_mobile&quot;:1,&quot;gap&quot;:{&quot;unit&quot;:&quot;px&quot;,&quot;size&quot;:10,&quot;sizes&quot;:[]},&quot;gap_tablet&quot;:{&quot;unit&quot;:&quot;px&quot;,&quot;size&quot;:10,&quot;sizes&quot;:[]},&quot;gap_mobile&quot;:{&quot;unit&quot;:&quot;px&quot;,&quot;size&quot;:10,&quot;sizes&quot;:[]},&quot;link_to&quot;:&quot;file&quot;,&quot;aspect_ratio&quot;:&quot;3:2&quot;,&quot;overlay_background&quot;:&quot;yes&quot;,&quot;content_hover_animation&quot;:&quot;fade-in&quot;}\" data-widget_type=\"gallery.default\">\n\t\t\t\t<div class=\"elementor-widget-container\">\n\t\t\t\t\t\t\t<div class=\"elementor-gallery__container\">\n\t\t\t\t\t\t\t<a class=\"e-gallery-item elementor-gallery-item elementor-animated-content\" href=\"https:\/\/www.federassantas.org.br\/novosite\/wp-content\/uploads\/2023\/05\/Foto-1.jpeg\" data-elementor-open-lightbox=\"yes\" data-elementor-lightbox-slideshow=\"fd5562a\" data-elementor-lightbox-title=\"Foto 1\" data-e-action-hash=\"#elementor-action%3Aaction%3Dlightbox%26settings%3DeyJpZCI6Mjg0MDAsInVybCI6Imh0dHBzOlwvXC93d3cuZmVkZXJhc3NhbnRhcy5vcmcuYnJcL25vdm9zaXRlXC93cC1jb250ZW50XC91cGxvYWRzXC8yMDIzXC8wNVwvRm90by0xLmpwZWciLCJzbGlkZXNob3ciOiJmZDU1NjJhIn0%3D\">\n\t\t\t\t\t<div class=\"e-gallery-image elementor-gallery-item__image\" data-thumbnail=\"https:\/\/www.federassantas.org.br\/novosite\/wp-content\/uploads\/2023\/05\/Foto-1-300x169.jpeg\" data-width=\"300\" data-height=\"169\" aria-label=\"\" role=\"img\" ><\/div>\n\t\t\t\t\t\t\t\t\t\t\t<div class=\"elementor-gallery-item__overlay\"><\/div>\n\t\t\t\t\t\t\t\t\t\t\t\t\t\t<\/a>\n\t\t\t\t\t\t\t<a class=\"e-gallery-item elementor-gallery-item elementor-animated-content\" href=\"https:\/\/www.federassantas.org.br\/novosite\/wp-content\/uploads\/2023\/05\/foto-4.jpeg\" data-elementor-open-lightbox=\"yes\" data-elementor-lightbox-slideshow=\"fd5562a\" data-elementor-lightbox-title=\"foto 4\" data-e-action-hash=\"#elementor-action%3Aaction%3Dlightbox%26settings%3DeyJpZCI6Mjg0MDEsInVybCI6Imh0dHBzOlwvXC93d3cuZmVkZXJhc3NhbnRhcy5vcmcuYnJcL25vdm9zaXRlXC93cC1jb250ZW50XC91cGxvYWRzXC8yMDIzXC8wNVwvZm90by00LmpwZWciLCJzbGlkZXNob3ciOiJmZDU1NjJhIn0%3D\">\n\t\t\t\t\t<div class=\"e-gallery-image elementor-gallery-item__image\" data-thumbnail=\"https:\/\/www.federassantas.org.br\/novosite\/wp-content\/uploads\/2023\/05\/foto-4-300x190.jpeg\" data-width=\"300\" data-height=\"190\" aria-label=\"\" role=\"img\" ><\/div>\n\t\t\t\t\t\t\t\t\t\t\t<div class=\"elementor-gallery-item__overlay\"><\/div>\n\t\t\t\t\t\t\t\t\t\t\t\t\t\t<\/a>\n\t\t\t\t\t\t\t<a class=\"e-gallery-item elementor-gallery-item elementor-animated-content\" href=\"https:\/\/www.federassantas.org.br\/novosite\/wp-content\/uploads\/2023\/05\/foto-5.jpeg\" data-elementor-open-lightbox=\"yes\" data-elementor-lightbox-slideshow=\"fd5562a\" data-elementor-lightbox-title=\"foto 5\" data-e-action-hash=\"#elementor-action%3Aaction%3Dlightbox%26settings%3DeyJpZCI6Mjg0MDIsInVybCI6Imh0dHBzOlwvXC93d3cuZmVkZXJhc3NhbnRhcy5vcmcuYnJcL25vdm9zaXRlXC93cC1jb250ZW50XC91cGxvYWRzXC8yMDIzXC8wNVwvZm90by01LmpwZWciLCJzbGlkZXNob3ciOiJmZDU1NjJhIn0%3D\">\n\t\t\t\t\t<div class=\"e-gallery-image elementor-gallery-item__image\" data-thumbnail=\"https:\/\/www.federassantas.org.br\/novosite\/wp-content\/uploads\/2023\/05\/foto-5-300x166.jpeg\" data-width=\"300\" data-height=\"166\" aria-label=\"\" role=\"img\" ><\/div>\n\t\t\t\t\t\t\t\t\t\t\t<div class=\"elementor-gallery-item__overlay\"><\/div>\n\t\t\t\t\t\t\t\t\t\t\t\t\t\t<\/a>\n\t\t\t\t\t\t\t<a class=\"e-gallery-item elementor-gallery-item elementor-animated-content\" href=\"https:\/\/www.federassantas.org.br\/novosite\/wp-content\/uploads\/2023\/05\/foto-3.jpeg\" data-elementor-open-lightbox=\"yes\" data-elementor-lightbox-slideshow=\"fd5562a\" data-elementor-lightbox-title=\"foto 3\" data-e-action-hash=\"#elementor-action%3Aaction%3Dlightbox%26settings%3DeyJpZCI6Mjg0MDQsInVybCI6Imh0dHBzOlwvXC93d3cuZmVkZXJhc3NhbnRhcy5vcmcuYnJcL25vdm9zaXRlXC93cC1jb250ZW50XC91cGxvYWRzXC8yMDIzXC8wNVwvZm90by0zLmpwZWciLCJzbGlkZXNob3ciOiJmZDU1NjJhIn0%3D\">\n\t\t\t\t\t<div class=\"e-gallery-image elementor-gallery-item__image\" data-thumbnail=\"https:\/\/www.federassantas.org.br\/novosite\/wp-content\/uploads\/2023\/05\/foto-3-300x176.jpeg\" data-width=\"300\" data-height=\"176\" aria-label=\"\" role=\"img\" ><\/div>\n\t\t\t\t\t\t\t\t\t\t\t<div class=\"elementor-gallery-item__overlay\"><\/div>\n\t\t\t\t\t\t\t\t\t\t\t\t\t\t<\/a>\n\t\t\t\t\t<\/div>\n\t\t\t\t\t<\/div>\n\t\t\t\t<\/div>\n\t\t\t\t\t<\/div>\n\t\t<\/div>\n\t\t\t\t\t<\/div>\n\t\t<\/section>\n\t\t\t\t<\/div>\n\t\t","protected":false},"excerpt":{"rendered":"<p>Santa Casa de Po\u00e7os de Caldas realiza a\u00e7\u00e3o do Dia Mundial de Higiene das M\u00e3os No dia 5 de maio foi comemorado o Dia Mundial da Higiene das M\u00e3os, que tem como objetivos conscientizar, promover, dar visibilidade e sustentabilidade a esse tema nos cuidados de sa\u00fade, unindo as pessoas em apoio a melhoria da higiene [&hellip;]<\/p>\n","protected":false},"author":1,"featured_media":28398,"comment_status":"open","ping_status":"open","sticky":false,"template":"","format":"standard","meta":{"footnotes":""},"categories":[140,243,250],"tags":[300,275],"class_list":["post-28397","post","type-post","status-publish","format-standard","has-post-thumbnail","hentry","category-noticias","category-regionais","category-regional-sul","tag-dia-mundial-da-higiene-das-maos","tag-pocos-de-caldas"],"yoast_head":"<!-- This site is optimized with the Yoast SEO plugin v26.9 - https:\/\/yoast.com\/product\/yoast-seo-wordpress\/ -->\n<title>Dia Mundial de Higiene das M\u00e3os - Federassantas<\/title>\n<meta name=\"robots\" content=\"index, follow, max-snippet:-1, max-image-preview:large, max-video-preview:-1\" \/>\n<link rel=\"canonical\" href=\"https:\/\/www.federassantas.org.br\/novosite\/dia-mundial-de-higiene-das-maos\/\" \/>\n<meta property=\"og:locale\" content=\"pt_BR\" \/>\n<meta property=\"og:type\" content=\"article\" \/>\n<meta property=\"og:title\" content=\"Dia Mundial de Higiene das M\u00e3os - Federassantas\" \/>\n<meta property=\"og:description\" content=\"Santa Casa de Po\u00e7os de Caldas realiza a\u00e7\u00e3o do Dia Mundial de Higiene das M\u00e3os No dia 5 de maio foi comemorado o Dia Mundial da Higiene das M\u00e3os, que tem como objetivos conscientizar, promover, dar visibilidade e sustentabilidade a esse tema nos cuidados de sa\u00fade, unindo as pessoas em apoio a melhoria da higiene [&hellip;]\" \/>\n<meta property=\"og:url\" content=\"https:\/\/www.federassantas.org.br\/novosite\/dia-mundial-de-higiene-das-maos\/\" \/>\n<meta property=\"og:site_name\" content=\"Federassantas\" \/>\n<meta property=\"article:published_time\" content=\"2023-05-16T13:15:17+00:00\" \/>\n<meta property=\"article:modified_time\" content=\"2023-05-16T14:11:44+00:00\" \/>\n<meta property=\"og:image\" content=\"https:\/\/www.federassantas.org.br\/novosite\/wp-content\/uploads\/2023\/05\/foto-2.jpeg\" \/>\n\t<meta property=\"og:image:width\" content=\"1280\" \/>\n\t<meta property=\"og:image:height\" content=\"799\" \/>\n\t<meta property=\"og:image:type\" content=\"image\/jpeg\" \/>\n<meta name=\"author\" content=\"admin-federas\" \/>\n<meta name=\"twitter:card\" content=\"summary_large_image\" \/>\n<meta name=\"twitter:label1\" content=\"Escrito por\" \/>\n\t<meta name=\"twitter:data1\" content=\"admin-federas\" \/>\n\t<meta name=\"twitter:label2\" content=\"Est. tempo de leitura\" \/>\n\t<meta name=\"twitter:data2\" content=\"3 minutos\" \/>\n<script type=\"application\/ld+json\" class=\"yoast-schema-graph\">{\"@context\":\"https:\/\/schema.org\",\"@graph\":[{\"@type\":\"Article\",\"@id\":\"https:\/\/www.federassantas.org.br\/novosite\/dia-mundial-de-higiene-das-maos\/#article\",\"isPartOf\":{\"@id\":\"https:\/\/www.federassantas.org.br\/novosite\/dia-mundial-de-higiene-das-maos\/\"},\"author\":{\"name\":\"admin-federas\",\"@id\":\"https:\/\/www.federassantas.org.br\/novosite\/#\/schema\/person\/75fed98158349313fe56175f232f513c\"},\"headline\":\"Dia Mundial de Higiene das M\u00e3os\",\"datePublished\":\"2023-05-16T13:15:17+00:00\",\"dateModified\":\"2023-05-16T14:11:44+00:00\",\"mainEntityOfPage\":{\"@id\":\"https:\/\/www.federassantas.org.br\/novosite\/dia-mundial-de-higiene-das-maos\/\"},\"wordCount\":564,\"commentCount\":0,\"publisher\":{\"@id\":\"https:\/\/www.federassantas.org.br\/novosite\/#organization\"},\"image\":{\"@id\":\"https:\/\/www.federassantas.org.br\/novosite\/dia-mundial-de-higiene-das-maos\/#primaryimage\"},\"thumbnailUrl\":\"https:\/\/www.federassantas.org.br\/novosite\/wp-content\/uploads\/2023\/05\/foto-2.jpeg\",\"keywords\":[\"Dia Mundial da Higiene das M\u00e3os\",\"Po\u00e7os de Caldas\"],\"articleSection\":[\"Not\u00edcias\",\"Regionais\",\"Regional Sul\"],\"inLanguage\":\"pt-BR\",\"potentialAction\":[{\"@type\":\"CommentAction\",\"name\":\"Comment\",\"target\":[\"https:\/\/www.federassantas.org.br\/novosite\/dia-mundial-de-higiene-das-maos\/#respond\"]}]},{\"@type\":\"WebPage\",\"@id\":\"https:\/\/www.federassantas.org.br\/novosite\/dia-mundial-de-higiene-das-maos\/\",\"url\":\"https:\/\/www.federassantas.org.br\/novosite\/dia-mundial-de-higiene-das-maos\/\",\"name\":\"Dia Mundial de Higiene das M\u00e3os - Federassantas\",\"isPartOf\":{\"@id\":\"https:\/\/www.federassantas.org.br\/novosite\/#website\"},\"primaryImageOfPage\":{\"@id\":\"https:\/\/www.federassantas.org.br\/novosite\/dia-mundial-de-higiene-das-maos\/#primaryimage\"},\"image\":{\"@id\":\"https:\/\/www.federassantas.org.br\/novosite\/dia-mundial-de-higiene-das-maos\/#primaryimage\"},\"thumbnailUrl\":\"https:\/\/www.federassantas.org.br\/novosite\/wp-content\/uploads\/2023\/05\/foto-2.jpeg\",\"datePublished\":\"2023-05-16T13:15:17+00:00\",\"dateModified\":\"2023-05-16T14:11:44+00:00\",\"breadcrumb\":{\"@id\":\"https:\/\/www.federassantas.org.br\/novosite\/dia-mundial-de-higiene-das-maos\/#breadcrumb\"},\"inLanguage\":\"pt-BR\",\"potentialAction\":[{\"@type\":\"ReadAction\",\"target\":[\"https:\/\/www.federassantas.org.br\/novosite\/dia-mundial-de-higiene-das-maos\/\"]}]},{\"@type\":\"ImageObject\",\"inLanguage\":\"pt-BR\",\"@id\":\"https:\/\/www.federassantas.org.br\/novosite\/dia-mundial-de-higiene-das-maos\/#primaryimage\",\"url\":\"https:\/\/www.federassantas.org.br\/novosite\/wp-content\/uploads\/2023\/05\/foto-2.jpeg\",\"contentUrl\":\"https:\/\/www.federassantas.org.br\/novosite\/wp-content\/uploads\/2023\/05\/foto-2.jpeg\",\"width\":1280,\"height\":799},{\"@type\":\"BreadcrumbList\",\"@id\":\"https:\/\/www.federassantas.org.br\/novosite\/dia-mundial-de-higiene-das-maos\/#breadcrumb\",\"itemListElement\":[{\"@type\":\"ListItem\",\"position\":1,\"name\":\"In\u00edcio\",\"item\":\"https:\/\/www.federassantas.org.br\/novosite\/\"},{\"@type\":\"ListItem\",\"position\":2,\"name\":\"Dia Mundial de Higiene das M\u00e3os\"}]},{\"@type\":\"WebSite\",\"@id\":\"https:\/\/www.federassantas.org.br\/novosite\/#website\",\"url\":\"https:\/\/www.federassantas.org.br\/novosite\/\",\"name\":\"Federassantas\",\"description\":\"Fed. das Santas Casas e Hospitais Filantr\u00f3picos de MG\",\"publisher\":{\"@id\":\"https:\/\/www.federassantas.org.br\/novosite\/#organization\"},\"potentialAction\":[{\"@type\":\"SearchAction\",\"target\":{\"@type\":\"EntryPoint\",\"urlTemplate\":\"https:\/\/www.federassantas.org.br\/novosite\/?s={search_term_string}\"},\"query-input\":{\"@type\":\"PropertyValueSpecification\",\"valueRequired\":true,\"valueName\":\"search_term_string\"}}],\"inLanguage\":\"pt-BR\"},{\"@type\":\"Organization\",\"@id\":\"https:\/\/www.federassantas.org.br\/novosite\/#organization\",\"name\":\"Federassantas\",\"url\":\"https:\/\/www.federassantas.org.br\/novosite\/\",\"logo\":{\"@type\":\"ImageObject\",\"inLanguage\":\"pt-BR\",\"@id\":\"https:\/\/www.federassantas.org.br\/novosite\/#\/schema\/logo\/image\/\",\"url\":\"https:\/\/www.federassantas.org.br\/novosite\/wp-content\/uploads\/2021\/12\/logo.png\",\"contentUrl\":\"https:\/\/www.federassantas.org.br\/novosite\/wp-content\/uploads\/2021\/12\/logo.png\",\"width\":243,\"height\":59,\"caption\":\"Federassantas\"},\"image\":{\"@id\":\"https:\/\/www.federassantas.org.br\/novosite\/#\/schema\/logo\/image\/\"}},{\"@type\":\"Person\",\"@id\":\"https:\/\/www.federassantas.org.br\/novosite\/#\/schema\/person\/75fed98158349313fe56175f232f513c\",\"name\":\"admin-federas\",\"image\":{\"@type\":\"ImageObject\",\"inLanguage\":\"pt-BR\",\"@id\":\"https:\/\/www.federassantas.org.br\/novosite\/#\/schema\/person\/image\/\",\"url\":\"https:\/\/secure.gravatar.com\/avatar\/2a02d7dda59fe8dc6b7ffd3f652e2efede5ccf0dd89dfdc8137c5517f3de8407?s=96&d=mm&r=g\",\"contentUrl\":\"https:\/\/secure.gravatar.com\/avatar\/2a02d7dda59fe8dc6b7ffd3f652e2efede5ccf0dd89dfdc8137c5517f3de8407?s=96&d=mm&r=g\",\"caption\":\"admin-federas\"},\"sameAs\":[\"https:\/\/www.federassantas.org.br\/novosite\/\"],\"url\":\"https:\/\/www.federassantas.org.br\/novosite\/author\/admin-federas\/\"}]}<\/script>\n<!-- \/ Yoast SEO plugin. -->","yoast_head_json":{"title":"Dia Mundial de Higiene das M\u00e3os - Federassantas","robots":{"index":"index","follow":"follow","max-snippet":"max-snippet:-1","max-image-preview":"max-image-preview:large","max-video-preview":"max-video-preview:-1"},"canonical":"https:\/\/www.federassantas.org.br\/novosite\/dia-mundial-de-higiene-das-maos\/","og_locale":"pt_BR","og_type":"article","og_title":"Dia Mundial de Higiene das M\u00e3os - Federassantas","og_description":"Santa Casa de Po\u00e7os de Caldas realiza a\u00e7\u00e3o do Dia Mundial de Higiene das M\u00e3os No dia 5 de maio foi comemorado o Dia Mundial da Higiene das M\u00e3os, que tem como objetivos conscientizar, promover, dar visibilidade e sustentabilidade a esse tema nos cuidados de sa\u00fade, unindo as pessoas em apoio a melhoria da higiene [&hellip;]","og_url":"https:\/\/www.federassantas.org.br\/novosite\/dia-mundial-de-higiene-das-maos\/","og_site_name":"Federassantas","article_published_time":"2023-05-16T13:15:17+00:00","article_modified_time":"2023-05-16T14:11:44+00:00","og_image":[{"width":1280,"height":799,"url":"https:\/\/www.federassantas.org.br\/novosite\/wp-content\/uploads\/2023\/05\/foto-2.jpeg","type":"image\/jpeg"}],"author":"admin-federas","twitter_card":"summary_large_image","twitter_misc":{"Escrito por":"admin-federas","Est. tempo de leitura":"3 minutos"},"schema":{"@context":"https:\/\/schema.org","@graph":[{"@type":"Article","@id":"https:\/\/www.federassantas.org.br\/novosite\/dia-mundial-de-higiene-das-maos\/#article","isPartOf":{"@id":"https:\/\/www.federassantas.org.br\/novosite\/dia-mundial-de-higiene-das-maos\/"},"author":{"name":"admin-federas","@id":"https:\/\/www.federassantas.org.br\/novosite\/#\/schema\/person\/75fed98158349313fe56175f232f513c"},"headline":"Dia Mundial de Higiene das M\u00e3os","datePublished":"2023-05-16T13:15:17+00:00","dateModified":"2023-05-16T14:11:44+00:00","mainEntityOfPage":{"@id":"https:\/\/www.federassantas.org.br\/novosite\/dia-mundial-de-higiene-das-maos\/"},"wordCount":564,"commentCount":0,"publisher":{"@id":"https:\/\/www.federassantas.org.br\/novosite\/#organization"},"image":{"@id":"https:\/\/www.federassantas.org.br\/novosite\/dia-mundial-de-higiene-das-maos\/#primaryimage"},"thumbnailUrl":"https:\/\/www.federassantas.org.br\/novosite\/wp-content\/uploads\/2023\/05\/foto-2.jpeg","keywords":["Dia Mundial da Higiene das M\u00e3os","Po\u00e7os de Caldas"],"articleSection":["Not\u00edcias","Regionais","Regional Sul"],"inLanguage":"pt-BR","potentialAction":[{"@type":"CommentAction","name":"Comment","target":["https:\/\/www.federassantas.org.br\/novosite\/dia-mundial-de-higiene-das-maos\/#respond"]}]},{"@type":"WebPage","@id":"https:\/\/www.federassantas.org.br\/novosite\/dia-mundial-de-higiene-das-maos\/","url":"https:\/\/www.federassantas.org.br\/novosite\/dia-mundial-de-higiene-das-maos\/","name":"Dia Mundial de Higiene das M\u00e3os - Federassantas","isPartOf":{"@id":"https:\/\/www.federassantas.org.br\/novosite\/#website"},"primaryImageOfPage":{"@id":"https:\/\/www.federassantas.org.br\/novosite\/dia-mundial-de-higiene-das-maos\/#primaryimage"},"image":{"@id":"https:\/\/www.federassantas.org.br\/novosite\/dia-mundial-de-higiene-das-maos\/#primaryimage"},"thumbnailUrl":"https:\/\/www.federassantas.org.br\/novosite\/wp-content\/uploads\/2023\/05\/foto-2.jpeg","datePublished":"2023-05-16T13:15:17+00:00","dateModified":"2023-05-16T14:11:44+00:00","breadcrumb":{"@id":"https:\/\/www.federassantas.org.br\/novosite\/dia-mundial-de-higiene-das-maos\/#breadcrumb"},"inLanguage":"pt-BR","potentialAction":[{"@type":"ReadAction","target":["https:\/\/www.federassantas.org.br\/novosite\/dia-mundial-de-higiene-das-maos\/"]}]},{"@type":"ImageObject","inLanguage":"pt-BR","@id":"https:\/\/www.federassantas.org.br\/novosite\/dia-mundial-de-higiene-das-maos\/#primaryimage","url":"https:\/\/www.federassantas.org.br\/novosite\/wp-content\/uploads\/2023\/05\/foto-2.jpeg","contentUrl":"https:\/\/www.federassantas.org.br\/novosite\/wp-content\/uploads\/2023\/05\/foto-2.jpeg","width":1280,"height":799},{"@type":"BreadcrumbList","@id":"https:\/\/www.federassantas.org.br\/novosite\/dia-mundial-de-higiene-das-maos\/#breadcrumb","itemListElement":[{"@type":"ListItem","position":1,"name":"In\u00edcio","item":"https:\/\/www.federassantas.org.br\/novosite\/"},{"@type":"ListItem","position":2,"name":"Dia Mundial de Higiene das M\u00e3os"}]},{"@type":"WebSite","@id":"https:\/\/www.federassantas.org.br\/novosite\/#website","url":"https:\/\/www.federassantas.org.br\/novosite\/","name":"Federassantas","description":"Fed. das Santas Casas e Hospitais Filantr\u00f3picos de MG","publisher":{"@id":"https:\/\/www.federassantas.org.br\/novosite\/#organization"},"potentialAction":[{"@type":"SearchAction","target":{"@type":"EntryPoint","urlTemplate":"https:\/\/www.federassantas.org.br\/novosite\/?s={search_term_string}"},"query-input":{"@type":"PropertyValueSpecification","valueRequired":true,"valueName":"search_term_string"}}],"inLanguage":"pt-BR"},{"@type":"Organization","@id":"https:\/\/www.federassantas.org.br\/novosite\/#organization","name":"Federassantas","url":"https:\/\/www.federassantas.org.br\/novosite\/","logo":{"@type":"ImageObject","inLanguage":"pt-BR","@id":"https:\/\/www.federassantas.org.br\/novosite\/#\/schema\/logo\/image\/","url":"https:\/\/www.federassantas.org.br\/novosite\/wp-content\/uploads\/2021\/12\/logo.png","contentUrl":"https:\/\/www.federassantas.org.br\/novosite\/wp-content\/uploads\/2021\/12\/logo.png","width":243,"height":59,"caption":"Federassantas"},"image":{"@id":"https:\/\/www.federassantas.org.br\/novosite\/#\/schema\/logo\/image\/"}},{"@type":"Person","@id":"https:\/\/www.federassantas.org.br\/novosite\/#\/schema\/person\/75fed98158349313fe56175f232f513c","name":"admin-federas","image":{"@type":"ImageObject","inLanguage":"pt-BR","@id":"https:\/\/www.federassantas.org.br\/novosite\/#\/schema\/person\/image\/","url":"https:\/\/secure.gravatar.com\/avatar\/2a02d7dda59fe8dc6b7ffd3f652e2efede5ccf0dd89dfdc8137c5517f3de8407?s=96&d=mm&r=g","contentUrl":"https:\/\/secure.gravatar.com\/avatar\/2a02d7dda59fe8dc6b7ffd3f652e2efede5ccf0dd89dfdc8137c5517f3de8407?s=96&d=mm&r=g","caption":"admin-federas"},"sameAs":["https:\/\/www.federassantas.org.br\/novosite\/"],"url":"https:\/\/www.federassantas.org.br\/novosite\/author\/admin-federas\/"}]}},"_links":{"self":[{"href":"https:\/\/www.federassantas.org.br\/novosite\/wp-json\/wp\/v2\/posts\/28397","targetHints":{"allow":["GET"]}}],"collection":[{"href":"https:\/\/www.federassantas.org.br\/novosite\/wp-json\/wp\/v2\/posts"}],"about":[{"href":"https:\/\/www.federassantas.org.br\/novosite\/wp-json\/wp\/v2\/types\/post"}],"author":[{"embeddable":true,"href":"https:\/\/www.federassantas.org.br\/novosite\/wp-json\/wp\/v2\/users\/1"}],"replies":[{"embeddable":true,"href":"https:\/\/www.federassantas.org.br\/novosite\/wp-json\/wp\/v2\/comments?post=28397"}],"version-history":[{"count":8,"href":"https:\/\/www.federassantas.org.br\/novosite\/wp-json\/wp\/v2\/posts\/28397\/revisions"}],"predecessor-version":[{"id":28413,"href":"https:\/\/www.federassantas.org.br\/novosite\/wp-json\/wp\/v2\/posts\/28397\/revisions\/28413"}],"wp:featuredmedia":[{"embeddable":true,"href":"https:\/\/www.federassantas.org.br\/novosite\/wp-json\/wp\/v2\/media\/28398"}],"wp:attachment":[{"href":"https:\/\/www.federassantas.org.br\/novosite\/wp-json\/wp\/v2\/media?parent=28397"}],"wp:term":[{"taxonomy":"category","embeddable":true,"href":"https:\/\/www.federassantas.org.br\/novosite\/wp-json\/wp\/v2\/categories?post=28397"},{"taxonomy":"post_tag","embeddable":true,"href":"https:\/\/www.federassantas.org.br\/novosite\/wp-json\/wp\/v2\/tags?post=28397"}],"curies":[{"name":"wp","href":"https:\/\/api.w.org\/{rel}","templated":true}]}}