{"id":28414,"date":"2023-05-16T14:00:43","date_gmt":"2023-05-16T17:00:43","guid":{"rendered":"https:\/\/www.federassantas.org.br\/novosite\/?p=28414"},"modified":"2023-05-16T14:00:43","modified_gmt":"2023-05-16T17:00:43","slug":"santa-casa-de-montes-claros-utiliza-tecnica-no-tratamento-de-estenose-aortica","status":"publish","type":"post","link":"https:\/\/www.federassantas.org.br\/novosite\/santa-casa-de-montes-claros-utiliza-tecnica-no-tratamento-de-estenose-aortica\/","title":{"rendered":"Santa Casa de Montes Claros utiliza t\u00e9cnica no tratamento de estenose a\u00f3rtica"},"content":{"rendered":"\t\t<div data-elementor-type=\"wp-post\" data-elementor-id=\"28414\" class=\"elementor elementor-28414\" data-elementor-post-type=\"post\">\n\t\t\t\t\t\t<section class=\"elementor-section elementor-top-section elementor-element elementor-element-3408d9b elementor-section-boxed elementor-section-height-default elementor-section-height-default\" data-id=\"3408d9b\" data-element_type=\"section\" data-e-type=\"section\">\n\t\t\t\t\t\t<div class=\"elementor-container elementor-column-gap-default\">\n\t\t\t\t\t<div class=\"elementor-column elementor-col-100 elementor-top-column elementor-element elementor-element-ee6591b\" data-id=\"ee6591b\" data-element_type=\"column\" data-e-type=\"column\">\n\t\t\t<div class=\"elementor-widget-wrap elementor-element-populated\">\n\t\t\t\t\t\t<div class=\"elementor-element elementor-element-6f1c23e elementor-widget elementor-widget-heading\" data-id=\"6f1c23e\" data-element_type=\"widget\" data-e-type=\"widget\" data-widget_type=\"heading.default\">\n\t\t\t\t<div class=\"elementor-widget-container\">\n\t\t\t\t\t<h2 class=\"elementor-heading-title elementor-size-default\">T\u00e9cnica minimamente invasiva \u00e9 utilizada no tratamento de estenose a\u00f3rtica na Santa Casa <\/h2>\t\t\t\t<\/div>\n\t\t\t\t<\/div>\n\t\t\t\t\t<\/div>\n\t\t<\/div>\n\t\t\t\t\t<\/div>\n\t\t<\/section>\n\t\t\t\t<section class=\"elementor-section elementor-top-section elementor-element elementor-element-2e283c6 elementor-section-boxed elementor-section-height-default elementor-section-height-default\" data-id=\"2e283c6\" data-element_type=\"section\" data-e-type=\"section\">\n\t\t\t\t\t\t<div class=\"elementor-container elementor-column-gap-default\">\n\t\t\t\t\t<div class=\"elementor-column elementor-col-100 elementor-top-column elementor-element elementor-element-5681baa\" data-id=\"5681baa\" data-element_type=\"column\" data-e-type=\"column\">\n\t\t\t<div class=\"elementor-widget-wrap elementor-element-populated\">\n\t\t\t\t\t\t<div class=\"elementor-element elementor-element-c51f4b2 elementor-widget__width-initial elementor-widget elementor-widget-text-editor\" data-id=\"c51f4b2\" data-element_type=\"widget\" data-e-type=\"widget\" data-widget_type=\"text-editor.default\">\n\t\t\t\t<div class=\"elementor-widget-container\">\n\t\t\t\t\t\t\t\t\t<p dir=\"ltr\">A Estenose A\u00f3rtica \u00e9 uma condi\u00e7\u00e3o em que a v\u00e1lvula a\u00f3rtica do cora\u00e7\u00e3o se estreita e n\u00e3o permite o fluxo sangu\u00edneo adequado para fora do cora\u00e7\u00e3o e para o resto do corpo. Isso pode levar a sintomas como dor no peito, tontura e falta de ar.<\/p><p dir=\"ltr\">Para tratar essa condi\u00e7\u00e3o, a Santa Casa de Montes Claros, em Minas Gerais, tem utilizado um procedimento inovador chamado TAVI (Implante Transcateter de Biopr\u00f3tese Valvar A\u00f3rtica), que \u00e9 minimamente invasivo em compara\u00e7\u00e3o com uma cirurgia tradicional.<\/p><p dir=\"ltr\">Recentemente, a equipe m\u00e9dica da Santa Casa realizou a 6\u00aa TAVI, mas desta vez, em um paciente que j\u00e1 havia sido operado e possu\u00eda uma biopr\u00f3tese na posi\u00e7\u00e3o da v\u00e1lvula a\u00f3rtica. Neste caso, de forma in\u00e9dita, foi necess\u00e1rio colocar uma biopr\u00f3tese dentro da outra, em um procedimento chamado valve-in-valve.\u00a0<\/p><p dir=\"ltr\">Para entender melhor o procedimento, o Dr. Daniel Ramos, respons\u00e1vel pela realiza\u00e7\u00e3o da TAVI, explica que foi usado o protocolo de grandes centros, que inclui seda\u00e7\u00e3o consciente, ecocardiograma transtor\u00e1cico, pun\u00e7\u00e3o ecoguiada, implante da valva por cateter e fechamento arterial com perclose.<\/p><p>\u00a0<\/p>\t\t\t\t\t\t\t\t<\/div>\n\t\t\t\t<\/div>\n\t\t\t\t\t<\/div>\n\t\t<\/div>\n\t\t\t\t\t<\/div>\n\t\t<\/section>\n\t\t\t\t<section class=\"elementor-section elementor-top-section elementor-element elementor-element-05db081 elementor-section-boxed elementor-section-height-default elementor-section-height-default\" data-id=\"05db081\" data-element_type=\"section\" data-e-type=\"section\">\n\t\t\t\t\t\t<div class=\"elementor-container elementor-column-gap-default\">\n\t\t\t\t\t<div class=\"elementor-column elementor-col-100 elementor-top-column elementor-element elementor-element-9a3c9c7\" data-id=\"9a3c9c7\" data-element_type=\"column\" data-e-type=\"column\">\n\t\t\t<div class=\"elementor-widget-wrap elementor-element-populated\">\n\t\t\t\t\t\t<section class=\"elementor-section elementor-inner-section elementor-element elementor-element-66153f8 elementor-section-boxed elementor-section-height-default elementor-section-height-default\" data-id=\"66153f8\" data-element_type=\"section\" data-e-type=\"section\">\n\t\t\t\t\t\t<div class=\"elementor-container elementor-column-gap-default\">\n\t\t\t\t\t<div class=\"elementor-column elementor-col-50 elementor-inner-column elementor-element elementor-element-30412ed\" data-id=\"30412ed\" data-element_type=\"column\" data-e-type=\"column\">\n\t\t\t<div class=\"elementor-widget-wrap elementor-element-populated\">\n\t\t\t\t\t\t<div class=\"elementor-element elementor-element-bfc1956 elementor-widget__width-initial elementor-widget elementor-widget-image\" data-id=\"bfc1956\" data-element_type=\"widget\" data-e-type=\"widget\" data-widget_type=\"image.default\">\n\t\t\t\t<div class=\"elementor-widget-container\">\n\t\t\t\t\t\t\t\t\t\t\t\t\t\t\t<img fetchpriority=\"high\" decoding=\"async\" width=\"800\" height=\"600\" src=\"https:\/\/www.federassantas.org.br\/novosite\/wp-content\/uploads\/2023\/05\/3-TAVI-1024x768.jpg\" class=\"attachment-large size-large wp-image-28418\" alt=\"\" srcset=\"https:\/\/www.federassantas.org.br\/novosite\/wp-content\/uploads\/2023\/05\/3-TAVI-1024x768.jpg 1024w, https:\/\/www.federassantas.org.br\/novosite\/wp-content\/uploads\/2023\/05\/3-TAVI-300x225.jpg 300w, https:\/\/www.federassantas.org.br\/novosite\/wp-content\/uploads\/2023\/05\/3-TAVI-768x576.jpg 768w, https:\/\/www.federassantas.org.br\/novosite\/wp-content\/uploads\/2023\/05\/3-TAVI-1536x1152.jpg 1536w, https:\/\/www.federassantas.org.br\/novosite\/wp-content\/uploads\/2023\/05\/3-TAVI.jpg 1600w\" sizes=\"(max-width: 800px) 100vw, 800px\" \/>\t\t\t\t\t\t\t\t\t\t\t\t\t\t\t<\/div>\n\t\t\t\t<\/div>\n\t\t\t\t\t<\/div>\n\t\t<\/div>\n\t\t\t\t<div class=\"elementor-column elementor-col-50 elementor-inner-column elementor-element elementor-element-258eab3\" data-id=\"258eab3\" data-element_type=\"column\" data-e-type=\"column\">\n\t\t\t<div class=\"elementor-widget-wrap elementor-element-populated\">\n\t\t\t\t\t\t<div class=\"elementor-element elementor-element-8b55806 elementor-widget elementor-widget-text-editor\" data-id=\"8b55806\" data-element_type=\"widget\" data-e-type=\"widget\" data-widget_type=\"text-editor.default\">\n\t\t\t\t<div class=\"elementor-widget-container\">\n\t\t\t\t\t\t\t\t\t<p dir=\"ltr\">De acordo com o m\u00e9dico, a TAVI oferece diversos benef\u00edcios para o paciente, como um tempo menor de interna\u00e7\u00e3o,al\u00e9m de uma recupera\u00e7\u00e3o mais r\u00e1pida e menos chance de infec\u00e7\u00e3o. \u201cNa cirurgia tradicional, geralmente o paciente fica internado de sete a dez dias, J\u00e1 com a TAVI o paciente recebe alta em dois dias\u201d, explica Dr. Daniel.\u00a0<\/p><p dir=\"ltr\">A import\u00e2ncia do trabalho em conjunto tamb\u00e9m \u00e9 destacada pelo m\u00e9dico. Ele ressalta que o planejamento da TAVI come\u00e7a dias antes da data do procedimento e requer cuidado e aten\u00e7\u00e3o em cada detalhe pelos diversos setores do hospital, incluindo m\u00e9dicos, enfermeiros, equipe t\u00e9cnica de enfermagem, equipe administrativa, suprimentos e setores de apoio.<\/p><p>\u00a0<\/p>\t\t\t\t\t\t\t\t<\/div>\n\t\t\t\t<\/div>\n\t\t\t\t\t<\/div>\n\t\t<\/div>\n\t\t\t\t\t<\/div>\n\t\t<\/section>\n\t\t\t\t\t<\/div>\n\t\t<\/div>\n\t\t\t\t\t<\/div>\n\t\t<\/section>\n\t\t\t\t<section class=\"elementor-section elementor-top-section elementor-element elementor-element-64a0a40 elementor-section-boxed elementor-section-height-default elementor-section-height-default\" data-id=\"64a0a40\" data-element_type=\"section\" data-e-type=\"section\">\n\t\t\t\t\t\t<div class=\"elementor-container elementor-column-gap-default\">\n\t\t\t\t\t<div class=\"elementor-column elementor-col-100 elementor-top-column elementor-element elementor-element-ee5ebfd\" data-id=\"ee5ebfd\" data-element_type=\"column\" data-e-type=\"column\">\n\t\t\t<div class=\"elementor-widget-wrap elementor-element-populated\">\n\t\t\t\t\t\t<div class=\"elementor-element elementor-element-80d8df9 elementor-widget elementor-widget-text-editor\" data-id=\"80d8df9\" data-element_type=\"widget\" data-e-type=\"widget\" data-widget_type=\"text-editor.default\">\n\t\t\t\t<div class=\"elementor-widget-container\">\n\t\t\t\t\t\t\t\t\t<p dir=\"ltr\">Com a realiza\u00e7\u00e3o do procedimento em pacientes com condi\u00e7\u00f5es mais complexas, a equipe m\u00e9dica da Santa Casa de Montes Claros demonstra seu comprometimento em fornecer o que h\u00e1 de mais moderno na medicina atual, sempre buscando a seguran\u00e7a e qualidade da assist\u00eancia ao paciente.<\/p><p>Assessoria de Imprensa: Ana Paula Paix\u00e3o\u00a0\u00a0<\/p><p><em>Gostaria de divulgar informa\u00e7\u00f5es do seu hospital no site da Federassantas? Acesse a\u00a0<a href=\"https:\/\/www.federassantas.org.br\/novosite\/comunicacao\/\">p\u00e1gina da comunica\u00e7\u00e3o<\/a>\u00a0e nos envie o seu release.<\/em><\/p>\t\t\t\t\t\t\t\t<\/div>\n\t\t\t\t<\/div>\n\t\t\t\t\t<\/div>\n\t\t<\/div>\n\t\t\t\t\t<\/div>\n\t\t<\/section>\n\t\t\t\t<\/div>\n\t\t","protected":false},"excerpt":{"rendered":"<p>T\u00e9cnica minimamente invasiva \u00e9 utilizada no tratamento de estenose a\u00f3rtica na Santa Casa A Estenose A\u00f3rtica \u00e9 uma condi\u00e7\u00e3o em que a v\u00e1lvula a\u00f3rtica do cora\u00e7\u00e3o se estreita e n\u00e3o permite o fluxo sangu\u00edneo adequado para fora do cora\u00e7\u00e3o e para o resto do corpo. Isso pode levar a sintomas como dor no peito, tontura [&hellip;]<\/p>\n","protected":false},"author":1,"featured_media":28415,"comment_status":"open","ping_status":"open","sticky":false,"template":"","format":"standard","meta":{"footnotes":""},"categories":[243,244],"tags":[301,302],"class_list":["post-28414","post","type-post","status-publish","format-standard","has-post-thumbnail","hentry","category-regionais","category-regional-norte","tag-santa-casa-de-montes-claros","tag-tratamento-estenose-aortica"],"yoast_head":"<!-- This site is optimized with the Yoast SEO plugin v26.9 - https:\/\/yoast.com\/product\/yoast-seo-wordpress\/ -->\n<title>Santa Casa de Montes Claros utiliza t\u00e9cnica no tratamento de estenose a\u00f3rtica - Federassantas<\/title>\n<meta name=\"robots\" content=\"index, follow, max-snippet:-1, max-image-preview:large, max-video-preview:-1\" \/>\n<link rel=\"canonical\" href=\"https:\/\/www.federassantas.org.br\/novosite\/santa-casa-de-montes-claros-utiliza-tecnica-no-tratamento-de-estenose-aortica\/\" \/>\n<meta property=\"og:locale\" content=\"pt_BR\" \/>\n<meta property=\"og:type\" content=\"article\" \/>\n<meta property=\"og:title\" content=\"Santa Casa de Montes Claros utiliza t\u00e9cnica no tratamento de estenose a\u00f3rtica - Federassantas\" \/>\n<meta property=\"og:description\" content=\"T\u00e9cnica minimamente invasiva \u00e9 utilizada no tratamento de estenose a\u00f3rtica na Santa Casa A Estenose A\u00f3rtica \u00e9 uma condi\u00e7\u00e3o em que a v\u00e1lvula a\u00f3rtica do cora\u00e7\u00e3o se estreita e n\u00e3o permite o fluxo sangu\u00edneo adequado para fora do cora\u00e7\u00e3o e para o resto do corpo. Isso pode levar a sintomas como dor no peito, tontura [&hellip;]\" \/>\n<meta property=\"og:url\" content=\"https:\/\/www.federassantas.org.br\/novosite\/santa-casa-de-montes-claros-utiliza-tecnica-no-tratamento-de-estenose-aortica\/\" \/>\n<meta property=\"og:site_name\" content=\"Federassantas\" \/>\n<meta property=\"article:published_time\" content=\"2023-05-16T17:00:43+00:00\" \/>\n<meta property=\"og:image\" content=\"https:\/\/www.federassantas.org.br\/novosite\/wp-content\/uploads\/2023\/05\/1-TAVI.jpg\" \/>\n\t<meta property=\"og:image:width\" content=\"1600\" \/>\n\t<meta property=\"og:image:height\" content=\"1200\" \/>\n\t<meta property=\"og:image:type\" content=\"image\/jpeg\" \/>\n<meta name=\"author\" content=\"admin-federas\" \/>\n<meta name=\"twitter:card\" content=\"summary_large_image\" \/>\n<meta name=\"twitter:label1\" content=\"Escrito por\" \/>\n\t<meta name=\"twitter:data1\" content=\"admin-federas\" \/>\n\t<meta name=\"twitter:label2\" content=\"Est. tempo de leitura\" \/>\n\t<meta name=\"twitter:data2\" content=\"2 minutos\" \/>\n<script type=\"application\/ld+json\" class=\"yoast-schema-graph\">{\"@context\":\"https:\/\/schema.org\",\"@graph\":[{\"@type\":\"Article\",\"@id\":\"https:\/\/www.federassantas.org.br\/novosite\/santa-casa-de-montes-claros-utiliza-tecnica-no-tratamento-de-estenose-aortica\/#article\",\"isPartOf\":{\"@id\":\"https:\/\/www.federassantas.org.br\/novosite\/santa-casa-de-montes-claros-utiliza-tecnica-no-tratamento-de-estenose-aortica\/\"},\"author\":{\"name\":\"admin-federas\",\"@id\":\"https:\/\/www.federassantas.org.br\/novosite\/#\/schema\/person\/75fed98158349313fe56175f232f513c\"},\"headline\":\"Santa Casa de Montes Claros utiliza t\u00e9cnica no tratamento de estenose a\u00f3rtica\",\"datePublished\":\"2023-05-16T17:00:43+00:00\",\"mainEntityOfPage\":{\"@id\":\"https:\/\/www.federassantas.org.br\/novosite\/santa-casa-de-montes-claros-utiliza-tecnica-no-tratamento-de-estenose-aortica\/\"},\"wordCount\":426,\"commentCount\":0,\"publisher\":{\"@id\":\"https:\/\/www.federassantas.org.br\/novosite\/#organization\"},\"image\":{\"@id\":\"https:\/\/www.federassantas.org.br\/novosite\/santa-casa-de-montes-claros-utiliza-tecnica-no-tratamento-de-estenose-aortica\/#primaryimage\"},\"thumbnailUrl\":\"https:\/\/www.federassantas.org.br\/novosite\/wp-content\/uploads\/2023\/05\/1-TAVI.jpg\",\"keywords\":[\"Santa Casa de Montes Claros\",\"Tratamento Estenose A\u00f3rtica\"],\"articleSection\":[\"Regionais\",\"Regional Norte\"],\"inLanguage\":\"pt-BR\",\"potentialAction\":[{\"@type\":\"CommentAction\",\"name\":\"Comment\",\"target\":[\"https:\/\/www.federassantas.org.br\/novosite\/santa-casa-de-montes-claros-utiliza-tecnica-no-tratamento-de-estenose-aortica\/#respond\"]}]},{\"@type\":\"WebPage\",\"@id\":\"https:\/\/www.federassantas.org.br\/novosite\/santa-casa-de-montes-claros-utiliza-tecnica-no-tratamento-de-estenose-aortica\/\",\"url\":\"https:\/\/www.federassantas.org.br\/novosite\/santa-casa-de-montes-claros-utiliza-tecnica-no-tratamento-de-estenose-aortica\/\",\"name\":\"Santa Casa de Montes Claros utiliza t\u00e9cnica no tratamento de estenose a\u00f3rtica - Federassantas\",\"isPartOf\":{\"@id\":\"https:\/\/www.federassantas.org.br\/novosite\/#website\"},\"primaryImageOfPage\":{\"@id\":\"https:\/\/www.federassantas.org.br\/novosite\/santa-casa-de-montes-claros-utiliza-tecnica-no-tratamento-de-estenose-aortica\/#primaryimage\"},\"image\":{\"@id\":\"https:\/\/www.federassantas.org.br\/novosite\/santa-casa-de-montes-claros-utiliza-tecnica-no-tratamento-de-estenose-aortica\/#primaryimage\"},\"thumbnailUrl\":\"https:\/\/www.federassantas.org.br\/novosite\/wp-content\/uploads\/2023\/05\/1-TAVI.jpg\",\"datePublished\":\"2023-05-16T17:00:43+00:00\",\"breadcrumb\":{\"@id\":\"https:\/\/www.federassantas.org.br\/novosite\/santa-casa-de-montes-claros-utiliza-tecnica-no-tratamento-de-estenose-aortica\/#breadcrumb\"},\"inLanguage\":\"pt-BR\",\"potentialAction\":[{\"@type\":\"ReadAction\",\"target\":[\"https:\/\/www.federassantas.org.br\/novosite\/santa-casa-de-montes-claros-utiliza-tecnica-no-tratamento-de-estenose-aortica\/\"]}]},{\"@type\":\"ImageObject\",\"inLanguage\":\"pt-BR\",\"@id\":\"https:\/\/www.federassantas.org.br\/novosite\/santa-casa-de-montes-claros-utiliza-tecnica-no-tratamento-de-estenose-aortica\/#primaryimage\",\"url\":\"https:\/\/www.federassantas.org.br\/novosite\/wp-content\/uploads\/2023\/05\/1-TAVI.jpg\",\"contentUrl\":\"https:\/\/www.federassantas.org.br\/novosite\/wp-content\/uploads\/2023\/05\/1-TAVI.jpg\",\"width\":1600,\"height\":1200},{\"@type\":\"BreadcrumbList\",\"@id\":\"https:\/\/www.federassantas.org.br\/novosite\/santa-casa-de-montes-claros-utiliza-tecnica-no-tratamento-de-estenose-aortica\/#breadcrumb\",\"itemListElement\":[{\"@type\":\"ListItem\",\"position\":1,\"name\":\"In\u00edcio\",\"item\":\"https:\/\/www.federassantas.org.br\/novosite\/\"},{\"@type\":\"ListItem\",\"position\":2,\"name\":\"Santa Casa de Montes Claros utiliza t\u00e9cnica no tratamento de estenose a\u00f3rtica\"}]},{\"@type\":\"WebSite\",\"@id\":\"https:\/\/www.federassantas.org.br\/novosite\/#website\",\"url\":\"https:\/\/www.federassantas.org.br\/novosite\/\",\"name\":\"Federassantas\",\"description\":\"Fed. das Santas Casas e Hospitais Filantr\u00f3picos de MG\",\"publisher\":{\"@id\":\"https:\/\/www.federassantas.org.br\/novosite\/#organization\"},\"potentialAction\":[{\"@type\":\"SearchAction\",\"target\":{\"@type\":\"EntryPoint\",\"urlTemplate\":\"https:\/\/www.federassantas.org.br\/novosite\/?s={search_term_string}\"},\"query-input\":{\"@type\":\"PropertyValueSpecification\",\"valueRequired\":true,\"valueName\":\"search_term_string\"}}],\"inLanguage\":\"pt-BR\"},{\"@type\":\"Organization\",\"@id\":\"https:\/\/www.federassantas.org.br\/novosite\/#organization\",\"name\":\"Federassantas\",\"url\":\"https:\/\/www.federassantas.org.br\/novosite\/\",\"logo\":{\"@type\":\"ImageObject\",\"inLanguage\":\"pt-BR\",\"@id\":\"https:\/\/www.federassantas.org.br\/novosite\/#\/schema\/logo\/image\/\",\"url\":\"https:\/\/www.federassantas.org.br\/novosite\/wp-content\/uploads\/2021\/12\/logo.png\",\"contentUrl\":\"https:\/\/www.federassantas.org.br\/novosite\/wp-content\/uploads\/2021\/12\/logo.png\",\"width\":243,\"height\":59,\"caption\":\"Federassantas\"},\"image\":{\"@id\":\"https:\/\/www.federassantas.org.br\/novosite\/#\/schema\/logo\/image\/\"}},{\"@type\":\"Person\",\"@id\":\"https:\/\/www.federassantas.org.br\/novosite\/#\/schema\/person\/75fed98158349313fe56175f232f513c\",\"name\":\"admin-federas\",\"image\":{\"@type\":\"ImageObject\",\"inLanguage\":\"pt-BR\",\"@id\":\"https:\/\/www.federassantas.org.br\/novosite\/#\/schema\/person\/image\/\",\"url\":\"https:\/\/secure.gravatar.com\/avatar\/2a02d7dda59fe8dc6b7ffd3f652e2efede5ccf0dd89dfdc8137c5517f3de8407?s=96&d=mm&r=g\",\"contentUrl\":\"https:\/\/secure.gravatar.com\/avatar\/2a02d7dda59fe8dc6b7ffd3f652e2efede5ccf0dd89dfdc8137c5517f3de8407?s=96&d=mm&r=g\",\"caption\":\"admin-federas\"},\"sameAs\":[\"https:\/\/www.federassantas.org.br\/novosite\/\"],\"url\":\"https:\/\/www.federassantas.org.br\/novosite\/author\/admin-federas\/\"}]}<\/script>\n<!-- \/ Yoast SEO plugin. -->","yoast_head_json":{"title":"Santa Casa de Montes Claros utiliza t\u00e9cnica no tratamento de estenose a\u00f3rtica - Federassantas","robots":{"index":"index","follow":"follow","max-snippet":"max-snippet:-1","max-image-preview":"max-image-preview:large","max-video-preview":"max-video-preview:-1"},"canonical":"https:\/\/www.federassantas.org.br\/novosite\/santa-casa-de-montes-claros-utiliza-tecnica-no-tratamento-de-estenose-aortica\/","og_locale":"pt_BR","og_type":"article","og_title":"Santa Casa de Montes Claros utiliza t\u00e9cnica no tratamento de estenose a\u00f3rtica - Federassantas","og_description":"T\u00e9cnica minimamente invasiva \u00e9 utilizada no tratamento de estenose a\u00f3rtica na Santa Casa A Estenose A\u00f3rtica \u00e9 uma condi\u00e7\u00e3o em que a v\u00e1lvula a\u00f3rtica do cora\u00e7\u00e3o se estreita e n\u00e3o permite o fluxo sangu\u00edneo adequado para fora do cora\u00e7\u00e3o e para o resto do corpo. Isso pode levar a sintomas como dor no peito, tontura [&hellip;]","og_url":"https:\/\/www.federassantas.org.br\/novosite\/santa-casa-de-montes-claros-utiliza-tecnica-no-tratamento-de-estenose-aortica\/","og_site_name":"Federassantas","article_published_time":"2023-05-16T17:00:43+00:00","og_image":[{"width":1600,"height":1200,"url":"https:\/\/www.federassantas.org.br\/novosite\/wp-content\/uploads\/2023\/05\/1-TAVI.jpg","type":"image\/jpeg"}],"author":"admin-federas","twitter_card":"summary_large_image","twitter_misc":{"Escrito por":"admin-federas","Est. tempo de leitura":"2 minutos"},"schema":{"@context":"https:\/\/schema.org","@graph":[{"@type":"Article","@id":"https:\/\/www.federassantas.org.br\/novosite\/santa-casa-de-montes-claros-utiliza-tecnica-no-tratamento-de-estenose-aortica\/#article","isPartOf":{"@id":"https:\/\/www.federassantas.org.br\/novosite\/santa-casa-de-montes-claros-utiliza-tecnica-no-tratamento-de-estenose-aortica\/"},"author":{"name":"admin-federas","@id":"https:\/\/www.federassantas.org.br\/novosite\/#\/schema\/person\/75fed98158349313fe56175f232f513c"},"headline":"Santa Casa de Montes Claros utiliza t\u00e9cnica no tratamento de estenose a\u00f3rtica","datePublished":"2023-05-16T17:00:43+00:00","mainEntityOfPage":{"@id":"https:\/\/www.federassantas.org.br\/novosite\/santa-casa-de-montes-claros-utiliza-tecnica-no-tratamento-de-estenose-aortica\/"},"wordCount":426,"commentCount":0,"publisher":{"@id":"https:\/\/www.federassantas.org.br\/novosite\/#organization"},"image":{"@id":"https:\/\/www.federassantas.org.br\/novosite\/santa-casa-de-montes-claros-utiliza-tecnica-no-tratamento-de-estenose-aortica\/#primaryimage"},"thumbnailUrl":"https:\/\/www.federassantas.org.br\/novosite\/wp-content\/uploads\/2023\/05\/1-TAVI.jpg","keywords":["Santa Casa de Montes Claros","Tratamento Estenose A\u00f3rtica"],"articleSection":["Regionais","Regional Norte"],"inLanguage":"pt-BR","potentialAction":[{"@type":"CommentAction","name":"Comment","target":["https:\/\/www.federassantas.org.br\/novosite\/santa-casa-de-montes-claros-utiliza-tecnica-no-tratamento-de-estenose-aortica\/#respond"]}]},{"@type":"WebPage","@id":"https:\/\/www.federassantas.org.br\/novosite\/santa-casa-de-montes-claros-utiliza-tecnica-no-tratamento-de-estenose-aortica\/","url":"https:\/\/www.federassantas.org.br\/novosite\/santa-casa-de-montes-claros-utiliza-tecnica-no-tratamento-de-estenose-aortica\/","name":"Santa Casa de Montes Claros utiliza t\u00e9cnica no tratamento de estenose a\u00f3rtica - Federassantas","isPartOf":{"@id":"https:\/\/www.federassantas.org.br\/novosite\/#website"},"primaryImageOfPage":{"@id":"https:\/\/www.federassantas.org.br\/novosite\/santa-casa-de-montes-claros-utiliza-tecnica-no-tratamento-de-estenose-aortica\/#primaryimage"},"image":{"@id":"https:\/\/www.federassantas.org.br\/novosite\/santa-casa-de-montes-claros-utiliza-tecnica-no-tratamento-de-estenose-aortica\/#primaryimage"},"thumbnailUrl":"https:\/\/www.federassantas.org.br\/novosite\/wp-content\/uploads\/2023\/05\/1-TAVI.jpg","datePublished":"2023-05-16T17:00:43+00:00","breadcrumb":{"@id":"https:\/\/www.federassantas.org.br\/novosite\/santa-casa-de-montes-claros-utiliza-tecnica-no-tratamento-de-estenose-aortica\/#breadcrumb"},"inLanguage":"pt-BR","potentialAction":[{"@type":"ReadAction","target":["https:\/\/www.federassantas.org.br\/novosite\/santa-casa-de-montes-claros-utiliza-tecnica-no-tratamento-de-estenose-aortica\/"]}]},{"@type":"ImageObject","inLanguage":"pt-BR","@id":"https:\/\/www.federassantas.org.br\/novosite\/santa-casa-de-montes-claros-utiliza-tecnica-no-tratamento-de-estenose-aortica\/#primaryimage","url":"https:\/\/www.federassantas.org.br\/novosite\/wp-content\/uploads\/2023\/05\/1-TAVI.jpg","contentUrl":"https:\/\/www.federassantas.org.br\/novosite\/wp-content\/uploads\/2023\/05\/1-TAVI.jpg","width":1600,"height":1200},{"@type":"BreadcrumbList","@id":"https:\/\/www.federassantas.org.br\/novosite\/santa-casa-de-montes-claros-utiliza-tecnica-no-tratamento-de-estenose-aortica\/#breadcrumb","itemListElement":[{"@type":"ListItem","position":1,"name":"In\u00edcio","item":"https:\/\/www.federassantas.org.br\/novosite\/"},{"@type":"ListItem","position":2,"name":"Santa Casa de Montes Claros utiliza t\u00e9cnica no tratamento de estenose a\u00f3rtica"}]},{"@type":"WebSite","@id":"https:\/\/www.federassantas.org.br\/novosite\/#website","url":"https:\/\/www.federassantas.org.br\/novosite\/","name":"Federassantas","description":"Fed. das Santas Casas e Hospitais Filantr\u00f3picos de MG","publisher":{"@id":"https:\/\/www.federassantas.org.br\/novosite\/#organization"},"potentialAction":[{"@type":"SearchAction","target":{"@type":"EntryPoint","urlTemplate":"https:\/\/www.federassantas.org.br\/novosite\/?s={search_term_string}"},"query-input":{"@type":"PropertyValueSpecification","valueRequired":true,"valueName":"search_term_string"}}],"inLanguage":"pt-BR"},{"@type":"Organization","@id":"https:\/\/www.federassantas.org.br\/novosite\/#organization","name":"Federassantas","url":"https:\/\/www.federassantas.org.br\/novosite\/","logo":{"@type":"ImageObject","inLanguage":"pt-BR","@id":"https:\/\/www.federassantas.org.br\/novosite\/#\/schema\/logo\/image\/","url":"https:\/\/www.federassantas.org.br\/novosite\/wp-content\/uploads\/2021\/12\/logo.png","contentUrl":"https:\/\/www.federassantas.org.br\/novosite\/wp-content\/uploads\/2021\/12\/logo.png","width":243,"height":59,"caption":"Federassantas"},"image":{"@id":"https:\/\/www.federassantas.org.br\/novosite\/#\/schema\/logo\/image\/"}},{"@type":"Person","@id":"https:\/\/www.federassantas.org.br\/novosite\/#\/schema\/person\/75fed98158349313fe56175f232f513c","name":"admin-federas","image":{"@type":"ImageObject","inLanguage":"pt-BR","@id":"https:\/\/www.federassantas.org.br\/novosite\/#\/schema\/person\/image\/","url":"https:\/\/secure.gravatar.com\/avatar\/2a02d7dda59fe8dc6b7ffd3f652e2efede5ccf0dd89dfdc8137c5517f3de8407?s=96&d=mm&r=g","contentUrl":"https:\/\/secure.gravatar.com\/avatar\/2a02d7dda59fe8dc6b7ffd3f652e2efede5ccf0dd89dfdc8137c5517f3de8407?s=96&d=mm&r=g","caption":"admin-federas"},"sameAs":["https:\/\/www.federassantas.org.br\/novosite\/"],"url":"https:\/\/www.federassantas.org.br\/novosite\/author\/admin-federas\/"}]}},"_links":{"self":[{"href":"https:\/\/www.federassantas.org.br\/novosite\/wp-json\/wp\/v2\/posts\/28414","targetHints":{"allow":["GET"]}}],"collection":[{"href":"https:\/\/www.federassantas.org.br\/novosite\/wp-json\/wp\/v2\/posts"}],"about":[{"href":"https:\/\/www.federassantas.org.br\/novosite\/wp-json\/wp\/v2\/types\/post"}],"author":[{"embeddable":true,"href":"https:\/\/www.federassantas.org.br\/novosite\/wp-json\/wp\/v2\/users\/1"}],"replies":[{"embeddable":true,"href":"https:\/\/www.federassantas.org.br\/novosite\/wp-json\/wp\/v2\/comments?post=28414"}],"version-history":[{"count":7,"href":"https:\/\/www.federassantas.org.br\/novosite\/wp-json\/wp\/v2\/posts\/28414\/revisions"}],"predecessor-version":[{"id":28424,"href":"https:\/\/www.federassantas.org.br\/novosite\/wp-json\/wp\/v2\/posts\/28414\/revisions\/28424"}],"wp:featuredmedia":[{"embeddable":true,"href":"https:\/\/www.federassantas.org.br\/novosite\/wp-json\/wp\/v2\/media\/28415"}],"wp:attachment":[{"href":"https:\/\/www.federassantas.org.br\/novosite\/wp-json\/wp\/v2\/media?parent=28414"}],"wp:term":[{"taxonomy":"category","embeddable":true,"href":"https:\/\/www.federassantas.org.br\/novosite\/wp-json\/wp\/v2\/categories?post=28414"},{"taxonomy":"post_tag","embeddable":true,"href":"https:\/\/www.federassantas.org.br\/novosite\/wp-json\/wp\/v2\/tags?post=28414"}],"curies":[{"name":"wp","href":"https:\/\/api.w.org\/{rel}","templated":true}]}}