{"id":28425,"date":"2023-05-17T10:41:04","date_gmt":"2023-05-17T13:41:04","guid":{"rendered":"https:\/\/www.federassantas.org.br\/novosite\/?p=28425"},"modified":"2023-05-17T10:41:04","modified_gmt":"2023-05-17T13:41:04","slug":"semana-da-enfermagem","status":"publish","type":"post","link":"https:\/\/www.federassantas.org.br\/novosite\/semana-da-enfermagem\/","title":{"rendered":"Semana da Enfermagem"},"content":{"rendered":"\t\t<div data-elementor-type=\"wp-post\" data-elementor-id=\"28425\" class=\"elementor elementor-28425\" data-elementor-post-type=\"post\">\n\t\t\t\t\t\t<section class=\"elementor-section elementor-top-section elementor-element elementor-element-375f24c elementor-section-boxed elementor-section-height-default elementor-section-height-default\" data-id=\"375f24c\" data-element_type=\"section\" data-e-type=\"section\">\n\t\t\t\t\t\t<div class=\"elementor-container elementor-column-gap-default\">\n\t\t\t\t\t<div class=\"elementor-column elementor-col-100 elementor-top-column elementor-element elementor-element-08aa124\" data-id=\"08aa124\" data-element_type=\"column\" data-e-type=\"column\">\n\t\t\t<div class=\"elementor-widget-wrap elementor-element-populated\">\n\t\t\t\t\t\t<div class=\"elementor-element elementor-element-49835d9 elementor-widget elementor-widget-heading\" data-id=\"49835d9\" data-element_type=\"widget\" data-e-type=\"widget\" data-widget_type=\"heading.default\">\n\t\t\t\t<div class=\"elementor-widget-container\">\n\t\t\t\t\t<h2 class=\"elementor-heading-title elementor-size-default\">Dia e Semana na Enfermagem: Brasil tem mais de 2,7 milh\u00f5es de profissionais que atuam na enfermagem<\/h2>\t\t\t\t<\/div>\n\t\t\t\t<\/div>\n\t\t\t\t\t<\/div>\n\t\t<\/div>\n\t\t\t\t\t<\/div>\n\t\t<\/section>\n\t\t\t\t<section class=\"elementor-section elementor-top-section elementor-element elementor-element-ee102a0 elementor-section-boxed elementor-section-height-default elementor-section-height-default\" data-id=\"ee102a0\" data-element_type=\"section\" data-e-type=\"section\">\n\t\t\t\t\t\t<div class=\"elementor-container elementor-column-gap-default\">\n\t\t\t\t\t<div class=\"elementor-column elementor-col-100 elementor-top-column elementor-element elementor-element-5ac5ba3\" data-id=\"5ac5ba3\" data-element_type=\"column\" data-e-type=\"column\">\n\t\t\t<div class=\"elementor-widget-wrap elementor-element-populated\">\n\t\t\t\t\t\t<div class=\"elementor-element elementor-element-b732706 elementor-widget elementor-widget-text-editor\" data-id=\"b732706\" data-element_type=\"widget\" data-e-type=\"widget\" data-widget_type=\"text-editor.default\">\n\t\t\t\t<div class=\"elementor-widget-container\">\n\t\t\t\t\t\t\t\t\t<p><b><i>Os dados do \u00faltimo levantamento do Conselho Federal de Enfermagem, realizado em 2022,\u00a0s\u00e3o referentes a profissionais que trabalham no setor como auxiliares, t\u00e9cnicos e enfermeiros.<\/i><\/b><\/p><p>Considerados her\u00f3is, os enfermeiros e t\u00e9cnicos de enfermagem assumem importante papel na melhoria cont\u00ednua do atendimento assistencial \u00e0 sa\u00fade. S\u00e3o eles os respons\u00e1veis pelo primeiro atendimento e suporte ao paciente e que interagem com todas as \u00e1reas de um centro de sa\u00fade. A profiss\u00e3o \u00e9 reconhecida desde a metade do s\u00e9culo XIX e uma das mais procuradas para atua\u00e7\u00e3o no mercado.<\/p><p>De acordo com dados do Conselho Federal de Enfermagem (Cofen), no Brasil existem mais de 2,7 milh\u00f5es de profissionais que trabalham na \u00e1rea da enfermagem, entre auxiliares, t\u00e9cnicos e enfermeiros, segundo levantamento de julho de 2022. No dia 12 de maio, o mundo celebra o Dia da Enfermagem, em uma justa homenagem aos profissionais que se dedicam ao bem-estar das pessoas.<\/p><p>A data foi escolhida remete ao anivers\u00e1rio da enfermeira inglesa Florence Nighthingale considerada fundadora da enfermagem moderna. No Brasil, a Semana da Enfermagem \u00e9 comemorada de 12 a 20 de maio em homenagem tamb\u00e9m a Ana N\u00e9ri, uma enfermeira baiana que atuou na guerra do Paraguai.<\/p><p>\u201cEnfermeiros, t\u00e9cnicos e auxiliares de enfermagem sempre foram verdadeiros her\u00f3is. \u00c9 preciso mais do que dom, mas muita disciplina, paci\u00eancia e compaix\u00e3o para atuar na profiss\u00e3o. O mundo passou recentemente por uma pandemia e rendeu aplausos para os enfermeiros que foram essenciais no cuidado aos pacientes. Eles sempre ser\u00e3o fundamentais para a grande miss\u00e3o de servir e parte fundamental para a nossa sa\u00fade\u201d, pontua o enfermeiro Emmanuel Gomes Correa, gerente corporativo de enfermagem da Funda\u00e7\u00e3o S\u00e3o Francisco Xavier.<\/p><p><b>O legado<\/b><\/p><p>O legado de Florence Nightingale e de Ana N\u00e9ri \u00e9 a grande coragem e a vontade de servir ao ser humano como uma miss\u00e3o. Nightingale ganhou destaque ao servir como chefe e treinadora de enfermeiras durante a Guerra da Crimeia entre 1853 a 1856, atendendo soldados feridos. De volta ao seu pa\u00eds, desenvolveu grandes esfor\u00e7os para melhorar as condi\u00e7\u00f5es de tratamentos m\u00e9dicos aos pobres e indigentes.<\/p><p>Nascida na Bahia em 1814, N\u00e9ri foi uma das hero\u00ednas da guerra do Paraguai (1864 a 1870). A enfermeira utilizava os poucos recursos que tinha com sabedoria. Na \u00e9poca em que atuou na guerra, as condi\u00e7\u00f5es sanit\u00e1rias eram prec\u00e1rias e havia muitas doen\u00e7as dif\u00edceis de controlar como c\u00f3lera, febre tif\u00f3ide, mal\u00e1ria e var\u00edola. Por isso, uma de suas maiores preocupa\u00e7\u00f5es era a higiene para que essas doen\u00e7as n\u00e3o se alastrassem ainda mais.<\/p><p>Mais do que cuidar de seus pacientes, Ana e Florence marcaram a hist\u00f3ria da enfermagem no Brasil e no mundo e s\u00e3o inspira\u00e7\u00e3o para a profiss\u00e3o. Assim como dizia a enfermeira inglesa: \u201ca enfermagem \u00e9 uma arte e para realiz\u00e1-la como arte, requer uma devo\u00e7\u00e3o t\u00e3o exclusiva, um preparo t\u00e3o rigoroso, quanto a obra de qualquer pintor ou escultor\u201d. A enfermagem sempre ser\u00e1 a ci\u00eancia e a arte de cuidar de seres humanos com carinho, aten\u00e7\u00e3o e humanidade\u201d, ressalta Emmanuel.<\/p><p>Assessoria de Imprensa: Cintia Neves.<\/p><p><em>Gostaria de divulgar informa\u00e7\u00f5es do seu hospital no site da Federassantas? Acesse a\u00a0<a href=\"https:\/\/www.federassantas.org.br\/novosite\/comunicacao\/\">p\u00e1gina da comunica\u00e7\u00e3o<\/a>\u00a0e nos envie o seu release.<\/em><\/p>\t\t\t\t\t\t\t\t<\/div>\n\t\t\t\t<\/div>\n\t\t\t\t\t<\/div>\n\t\t<\/div>\n\t\t\t\t\t<\/div>\n\t\t<\/section>\n\t\t\t\t<\/div>\n\t\t","protected":false},"excerpt":{"rendered":"<p>Dia e Semana na Enfermagem: Brasil tem mais de 2,7 milh\u00f5es de profissionais que atuam na enfermagem Os dados do \u00faltimo levantamento do Conselho Federal de Enfermagem, realizado em 2022,\u00a0s\u00e3o referentes a profissionais que trabalham no setor como auxiliares, t\u00e9cnicos e enfermeiros. Considerados her\u00f3is, os enfermeiros e t\u00e9cnicos de enfermagem assumem importante papel na melhoria [&hellip;]<\/p>\n","protected":false},"author":1,"featured_media":28431,"comment_status":"open","ping_status":"open","sticky":false,"template":"","format":"standard","meta":{"footnotes":""},"categories":[1],"tags":[303,104,304],"class_list":["post-28425","post","type-post","status-publish","format-standard","has-post-thumbnail","hentry","category-sem-categoria","tag-dia-da-enfermagem","tag-enfermagem","tag-semana-da-enfermagem"],"yoast_head":"<!-- This site is optimized with the Yoast SEO plugin v26.9 - https:\/\/yoast.com\/product\/yoast-seo-wordpress\/ -->\n<title>Semana da Enfermagem - Federassantas<\/title>\n<meta name=\"robots\" content=\"index, follow, max-snippet:-1, max-image-preview:large, max-video-preview:-1\" \/>\n<link rel=\"canonical\" href=\"https:\/\/www.federassantas.org.br\/novosite\/semana-da-enfermagem\/\" \/>\n<meta property=\"og:locale\" content=\"pt_BR\" \/>\n<meta property=\"og:type\" content=\"article\" \/>\n<meta property=\"og:title\" content=\"Semana da Enfermagem - Federassantas\" \/>\n<meta property=\"og:description\" content=\"Dia e Semana na Enfermagem: Brasil tem mais de 2,7 milh\u00f5es de profissionais que atuam na enfermagem Os dados do \u00faltimo levantamento do Conselho Federal de Enfermagem, realizado em 2022,\u00a0s\u00e3o referentes a profissionais que trabalham no setor como auxiliares, t\u00e9cnicos e enfermeiros. Considerados her\u00f3is, os enfermeiros e t\u00e9cnicos de enfermagem assumem importante papel na melhoria [&hellip;]\" \/>\n<meta property=\"og:url\" content=\"https:\/\/www.federassantas.org.br\/novosite\/semana-da-enfermagem\/\" \/>\n<meta property=\"og:site_name\" content=\"Federassantas\" \/>\n<meta property=\"article:published_time\" content=\"2023-05-17T13:41:04+00:00\" \/>\n<meta property=\"og:image\" content=\"https:\/\/www.federassantas.org.br\/novosite\/wp-content\/uploads\/2023\/05\/medica-negra-fazendo-seu-trabalho-1.jpg\" \/>\n\t<meta property=\"og:image:width\" content=\"2000\" \/>\n\t<meta property=\"og:image:height\" content=\"1335\" \/>\n\t<meta property=\"og:image:type\" content=\"image\/jpeg\" \/>\n<meta name=\"author\" content=\"admin-federas\" \/>\n<meta name=\"twitter:card\" content=\"summary_large_image\" \/>\n<meta name=\"twitter:label1\" content=\"Escrito por\" \/>\n\t<meta name=\"twitter:data1\" content=\"admin-federas\" \/>\n\t<meta name=\"twitter:label2\" content=\"Est. tempo de leitura\" \/>\n\t<meta name=\"twitter:data2\" content=\"3 minutos\" \/>\n<script type=\"application\/ld+json\" class=\"yoast-schema-graph\">{\"@context\":\"https:\/\/schema.org\",\"@graph\":[{\"@type\":\"Article\",\"@id\":\"https:\/\/www.federassantas.org.br\/novosite\/semana-da-enfermagem\/#article\",\"isPartOf\":{\"@id\":\"https:\/\/www.federassantas.org.br\/novosite\/semana-da-enfermagem\/\"},\"author\":{\"name\":\"admin-federas\",\"@id\":\"https:\/\/www.federassantas.org.br\/novosite\/#\/schema\/person\/75fed98158349313fe56175f232f513c\"},\"headline\":\"Semana da Enfermagem\",\"datePublished\":\"2023-05-17T13:41:04+00:00\",\"mainEntityOfPage\":{\"@id\":\"https:\/\/www.federassantas.org.br\/novosite\/semana-da-enfermagem\/\"},\"wordCount\":582,\"commentCount\":0,\"publisher\":{\"@id\":\"https:\/\/www.federassantas.org.br\/novosite\/#organization\"},\"image\":{\"@id\":\"https:\/\/www.federassantas.org.br\/novosite\/semana-da-enfermagem\/#primaryimage\"},\"thumbnailUrl\":\"https:\/\/www.federassantas.org.br\/novosite\/wp-content\/uploads\/2023\/05\/medica-negra-fazendo-seu-trabalho-1.jpg\",\"keywords\":[\"Dia da Enfermagem\",\"Enfermagem\",\"Semana da Enfermagem\"],\"inLanguage\":\"pt-BR\",\"potentialAction\":[{\"@type\":\"CommentAction\",\"name\":\"Comment\",\"target\":[\"https:\/\/www.federassantas.org.br\/novosite\/semana-da-enfermagem\/#respond\"]}]},{\"@type\":\"WebPage\",\"@id\":\"https:\/\/www.federassantas.org.br\/novosite\/semana-da-enfermagem\/\",\"url\":\"https:\/\/www.federassantas.org.br\/novosite\/semana-da-enfermagem\/\",\"name\":\"Semana da Enfermagem - Federassantas\",\"isPartOf\":{\"@id\":\"https:\/\/www.federassantas.org.br\/novosite\/#website\"},\"primaryImageOfPage\":{\"@id\":\"https:\/\/www.federassantas.org.br\/novosite\/semana-da-enfermagem\/#primaryimage\"},\"image\":{\"@id\":\"https:\/\/www.federassantas.org.br\/novosite\/semana-da-enfermagem\/#primaryimage\"},\"thumbnailUrl\":\"https:\/\/www.federassantas.org.br\/novosite\/wp-content\/uploads\/2023\/05\/medica-negra-fazendo-seu-trabalho-1.jpg\",\"datePublished\":\"2023-05-17T13:41:04+00:00\",\"breadcrumb\":{\"@id\":\"https:\/\/www.federassantas.org.br\/novosite\/semana-da-enfermagem\/#breadcrumb\"},\"inLanguage\":\"pt-BR\",\"potentialAction\":[{\"@type\":\"ReadAction\",\"target\":[\"https:\/\/www.federassantas.org.br\/novosite\/semana-da-enfermagem\/\"]}]},{\"@type\":\"ImageObject\",\"inLanguage\":\"pt-BR\",\"@id\":\"https:\/\/www.federassantas.org.br\/novosite\/semana-da-enfermagem\/#primaryimage\",\"url\":\"https:\/\/www.federassantas.org.br\/novosite\/wp-content\/uploads\/2023\/05\/medica-negra-fazendo-seu-trabalho-1.jpg\",\"contentUrl\":\"https:\/\/www.federassantas.org.br\/novosite\/wp-content\/uploads\/2023\/05\/medica-negra-fazendo-seu-trabalho-1.jpg\",\"width\":2000,\"height\":1335},{\"@type\":\"BreadcrumbList\",\"@id\":\"https:\/\/www.federassantas.org.br\/novosite\/semana-da-enfermagem\/#breadcrumb\",\"itemListElement\":[{\"@type\":\"ListItem\",\"position\":1,\"name\":\"In\u00edcio\",\"item\":\"https:\/\/www.federassantas.org.br\/novosite\/\"},{\"@type\":\"ListItem\",\"position\":2,\"name\":\"Semana da Enfermagem\"}]},{\"@type\":\"WebSite\",\"@id\":\"https:\/\/www.federassantas.org.br\/novosite\/#website\",\"url\":\"https:\/\/www.federassantas.org.br\/novosite\/\",\"name\":\"Federassantas\",\"description\":\"Fed. das Santas Casas e Hospitais Filantr\u00f3picos de MG\",\"publisher\":{\"@id\":\"https:\/\/www.federassantas.org.br\/novosite\/#organization\"},\"potentialAction\":[{\"@type\":\"SearchAction\",\"target\":{\"@type\":\"EntryPoint\",\"urlTemplate\":\"https:\/\/www.federassantas.org.br\/novosite\/?s={search_term_string}\"},\"query-input\":{\"@type\":\"PropertyValueSpecification\",\"valueRequired\":true,\"valueName\":\"search_term_string\"}}],\"inLanguage\":\"pt-BR\"},{\"@type\":\"Organization\",\"@id\":\"https:\/\/www.federassantas.org.br\/novosite\/#organization\",\"name\":\"Federassantas\",\"url\":\"https:\/\/www.federassantas.org.br\/novosite\/\",\"logo\":{\"@type\":\"ImageObject\",\"inLanguage\":\"pt-BR\",\"@id\":\"https:\/\/www.federassantas.org.br\/novosite\/#\/schema\/logo\/image\/\",\"url\":\"https:\/\/www.federassantas.org.br\/novosite\/wp-content\/uploads\/2021\/12\/logo.png\",\"contentUrl\":\"https:\/\/www.federassantas.org.br\/novosite\/wp-content\/uploads\/2021\/12\/logo.png\",\"width\":243,\"height\":59,\"caption\":\"Federassantas\"},\"image\":{\"@id\":\"https:\/\/www.federassantas.org.br\/novosite\/#\/schema\/logo\/image\/\"}},{\"@type\":\"Person\",\"@id\":\"https:\/\/www.federassantas.org.br\/novosite\/#\/schema\/person\/75fed98158349313fe56175f232f513c\",\"name\":\"admin-federas\",\"image\":{\"@type\":\"ImageObject\",\"inLanguage\":\"pt-BR\",\"@id\":\"https:\/\/www.federassantas.org.br\/novosite\/#\/schema\/person\/image\/\",\"url\":\"https:\/\/secure.gravatar.com\/avatar\/2a02d7dda59fe8dc6b7ffd3f652e2efede5ccf0dd89dfdc8137c5517f3de8407?s=96&d=mm&r=g\",\"contentUrl\":\"https:\/\/secure.gravatar.com\/avatar\/2a02d7dda59fe8dc6b7ffd3f652e2efede5ccf0dd89dfdc8137c5517f3de8407?s=96&d=mm&r=g\",\"caption\":\"admin-federas\"},\"sameAs\":[\"https:\/\/www.federassantas.org.br\/novosite\/\"],\"url\":\"https:\/\/www.federassantas.org.br\/novosite\/author\/admin-federas\/\"}]}<\/script>\n<!-- \/ Yoast SEO plugin. -->","yoast_head_json":{"title":"Semana da Enfermagem - Federassantas","robots":{"index":"index","follow":"follow","max-snippet":"max-snippet:-1","max-image-preview":"max-image-preview:large","max-video-preview":"max-video-preview:-1"},"canonical":"https:\/\/www.federassantas.org.br\/novosite\/semana-da-enfermagem\/","og_locale":"pt_BR","og_type":"article","og_title":"Semana da Enfermagem - Federassantas","og_description":"Dia e Semana na Enfermagem: Brasil tem mais de 2,7 milh\u00f5es de profissionais que atuam na enfermagem Os dados do \u00faltimo levantamento do Conselho Federal de Enfermagem, realizado em 2022,\u00a0s\u00e3o referentes a profissionais que trabalham no setor como auxiliares, t\u00e9cnicos e enfermeiros. Considerados her\u00f3is, os enfermeiros e t\u00e9cnicos de enfermagem assumem importante papel na melhoria [&hellip;]","og_url":"https:\/\/www.federassantas.org.br\/novosite\/semana-da-enfermagem\/","og_site_name":"Federassantas","article_published_time":"2023-05-17T13:41:04+00:00","og_image":[{"width":2000,"height":1335,"url":"https:\/\/www.federassantas.org.br\/novosite\/wp-content\/uploads\/2023\/05\/medica-negra-fazendo-seu-trabalho-1.jpg","type":"image\/jpeg"}],"author":"admin-federas","twitter_card":"summary_large_image","twitter_misc":{"Escrito por":"admin-federas","Est. tempo de leitura":"3 minutos"},"schema":{"@context":"https:\/\/schema.org","@graph":[{"@type":"Article","@id":"https:\/\/www.federassantas.org.br\/novosite\/semana-da-enfermagem\/#article","isPartOf":{"@id":"https:\/\/www.federassantas.org.br\/novosite\/semana-da-enfermagem\/"},"author":{"name":"admin-federas","@id":"https:\/\/www.federassantas.org.br\/novosite\/#\/schema\/person\/75fed98158349313fe56175f232f513c"},"headline":"Semana da Enfermagem","datePublished":"2023-05-17T13:41:04+00:00","mainEntityOfPage":{"@id":"https:\/\/www.federassantas.org.br\/novosite\/semana-da-enfermagem\/"},"wordCount":582,"commentCount":0,"publisher":{"@id":"https:\/\/www.federassantas.org.br\/novosite\/#organization"},"image":{"@id":"https:\/\/www.federassantas.org.br\/novosite\/semana-da-enfermagem\/#primaryimage"},"thumbnailUrl":"https:\/\/www.federassantas.org.br\/novosite\/wp-content\/uploads\/2023\/05\/medica-negra-fazendo-seu-trabalho-1.jpg","keywords":["Dia da Enfermagem","Enfermagem","Semana da Enfermagem"],"inLanguage":"pt-BR","potentialAction":[{"@type":"CommentAction","name":"Comment","target":["https:\/\/www.federassantas.org.br\/novosite\/semana-da-enfermagem\/#respond"]}]},{"@type":"WebPage","@id":"https:\/\/www.federassantas.org.br\/novosite\/semana-da-enfermagem\/","url":"https:\/\/www.federassantas.org.br\/novosite\/semana-da-enfermagem\/","name":"Semana da Enfermagem - Federassantas","isPartOf":{"@id":"https:\/\/www.federassantas.org.br\/novosite\/#website"},"primaryImageOfPage":{"@id":"https:\/\/www.federassantas.org.br\/novosite\/semana-da-enfermagem\/#primaryimage"},"image":{"@id":"https:\/\/www.federassantas.org.br\/novosite\/semana-da-enfermagem\/#primaryimage"},"thumbnailUrl":"https:\/\/www.federassantas.org.br\/novosite\/wp-content\/uploads\/2023\/05\/medica-negra-fazendo-seu-trabalho-1.jpg","datePublished":"2023-05-17T13:41:04+00:00","breadcrumb":{"@id":"https:\/\/www.federassantas.org.br\/novosite\/semana-da-enfermagem\/#breadcrumb"},"inLanguage":"pt-BR","potentialAction":[{"@type":"ReadAction","target":["https:\/\/www.federassantas.org.br\/novosite\/semana-da-enfermagem\/"]}]},{"@type":"ImageObject","inLanguage":"pt-BR","@id":"https:\/\/www.federassantas.org.br\/novosite\/semana-da-enfermagem\/#primaryimage","url":"https:\/\/www.federassantas.org.br\/novosite\/wp-content\/uploads\/2023\/05\/medica-negra-fazendo-seu-trabalho-1.jpg","contentUrl":"https:\/\/www.federassantas.org.br\/novosite\/wp-content\/uploads\/2023\/05\/medica-negra-fazendo-seu-trabalho-1.jpg","width":2000,"height":1335},{"@type":"BreadcrumbList","@id":"https:\/\/www.federassantas.org.br\/novosite\/semana-da-enfermagem\/#breadcrumb","itemListElement":[{"@type":"ListItem","position":1,"name":"In\u00edcio","item":"https:\/\/www.federassantas.org.br\/novosite\/"},{"@type":"ListItem","position":2,"name":"Semana da Enfermagem"}]},{"@type":"WebSite","@id":"https:\/\/www.federassantas.org.br\/novosite\/#website","url":"https:\/\/www.federassantas.org.br\/novosite\/","name":"Federassantas","description":"Fed. das Santas Casas e Hospitais Filantr\u00f3picos de MG","publisher":{"@id":"https:\/\/www.federassantas.org.br\/novosite\/#organization"},"potentialAction":[{"@type":"SearchAction","target":{"@type":"EntryPoint","urlTemplate":"https:\/\/www.federassantas.org.br\/novosite\/?s={search_term_string}"},"query-input":{"@type":"PropertyValueSpecification","valueRequired":true,"valueName":"search_term_string"}}],"inLanguage":"pt-BR"},{"@type":"Organization","@id":"https:\/\/www.federassantas.org.br\/novosite\/#organization","name":"Federassantas","url":"https:\/\/www.federassantas.org.br\/novosite\/","logo":{"@type":"ImageObject","inLanguage":"pt-BR","@id":"https:\/\/www.federassantas.org.br\/novosite\/#\/schema\/logo\/image\/","url":"https:\/\/www.federassantas.org.br\/novosite\/wp-content\/uploads\/2021\/12\/logo.png","contentUrl":"https:\/\/www.federassantas.org.br\/novosite\/wp-content\/uploads\/2021\/12\/logo.png","width":243,"height":59,"caption":"Federassantas"},"image":{"@id":"https:\/\/www.federassantas.org.br\/novosite\/#\/schema\/logo\/image\/"}},{"@type":"Person","@id":"https:\/\/www.federassantas.org.br\/novosite\/#\/schema\/person\/75fed98158349313fe56175f232f513c","name":"admin-federas","image":{"@type":"ImageObject","inLanguage":"pt-BR","@id":"https:\/\/www.federassantas.org.br\/novosite\/#\/schema\/person\/image\/","url":"https:\/\/secure.gravatar.com\/avatar\/2a02d7dda59fe8dc6b7ffd3f652e2efede5ccf0dd89dfdc8137c5517f3de8407?s=96&d=mm&r=g","contentUrl":"https:\/\/secure.gravatar.com\/avatar\/2a02d7dda59fe8dc6b7ffd3f652e2efede5ccf0dd89dfdc8137c5517f3de8407?s=96&d=mm&r=g","caption":"admin-federas"},"sameAs":["https:\/\/www.federassantas.org.br\/novosite\/"],"url":"https:\/\/www.federassantas.org.br\/novosite\/author\/admin-federas\/"}]}},"_links":{"self":[{"href":"https:\/\/www.federassantas.org.br\/novosite\/wp-json\/wp\/v2\/posts\/28425","targetHints":{"allow":["GET"]}}],"collection":[{"href":"https:\/\/www.federassantas.org.br\/novosite\/wp-json\/wp\/v2\/posts"}],"about":[{"href":"https:\/\/www.federassantas.org.br\/novosite\/wp-json\/wp\/v2\/types\/post"}],"author":[{"embeddable":true,"href":"https:\/\/www.federassantas.org.br\/novosite\/wp-json\/wp\/v2\/users\/1"}],"replies":[{"embeddable":true,"href":"https:\/\/www.federassantas.org.br\/novosite\/wp-json\/wp\/v2\/comments?post=28425"}],"version-history":[{"count":5,"href":"https:\/\/www.federassantas.org.br\/novosite\/wp-json\/wp\/v2\/posts\/28425\/revisions"}],"predecessor-version":[{"id":28432,"href":"https:\/\/www.federassantas.org.br\/novosite\/wp-json\/wp\/v2\/posts\/28425\/revisions\/28432"}],"wp:featuredmedia":[{"embeddable":true,"href":"https:\/\/www.federassantas.org.br\/novosite\/wp-json\/wp\/v2\/media\/28431"}],"wp:attachment":[{"href":"https:\/\/www.federassantas.org.br\/novosite\/wp-json\/wp\/v2\/media?parent=28425"}],"wp:term":[{"taxonomy":"category","embeddable":true,"href":"https:\/\/www.federassantas.org.br\/novosite\/wp-json\/wp\/v2\/categories?post=28425"},{"taxonomy":"post_tag","embeddable":true,"href":"https:\/\/www.federassantas.org.br\/novosite\/wp-json\/wp\/v2\/tags?post=28425"}],"curies":[{"name":"wp","href":"https:\/\/api.w.org\/{rel}","templated":true}]}}