{"id":32716,"date":"2024-04-10T12:39:27","date_gmt":"2024-04-10T15:39:27","guid":{"rendered":"https:\/\/www.federassantas.org.br\/novosite\/?p=32716"},"modified":"2024-04-10T12:41:18","modified_gmt":"2024-04-10T15:41:18","slug":"hepatites-virais-matam-35-mil-por-dia-no-mundo-alerta-oms","status":"publish","type":"post","link":"https:\/\/www.federassantas.org.br\/novosite\/hepatites-virais-matam-35-mil-por-dia-no-mundo-alerta-oms\/","title":{"rendered":"Hepatites virais matam 3,5 mil por dia no mundo, alerta OMS"},"content":{"rendered":"\t\t<div data-elementor-type=\"wp-post\" data-elementor-id=\"32716\" class=\"elementor elementor-32716\" data-elementor-post-type=\"post\">\n\t\t\t\t\t\t<section class=\"elementor-section elementor-top-section elementor-element elementor-element-44b09b3 elementor-section-boxed elementor-section-height-default elementor-section-height-default\" data-id=\"44b09b3\" data-element_type=\"section\" data-e-type=\"section\">\n\t\t\t\t\t\t<div class=\"elementor-container elementor-column-gap-default\">\n\t\t\t\t\t<div class=\"elementor-column elementor-col-100 elementor-top-column elementor-element elementor-element-7036b9a\" data-id=\"7036b9a\" data-element_type=\"column\" data-e-type=\"column\">\n\t\t\t<div class=\"elementor-widget-wrap elementor-element-populated\">\n\t\t\t\t\t\t<div class=\"elementor-element elementor-element-4d0e9fa elementor-widget elementor-widget-heading\" data-id=\"4d0e9fa\" data-element_type=\"widget\" data-e-type=\"widget\" data-widget_type=\"heading.default\">\n\t\t\t\t<div class=\"elementor-widget-container\">\n\t\t\t\t\t<h2 class=\"elementor-heading-title elementor-size-default\">Hepatites virais matam 3,5 mil por dia no mundo, alerta OMS<\/h2>\t\t\t\t<\/div>\n\t\t\t\t<\/div>\n\t\t\t\t\t<\/div>\n\t\t<\/div>\n\t\t\t\t\t<\/div>\n\t\t<\/section>\n\t\t\t\t<section class=\"elementor-section elementor-top-section elementor-element elementor-element-236591c elementor-section-boxed elementor-section-height-default elementor-section-height-default\" data-id=\"236591c\" data-element_type=\"section\" data-e-type=\"section\">\n\t\t\t\t\t\t<div class=\"elementor-container elementor-column-gap-default\">\n\t\t\t\t\t<div class=\"elementor-column elementor-col-100 elementor-top-column elementor-element elementor-element-0e5e0e0\" data-id=\"0e5e0e0\" data-element_type=\"column\" data-e-type=\"column\">\n\t\t\t<div class=\"elementor-widget-wrap elementor-element-populated\">\n\t\t\t\t\t\t<div class=\"elementor-element elementor-element-c234eb3 elementor-widget elementor-widget-text-editor\" data-id=\"c234eb3\" data-element_type=\"widget\" data-e-type=\"widget\" data-widget_type=\"text-editor.default\">\n\t\t\t\t<div class=\"elementor-widget-container\">\n\t\t\t\t\t\t\t\t\t<p>As mortes por hepatites virais est\u00e3o aumentando em todo o mundo e a doen\u00e7a j\u00e1 responde como a segunda principal causa infecciosa de morte no planeta, contabilizando 3,5 mil \u00f3bitos por dia e 1,3 milh\u00e3o por ano \u2013 mesmo total de mortes causadas pela tuberculose, que ocupa o primeiro lugar no ranking. O alerta foi feito nesta ter\u00e7a-feira (9) pela Organiza\u00e7\u00e3o Mundial da Sa\u00fade (OMS).<\/p>\n<p>Estudo divulgado pela entidade destaca que, apesar de melhores ferramentas para diagn\u00f3stico e tratamento dispon\u00edveis, al\u00e9m da queda no pre\u00e7o desses produtos, a testagem e a quantidade de pacientes em tratamento estagnaram. \u201cMesmo assim, atingir a meta de elimina\u00e7\u00e3o das hepatites virais at\u00e9 2030, proposta pela OMS, ainda \u00e9 algo poss\u00edvel, desde que medidas r\u00e1pidas sejam tomadas agora\u201d.<\/p>\n<p>Os dados mostram que as mortes por hepatites virais registradas em 187 pa\u00edses passaram de 1,1 milh\u00e3o em 2019 para 1,3 milh\u00e3o em 2022. Desse total, 83% foram causadas pela hepatite B e 17%, pela hepatite C. Para o diretor-geral da OMS, Tedros Adhanom Ghebreyesus, os \u00f3bitos aumentaram porque pouqu\u00edssimas pessoas com a doen\u00e7a t\u00eam acesso ao diagn\u00f3stico e tratamento adequado.<\/p>\n<h2>Casos<\/h2>\n<p>A estimativa da entidade \u00e9 que 254 milh\u00f5es de pessoas viviam com hepatite B e 50 milh\u00f5es com hepatite C em 2022 \u2013 mais da metade das infec\u00e7\u00f5es foram registradas entre adultos com idade de 30 a 54 anos e 12%, entre crian\u00e7as e adolescentes menores de 18 anos. Homens respondem por 58% de todas as infec\u00e7\u00f5es.<\/p>\n<p>Apesar de uma leve queda no n\u00famero de casos entre 2019 e 2022, a incid\u00eancia da doen\u00e7a no mundo, segundo a OMS, permanece alta. Em 2022, foram contabilizadas 2,2 milh\u00f5es de novas infec\u00e7\u00f5es, contra 2,5 milh\u00f5es em 2019. \u201cMais de 6 mil pessoas est\u00e3o sendo infectadas por hepatites virais todos os dias\u201d, destacou o estudo.<\/p>\n<h2>Tratamento<\/h2>\n<p>Os n\u00fameros mostram que, em todas as regi\u00f5es do mundo, at\u00e9 o fim de 2022, cerca de 13% das pessoas que viviam com infec\u00e7\u00e3o cr\u00f4nica por hepatite B haviam sido diagnosticadas, enquanto 3% recebiam terapia antirretroviral indicada para tratar a doen\u00e7a. No caso da hepatite B, 36% foram diagnosticadas e 20% recebiam tratamento contra a infec\u00e7\u00e3o.<\/p>\n<p>\u201cAmbos os resultados est\u00e3o bem abaixo da meta global de tratar 80% das pessoas vivendo com hepatite B cr\u00f4nica e com hepatite C at\u00e9 2030. Entretanto, eles indicam uma leve, mas consistente melhora no diagn\u00f3stico e na cobertura de tratamento da doen\u00e7a desde o \u00faltimo balan\u00e7o, em 2019\u201d, destacou a OMS.<\/p>\n<p>Os diagn\u00f3sticos de hepatite B aumentaram de 10% para 13% no per\u00edodo, enquanto o acesso ao tratamento passou de 2% para 3%. Entre as infec\u00e7\u00f5es por hepatite C, o diagn\u00f3stico aumentou de 21% para 36% e o acesso ao tratamento, de 13% para 20%.<\/p>\n<h2>Disparidades<\/h2>\n<p>O estudo ressalta que os dados variam drasticamente de regi\u00e3o para regi\u00e3o. O Continente Africano responde por 63% das novas infec\u00e7\u00f5es por hepatite B. Ainda assim, s\u00f3 18% dos rec\u00e9m-nascidos na regi\u00e3o foram imunizados contra a doen\u00e7a ap\u00f3s o parto. J\u00e1 a regi\u00e3o do Pac\u00edfico Ocidental responde por 47% das mortes por hepatite B, e apenas 23% das pessoas diagnosticadas t\u00eam acesso ao tratamento.<\/p>\n<p>Bangladesh, China, Eti\u00f3pia, \u00cdndia, Indon\u00e9sia, Nig\u00e9ria, Paquist\u00e3o, Filipinas, R\u00fassia e Vietn\u00e3, juntos, respondem por quase dois ter\u00e7os do fardo global das hepatites B e C. \u201cAlcan\u00e7ar o acesso universal \u00e0 preven\u00e7\u00e3o, ao diagn\u00f3stico e ao tratamento nestes dez pa\u00edses at\u00e9 2025, juntamente com esfor\u00e7os intensificados na regi\u00e3o africana, \u00e9 essencial para colocar a resposta global de volta no caminho certo e cumprir os Objetivos de Desenvolvimento Sustent\u00e1vel\u201d.<\/p>\n<h2>Recomenda\u00e7\u00f5es<\/h2>\n<p>Dentre as recomenda\u00e7\u00f5es publicadas pela OMS, com o objetivo de acelerar o combate \u00e0s hepatites virais, est\u00e3o ampliar o acesso \u00e0 testagem e ao diagn\u00f3stico; ofertar tratamento equitativo; ampliar os esfor\u00e7os de preven\u00e7\u00e3o na aten\u00e7\u00e3o prim\u00e1ria; e mobilizar financiamentos inovadores.<\/p>\n<p>\u201cO financiamento para as hepatites virais, tanto em n\u00edvel global como no \u00e2mbito dos or\u00e7amentos de sa\u00fade de cada pa\u00eds, n\u00e3o \u00e9 suficiente para satisfazer as necessidades. Isso resulta de uma combina\u00e7\u00e3o de fatores, incluindo a consci\u00eancia limitada de interven\u00e7\u00f5es e ferramentas que podem salvar vidas, bem como prioridades concorrentes nas agendas globais de sa\u00fade\u201d, concluiu a entidade.<\/p><p>Fonte: Ag\u00eancia Brasil<\/p>\t\t\t\t\t\t\t\t<\/div>\n\t\t\t\t<\/div>\n\t\t\t\t\t<\/div>\n\t\t<\/div>\n\t\t\t\t\t<\/div>\n\t\t<\/section>\n\t\t\t\t<\/div>\n\t\t","protected":false},"excerpt":{"rendered":"<p>Hepatites virais matam 3,5 mil por dia no mundo, alerta OMS As mortes por hepatites virais est\u00e3o aumentando em todo o mundo e a doen\u00e7a j\u00e1 responde como a segunda principal causa infecciosa de morte no planeta, contabilizando 3,5 mil \u00f3bitos por dia e 1,3 milh\u00e3o por ano \u2013 mesmo total de mortes causadas pela [&hellip;]<\/p>\n","protected":false},"author":1,"featured_media":32717,"comment_status":"open","ping_status":"open","sticky":false,"template":"","format":"standard","meta":{"footnotes":""},"categories":[143],"tags":[693,467,864,507],"class_list":["post-32716","post","type-post","status-publish","format-standard","has-post-thumbnail","hentry","category-noticias-publicas","tag-agencia-brasil","tag-clipagem","tag-hepatites","tag-oms"],"yoast_head":"<!-- This site is optimized with the Yoast SEO plugin v26.9 - https:\/\/yoast.com\/product\/yoast-seo-wordpress\/ -->\n<title>Hepatites virais matam 3,5 mil por dia no mundo, alerta OMS - Federassantas<\/title>\n<meta name=\"robots\" content=\"index, follow, max-snippet:-1, max-image-preview:large, max-video-preview:-1\" \/>\n<link rel=\"canonical\" href=\"https:\/\/www.federassantas.org.br\/novosite\/hepatites-virais-matam-35-mil-por-dia-no-mundo-alerta-oms\/\" \/>\n<meta property=\"og:locale\" content=\"pt_BR\" \/>\n<meta property=\"og:type\" content=\"article\" \/>\n<meta property=\"og:title\" content=\"Hepatites virais matam 3,5 mil por dia no mundo, alerta OMS - Federassantas\" \/>\n<meta property=\"og:description\" content=\"Hepatites virais matam 3,5 mil por dia no mundo, alerta OMS As mortes por hepatites virais est\u00e3o aumentando em todo o mundo e a doen\u00e7a j\u00e1 responde como a segunda principal causa infecciosa de morte no planeta, contabilizando 3,5 mil \u00f3bitos por dia e 1,3 milh\u00e3o por ano \u2013 mesmo total de mortes causadas pela [&hellip;]\" \/>\n<meta property=\"og:url\" content=\"https:\/\/www.federassantas.org.br\/novosite\/hepatites-virais-matam-35-mil-por-dia-no-mundo-alerta-oms\/\" \/>\n<meta property=\"og:site_name\" content=\"Federassantas\" \/>\n<meta property=\"article:published_time\" content=\"2024-04-10T15:39:27+00:00\" \/>\n<meta property=\"article:modified_time\" content=\"2024-04-10T15:41:18+00:00\" \/>\n<meta property=\"og:image\" content=\"https:\/\/www.federassantas.org.br\/novosite\/wp-content\/uploads\/2024\/04\/2024-02-16t105128z_1_lynxnpek1f0au_rtroptp_4_health-obesity-who.webp\" \/>\n\t<meta property=\"og:image:width\" content=\"1170\" \/>\n\t<meta property=\"og:image:height\" content=\"700\" \/>\n\t<meta property=\"og:image:type\" content=\"image\/webp\" \/>\n<meta name=\"author\" content=\"admin-federas\" \/>\n<meta name=\"twitter:card\" content=\"summary_large_image\" \/>\n<meta name=\"twitter:label1\" content=\"Escrito por\" \/>\n\t<meta name=\"twitter:data1\" content=\"admin-federas\" \/>\n\t<meta name=\"twitter:label2\" content=\"Est. tempo de leitura\" \/>\n\t<meta name=\"twitter:data2\" content=\"4 minutos\" \/>\n<script type=\"application\/ld+json\" class=\"yoast-schema-graph\">{\"@context\":\"https:\/\/schema.org\",\"@graph\":[{\"@type\":\"Article\",\"@id\":\"https:\/\/www.federassantas.org.br\/novosite\/hepatites-virais-matam-35-mil-por-dia-no-mundo-alerta-oms\/#article\",\"isPartOf\":{\"@id\":\"https:\/\/www.federassantas.org.br\/novosite\/hepatites-virais-matam-35-mil-por-dia-no-mundo-alerta-oms\/\"},\"author\":{\"name\":\"admin-federas\",\"@id\":\"https:\/\/www.federassantas.org.br\/novosite\/#\/schema\/person\/75fed98158349313fe56175f232f513c\"},\"headline\":\"Hepatites virais matam 3,5 mil por dia no mundo, alerta OMS\",\"datePublished\":\"2024-04-10T15:39:27+00:00\",\"dateModified\":\"2024-04-10T15:41:18+00:00\",\"mainEntityOfPage\":{\"@id\":\"https:\/\/www.federassantas.org.br\/novosite\/hepatites-virais-matam-35-mil-por-dia-no-mundo-alerta-oms\/\"},\"wordCount\":736,\"commentCount\":0,\"publisher\":{\"@id\":\"https:\/\/www.federassantas.org.br\/novosite\/#organization\"},\"image\":{\"@id\":\"https:\/\/www.federassantas.org.br\/novosite\/hepatites-virais-matam-35-mil-por-dia-no-mundo-alerta-oms\/#primaryimage\"},\"thumbnailUrl\":\"https:\/\/www.federassantas.org.br\/novosite\/wp-content\/uploads\/2024\/04\/2024-02-16t105128z_1_lynxnpek1f0au_rtroptp_4_health-obesity-who.webp\",\"keywords\":[\"agencia brasil\",\"Clipagem\",\"Hepatites\",\"OMS\"],\"articleSection\":[\"Not\u00edcias P\u00fablicas\"],\"inLanguage\":\"pt-BR\",\"potentialAction\":[{\"@type\":\"CommentAction\",\"name\":\"Comment\",\"target\":[\"https:\/\/www.federassantas.org.br\/novosite\/hepatites-virais-matam-35-mil-por-dia-no-mundo-alerta-oms\/#respond\"]}]},{\"@type\":\"WebPage\",\"@id\":\"https:\/\/www.federassantas.org.br\/novosite\/hepatites-virais-matam-35-mil-por-dia-no-mundo-alerta-oms\/\",\"url\":\"https:\/\/www.federassantas.org.br\/novosite\/hepatites-virais-matam-35-mil-por-dia-no-mundo-alerta-oms\/\",\"name\":\"Hepatites virais matam 3,5 mil por dia no mundo, alerta OMS - Federassantas\",\"isPartOf\":{\"@id\":\"https:\/\/www.federassantas.org.br\/novosite\/#website\"},\"primaryImageOfPage\":{\"@id\":\"https:\/\/www.federassantas.org.br\/novosite\/hepatites-virais-matam-35-mil-por-dia-no-mundo-alerta-oms\/#primaryimage\"},\"image\":{\"@id\":\"https:\/\/www.federassantas.org.br\/novosite\/hepatites-virais-matam-35-mil-por-dia-no-mundo-alerta-oms\/#primaryimage\"},\"thumbnailUrl\":\"https:\/\/www.federassantas.org.br\/novosite\/wp-content\/uploads\/2024\/04\/2024-02-16t105128z_1_lynxnpek1f0au_rtroptp_4_health-obesity-who.webp\",\"datePublished\":\"2024-04-10T15:39:27+00:00\",\"dateModified\":\"2024-04-10T15:41:18+00:00\",\"breadcrumb\":{\"@id\":\"https:\/\/www.federassantas.org.br\/novosite\/hepatites-virais-matam-35-mil-por-dia-no-mundo-alerta-oms\/#breadcrumb\"},\"inLanguage\":\"pt-BR\",\"potentialAction\":[{\"@type\":\"ReadAction\",\"target\":[\"https:\/\/www.federassantas.org.br\/novosite\/hepatites-virais-matam-35-mil-por-dia-no-mundo-alerta-oms\/\"]}]},{\"@type\":\"ImageObject\",\"inLanguage\":\"pt-BR\",\"@id\":\"https:\/\/www.federassantas.org.br\/novosite\/hepatites-virais-matam-35-mil-por-dia-no-mundo-alerta-oms\/#primaryimage\",\"url\":\"https:\/\/www.federassantas.org.br\/novosite\/wp-content\/uploads\/2024\/04\/2024-02-16t105128z_1_lynxnpek1f0au_rtroptp_4_health-obesity-who.webp\",\"contentUrl\":\"https:\/\/www.federassantas.org.br\/novosite\/wp-content\/uploads\/2024\/04\/2024-02-16t105128z_1_lynxnpek1f0au_rtroptp_4_health-obesity-who.webp\",\"width\":1170,\"height\":700},{\"@type\":\"BreadcrumbList\",\"@id\":\"https:\/\/www.federassantas.org.br\/novosite\/hepatites-virais-matam-35-mil-por-dia-no-mundo-alerta-oms\/#breadcrumb\",\"itemListElement\":[{\"@type\":\"ListItem\",\"position\":1,\"name\":\"In\u00edcio\",\"item\":\"https:\/\/www.federassantas.org.br\/novosite\/\"},{\"@type\":\"ListItem\",\"position\":2,\"name\":\"Hepatites virais matam 3,5 mil por dia no mundo, alerta OMS\"}]},{\"@type\":\"WebSite\",\"@id\":\"https:\/\/www.federassantas.org.br\/novosite\/#website\",\"url\":\"https:\/\/www.federassantas.org.br\/novosite\/\",\"name\":\"Federassantas\",\"description\":\"Fed. das Santas Casas e Hospitais Filantr\u00f3picos de MG\",\"publisher\":{\"@id\":\"https:\/\/www.federassantas.org.br\/novosite\/#organization\"},\"potentialAction\":[{\"@type\":\"SearchAction\",\"target\":{\"@type\":\"EntryPoint\",\"urlTemplate\":\"https:\/\/www.federassantas.org.br\/novosite\/?s={search_term_string}\"},\"query-input\":{\"@type\":\"PropertyValueSpecification\",\"valueRequired\":true,\"valueName\":\"search_term_string\"}}],\"inLanguage\":\"pt-BR\"},{\"@type\":\"Organization\",\"@id\":\"https:\/\/www.federassantas.org.br\/novosite\/#organization\",\"name\":\"Federassantas\",\"url\":\"https:\/\/www.federassantas.org.br\/novosite\/\",\"logo\":{\"@type\":\"ImageObject\",\"inLanguage\":\"pt-BR\",\"@id\":\"https:\/\/www.federassantas.org.br\/novosite\/#\/schema\/logo\/image\/\",\"url\":\"https:\/\/www.federassantas.org.br\/novosite\/wp-content\/uploads\/2021\/12\/logo.png\",\"contentUrl\":\"https:\/\/www.federassantas.org.br\/novosite\/wp-content\/uploads\/2021\/12\/logo.png\",\"width\":243,\"height\":59,\"caption\":\"Federassantas\"},\"image\":{\"@id\":\"https:\/\/www.federassantas.org.br\/novosite\/#\/schema\/logo\/image\/\"}},{\"@type\":\"Person\",\"@id\":\"https:\/\/www.federassantas.org.br\/novosite\/#\/schema\/person\/75fed98158349313fe56175f232f513c\",\"name\":\"admin-federas\",\"image\":{\"@type\":\"ImageObject\",\"inLanguage\":\"pt-BR\",\"@id\":\"https:\/\/www.federassantas.org.br\/novosite\/#\/schema\/person\/image\/\",\"url\":\"https:\/\/secure.gravatar.com\/avatar\/2a02d7dda59fe8dc6b7ffd3f652e2efede5ccf0dd89dfdc8137c5517f3de8407?s=96&d=mm&r=g\",\"contentUrl\":\"https:\/\/secure.gravatar.com\/avatar\/2a02d7dda59fe8dc6b7ffd3f652e2efede5ccf0dd89dfdc8137c5517f3de8407?s=96&d=mm&r=g\",\"caption\":\"admin-federas\"},\"sameAs\":[\"https:\/\/www.federassantas.org.br\/novosite\/\"],\"url\":\"https:\/\/www.federassantas.org.br\/novosite\/author\/admin-federas\/\"}]}<\/script>\n<!-- \/ Yoast SEO plugin. -->","yoast_head_json":{"title":"Hepatites virais matam 3,5 mil por dia no mundo, alerta OMS - Federassantas","robots":{"index":"index","follow":"follow","max-snippet":"max-snippet:-1","max-image-preview":"max-image-preview:large","max-video-preview":"max-video-preview:-1"},"canonical":"https:\/\/www.federassantas.org.br\/novosite\/hepatites-virais-matam-35-mil-por-dia-no-mundo-alerta-oms\/","og_locale":"pt_BR","og_type":"article","og_title":"Hepatites virais matam 3,5 mil por dia no mundo, alerta OMS - Federassantas","og_description":"Hepatites virais matam 3,5 mil por dia no mundo, alerta OMS As mortes por hepatites virais est\u00e3o aumentando em todo o mundo e a doen\u00e7a j\u00e1 responde como a segunda principal causa infecciosa de morte no planeta, contabilizando 3,5 mil \u00f3bitos por dia e 1,3 milh\u00e3o por ano \u2013 mesmo total de mortes causadas pela [&hellip;]","og_url":"https:\/\/www.federassantas.org.br\/novosite\/hepatites-virais-matam-35-mil-por-dia-no-mundo-alerta-oms\/","og_site_name":"Federassantas","article_published_time":"2024-04-10T15:39:27+00:00","article_modified_time":"2024-04-10T15:41:18+00:00","og_image":[{"width":1170,"height":700,"url":"https:\/\/www.federassantas.org.br\/novosite\/wp-content\/uploads\/2024\/04\/2024-02-16t105128z_1_lynxnpek1f0au_rtroptp_4_health-obesity-who.webp","type":"image\/webp"}],"author":"admin-federas","twitter_card":"summary_large_image","twitter_misc":{"Escrito por":"admin-federas","Est. tempo de leitura":"4 minutos"},"schema":{"@context":"https:\/\/schema.org","@graph":[{"@type":"Article","@id":"https:\/\/www.federassantas.org.br\/novosite\/hepatites-virais-matam-35-mil-por-dia-no-mundo-alerta-oms\/#article","isPartOf":{"@id":"https:\/\/www.federassantas.org.br\/novosite\/hepatites-virais-matam-35-mil-por-dia-no-mundo-alerta-oms\/"},"author":{"name":"admin-federas","@id":"https:\/\/www.federassantas.org.br\/novosite\/#\/schema\/person\/75fed98158349313fe56175f232f513c"},"headline":"Hepatites virais matam 3,5 mil por dia no mundo, alerta OMS","datePublished":"2024-04-10T15:39:27+00:00","dateModified":"2024-04-10T15:41:18+00:00","mainEntityOfPage":{"@id":"https:\/\/www.federassantas.org.br\/novosite\/hepatites-virais-matam-35-mil-por-dia-no-mundo-alerta-oms\/"},"wordCount":736,"commentCount":0,"publisher":{"@id":"https:\/\/www.federassantas.org.br\/novosite\/#organization"},"image":{"@id":"https:\/\/www.federassantas.org.br\/novosite\/hepatites-virais-matam-35-mil-por-dia-no-mundo-alerta-oms\/#primaryimage"},"thumbnailUrl":"https:\/\/www.federassantas.org.br\/novosite\/wp-content\/uploads\/2024\/04\/2024-02-16t105128z_1_lynxnpek1f0au_rtroptp_4_health-obesity-who.webp","keywords":["agencia brasil","Clipagem","Hepatites","OMS"],"articleSection":["Not\u00edcias P\u00fablicas"],"inLanguage":"pt-BR","potentialAction":[{"@type":"CommentAction","name":"Comment","target":["https:\/\/www.federassantas.org.br\/novosite\/hepatites-virais-matam-35-mil-por-dia-no-mundo-alerta-oms\/#respond"]}]},{"@type":"WebPage","@id":"https:\/\/www.federassantas.org.br\/novosite\/hepatites-virais-matam-35-mil-por-dia-no-mundo-alerta-oms\/","url":"https:\/\/www.federassantas.org.br\/novosite\/hepatites-virais-matam-35-mil-por-dia-no-mundo-alerta-oms\/","name":"Hepatites virais matam 3,5 mil por dia no mundo, alerta OMS - Federassantas","isPartOf":{"@id":"https:\/\/www.federassantas.org.br\/novosite\/#website"},"primaryImageOfPage":{"@id":"https:\/\/www.federassantas.org.br\/novosite\/hepatites-virais-matam-35-mil-por-dia-no-mundo-alerta-oms\/#primaryimage"},"image":{"@id":"https:\/\/www.federassantas.org.br\/novosite\/hepatites-virais-matam-35-mil-por-dia-no-mundo-alerta-oms\/#primaryimage"},"thumbnailUrl":"https:\/\/www.federassantas.org.br\/novosite\/wp-content\/uploads\/2024\/04\/2024-02-16t105128z_1_lynxnpek1f0au_rtroptp_4_health-obesity-who.webp","datePublished":"2024-04-10T15:39:27+00:00","dateModified":"2024-04-10T15:41:18+00:00","breadcrumb":{"@id":"https:\/\/www.federassantas.org.br\/novosite\/hepatites-virais-matam-35-mil-por-dia-no-mundo-alerta-oms\/#breadcrumb"},"inLanguage":"pt-BR","potentialAction":[{"@type":"ReadAction","target":["https:\/\/www.federassantas.org.br\/novosite\/hepatites-virais-matam-35-mil-por-dia-no-mundo-alerta-oms\/"]}]},{"@type":"ImageObject","inLanguage":"pt-BR","@id":"https:\/\/www.federassantas.org.br\/novosite\/hepatites-virais-matam-35-mil-por-dia-no-mundo-alerta-oms\/#primaryimage","url":"https:\/\/www.federassantas.org.br\/novosite\/wp-content\/uploads\/2024\/04\/2024-02-16t105128z_1_lynxnpek1f0au_rtroptp_4_health-obesity-who.webp","contentUrl":"https:\/\/www.federassantas.org.br\/novosite\/wp-content\/uploads\/2024\/04\/2024-02-16t105128z_1_lynxnpek1f0au_rtroptp_4_health-obesity-who.webp","width":1170,"height":700},{"@type":"BreadcrumbList","@id":"https:\/\/www.federassantas.org.br\/novosite\/hepatites-virais-matam-35-mil-por-dia-no-mundo-alerta-oms\/#breadcrumb","itemListElement":[{"@type":"ListItem","position":1,"name":"In\u00edcio","item":"https:\/\/www.federassantas.org.br\/novosite\/"},{"@type":"ListItem","position":2,"name":"Hepatites virais matam 3,5 mil por dia no mundo, alerta OMS"}]},{"@type":"WebSite","@id":"https:\/\/www.federassantas.org.br\/novosite\/#website","url":"https:\/\/www.federassantas.org.br\/novosite\/","name":"Federassantas","description":"Fed. das Santas Casas e Hospitais Filantr\u00f3picos de MG","publisher":{"@id":"https:\/\/www.federassantas.org.br\/novosite\/#organization"},"potentialAction":[{"@type":"SearchAction","target":{"@type":"EntryPoint","urlTemplate":"https:\/\/www.federassantas.org.br\/novosite\/?s={search_term_string}"},"query-input":{"@type":"PropertyValueSpecification","valueRequired":true,"valueName":"search_term_string"}}],"inLanguage":"pt-BR"},{"@type":"Organization","@id":"https:\/\/www.federassantas.org.br\/novosite\/#organization","name":"Federassantas","url":"https:\/\/www.federassantas.org.br\/novosite\/","logo":{"@type":"ImageObject","inLanguage":"pt-BR","@id":"https:\/\/www.federassantas.org.br\/novosite\/#\/schema\/logo\/image\/","url":"https:\/\/www.federassantas.org.br\/novosite\/wp-content\/uploads\/2021\/12\/logo.png","contentUrl":"https:\/\/www.federassantas.org.br\/novosite\/wp-content\/uploads\/2021\/12\/logo.png","width":243,"height":59,"caption":"Federassantas"},"image":{"@id":"https:\/\/www.federassantas.org.br\/novosite\/#\/schema\/logo\/image\/"}},{"@type":"Person","@id":"https:\/\/www.federassantas.org.br\/novosite\/#\/schema\/person\/75fed98158349313fe56175f232f513c","name":"admin-federas","image":{"@type":"ImageObject","inLanguage":"pt-BR","@id":"https:\/\/www.federassantas.org.br\/novosite\/#\/schema\/person\/image\/","url":"https:\/\/secure.gravatar.com\/avatar\/2a02d7dda59fe8dc6b7ffd3f652e2efede5ccf0dd89dfdc8137c5517f3de8407?s=96&d=mm&r=g","contentUrl":"https:\/\/secure.gravatar.com\/avatar\/2a02d7dda59fe8dc6b7ffd3f652e2efede5ccf0dd89dfdc8137c5517f3de8407?s=96&d=mm&r=g","caption":"admin-federas"},"sameAs":["https:\/\/www.federassantas.org.br\/novosite\/"],"url":"https:\/\/www.federassantas.org.br\/novosite\/author\/admin-federas\/"}]}},"_links":{"self":[{"href":"https:\/\/www.federassantas.org.br\/novosite\/wp-json\/wp\/v2\/posts\/32716","targetHints":{"allow":["GET"]}}],"collection":[{"href":"https:\/\/www.federassantas.org.br\/novosite\/wp-json\/wp\/v2\/posts"}],"about":[{"href":"https:\/\/www.federassantas.org.br\/novosite\/wp-json\/wp\/v2\/types\/post"}],"author":[{"embeddable":true,"href":"https:\/\/www.federassantas.org.br\/novosite\/wp-json\/wp\/v2\/users\/1"}],"replies":[{"embeddable":true,"href":"https:\/\/www.federassantas.org.br\/novosite\/wp-json\/wp\/v2\/comments?post=32716"}],"version-history":[{"count":4,"href":"https:\/\/www.federassantas.org.br\/novosite\/wp-json\/wp\/v2\/posts\/32716\/revisions"}],"predecessor-version":[{"id":32721,"href":"https:\/\/www.federassantas.org.br\/novosite\/wp-json\/wp\/v2\/posts\/32716\/revisions\/32721"}],"wp:featuredmedia":[{"embeddable":true,"href":"https:\/\/www.federassantas.org.br\/novosite\/wp-json\/wp\/v2\/media\/32717"}],"wp:attachment":[{"href":"https:\/\/www.federassantas.org.br\/novosite\/wp-json\/wp\/v2\/media?parent=32716"}],"wp:term":[{"taxonomy":"category","embeddable":true,"href":"https:\/\/www.federassantas.org.br\/novosite\/wp-json\/wp\/v2\/categories?post=32716"},{"taxonomy":"post_tag","embeddable":true,"href":"https:\/\/www.federassantas.org.br\/novosite\/wp-json\/wp\/v2\/tags?post=32716"}],"curies":[{"name":"wp","href":"https:\/\/api.w.org\/{rel}","templated":true}]}}