{"id":33562,"date":"2024-06-11T10:00:20","date_gmt":"2024-06-11T13:00:20","guid":{"rendered":"https:\/\/www.federassantas.org.br\/novosite\/?p=33562"},"modified":"2024-06-11T10:11:14","modified_gmt":"2024-06-11T13:11:14","slug":"dia-nacional-do-teste-do-pezinho-pela-saude-e-futuro-dos-recem-nascidos","status":"publish","type":"post","link":"https:\/\/www.federassantas.org.br\/novosite\/dia-nacional-do-teste-do-pezinho-pela-saude-e-futuro-dos-recem-nascidos\/","title":{"rendered":"Dia Nacional do Teste do Pezinho: pela sa\u00fade e futuro dos rec\u00e9m-nascidos"},"content":{"rendered":"\t\t<div data-elementor-type=\"wp-post\" data-elementor-id=\"33562\" class=\"elementor elementor-33562\" data-elementor-post-type=\"post\">\n\t\t\t\t\t\t<section class=\"elementor-section elementor-top-section elementor-element elementor-element-d6c9ffa elementor-section-boxed elementor-section-height-default elementor-section-height-default\" data-id=\"d6c9ffa\" data-element_type=\"section\" data-e-type=\"section\">\n\t\t\t\t\t\t<div class=\"elementor-container elementor-column-gap-default\">\n\t\t\t\t\t<div class=\"elementor-column elementor-col-100 elementor-top-column elementor-element elementor-element-2248f89\" data-id=\"2248f89\" data-element_type=\"column\" data-e-type=\"column\">\n\t\t\t<div class=\"elementor-widget-wrap elementor-element-populated\">\n\t\t\t\t\t\t<div class=\"elementor-element elementor-element-4a79881 elementor-widget elementor-widget-heading\" data-id=\"4a79881\" data-element_type=\"widget\" data-e-type=\"widget\" data-widget_type=\"heading.default\">\n\t\t\t\t<div class=\"elementor-widget-container\">\n\t\t\t\t\t<h2 class=\"elementor-heading-title elementor-size-default\">Dia Nacional do Teste do Pezinho: pela sa\u00fade e futuro dos rec\u00e9m-nascidos<\/h2>\t\t\t\t<\/div>\n\t\t\t\t<\/div>\n\t\t\t\t\t<\/div>\n\t\t<\/div>\n\t\t\t\t\t<\/div>\n\t\t<\/section>\n\t\t\t\t<section class=\"elementor-section elementor-top-section elementor-element elementor-element-282d232 elementor-section-boxed elementor-section-height-default elementor-section-height-default\" data-id=\"282d232\" data-element_type=\"section\" data-e-type=\"section\">\n\t\t\t\t\t\t<div class=\"elementor-container elementor-column-gap-default\">\n\t\t\t\t\t<div class=\"elementor-column elementor-col-100 elementor-top-column elementor-element elementor-element-a4d03d5\" data-id=\"a4d03d5\" data-element_type=\"column\" data-e-type=\"column\">\n\t\t\t<div class=\"elementor-widget-wrap elementor-element-populated\">\n\t\t\t\t\t\t<div class=\"elementor-element elementor-element-ca0e780 elementor-widget elementor-widget-text-editor\" data-id=\"ca0e780\" data-element_type=\"widget\" data-e-type=\"widget\" data-widget_type=\"text-editor.default\">\n\t\t\t\t<div class=\"elementor-widget-container\">\n\t\t\t\t\t\t\t\t\t<p>De<i>tec\u00e7\u00e3o precoce de doen\u00e7as gen\u00e9ticas e cong\u00eanitas \u00e9 crucial para o desenvolvimento saud\u00e1vel\u00a0<span style=\"color: var( --e-global-color-text ); font-size: 0.9rem;\">das crian\u00e7as.<\/span><\/i><\/p><p>Nesta quinta-feira, 6 de junho, comemora-se o Dia Nacional do Teste do Pezinho, exame realizado em rec\u00e9m-nascidos e obrigat\u00f3rio no Brasil desde 1992. Com o objetivo de apoiar na detec\u00e7\u00e3o de doen\u00e7as gen\u00e9ticas ou cong\u00eanitas que podem interferir diretamente na vida e no desenvolvimento da crian\u00e7a, o teste do pezinho \u00e9 um dos exames mais importantes para o rec\u00e9m-nascido, prevenindo de doen\u00e7as que possam prejudicar seu desenvolvimento saud\u00e1vel.<\/p><p>O Teste do Pezinho \u00e9 o nome popular dado \u00e0 coleta de sangue do calcanhar do rec\u00e9m-nascido.<\/p><p>Sua import\u00e2ncia reside no diagn\u00f3stico precoce de diversas doen\u00e7as como a fenilceton\u00faria, o hipotireoidismo cong\u00eanito, a doen\u00e7a falciforme e outras hemoglobinopatias. Segundo recomenda\u00e7\u00f5es do Minist\u00e9rio da Sa\u00fade, o exame deve ser coletado entre o 3\u00ba e o 5\u00ba dia de vida do rec\u00e9m-nascido, sendo realizado gratuitamente pelo SUS em qualquer Unidade B\u00e1sica de Sa\u00fade (UBS).<\/p><p>O diagn\u00f3stico precoce \u00e9 crucial para evitar complica\u00e7\u00f5es futuras, \u00e9 o que explica o m\u00e9dico pediatra do Hospital M\u00e1rcio Cunha, Dr. Kesller Alberth Silva. \u201cCom a detec\u00e7\u00e3o antecipada, \u00e9 poss\u00edvel implementar tratamentos e interven\u00e7\u00f5es que melhoram significativamente a qualidade de vida das crian\u00e7as afetadas. Existem doen\u00e7as que t\u00eam tratamento e a Triagem Neonatal as<br \/>identificam para que a gente possa controlar ou at\u00e9 mesmo cur\u00e1-las\u201d, explica.<\/p><p>A import\u00e2ncia de identificar precocemente certas condi\u00e7\u00f5es m\u00e9dicas em rec\u00e9m-nascidos pode ser ilustrada com o exemplo do hipotireoidismo cong\u00eanito. Esta condi\u00e7\u00e3o \u00e9 caracterizada pela aus\u00eancia ou redu\u00e7\u00e3o do horm\u00f4nio tireoidiano logo ap\u00f3s o nascimento. A falta deste horm\u00f4nio pode atrapalhar o desenvolvimento e crescimento da crian\u00e7a, impactando no ganho de peso,<br \/>causando distens\u00e3o abdominal e dificuldades na alimenta\u00e7\u00e3o. No entanto, o tratamento \u00e9 relativamente simples com reposi\u00e7\u00e3o hormonal.<\/p><p>\u201cA interven\u00e7\u00e3o precoce \u00e9 crucial, especialmente nos primeiros tr\u00eas anos de vida, per\u00edodo em que o sistema nervoso central se desenvolve intensamente. A aus\u00eancia do horm\u00f4nio tireoidiano pode causar les\u00f5es irrevers\u00edveis, impactando o desenvolvimento neurol\u00f3gico da crian\u00e7a. Diagnosticar e iniciar o tratamento logo ap\u00f3s o nascimento evita esses danos\u201d, acrescenta Kesller. Teste do Pezinho Ampliado<\/p><p>Al\u00e9m do teste b\u00e1sico oferecido pelo SUS, existem varia\u00e7\u00f5es ampliadas dispon\u00edveis em laborat\u00f3rios particulares que abrangem um espectro maior de doen\u00e7as. Na vers\u00e3o ampliada, o exame \u00e9 capaz de diagnosticar mais 22 doen\u00e7as, ao todo s\u00e3o 28 doen\u00e7as que podem ser detectadas no teste do pezinho. Quando o resultado do teste do pezinho \u00e9 positivo, exames adicionais s\u00e3o realizados para confirmar o diagn\u00f3stico e planejar o tratamento adequado.<\/p><p>A tecnologia avan\u00e7ada e a amplia\u00e7\u00e3o dos tipos de exames dispon\u00edveis t\u00eam aumentado a efic\u00e1cia do teste do pezinho, permitindo interven\u00e7\u00f5es precoces e um acompanhamento cont\u00ednuo e adequado, em parceria com pediatras e profissionais de sa\u00fade.<\/p><p>Hospital M\u00e1rcio Cunha<\/p><p>Hospital geral de alta complexidade com 59 anos de atua\u00e7\u00e3o. Possui 558 leitos e tr\u00eas unidades, sendo uma unidade exclusiva para o tratamento oncol\u00f3gico. Atende a uma popula\u00e7\u00e3o de mais de 1,3 milh\u00e3o de habitantes de 67 munic\u00edpios de Minas Gerais e conta com cerca de 550 m\u00e9dicos em 50 especialidades, sendo o 6\u00ba em n\u00famero de interna\u00e7\u00f5es e o 4\u00ba hospital em n\u00famero de partos. Com presta\u00e7\u00e3o de servi\u00e7os nas \u00e1reas de ambulat\u00f3rio, pronto-socorro, interna\u00e7\u00e3o e apoio diagn\u00f3stico, atualmente atende 70% pelo SUS, al\u00e9m de conv\u00eanios e da Usisa\u00fade.<\/p><p>Assessoria de Imprensa: Helen Aquino<\/p>\t\t\t\t\t\t\t\t<\/div>\n\t\t\t\t<\/div>\n\t\t\t\t\t<\/div>\n\t\t<\/div>\n\t\t\t\t\t<\/div>\n\t\t<\/section>\n\t\t\t\t<\/div>\n\t\t","protected":false},"excerpt":{"rendered":"<p>Dia Nacional do Teste do Pezinho: pela sa\u00fade e futuro dos rec\u00e9m-nascidos Detec\u00e7\u00e3o precoce de doen\u00e7as gen\u00e9ticas e cong\u00eanitas \u00e9 crucial para o desenvolvimento saud\u00e1vel\u00a0das crian\u00e7as. Nesta quinta-feira, 6 de junho, comemora-se o Dia Nacional do Teste do Pezinho, exame realizado em rec\u00e9m-nascidos e obrigat\u00f3rio no Brasil desde 1992. Com o objetivo de apoiar na [&hellip;]<\/p>\n","protected":false},"author":1,"featured_media":33563,"comment_status":"open","ping_status":"open","sticky":false,"template":"","format":"standard","meta":{"footnotes":""},"categories":[139,247],"tags":[320,230],"class_list":["post-33562","post","type-post","status-publish","format-standard","has-post-thumbnail","hentry","category-noticias-filiados","category-regional-central-metropolitana","tag-hospital-marcio-cunha","tag-teste-do-pezinho"],"yoast_head":"<!-- This site is optimized with the Yoast SEO plugin v26.9 - https:\/\/yoast.com\/product\/yoast-seo-wordpress\/ -->\n<title>Dia Nacional do Teste do Pezinho: pela sa\u00fade e futuro dos rec\u00e9m-nascidos - Federassantas<\/title>\n<meta name=\"robots\" content=\"index, follow, max-snippet:-1, max-image-preview:large, max-video-preview:-1\" \/>\n<link rel=\"canonical\" href=\"https:\/\/www.federassantas.org.br\/novosite\/dia-nacional-do-teste-do-pezinho-pela-saude-e-futuro-dos-recem-nascidos\/\" \/>\n<meta property=\"og:locale\" content=\"pt_BR\" \/>\n<meta property=\"og:type\" content=\"article\" \/>\n<meta property=\"og:title\" content=\"Dia Nacional do Teste do Pezinho: pela sa\u00fade e futuro dos rec\u00e9m-nascidos - Federassantas\" \/>\n<meta property=\"og:description\" content=\"Dia Nacional do Teste do Pezinho: pela sa\u00fade e futuro dos rec\u00e9m-nascidos Detec\u00e7\u00e3o precoce de doen\u00e7as gen\u00e9ticas e cong\u00eanitas \u00e9 crucial para o desenvolvimento saud\u00e1vel\u00a0das crian\u00e7as. Nesta quinta-feira, 6 de junho, comemora-se o Dia Nacional do Teste do Pezinho, exame realizado em rec\u00e9m-nascidos e obrigat\u00f3rio no Brasil desde 1992. Com o objetivo de apoiar na [&hellip;]\" \/>\n<meta property=\"og:url\" content=\"https:\/\/www.federassantas.org.br\/novosite\/dia-nacional-do-teste-do-pezinho-pela-saude-e-futuro-dos-recem-nascidos\/\" \/>\n<meta property=\"og:site_name\" content=\"Federassantas\" \/>\n<meta property=\"article:published_time\" content=\"2024-06-11T13:00:20+00:00\" \/>\n<meta property=\"article:modified_time\" content=\"2024-06-11T13:11:14+00:00\" \/>\n<meta property=\"og:image\" content=\"https:\/\/www.federassantas.org.br\/novosite\/wp-content\/uploads\/2024\/06\/teste-do-pezinho.jpg\" \/>\n\t<meta property=\"og:image:width\" content=\"1920\" \/>\n\t<meta property=\"og:image:height\" content=\"1277\" \/>\n\t<meta property=\"og:image:type\" content=\"image\/jpeg\" \/>\n<meta name=\"author\" content=\"admin-federas\" \/>\n<meta name=\"twitter:card\" content=\"summary_large_image\" \/>\n<meta name=\"twitter:label1\" content=\"Escrito por\" \/>\n\t<meta name=\"twitter:data1\" content=\"admin-federas\" \/>\n\t<meta name=\"twitter:label2\" content=\"Est. tempo de leitura\" \/>\n\t<meta name=\"twitter:data2\" content=\"3 minutos\" \/>\n<script type=\"application\/ld+json\" class=\"yoast-schema-graph\">{\"@context\":\"https:\/\/schema.org\",\"@graph\":[{\"@type\":\"Article\",\"@id\":\"https:\/\/www.federassantas.org.br\/novosite\/dia-nacional-do-teste-do-pezinho-pela-saude-e-futuro-dos-recem-nascidos\/#article\",\"isPartOf\":{\"@id\":\"https:\/\/www.federassantas.org.br\/novosite\/dia-nacional-do-teste-do-pezinho-pela-saude-e-futuro-dos-recem-nascidos\/\"},\"author\":{\"name\":\"admin-federas\",\"@id\":\"https:\/\/www.federassantas.org.br\/novosite\/#\/schema\/person\/75fed98158349313fe56175f232f513c\"},\"headline\":\"Dia Nacional do Teste do Pezinho: pela sa\u00fade e futuro dos rec\u00e9m-nascidos\",\"datePublished\":\"2024-06-11T13:00:20+00:00\",\"dateModified\":\"2024-06-11T13:11:14+00:00\",\"mainEntityOfPage\":{\"@id\":\"https:\/\/www.federassantas.org.br\/novosite\/dia-nacional-do-teste-do-pezinho-pela-saude-e-futuro-dos-recem-nascidos\/\"},\"wordCount\":650,\"commentCount\":0,\"publisher\":{\"@id\":\"https:\/\/www.federassantas.org.br\/novosite\/#organization\"},\"image\":{\"@id\":\"https:\/\/www.federassantas.org.br\/novosite\/dia-nacional-do-teste-do-pezinho-pela-saude-e-futuro-dos-recem-nascidos\/#primaryimage\"},\"thumbnailUrl\":\"https:\/\/www.federassantas.org.br\/novosite\/wp-content\/uploads\/2024\/06\/teste-do-pezinho.jpg\",\"keywords\":[\"Hospital Marcio Cunha\",\"teste do pezinho\"],\"articleSection\":[\"Not\u00edcias filiados\",\"Regional Central \/ Metropolitana\"],\"inLanguage\":\"pt-BR\",\"potentialAction\":[{\"@type\":\"CommentAction\",\"name\":\"Comment\",\"target\":[\"https:\/\/www.federassantas.org.br\/novosite\/dia-nacional-do-teste-do-pezinho-pela-saude-e-futuro-dos-recem-nascidos\/#respond\"]}]},{\"@type\":\"WebPage\",\"@id\":\"https:\/\/www.federassantas.org.br\/novosite\/dia-nacional-do-teste-do-pezinho-pela-saude-e-futuro-dos-recem-nascidos\/\",\"url\":\"https:\/\/www.federassantas.org.br\/novosite\/dia-nacional-do-teste-do-pezinho-pela-saude-e-futuro-dos-recem-nascidos\/\",\"name\":\"Dia Nacional do Teste do Pezinho: pela sa\u00fade e futuro dos rec\u00e9m-nascidos - Federassantas\",\"isPartOf\":{\"@id\":\"https:\/\/www.federassantas.org.br\/novosite\/#website\"},\"primaryImageOfPage\":{\"@id\":\"https:\/\/www.federassantas.org.br\/novosite\/dia-nacional-do-teste-do-pezinho-pela-saude-e-futuro-dos-recem-nascidos\/#primaryimage\"},\"image\":{\"@id\":\"https:\/\/www.federassantas.org.br\/novosite\/dia-nacional-do-teste-do-pezinho-pela-saude-e-futuro-dos-recem-nascidos\/#primaryimage\"},\"thumbnailUrl\":\"https:\/\/www.federassantas.org.br\/novosite\/wp-content\/uploads\/2024\/06\/teste-do-pezinho.jpg\",\"datePublished\":\"2024-06-11T13:00:20+00:00\",\"dateModified\":\"2024-06-11T13:11:14+00:00\",\"breadcrumb\":{\"@id\":\"https:\/\/www.federassantas.org.br\/novosite\/dia-nacional-do-teste-do-pezinho-pela-saude-e-futuro-dos-recem-nascidos\/#breadcrumb\"},\"inLanguage\":\"pt-BR\",\"potentialAction\":[{\"@type\":\"ReadAction\",\"target\":[\"https:\/\/www.federassantas.org.br\/novosite\/dia-nacional-do-teste-do-pezinho-pela-saude-e-futuro-dos-recem-nascidos\/\"]}]},{\"@type\":\"ImageObject\",\"inLanguage\":\"pt-BR\",\"@id\":\"https:\/\/www.federassantas.org.br\/novosite\/dia-nacional-do-teste-do-pezinho-pela-saude-e-futuro-dos-recem-nascidos\/#primaryimage\",\"url\":\"https:\/\/www.federassantas.org.br\/novosite\/wp-content\/uploads\/2024\/06\/teste-do-pezinho.jpg\",\"contentUrl\":\"https:\/\/www.federassantas.org.br\/novosite\/wp-content\/uploads\/2024\/06\/teste-do-pezinho.jpg\",\"width\":1920,\"height\":1277},{\"@type\":\"BreadcrumbList\",\"@id\":\"https:\/\/www.federassantas.org.br\/novosite\/dia-nacional-do-teste-do-pezinho-pela-saude-e-futuro-dos-recem-nascidos\/#breadcrumb\",\"itemListElement\":[{\"@type\":\"ListItem\",\"position\":1,\"name\":\"In\u00edcio\",\"item\":\"https:\/\/www.federassantas.org.br\/novosite\/\"},{\"@type\":\"ListItem\",\"position\":2,\"name\":\"Dia Nacional do Teste do Pezinho: pela sa\u00fade e futuro dos rec\u00e9m-nascidos\"}]},{\"@type\":\"WebSite\",\"@id\":\"https:\/\/www.federassantas.org.br\/novosite\/#website\",\"url\":\"https:\/\/www.federassantas.org.br\/novosite\/\",\"name\":\"Federassantas\",\"description\":\"Fed. das Santas Casas e Hospitais Filantr\u00f3picos de MG\",\"publisher\":{\"@id\":\"https:\/\/www.federassantas.org.br\/novosite\/#organization\"},\"potentialAction\":[{\"@type\":\"SearchAction\",\"target\":{\"@type\":\"EntryPoint\",\"urlTemplate\":\"https:\/\/www.federassantas.org.br\/novosite\/?s={search_term_string}\"},\"query-input\":{\"@type\":\"PropertyValueSpecification\",\"valueRequired\":true,\"valueName\":\"search_term_string\"}}],\"inLanguage\":\"pt-BR\"},{\"@type\":\"Organization\",\"@id\":\"https:\/\/www.federassantas.org.br\/novosite\/#organization\",\"name\":\"Federassantas\",\"url\":\"https:\/\/www.federassantas.org.br\/novosite\/\",\"logo\":{\"@type\":\"ImageObject\",\"inLanguage\":\"pt-BR\",\"@id\":\"https:\/\/www.federassantas.org.br\/novosite\/#\/schema\/logo\/image\/\",\"url\":\"https:\/\/www.federassantas.org.br\/novosite\/wp-content\/uploads\/2021\/12\/logo.png\",\"contentUrl\":\"https:\/\/www.federassantas.org.br\/novosite\/wp-content\/uploads\/2021\/12\/logo.png\",\"width\":243,\"height\":59,\"caption\":\"Federassantas\"},\"image\":{\"@id\":\"https:\/\/www.federassantas.org.br\/novosite\/#\/schema\/logo\/image\/\"}},{\"@type\":\"Person\",\"@id\":\"https:\/\/www.federassantas.org.br\/novosite\/#\/schema\/person\/75fed98158349313fe56175f232f513c\",\"name\":\"admin-federas\",\"image\":{\"@type\":\"ImageObject\",\"inLanguage\":\"pt-BR\",\"@id\":\"https:\/\/www.federassantas.org.br\/novosite\/#\/schema\/person\/image\/\",\"url\":\"https:\/\/secure.gravatar.com\/avatar\/2a02d7dda59fe8dc6b7ffd3f652e2efede5ccf0dd89dfdc8137c5517f3de8407?s=96&d=mm&r=g\",\"contentUrl\":\"https:\/\/secure.gravatar.com\/avatar\/2a02d7dda59fe8dc6b7ffd3f652e2efede5ccf0dd89dfdc8137c5517f3de8407?s=96&d=mm&r=g\",\"caption\":\"admin-federas\"},\"sameAs\":[\"https:\/\/www.federassantas.org.br\/novosite\/\"],\"url\":\"https:\/\/www.federassantas.org.br\/novosite\/author\/admin-federas\/\"}]}<\/script>\n<!-- \/ Yoast SEO plugin. -->","yoast_head_json":{"title":"Dia Nacional do Teste do Pezinho: pela sa\u00fade e futuro dos rec\u00e9m-nascidos - Federassantas","robots":{"index":"index","follow":"follow","max-snippet":"max-snippet:-1","max-image-preview":"max-image-preview:large","max-video-preview":"max-video-preview:-1"},"canonical":"https:\/\/www.federassantas.org.br\/novosite\/dia-nacional-do-teste-do-pezinho-pela-saude-e-futuro-dos-recem-nascidos\/","og_locale":"pt_BR","og_type":"article","og_title":"Dia Nacional do Teste do Pezinho: pela sa\u00fade e futuro dos rec\u00e9m-nascidos - Federassantas","og_description":"Dia Nacional do Teste do Pezinho: pela sa\u00fade e futuro dos rec\u00e9m-nascidos Detec\u00e7\u00e3o precoce de doen\u00e7as gen\u00e9ticas e cong\u00eanitas \u00e9 crucial para o desenvolvimento saud\u00e1vel\u00a0das crian\u00e7as. Nesta quinta-feira, 6 de junho, comemora-se o Dia Nacional do Teste do Pezinho, exame realizado em rec\u00e9m-nascidos e obrigat\u00f3rio no Brasil desde 1992. Com o objetivo de apoiar na [&hellip;]","og_url":"https:\/\/www.federassantas.org.br\/novosite\/dia-nacional-do-teste-do-pezinho-pela-saude-e-futuro-dos-recem-nascidos\/","og_site_name":"Federassantas","article_published_time":"2024-06-11T13:00:20+00:00","article_modified_time":"2024-06-11T13:11:14+00:00","og_image":[{"width":1920,"height":1277,"url":"https:\/\/www.federassantas.org.br\/novosite\/wp-content\/uploads\/2024\/06\/teste-do-pezinho.jpg","type":"image\/jpeg"}],"author":"admin-federas","twitter_card":"summary_large_image","twitter_misc":{"Escrito por":"admin-federas","Est. tempo de leitura":"3 minutos"},"schema":{"@context":"https:\/\/schema.org","@graph":[{"@type":"Article","@id":"https:\/\/www.federassantas.org.br\/novosite\/dia-nacional-do-teste-do-pezinho-pela-saude-e-futuro-dos-recem-nascidos\/#article","isPartOf":{"@id":"https:\/\/www.federassantas.org.br\/novosite\/dia-nacional-do-teste-do-pezinho-pela-saude-e-futuro-dos-recem-nascidos\/"},"author":{"name":"admin-federas","@id":"https:\/\/www.federassantas.org.br\/novosite\/#\/schema\/person\/75fed98158349313fe56175f232f513c"},"headline":"Dia Nacional do Teste do Pezinho: pela sa\u00fade e futuro dos rec\u00e9m-nascidos","datePublished":"2024-06-11T13:00:20+00:00","dateModified":"2024-06-11T13:11:14+00:00","mainEntityOfPage":{"@id":"https:\/\/www.federassantas.org.br\/novosite\/dia-nacional-do-teste-do-pezinho-pela-saude-e-futuro-dos-recem-nascidos\/"},"wordCount":650,"commentCount":0,"publisher":{"@id":"https:\/\/www.federassantas.org.br\/novosite\/#organization"},"image":{"@id":"https:\/\/www.federassantas.org.br\/novosite\/dia-nacional-do-teste-do-pezinho-pela-saude-e-futuro-dos-recem-nascidos\/#primaryimage"},"thumbnailUrl":"https:\/\/www.federassantas.org.br\/novosite\/wp-content\/uploads\/2024\/06\/teste-do-pezinho.jpg","keywords":["Hospital Marcio Cunha","teste do pezinho"],"articleSection":["Not\u00edcias filiados","Regional Central \/ Metropolitana"],"inLanguage":"pt-BR","potentialAction":[{"@type":"CommentAction","name":"Comment","target":["https:\/\/www.federassantas.org.br\/novosite\/dia-nacional-do-teste-do-pezinho-pela-saude-e-futuro-dos-recem-nascidos\/#respond"]}]},{"@type":"WebPage","@id":"https:\/\/www.federassantas.org.br\/novosite\/dia-nacional-do-teste-do-pezinho-pela-saude-e-futuro-dos-recem-nascidos\/","url":"https:\/\/www.federassantas.org.br\/novosite\/dia-nacional-do-teste-do-pezinho-pela-saude-e-futuro-dos-recem-nascidos\/","name":"Dia Nacional do Teste do Pezinho: pela sa\u00fade e futuro dos rec\u00e9m-nascidos - Federassantas","isPartOf":{"@id":"https:\/\/www.federassantas.org.br\/novosite\/#website"},"primaryImageOfPage":{"@id":"https:\/\/www.federassantas.org.br\/novosite\/dia-nacional-do-teste-do-pezinho-pela-saude-e-futuro-dos-recem-nascidos\/#primaryimage"},"image":{"@id":"https:\/\/www.federassantas.org.br\/novosite\/dia-nacional-do-teste-do-pezinho-pela-saude-e-futuro-dos-recem-nascidos\/#primaryimage"},"thumbnailUrl":"https:\/\/www.federassantas.org.br\/novosite\/wp-content\/uploads\/2024\/06\/teste-do-pezinho.jpg","datePublished":"2024-06-11T13:00:20+00:00","dateModified":"2024-06-11T13:11:14+00:00","breadcrumb":{"@id":"https:\/\/www.federassantas.org.br\/novosite\/dia-nacional-do-teste-do-pezinho-pela-saude-e-futuro-dos-recem-nascidos\/#breadcrumb"},"inLanguage":"pt-BR","potentialAction":[{"@type":"ReadAction","target":["https:\/\/www.federassantas.org.br\/novosite\/dia-nacional-do-teste-do-pezinho-pela-saude-e-futuro-dos-recem-nascidos\/"]}]},{"@type":"ImageObject","inLanguage":"pt-BR","@id":"https:\/\/www.federassantas.org.br\/novosite\/dia-nacional-do-teste-do-pezinho-pela-saude-e-futuro-dos-recem-nascidos\/#primaryimage","url":"https:\/\/www.federassantas.org.br\/novosite\/wp-content\/uploads\/2024\/06\/teste-do-pezinho.jpg","contentUrl":"https:\/\/www.federassantas.org.br\/novosite\/wp-content\/uploads\/2024\/06\/teste-do-pezinho.jpg","width":1920,"height":1277},{"@type":"BreadcrumbList","@id":"https:\/\/www.federassantas.org.br\/novosite\/dia-nacional-do-teste-do-pezinho-pela-saude-e-futuro-dos-recem-nascidos\/#breadcrumb","itemListElement":[{"@type":"ListItem","position":1,"name":"In\u00edcio","item":"https:\/\/www.federassantas.org.br\/novosite\/"},{"@type":"ListItem","position":2,"name":"Dia Nacional do Teste do Pezinho: pela sa\u00fade e futuro dos rec\u00e9m-nascidos"}]},{"@type":"WebSite","@id":"https:\/\/www.federassantas.org.br\/novosite\/#website","url":"https:\/\/www.federassantas.org.br\/novosite\/","name":"Federassantas","description":"Fed. das Santas Casas e Hospitais Filantr\u00f3picos de MG","publisher":{"@id":"https:\/\/www.federassantas.org.br\/novosite\/#organization"},"potentialAction":[{"@type":"SearchAction","target":{"@type":"EntryPoint","urlTemplate":"https:\/\/www.federassantas.org.br\/novosite\/?s={search_term_string}"},"query-input":{"@type":"PropertyValueSpecification","valueRequired":true,"valueName":"search_term_string"}}],"inLanguage":"pt-BR"},{"@type":"Organization","@id":"https:\/\/www.federassantas.org.br\/novosite\/#organization","name":"Federassantas","url":"https:\/\/www.federassantas.org.br\/novosite\/","logo":{"@type":"ImageObject","inLanguage":"pt-BR","@id":"https:\/\/www.federassantas.org.br\/novosite\/#\/schema\/logo\/image\/","url":"https:\/\/www.federassantas.org.br\/novosite\/wp-content\/uploads\/2021\/12\/logo.png","contentUrl":"https:\/\/www.federassantas.org.br\/novosite\/wp-content\/uploads\/2021\/12\/logo.png","width":243,"height":59,"caption":"Federassantas"},"image":{"@id":"https:\/\/www.federassantas.org.br\/novosite\/#\/schema\/logo\/image\/"}},{"@type":"Person","@id":"https:\/\/www.federassantas.org.br\/novosite\/#\/schema\/person\/75fed98158349313fe56175f232f513c","name":"admin-federas","image":{"@type":"ImageObject","inLanguage":"pt-BR","@id":"https:\/\/www.federassantas.org.br\/novosite\/#\/schema\/person\/image\/","url":"https:\/\/secure.gravatar.com\/avatar\/2a02d7dda59fe8dc6b7ffd3f652e2efede5ccf0dd89dfdc8137c5517f3de8407?s=96&d=mm&r=g","contentUrl":"https:\/\/secure.gravatar.com\/avatar\/2a02d7dda59fe8dc6b7ffd3f652e2efede5ccf0dd89dfdc8137c5517f3de8407?s=96&d=mm&r=g","caption":"admin-federas"},"sameAs":["https:\/\/www.federassantas.org.br\/novosite\/"],"url":"https:\/\/www.federassantas.org.br\/novosite\/author\/admin-federas\/"}]}},"_links":{"self":[{"href":"https:\/\/www.federassantas.org.br\/novosite\/wp-json\/wp\/v2\/posts\/33562","targetHints":{"allow":["GET"]}}],"collection":[{"href":"https:\/\/www.federassantas.org.br\/novosite\/wp-json\/wp\/v2\/posts"}],"about":[{"href":"https:\/\/www.federassantas.org.br\/novosite\/wp-json\/wp\/v2\/types\/post"}],"author":[{"embeddable":true,"href":"https:\/\/www.federassantas.org.br\/novosite\/wp-json\/wp\/v2\/users\/1"}],"replies":[{"embeddable":true,"href":"https:\/\/www.federassantas.org.br\/novosite\/wp-json\/wp\/v2\/comments?post=33562"}],"version-history":[{"count":5,"href":"https:\/\/www.federassantas.org.br\/novosite\/wp-json\/wp\/v2\/posts\/33562\/revisions"}],"predecessor-version":[{"id":33568,"href":"https:\/\/www.federassantas.org.br\/novosite\/wp-json\/wp\/v2\/posts\/33562\/revisions\/33568"}],"wp:featuredmedia":[{"embeddable":true,"href":"https:\/\/www.federassantas.org.br\/novosite\/wp-json\/wp\/v2\/media\/33563"}],"wp:attachment":[{"href":"https:\/\/www.federassantas.org.br\/novosite\/wp-json\/wp\/v2\/media?parent=33562"}],"wp:term":[{"taxonomy":"category","embeddable":true,"href":"https:\/\/www.federassantas.org.br\/novosite\/wp-json\/wp\/v2\/categories?post=33562"},{"taxonomy":"post_tag","embeddable":true,"href":"https:\/\/www.federassantas.org.br\/novosite\/wp-json\/wp\/v2\/tags?post=33562"}],"curies":[{"name":"wp","href":"https:\/\/api.w.org\/{rel}","templated":true}]}}