{"id":33583,"date":"2024-06-12T11:06:43","date_gmt":"2024-06-12T14:06:43","guid":{"rendered":"https:\/\/www.federassantas.org.br\/novosite\/?p=33583"},"modified":"2024-06-12T11:08:00","modified_gmt":"2024-06-12T14:08:00","slug":"hospital-universitario-ciencias-medicas-de-minas-gerais-apoia-a-smsa-bh-na-oferta-de-atendimento-para-doencas-respiratorias-pediatricas","status":"publish","type":"post","link":"https:\/\/www.federassantas.org.br\/novosite\/hospital-universitario-ciencias-medicas-de-minas-gerais-apoia-a-smsa-bh-na-oferta-de-atendimento-para-doencas-respiratorias-pediatricas\/","title":{"rendered":"Hospital Universit\u00e1rio Ci\u00eancias M\u00e9dicas de Minas Gerais apoia a SMSA-BH na oferta de atendimento para doen\u00e7as respirat\u00f3rias pedi\u00e1tricas"},"content":{"rendered":"\t\t<div data-elementor-type=\"wp-post\" data-elementor-id=\"33583\" class=\"elementor elementor-33583\" data-elementor-post-type=\"post\">\n\t\t\t\t\t\t<section class=\"elementor-section elementor-top-section elementor-element elementor-element-1e05607 elementor-section-boxed elementor-section-height-default elementor-section-height-default\" data-id=\"1e05607\" data-element_type=\"section\" data-e-type=\"section\">\n\t\t\t\t\t\t<div class=\"elementor-container elementor-column-gap-default\">\n\t\t\t\t\t<div class=\"elementor-column elementor-col-100 elementor-top-column elementor-element elementor-element-b0b17ed\" data-id=\"b0b17ed\" data-element_type=\"column\" data-e-type=\"column\">\n\t\t\t<div class=\"elementor-widget-wrap elementor-element-populated\">\n\t\t\t\t\t\t<div class=\"elementor-element elementor-element-4a1ba69 elementor-widget elementor-widget-heading\" data-id=\"4a1ba69\" data-element_type=\"widget\" data-e-type=\"widget\" data-widget_type=\"heading.default\">\n\t\t\t\t<div class=\"elementor-widget-container\">\n\t\t\t\t\t<h2 class=\"elementor-heading-title elementor-size-default\">Hospital Universit\u00e1rio Ci\u00eancias M\u00e9dicas de Minas Gerais apoia a SMSA-BH na oferta de atendimento para doen\u00e7as respirat\u00f3rias pedi\u00e1tricas\n<\/h2>\t\t\t\t<\/div>\n\t\t\t\t<\/div>\n\t\t\t\t\t<\/div>\n\t\t<\/div>\n\t\t\t\t\t<\/div>\n\t\t<\/section>\n\t\t\t\t<section class=\"elementor-section elementor-top-section elementor-element elementor-element-0a7461b elementor-section-boxed elementor-section-height-default elementor-section-height-default\" data-id=\"0a7461b\" data-element_type=\"section\" data-e-type=\"section\">\n\t\t\t\t\t\t<div class=\"elementor-container elementor-column-gap-default\">\n\t\t\t\t\t<div class=\"elementor-column elementor-col-100 elementor-top-column elementor-element elementor-element-d2e1815\" data-id=\"d2e1815\" data-element_type=\"column\" data-e-type=\"column\">\n\t\t\t<div class=\"elementor-widget-wrap elementor-element-populated\">\n\t\t\t\t\t\t<div class=\"elementor-element elementor-element-6e9381a elementor-widget elementor-widget-text-editor\" data-id=\"6e9381a\" data-element_type=\"widget\" data-e-type=\"widget\" data-widget_type=\"text-editor.default\">\n\t\t\t\t<div class=\"elementor-widget-container\">\n\t\t\t\t\t\t\t\t\t<div><i>Com a chegada de onda de frio, institui\u00e7\u00e3o amplia presta\u00e7\u00e3o de servi\u00e7o assistencial via SUS aos pacientes pedi\u00e1tricos com dist\u00farbios respirat\u00f3rios<\/i><br><i><br><\/i><\/div>\n<div>Visando atender um pedido da Secretaria Municipal de Sa\u00fade (SMSA), o Hospital Universit\u00e1rio Ci\u00eancias M\u00e9dicas de Minas Gerais (HUCM-MG) abriu, temporariamente, 30 leitos pedi\u00e1tricos adicionais de baixa e m\u00e9dia complexidade. Essa amplia\u00e7\u00e3o corresponde \u00e0 chegada do inverno e ao aumento exponencial de casos de doen\u00e7as respirat\u00f3rias agudas.<br><br><\/div>\n<div>O diretor-geral do HUCM-MG, Dr. Vespasiano de Cerqueira Luz Neto, avalia a import\u00e2ncia dessa amplia\u00e7\u00e3o. \u201cDiante do aumento de incid\u00eancia de doen\u00e7as respirat\u00f3rias em crian\u00e7as, n\u00f3s recebemos essa solicita\u00e7\u00e3o da Secretaria Municipal de Sa\u00fade. Fizemos uma adequa\u00e7\u00e3o de um espa\u00e7o significativo do hospital, seguindo todos os crit\u00e9rios de seguran\u00e7a para as crian\u00e7as e familiares e proporcionando acolhimento e tratamento resolutivo, caracter\u00edstico do HUCM-MG como uma institui\u00e7\u00e3o prestadora de servi\u00e7o assistencial 100% SUS.\u201d<br><br><\/div>\n<div>A oferta de um n\u00famero maior de leitos pedi\u00e1tricos destaca o empenho do HUCM-MG no combate ao crescimento dos casos de doen\u00e7as respirat\u00f3rias agudas e mostra o compromisso do hospital em ser uma institui\u00e7\u00e3o que oferece servi\u00e7o assistencial de excel\u00eancia para a popula\u00e7\u00e3o.<br><br><\/div>\n<div><b>Nova diretoria do Hospital Universit\u00e1rio Ci\u00eancias M\u00e9dicas<\/b><\/div>\n<div>No final de maio, Dr. Vespasiano de Cerqueira Luz Neto tomou posse como novo diretor-geral do Hospital Universit\u00e1rio Ci\u00eancias M\u00e9dicas de Minas Gerais. Vespasiano \u00e9 cirurgi\u00e3o geral com especializa\u00e7\u00e3o em Autogest\u00e3o em Sa\u00fade pela Funda\u00e7\u00e3o Oswaldo Cruz (Fiocruz).<\/div><div><br><\/div>\n<div>Outras mudan\u00e7as contemplaram a diretoria do HUCM-MG: o Dr. Thiago de Carvalho Gontijo assumiu o cargo de diretor t\u00e9cnico, antes ocupado pelo Dr. Glauco Messias Sobreira, que agora exerce a fun\u00e7\u00e3o de diretor de Governan\u00e7a Cl\u00ednica.<\/div>\t\t\t\t\t\t\t\t<\/div>\n\t\t\t\t<\/div>\n\t\t\t\t\t<\/div>\n\t\t<\/div>\n\t\t\t\t\t<\/div>\n\t\t<\/section>\n\t\t\t\t<\/div>\n\t\t","protected":false},"excerpt":{"rendered":"<p>Hospital Universit\u00e1rio Ci\u00eancias M\u00e9dicas de Minas Gerais apoia a SMSA-BH na oferta de atendimento para doen\u00e7as respirat\u00f3rias pedi\u00e1tricas Com a chegada de onda de frio, institui\u00e7\u00e3o amplia presta\u00e7\u00e3o de servi\u00e7o assistencial via SUS aos pacientes pedi\u00e1tricos com dist\u00farbios respirat\u00f3rios Visando atender um pedido da Secretaria Municipal de Sa\u00fade (SMSA), o Hospital Universit\u00e1rio Ci\u00eancias M\u00e9dicas de [&hellip;]<\/p>\n","protected":false},"author":1,"featured_media":33584,"comment_status":"open","ping_status":"open","sticky":false,"template":"","format":"standard","meta":{"footnotes":""},"categories":[139,247],"tags":[957,433],"class_list":["post-33583","post","type-post","status-publish","format-standard","has-post-thumbnail","hentry","category-noticias-filiados","category-regional-central-metropolitana","tag-doencas-respiratorias","tag-hospital-ciencias-medicas"],"yoast_head":"<!-- This site is optimized with the Yoast SEO plugin v26.9 - https:\/\/yoast.com\/product\/yoast-seo-wordpress\/ -->\n<title>Hospital Universit\u00e1rio Ci\u00eancias M\u00e9dicas de Minas Gerais apoia a SMSA-BH na oferta de atendimento para doen\u00e7as respirat\u00f3rias pedi\u00e1tricas - Federassantas<\/title>\n<meta name=\"robots\" content=\"index, follow, max-snippet:-1, max-image-preview:large, max-video-preview:-1\" \/>\n<link rel=\"canonical\" href=\"https:\/\/www.federassantas.org.br\/novosite\/hospital-universitario-ciencias-medicas-de-minas-gerais-apoia-a-smsa-bh-na-oferta-de-atendimento-para-doencas-respiratorias-pediatricas\/\" \/>\n<meta property=\"og:locale\" content=\"pt_BR\" \/>\n<meta property=\"og:type\" content=\"article\" \/>\n<meta property=\"og:title\" content=\"Hospital Universit\u00e1rio Ci\u00eancias M\u00e9dicas de Minas Gerais apoia a SMSA-BH na oferta de atendimento para doen\u00e7as respirat\u00f3rias pedi\u00e1tricas - Federassantas\" \/>\n<meta property=\"og:description\" content=\"Hospital Universit\u00e1rio Ci\u00eancias M\u00e9dicas de Minas Gerais apoia a SMSA-BH na oferta de atendimento para doen\u00e7as respirat\u00f3rias pedi\u00e1tricas Com a chegada de onda de frio, institui\u00e7\u00e3o amplia presta\u00e7\u00e3o de servi\u00e7o assistencial via SUS aos pacientes pedi\u00e1tricos com dist\u00farbios respirat\u00f3rios Visando atender um pedido da Secretaria Municipal de Sa\u00fade (SMSA), o Hospital Universit\u00e1rio Ci\u00eancias M\u00e9dicas de [&hellip;]\" \/>\n<meta property=\"og:url\" content=\"https:\/\/www.federassantas.org.br\/novosite\/hospital-universitario-ciencias-medicas-de-minas-gerais-apoia-a-smsa-bh-na-oferta-de-atendimento-para-doencas-respiratorias-pediatricas\/\" \/>\n<meta property=\"og:site_name\" content=\"Federassantas\" \/>\n<meta property=\"article:published_time\" content=\"2024-06-12T14:06:43+00:00\" \/>\n<meta property=\"article:modified_time\" content=\"2024-06-12T14:08:00+00:00\" \/>\n<meta property=\"og:image\" content=\"https:\/\/www.federassantas.org.br\/novosite\/wp-content\/uploads\/2024\/06\/IMG_5790-1-1-1.jpg\" \/>\n\t<meta property=\"og:image:width\" content=\"2500\" \/>\n\t<meta property=\"og:image:height\" content=\"1667\" \/>\n\t<meta property=\"og:image:type\" content=\"image\/jpeg\" \/>\n<meta name=\"author\" content=\"admin-federas\" \/>\n<meta name=\"twitter:card\" content=\"summary_large_image\" \/>\n<meta name=\"twitter:label1\" content=\"Escrito por\" \/>\n\t<meta name=\"twitter:data1\" content=\"admin-federas\" \/>\n\t<meta name=\"twitter:label2\" content=\"Est. tempo de leitura\" \/>\n\t<meta name=\"twitter:data2\" content=\"2 minutos\" \/>\n<script type=\"application\/ld+json\" class=\"yoast-schema-graph\">{\"@context\":\"https:\/\/schema.org\",\"@graph\":[{\"@type\":\"Article\",\"@id\":\"https:\/\/www.federassantas.org.br\/novosite\/hospital-universitario-ciencias-medicas-de-minas-gerais-apoia-a-smsa-bh-na-oferta-de-atendimento-para-doencas-respiratorias-pediatricas\/#article\",\"isPartOf\":{\"@id\":\"https:\/\/www.federassantas.org.br\/novosite\/hospital-universitario-ciencias-medicas-de-minas-gerais-apoia-a-smsa-bh-na-oferta-de-atendimento-para-doencas-respiratorias-pediatricas\/\"},\"author\":{\"name\":\"admin-federas\",\"@id\":\"https:\/\/www.federassantas.org.br\/novosite\/#\/schema\/person\/75fed98158349313fe56175f232f513c\"},\"headline\":\"Hospital Universit\u00e1rio Ci\u00eancias M\u00e9dicas de Minas Gerais apoia a SMSA-BH na oferta de atendimento para doen\u00e7as respirat\u00f3rias pedi\u00e1tricas\",\"datePublished\":\"2024-06-12T14:06:43+00:00\",\"dateModified\":\"2024-06-12T14:08:00+00:00\",\"mainEntityOfPage\":{\"@id\":\"https:\/\/www.federassantas.org.br\/novosite\/hospital-universitario-ciencias-medicas-de-minas-gerais-apoia-a-smsa-bh-na-oferta-de-atendimento-para-doencas-respiratorias-pediatricas\/\"},\"wordCount\":364,\"commentCount\":0,\"publisher\":{\"@id\":\"https:\/\/www.federassantas.org.br\/novosite\/#organization\"},\"image\":{\"@id\":\"https:\/\/www.federassantas.org.br\/novosite\/hospital-universitario-ciencias-medicas-de-minas-gerais-apoia-a-smsa-bh-na-oferta-de-atendimento-para-doencas-respiratorias-pediatricas\/#primaryimage\"},\"thumbnailUrl\":\"https:\/\/www.federassantas.org.br\/novosite\/wp-content\/uploads\/2024\/06\/IMG_5790-1-1-1.jpg\",\"keywords\":[\"doen\u00e7as respirat\u00f3rias\",\"Hospital Ciencias Medicas\"],\"articleSection\":[\"Not\u00edcias filiados\",\"Regional Central \/ Metropolitana\"],\"inLanguage\":\"pt-BR\",\"potentialAction\":[{\"@type\":\"CommentAction\",\"name\":\"Comment\",\"target\":[\"https:\/\/www.federassantas.org.br\/novosite\/hospital-universitario-ciencias-medicas-de-minas-gerais-apoia-a-smsa-bh-na-oferta-de-atendimento-para-doencas-respiratorias-pediatricas\/#respond\"]}]},{\"@type\":\"WebPage\",\"@id\":\"https:\/\/www.federassantas.org.br\/novosite\/hospital-universitario-ciencias-medicas-de-minas-gerais-apoia-a-smsa-bh-na-oferta-de-atendimento-para-doencas-respiratorias-pediatricas\/\",\"url\":\"https:\/\/www.federassantas.org.br\/novosite\/hospital-universitario-ciencias-medicas-de-minas-gerais-apoia-a-smsa-bh-na-oferta-de-atendimento-para-doencas-respiratorias-pediatricas\/\",\"name\":\"Hospital Universit\u00e1rio Ci\u00eancias M\u00e9dicas de Minas Gerais apoia a SMSA-BH na oferta de atendimento para doen\u00e7as respirat\u00f3rias pedi\u00e1tricas - Federassantas\",\"isPartOf\":{\"@id\":\"https:\/\/www.federassantas.org.br\/novosite\/#website\"},\"primaryImageOfPage\":{\"@id\":\"https:\/\/www.federassantas.org.br\/novosite\/hospital-universitario-ciencias-medicas-de-minas-gerais-apoia-a-smsa-bh-na-oferta-de-atendimento-para-doencas-respiratorias-pediatricas\/#primaryimage\"},\"image\":{\"@id\":\"https:\/\/www.federassantas.org.br\/novosite\/hospital-universitario-ciencias-medicas-de-minas-gerais-apoia-a-smsa-bh-na-oferta-de-atendimento-para-doencas-respiratorias-pediatricas\/#primaryimage\"},\"thumbnailUrl\":\"https:\/\/www.federassantas.org.br\/novosite\/wp-content\/uploads\/2024\/06\/IMG_5790-1-1-1.jpg\",\"datePublished\":\"2024-06-12T14:06:43+00:00\",\"dateModified\":\"2024-06-12T14:08:00+00:00\",\"breadcrumb\":{\"@id\":\"https:\/\/www.federassantas.org.br\/novosite\/hospital-universitario-ciencias-medicas-de-minas-gerais-apoia-a-smsa-bh-na-oferta-de-atendimento-para-doencas-respiratorias-pediatricas\/#breadcrumb\"},\"inLanguage\":\"pt-BR\",\"potentialAction\":[{\"@type\":\"ReadAction\",\"target\":[\"https:\/\/www.federassantas.org.br\/novosite\/hospital-universitario-ciencias-medicas-de-minas-gerais-apoia-a-smsa-bh-na-oferta-de-atendimento-para-doencas-respiratorias-pediatricas\/\"]}]},{\"@type\":\"ImageObject\",\"inLanguage\":\"pt-BR\",\"@id\":\"https:\/\/www.federassantas.org.br\/novosite\/hospital-universitario-ciencias-medicas-de-minas-gerais-apoia-a-smsa-bh-na-oferta-de-atendimento-para-doencas-respiratorias-pediatricas\/#primaryimage\",\"url\":\"https:\/\/www.federassantas.org.br\/novosite\/wp-content\/uploads\/2024\/06\/IMG_5790-1-1-1.jpg\",\"contentUrl\":\"https:\/\/www.federassantas.org.br\/novosite\/wp-content\/uploads\/2024\/06\/IMG_5790-1-1-1.jpg\",\"width\":2500,\"height\":1667},{\"@type\":\"BreadcrumbList\",\"@id\":\"https:\/\/www.federassantas.org.br\/novosite\/hospital-universitario-ciencias-medicas-de-minas-gerais-apoia-a-smsa-bh-na-oferta-de-atendimento-para-doencas-respiratorias-pediatricas\/#breadcrumb\",\"itemListElement\":[{\"@type\":\"ListItem\",\"position\":1,\"name\":\"In\u00edcio\",\"item\":\"https:\/\/www.federassantas.org.br\/novosite\/\"},{\"@type\":\"ListItem\",\"position\":2,\"name\":\"Hospital Universit\u00e1rio Ci\u00eancias M\u00e9dicas de Minas Gerais apoia a SMSA-BH na oferta de atendimento para doen\u00e7as respirat\u00f3rias pedi\u00e1tricas\"}]},{\"@type\":\"WebSite\",\"@id\":\"https:\/\/www.federassantas.org.br\/novosite\/#website\",\"url\":\"https:\/\/www.federassantas.org.br\/novosite\/\",\"name\":\"Federassantas\",\"description\":\"Fed. das Santas Casas e Hospitais Filantr\u00f3picos de MG\",\"publisher\":{\"@id\":\"https:\/\/www.federassantas.org.br\/novosite\/#organization\"},\"potentialAction\":[{\"@type\":\"SearchAction\",\"target\":{\"@type\":\"EntryPoint\",\"urlTemplate\":\"https:\/\/www.federassantas.org.br\/novosite\/?s={search_term_string}\"},\"query-input\":{\"@type\":\"PropertyValueSpecification\",\"valueRequired\":true,\"valueName\":\"search_term_string\"}}],\"inLanguage\":\"pt-BR\"},{\"@type\":\"Organization\",\"@id\":\"https:\/\/www.federassantas.org.br\/novosite\/#organization\",\"name\":\"Federassantas\",\"url\":\"https:\/\/www.federassantas.org.br\/novosite\/\",\"logo\":{\"@type\":\"ImageObject\",\"inLanguage\":\"pt-BR\",\"@id\":\"https:\/\/www.federassantas.org.br\/novosite\/#\/schema\/logo\/image\/\",\"url\":\"https:\/\/www.federassantas.org.br\/novosite\/wp-content\/uploads\/2021\/12\/logo.png\",\"contentUrl\":\"https:\/\/www.federassantas.org.br\/novosite\/wp-content\/uploads\/2021\/12\/logo.png\",\"width\":243,\"height\":59,\"caption\":\"Federassantas\"},\"image\":{\"@id\":\"https:\/\/www.federassantas.org.br\/novosite\/#\/schema\/logo\/image\/\"}},{\"@type\":\"Person\",\"@id\":\"https:\/\/www.federassantas.org.br\/novosite\/#\/schema\/person\/75fed98158349313fe56175f232f513c\",\"name\":\"admin-federas\",\"image\":{\"@type\":\"ImageObject\",\"inLanguage\":\"pt-BR\",\"@id\":\"https:\/\/www.federassantas.org.br\/novosite\/#\/schema\/person\/image\/\",\"url\":\"https:\/\/secure.gravatar.com\/avatar\/2a02d7dda59fe8dc6b7ffd3f652e2efede5ccf0dd89dfdc8137c5517f3de8407?s=96&d=mm&r=g\",\"contentUrl\":\"https:\/\/secure.gravatar.com\/avatar\/2a02d7dda59fe8dc6b7ffd3f652e2efede5ccf0dd89dfdc8137c5517f3de8407?s=96&d=mm&r=g\",\"caption\":\"admin-federas\"},\"sameAs\":[\"https:\/\/www.federassantas.org.br\/novosite\/\"],\"url\":\"https:\/\/www.federassantas.org.br\/novosite\/author\/admin-federas\/\"}]}<\/script>\n<!-- \/ Yoast SEO plugin. -->","yoast_head_json":{"title":"Hospital Universit\u00e1rio Ci\u00eancias M\u00e9dicas de Minas Gerais apoia a SMSA-BH na oferta de atendimento para doen\u00e7as respirat\u00f3rias pedi\u00e1tricas - Federassantas","robots":{"index":"index","follow":"follow","max-snippet":"max-snippet:-1","max-image-preview":"max-image-preview:large","max-video-preview":"max-video-preview:-1"},"canonical":"https:\/\/www.federassantas.org.br\/novosite\/hospital-universitario-ciencias-medicas-de-minas-gerais-apoia-a-smsa-bh-na-oferta-de-atendimento-para-doencas-respiratorias-pediatricas\/","og_locale":"pt_BR","og_type":"article","og_title":"Hospital Universit\u00e1rio Ci\u00eancias M\u00e9dicas de Minas Gerais apoia a SMSA-BH na oferta de atendimento para doen\u00e7as respirat\u00f3rias pedi\u00e1tricas - Federassantas","og_description":"Hospital Universit\u00e1rio Ci\u00eancias M\u00e9dicas de Minas Gerais apoia a SMSA-BH na oferta de atendimento para doen\u00e7as respirat\u00f3rias pedi\u00e1tricas Com a chegada de onda de frio, institui\u00e7\u00e3o amplia presta\u00e7\u00e3o de servi\u00e7o assistencial via SUS aos pacientes pedi\u00e1tricos com dist\u00farbios respirat\u00f3rios Visando atender um pedido da Secretaria Municipal de Sa\u00fade (SMSA), o Hospital Universit\u00e1rio Ci\u00eancias M\u00e9dicas de [&hellip;]","og_url":"https:\/\/www.federassantas.org.br\/novosite\/hospital-universitario-ciencias-medicas-de-minas-gerais-apoia-a-smsa-bh-na-oferta-de-atendimento-para-doencas-respiratorias-pediatricas\/","og_site_name":"Federassantas","article_published_time":"2024-06-12T14:06:43+00:00","article_modified_time":"2024-06-12T14:08:00+00:00","og_image":[{"width":2500,"height":1667,"url":"https:\/\/www.federassantas.org.br\/novosite\/wp-content\/uploads\/2024\/06\/IMG_5790-1-1-1.jpg","type":"image\/jpeg"}],"author":"admin-federas","twitter_card":"summary_large_image","twitter_misc":{"Escrito por":"admin-federas","Est. tempo de leitura":"2 minutos"},"schema":{"@context":"https:\/\/schema.org","@graph":[{"@type":"Article","@id":"https:\/\/www.federassantas.org.br\/novosite\/hospital-universitario-ciencias-medicas-de-minas-gerais-apoia-a-smsa-bh-na-oferta-de-atendimento-para-doencas-respiratorias-pediatricas\/#article","isPartOf":{"@id":"https:\/\/www.federassantas.org.br\/novosite\/hospital-universitario-ciencias-medicas-de-minas-gerais-apoia-a-smsa-bh-na-oferta-de-atendimento-para-doencas-respiratorias-pediatricas\/"},"author":{"name":"admin-federas","@id":"https:\/\/www.federassantas.org.br\/novosite\/#\/schema\/person\/75fed98158349313fe56175f232f513c"},"headline":"Hospital Universit\u00e1rio Ci\u00eancias M\u00e9dicas de Minas Gerais apoia a SMSA-BH na oferta de atendimento para doen\u00e7as respirat\u00f3rias pedi\u00e1tricas","datePublished":"2024-06-12T14:06:43+00:00","dateModified":"2024-06-12T14:08:00+00:00","mainEntityOfPage":{"@id":"https:\/\/www.federassantas.org.br\/novosite\/hospital-universitario-ciencias-medicas-de-minas-gerais-apoia-a-smsa-bh-na-oferta-de-atendimento-para-doencas-respiratorias-pediatricas\/"},"wordCount":364,"commentCount":0,"publisher":{"@id":"https:\/\/www.federassantas.org.br\/novosite\/#organization"},"image":{"@id":"https:\/\/www.federassantas.org.br\/novosite\/hospital-universitario-ciencias-medicas-de-minas-gerais-apoia-a-smsa-bh-na-oferta-de-atendimento-para-doencas-respiratorias-pediatricas\/#primaryimage"},"thumbnailUrl":"https:\/\/www.federassantas.org.br\/novosite\/wp-content\/uploads\/2024\/06\/IMG_5790-1-1-1.jpg","keywords":["doen\u00e7as respirat\u00f3rias","Hospital Ciencias Medicas"],"articleSection":["Not\u00edcias filiados","Regional Central \/ Metropolitana"],"inLanguage":"pt-BR","potentialAction":[{"@type":"CommentAction","name":"Comment","target":["https:\/\/www.federassantas.org.br\/novosite\/hospital-universitario-ciencias-medicas-de-minas-gerais-apoia-a-smsa-bh-na-oferta-de-atendimento-para-doencas-respiratorias-pediatricas\/#respond"]}]},{"@type":"WebPage","@id":"https:\/\/www.federassantas.org.br\/novosite\/hospital-universitario-ciencias-medicas-de-minas-gerais-apoia-a-smsa-bh-na-oferta-de-atendimento-para-doencas-respiratorias-pediatricas\/","url":"https:\/\/www.federassantas.org.br\/novosite\/hospital-universitario-ciencias-medicas-de-minas-gerais-apoia-a-smsa-bh-na-oferta-de-atendimento-para-doencas-respiratorias-pediatricas\/","name":"Hospital Universit\u00e1rio Ci\u00eancias M\u00e9dicas de Minas Gerais apoia a SMSA-BH na oferta de atendimento para doen\u00e7as respirat\u00f3rias pedi\u00e1tricas - Federassantas","isPartOf":{"@id":"https:\/\/www.federassantas.org.br\/novosite\/#website"},"primaryImageOfPage":{"@id":"https:\/\/www.federassantas.org.br\/novosite\/hospital-universitario-ciencias-medicas-de-minas-gerais-apoia-a-smsa-bh-na-oferta-de-atendimento-para-doencas-respiratorias-pediatricas\/#primaryimage"},"image":{"@id":"https:\/\/www.federassantas.org.br\/novosite\/hospital-universitario-ciencias-medicas-de-minas-gerais-apoia-a-smsa-bh-na-oferta-de-atendimento-para-doencas-respiratorias-pediatricas\/#primaryimage"},"thumbnailUrl":"https:\/\/www.federassantas.org.br\/novosite\/wp-content\/uploads\/2024\/06\/IMG_5790-1-1-1.jpg","datePublished":"2024-06-12T14:06:43+00:00","dateModified":"2024-06-12T14:08:00+00:00","breadcrumb":{"@id":"https:\/\/www.federassantas.org.br\/novosite\/hospital-universitario-ciencias-medicas-de-minas-gerais-apoia-a-smsa-bh-na-oferta-de-atendimento-para-doencas-respiratorias-pediatricas\/#breadcrumb"},"inLanguage":"pt-BR","potentialAction":[{"@type":"ReadAction","target":["https:\/\/www.federassantas.org.br\/novosite\/hospital-universitario-ciencias-medicas-de-minas-gerais-apoia-a-smsa-bh-na-oferta-de-atendimento-para-doencas-respiratorias-pediatricas\/"]}]},{"@type":"ImageObject","inLanguage":"pt-BR","@id":"https:\/\/www.federassantas.org.br\/novosite\/hospital-universitario-ciencias-medicas-de-minas-gerais-apoia-a-smsa-bh-na-oferta-de-atendimento-para-doencas-respiratorias-pediatricas\/#primaryimage","url":"https:\/\/www.federassantas.org.br\/novosite\/wp-content\/uploads\/2024\/06\/IMG_5790-1-1-1.jpg","contentUrl":"https:\/\/www.federassantas.org.br\/novosite\/wp-content\/uploads\/2024\/06\/IMG_5790-1-1-1.jpg","width":2500,"height":1667},{"@type":"BreadcrumbList","@id":"https:\/\/www.federassantas.org.br\/novosite\/hospital-universitario-ciencias-medicas-de-minas-gerais-apoia-a-smsa-bh-na-oferta-de-atendimento-para-doencas-respiratorias-pediatricas\/#breadcrumb","itemListElement":[{"@type":"ListItem","position":1,"name":"In\u00edcio","item":"https:\/\/www.federassantas.org.br\/novosite\/"},{"@type":"ListItem","position":2,"name":"Hospital Universit\u00e1rio Ci\u00eancias M\u00e9dicas de Minas Gerais apoia a SMSA-BH na oferta de atendimento para doen\u00e7as respirat\u00f3rias pedi\u00e1tricas"}]},{"@type":"WebSite","@id":"https:\/\/www.federassantas.org.br\/novosite\/#website","url":"https:\/\/www.federassantas.org.br\/novosite\/","name":"Federassantas","description":"Fed. das Santas Casas e Hospitais Filantr\u00f3picos de MG","publisher":{"@id":"https:\/\/www.federassantas.org.br\/novosite\/#organization"},"potentialAction":[{"@type":"SearchAction","target":{"@type":"EntryPoint","urlTemplate":"https:\/\/www.federassantas.org.br\/novosite\/?s={search_term_string}"},"query-input":{"@type":"PropertyValueSpecification","valueRequired":true,"valueName":"search_term_string"}}],"inLanguage":"pt-BR"},{"@type":"Organization","@id":"https:\/\/www.federassantas.org.br\/novosite\/#organization","name":"Federassantas","url":"https:\/\/www.federassantas.org.br\/novosite\/","logo":{"@type":"ImageObject","inLanguage":"pt-BR","@id":"https:\/\/www.federassantas.org.br\/novosite\/#\/schema\/logo\/image\/","url":"https:\/\/www.federassantas.org.br\/novosite\/wp-content\/uploads\/2021\/12\/logo.png","contentUrl":"https:\/\/www.federassantas.org.br\/novosite\/wp-content\/uploads\/2021\/12\/logo.png","width":243,"height":59,"caption":"Federassantas"},"image":{"@id":"https:\/\/www.federassantas.org.br\/novosite\/#\/schema\/logo\/image\/"}},{"@type":"Person","@id":"https:\/\/www.federassantas.org.br\/novosite\/#\/schema\/person\/75fed98158349313fe56175f232f513c","name":"admin-federas","image":{"@type":"ImageObject","inLanguage":"pt-BR","@id":"https:\/\/www.federassantas.org.br\/novosite\/#\/schema\/person\/image\/","url":"https:\/\/secure.gravatar.com\/avatar\/2a02d7dda59fe8dc6b7ffd3f652e2efede5ccf0dd89dfdc8137c5517f3de8407?s=96&d=mm&r=g","contentUrl":"https:\/\/secure.gravatar.com\/avatar\/2a02d7dda59fe8dc6b7ffd3f652e2efede5ccf0dd89dfdc8137c5517f3de8407?s=96&d=mm&r=g","caption":"admin-federas"},"sameAs":["https:\/\/www.federassantas.org.br\/novosite\/"],"url":"https:\/\/www.federassantas.org.br\/novosite\/author\/admin-federas\/"}]}},"_links":{"self":[{"href":"https:\/\/www.federassantas.org.br\/novosite\/wp-json\/wp\/v2\/posts\/33583","targetHints":{"allow":["GET"]}}],"collection":[{"href":"https:\/\/www.federassantas.org.br\/novosite\/wp-json\/wp\/v2\/posts"}],"about":[{"href":"https:\/\/www.federassantas.org.br\/novosite\/wp-json\/wp\/v2\/types\/post"}],"author":[{"embeddable":true,"href":"https:\/\/www.federassantas.org.br\/novosite\/wp-json\/wp\/v2\/users\/1"}],"replies":[{"embeddable":true,"href":"https:\/\/www.federassantas.org.br\/novosite\/wp-json\/wp\/v2\/comments?post=33583"}],"version-history":[{"count":4,"href":"https:\/\/www.federassantas.org.br\/novosite\/wp-json\/wp\/v2\/posts\/33583\/revisions"}],"predecessor-version":[{"id":33588,"href":"https:\/\/www.federassantas.org.br\/novosite\/wp-json\/wp\/v2\/posts\/33583\/revisions\/33588"}],"wp:featuredmedia":[{"embeddable":true,"href":"https:\/\/www.federassantas.org.br\/novosite\/wp-json\/wp\/v2\/media\/33584"}],"wp:attachment":[{"href":"https:\/\/www.federassantas.org.br\/novosite\/wp-json\/wp\/v2\/media?parent=33583"}],"wp:term":[{"taxonomy":"category","embeddable":true,"href":"https:\/\/www.federassantas.org.br\/novosite\/wp-json\/wp\/v2\/categories?post=33583"},{"taxonomy":"post_tag","embeddable":true,"href":"https:\/\/www.federassantas.org.br\/novosite\/wp-json\/wp\/v2\/tags?post=33583"}],"curies":[{"name":"wp","href":"https:\/\/api.w.org\/{rel}","templated":true}]}}