{"id":38125,"date":"2025-07-03T14:37:08","date_gmt":"2025-07-03T17:37:08","guid":{"rendered":"https:\/\/www.federassantas.org.br\/novosite\/?p=38125"},"modified":"2025-07-03T14:37:08","modified_gmt":"2025-07-03T17:37:08","slug":"concordia-em-festa-hospital-sao-francisco-fortalece-lacos-de-cultura-com-a-comunidade","status":"publish","type":"post","link":"https:\/\/www.federassantas.org.br\/novosite\/concordia-em-festa-hospital-sao-francisco-fortalece-lacos-de-cultura-com-a-comunidade\/","title":{"rendered":"Conc\u00f3rdia em Festa: Hospital S\u00e3o Francisco fortalece la\u00e7os de cultura com comunidade"},"content":{"rendered":"\t\t<div data-elementor-type=\"wp-post\" data-elementor-id=\"38125\" class=\"elementor elementor-38125\" data-elementor-post-type=\"post\">\n\t\t\t\t\t\t<section class=\"elementor-section elementor-top-section elementor-element elementor-element-77b61db elementor-section-boxed elementor-section-height-default elementor-section-height-default\" data-id=\"77b61db\" data-element_type=\"section\" data-e-type=\"section\">\n\t\t\t\t\t\t<div class=\"elementor-container elementor-column-gap-default\">\n\t\t\t\t\t<div class=\"elementor-column elementor-col-100 elementor-top-column elementor-element elementor-element-d683e22\" data-id=\"d683e22\" data-element_type=\"column\" data-e-type=\"column\">\n\t\t\t<div class=\"elementor-widget-wrap elementor-element-populated\">\n\t\t\t\t\t\t<div class=\"elementor-element elementor-element-0925483 elementor-widget elementor-widget-text-editor\" data-id=\"0925483\" data-element_type=\"widget\" data-e-type=\"widget\" data-widget_type=\"text-editor.default\">\n\t\t\t\t<div class=\"elementor-widget-container\">\n\t\t\t\t\t\t\t\t\t<p>Em mais uma a\u00e7\u00e3o conjunta, o Hospital S\u00e3o Francisco (HSF) e o Instituto Bacana Demais realizam mais uma edi\u00e7\u00e3o do Arrai\u00e1 Bacana Demais, nos dias 4, 5 e 6 de julho, a partir das 18h, na Pra\u00e7a do M\u00e9xico, localizada no bairro Conc\u00f3rdia, regi\u00e3o Nordeste de Belo Horizonte. A entrada \u00e9 gratuita e o evento contar\u00e1 com muita m\u00fasica e divers\u00e3o para toda a fam\u00edlia.<\/p><p>A d\u00e9cima edi\u00e7\u00e3o do Arrai\u00e1 Bacana Demais vai animar o p\u00fablico com uma programa\u00e7\u00e3o recheada de atra\u00e7\u00f5es musicais e deliciosas comidas t\u00edpicas das festas julhinas. Pelo palco do Arrai\u00e1 Bacana de Mais receber\u00e1 10 atra\u00e7\u00f5es musicais. Na sexta-feira (04\/06) tem Allana Gon\u00e7alves, Victor Castro, Marra Pura e DJ Dinely. A anima\u00e7\u00e3o do s\u00e1bado (05\/06) fica por conta dos cantores Chocolate, B\u00e1rbara Lohanne, DJ Dinely e do grupo junino infantil Feij\u00e3o sem Bicho.<\/p><p>No domingo (06\/07), tem apresenta\u00e7\u00f5es do grupo junino Beija Flor de Minas, Warley e Thiago, Akatu e do DJ Dinely. As barraquinhas v\u00e3o oferecer um card\u00e1pio irresist\u00edvel: com quent\u00e3o, a tradicional canjica, os deliciosos caldos, al\u00e9m de pipoca, p\u00e9 de moleque, milho verde, churrasquinhos, tropeiro e muito mais.<\/p><h3><br \/>Solidariedade<\/h3><p>O Arrai\u00e1 Bacana Demais tem como objetivo principal fortalecer os la\u00e7os comunit\u00e1rios, promover a valoriza\u00e7\u00e3o da cultura local e celebrar uma das festas mais queridas do Brasil. A participa\u00e7\u00e3o ativa da comunidade do entorno do Hospital S\u00e3o Francisco sempre foi essencial para o sucesso do evento, que j\u00e1 se consolidou como um verdadeiro s\u00edmbolo de solidariedade e celebra\u00e7\u00e3o popular.<\/p><p>As barracas de comidas e bebidas cumprem tamb\u00e9m um importante papel social, oferecendo aos moradores a oportunidade de gerar e complementar renda com seus talentos culin\u00e1rios. S\u00e3o esses expositores que, com muito carinho e dedica\u00e7\u00e3o, ajudam a tornar o Arrai\u00e1 Bacana Demais uma das festas mais tradicionais e respeitadas da regi\u00e3o Nordeste da capital mineira. Vista seu traje caipira e venha curtir essa festa bacana demais!<\/p><h3><br \/>Forr\u00f3 surpresa!\u00a0<\/h3><p>Recentemente, com trajes t\u00edpicos, maquiagens, m\u00fasica e animadores, os colaboradores do setores de Hemodi\u00e1lise e de Oncologia do Hospital S\u00e3o Francisco (HSF) surpreenderam pacientes e acompanhantes com animadas quadrilhas. Com enfeites e bandeirinhas, o ambiente hospitalar se transformou em verdadeiros arraiais, levando alegria e acolhimento a todos.<\/p><p>O resultado da iniciativa dos colaboradores foi largos sorrisos e muita anima\u00e7\u00e3o. As iniciativas dos dois setores integram as a\u00e7\u00f5es de humaniza\u00e7\u00e3o promovidas pelo hospital, que busca criar momentos de leveza e integra\u00e7\u00e3o dentro da rotina de tratamento dos pacientes renais e oncol\u00f3gicos. Muitos desses pacientes passam quando est\u00e3o em sess\u00f5es de hemodi\u00e1lise, em m\u00e9dia, quatro horas di\u00e1rias no hospital e, por isso, as atividades como essas ajudam a tornar o ambiente mais acolhedor e menos estressante.<\/p><p>Para os pacientes, os eventos foram uma grata surpresa. Na hemodi\u00e1lise, a quadrilha come\u00e7ou na entrada do setor na Rua Itamarac\u00e1, esquina com Rua Jacu\u00ed, e percorreu todos os sal\u00f5es do setor. No Setor de Oncologia, os colaboradores passaram pelo corredor e sal\u00e3o de quimioterapia entregando pipocas e canjicas.<\/p><p>O Hospital S\u00e3o Francisco segue comprometido em oferecer um atendimento de excel\u00eancia, onde o cuidado vai al\u00e9m dos aspectos cl\u00ednicos, promovendo sa\u00fade f\u00edsica e emocional por meio de a\u00e7\u00f5es que valorizam o ser humano em sua totalidade. A coordenadora da Hemodi\u00e1lise do HSF, Marlei Bastos, ressalta que a humaniza\u00e7\u00e3o na assist\u00eancia \u00e0 sa\u00fade faz toda a diferen\u00e7a.<\/p><p>Fonte: Assessoria de Comunica\u00e7\u00e3o Hospital S\u00e3o Francisco<\/p>\t\t\t\t\t\t\t\t<\/div>\n\t\t\t\t<\/div>\n\t\t\t\t\t<\/div>\n\t\t<\/div>\n\t\t\t\t\t<\/div>\n\t\t<\/section>\n\t\t\t\t<section class=\"elementor-section elementor-top-section elementor-element elementor-element-5587c99 elementor-section-boxed elementor-section-height-default elementor-section-height-default\" data-id=\"5587c99\" data-element_type=\"section\" data-e-type=\"section\">\n\t\t\t\t\t\t<div class=\"elementor-container elementor-column-gap-default\">\n\t\t\t\t\t<div class=\"elementor-column elementor-col-100 elementor-top-column elementor-element elementor-element-1693b28\" data-id=\"1693b28\" data-element_type=\"column\" data-e-type=\"column\">\n\t\t\t<div class=\"elementor-widget-wrap elementor-element-populated\">\n\t\t\t\t\t\t<div class=\"elementor-element elementor-element-a01b65b elementor-widget__width-initial elementor-widget elementor-widget-image\" data-id=\"a01b65b\" data-element_type=\"widget\" data-e-type=\"widget\" data-widget_type=\"image.default\">\n\t\t\t\t<div class=\"elementor-widget-container\">\n\t\t\t\t\t\t\t\t\t\t\t\t\t\t\t<img fetchpriority=\"high\" decoding=\"async\" width=\"800\" height=\"1000\" src=\"https:\/\/www.federassantas.org.br\/novosite\/wp-content\/uploads\/2025\/07\/WhatsApp-Image-2025-07-03-at-09.35.40-819x1024.jpeg\" class=\"attachment-large size-large wp-image-38130\" alt=\"\" srcset=\"https:\/\/www.federassantas.org.br\/novosite\/wp-content\/uploads\/2025\/07\/WhatsApp-Image-2025-07-03-at-09.35.40-819x1024.jpeg 819w, https:\/\/www.federassantas.org.br\/novosite\/wp-content\/uploads\/2025\/07\/WhatsApp-Image-2025-07-03-at-09.35.40-240x300.jpeg 240w, https:\/\/www.federassantas.org.br\/novosite\/wp-content\/uploads\/2025\/07\/WhatsApp-Image-2025-07-03-at-09.35.40-768x960.jpeg 768w, https:\/\/www.federassantas.org.br\/novosite\/wp-content\/uploads\/2025\/07\/WhatsApp-Image-2025-07-03-at-09.35.40.jpeg 1080w\" sizes=\"(max-width: 800px) 100vw, 800px\" \/>\t\t\t\t\t\t\t\t\t\t\t\t\t\t\t<\/div>\n\t\t\t\t<\/div>\n\t\t\t\t\t<\/div>\n\t\t<\/div>\n\t\t\t\t\t<\/div>\n\t\t<\/section>\n\t\t\t\t<\/div>\n\t\t","protected":false},"excerpt":{"rendered":"<p>Em mais uma a\u00e7\u00e3o conjunta, o Hospital S\u00e3o Francisco (HSF) e o Instituto Bacana Demais realizam mais uma edi\u00e7\u00e3o do Arrai\u00e1 Bacana Demais, nos dias 4, 5 e 6 de julho, a partir das 18h, na Pra\u00e7a do M\u00e9xico, localizada no bairro Conc\u00f3rdia, regi\u00e3o Nordeste de Belo Horizonte. A entrada \u00e9 gratuita e o evento [&hellip;]<\/p>\n","protected":false},"author":1,"featured_media":38136,"comment_status":"open","ping_status":"open","sticky":false,"template":"","format":"standard","meta":{"footnotes":""},"categories":[177],"tags":[],"class_list":["post-38125","post","type-post","status-publish","format-standard","has-post-thumbnail","hentry","category-eventos"],"yoast_head":"<!-- This site is optimized with the Yoast SEO plugin v26.9 - https:\/\/yoast.com\/product\/yoast-seo-wordpress\/ -->\n<title>Conc\u00f3rdia em Festa: Hospital S\u00e3o Francisco fortalece la\u00e7os de cultura com comunidade - Federassantas<\/title>\n<meta name=\"robots\" content=\"index, follow, max-snippet:-1, max-image-preview:large, max-video-preview:-1\" \/>\n<link rel=\"canonical\" href=\"https:\/\/www.federassantas.org.br\/novosite\/concordia-em-festa-hospital-sao-francisco-fortalece-lacos-de-cultura-com-a-comunidade\/\" \/>\n<meta property=\"og:locale\" content=\"pt_BR\" \/>\n<meta property=\"og:type\" content=\"article\" \/>\n<meta property=\"og:title\" content=\"Conc\u00f3rdia em Festa: Hospital S\u00e3o Francisco fortalece la\u00e7os de cultura com comunidade - Federassantas\" \/>\n<meta property=\"og:description\" content=\"Em mais uma a\u00e7\u00e3o conjunta, o Hospital S\u00e3o Francisco (HSF) e o Instituto Bacana Demais realizam mais uma edi\u00e7\u00e3o do Arrai\u00e1 Bacana Demais, nos dias 4, 5 e 6 de julho, a partir das 18h, na Pra\u00e7a do M\u00e9xico, localizada no bairro Conc\u00f3rdia, regi\u00e3o Nordeste de Belo Horizonte. A entrada \u00e9 gratuita e o evento [&hellip;]\" \/>\n<meta property=\"og:url\" content=\"https:\/\/www.federassantas.org.br\/novosite\/concordia-em-festa-hospital-sao-francisco-fortalece-lacos-de-cultura-com-a-comunidade\/\" \/>\n<meta property=\"og:site_name\" content=\"Federassantas\" \/>\n<meta property=\"article:published_time\" content=\"2025-07-03T17:37:08+00:00\" \/>\n<meta property=\"og:image\" content=\"https:\/\/www.federassantas.org.br\/novosite\/wp-content\/uploads\/2025\/07\/TAMANHO-PARA-BANNER-SITE-25.png\" \/>\n\t<meta property=\"og:image:width\" content=\"1120\" \/>\n\t<meta property=\"og:image:height\" content=\"730\" \/>\n\t<meta property=\"og:image:type\" content=\"image\/png\" \/>\n<meta name=\"author\" content=\"admin-federas\" \/>\n<meta name=\"twitter:card\" content=\"summary_large_image\" \/>\n<meta name=\"twitter:label1\" content=\"Escrito por\" \/>\n\t<meta name=\"twitter:data1\" content=\"admin-federas\" \/>\n\t<meta name=\"twitter:label2\" content=\"Est. tempo de leitura\" \/>\n\t<meta name=\"twitter:data2\" content=\"4 minutos\" \/>\n<script type=\"application\/ld+json\" class=\"yoast-schema-graph\">{\"@context\":\"https:\/\/schema.org\",\"@graph\":[{\"@type\":\"Article\",\"@id\":\"https:\/\/www.federassantas.org.br\/novosite\/concordia-em-festa-hospital-sao-francisco-fortalece-lacos-de-cultura-com-a-comunidade\/#article\",\"isPartOf\":{\"@id\":\"https:\/\/www.federassantas.org.br\/novosite\/concordia-em-festa-hospital-sao-francisco-fortalece-lacos-de-cultura-com-a-comunidade\/\"},\"author\":{\"name\":\"admin-federas\",\"@id\":\"https:\/\/www.federassantas.org.br\/novosite\/#\/schema\/person\/75fed98158349313fe56175f232f513c\"},\"headline\":\"Conc\u00f3rdia em Festa: Hospital S\u00e3o Francisco fortalece la\u00e7os de cultura com comunidade\",\"datePublished\":\"2025-07-03T17:37:08+00:00\",\"mainEntityOfPage\":{\"@id\":\"https:\/\/www.federassantas.org.br\/novosite\/concordia-em-festa-hospital-sao-francisco-fortalece-lacos-de-cultura-com-a-comunidade\/\"},\"wordCount\":628,\"commentCount\":0,\"publisher\":{\"@id\":\"https:\/\/www.federassantas.org.br\/novosite\/#organization\"},\"image\":{\"@id\":\"https:\/\/www.federassantas.org.br\/novosite\/concordia-em-festa-hospital-sao-francisco-fortalece-lacos-de-cultura-com-a-comunidade\/#primaryimage\"},\"thumbnailUrl\":\"https:\/\/www.federassantas.org.br\/novosite\/wp-content\/uploads\/2025\/07\/TAMANHO-PARA-BANNER-SITE-25.png\",\"articleSection\":[\"Eventos\"],\"inLanguage\":\"pt-BR\",\"potentialAction\":[{\"@type\":\"CommentAction\",\"name\":\"Comment\",\"target\":[\"https:\/\/www.federassantas.org.br\/novosite\/concordia-em-festa-hospital-sao-francisco-fortalece-lacos-de-cultura-com-a-comunidade\/#respond\"]}]},{\"@type\":\"WebPage\",\"@id\":\"https:\/\/www.federassantas.org.br\/novosite\/concordia-em-festa-hospital-sao-francisco-fortalece-lacos-de-cultura-com-a-comunidade\/\",\"url\":\"https:\/\/www.federassantas.org.br\/novosite\/concordia-em-festa-hospital-sao-francisco-fortalece-lacos-de-cultura-com-a-comunidade\/\",\"name\":\"Conc\u00f3rdia em Festa: Hospital S\u00e3o Francisco fortalece la\u00e7os de cultura com comunidade - Federassantas\",\"isPartOf\":{\"@id\":\"https:\/\/www.federassantas.org.br\/novosite\/#website\"},\"primaryImageOfPage\":{\"@id\":\"https:\/\/www.federassantas.org.br\/novosite\/concordia-em-festa-hospital-sao-francisco-fortalece-lacos-de-cultura-com-a-comunidade\/#primaryimage\"},\"image\":{\"@id\":\"https:\/\/www.federassantas.org.br\/novosite\/concordia-em-festa-hospital-sao-francisco-fortalece-lacos-de-cultura-com-a-comunidade\/#primaryimage\"},\"thumbnailUrl\":\"https:\/\/www.federassantas.org.br\/novosite\/wp-content\/uploads\/2025\/07\/TAMANHO-PARA-BANNER-SITE-25.png\",\"datePublished\":\"2025-07-03T17:37:08+00:00\",\"breadcrumb\":{\"@id\":\"https:\/\/www.federassantas.org.br\/novosite\/concordia-em-festa-hospital-sao-francisco-fortalece-lacos-de-cultura-com-a-comunidade\/#breadcrumb\"},\"inLanguage\":\"pt-BR\",\"potentialAction\":[{\"@type\":\"ReadAction\",\"target\":[\"https:\/\/www.federassantas.org.br\/novosite\/concordia-em-festa-hospital-sao-francisco-fortalece-lacos-de-cultura-com-a-comunidade\/\"]}]},{\"@type\":\"ImageObject\",\"inLanguage\":\"pt-BR\",\"@id\":\"https:\/\/www.federassantas.org.br\/novosite\/concordia-em-festa-hospital-sao-francisco-fortalece-lacos-de-cultura-com-a-comunidade\/#primaryimage\",\"url\":\"https:\/\/www.federassantas.org.br\/novosite\/wp-content\/uploads\/2025\/07\/TAMANHO-PARA-BANNER-SITE-25.png\",\"contentUrl\":\"https:\/\/www.federassantas.org.br\/novosite\/wp-content\/uploads\/2025\/07\/TAMANHO-PARA-BANNER-SITE-25.png\",\"width\":1120,\"height\":730},{\"@type\":\"BreadcrumbList\",\"@id\":\"https:\/\/www.federassantas.org.br\/novosite\/concordia-em-festa-hospital-sao-francisco-fortalece-lacos-de-cultura-com-a-comunidade\/#breadcrumb\",\"itemListElement\":[{\"@type\":\"ListItem\",\"position\":1,\"name\":\"In\u00edcio\",\"item\":\"https:\/\/www.federassantas.org.br\/novosite\/\"},{\"@type\":\"ListItem\",\"position\":2,\"name\":\"Conc\u00f3rdia em Festa: Hospital S\u00e3o Francisco fortalece la\u00e7os de cultura com comunidade\"}]},{\"@type\":\"WebSite\",\"@id\":\"https:\/\/www.federassantas.org.br\/novosite\/#website\",\"url\":\"https:\/\/www.federassantas.org.br\/novosite\/\",\"name\":\"Federassantas\",\"description\":\"Fed. das Santas Casas e Hospitais Filantr\u00f3picos de MG\",\"publisher\":{\"@id\":\"https:\/\/www.federassantas.org.br\/novosite\/#organization\"},\"potentialAction\":[{\"@type\":\"SearchAction\",\"target\":{\"@type\":\"EntryPoint\",\"urlTemplate\":\"https:\/\/www.federassantas.org.br\/novosite\/?s={search_term_string}\"},\"query-input\":{\"@type\":\"PropertyValueSpecification\",\"valueRequired\":true,\"valueName\":\"search_term_string\"}}],\"inLanguage\":\"pt-BR\"},{\"@type\":\"Organization\",\"@id\":\"https:\/\/www.federassantas.org.br\/novosite\/#organization\",\"name\":\"Federassantas\",\"url\":\"https:\/\/www.federassantas.org.br\/novosite\/\",\"logo\":{\"@type\":\"ImageObject\",\"inLanguage\":\"pt-BR\",\"@id\":\"https:\/\/www.federassantas.org.br\/novosite\/#\/schema\/logo\/image\/\",\"url\":\"https:\/\/www.federassantas.org.br\/novosite\/wp-content\/uploads\/2021\/12\/logo.png\",\"contentUrl\":\"https:\/\/www.federassantas.org.br\/novosite\/wp-content\/uploads\/2021\/12\/logo.png\",\"width\":243,\"height\":59,\"caption\":\"Federassantas\"},\"image\":{\"@id\":\"https:\/\/www.federassantas.org.br\/novosite\/#\/schema\/logo\/image\/\"}},{\"@type\":\"Person\",\"@id\":\"https:\/\/www.federassantas.org.br\/novosite\/#\/schema\/person\/75fed98158349313fe56175f232f513c\",\"name\":\"admin-federas\",\"image\":{\"@type\":\"ImageObject\",\"inLanguage\":\"pt-BR\",\"@id\":\"https:\/\/www.federassantas.org.br\/novosite\/#\/schema\/person\/image\/\",\"url\":\"https:\/\/secure.gravatar.com\/avatar\/2a02d7dda59fe8dc6b7ffd3f652e2efede5ccf0dd89dfdc8137c5517f3de8407?s=96&d=mm&r=g\",\"contentUrl\":\"https:\/\/secure.gravatar.com\/avatar\/2a02d7dda59fe8dc6b7ffd3f652e2efede5ccf0dd89dfdc8137c5517f3de8407?s=96&d=mm&r=g\",\"caption\":\"admin-federas\"},\"sameAs\":[\"https:\/\/www.federassantas.org.br\/novosite\/\"],\"url\":\"https:\/\/www.federassantas.org.br\/novosite\/author\/admin-federas\/\"}]}<\/script>\n<!-- \/ Yoast SEO plugin. -->","yoast_head_json":{"title":"Conc\u00f3rdia em Festa: Hospital S\u00e3o Francisco fortalece la\u00e7os de cultura com comunidade - Federassantas","robots":{"index":"index","follow":"follow","max-snippet":"max-snippet:-1","max-image-preview":"max-image-preview:large","max-video-preview":"max-video-preview:-1"},"canonical":"https:\/\/www.federassantas.org.br\/novosite\/concordia-em-festa-hospital-sao-francisco-fortalece-lacos-de-cultura-com-a-comunidade\/","og_locale":"pt_BR","og_type":"article","og_title":"Conc\u00f3rdia em Festa: Hospital S\u00e3o Francisco fortalece la\u00e7os de cultura com comunidade - Federassantas","og_description":"Em mais uma a\u00e7\u00e3o conjunta, o Hospital S\u00e3o Francisco (HSF) e o Instituto Bacana Demais realizam mais uma edi\u00e7\u00e3o do Arrai\u00e1 Bacana Demais, nos dias 4, 5 e 6 de julho, a partir das 18h, na Pra\u00e7a do M\u00e9xico, localizada no bairro Conc\u00f3rdia, regi\u00e3o Nordeste de Belo Horizonte. A entrada \u00e9 gratuita e o evento [&hellip;]","og_url":"https:\/\/www.federassantas.org.br\/novosite\/concordia-em-festa-hospital-sao-francisco-fortalece-lacos-de-cultura-com-a-comunidade\/","og_site_name":"Federassantas","article_published_time":"2025-07-03T17:37:08+00:00","og_image":[{"width":1120,"height":730,"url":"https:\/\/www.federassantas.org.br\/novosite\/wp-content\/uploads\/2025\/07\/TAMANHO-PARA-BANNER-SITE-25.png","type":"image\/png"}],"author":"admin-federas","twitter_card":"summary_large_image","twitter_misc":{"Escrito por":"admin-federas","Est. tempo de leitura":"4 minutos"},"schema":{"@context":"https:\/\/schema.org","@graph":[{"@type":"Article","@id":"https:\/\/www.federassantas.org.br\/novosite\/concordia-em-festa-hospital-sao-francisco-fortalece-lacos-de-cultura-com-a-comunidade\/#article","isPartOf":{"@id":"https:\/\/www.federassantas.org.br\/novosite\/concordia-em-festa-hospital-sao-francisco-fortalece-lacos-de-cultura-com-a-comunidade\/"},"author":{"name":"admin-federas","@id":"https:\/\/www.federassantas.org.br\/novosite\/#\/schema\/person\/75fed98158349313fe56175f232f513c"},"headline":"Conc\u00f3rdia em Festa: Hospital S\u00e3o Francisco fortalece la\u00e7os de cultura com comunidade","datePublished":"2025-07-03T17:37:08+00:00","mainEntityOfPage":{"@id":"https:\/\/www.federassantas.org.br\/novosite\/concordia-em-festa-hospital-sao-francisco-fortalece-lacos-de-cultura-com-a-comunidade\/"},"wordCount":628,"commentCount":0,"publisher":{"@id":"https:\/\/www.federassantas.org.br\/novosite\/#organization"},"image":{"@id":"https:\/\/www.federassantas.org.br\/novosite\/concordia-em-festa-hospital-sao-francisco-fortalece-lacos-de-cultura-com-a-comunidade\/#primaryimage"},"thumbnailUrl":"https:\/\/www.federassantas.org.br\/novosite\/wp-content\/uploads\/2025\/07\/TAMANHO-PARA-BANNER-SITE-25.png","articleSection":["Eventos"],"inLanguage":"pt-BR","potentialAction":[{"@type":"CommentAction","name":"Comment","target":["https:\/\/www.federassantas.org.br\/novosite\/concordia-em-festa-hospital-sao-francisco-fortalece-lacos-de-cultura-com-a-comunidade\/#respond"]}]},{"@type":"WebPage","@id":"https:\/\/www.federassantas.org.br\/novosite\/concordia-em-festa-hospital-sao-francisco-fortalece-lacos-de-cultura-com-a-comunidade\/","url":"https:\/\/www.federassantas.org.br\/novosite\/concordia-em-festa-hospital-sao-francisco-fortalece-lacos-de-cultura-com-a-comunidade\/","name":"Conc\u00f3rdia em Festa: Hospital S\u00e3o Francisco fortalece la\u00e7os de cultura com comunidade - Federassantas","isPartOf":{"@id":"https:\/\/www.federassantas.org.br\/novosite\/#website"},"primaryImageOfPage":{"@id":"https:\/\/www.federassantas.org.br\/novosite\/concordia-em-festa-hospital-sao-francisco-fortalece-lacos-de-cultura-com-a-comunidade\/#primaryimage"},"image":{"@id":"https:\/\/www.federassantas.org.br\/novosite\/concordia-em-festa-hospital-sao-francisco-fortalece-lacos-de-cultura-com-a-comunidade\/#primaryimage"},"thumbnailUrl":"https:\/\/www.federassantas.org.br\/novosite\/wp-content\/uploads\/2025\/07\/TAMANHO-PARA-BANNER-SITE-25.png","datePublished":"2025-07-03T17:37:08+00:00","breadcrumb":{"@id":"https:\/\/www.federassantas.org.br\/novosite\/concordia-em-festa-hospital-sao-francisco-fortalece-lacos-de-cultura-com-a-comunidade\/#breadcrumb"},"inLanguage":"pt-BR","potentialAction":[{"@type":"ReadAction","target":["https:\/\/www.federassantas.org.br\/novosite\/concordia-em-festa-hospital-sao-francisco-fortalece-lacos-de-cultura-com-a-comunidade\/"]}]},{"@type":"ImageObject","inLanguage":"pt-BR","@id":"https:\/\/www.federassantas.org.br\/novosite\/concordia-em-festa-hospital-sao-francisco-fortalece-lacos-de-cultura-com-a-comunidade\/#primaryimage","url":"https:\/\/www.federassantas.org.br\/novosite\/wp-content\/uploads\/2025\/07\/TAMANHO-PARA-BANNER-SITE-25.png","contentUrl":"https:\/\/www.federassantas.org.br\/novosite\/wp-content\/uploads\/2025\/07\/TAMANHO-PARA-BANNER-SITE-25.png","width":1120,"height":730},{"@type":"BreadcrumbList","@id":"https:\/\/www.federassantas.org.br\/novosite\/concordia-em-festa-hospital-sao-francisco-fortalece-lacos-de-cultura-com-a-comunidade\/#breadcrumb","itemListElement":[{"@type":"ListItem","position":1,"name":"In\u00edcio","item":"https:\/\/www.federassantas.org.br\/novosite\/"},{"@type":"ListItem","position":2,"name":"Conc\u00f3rdia em Festa: Hospital S\u00e3o Francisco fortalece la\u00e7os de cultura com comunidade"}]},{"@type":"WebSite","@id":"https:\/\/www.federassantas.org.br\/novosite\/#website","url":"https:\/\/www.federassantas.org.br\/novosite\/","name":"Federassantas","description":"Fed. das Santas Casas e Hospitais Filantr\u00f3picos de MG","publisher":{"@id":"https:\/\/www.federassantas.org.br\/novosite\/#organization"},"potentialAction":[{"@type":"SearchAction","target":{"@type":"EntryPoint","urlTemplate":"https:\/\/www.federassantas.org.br\/novosite\/?s={search_term_string}"},"query-input":{"@type":"PropertyValueSpecification","valueRequired":true,"valueName":"search_term_string"}}],"inLanguage":"pt-BR"},{"@type":"Organization","@id":"https:\/\/www.federassantas.org.br\/novosite\/#organization","name":"Federassantas","url":"https:\/\/www.federassantas.org.br\/novosite\/","logo":{"@type":"ImageObject","inLanguage":"pt-BR","@id":"https:\/\/www.federassantas.org.br\/novosite\/#\/schema\/logo\/image\/","url":"https:\/\/www.federassantas.org.br\/novosite\/wp-content\/uploads\/2021\/12\/logo.png","contentUrl":"https:\/\/www.federassantas.org.br\/novosite\/wp-content\/uploads\/2021\/12\/logo.png","width":243,"height":59,"caption":"Federassantas"},"image":{"@id":"https:\/\/www.federassantas.org.br\/novosite\/#\/schema\/logo\/image\/"}},{"@type":"Person","@id":"https:\/\/www.federassantas.org.br\/novosite\/#\/schema\/person\/75fed98158349313fe56175f232f513c","name":"admin-federas","image":{"@type":"ImageObject","inLanguage":"pt-BR","@id":"https:\/\/www.federassantas.org.br\/novosite\/#\/schema\/person\/image\/","url":"https:\/\/secure.gravatar.com\/avatar\/2a02d7dda59fe8dc6b7ffd3f652e2efede5ccf0dd89dfdc8137c5517f3de8407?s=96&d=mm&r=g","contentUrl":"https:\/\/secure.gravatar.com\/avatar\/2a02d7dda59fe8dc6b7ffd3f652e2efede5ccf0dd89dfdc8137c5517f3de8407?s=96&d=mm&r=g","caption":"admin-federas"},"sameAs":["https:\/\/www.federassantas.org.br\/novosite\/"],"url":"https:\/\/www.federassantas.org.br\/novosite\/author\/admin-federas\/"}]}},"_links":{"self":[{"href":"https:\/\/www.federassantas.org.br\/novosite\/wp-json\/wp\/v2\/posts\/38125","targetHints":{"allow":["GET"]}}],"collection":[{"href":"https:\/\/www.federassantas.org.br\/novosite\/wp-json\/wp\/v2\/posts"}],"about":[{"href":"https:\/\/www.federassantas.org.br\/novosite\/wp-json\/wp\/v2\/types\/post"}],"author":[{"embeddable":true,"href":"https:\/\/www.federassantas.org.br\/novosite\/wp-json\/wp\/v2\/users\/1"}],"replies":[{"embeddable":true,"href":"https:\/\/www.federassantas.org.br\/novosite\/wp-json\/wp\/v2\/comments?post=38125"}],"version-history":[{"count":8,"href":"https:\/\/www.federassantas.org.br\/novosite\/wp-json\/wp\/v2\/posts\/38125\/revisions"}],"predecessor-version":[{"id":38137,"href":"https:\/\/www.federassantas.org.br\/novosite\/wp-json\/wp\/v2\/posts\/38125\/revisions\/38137"}],"wp:featuredmedia":[{"embeddable":true,"href":"https:\/\/www.federassantas.org.br\/novosite\/wp-json\/wp\/v2\/media\/38136"}],"wp:attachment":[{"href":"https:\/\/www.federassantas.org.br\/novosite\/wp-json\/wp\/v2\/media?parent=38125"}],"wp:term":[{"taxonomy":"category","embeddable":true,"href":"https:\/\/www.federassantas.org.br\/novosite\/wp-json\/wp\/v2\/categories?post=38125"},{"taxonomy":"post_tag","embeddable":true,"href":"https:\/\/www.federassantas.org.br\/novosite\/wp-json\/wp\/v2\/tags?post=38125"}],"curies":[{"name":"wp","href":"https:\/\/api.w.org\/{rel}","templated":true}]}}