{"id":38138,"date":"2025-07-03T15:47:47","date_gmt":"2025-07-03T18:47:47","guid":{"rendered":"https:\/\/www.federassantas.org.br\/novosite\/?p=38138"},"modified":"2025-07-03T15:49:51","modified_gmt":"2025-07-03T18:49:51","slug":"mudanca-temporaria-do-fluxo-da-entrada-de-urgencia-da-santa-casa","status":"publish","type":"post","link":"https:\/\/www.federassantas.org.br\/novosite\/mudanca-temporaria-do-fluxo-da-entrada-de-urgencia-da-santa-casa\/","title":{"rendered":"Mudan\u00e7a Tempor\u00e1ria do Fluxo da Entrada de Urg\u00eancia da Santa Casa de Po\u00e7os de Caldas"},"content":{"rendered":"\t\t<div data-elementor-type=\"wp-post\" data-elementor-id=\"38138\" class=\"elementor elementor-38138\" data-elementor-post-type=\"post\">\n\t\t\t\t\t\t<section class=\"elementor-section elementor-top-section elementor-element elementor-element-7f265ea elementor-section-boxed elementor-section-height-default elementor-section-height-default\" data-id=\"7f265ea\" data-element_type=\"section\" data-e-type=\"section\">\n\t\t\t\t\t\t<div class=\"elementor-container elementor-column-gap-default\">\n\t\t\t\t\t<div class=\"elementor-column elementor-col-100 elementor-top-column elementor-element elementor-element-4ec948e\" data-id=\"4ec948e\" data-element_type=\"column\" data-e-type=\"column\">\n\t\t\t<div class=\"elementor-widget-wrap elementor-element-populated\">\n\t\t\t\t\t\t<div class=\"elementor-element elementor-element-254543c elementor-widget elementor-widget-text-editor\" data-id=\"254543c\" data-element_type=\"widget\" data-e-type=\"widget\" data-widget_type=\"text-editor.default\">\n\t\t\t\t<div class=\"elementor-widget-container\">\n\t\t\t\t\t\t\t\t\t<p>\u00a0Santa Casa de Po\u00e7os de Caldas informa que, a partir desta segunda-feira, 7 de julho, a entrada principal da Urg\u00eancia (acesso lateral) estar\u00e1 interditada para obras de reforma.<br \/><br \/>A interven\u00e7\u00e3o \u00e9 necess\u00e1ria para melhorias na infraestrutura da rampa de acesso, visando oferecer mais seguran\u00e7a e conforto a pacientes, acompanhantes e profissionais. A previs\u00e3o \u00e9 que os servi\u00e7os durem 15 dias, com t\u00e9rmino estimado em 21 de julho.<br \/><br \/>Durante esse per\u00edodo, haver\u00e1 mudan\u00e7a no fluxo de entrada:<br \/><br \/><img decoding=\"async\" class=\"an1\" draggable=\"false\" src=\"https:\/\/fonts.gstatic.com\/s\/e\/notoemoji\/16.0\/1f538\/72.png\" alt=\"\ud83d\udd38\" data-emoji=\"\ud83d\udd38\" aria-label=\"\ud83d\udd38\" \/>\u00a0Ambul\u00e2ncias, pacientes e colaboradores dever\u00e3o utilizar a entrada provis\u00f3ria pela estacionamento lateral do hospital que foi adaptada para esse fim.<br \/>\u00a0<br \/><img decoding=\"async\" class=\"an1\" draggable=\"false\" src=\"https:\/\/fonts.gstatic.com\/s\/e\/notoemoji\/16.0\/1f538\/72.png\" alt=\"\ud83d\udd38\" data-emoji=\"\ud83d\udd38\" aria-label=\"\ud83d\udd38\" \/>O estacionamento lateral \u00a0estar\u00e1 aberto \u00a024 horas exclusivamente para \u00a0a circula\u00e7\u00e3o dos ve\u00edculos de emerg\u00eancia.<br \/><br \/>Contamos com a compreens\u00e3o da popula\u00e7\u00e3o e pedimos aten\u00e7\u00e3o especial \u00e0 sinaliza\u00e7\u00e3o no entorno do hospital. A obra ser\u00e1 conduzida com todos os cuidados para minimizar impactos e garantir a continuidade da assist\u00eancia.<\/p><p>Fonte: Assessoria de Comunica\u00e7\u00e3o Santa Casa de Po\u00e7os de Caldas<\/p>\t\t\t\t\t\t\t\t<\/div>\n\t\t\t\t<\/div>\n\t\t\t\t\t<\/div>\n\t\t<\/div>\n\t\t\t\t\t<\/div>\n\t\t<\/section>\n\t\t\t\t<\/div>\n\t\t","protected":false},"excerpt":{"rendered":"<p>Santa Casa de Po\u00e7os de Caldas informa que, a partir desta segunda-feira, 7 de julho, a entrada principal da Urg\u00eancia (acesso lateral) estar\u00e1 interditada para obras de reforma. A interven\u00e7\u00e3o \u00e9 necess\u00e1ria para melhorias na infraestrutura da rampa de acesso, visando oferecer mais seguran\u00e7a e conforto a pacientes, acompanhantes e profissionais. A previs\u00e3o \u00e9 que [&hellip;]<\/p>\n","protected":false},"author":1,"featured_media":38145,"comment_status":"open","ping_status":"open","sticky":false,"template":"","format":"standard","meta":{"footnotes":""},"categories":[140],"tags":[],"class_list":["post-38138","post","type-post","status-publish","format-standard","has-post-thumbnail","hentry","category-noticias"],"yoast_head":"<!-- This site is optimized with the Yoast SEO plugin v26.9 - https:\/\/yoast.com\/product\/yoast-seo-wordpress\/ -->\n<title>Mudan\u00e7a Tempor\u00e1ria do Fluxo da Entrada de Urg\u00eancia da Santa Casa de Po\u00e7os de Caldas - Federassantas<\/title>\n<meta name=\"robots\" content=\"index, follow, max-snippet:-1, max-image-preview:large, max-video-preview:-1\" \/>\n<link rel=\"canonical\" href=\"https:\/\/www.federassantas.org.br\/novosite\/mudanca-temporaria-do-fluxo-da-entrada-de-urgencia-da-santa-casa\/\" \/>\n<meta property=\"og:locale\" content=\"pt_BR\" \/>\n<meta property=\"og:type\" content=\"article\" \/>\n<meta property=\"og:title\" content=\"Mudan\u00e7a Tempor\u00e1ria do Fluxo da Entrada de Urg\u00eancia da Santa Casa de Po\u00e7os de Caldas - Federassantas\" \/>\n<meta property=\"og:description\" content=\"Santa Casa de Po\u00e7os de Caldas informa que, a partir desta segunda-feira, 7 de julho, a entrada principal da Urg\u00eancia (acesso lateral) estar\u00e1 interditada para obras de reforma. A interven\u00e7\u00e3o \u00e9 necess\u00e1ria para melhorias na infraestrutura da rampa de acesso, visando oferecer mais seguran\u00e7a e conforto a pacientes, acompanhantes e profissionais. A previs\u00e3o \u00e9 que [&hellip;]\" \/>\n<meta property=\"og:url\" content=\"https:\/\/www.federassantas.org.br\/novosite\/mudanca-temporaria-do-fluxo-da-entrada-de-urgencia-da-santa-casa\/\" \/>\n<meta property=\"og:site_name\" content=\"Federassantas\" \/>\n<meta property=\"article:published_time\" content=\"2025-07-03T18:47:47+00:00\" \/>\n<meta property=\"article:modified_time\" content=\"2025-07-03T18:49:51+00:00\" \/>\n<meta property=\"og:image\" content=\"https:\/\/www.federassantas.org.br\/novosite\/wp-content\/uploads\/2025\/07\/TAMANHO-PARA-BANNER-SITE-26.png\" \/>\n\t<meta property=\"og:image:width\" content=\"1120\" \/>\n\t<meta property=\"og:image:height\" content=\"730\" \/>\n\t<meta property=\"og:image:type\" content=\"image\/png\" \/>\n<meta name=\"author\" content=\"admin-federas\" \/>\n<meta name=\"twitter:card\" content=\"summary_large_image\" \/>\n<meta name=\"twitter:label1\" content=\"Escrito por\" \/>\n\t<meta name=\"twitter:data1\" content=\"admin-federas\" \/>\n\t<meta name=\"twitter:label2\" content=\"Est. tempo de leitura\" \/>\n\t<meta name=\"twitter:data2\" content=\"2 minutos\" \/>\n<script type=\"application\/ld+json\" class=\"yoast-schema-graph\">{\"@context\":\"https:\/\/schema.org\",\"@graph\":[{\"@type\":\"Article\",\"@id\":\"https:\/\/www.federassantas.org.br\/novosite\/mudanca-temporaria-do-fluxo-da-entrada-de-urgencia-da-santa-casa\/#article\",\"isPartOf\":{\"@id\":\"https:\/\/www.federassantas.org.br\/novosite\/mudanca-temporaria-do-fluxo-da-entrada-de-urgencia-da-santa-casa\/\"},\"author\":{\"name\":\"admin-federas\",\"@id\":\"https:\/\/www.federassantas.org.br\/novosite\/#\/schema\/person\/75fed98158349313fe56175f232f513c\"},\"headline\":\"Mudan\u00e7a Tempor\u00e1ria do Fluxo da Entrada de Urg\u00eancia da Santa Casa de Po\u00e7os de Caldas\",\"datePublished\":\"2025-07-03T18:47:47+00:00\",\"dateModified\":\"2025-07-03T18:49:51+00:00\",\"mainEntityOfPage\":{\"@id\":\"https:\/\/www.federassantas.org.br\/novosite\/mudanca-temporaria-do-fluxo-da-entrada-de-urgencia-da-santa-casa\/\"},\"wordCount\":189,\"commentCount\":0,\"publisher\":{\"@id\":\"https:\/\/www.federassantas.org.br\/novosite\/#organization\"},\"image\":{\"@id\":\"https:\/\/www.federassantas.org.br\/novosite\/mudanca-temporaria-do-fluxo-da-entrada-de-urgencia-da-santa-casa\/#primaryimage\"},\"thumbnailUrl\":\"https:\/\/www.federassantas.org.br\/novosite\/wp-content\/uploads\/2025\/07\/TAMANHO-PARA-BANNER-SITE-26.png\",\"articleSection\":[\"Not\u00edcias\"],\"inLanguage\":\"pt-BR\",\"potentialAction\":[{\"@type\":\"CommentAction\",\"name\":\"Comment\",\"target\":[\"https:\/\/www.federassantas.org.br\/novosite\/mudanca-temporaria-do-fluxo-da-entrada-de-urgencia-da-santa-casa\/#respond\"]}]},{\"@type\":\"WebPage\",\"@id\":\"https:\/\/www.federassantas.org.br\/novosite\/mudanca-temporaria-do-fluxo-da-entrada-de-urgencia-da-santa-casa\/\",\"url\":\"https:\/\/www.federassantas.org.br\/novosite\/mudanca-temporaria-do-fluxo-da-entrada-de-urgencia-da-santa-casa\/\",\"name\":\"Mudan\u00e7a Tempor\u00e1ria do Fluxo da Entrada de Urg\u00eancia da Santa Casa de Po\u00e7os de Caldas - Federassantas\",\"isPartOf\":{\"@id\":\"https:\/\/www.federassantas.org.br\/novosite\/#website\"},\"primaryImageOfPage\":{\"@id\":\"https:\/\/www.federassantas.org.br\/novosite\/mudanca-temporaria-do-fluxo-da-entrada-de-urgencia-da-santa-casa\/#primaryimage\"},\"image\":{\"@id\":\"https:\/\/www.federassantas.org.br\/novosite\/mudanca-temporaria-do-fluxo-da-entrada-de-urgencia-da-santa-casa\/#primaryimage\"},\"thumbnailUrl\":\"https:\/\/www.federassantas.org.br\/novosite\/wp-content\/uploads\/2025\/07\/TAMANHO-PARA-BANNER-SITE-26.png\",\"datePublished\":\"2025-07-03T18:47:47+00:00\",\"dateModified\":\"2025-07-03T18:49:51+00:00\",\"breadcrumb\":{\"@id\":\"https:\/\/www.federassantas.org.br\/novosite\/mudanca-temporaria-do-fluxo-da-entrada-de-urgencia-da-santa-casa\/#breadcrumb\"},\"inLanguage\":\"pt-BR\",\"potentialAction\":[{\"@type\":\"ReadAction\",\"target\":[\"https:\/\/www.federassantas.org.br\/novosite\/mudanca-temporaria-do-fluxo-da-entrada-de-urgencia-da-santa-casa\/\"]}]},{\"@type\":\"ImageObject\",\"inLanguage\":\"pt-BR\",\"@id\":\"https:\/\/www.federassantas.org.br\/novosite\/mudanca-temporaria-do-fluxo-da-entrada-de-urgencia-da-santa-casa\/#primaryimage\",\"url\":\"https:\/\/www.federassantas.org.br\/novosite\/wp-content\/uploads\/2025\/07\/TAMANHO-PARA-BANNER-SITE-26.png\",\"contentUrl\":\"https:\/\/www.federassantas.org.br\/novosite\/wp-content\/uploads\/2025\/07\/TAMANHO-PARA-BANNER-SITE-26.png\",\"width\":1120,\"height\":730},{\"@type\":\"BreadcrumbList\",\"@id\":\"https:\/\/www.federassantas.org.br\/novosite\/mudanca-temporaria-do-fluxo-da-entrada-de-urgencia-da-santa-casa\/#breadcrumb\",\"itemListElement\":[{\"@type\":\"ListItem\",\"position\":1,\"name\":\"In\u00edcio\",\"item\":\"https:\/\/www.federassantas.org.br\/novosite\/\"},{\"@type\":\"ListItem\",\"position\":2,\"name\":\"Mudan\u00e7a Tempor\u00e1ria do Fluxo da Entrada de Urg\u00eancia da Santa Casa de Po\u00e7os de Caldas\"}]},{\"@type\":\"WebSite\",\"@id\":\"https:\/\/www.federassantas.org.br\/novosite\/#website\",\"url\":\"https:\/\/www.federassantas.org.br\/novosite\/\",\"name\":\"Federassantas\",\"description\":\"Fed. das Santas Casas e Hospitais Filantr\u00f3picos de MG\",\"publisher\":{\"@id\":\"https:\/\/www.federassantas.org.br\/novosite\/#organization\"},\"potentialAction\":[{\"@type\":\"SearchAction\",\"target\":{\"@type\":\"EntryPoint\",\"urlTemplate\":\"https:\/\/www.federassantas.org.br\/novosite\/?s={search_term_string}\"},\"query-input\":{\"@type\":\"PropertyValueSpecification\",\"valueRequired\":true,\"valueName\":\"search_term_string\"}}],\"inLanguage\":\"pt-BR\"},{\"@type\":\"Organization\",\"@id\":\"https:\/\/www.federassantas.org.br\/novosite\/#organization\",\"name\":\"Federassantas\",\"url\":\"https:\/\/www.federassantas.org.br\/novosite\/\",\"logo\":{\"@type\":\"ImageObject\",\"inLanguage\":\"pt-BR\",\"@id\":\"https:\/\/www.federassantas.org.br\/novosite\/#\/schema\/logo\/image\/\",\"url\":\"https:\/\/www.federassantas.org.br\/novosite\/wp-content\/uploads\/2021\/12\/logo.png\",\"contentUrl\":\"https:\/\/www.federassantas.org.br\/novosite\/wp-content\/uploads\/2021\/12\/logo.png\",\"width\":243,\"height\":59,\"caption\":\"Federassantas\"},\"image\":{\"@id\":\"https:\/\/www.federassantas.org.br\/novosite\/#\/schema\/logo\/image\/\"}},{\"@type\":\"Person\",\"@id\":\"https:\/\/www.federassantas.org.br\/novosite\/#\/schema\/person\/75fed98158349313fe56175f232f513c\",\"name\":\"admin-federas\",\"image\":{\"@type\":\"ImageObject\",\"inLanguage\":\"pt-BR\",\"@id\":\"https:\/\/www.federassantas.org.br\/novosite\/#\/schema\/person\/image\/\",\"url\":\"https:\/\/secure.gravatar.com\/avatar\/2a02d7dda59fe8dc6b7ffd3f652e2efede5ccf0dd89dfdc8137c5517f3de8407?s=96&d=mm&r=g\",\"contentUrl\":\"https:\/\/secure.gravatar.com\/avatar\/2a02d7dda59fe8dc6b7ffd3f652e2efede5ccf0dd89dfdc8137c5517f3de8407?s=96&d=mm&r=g\",\"caption\":\"admin-federas\"},\"sameAs\":[\"https:\/\/www.federassantas.org.br\/novosite\/\"],\"url\":\"https:\/\/www.federassantas.org.br\/novosite\/author\/admin-federas\/\"}]}<\/script>\n<!-- \/ Yoast SEO plugin. -->","yoast_head_json":{"title":"Mudan\u00e7a Tempor\u00e1ria do Fluxo da Entrada de Urg\u00eancia da Santa Casa de Po\u00e7os de Caldas - Federassantas","robots":{"index":"index","follow":"follow","max-snippet":"max-snippet:-1","max-image-preview":"max-image-preview:large","max-video-preview":"max-video-preview:-1"},"canonical":"https:\/\/www.federassantas.org.br\/novosite\/mudanca-temporaria-do-fluxo-da-entrada-de-urgencia-da-santa-casa\/","og_locale":"pt_BR","og_type":"article","og_title":"Mudan\u00e7a Tempor\u00e1ria do Fluxo da Entrada de Urg\u00eancia da Santa Casa de Po\u00e7os de Caldas - Federassantas","og_description":"Santa Casa de Po\u00e7os de Caldas informa que, a partir desta segunda-feira, 7 de julho, a entrada principal da Urg\u00eancia (acesso lateral) estar\u00e1 interditada para obras de reforma. A interven\u00e7\u00e3o \u00e9 necess\u00e1ria para melhorias na infraestrutura da rampa de acesso, visando oferecer mais seguran\u00e7a e conforto a pacientes, acompanhantes e profissionais. A previs\u00e3o \u00e9 que [&hellip;]","og_url":"https:\/\/www.federassantas.org.br\/novosite\/mudanca-temporaria-do-fluxo-da-entrada-de-urgencia-da-santa-casa\/","og_site_name":"Federassantas","article_published_time":"2025-07-03T18:47:47+00:00","article_modified_time":"2025-07-03T18:49:51+00:00","og_image":[{"width":1120,"height":730,"url":"https:\/\/www.federassantas.org.br\/novosite\/wp-content\/uploads\/2025\/07\/TAMANHO-PARA-BANNER-SITE-26.png","type":"image\/png"}],"author":"admin-federas","twitter_card":"summary_large_image","twitter_misc":{"Escrito por":"admin-federas","Est. tempo de leitura":"2 minutos"},"schema":{"@context":"https:\/\/schema.org","@graph":[{"@type":"Article","@id":"https:\/\/www.federassantas.org.br\/novosite\/mudanca-temporaria-do-fluxo-da-entrada-de-urgencia-da-santa-casa\/#article","isPartOf":{"@id":"https:\/\/www.federassantas.org.br\/novosite\/mudanca-temporaria-do-fluxo-da-entrada-de-urgencia-da-santa-casa\/"},"author":{"name":"admin-federas","@id":"https:\/\/www.federassantas.org.br\/novosite\/#\/schema\/person\/75fed98158349313fe56175f232f513c"},"headline":"Mudan\u00e7a Tempor\u00e1ria do Fluxo da Entrada de Urg\u00eancia da Santa Casa de Po\u00e7os de Caldas","datePublished":"2025-07-03T18:47:47+00:00","dateModified":"2025-07-03T18:49:51+00:00","mainEntityOfPage":{"@id":"https:\/\/www.federassantas.org.br\/novosite\/mudanca-temporaria-do-fluxo-da-entrada-de-urgencia-da-santa-casa\/"},"wordCount":189,"commentCount":0,"publisher":{"@id":"https:\/\/www.federassantas.org.br\/novosite\/#organization"},"image":{"@id":"https:\/\/www.federassantas.org.br\/novosite\/mudanca-temporaria-do-fluxo-da-entrada-de-urgencia-da-santa-casa\/#primaryimage"},"thumbnailUrl":"https:\/\/www.federassantas.org.br\/novosite\/wp-content\/uploads\/2025\/07\/TAMANHO-PARA-BANNER-SITE-26.png","articleSection":["Not\u00edcias"],"inLanguage":"pt-BR","potentialAction":[{"@type":"CommentAction","name":"Comment","target":["https:\/\/www.federassantas.org.br\/novosite\/mudanca-temporaria-do-fluxo-da-entrada-de-urgencia-da-santa-casa\/#respond"]}]},{"@type":"WebPage","@id":"https:\/\/www.federassantas.org.br\/novosite\/mudanca-temporaria-do-fluxo-da-entrada-de-urgencia-da-santa-casa\/","url":"https:\/\/www.federassantas.org.br\/novosite\/mudanca-temporaria-do-fluxo-da-entrada-de-urgencia-da-santa-casa\/","name":"Mudan\u00e7a Tempor\u00e1ria do Fluxo da Entrada de Urg\u00eancia da Santa Casa de Po\u00e7os de Caldas - Federassantas","isPartOf":{"@id":"https:\/\/www.federassantas.org.br\/novosite\/#website"},"primaryImageOfPage":{"@id":"https:\/\/www.federassantas.org.br\/novosite\/mudanca-temporaria-do-fluxo-da-entrada-de-urgencia-da-santa-casa\/#primaryimage"},"image":{"@id":"https:\/\/www.federassantas.org.br\/novosite\/mudanca-temporaria-do-fluxo-da-entrada-de-urgencia-da-santa-casa\/#primaryimage"},"thumbnailUrl":"https:\/\/www.federassantas.org.br\/novosite\/wp-content\/uploads\/2025\/07\/TAMANHO-PARA-BANNER-SITE-26.png","datePublished":"2025-07-03T18:47:47+00:00","dateModified":"2025-07-03T18:49:51+00:00","breadcrumb":{"@id":"https:\/\/www.federassantas.org.br\/novosite\/mudanca-temporaria-do-fluxo-da-entrada-de-urgencia-da-santa-casa\/#breadcrumb"},"inLanguage":"pt-BR","potentialAction":[{"@type":"ReadAction","target":["https:\/\/www.federassantas.org.br\/novosite\/mudanca-temporaria-do-fluxo-da-entrada-de-urgencia-da-santa-casa\/"]}]},{"@type":"ImageObject","inLanguage":"pt-BR","@id":"https:\/\/www.federassantas.org.br\/novosite\/mudanca-temporaria-do-fluxo-da-entrada-de-urgencia-da-santa-casa\/#primaryimage","url":"https:\/\/www.federassantas.org.br\/novosite\/wp-content\/uploads\/2025\/07\/TAMANHO-PARA-BANNER-SITE-26.png","contentUrl":"https:\/\/www.federassantas.org.br\/novosite\/wp-content\/uploads\/2025\/07\/TAMANHO-PARA-BANNER-SITE-26.png","width":1120,"height":730},{"@type":"BreadcrumbList","@id":"https:\/\/www.federassantas.org.br\/novosite\/mudanca-temporaria-do-fluxo-da-entrada-de-urgencia-da-santa-casa\/#breadcrumb","itemListElement":[{"@type":"ListItem","position":1,"name":"In\u00edcio","item":"https:\/\/www.federassantas.org.br\/novosite\/"},{"@type":"ListItem","position":2,"name":"Mudan\u00e7a Tempor\u00e1ria do Fluxo da Entrada de Urg\u00eancia da Santa Casa de Po\u00e7os de Caldas"}]},{"@type":"WebSite","@id":"https:\/\/www.federassantas.org.br\/novosite\/#website","url":"https:\/\/www.federassantas.org.br\/novosite\/","name":"Federassantas","description":"Fed. das Santas Casas e Hospitais Filantr\u00f3picos de MG","publisher":{"@id":"https:\/\/www.federassantas.org.br\/novosite\/#organization"},"potentialAction":[{"@type":"SearchAction","target":{"@type":"EntryPoint","urlTemplate":"https:\/\/www.federassantas.org.br\/novosite\/?s={search_term_string}"},"query-input":{"@type":"PropertyValueSpecification","valueRequired":true,"valueName":"search_term_string"}}],"inLanguage":"pt-BR"},{"@type":"Organization","@id":"https:\/\/www.federassantas.org.br\/novosite\/#organization","name":"Federassantas","url":"https:\/\/www.federassantas.org.br\/novosite\/","logo":{"@type":"ImageObject","inLanguage":"pt-BR","@id":"https:\/\/www.federassantas.org.br\/novosite\/#\/schema\/logo\/image\/","url":"https:\/\/www.federassantas.org.br\/novosite\/wp-content\/uploads\/2021\/12\/logo.png","contentUrl":"https:\/\/www.federassantas.org.br\/novosite\/wp-content\/uploads\/2021\/12\/logo.png","width":243,"height":59,"caption":"Federassantas"},"image":{"@id":"https:\/\/www.federassantas.org.br\/novosite\/#\/schema\/logo\/image\/"}},{"@type":"Person","@id":"https:\/\/www.federassantas.org.br\/novosite\/#\/schema\/person\/75fed98158349313fe56175f232f513c","name":"admin-federas","image":{"@type":"ImageObject","inLanguage":"pt-BR","@id":"https:\/\/www.federassantas.org.br\/novosite\/#\/schema\/person\/image\/","url":"https:\/\/secure.gravatar.com\/avatar\/2a02d7dda59fe8dc6b7ffd3f652e2efede5ccf0dd89dfdc8137c5517f3de8407?s=96&d=mm&r=g","contentUrl":"https:\/\/secure.gravatar.com\/avatar\/2a02d7dda59fe8dc6b7ffd3f652e2efede5ccf0dd89dfdc8137c5517f3de8407?s=96&d=mm&r=g","caption":"admin-federas"},"sameAs":["https:\/\/www.federassantas.org.br\/novosite\/"],"url":"https:\/\/www.federassantas.org.br\/novosite\/author\/admin-federas\/"}]}},"_links":{"self":[{"href":"https:\/\/www.federassantas.org.br\/novosite\/wp-json\/wp\/v2\/posts\/38138","targetHints":{"allow":["GET"]}}],"collection":[{"href":"https:\/\/www.federassantas.org.br\/novosite\/wp-json\/wp\/v2\/posts"}],"about":[{"href":"https:\/\/www.federassantas.org.br\/novosite\/wp-json\/wp\/v2\/types\/post"}],"author":[{"embeddable":true,"href":"https:\/\/www.federassantas.org.br\/novosite\/wp-json\/wp\/v2\/users\/1"}],"replies":[{"embeddable":true,"href":"https:\/\/www.federassantas.org.br\/novosite\/wp-json\/wp\/v2\/comments?post=38138"}],"version-history":[{"count":5,"href":"https:\/\/www.federassantas.org.br\/novosite\/wp-json\/wp\/v2\/posts\/38138\/revisions"}],"predecessor-version":[{"id":38146,"href":"https:\/\/www.federassantas.org.br\/novosite\/wp-json\/wp\/v2\/posts\/38138\/revisions\/38146"}],"wp:featuredmedia":[{"embeddable":true,"href":"https:\/\/www.federassantas.org.br\/novosite\/wp-json\/wp\/v2\/media\/38145"}],"wp:attachment":[{"href":"https:\/\/www.federassantas.org.br\/novosite\/wp-json\/wp\/v2\/media?parent=38138"}],"wp:term":[{"taxonomy":"category","embeddable":true,"href":"https:\/\/www.federassantas.org.br\/novosite\/wp-json\/wp\/v2\/categories?post=38138"},{"taxonomy":"post_tag","embeddable":true,"href":"https:\/\/www.federassantas.org.br\/novosite\/wp-json\/wp\/v2\/tags?post=38138"}],"curies":[{"name":"wp","href":"https:\/\/api.w.org\/{rel}","templated":true}]}}