{"id":38147,"date":"2025-07-07T12:11:34","date_gmt":"2025-07-07T15:11:34","guid":{"rendered":"https:\/\/www.federassantas.org.br\/novosite\/?p=38147"},"modified":"2025-07-07T12:11:34","modified_gmt":"2025-07-07T15:11:34","slug":"instituto-mario-penna-celebra-o-hospital-comemora-dia-nacional-da-ciencia-com-avancos-em-pesquisa-e-inovacao-oncologica","status":"publish","type":"post","link":"https:\/\/www.federassantas.org.br\/novosite\/instituto-mario-penna-celebra-o-hospital-comemora-dia-nacional-da-ciencia-com-avancos-em-pesquisa-e-inovacao-oncologica\/","title":{"rendered":"Instituto M\u00e1rio Penna celebra dia nacional da ci\u00eancia com avan\u00e7os em pesquisa e inova\u00e7\u00e3o oncol\u00f3gica"},"content":{"rendered":"\t\t<div data-elementor-type=\"wp-post\" data-elementor-id=\"38147\" class=\"elementor elementor-38147\" data-elementor-post-type=\"post\">\n\t\t\t\t\t\t<section class=\"elementor-section elementor-top-section elementor-element elementor-element-8b50bd9 elementor-section-boxed elementor-section-height-default elementor-section-height-default\" data-id=\"8b50bd9\" data-element_type=\"section\" data-e-type=\"section\">\n\t\t\t\t\t\t<div class=\"elementor-container elementor-column-gap-default\">\n\t\t\t\t\t<div class=\"elementor-column elementor-col-100 elementor-top-column elementor-element elementor-element-a853a55\" data-id=\"a853a55\" data-element_type=\"column\" data-e-type=\"column\">\n\t\t\t<div class=\"elementor-widget-wrap elementor-element-populated\">\n\t\t\t\t\t\t<div class=\"elementor-element elementor-element-56f6068 elementor-widget elementor-widget-text-editor\" data-id=\"56f6068\" data-element_type=\"widget\" data-e-type=\"widget\" data-widget_type=\"text-editor.default\">\n\t\t\t\t<div class=\"elementor-widget-container\">\n\t\t\t\t\t\t\t\t\t<div>O Dia Nacional da Ci\u00eancia e do Pesquisador Cient\u00edfico, em 8 de junho, marca a funda\u00e7\u00e3o da Sociedade Brasileira para o Progresso da Ci\u00eancia (SBPC), mas vai muito al\u00e9m de uma lembran\u00e7a hist\u00f3rica. \u00c9 uma data para refletirmos sobre a import\u00e2ncia da ci\u00eancia como for\u00e7a transformadora da sociedade e instrumento fundamental para salvar vidas, gerar solu\u00e7\u00f5es e garantir um futuro mais justo, saud\u00e1vel e sustent\u00e1vel. No Instituto M\u00e1rio Penna, essa uni\u00e3o entre pesquisa e assist\u00eancia se materializa por meio do NEPI \u2013 N\u00facleo de Ensino, Pesquisa e Inova\u00e7\u00e3o, que atua com excel\u00eancia em prol da evolu\u00e7\u00e3o da oncologia no pa\u00eds.<\/div><div>\u00a0<\/div><div>Entre os projetos conduzidos pelo NEPI, destaca-se o desenvolvimento de modelos baseados em intelig\u00eancia artificial para a an\u00e1lise de imagens histopatol\u00f3gicas, com o objetivo de prever a resposta terap\u00eautica em pacientes com c\u00e2ncer de ov\u00e1rio, a partir da identifica\u00e7\u00e3o da defici\u00eancia na recombina\u00e7\u00e3o hom\u00f3loga (HRD). O NEPI tamb\u00e9m lidera, em parceria com a Universidade Federal de Uberl\u00e2ndia, uma pesquisa inovadora que utiliza bioinform\u00e1tica para identificar long non-coding RNAs associados \u00e0 resposta \u00e0 quimiorradioterapia em c\u00e2ncer de colo uterino, explorando fronteiras ainda pouco conhecidas da biologia tumoral. Outras frentes investigam a express\u00e3o de biomarcadores imunohistoqu\u00edmicos em diversos tipos de tumores, como pulm\u00e3o, mama, endom\u00e9trio e ov\u00e1rio, com foco em compreender mecanismos de resist\u00eancia, agressividade e resposta imune.<\/div><div>\u00a0<\/div><div>Um dos avan\u00e7os recentes mais relevantes do \u00facleo de Ensino, Pesquisa e Inova\u00e7\u00e3o \u00e9 a cria\u00e7\u00e3o da Sala de Cultivo Celular, estrutura pioneira em Minas Gerais e entre as primeiras do Brasil. O espa\u00e7o permite a realiza\u00e7\u00e3o de testes de sensibilidade a f\u00e1rmacos diretamente em c\u00e9lulas tumorais de pacientes com leucemia mieloide aguda (LMA), viabilizando a testagem ex-vivo de combina\u00e7\u00f5es quimioter\u00e1picas antes do in\u00edcio do tratamento. Desenvolvido em colabora\u00e7\u00e3o com o Moffitt Cancer Center (EUA), esse projeto posiciona o Instituto M\u00e1rio Penna como refer\u00eancia em oncologia personalizada e refor\u00e7a como a pesquisa pode impactar diretamente o cuidado com o paciente.<\/div><div>\u00a0<\/div><div>Al\u00e9m de produzir ci\u00eancia, o Instituto compartilha e forma. O M\u00e1rio Penna Journal \u2013 Molecular and Clinical Cancer Research, peri\u00f3dico cient\u00edfico lan\u00e7ado pelo NEPI, j\u00e1 re\u00fane edi\u00e7\u00f5es publicadas e valoriza a difus\u00e3o do conhecimento t\u00e9cnico-cient\u00edfico da institui\u00e7\u00e3o e de parceiros externos. Iniciativas como o \u201cCaf\u00e9 com Ci\u00eancia\u201d e os simp\u00f3sios cient\u00edficos promovem o di\u00e1logo entre pesquisadores, profissionais da sa\u00fade e estudantes, fortalecendo uma rede comprometida com o avan\u00e7o da ci\u00eancia e com o cuidado oncol\u00f3gico baseado em evid\u00eancias.<\/div><div><br \/>Fonte: Assessoria de comunica\u00e7\u00e3o do M\u00e1rio Penna<\/div>\t\t\t\t\t\t\t\t<\/div>\n\t\t\t\t<\/div>\n\t\t\t\t\t<\/div>\n\t\t<\/div>\n\t\t\t\t\t<\/div>\n\t\t<\/section>\n\t\t\t\t<\/div>\n\t\t","protected":false},"excerpt":{"rendered":"<p>O Dia Nacional da Ci\u00eancia e do Pesquisador Cient\u00edfico, em 8 de junho, marca a funda\u00e7\u00e3o da Sociedade Brasileira para o Progresso da Ci\u00eancia (SBPC), mas vai muito al\u00e9m de uma lembran\u00e7a hist\u00f3rica. \u00c9 uma data para refletirmos sobre a import\u00e2ncia da ci\u00eancia como for\u00e7a transformadora da sociedade e instrumento fundamental para salvar vidas, gerar [&hellip;]<\/p>\n","protected":false},"author":1,"featured_media":38155,"comment_status":"open","ping_status":"open","sticky":false,"template":"","format":"standard","meta":{"footnotes":""},"categories":[1],"tags":[],"class_list":["post-38147","post","type-post","status-publish","format-standard","has-post-thumbnail","hentry","category-sem-categoria"],"yoast_head":"<!-- This site is optimized with the Yoast SEO plugin v26.9 - https:\/\/yoast.com\/product\/yoast-seo-wordpress\/ -->\n<title>Instituto M\u00e1rio Penna celebra dia nacional da ci\u00eancia com avan\u00e7os em pesquisa e inova\u00e7\u00e3o oncol\u00f3gica - Federassantas<\/title>\n<meta name=\"robots\" content=\"index, follow, max-snippet:-1, max-image-preview:large, max-video-preview:-1\" \/>\n<link rel=\"canonical\" href=\"https:\/\/www.federassantas.org.br\/novosite\/instituto-mario-penna-celebra-o-hospital-comemora-dia-nacional-da-ciencia-com-avancos-em-pesquisa-e-inovacao-oncologica\/\" \/>\n<meta property=\"og:locale\" content=\"pt_BR\" \/>\n<meta property=\"og:type\" content=\"article\" \/>\n<meta property=\"og:title\" content=\"Instituto M\u00e1rio Penna celebra dia nacional da ci\u00eancia com avan\u00e7os em pesquisa e inova\u00e7\u00e3o oncol\u00f3gica - Federassantas\" \/>\n<meta property=\"og:description\" content=\"O Dia Nacional da Ci\u00eancia e do Pesquisador Cient\u00edfico, em 8 de junho, marca a funda\u00e7\u00e3o da Sociedade Brasileira para o Progresso da Ci\u00eancia (SBPC), mas vai muito al\u00e9m de uma lembran\u00e7a hist\u00f3rica. \u00c9 uma data para refletirmos sobre a import\u00e2ncia da ci\u00eancia como for\u00e7a transformadora da sociedade e instrumento fundamental para salvar vidas, gerar [&hellip;]\" \/>\n<meta property=\"og:url\" content=\"https:\/\/www.federassantas.org.br\/novosite\/instituto-mario-penna-celebra-o-hospital-comemora-dia-nacional-da-ciencia-com-avancos-em-pesquisa-e-inovacao-oncologica\/\" \/>\n<meta property=\"og:site_name\" content=\"Federassantas\" \/>\n<meta property=\"article:published_time\" content=\"2025-07-07T15:11:34+00:00\" \/>\n<meta property=\"og:image\" content=\"https:\/\/www.federassantas.org.br\/novosite\/wp-content\/uploads\/2025\/07\/TAMANHO-PARA-BANNER-SITE-9.png\" \/>\n\t<meta property=\"og:image:width\" content=\"1120\" \/>\n\t<meta property=\"og:image:height\" content=\"730\" \/>\n\t<meta property=\"og:image:type\" content=\"image\/png\" \/>\n<meta name=\"author\" content=\"admin-federas\" \/>\n<meta name=\"twitter:card\" content=\"summary_large_image\" \/>\n<meta name=\"twitter:label1\" content=\"Escrito por\" \/>\n\t<meta name=\"twitter:data1\" content=\"admin-federas\" \/>\n\t<meta name=\"twitter:label2\" content=\"Est. tempo de leitura\" \/>\n\t<meta name=\"twitter:data2\" content=\"3 minutos\" \/>\n<script type=\"application\/ld+json\" class=\"yoast-schema-graph\">{\"@context\":\"https:\/\/schema.org\",\"@graph\":[{\"@type\":\"Article\",\"@id\":\"https:\/\/www.federassantas.org.br\/novosite\/instituto-mario-penna-celebra-o-hospital-comemora-dia-nacional-da-ciencia-com-avancos-em-pesquisa-e-inovacao-oncologica\/#article\",\"isPartOf\":{\"@id\":\"https:\/\/www.federassantas.org.br\/novosite\/instituto-mario-penna-celebra-o-hospital-comemora-dia-nacional-da-ciencia-com-avancos-em-pesquisa-e-inovacao-oncologica\/\"},\"author\":{\"name\":\"admin-federas\",\"@id\":\"https:\/\/www.federassantas.org.br\/novosite\/#\/schema\/person\/75fed98158349313fe56175f232f513c\"},\"headline\":\"Instituto M\u00e1rio Penna celebra dia nacional da ci\u00eancia com avan\u00e7os em pesquisa e inova\u00e7\u00e3o oncol\u00f3gica\",\"datePublished\":\"2025-07-07T15:11:34+00:00\",\"mainEntityOfPage\":{\"@id\":\"https:\/\/www.federassantas.org.br\/novosite\/instituto-mario-penna-celebra-o-hospital-comemora-dia-nacional-da-ciencia-com-avancos-em-pesquisa-e-inovacao-oncologica\/\"},\"wordCount\":492,\"commentCount\":0,\"publisher\":{\"@id\":\"https:\/\/www.federassantas.org.br\/novosite\/#organization\"},\"image\":{\"@id\":\"https:\/\/www.federassantas.org.br\/novosite\/instituto-mario-penna-celebra-o-hospital-comemora-dia-nacional-da-ciencia-com-avancos-em-pesquisa-e-inovacao-oncologica\/#primaryimage\"},\"thumbnailUrl\":\"https:\/\/www.federassantas.org.br\/novosite\/wp-content\/uploads\/2025\/07\/TAMANHO-PARA-BANNER-SITE-9.png\",\"inLanguage\":\"pt-BR\",\"potentialAction\":[{\"@type\":\"CommentAction\",\"name\":\"Comment\",\"target\":[\"https:\/\/www.federassantas.org.br\/novosite\/instituto-mario-penna-celebra-o-hospital-comemora-dia-nacional-da-ciencia-com-avancos-em-pesquisa-e-inovacao-oncologica\/#respond\"]}]},{\"@type\":\"WebPage\",\"@id\":\"https:\/\/www.federassantas.org.br\/novosite\/instituto-mario-penna-celebra-o-hospital-comemora-dia-nacional-da-ciencia-com-avancos-em-pesquisa-e-inovacao-oncologica\/\",\"url\":\"https:\/\/www.federassantas.org.br\/novosite\/instituto-mario-penna-celebra-o-hospital-comemora-dia-nacional-da-ciencia-com-avancos-em-pesquisa-e-inovacao-oncologica\/\",\"name\":\"Instituto M\u00e1rio Penna celebra dia nacional da ci\u00eancia com avan\u00e7os em pesquisa e inova\u00e7\u00e3o oncol\u00f3gica - Federassantas\",\"isPartOf\":{\"@id\":\"https:\/\/www.federassantas.org.br\/novosite\/#website\"},\"primaryImageOfPage\":{\"@id\":\"https:\/\/www.federassantas.org.br\/novosite\/instituto-mario-penna-celebra-o-hospital-comemora-dia-nacional-da-ciencia-com-avancos-em-pesquisa-e-inovacao-oncologica\/#primaryimage\"},\"image\":{\"@id\":\"https:\/\/www.federassantas.org.br\/novosite\/instituto-mario-penna-celebra-o-hospital-comemora-dia-nacional-da-ciencia-com-avancos-em-pesquisa-e-inovacao-oncologica\/#primaryimage\"},\"thumbnailUrl\":\"https:\/\/www.federassantas.org.br\/novosite\/wp-content\/uploads\/2025\/07\/TAMANHO-PARA-BANNER-SITE-9.png\",\"datePublished\":\"2025-07-07T15:11:34+00:00\",\"breadcrumb\":{\"@id\":\"https:\/\/www.federassantas.org.br\/novosite\/instituto-mario-penna-celebra-o-hospital-comemora-dia-nacional-da-ciencia-com-avancos-em-pesquisa-e-inovacao-oncologica\/#breadcrumb\"},\"inLanguage\":\"pt-BR\",\"potentialAction\":[{\"@type\":\"ReadAction\",\"target\":[\"https:\/\/www.federassantas.org.br\/novosite\/instituto-mario-penna-celebra-o-hospital-comemora-dia-nacional-da-ciencia-com-avancos-em-pesquisa-e-inovacao-oncologica\/\"]}]},{\"@type\":\"ImageObject\",\"inLanguage\":\"pt-BR\",\"@id\":\"https:\/\/www.federassantas.org.br\/novosite\/instituto-mario-penna-celebra-o-hospital-comemora-dia-nacional-da-ciencia-com-avancos-em-pesquisa-e-inovacao-oncologica\/#primaryimage\",\"url\":\"https:\/\/www.federassantas.org.br\/novosite\/wp-content\/uploads\/2025\/07\/TAMANHO-PARA-BANNER-SITE-9.png\",\"contentUrl\":\"https:\/\/www.federassantas.org.br\/novosite\/wp-content\/uploads\/2025\/07\/TAMANHO-PARA-BANNER-SITE-9.png\",\"width\":1120,\"height\":730},{\"@type\":\"BreadcrumbList\",\"@id\":\"https:\/\/www.federassantas.org.br\/novosite\/instituto-mario-penna-celebra-o-hospital-comemora-dia-nacional-da-ciencia-com-avancos-em-pesquisa-e-inovacao-oncologica\/#breadcrumb\",\"itemListElement\":[{\"@type\":\"ListItem\",\"position\":1,\"name\":\"In\u00edcio\",\"item\":\"https:\/\/www.federassantas.org.br\/novosite\/\"},{\"@type\":\"ListItem\",\"position\":2,\"name\":\"Instituto M\u00e1rio Penna celebra dia nacional da ci\u00eancia com avan\u00e7os em pesquisa e inova\u00e7\u00e3o oncol\u00f3gica\"}]},{\"@type\":\"WebSite\",\"@id\":\"https:\/\/www.federassantas.org.br\/novosite\/#website\",\"url\":\"https:\/\/www.federassantas.org.br\/novosite\/\",\"name\":\"Federassantas\",\"description\":\"Fed. das Santas Casas e Hospitais Filantr\u00f3picos de MG\",\"publisher\":{\"@id\":\"https:\/\/www.federassantas.org.br\/novosite\/#organization\"},\"potentialAction\":[{\"@type\":\"SearchAction\",\"target\":{\"@type\":\"EntryPoint\",\"urlTemplate\":\"https:\/\/www.federassantas.org.br\/novosite\/?s={search_term_string}\"},\"query-input\":{\"@type\":\"PropertyValueSpecification\",\"valueRequired\":true,\"valueName\":\"search_term_string\"}}],\"inLanguage\":\"pt-BR\"},{\"@type\":\"Organization\",\"@id\":\"https:\/\/www.federassantas.org.br\/novosite\/#organization\",\"name\":\"Federassantas\",\"url\":\"https:\/\/www.federassantas.org.br\/novosite\/\",\"logo\":{\"@type\":\"ImageObject\",\"inLanguage\":\"pt-BR\",\"@id\":\"https:\/\/www.federassantas.org.br\/novosite\/#\/schema\/logo\/image\/\",\"url\":\"https:\/\/www.federassantas.org.br\/novosite\/wp-content\/uploads\/2021\/12\/logo.png\",\"contentUrl\":\"https:\/\/www.federassantas.org.br\/novosite\/wp-content\/uploads\/2021\/12\/logo.png\",\"width\":243,\"height\":59,\"caption\":\"Federassantas\"},\"image\":{\"@id\":\"https:\/\/www.federassantas.org.br\/novosite\/#\/schema\/logo\/image\/\"}},{\"@type\":\"Person\",\"@id\":\"https:\/\/www.federassantas.org.br\/novosite\/#\/schema\/person\/75fed98158349313fe56175f232f513c\",\"name\":\"admin-federas\",\"image\":{\"@type\":\"ImageObject\",\"inLanguage\":\"pt-BR\",\"@id\":\"https:\/\/www.federassantas.org.br\/novosite\/#\/schema\/person\/image\/\",\"url\":\"https:\/\/secure.gravatar.com\/avatar\/2a02d7dda59fe8dc6b7ffd3f652e2efede5ccf0dd89dfdc8137c5517f3de8407?s=96&d=mm&r=g\",\"contentUrl\":\"https:\/\/secure.gravatar.com\/avatar\/2a02d7dda59fe8dc6b7ffd3f652e2efede5ccf0dd89dfdc8137c5517f3de8407?s=96&d=mm&r=g\",\"caption\":\"admin-federas\"},\"sameAs\":[\"https:\/\/www.federassantas.org.br\/novosite\/\"],\"url\":\"https:\/\/www.federassantas.org.br\/novosite\/author\/admin-federas\/\"}]}<\/script>\n<!-- \/ Yoast SEO plugin. -->","yoast_head_json":{"title":"Instituto M\u00e1rio Penna celebra dia nacional da ci\u00eancia com avan\u00e7os em pesquisa e inova\u00e7\u00e3o oncol\u00f3gica - Federassantas","robots":{"index":"index","follow":"follow","max-snippet":"max-snippet:-1","max-image-preview":"max-image-preview:large","max-video-preview":"max-video-preview:-1"},"canonical":"https:\/\/www.federassantas.org.br\/novosite\/instituto-mario-penna-celebra-o-hospital-comemora-dia-nacional-da-ciencia-com-avancos-em-pesquisa-e-inovacao-oncologica\/","og_locale":"pt_BR","og_type":"article","og_title":"Instituto M\u00e1rio Penna celebra dia nacional da ci\u00eancia com avan\u00e7os em pesquisa e inova\u00e7\u00e3o oncol\u00f3gica - Federassantas","og_description":"O Dia Nacional da Ci\u00eancia e do Pesquisador Cient\u00edfico, em 8 de junho, marca a funda\u00e7\u00e3o da Sociedade Brasileira para o Progresso da Ci\u00eancia (SBPC), mas vai muito al\u00e9m de uma lembran\u00e7a hist\u00f3rica. \u00c9 uma data para refletirmos sobre a import\u00e2ncia da ci\u00eancia como for\u00e7a transformadora da sociedade e instrumento fundamental para salvar vidas, gerar [&hellip;]","og_url":"https:\/\/www.federassantas.org.br\/novosite\/instituto-mario-penna-celebra-o-hospital-comemora-dia-nacional-da-ciencia-com-avancos-em-pesquisa-e-inovacao-oncologica\/","og_site_name":"Federassantas","article_published_time":"2025-07-07T15:11:34+00:00","og_image":[{"width":1120,"height":730,"url":"https:\/\/www.federassantas.org.br\/novosite\/wp-content\/uploads\/2025\/07\/TAMANHO-PARA-BANNER-SITE-9.png","type":"image\/png"}],"author":"admin-federas","twitter_card":"summary_large_image","twitter_misc":{"Escrito por":"admin-federas","Est. tempo de leitura":"3 minutos"},"schema":{"@context":"https:\/\/schema.org","@graph":[{"@type":"Article","@id":"https:\/\/www.federassantas.org.br\/novosite\/instituto-mario-penna-celebra-o-hospital-comemora-dia-nacional-da-ciencia-com-avancos-em-pesquisa-e-inovacao-oncologica\/#article","isPartOf":{"@id":"https:\/\/www.federassantas.org.br\/novosite\/instituto-mario-penna-celebra-o-hospital-comemora-dia-nacional-da-ciencia-com-avancos-em-pesquisa-e-inovacao-oncologica\/"},"author":{"name":"admin-federas","@id":"https:\/\/www.federassantas.org.br\/novosite\/#\/schema\/person\/75fed98158349313fe56175f232f513c"},"headline":"Instituto M\u00e1rio Penna celebra dia nacional da ci\u00eancia com avan\u00e7os em pesquisa e inova\u00e7\u00e3o oncol\u00f3gica","datePublished":"2025-07-07T15:11:34+00:00","mainEntityOfPage":{"@id":"https:\/\/www.federassantas.org.br\/novosite\/instituto-mario-penna-celebra-o-hospital-comemora-dia-nacional-da-ciencia-com-avancos-em-pesquisa-e-inovacao-oncologica\/"},"wordCount":492,"commentCount":0,"publisher":{"@id":"https:\/\/www.federassantas.org.br\/novosite\/#organization"},"image":{"@id":"https:\/\/www.federassantas.org.br\/novosite\/instituto-mario-penna-celebra-o-hospital-comemora-dia-nacional-da-ciencia-com-avancos-em-pesquisa-e-inovacao-oncologica\/#primaryimage"},"thumbnailUrl":"https:\/\/www.federassantas.org.br\/novosite\/wp-content\/uploads\/2025\/07\/TAMANHO-PARA-BANNER-SITE-9.png","inLanguage":"pt-BR","potentialAction":[{"@type":"CommentAction","name":"Comment","target":["https:\/\/www.federassantas.org.br\/novosite\/instituto-mario-penna-celebra-o-hospital-comemora-dia-nacional-da-ciencia-com-avancos-em-pesquisa-e-inovacao-oncologica\/#respond"]}]},{"@type":"WebPage","@id":"https:\/\/www.federassantas.org.br\/novosite\/instituto-mario-penna-celebra-o-hospital-comemora-dia-nacional-da-ciencia-com-avancos-em-pesquisa-e-inovacao-oncologica\/","url":"https:\/\/www.federassantas.org.br\/novosite\/instituto-mario-penna-celebra-o-hospital-comemora-dia-nacional-da-ciencia-com-avancos-em-pesquisa-e-inovacao-oncologica\/","name":"Instituto M\u00e1rio Penna celebra dia nacional da ci\u00eancia com avan\u00e7os em pesquisa e inova\u00e7\u00e3o oncol\u00f3gica - Federassantas","isPartOf":{"@id":"https:\/\/www.federassantas.org.br\/novosite\/#website"},"primaryImageOfPage":{"@id":"https:\/\/www.federassantas.org.br\/novosite\/instituto-mario-penna-celebra-o-hospital-comemora-dia-nacional-da-ciencia-com-avancos-em-pesquisa-e-inovacao-oncologica\/#primaryimage"},"image":{"@id":"https:\/\/www.federassantas.org.br\/novosite\/instituto-mario-penna-celebra-o-hospital-comemora-dia-nacional-da-ciencia-com-avancos-em-pesquisa-e-inovacao-oncologica\/#primaryimage"},"thumbnailUrl":"https:\/\/www.federassantas.org.br\/novosite\/wp-content\/uploads\/2025\/07\/TAMANHO-PARA-BANNER-SITE-9.png","datePublished":"2025-07-07T15:11:34+00:00","breadcrumb":{"@id":"https:\/\/www.federassantas.org.br\/novosite\/instituto-mario-penna-celebra-o-hospital-comemora-dia-nacional-da-ciencia-com-avancos-em-pesquisa-e-inovacao-oncologica\/#breadcrumb"},"inLanguage":"pt-BR","potentialAction":[{"@type":"ReadAction","target":["https:\/\/www.federassantas.org.br\/novosite\/instituto-mario-penna-celebra-o-hospital-comemora-dia-nacional-da-ciencia-com-avancos-em-pesquisa-e-inovacao-oncologica\/"]}]},{"@type":"ImageObject","inLanguage":"pt-BR","@id":"https:\/\/www.federassantas.org.br\/novosite\/instituto-mario-penna-celebra-o-hospital-comemora-dia-nacional-da-ciencia-com-avancos-em-pesquisa-e-inovacao-oncologica\/#primaryimage","url":"https:\/\/www.federassantas.org.br\/novosite\/wp-content\/uploads\/2025\/07\/TAMANHO-PARA-BANNER-SITE-9.png","contentUrl":"https:\/\/www.federassantas.org.br\/novosite\/wp-content\/uploads\/2025\/07\/TAMANHO-PARA-BANNER-SITE-9.png","width":1120,"height":730},{"@type":"BreadcrumbList","@id":"https:\/\/www.federassantas.org.br\/novosite\/instituto-mario-penna-celebra-o-hospital-comemora-dia-nacional-da-ciencia-com-avancos-em-pesquisa-e-inovacao-oncologica\/#breadcrumb","itemListElement":[{"@type":"ListItem","position":1,"name":"In\u00edcio","item":"https:\/\/www.federassantas.org.br\/novosite\/"},{"@type":"ListItem","position":2,"name":"Instituto M\u00e1rio Penna celebra dia nacional da ci\u00eancia com avan\u00e7os em pesquisa e inova\u00e7\u00e3o oncol\u00f3gica"}]},{"@type":"WebSite","@id":"https:\/\/www.federassantas.org.br\/novosite\/#website","url":"https:\/\/www.federassantas.org.br\/novosite\/","name":"Federassantas","description":"Fed. das Santas Casas e Hospitais Filantr\u00f3picos de MG","publisher":{"@id":"https:\/\/www.federassantas.org.br\/novosite\/#organization"},"potentialAction":[{"@type":"SearchAction","target":{"@type":"EntryPoint","urlTemplate":"https:\/\/www.federassantas.org.br\/novosite\/?s={search_term_string}"},"query-input":{"@type":"PropertyValueSpecification","valueRequired":true,"valueName":"search_term_string"}}],"inLanguage":"pt-BR"},{"@type":"Organization","@id":"https:\/\/www.federassantas.org.br\/novosite\/#organization","name":"Federassantas","url":"https:\/\/www.federassantas.org.br\/novosite\/","logo":{"@type":"ImageObject","inLanguage":"pt-BR","@id":"https:\/\/www.federassantas.org.br\/novosite\/#\/schema\/logo\/image\/","url":"https:\/\/www.federassantas.org.br\/novosite\/wp-content\/uploads\/2021\/12\/logo.png","contentUrl":"https:\/\/www.federassantas.org.br\/novosite\/wp-content\/uploads\/2021\/12\/logo.png","width":243,"height":59,"caption":"Federassantas"},"image":{"@id":"https:\/\/www.federassantas.org.br\/novosite\/#\/schema\/logo\/image\/"}},{"@type":"Person","@id":"https:\/\/www.federassantas.org.br\/novosite\/#\/schema\/person\/75fed98158349313fe56175f232f513c","name":"admin-federas","image":{"@type":"ImageObject","inLanguage":"pt-BR","@id":"https:\/\/www.federassantas.org.br\/novosite\/#\/schema\/person\/image\/","url":"https:\/\/secure.gravatar.com\/avatar\/2a02d7dda59fe8dc6b7ffd3f652e2efede5ccf0dd89dfdc8137c5517f3de8407?s=96&d=mm&r=g","contentUrl":"https:\/\/secure.gravatar.com\/avatar\/2a02d7dda59fe8dc6b7ffd3f652e2efede5ccf0dd89dfdc8137c5517f3de8407?s=96&d=mm&r=g","caption":"admin-federas"},"sameAs":["https:\/\/www.federassantas.org.br\/novosite\/"],"url":"https:\/\/www.federassantas.org.br\/novosite\/author\/admin-federas\/"}]}},"_links":{"self":[{"href":"https:\/\/www.federassantas.org.br\/novosite\/wp-json\/wp\/v2\/posts\/38147","targetHints":{"allow":["GET"]}}],"collection":[{"href":"https:\/\/www.federassantas.org.br\/novosite\/wp-json\/wp\/v2\/posts"}],"about":[{"href":"https:\/\/www.federassantas.org.br\/novosite\/wp-json\/wp\/v2\/types\/post"}],"author":[{"embeddable":true,"href":"https:\/\/www.federassantas.org.br\/novosite\/wp-json\/wp\/v2\/users\/1"}],"replies":[{"embeddable":true,"href":"https:\/\/www.federassantas.org.br\/novosite\/wp-json\/wp\/v2\/comments?post=38147"}],"version-history":[{"count":5,"href":"https:\/\/www.federassantas.org.br\/novosite\/wp-json\/wp\/v2\/posts\/38147\/revisions"}],"predecessor-version":[{"id":38154,"href":"https:\/\/www.federassantas.org.br\/novosite\/wp-json\/wp\/v2\/posts\/38147\/revisions\/38154"}],"wp:featuredmedia":[{"embeddable":true,"href":"https:\/\/www.federassantas.org.br\/novosite\/wp-json\/wp\/v2\/media\/38155"}],"wp:attachment":[{"href":"https:\/\/www.federassantas.org.br\/novosite\/wp-json\/wp\/v2\/media?parent=38147"}],"wp:term":[{"taxonomy":"category","embeddable":true,"href":"https:\/\/www.federassantas.org.br\/novosite\/wp-json\/wp\/v2\/categories?post=38147"},{"taxonomy":"post_tag","embeddable":true,"href":"https:\/\/www.federassantas.org.br\/novosite\/wp-json\/wp\/v2\/tags?post=38147"}],"curies":[{"name":"wp","href":"https:\/\/api.w.org\/{rel}","templated":true}]}}